{"id":102166,"date":"2022-11-27T21:12:46","date_gmt":"2022-11-28T02:12:46","guid":{"rendered":"https:\/\/www.quebakan.com\/v15\/?p=102166"},"modified":"2022-11-27T21:12:46","modified_gmt":"2022-11-28T02:12:46","slug":"pronobis-se-conecta-con-la-fuerza-comercial-independiente-mas-importante-del-ecuador","status":"publish","type":"post","link":"https:\/\/www.quebakan.com\/v15\/pronobis-se-conecta-con-la-fuerza-comercial-independiente-mas-importante-del-ecuador\/","title":{"rendered":"PRONOBIS SE CONECTA CON LA FUERZA COMERCIAL INDEPENDIENTE M\u00c1S IMPORTANTE DEL ECUADOR"},"content":{"rendered":"<p><img fetchpriority=\"high\" decoding=\"async\" class=\"aligncenter size-full wp-image-102167\" src=\"https:\/\/www.quebakan.com\/v15\/wp-content\/uploads\/2022\/11\/e3bf8e40-ef82-4075-9605-a5e6be1a4ca0.jpg\" alt=\"\" width=\"700\" height=\"394\" \/><\/p>\n<p style=\"text-align: justify;\"><span style=\"color: #000000;\"><strong>PRONOBIS <\/strong>ha creado una novedosa herramienta para conectar a los principales Corredores Inmobiliarios del Pa\u00eds con la empresa, generando una <strong>Alianza Estrat\u00e9gica<\/strong> para comercializar sus proyectos.<\/span><\/p>\n<p style=\"text-align: justify;\"><span style=\"color: #000000;\">La APP \u2013 <strong>Red PRONOBIS<\/strong>, permite a los corredores inmobiliarios del pa\u00eds, acceder en <strong>Tiempo Real<\/strong>, a la informaci\u00f3n de todos los proyectos de la compa\u00f1\u00eda, Stock disponible, precios, planos, recorridos 3D, y todo el material publicitario de los proyectos, y pudiendo hacer reservas desde el celular con s\u00f3lo un <strong>Click<\/strong> y desde cualquier lugar.<\/span><\/p>\n<p style=\"text-align: justify;\"><span style=\"color: #000000;\">Los Corredores Inmobiliarios son una fuerza creciente, miles de profesionales, emprendedores, con vocaci\u00f3n comercial, en su mayor\u00eda mujeres, que han encontrado en la venta de inmuebles una forma de vida y de generaci\u00f3n de ingresos para sus hogares. Trabajan en Red, y su labor es conectar al comprador con el vendedor, satisfaciendo las necesidades de ambos.<\/span><\/p>\n<p style=\"text-align: justify;\"><span style=\"color: #000000;\">Como en otras ciudades del mundo como Miami, New York, Los \u00c1ngeles, entre otros; el crecimiento de esta fuerza comercial en Ecuador, y especialmente en Guayaquil, es impresionante, han aumentado su participaci\u00f3n en el mercado del 7% al 33% de las ventas inmobiliarias en los \u00faltimos 5 a\u00f1os.<\/span><\/p>\n<p style=\"text-align: justify;\"><span style=\"color: #000000;\">Son estas razones y el dinamismo del sector inmobiliario, lo que ha motivado a <strong>PRONOBIS <\/strong>a crear esta herramienta para trabajar con esta importante fuerza comercial. \u201cEstamos tendiendo un puente entre nuestros productos y la red comercial m\u00e1s potente del Ecuador, y nos sentimos orgullosos de promover nuevas fuentes de ingreso para las familias ecuatorianas, apoyando el desarrollo del pa\u00eds\u201d, dijo Felipe Bernal, Gerente General de Pronobis.<\/span><\/p>\n<p style=\"text-align: justify;\"><span style=\"color: #000000;\">Cuando se le pregunt\u00f3 al representante de PRONOBIS por la expectativa en ventas que espera generar con esta Alianza \u2013 Red Pronobis, el Gerente respondi\u00f3: \u201cPRONOBIS tiene hoy diversos proyectos con potencial de ventas por encima de los <strong>$500 millones<\/strong>, con todas las tipolog\u00edas: vivienda, comercio, consultorios y oficinas, y crear proyectos es nuestra pasi\u00f3n, as\u00ed que con esta Alianza las ventas no tienen l\u00edmite, todos ganan, el cliente, el corredor, el promotor y el pa\u00eds, por el desarrollo econ\u00f3mico y social que la industria genera\u201d.<\/span><\/p>\n<p style=\"text-align: justify;\"><span style=\"color: #000000;\">La<strong> Red Pronobis<\/strong>, est\u00e1 hoy disponible para dispositivos IOS y Android, tiene un dise\u00f1o amigable y funcional, y se pueden conectar todos los Corredores Inmobiliarios que deseen comercializar proyectos de la empresa, previa verificaci\u00f3n de datos por parte de PRONOBIS.<\/span><\/p>\n<p style=\"text-align: justify;\"><span style=\"color: #000000;\">Con 25 a\u00f1os de trayectoria, PRONOBIS, contin\u00faa innovando y aportando al desarrollo econ\u00f3mico y social del Ecuador.<\/span><\/p>\n<p style=\"text-align: justify;\"><span style=\"color: #000000;\"><strong>Para mayor informaci\u00f3n y obtener acceso a la Red Pronobis:<\/strong><\/span><\/p>\n<p style=\"text-align: justify;\"><span style=\"color: #000000;\"><a style=\"color: #000000;\" href=\"https:\/\/pronobis.com.ec\/red-pronobis\/\">https:\/\/pronobis.com.ec\/red-pronobis\/<\/a><\/span><\/p>\n<p><img decoding=\"async\" class=\"aligncenter size-full wp-image-102168\" src=\"https:\/\/www.quebakan.com\/v15\/wp-content\/uploads\/2022\/11\/bd6f6f63-d7b1-4daf-9f48-2ac222f6277a.jpg\" alt=\"\" width=\"700\" height=\"394\" \/><\/p>\n<p>&nbsp;<\/p>\n<p><img decoding=\"async\" class=\"aligncenter size-full wp-image-102169\" src=\"https:\/\/www.quebakan.com\/v15\/wp-content\/uploads\/2022\/11\/a81d09dc-3b40-4d0c-817b-3ccbf74f0f48.jpg\" alt=\"\" width=\"375\" height=\"750\" \/><\/p>\n","protected":false},"excerpt":{"rendered":"<p>PRONOBIS ha creado una novedosa herramienta para conectar a los principales Corredores Inmobiliarios del Pa\u00eds con la empresa, generando una Alianza Estrat\u00e9gica para comercializar sus proyectos. La APP \u2013 Red PRONOBIS, permite a los corredores inmobiliarios del pa\u00eds, acceder en Tiempo Real, a la informaci\u00f3n de todos los proyectos de la compa\u00f1\u00eda, Stock disponible, precios, [&hellip;]<\/p>\n","protected":false},"author":4,"featured_media":102167,"comment_status":"open","ping_status":"open","sticky":false,"template":"","format":"standard","meta":{"_bbp_topic_count":0,"_bbp_reply_count":0,"_bbp_total_topic_count":0,"_bbp_total_reply_count":0,"_bbp_voice_count":0,"_bbp_anonymous_reply_count":0,"_bbp_topic_count_hidden":0,"_bbp_reply_count_hidden":0,"_bbp_forum_subforum_count":0,"buzzeditor_post_format":"","footnotes":""},"categories":[334],"tags":[],"class_list":["post-102166","post","type-post","status-publish","format-standard","has-post-thumbnail","hentry","category-empresarial"],"yoast_head":"<!-- This site is optimized with the Yoast SEO plugin v27.5 - https:\/\/yoast.com\/product\/yoast-seo-wordpress\/ -->\n<title>PRONOBIS SE CONECTA CON LA FUERZA COMERCIAL INDEPENDIENTE M\u00c1S IMPORTANTE DEL ECUADOR &#8211; QUEBAKAN.COM 2026: Noticias, Eventos, Conciertos y mucho m\u00e1s....<\/title>\n<meta name=\"robots\" content=\"index, follow, max-snippet:-1, max-image-preview:large, max-video-preview:-1\" \/>\n<link rel=\"canonical\" href=\"https:\/\/www.quebakan.com\/v15\/pronobis-se-conecta-con-la-fuerza-comercial-independiente-mas-importante-del-ecuador\/\" \/>\n<meta property=\"og:locale\" content=\"es_ES\" \/>\n<meta property=\"og:type\" content=\"article\" \/>\n<meta property=\"og:title\" content=\"PRONOBIS SE CONECTA CON LA FUERZA COMERCIAL INDEPENDIENTE M\u00c1S IMPORTANTE DEL ECUADOR &#8211; QUEBAKAN.COM 2026: Noticias, Eventos, Conciertos y mucho m\u00e1s....\" \/>\n<meta property=\"og:description\" content=\"PRONOBIS ha creado una novedosa herramienta para conectar a los principales Corredores Inmobiliarios del Pa\u00eds con la empresa, generando una Alianza Estrat\u00e9gica para comercializar sus proyectos. La APP \u2013 Red PRONOBIS, permite a los corredores inmobiliarios del pa\u00eds, acceder en Tiempo Real, a la informaci\u00f3n de todos los proyectos de la compa\u00f1\u00eda, Stock disponible, precios, [&hellip;]\" \/>\n<meta property=\"og:url\" content=\"https:\/\/www.quebakan.com\/v15\/pronobis-se-conecta-con-la-fuerza-comercial-independiente-mas-importante-del-ecuador\/\" \/>\n<meta property=\"og:site_name\" content=\"QUEBAKAN.COM 2026: Noticias, Eventos, Conciertos y mucho m\u00e1s....\" \/>\n<meta property=\"article:publisher\" content=\"http:\/\/www.facebook.com\/quebakan\" \/>\n<meta property=\"article:published_time\" content=\"2022-11-28T02:12:46+00:00\" \/>\n<meta property=\"og:image\" content=\"https:\/\/www.quebakan.com\/v15\/wp-content\/uploads\/2022\/11\/e3bf8e40-ef82-4075-9605-a5e6be1a4ca0.jpg\" \/>\n\t<meta property=\"og:image:width\" content=\"700\" \/>\n\t<meta property=\"og:image:height\" content=\"394\" \/>\n\t<meta property=\"og:image:type\" content=\"image\/jpeg\" \/>\n<meta name=\"author\" content=\"Erick Villafuerte\" \/>\n<meta name=\"twitter:card\" content=\"summary_large_image\" \/>\n<meta name=\"twitter:creator\" content=\"@quebakanec\" \/>\n<meta name=\"twitter:site\" content=\"@quebakanec\" \/>\n<meta name=\"twitter:label1\" content=\"Escrito por\" \/>\n\t<meta name=\"twitter:data1\" content=\"Erick Villafuerte\" \/>\n\t<meta name=\"twitter:label2\" content=\"Tiempo de lectura\" \/>\n\t<meta name=\"twitter:data2\" content=\"3 minutos\" \/>\n<script type=\"application\/ld+json\" class=\"yoast-schema-graph\">{\"@context\":\"https:\\\/\\\/schema.org\",\"@graph\":[{\"@type\":\"Article\",\"@id\":\"https:\\\/\\\/www.quebakan.com\\\/v15\\\/pronobis-se-conecta-con-la-fuerza-comercial-independiente-mas-importante-del-ecuador\\\/#article\",\"isPartOf\":{\"@id\":\"https:\\\/\\\/www.quebakan.com\\\/v15\\\/pronobis-se-conecta-con-la-fuerza-comercial-independiente-mas-importante-del-ecuador\\\/\"},\"author\":{\"name\":\"Erick Villafuerte\",\"@id\":\"https:\\\/\\\/www.quebakan.com\\\/v15\\\/#\\\/schema\\\/person\\\/d90fa9f9cfa81eb8ace9811e5b7b9118\"},\"headline\":\"PRONOBIS SE CONECTA CON LA FUERZA COMERCIAL INDEPENDIENTE M\u00c1S IMPORTANTE DEL ECUADOR\",\"datePublished\":\"2022-11-28T02:12:46+00:00\",\"mainEntityOfPage\":{\"@id\":\"https:\\\/\\\/www.quebakan.com\\\/v15\\\/pronobis-se-conecta-con-la-fuerza-comercial-independiente-mas-importante-del-ecuador\\\/\"},\"wordCount\":441,\"commentCount\":0,\"publisher\":{\"@id\":\"https:\\\/\\\/www.quebakan.com\\\/v15\\\/#organization\"},\"image\":{\"@id\":\"https:\\\/\\\/www.quebakan.com\\\/v15\\\/pronobis-se-conecta-con-la-fuerza-comercial-independiente-mas-importante-del-ecuador\\\/#primaryimage\"},\"thumbnailUrl\":\"https:\\\/\\\/www.quebakan.com\\\/v15\\\/wp-content\\\/uploads\\\/2022\\\/11\\\/e3bf8e40-ef82-4075-9605-a5e6be1a4ca0.jpg\",\"articleSection\":[\"Empresarial\"],\"inLanguage\":\"es\"},{\"@type\":\"WebPage\",\"@id\":\"https:\\\/\\\/www.quebakan.com\\\/v15\\\/pronobis-se-conecta-con-la-fuerza-comercial-independiente-mas-importante-del-ecuador\\\/\",\"url\":\"https:\\\/\\\/www.quebakan.com\\\/v15\\\/pronobis-se-conecta-con-la-fuerza-comercial-independiente-mas-importante-del-ecuador\\\/\",\"name\":\"PRONOBIS SE CONECTA CON LA FUERZA COMERCIAL INDEPENDIENTE M\u00c1S IMPORTANTE DEL ECUADOR &#8211; QUEBAKAN.COM 2026: Noticias, Eventos, Conciertos y mucho m\u00e1s....\",\"isPartOf\":{\"@id\":\"https:\\\/\\\/www.quebakan.com\\\/v15\\\/#website\"},\"primaryImageOfPage\":{\"@id\":\"https:\\\/\\\/www.quebakan.com\\\/v15\\\/pronobis-se-conecta-con-la-fuerza-comercial-independiente-mas-importante-del-ecuador\\\/#primaryimage\"},\"image\":{\"@id\":\"https:\\\/\\\/www.quebakan.com\\\/v15\\\/pronobis-se-conecta-con-la-fuerza-comercial-independiente-mas-importante-del-ecuador\\\/#primaryimage\"},\"thumbnailUrl\":\"https:\\\/\\\/www.quebakan.com\\\/v15\\\/wp-content\\\/uploads\\\/2022\\\/11\\\/e3bf8e40-ef82-4075-9605-a5e6be1a4ca0.jpg\",\"datePublished\":\"2022-11-28T02:12:46+00:00\",\"breadcrumb\":{\"@id\":\"https:\\\/\\\/www.quebakan.com\\\/v15\\\/pronobis-se-conecta-con-la-fuerza-comercial-independiente-mas-importante-del-ecuador\\\/#breadcrumb\"},\"inLanguage\":\"es\",\"potentialAction\":[{\"@type\":\"ReadAction\",\"target\":[\"https:\\\/\\\/www.quebakan.com\\\/v15\\\/pronobis-se-conecta-con-la-fuerza-comercial-independiente-mas-importante-del-ecuador\\\/\"]}]},{\"@type\":\"ImageObject\",\"inLanguage\":\"es\",\"@id\":\"https:\\\/\\\/www.quebakan.com\\\/v15\\\/pronobis-se-conecta-con-la-fuerza-comercial-independiente-mas-importante-del-ecuador\\\/#primaryimage\",\"url\":\"https:\\\/\\\/www.quebakan.com\\\/v15\\\/wp-content\\\/uploads\\\/2022\\\/11\\\/e3bf8e40-ef82-4075-9605-a5e6be1a4ca0.jpg\",\"contentUrl\":\"https:\\\/\\\/www.quebakan.com\\\/v15\\\/wp-content\\\/uploads\\\/2022\\\/11\\\/e3bf8e40-ef82-4075-9605-a5e6be1a4ca0.jpg\",\"width\":700,\"height\":394},{\"@type\":\"BreadcrumbList\",\"@id\":\"https:\\\/\\\/www.quebakan.com\\\/v15\\\/pronobis-se-conecta-con-la-fuerza-comercial-independiente-mas-importante-del-ecuador\\\/#breadcrumb\",\"itemListElement\":[{\"@type\":\"ListItem\",\"position\":1,\"name\":\"Portada\",\"item\":\"https:\\\/\\\/www.quebakan.com\\\/v15\\\/\"},{\"@type\":\"ListItem\",\"position\":2,\"name\":\"PRONOBIS SE CONECTA CON LA FUERZA COMERCIAL INDEPENDIENTE M\u00c1S IMPORTANTE DEL ECUADOR\"}]},{\"@type\":\"WebSite\",\"@id\":\"https:\\\/\\\/www.quebakan.com\\\/v15\\\/#website\",\"url\":\"https:\\\/\\\/www.quebakan.com\\\/v15\\\/\",\"name\":\"QUEBAKAN\",\"description\":\"..\",\"publisher\":{\"@id\":\"https:\\\/\\\/www.quebakan.com\\\/v15\\\/#organization\"},\"potentialAction\":[{\"@type\":\"SearchAction\",\"target\":{\"@type\":\"EntryPoint\",\"urlTemplate\":\"https:\\\/\\\/www.quebakan.com\\\/v15\\\/?s={search_term_string}\"},\"query-input\":{\"@type\":\"PropertyValueSpecification\",\"valueRequired\":true,\"valueName\":\"search_term_string\"}}],\"inLanguage\":\"es\"},{\"@type\":\"Organization\",\"@id\":\"https:\\\/\\\/www.quebakan.com\\\/v15\\\/#organization\",\"name\":\"Quebakan.com\",\"url\":\"https:\\\/\\\/www.quebakan.com\\\/v15\\\/\",\"logo\":{\"@type\":\"ImageObject\",\"inLanguage\":\"es\",\"@id\":\"https:\\\/\\\/www.quebakan.com\\\/v15\\\/#\\\/schema\\\/logo\\\/image\\\/\",\"url\":\"https:\\\/\\\/www.quebakan.com\\\/v15\\\/wp-content\\\/uploads\\\/2023\\\/07\\\/logoquebakanenero2021.jpg\",\"contentUrl\":\"https:\\\/\\\/www.quebakan.com\\\/v15\\\/wp-content\\\/uploads\\\/2023\\\/07\\\/logoquebakanenero2021.jpg\",\"width\":1920,\"height\":1080,\"caption\":\"Quebakan.com\"},\"image\":{\"@id\":\"https:\\\/\\\/www.quebakan.com\\\/v15\\\/#\\\/schema\\\/logo\\\/image\\\/\"},\"sameAs\":[\"http:\\\/\\\/www.facebook.com\\\/quebakan\",\"https:\\\/\\\/x.com\\\/quebakanec\",\"http:\\\/\\\/www.instagram.com\\\/quebakan\",\"http:\\\/\\\/www.youtube.com\\\/quebakan1\"]},{\"@type\":\"Person\",\"@id\":\"https:\\\/\\\/www.quebakan.com\\\/v15\\\/#\\\/schema\\\/person\\\/d90fa9f9cfa81eb8ace9811e5b7b9118\",\"name\":\"Erick Villafuerte\",\"image\":{\"@type\":\"ImageObject\",\"inLanguage\":\"es\",\"@id\":\"https:\\\/\\\/www.quebakan.com\\\/v15\\\/wp-content\\\/uploads\\\/avatars\\\/4\\\/1731297654-bpfull.png\",\"url\":\"https:\\\/\\\/www.quebakan.com\\\/v15\\\/wp-content\\\/uploads\\\/avatars\\\/4\\\/1731297654-bpfull.png\",\"contentUrl\":\"https:\\\/\\\/www.quebakan.com\\\/v15\\\/wp-content\\\/uploads\\\/avatars\\\/4\\\/1731297654-bpfull.png\",\"caption\":\"Erick Villafuerte\"}}]}<\/script>\n<!-- \/ Yoast SEO plugin. -->","yoast_head_json":{"title":"PRONOBIS SE CONECTA CON LA FUERZA COMERCIAL INDEPENDIENTE M\u00c1S IMPORTANTE DEL ECUADOR &#8211; QUEBAKAN.COM 2026: Noticias, Eventos, Conciertos y mucho m\u00e1s....","robots":{"index":"index","follow":"follow","max-snippet":"max-snippet:-1","max-image-preview":"max-image-preview:large","max-video-preview":"max-video-preview:-1"},"canonical":"https:\/\/www.quebakan.com\/v15\/pronobis-se-conecta-con-la-fuerza-comercial-independiente-mas-importante-del-ecuador\/","og_locale":"es_ES","og_type":"article","og_title":"PRONOBIS SE CONECTA CON LA FUERZA COMERCIAL INDEPENDIENTE M\u00c1S IMPORTANTE DEL ECUADOR &#8211; QUEBAKAN.COM 2026: Noticias, Eventos, Conciertos y mucho m\u00e1s....","og_description":"PRONOBIS ha creado una novedosa herramienta para conectar a los principales Corredores Inmobiliarios del Pa\u00eds con la empresa, generando una Alianza Estrat\u00e9gica para comercializar sus proyectos. La APP \u2013 Red PRONOBIS, permite a los corredores inmobiliarios del pa\u00eds, acceder en Tiempo Real, a la informaci\u00f3n de todos los proyectos de la compa\u00f1\u00eda, Stock disponible, precios, [&hellip;]","og_url":"https:\/\/www.quebakan.com\/v15\/pronobis-se-conecta-con-la-fuerza-comercial-independiente-mas-importante-del-ecuador\/","og_site_name":"QUEBAKAN.COM 2026: Noticias, Eventos, Conciertos y mucho m\u00e1s....","article_publisher":"http:\/\/www.facebook.com\/quebakan","article_published_time":"2022-11-28T02:12:46+00:00","og_image":[{"width":700,"height":394,"url":"https:\/\/www.quebakan.com\/v15\/wp-content\/uploads\/2022\/11\/e3bf8e40-ef82-4075-9605-a5e6be1a4ca0.jpg","type":"image\/jpeg"}],"author":"Erick Villafuerte","twitter_card":"summary_large_image","twitter_creator":"@quebakanec","twitter_site":"@quebakanec","twitter_misc":{"Escrito por":"Erick Villafuerte","Tiempo de lectura":"3 minutos"},"schema":{"@context":"https:\/\/schema.org","@graph":[{"@type":"Article","@id":"https:\/\/www.quebakan.com\/v15\/pronobis-se-conecta-con-la-fuerza-comercial-independiente-mas-importante-del-ecuador\/#article","isPartOf":{"@id":"https:\/\/www.quebakan.com\/v15\/pronobis-se-conecta-con-la-fuerza-comercial-independiente-mas-importante-del-ecuador\/"},"author":{"name":"Erick Villafuerte","@id":"https:\/\/www.quebakan.com\/v15\/#\/schema\/person\/d90fa9f9cfa81eb8ace9811e5b7b9118"},"headline":"PRONOBIS SE CONECTA CON LA FUERZA COMERCIAL INDEPENDIENTE M\u00c1S IMPORTANTE DEL ECUADOR","datePublished":"2022-11-28T02:12:46+00:00","mainEntityOfPage":{"@id":"https:\/\/www.quebakan.com\/v15\/pronobis-se-conecta-con-la-fuerza-comercial-independiente-mas-importante-del-ecuador\/"},"wordCount":441,"commentCount":0,"publisher":{"@id":"https:\/\/www.quebakan.com\/v15\/#organization"},"image":{"@id":"https:\/\/www.quebakan.com\/v15\/pronobis-se-conecta-con-la-fuerza-comercial-independiente-mas-importante-del-ecuador\/#primaryimage"},"thumbnailUrl":"https:\/\/www.quebakan.com\/v15\/wp-content\/uploads\/2022\/11\/e3bf8e40-ef82-4075-9605-a5e6be1a4ca0.jpg","articleSection":["Empresarial"],"inLanguage":"es"},{"@type":"WebPage","@id":"https:\/\/www.quebakan.com\/v15\/pronobis-se-conecta-con-la-fuerza-comercial-independiente-mas-importante-del-ecuador\/","url":"https:\/\/www.quebakan.com\/v15\/pronobis-se-conecta-con-la-fuerza-comercial-independiente-mas-importante-del-ecuador\/","name":"PRONOBIS SE CONECTA CON LA FUERZA COMERCIAL INDEPENDIENTE M\u00c1S IMPORTANTE DEL ECUADOR &#8211; QUEBAKAN.COM 2026: Noticias, Eventos, Conciertos y mucho m\u00e1s....","isPartOf":{"@id":"https:\/\/www.quebakan.com\/v15\/#website"},"primaryImageOfPage":{"@id":"https:\/\/www.quebakan.com\/v15\/pronobis-se-conecta-con-la-fuerza-comercial-independiente-mas-importante-del-ecuador\/#primaryimage"},"image":{"@id":"https:\/\/www.quebakan.com\/v15\/pronobis-se-conecta-con-la-fuerza-comercial-independiente-mas-importante-del-ecuador\/#primaryimage"},"thumbnailUrl":"https:\/\/www.quebakan.com\/v15\/wp-content\/uploads\/2022\/11\/e3bf8e40-ef82-4075-9605-a5e6be1a4ca0.jpg","datePublished":"2022-11-28T02:12:46+00:00","breadcrumb":{"@id":"https:\/\/www.quebakan.com\/v15\/pronobis-se-conecta-con-la-fuerza-comercial-independiente-mas-importante-del-ecuador\/#breadcrumb"},"inLanguage":"es","potentialAction":[{"@type":"ReadAction","target":["https:\/\/www.quebakan.com\/v15\/pronobis-se-conecta-con-la-fuerza-comercial-independiente-mas-importante-del-ecuador\/"]}]},{"@type":"ImageObject","inLanguage":"es","@id":"https:\/\/www.quebakan.com\/v15\/pronobis-se-conecta-con-la-fuerza-comercial-independiente-mas-importante-del-ecuador\/#primaryimage","url":"https:\/\/www.quebakan.com\/v15\/wp-content\/uploads\/2022\/11\/e3bf8e40-ef82-4075-9605-a5e6be1a4ca0.jpg","contentUrl":"https:\/\/www.quebakan.com\/v15\/wp-content\/uploads\/2022\/11\/e3bf8e40-ef82-4075-9605-a5e6be1a4ca0.jpg","width":700,"height":394},{"@type":"BreadcrumbList","@id":"https:\/\/www.quebakan.com\/v15\/pronobis-se-conecta-con-la-fuerza-comercial-independiente-mas-importante-del-ecuador\/#breadcrumb","itemListElement":[{"@type":"ListItem","position":1,"name":"Portada","item":"https:\/\/www.quebakan.com\/v15\/"},{"@type":"ListItem","position":2,"name":"PRONOBIS SE CONECTA CON LA FUERZA COMERCIAL INDEPENDIENTE M\u00c1S IMPORTANTE DEL ECUADOR"}]},{"@type":"WebSite","@id":"https:\/\/www.quebakan.com\/v15\/#website","url":"https:\/\/www.quebakan.com\/v15\/","name":"QUEBAKAN","description":"..","publisher":{"@id":"https:\/\/www.quebakan.com\/v15\/#organization"},"potentialAction":[{"@type":"SearchAction","target":{"@type":"EntryPoint","urlTemplate":"https:\/\/www.quebakan.com\/v15\/?s={search_term_string}"},"query-input":{"@type":"PropertyValueSpecification","valueRequired":true,"valueName":"search_term_string"}}],"inLanguage":"es"},{"@type":"Organization","@id":"https:\/\/www.quebakan.com\/v15\/#organization","name":"Quebakan.com","url":"https:\/\/www.quebakan.com\/v15\/","logo":{"@type":"ImageObject","inLanguage":"es","@id":"https:\/\/www.quebakan.com\/v15\/#\/schema\/logo\/image\/","url":"https:\/\/www.quebakan.com\/v15\/wp-content\/uploads\/2023\/07\/logoquebakanenero2021.jpg","contentUrl":"https:\/\/www.quebakan.com\/v15\/wp-content\/uploads\/2023\/07\/logoquebakanenero2021.jpg","width":1920,"height":1080,"caption":"Quebakan.com"},"image":{"@id":"https:\/\/www.quebakan.com\/v15\/#\/schema\/logo\/image\/"},"sameAs":["http:\/\/www.facebook.com\/quebakan","https:\/\/x.com\/quebakanec","http:\/\/www.instagram.com\/quebakan","http:\/\/www.youtube.com\/quebakan1"]},{"@type":"Person","@id":"https:\/\/www.quebakan.com\/v15\/#\/schema\/person\/d90fa9f9cfa81eb8ace9811e5b7b9118","name":"Erick Villafuerte","image":{"@type":"ImageObject","inLanguage":"es","@id":"https:\/\/www.quebakan.com\/v15\/wp-content\/uploads\/avatars\/4\/1731297654-bpfull.png","url":"https:\/\/www.quebakan.com\/v15\/wp-content\/uploads\/avatars\/4\/1731297654-bpfull.png","contentUrl":"https:\/\/www.quebakan.com\/v15\/wp-content\/uploads\/avatars\/4\/1731297654-bpfull.png","caption":"Erick Villafuerte"}}]}},"_links":{"self":[{"href":"https:\/\/www.quebakan.com\/v15\/wp-json\/wp\/v2\/posts\/102166","targetHints":{"allow":["GET"]}}],"collection":[{"href":"https:\/\/www.quebakan.com\/v15\/wp-json\/wp\/v2\/posts"}],"about":[{"href":"https:\/\/www.quebakan.com\/v15\/wp-json\/wp\/v2\/types\/post"}],"author":[{"embeddable":true,"href":"https:\/\/www.quebakan.com\/v15\/wp-json\/wp\/v2\/users\/4"}],"replies":[{"embeddable":true,"href":"https:\/\/www.quebakan.com\/v15\/wp-json\/wp\/v2\/comments?post=102166"}],"version-history":[{"count":1,"href":"https:\/\/www.quebakan.com\/v15\/wp-json\/wp\/v2\/posts\/102166\/revisions"}],"predecessor-version":[{"id":102170,"href":"https:\/\/www.quebakan.com\/v15\/wp-json\/wp\/v2\/posts\/102166\/revisions\/102170"}],"wp:featuredmedia":[{"embeddable":true,"href":"https:\/\/www.quebakan.com\/v15\/wp-json\/wp\/v2\/media\/102167"}],"wp:attachment":[{"href":"https:\/\/www.quebakan.com\/v15\/wp-json\/wp\/v2\/media?parent=102166"}],"wp:term":[{"taxonomy":"category","embeddable":true,"href":"https:\/\/www.quebakan.com\/v15\/wp-json\/wp\/v2\/categories?post=102166"},{"taxonomy":"post_tag","embeddable":true,"href":"https:\/\/www.quebakan.com\/v15\/wp-json\/wp\/v2\/tags?post=102166"}],"curies":[{"name":"wp","href":"https:\/\/api.w.org\/{rel}","templated":true}]}}