{"id":104656,"date":"2023-02-17T00:37:52","date_gmt":"2023-02-17T05:37:52","guid":{"rendered":"https:\/\/www.quebakan.com\/v15\/?p=104656"},"modified":"2023-02-17T00:37:52","modified_gmt":"2023-02-17T05:37:52","slug":"latido-pilsener-el-festival-que-reunira-a-50-mil-ecuatorianos","status":"publish","type":"post","link":"https:\/\/www.quebakan.com\/v15\/latido-pilsener-el-festival-que-reunira-a-50-mil-ecuatorianos\/","title":{"rendered":"LATIDO PILSENER, EL FESTIVAL QUE REUNIR\u00c1 A  50 MIL ECUATORIANOS"},"content":{"rendered":"<p><img fetchpriority=\"high\" decoding=\"async\" class=\"aligncenter size-full wp-image-104657\" src=\"https:\/\/www.quebakan.com\/v15\/wp-content\/uploads\/2023\/02\/LineUp_18feb.jpg\" alt=\"\" width=\"700\" height=\"700\" srcset=\"https:\/\/www.quebakan.com\/v15\/wp-content\/uploads\/2023\/02\/LineUp_18feb.jpg 700w, https:\/\/www.quebakan.com\/v15\/wp-content\/uploads\/2023\/02\/LineUp_18feb-300x300.jpg 300w, https:\/\/www.quebakan.com\/v15\/wp-content\/uploads\/2023\/02\/LineUp_18feb-440x440.jpg 440w, https:\/\/www.quebakan.com\/v15\/wp-content\/uploads\/2023\/02\/LineUp_18feb-150x150.jpg 150w\" sizes=\"(max-width: 700px) 100vw, 700px\" \/><\/p>\n<ul>\n<li style=\"text-align: justify;\"><span style=\"color: #000000;\"><em>Latido Pilsener es el festival m\u00e1s grande Ecuador que har\u00e1 latir a un solo ritmo el coraz\u00f3n de los ecuatorianos y visitar\u00e1 3 ciudades.<\/em><\/span><\/li>\n<li style=\"text-align: justify;\"><span style=\"color: #000000;\"><em>Las ciudades seleccionadas son Salinas, Guayaquil y Manta; en esta \u00faltima se realizar\u00e1 el festival m\u00e1s grande de la temporada.<\/em><\/span><\/li>\n<\/ul>\n<p style=\"text-align: justify;\"><span style=\"color: #000000;\">Este 2023, llega el mejor festival de la temporada: <strong>Latido Pilsener<\/strong>, que har\u00e1 latir a todos los ecuatorianos. Contar\u00e1 con la mejor m\u00fasica de artistas nacionales e internacionales, gastronom\u00eda y muchas sorpresas m\u00e1s, adem\u00e1s reunir\u00e1 a m\u00e1s de 50 mil personas en tres eventos diferentes, seg\u00fan el siguiente calendario:<\/span><\/p>\n<p style=\"text-align: justify;\"><span style=\"color: #000000;\"><strong>1.- Salinas<\/strong> &#8211; 18 de febrero\/Malec\u00f3n de San Lorenzo desde las 14h00 hasta las 02h00.<\/span><\/p>\n<p style=\"text-align: justify;\"><span style=\"color: #000000;\"><strong>2.- Guayaquil<\/strong> &#8211; 24 de marzo desde las 14h00 hasta las 02h00.<\/span><\/p>\n<p style=\"text-align: justify;\"><span style=\"color: #000000;\">Las bandas musicales para ambos eventos son <u>Caramelos de Cianuro, Rocko y Blasty y City Band.<\/u> Por la compra de cuatro cervezas &#8211; $10 &#8211; podr\u00e1n ingresar al evento que tendr\u00e1 una \u00fanica localidad. Se esperan aproximadamente 10.000 asistentes.<\/span><\/p>\n<p style=\"text-align: justify;\"><span style=\"color: #000000;\"><strong>3.- Manta-Gran Festival<\/strong> &#8211; 8 de abril\/Playa Murci\u00e9lago, desde las 14h00 hasta las 02h00<\/span><\/p>\n<p style=\"text-align: justify;\"><span style=\"color: #000000;\">Los artistas confirmados son:<u> Manuel Turizo, Fonseca, Manuel Medrano, Mau y Ricky, Tres Dedos, Ryan Castro, Carlos Cort\u00e9s, Andy Buesa y Dj Residente<\/u><strong>. <\/strong>Pueden encontrar las entradas en Ticketshow.com.ec. Se espera la presencia de 30 mil personas.<\/span><\/p>\n<p style=\"text-align: justify;\"><span style=\"color: #000000;\">\u201c<em>Nuestras marcas son el coraz\u00f3n de los ecuatorianos por eso en este 2023 nos hemos planteado llegar a los 18 millones de personas que sienten la m\u00fasica y gastronom\u00eda como nosotros<\/em>. <em>Latido Pilsener ser\u00e1 el mejor festival de m\u00fasica del pa\u00eds y esperamos poder replicarlo en el 2024.<\/em>\u201d expres\u00f3 \u00c1lvaro Lora, jefe de marca Pilsener Light.<\/span><\/p>\n","protected":false},"excerpt":{"rendered":"<p>Latido Pilsener es el festival m\u00e1s grande Ecuador que har\u00e1 latir a un solo ritmo el coraz\u00f3n de los ecuatorianos y visitar\u00e1 3 ciudades. Las ciudades seleccionadas son Salinas, Guayaquil y Manta; en esta \u00faltima se realizar\u00e1 el festival m\u00e1s grande de la temporada. Este 2023, llega el mejor festival de la temporada: Latido Pilsener, [&hellip;]<\/p>\n","protected":false},"author":4,"featured_media":104657,"comment_status":"open","ping_status":"open","sticky":false,"template":"","format":"standard","meta":{"_bbp_topic_count":0,"_bbp_reply_count":0,"_bbp_total_topic_count":0,"_bbp_total_reply_count":0,"_bbp_voice_count":0,"_bbp_anonymous_reply_count":0,"_bbp_topic_count_hidden":0,"_bbp_reply_count_hidden":0,"_bbp_forum_subforum_count":0,"buzzeditor_post_format":"","footnotes":""},"categories":[2],"tags":[],"class_list":["post-104656","post","type-post","status-publish","format-standard","has-post-thumbnail","hentry","category-noticias"],"yoast_head":"<!-- This site is optimized with the Yoast SEO plugin v27.5 - https:\/\/yoast.com\/product\/yoast-seo-wordpress\/ -->\n<title>LATIDO PILSENER, EL FESTIVAL QUE REUNIR\u00c1 A 50 MIL ECUATORIANOS &#8211; QUEBAKAN.COM 2026: Noticias, Eventos, Conciertos y mucho m\u00e1s....<\/title>\n<meta name=\"robots\" content=\"index, follow, max-snippet:-1, max-image-preview:large, max-video-preview:-1\" \/>\n<link rel=\"canonical\" href=\"https:\/\/www.quebakan.com\/v15\/latido-pilsener-el-festival-que-reunira-a-50-mil-ecuatorianos\/\" \/>\n<meta property=\"og:locale\" content=\"es_ES\" \/>\n<meta property=\"og:type\" content=\"article\" \/>\n<meta property=\"og:title\" content=\"LATIDO PILSENER, EL FESTIVAL QUE REUNIR\u00c1 A 50 MIL ECUATORIANOS &#8211; QUEBAKAN.COM 2026: Noticias, Eventos, Conciertos y mucho m\u00e1s....\" \/>\n<meta property=\"og:description\" content=\"Latido Pilsener es el festival m\u00e1s grande Ecuador que har\u00e1 latir a un solo ritmo el coraz\u00f3n de los ecuatorianos y visitar\u00e1 3 ciudades. Las ciudades seleccionadas son Salinas, Guayaquil y Manta; en esta \u00faltima se realizar\u00e1 el festival m\u00e1s grande de la temporada. Este 2023, llega el mejor festival de la temporada: Latido Pilsener, [&hellip;]\" \/>\n<meta property=\"og:url\" content=\"https:\/\/www.quebakan.com\/v15\/latido-pilsener-el-festival-que-reunira-a-50-mil-ecuatorianos\/\" \/>\n<meta property=\"og:site_name\" content=\"QUEBAKAN.COM 2026: Noticias, Eventos, Conciertos y mucho m\u00e1s....\" \/>\n<meta property=\"article:publisher\" content=\"http:\/\/www.facebook.com\/quebakan\" \/>\n<meta property=\"article:published_time\" content=\"2023-02-17T05:37:52+00:00\" \/>\n<meta property=\"og:image\" content=\"https:\/\/www.quebakan.com\/v15\/wp-content\/uploads\/2023\/02\/LineUp_18feb.jpg\" \/>\n\t<meta property=\"og:image:width\" content=\"700\" \/>\n\t<meta property=\"og:image:height\" content=\"700\" \/>\n\t<meta property=\"og:image:type\" content=\"image\/jpeg\" \/>\n<meta name=\"author\" content=\"Erick Villafuerte\" \/>\n<meta name=\"twitter:card\" content=\"summary_large_image\" \/>\n<meta name=\"twitter:creator\" content=\"@quebakanec\" \/>\n<meta name=\"twitter:site\" content=\"@quebakanec\" \/>\n<meta name=\"twitter:label1\" content=\"Escrito por\" \/>\n\t<meta name=\"twitter:data1\" content=\"Erick Villafuerte\" \/>\n\t<meta name=\"twitter:label2\" content=\"Tiempo de lectura\" \/>\n\t<meta name=\"twitter:data2\" content=\"2 minutos\" \/>\n<script type=\"application\/ld+json\" class=\"yoast-schema-graph\">{\"@context\":\"https:\\\/\\\/schema.org\",\"@graph\":[{\"@type\":\"Article\",\"@id\":\"https:\\\/\\\/www.quebakan.com\\\/v15\\\/latido-pilsener-el-festival-que-reunira-a-50-mil-ecuatorianos\\\/#article\",\"isPartOf\":{\"@id\":\"https:\\\/\\\/www.quebakan.com\\\/v15\\\/latido-pilsener-el-festival-que-reunira-a-50-mil-ecuatorianos\\\/\"},\"author\":{\"name\":\"Erick Villafuerte\",\"@id\":\"https:\\\/\\\/www.quebakan.com\\\/v15\\\/#\\\/schema\\\/person\\\/d90fa9f9cfa81eb8ace9811e5b7b9118\"},\"headline\":\"LATIDO PILSENER, EL FESTIVAL QUE REUNIR\u00c1 A 50 MIL ECUATORIANOS\",\"datePublished\":\"2023-02-17T05:37:52+00:00\",\"mainEntityOfPage\":{\"@id\":\"https:\\\/\\\/www.quebakan.com\\\/v15\\\/latido-pilsener-el-festival-que-reunira-a-50-mil-ecuatorianos\\\/\"},\"wordCount\":285,\"commentCount\":0,\"publisher\":{\"@id\":\"https:\\\/\\\/www.quebakan.com\\\/v15\\\/#organization\"},\"image\":{\"@id\":\"https:\\\/\\\/www.quebakan.com\\\/v15\\\/latido-pilsener-el-festival-que-reunira-a-50-mil-ecuatorianos\\\/#primaryimage\"},\"thumbnailUrl\":\"https:\\\/\\\/www.quebakan.com\\\/v15\\\/wp-content\\\/uploads\\\/2023\\\/02\\\/LineUp_18feb.jpg\",\"articleSection\":[\"Noticias\"],\"inLanguage\":\"es\"},{\"@type\":\"WebPage\",\"@id\":\"https:\\\/\\\/www.quebakan.com\\\/v15\\\/latido-pilsener-el-festival-que-reunira-a-50-mil-ecuatorianos\\\/\",\"url\":\"https:\\\/\\\/www.quebakan.com\\\/v15\\\/latido-pilsener-el-festival-que-reunira-a-50-mil-ecuatorianos\\\/\",\"name\":\"LATIDO PILSENER, EL FESTIVAL QUE REUNIR\u00c1 A 50 MIL ECUATORIANOS &#8211; QUEBAKAN.COM 2026: Noticias, Eventos, Conciertos y mucho m\u00e1s....\",\"isPartOf\":{\"@id\":\"https:\\\/\\\/www.quebakan.com\\\/v15\\\/#website\"},\"primaryImageOfPage\":{\"@id\":\"https:\\\/\\\/www.quebakan.com\\\/v15\\\/latido-pilsener-el-festival-que-reunira-a-50-mil-ecuatorianos\\\/#primaryimage\"},\"image\":{\"@id\":\"https:\\\/\\\/www.quebakan.com\\\/v15\\\/latido-pilsener-el-festival-que-reunira-a-50-mil-ecuatorianos\\\/#primaryimage\"},\"thumbnailUrl\":\"https:\\\/\\\/www.quebakan.com\\\/v15\\\/wp-content\\\/uploads\\\/2023\\\/02\\\/LineUp_18feb.jpg\",\"datePublished\":\"2023-02-17T05:37:52+00:00\",\"breadcrumb\":{\"@id\":\"https:\\\/\\\/www.quebakan.com\\\/v15\\\/latido-pilsener-el-festival-que-reunira-a-50-mil-ecuatorianos\\\/#breadcrumb\"},\"inLanguage\":\"es\",\"potentialAction\":[{\"@type\":\"ReadAction\",\"target\":[\"https:\\\/\\\/www.quebakan.com\\\/v15\\\/latido-pilsener-el-festival-que-reunira-a-50-mil-ecuatorianos\\\/\"]}]},{\"@type\":\"ImageObject\",\"inLanguage\":\"es\",\"@id\":\"https:\\\/\\\/www.quebakan.com\\\/v15\\\/latido-pilsener-el-festival-que-reunira-a-50-mil-ecuatorianos\\\/#primaryimage\",\"url\":\"https:\\\/\\\/www.quebakan.com\\\/v15\\\/wp-content\\\/uploads\\\/2023\\\/02\\\/LineUp_18feb.jpg\",\"contentUrl\":\"https:\\\/\\\/www.quebakan.com\\\/v15\\\/wp-content\\\/uploads\\\/2023\\\/02\\\/LineUp_18feb.jpg\",\"width\":700,\"height\":700},{\"@type\":\"BreadcrumbList\",\"@id\":\"https:\\\/\\\/www.quebakan.com\\\/v15\\\/latido-pilsener-el-festival-que-reunira-a-50-mil-ecuatorianos\\\/#breadcrumb\",\"itemListElement\":[{\"@type\":\"ListItem\",\"position\":1,\"name\":\"Portada\",\"item\":\"https:\\\/\\\/www.quebakan.com\\\/v15\\\/\"},{\"@type\":\"ListItem\",\"position\":2,\"name\":\"LATIDO PILSENER, EL FESTIVAL QUE REUNIR\u00c1 A 50 MIL ECUATORIANOS\"}]},{\"@type\":\"WebSite\",\"@id\":\"https:\\\/\\\/www.quebakan.com\\\/v15\\\/#website\",\"url\":\"https:\\\/\\\/www.quebakan.com\\\/v15\\\/\",\"name\":\"QUEBAKAN\",\"description\":\"..\",\"publisher\":{\"@id\":\"https:\\\/\\\/www.quebakan.com\\\/v15\\\/#organization\"},\"potentialAction\":[{\"@type\":\"SearchAction\",\"target\":{\"@type\":\"EntryPoint\",\"urlTemplate\":\"https:\\\/\\\/www.quebakan.com\\\/v15\\\/?s={search_term_string}\"},\"query-input\":{\"@type\":\"PropertyValueSpecification\",\"valueRequired\":true,\"valueName\":\"search_term_string\"}}],\"inLanguage\":\"es\"},{\"@type\":\"Organization\",\"@id\":\"https:\\\/\\\/www.quebakan.com\\\/v15\\\/#organization\",\"name\":\"Quebakan.com\",\"url\":\"https:\\\/\\\/www.quebakan.com\\\/v15\\\/\",\"logo\":{\"@type\":\"ImageObject\",\"inLanguage\":\"es\",\"@id\":\"https:\\\/\\\/www.quebakan.com\\\/v15\\\/#\\\/schema\\\/logo\\\/image\\\/\",\"url\":\"https:\\\/\\\/www.quebakan.com\\\/v15\\\/wp-content\\\/uploads\\\/2023\\\/07\\\/logoquebakanenero2021.jpg\",\"contentUrl\":\"https:\\\/\\\/www.quebakan.com\\\/v15\\\/wp-content\\\/uploads\\\/2023\\\/07\\\/logoquebakanenero2021.jpg\",\"width\":1920,\"height\":1080,\"caption\":\"Quebakan.com\"},\"image\":{\"@id\":\"https:\\\/\\\/www.quebakan.com\\\/v15\\\/#\\\/schema\\\/logo\\\/image\\\/\"},\"sameAs\":[\"http:\\\/\\\/www.facebook.com\\\/quebakan\",\"https:\\\/\\\/x.com\\\/quebakanec\",\"http:\\\/\\\/www.instagram.com\\\/quebakan\",\"http:\\\/\\\/www.youtube.com\\\/quebakan1\"]},{\"@type\":\"Person\",\"@id\":\"https:\\\/\\\/www.quebakan.com\\\/v15\\\/#\\\/schema\\\/person\\\/d90fa9f9cfa81eb8ace9811e5b7b9118\",\"name\":\"Erick Villafuerte\",\"image\":{\"@type\":\"ImageObject\",\"inLanguage\":\"es\",\"@id\":\"https:\\\/\\\/www.quebakan.com\\\/v15\\\/wp-content\\\/uploads\\\/avatars\\\/4\\\/1731297654-bpfull.png\",\"url\":\"https:\\\/\\\/www.quebakan.com\\\/v15\\\/wp-content\\\/uploads\\\/avatars\\\/4\\\/1731297654-bpfull.png\",\"contentUrl\":\"https:\\\/\\\/www.quebakan.com\\\/v15\\\/wp-content\\\/uploads\\\/avatars\\\/4\\\/1731297654-bpfull.png\",\"caption\":\"Erick Villafuerte\"}}]}<\/script>\n<!-- \/ Yoast SEO plugin. -->","yoast_head_json":{"title":"LATIDO PILSENER, EL FESTIVAL QUE REUNIR\u00c1 A 50 MIL ECUATORIANOS &#8211; QUEBAKAN.COM 2026: Noticias, Eventos, Conciertos y mucho m\u00e1s....","robots":{"index":"index","follow":"follow","max-snippet":"max-snippet:-1","max-image-preview":"max-image-preview:large","max-video-preview":"max-video-preview:-1"},"canonical":"https:\/\/www.quebakan.com\/v15\/latido-pilsener-el-festival-que-reunira-a-50-mil-ecuatorianos\/","og_locale":"es_ES","og_type":"article","og_title":"LATIDO PILSENER, EL FESTIVAL QUE REUNIR\u00c1 A 50 MIL ECUATORIANOS &#8211; QUEBAKAN.COM 2026: Noticias, Eventos, Conciertos y mucho m\u00e1s....","og_description":"Latido Pilsener es el festival m\u00e1s grande Ecuador que har\u00e1 latir a un solo ritmo el coraz\u00f3n de los ecuatorianos y visitar\u00e1 3 ciudades. Las ciudades seleccionadas son Salinas, Guayaquil y Manta; en esta \u00faltima se realizar\u00e1 el festival m\u00e1s grande de la temporada. Este 2023, llega el mejor festival de la temporada: Latido Pilsener, [&hellip;]","og_url":"https:\/\/www.quebakan.com\/v15\/latido-pilsener-el-festival-que-reunira-a-50-mil-ecuatorianos\/","og_site_name":"QUEBAKAN.COM 2026: Noticias, Eventos, Conciertos y mucho m\u00e1s....","article_publisher":"http:\/\/www.facebook.com\/quebakan","article_published_time":"2023-02-17T05:37:52+00:00","og_image":[{"width":700,"height":700,"url":"https:\/\/www.quebakan.com\/v15\/wp-content\/uploads\/2023\/02\/LineUp_18feb.jpg","type":"image\/jpeg"}],"author":"Erick Villafuerte","twitter_card":"summary_large_image","twitter_creator":"@quebakanec","twitter_site":"@quebakanec","twitter_misc":{"Escrito por":"Erick Villafuerte","Tiempo de lectura":"2 minutos"},"schema":{"@context":"https:\/\/schema.org","@graph":[{"@type":"Article","@id":"https:\/\/www.quebakan.com\/v15\/latido-pilsener-el-festival-que-reunira-a-50-mil-ecuatorianos\/#article","isPartOf":{"@id":"https:\/\/www.quebakan.com\/v15\/latido-pilsener-el-festival-que-reunira-a-50-mil-ecuatorianos\/"},"author":{"name":"Erick Villafuerte","@id":"https:\/\/www.quebakan.com\/v15\/#\/schema\/person\/d90fa9f9cfa81eb8ace9811e5b7b9118"},"headline":"LATIDO PILSENER, EL FESTIVAL QUE REUNIR\u00c1 A 50 MIL ECUATORIANOS","datePublished":"2023-02-17T05:37:52+00:00","mainEntityOfPage":{"@id":"https:\/\/www.quebakan.com\/v15\/latido-pilsener-el-festival-que-reunira-a-50-mil-ecuatorianos\/"},"wordCount":285,"commentCount":0,"publisher":{"@id":"https:\/\/www.quebakan.com\/v15\/#organization"},"image":{"@id":"https:\/\/www.quebakan.com\/v15\/latido-pilsener-el-festival-que-reunira-a-50-mil-ecuatorianos\/#primaryimage"},"thumbnailUrl":"https:\/\/www.quebakan.com\/v15\/wp-content\/uploads\/2023\/02\/LineUp_18feb.jpg","articleSection":["Noticias"],"inLanguage":"es"},{"@type":"WebPage","@id":"https:\/\/www.quebakan.com\/v15\/latido-pilsener-el-festival-que-reunira-a-50-mil-ecuatorianos\/","url":"https:\/\/www.quebakan.com\/v15\/latido-pilsener-el-festival-que-reunira-a-50-mil-ecuatorianos\/","name":"LATIDO PILSENER, EL FESTIVAL QUE REUNIR\u00c1 A 50 MIL ECUATORIANOS &#8211; QUEBAKAN.COM 2026: Noticias, Eventos, Conciertos y mucho m\u00e1s....","isPartOf":{"@id":"https:\/\/www.quebakan.com\/v15\/#website"},"primaryImageOfPage":{"@id":"https:\/\/www.quebakan.com\/v15\/latido-pilsener-el-festival-que-reunira-a-50-mil-ecuatorianos\/#primaryimage"},"image":{"@id":"https:\/\/www.quebakan.com\/v15\/latido-pilsener-el-festival-que-reunira-a-50-mil-ecuatorianos\/#primaryimage"},"thumbnailUrl":"https:\/\/www.quebakan.com\/v15\/wp-content\/uploads\/2023\/02\/LineUp_18feb.jpg","datePublished":"2023-02-17T05:37:52+00:00","breadcrumb":{"@id":"https:\/\/www.quebakan.com\/v15\/latido-pilsener-el-festival-que-reunira-a-50-mil-ecuatorianos\/#breadcrumb"},"inLanguage":"es","potentialAction":[{"@type":"ReadAction","target":["https:\/\/www.quebakan.com\/v15\/latido-pilsener-el-festival-que-reunira-a-50-mil-ecuatorianos\/"]}]},{"@type":"ImageObject","inLanguage":"es","@id":"https:\/\/www.quebakan.com\/v15\/latido-pilsener-el-festival-que-reunira-a-50-mil-ecuatorianos\/#primaryimage","url":"https:\/\/www.quebakan.com\/v15\/wp-content\/uploads\/2023\/02\/LineUp_18feb.jpg","contentUrl":"https:\/\/www.quebakan.com\/v15\/wp-content\/uploads\/2023\/02\/LineUp_18feb.jpg","width":700,"height":700},{"@type":"BreadcrumbList","@id":"https:\/\/www.quebakan.com\/v15\/latido-pilsener-el-festival-que-reunira-a-50-mil-ecuatorianos\/#breadcrumb","itemListElement":[{"@type":"ListItem","position":1,"name":"Portada","item":"https:\/\/www.quebakan.com\/v15\/"},{"@type":"ListItem","position":2,"name":"LATIDO PILSENER, EL FESTIVAL QUE REUNIR\u00c1 A 50 MIL ECUATORIANOS"}]},{"@type":"WebSite","@id":"https:\/\/www.quebakan.com\/v15\/#website","url":"https:\/\/www.quebakan.com\/v15\/","name":"QUEBAKAN","description":"..","publisher":{"@id":"https:\/\/www.quebakan.com\/v15\/#organization"},"potentialAction":[{"@type":"SearchAction","target":{"@type":"EntryPoint","urlTemplate":"https:\/\/www.quebakan.com\/v15\/?s={search_term_string}"},"query-input":{"@type":"PropertyValueSpecification","valueRequired":true,"valueName":"search_term_string"}}],"inLanguage":"es"},{"@type":"Organization","@id":"https:\/\/www.quebakan.com\/v15\/#organization","name":"Quebakan.com","url":"https:\/\/www.quebakan.com\/v15\/","logo":{"@type":"ImageObject","inLanguage":"es","@id":"https:\/\/www.quebakan.com\/v15\/#\/schema\/logo\/image\/","url":"https:\/\/www.quebakan.com\/v15\/wp-content\/uploads\/2023\/07\/logoquebakanenero2021.jpg","contentUrl":"https:\/\/www.quebakan.com\/v15\/wp-content\/uploads\/2023\/07\/logoquebakanenero2021.jpg","width":1920,"height":1080,"caption":"Quebakan.com"},"image":{"@id":"https:\/\/www.quebakan.com\/v15\/#\/schema\/logo\/image\/"},"sameAs":["http:\/\/www.facebook.com\/quebakan","https:\/\/x.com\/quebakanec","http:\/\/www.instagram.com\/quebakan","http:\/\/www.youtube.com\/quebakan1"]},{"@type":"Person","@id":"https:\/\/www.quebakan.com\/v15\/#\/schema\/person\/d90fa9f9cfa81eb8ace9811e5b7b9118","name":"Erick Villafuerte","image":{"@type":"ImageObject","inLanguage":"es","@id":"https:\/\/www.quebakan.com\/v15\/wp-content\/uploads\/avatars\/4\/1731297654-bpfull.png","url":"https:\/\/www.quebakan.com\/v15\/wp-content\/uploads\/avatars\/4\/1731297654-bpfull.png","contentUrl":"https:\/\/www.quebakan.com\/v15\/wp-content\/uploads\/avatars\/4\/1731297654-bpfull.png","caption":"Erick Villafuerte"}}]}},"_links":{"self":[{"href":"https:\/\/www.quebakan.com\/v15\/wp-json\/wp\/v2\/posts\/104656","targetHints":{"allow":["GET"]}}],"collection":[{"href":"https:\/\/www.quebakan.com\/v15\/wp-json\/wp\/v2\/posts"}],"about":[{"href":"https:\/\/www.quebakan.com\/v15\/wp-json\/wp\/v2\/types\/post"}],"author":[{"embeddable":true,"href":"https:\/\/www.quebakan.com\/v15\/wp-json\/wp\/v2\/users\/4"}],"replies":[{"embeddable":true,"href":"https:\/\/www.quebakan.com\/v15\/wp-json\/wp\/v2\/comments?post=104656"}],"version-history":[{"count":1,"href":"https:\/\/www.quebakan.com\/v15\/wp-json\/wp\/v2\/posts\/104656\/revisions"}],"predecessor-version":[{"id":104658,"href":"https:\/\/www.quebakan.com\/v15\/wp-json\/wp\/v2\/posts\/104656\/revisions\/104658"}],"wp:featuredmedia":[{"embeddable":true,"href":"https:\/\/www.quebakan.com\/v15\/wp-json\/wp\/v2\/media\/104657"}],"wp:attachment":[{"href":"https:\/\/www.quebakan.com\/v15\/wp-json\/wp\/v2\/media?parent=104656"}],"wp:term":[{"taxonomy":"category","embeddable":true,"href":"https:\/\/www.quebakan.com\/v15\/wp-json\/wp\/v2\/categories?post=104656"},{"taxonomy":"post_tag","embeddable":true,"href":"https:\/\/www.quebakan.com\/v15\/wp-json\/wp\/v2\/tags?post=104656"}],"curies":[{"name":"wp","href":"https:\/\/api.w.org\/{rel}","templated":true}]}}