{"id":107006,"date":"2023-04-27T22:54:16","date_gmt":"2023-04-28T03:54:16","guid":{"rendered":"https:\/\/www.quebakan.com\/v15\/?p=107006"},"modified":"2023-04-27T22:54:16","modified_gmt":"2023-04-28T03:54:16","slug":"graiman-presento-las-ultimas-tendencias-en-revestimientos-en-la-feria-coverings-2023-celebrada-en-estados-unidos","status":"publish","type":"post","link":"https:\/\/www.quebakan.com\/v15\/graiman-presento-las-ultimas-tendencias-en-revestimientos-en-la-feria-coverings-2023-celebrada-en-estados-unidos\/","title":{"rendered":"GRAIMAN PRESENT\u00d3 LAS \u00daLTIMAS TENDENCIAS EN REVESTIMIENTOS EN LA FERIA COVERINGS 2023 CELEBRADA EN ESTADOS UNIDOS"},"content":{"rendered":"<p><img fetchpriority=\"high\" decoding=\"async\" class=\"aligncenter size-full wp-image-107007\" src=\"https:\/\/www.quebakan.com\/v15\/wp-content\/uploads\/2023\/04\/1-3.jpg\" alt=\"\" width=\"700\" height=\"525\" \/><\/p>\n<p style=\"text-align: justify;\"><span style=\"color: #000000;\"><em>\u00abEn Graiman estamos comprometidos con la innovaci\u00f3n y la calidad, y en Coverings 2023 hemos podido presentar nuestra amplia gama de productos y novedades al mercado internacional dejando el nombre de Ecuador en alto y como un pa\u00eds referente en dise\u00f1o interior y acabados para la construcci\u00f3n\u00bb<\/em><\/span><\/p>\n<p style=\"text-align: justify;\"><span style=\"color: #000000;\"><strong>Cuenca, 24 de abril de 2023<\/strong>.- Graiman, empresa ecuatoriana fabricante de revestimientos para pisos y paredes y l\u00edder en acabados para la construcci\u00f3n, particip\u00f3 una vez m\u00e1s en la prestigiosa feria Coverings 2023, en el recinto de convenciones Orange County Convention Center de Orlando, Florida. \u00a0Con un stand de 150 metros cuadrados, la empresa ecuatoriana present\u00f3 su amplia gama de productos y novedades, destacando su compromiso con la innovaci\u00f3n y la calidad en el sector de los revestimientos para pisos y paredes.<\/span><\/p>\n<p style=\"text-align: justify;\"><span style=\"color: #000000;\">Entre los productos exhibidos por Graiman se encuentran los porcelanatos \u00a0maderados con vetas realistas que emulan la madera natural, m\u00e1rmoles como el producto Florencia Imperial que resalta por su alta y sofisticada est\u00e9tica, adem\u00e1s, Graiman se suma a la tendencia mundial de acabados tipo papel tapiz con una selecci\u00f3n de productos decorados en grandes formatos: \u00a0Amazon\u00eda, Majestic, Urban Forest son algunos nombres de sus procelanatos de 60&#215;120 cm que se pueden mencionar en este estilo tan disruptivo y original. \u00a0<\/span><\/p>\n<p style=\"text-align: justify;\"><span style=\"color: #000000;\">A m\u00e1s de toda la variedad de formatos, tipolog\u00edas y dise\u00f1os, se present\u00f3 la exclusiva secci\u00f3n de cortes especiales como chevrones, hex\u00e1gonos, subwaytiles, mosaicos, barrederas y filos de grada, as\u00ed como el servicio de recorte personalizado de piezas con las cuales se pueden lograr proyectos y espacios muy especiales.<\/span><\/p>\n<p style=\"text-align: justify;\"><span style=\"color: #000000;\"><strong>Disrupci\u00f3n Tecnol\u00f3gica<\/strong><\/span><\/p>\n<p style=\"text-align: justify;\"><span style=\"color: #000000;\">Durante los cuatro d\u00edas de la feria, los visitantes pudieron conocer las \u00faltimas tendencias en dise\u00f1o y tecnolog\u00eda en revestimientos, as\u00ed como interactuar con la nueva herramienta de realidad aumentada que Graiman ha lanzado recientemente: Graiman Dise\u00f1a. Gracias a esta disruptiva herramienta, los clientes pueden visualizar c\u00f3mo quedar\u00e1 su espacio con los productos de Graiman antes de realizar su compra, lo que facilita la toma de decisiones y la satisfacci\u00f3n del cliente.<\/span><\/p>\n<p style=\"text-align: justify;\"><span style=\"color: #000000;\">Sebasti\u00e1n Albornoz, Gerente General de Graiman afirm\u00f3 que <em>\u00bb Se ha tenido la oportunidad de interactuar con nuestros clientes y mostrarles nuestra nueva colecci\u00f3n no solo en la feria, sino colocadas mediante esta herramienta de realidad aumentada en sus espacios. Sin duda creemos que ser\u00e1 una gran ayuda para ellos a la hora de tomar decisiones sobre los productos que desean utilizar en sus proyectos\u00bb.<\/em><\/span><\/p>\n<p style=\"text-align: justify;\"><span style=\"color: #000000;\">Graiman se destaca en el mercado internacional exportando cer\u00e1micas y porcelanatos a m\u00e1s de 14 pa\u00edses del continente americano, siendo Estados Unidos uno de sus principales compradores. La participaci\u00f3n en Coverings 2023 ha permitido a Graiman consolidarse como una empresa l\u00edder en el sector de los revestimientos, y seguir expandiendo su presencia y \u00e9xito en el mercado internacional.<\/span><\/p>\n<p><img decoding=\"async\" class=\"aligncenter size-full wp-image-107008\" src=\"https:\/\/www.quebakan.com\/v15\/wp-content\/uploads\/2023\/04\/2-1.jpg\" alt=\"\" width=\"525\" height=\"700\" \/><\/p>\n<p>&nbsp;<\/p>\n<p><img decoding=\"async\" class=\"aligncenter size-full wp-image-107009\" src=\"https:\/\/www.quebakan.com\/v15\/wp-content\/uploads\/2023\/04\/5-1.jpg\" alt=\"\" width=\"525\" height=\"700\" \/><\/p>\n<p>&nbsp;<\/p>\n<p><img loading=\"lazy\" decoding=\"async\" class=\"aligncenter size-full wp-image-107010\" src=\"https:\/\/www.quebakan.com\/v15\/wp-content\/uploads\/2023\/04\/6.jpg\" alt=\"\" width=\"700\" height=\"525\" \/><\/p>\n<p>&nbsp;<\/p>\n<p><img loading=\"lazy\" decoding=\"async\" class=\"aligncenter size-full wp-image-107011\" src=\"https:\/\/www.quebakan.com\/v15\/wp-content\/uploads\/2023\/04\/7-1.jpg\" alt=\"\" width=\"700\" height=\"525\" \/><\/p>\n","protected":false},"excerpt":{"rendered":"<p>\u00abEn Graiman estamos comprometidos con la innovaci\u00f3n y la calidad, y en Coverings 2023 hemos podido presentar nuestra amplia gama de productos y novedades al mercado internacional dejando el nombre de Ecuador en alto y como un pa\u00eds referente en dise\u00f1o interior y acabados para la construcci\u00f3n\u00bb Cuenca, 24 de abril de 2023.- Graiman, empresa [&hellip;]<\/p>\n","protected":false},"author":4,"featured_media":107007,"comment_status":"open","ping_status":"open","sticky":false,"template":"","format":"standard","meta":{"_bbp_topic_count":0,"_bbp_reply_count":0,"_bbp_total_topic_count":0,"_bbp_total_reply_count":0,"_bbp_voice_count":0,"_bbp_anonymous_reply_count":0,"_bbp_topic_count_hidden":0,"_bbp_reply_count_hidden":0,"_bbp_forum_subforum_count":0,"buzzeditor_post_format":"","footnotes":""},"categories":[334],"tags":[],"class_list":["post-107006","post","type-post","status-publish","format-standard","has-post-thumbnail","hentry","category-empresarial"],"yoast_head":"<!-- This site is optimized with the Yoast SEO plugin v27.5 - https:\/\/yoast.com\/product\/yoast-seo-wordpress\/ -->\n<title>GRAIMAN PRESENT\u00d3 LAS \u00daLTIMAS TENDENCIAS EN REVESTIMIENTOS EN LA FERIA COVERINGS 2023 CELEBRADA EN ESTADOS UNIDOS &#8211; QUEBAKAN.COM 2026: Noticias, Eventos, Conciertos y mucho m\u00e1s....<\/title>\n<meta name=\"robots\" content=\"index, follow, max-snippet:-1, max-image-preview:large, max-video-preview:-1\" \/>\n<link rel=\"canonical\" href=\"https:\/\/www.quebakan.com\/v15\/graiman-presento-las-ultimas-tendencias-en-revestimientos-en-la-feria-coverings-2023-celebrada-en-estados-unidos\/\" \/>\n<meta property=\"og:locale\" content=\"es_ES\" \/>\n<meta property=\"og:type\" content=\"article\" \/>\n<meta property=\"og:title\" content=\"GRAIMAN PRESENT\u00d3 LAS \u00daLTIMAS TENDENCIAS EN REVESTIMIENTOS EN LA FERIA COVERINGS 2023 CELEBRADA EN ESTADOS UNIDOS &#8211; QUEBAKAN.COM 2026: Noticias, Eventos, Conciertos y mucho m\u00e1s....\" \/>\n<meta property=\"og:description\" content=\"\u00abEn Graiman estamos comprometidos con la innovaci\u00f3n y la calidad, y en Coverings 2023 hemos podido presentar nuestra amplia gama de productos y novedades al mercado internacional dejando el nombre de Ecuador en alto y como un pa\u00eds referente en dise\u00f1o interior y acabados para la construcci\u00f3n\u00bb Cuenca, 24 de abril de 2023.- Graiman, empresa [&hellip;]\" \/>\n<meta property=\"og:url\" content=\"https:\/\/www.quebakan.com\/v15\/graiman-presento-las-ultimas-tendencias-en-revestimientos-en-la-feria-coverings-2023-celebrada-en-estados-unidos\/\" \/>\n<meta property=\"og:site_name\" content=\"QUEBAKAN.COM 2026: Noticias, Eventos, Conciertos y mucho m\u00e1s....\" \/>\n<meta property=\"article:publisher\" content=\"http:\/\/www.facebook.com\/quebakan\" \/>\n<meta property=\"article:published_time\" content=\"2023-04-28T03:54:16+00:00\" \/>\n<meta property=\"og:image\" content=\"https:\/\/www.quebakan.com\/v15\/wp-content\/uploads\/2023\/04\/1-3.jpg\" \/>\n\t<meta property=\"og:image:width\" content=\"700\" \/>\n\t<meta property=\"og:image:height\" content=\"525\" \/>\n\t<meta property=\"og:image:type\" content=\"image\/jpeg\" \/>\n<meta name=\"author\" content=\"Erick Villafuerte\" \/>\n<meta name=\"twitter:card\" content=\"summary_large_image\" \/>\n<meta name=\"twitter:creator\" content=\"@quebakanec\" \/>\n<meta name=\"twitter:site\" content=\"@quebakanec\" \/>\n<meta name=\"twitter:label1\" content=\"Escrito por\" \/>\n\t<meta name=\"twitter:data1\" content=\"Erick Villafuerte\" \/>\n\t<meta name=\"twitter:label2\" content=\"Tiempo de lectura\" \/>\n\t<meta name=\"twitter:data2\" content=\"4 minutos\" \/>\n<script type=\"application\/ld+json\" class=\"yoast-schema-graph\">{\"@context\":\"https:\\\/\\\/schema.org\",\"@graph\":[{\"@type\":\"Article\",\"@id\":\"https:\\\/\\\/www.quebakan.com\\\/v15\\\/graiman-presento-las-ultimas-tendencias-en-revestimientos-en-la-feria-coverings-2023-celebrada-en-estados-unidos\\\/#article\",\"isPartOf\":{\"@id\":\"https:\\\/\\\/www.quebakan.com\\\/v15\\\/graiman-presento-las-ultimas-tendencias-en-revestimientos-en-la-feria-coverings-2023-celebrada-en-estados-unidos\\\/\"},\"author\":{\"name\":\"Erick Villafuerte\",\"@id\":\"https:\\\/\\\/www.quebakan.com\\\/v15\\\/#\\\/schema\\\/person\\\/d90fa9f9cfa81eb8ace9811e5b7b9118\"},\"headline\":\"GRAIMAN PRESENT\u00d3 LAS \u00daLTIMAS TENDENCIAS EN REVESTIMIENTOS EN LA FERIA COVERINGS 2023 CELEBRADA EN ESTADOS UNIDOS\",\"datePublished\":\"2023-04-28T03:54:16+00:00\",\"mainEntityOfPage\":{\"@id\":\"https:\\\/\\\/www.quebakan.com\\\/v15\\\/graiman-presento-las-ultimas-tendencias-en-revestimientos-en-la-feria-coverings-2023-celebrada-en-estados-unidos\\\/\"},\"wordCount\":498,\"commentCount\":0,\"publisher\":{\"@id\":\"https:\\\/\\\/www.quebakan.com\\\/v15\\\/#organization\"},\"image\":{\"@id\":\"https:\\\/\\\/www.quebakan.com\\\/v15\\\/graiman-presento-las-ultimas-tendencias-en-revestimientos-en-la-feria-coverings-2023-celebrada-en-estados-unidos\\\/#primaryimage\"},\"thumbnailUrl\":\"https:\\\/\\\/www.quebakan.com\\\/v15\\\/wp-content\\\/uploads\\\/2023\\\/04\\\/1-3.jpg\",\"articleSection\":[\"Empresarial\"],\"inLanguage\":\"es\"},{\"@type\":\"WebPage\",\"@id\":\"https:\\\/\\\/www.quebakan.com\\\/v15\\\/graiman-presento-las-ultimas-tendencias-en-revestimientos-en-la-feria-coverings-2023-celebrada-en-estados-unidos\\\/\",\"url\":\"https:\\\/\\\/www.quebakan.com\\\/v15\\\/graiman-presento-las-ultimas-tendencias-en-revestimientos-en-la-feria-coverings-2023-celebrada-en-estados-unidos\\\/\",\"name\":\"GRAIMAN PRESENT\u00d3 LAS \u00daLTIMAS TENDENCIAS EN REVESTIMIENTOS EN LA FERIA COVERINGS 2023 CELEBRADA EN ESTADOS UNIDOS &#8211; QUEBAKAN.COM 2026: Noticias, Eventos, Conciertos y mucho m\u00e1s....\",\"isPartOf\":{\"@id\":\"https:\\\/\\\/www.quebakan.com\\\/v15\\\/#website\"},\"primaryImageOfPage\":{\"@id\":\"https:\\\/\\\/www.quebakan.com\\\/v15\\\/graiman-presento-las-ultimas-tendencias-en-revestimientos-en-la-feria-coverings-2023-celebrada-en-estados-unidos\\\/#primaryimage\"},\"image\":{\"@id\":\"https:\\\/\\\/www.quebakan.com\\\/v15\\\/graiman-presento-las-ultimas-tendencias-en-revestimientos-en-la-feria-coverings-2023-celebrada-en-estados-unidos\\\/#primaryimage\"},\"thumbnailUrl\":\"https:\\\/\\\/www.quebakan.com\\\/v15\\\/wp-content\\\/uploads\\\/2023\\\/04\\\/1-3.jpg\",\"datePublished\":\"2023-04-28T03:54:16+00:00\",\"breadcrumb\":{\"@id\":\"https:\\\/\\\/www.quebakan.com\\\/v15\\\/graiman-presento-las-ultimas-tendencias-en-revestimientos-en-la-feria-coverings-2023-celebrada-en-estados-unidos\\\/#breadcrumb\"},\"inLanguage\":\"es\",\"potentialAction\":[{\"@type\":\"ReadAction\",\"target\":[\"https:\\\/\\\/www.quebakan.com\\\/v15\\\/graiman-presento-las-ultimas-tendencias-en-revestimientos-en-la-feria-coverings-2023-celebrada-en-estados-unidos\\\/\"]}]},{\"@type\":\"ImageObject\",\"inLanguage\":\"es\",\"@id\":\"https:\\\/\\\/www.quebakan.com\\\/v15\\\/graiman-presento-las-ultimas-tendencias-en-revestimientos-en-la-feria-coverings-2023-celebrada-en-estados-unidos\\\/#primaryimage\",\"url\":\"https:\\\/\\\/www.quebakan.com\\\/v15\\\/wp-content\\\/uploads\\\/2023\\\/04\\\/1-3.jpg\",\"contentUrl\":\"https:\\\/\\\/www.quebakan.com\\\/v15\\\/wp-content\\\/uploads\\\/2023\\\/04\\\/1-3.jpg\",\"width\":700,\"height\":525},{\"@type\":\"BreadcrumbList\",\"@id\":\"https:\\\/\\\/www.quebakan.com\\\/v15\\\/graiman-presento-las-ultimas-tendencias-en-revestimientos-en-la-feria-coverings-2023-celebrada-en-estados-unidos\\\/#breadcrumb\",\"itemListElement\":[{\"@type\":\"ListItem\",\"position\":1,\"name\":\"Portada\",\"item\":\"https:\\\/\\\/www.quebakan.com\\\/v15\\\/\"},{\"@type\":\"ListItem\",\"position\":2,\"name\":\"GRAIMAN PRESENT\u00d3 LAS \u00daLTIMAS TENDENCIAS EN REVESTIMIENTOS EN LA FERIA COVERINGS 2023 CELEBRADA EN ESTADOS UNIDOS\"}]},{\"@type\":\"WebSite\",\"@id\":\"https:\\\/\\\/www.quebakan.com\\\/v15\\\/#website\",\"url\":\"https:\\\/\\\/www.quebakan.com\\\/v15\\\/\",\"name\":\"QUEBAKAN\",\"description\":\"..\",\"publisher\":{\"@id\":\"https:\\\/\\\/www.quebakan.com\\\/v15\\\/#organization\"},\"potentialAction\":[{\"@type\":\"SearchAction\",\"target\":{\"@type\":\"EntryPoint\",\"urlTemplate\":\"https:\\\/\\\/www.quebakan.com\\\/v15\\\/?s={search_term_string}\"},\"query-input\":{\"@type\":\"PropertyValueSpecification\",\"valueRequired\":true,\"valueName\":\"search_term_string\"}}],\"inLanguage\":\"es\"},{\"@type\":\"Organization\",\"@id\":\"https:\\\/\\\/www.quebakan.com\\\/v15\\\/#organization\",\"name\":\"Quebakan.com\",\"url\":\"https:\\\/\\\/www.quebakan.com\\\/v15\\\/\",\"logo\":{\"@type\":\"ImageObject\",\"inLanguage\":\"es\",\"@id\":\"https:\\\/\\\/www.quebakan.com\\\/v15\\\/#\\\/schema\\\/logo\\\/image\\\/\",\"url\":\"https:\\\/\\\/www.quebakan.com\\\/v15\\\/wp-content\\\/uploads\\\/2023\\\/07\\\/logoquebakanenero2021.jpg\",\"contentUrl\":\"https:\\\/\\\/www.quebakan.com\\\/v15\\\/wp-content\\\/uploads\\\/2023\\\/07\\\/logoquebakanenero2021.jpg\",\"width\":1920,\"height\":1080,\"caption\":\"Quebakan.com\"},\"image\":{\"@id\":\"https:\\\/\\\/www.quebakan.com\\\/v15\\\/#\\\/schema\\\/logo\\\/image\\\/\"},\"sameAs\":[\"http:\\\/\\\/www.facebook.com\\\/quebakan\",\"https:\\\/\\\/x.com\\\/quebakanec\",\"http:\\\/\\\/www.instagram.com\\\/quebakan\",\"http:\\\/\\\/www.youtube.com\\\/quebakan1\"]},{\"@type\":\"Person\",\"@id\":\"https:\\\/\\\/www.quebakan.com\\\/v15\\\/#\\\/schema\\\/person\\\/d90fa9f9cfa81eb8ace9811e5b7b9118\",\"name\":\"Erick Villafuerte\",\"image\":{\"@type\":\"ImageObject\",\"inLanguage\":\"es\",\"@id\":\"https:\\\/\\\/www.quebakan.com\\\/v15\\\/wp-content\\\/uploads\\\/avatars\\\/4\\\/1731297654-bpfull.png\",\"url\":\"https:\\\/\\\/www.quebakan.com\\\/v15\\\/wp-content\\\/uploads\\\/avatars\\\/4\\\/1731297654-bpfull.png\",\"contentUrl\":\"https:\\\/\\\/www.quebakan.com\\\/v15\\\/wp-content\\\/uploads\\\/avatars\\\/4\\\/1731297654-bpfull.png\",\"caption\":\"Erick Villafuerte\"}}]}<\/script>\n<!-- \/ Yoast SEO plugin. -->","yoast_head_json":{"title":"GRAIMAN PRESENT\u00d3 LAS \u00daLTIMAS TENDENCIAS EN REVESTIMIENTOS EN LA FERIA COVERINGS 2023 CELEBRADA EN ESTADOS UNIDOS &#8211; QUEBAKAN.COM 2026: Noticias, Eventos, Conciertos y mucho m\u00e1s....","robots":{"index":"index","follow":"follow","max-snippet":"max-snippet:-1","max-image-preview":"max-image-preview:large","max-video-preview":"max-video-preview:-1"},"canonical":"https:\/\/www.quebakan.com\/v15\/graiman-presento-las-ultimas-tendencias-en-revestimientos-en-la-feria-coverings-2023-celebrada-en-estados-unidos\/","og_locale":"es_ES","og_type":"article","og_title":"GRAIMAN PRESENT\u00d3 LAS \u00daLTIMAS TENDENCIAS EN REVESTIMIENTOS EN LA FERIA COVERINGS 2023 CELEBRADA EN ESTADOS UNIDOS &#8211; QUEBAKAN.COM 2026: Noticias, Eventos, Conciertos y mucho m\u00e1s....","og_description":"\u00abEn Graiman estamos comprometidos con la innovaci\u00f3n y la calidad, y en Coverings 2023 hemos podido presentar nuestra amplia gama de productos y novedades al mercado internacional dejando el nombre de Ecuador en alto y como un pa\u00eds referente en dise\u00f1o interior y acabados para la construcci\u00f3n\u00bb Cuenca, 24 de abril de 2023.- Graiman, empresa [&hellip;]","og_url":"https:\/\/www.quebakan.com\/v15\/graiman-presento-las-ultimas-tendencias-en-revestimientos-en-la-feria-coverings-2023-celebrada-en-estados-unidos\/","og_site_name":"QUEBAKAN.COM 2026: Noticias, Eventos, Conciertos y mucho m\u00e1s....","article_publisher":"http:\/\/www.facebook.com\/quebakan","article_published_time":"2023-04-28T03:54:16+00:00","og_image":[{"width":700,"height":525,"url":"https:\/\/www.quebakan.com\/v15\/wp-content\/uploads\/2023\/04\/1-3.jpg","type":"image\/jpeg"}],"author":"Erick Villafuerte","twitter_card":"summary_large_image","twitter_creator":"@quebakanec","twitter_site":"@quebakanec","twitter_misc":{"Escrito por":"Erick Villafuerte","Tiempo de lectura":"4 minutos"},"schema":{"@context":"https:\/\/schema.org","@graph":[{"@type":"Article","@id":"https:\/\/www.quebakan.com\/v15\/graiman-presento-las-ultimas-tendencias-en-revestimientos-en-la-feria-coverings-2023-celebrada-en-estados-unidos\/#article","isPartOf":{"@id":"https:\/\/www.quebakan.com\/v15\/graiman-presento-las-ultimas-tendencias-en-revestimientos-en-la-feria-coverings-2023-celebrada-en-estados-unidos\/"},"author":{"name":"Erick Villafuerte","@id":"https:\/\/www.quebakan.com\/v15\/#\/schema\/person\/d90fa9f9cfa81eb8ace9811e5b7b9118"},"headline":"GRAIMAN PRESENT\u00d3 LAS \u00daLTIMAS TENDENCIAS EN REVESTIMIENTOS EN LA FERIA COVERINGS 2023 CELEBRADA EN ESTADOS UNIDOS","datePublished":"2023-04-28T03:54:16+00:00","mainEntityOfPage":{"@id":"https:\/\/www.quebakan.com\/v15\/graiman-presento-las-ultimas-tendencias-en-revestimientos-en-la-feria-coverings-2023-celebrada-en-estados-unidos\/"},"wordCount":498,"commentCount":0,"publisher":{"@id":"https:\/\/www.quebakan.com\/v15\/#organization"},"image":{"@id":"https:\/\/www.quebakan.com\/v15\/graiman-presento-las-ultimas-tendencias-en-revestimientos-en-la-feria-coverings-2023-celebrada-en-estados-unidos\/#primaryimage"},"thumbnailUrl":"https:\/\/www.quebakan.com\/v15\/wp-content\/uploads\/2023\/04\/1-3.jpg","articleSection":["Empresarial"],"inLanguage":"es"},{"@type":"WebPage","@id":"https:\/\/www.quebakan.com\/v15\/graiman-presento-las-ultimas-tendencias-en-revestimientos-en-la-feria-coverings-2023-celebrada-en-estados-unidos\/","url":"https:\/\/www.quebakan.com\/v15\/graiman-presento-las-ultimas-tendencias-en-revestimientos-en-la-feria-coverings-2023-celebrada-en-estados-unidos\/","name":"GRAIMAN PRESENT\u00d3 LAS \u00daLTIMAS TENDENCIAS EN REVESTIMIENTOS EN LA FERIA COVERINGS 2023 CELEBRADA EN ESTADOS UNIDOS &#8211; QUEBAKAN.COM 2026: Noticias, Eventos, Conciertos y mucho m\u00e1s....","isPartOf":{"@id":"https:\/\/www.quebakan.com\/v15\/#website"},"primaryImageOfPage":{"@id":"https:\/\/www.quebakan.com\/v15\/graiman-presento-las-ultimas-tendencias-en-revestimientos-en-la-feria-coverings-2023-celebrada-en-estados-unidos\/#primaryimage"},"image":{"@id":"https:\/\/www.quebakan.com\/v15\/graiman-presento-las-ultimas-tendencias-en-revestimientos-en-la-feria-coverings-2023-celebrada-en-estados-unidos\/#primaryimage"},"thumbnailUrl":"https:\/\/www.quebakan.com\/v15\/wp-content\/uploads\/2023\/04\/1-3.jpg","datePublished":"2023-04-28T03:54:16+00:00","breadcrumb":{"@id":"https:\/\/www.quebakan.com\/v15\/graiman-presento-las-ultimas-tendencias-en-revestimientos-en-la-feria-coverings-2023-celebrada-en-estados-unidos\/#breadcrumb"},"inLanguage":"es","potentialAction":[{"@type":"ReadAction","target":["https:\/\/www.quebakan.com\/v15\/graiman-presento-las-ultimas-tendencias-en-revestimientos-en-la-feria-coverings-2023-celebrada-en-estados-unidos\/"]}]},{"@type":"ImageObject","inLanguage":"es","@id":"https:\/\/www.quebakan.com\/v15\/graiman-presento-las-ultimas-tendencias-en-revestimientos-en-la-feria-coverings-2023-celebrada-en-estados-unidos\/#primaryimage","url":"https:\/\/www.quebakan.com\/v15\/wp-content\/uploads\/2023\/04\/1-3.jpg","contentUrl":"https:\/\/www.quebakan.com\/v15\/wp-content\/uploads\/2023\/04\/1-3.jpg","width":700,"height":525},{"@type":"BreadcrumbList","@id":"https:\/\/www.quebakan.com\/v15\/graiman-presento-las-ultimas-tendencias-en-revestimientos-en-la-feria-coverings-2023-celebrada-en-estados-unidos\/#breadcrumb","itemListElement":[{"@type":"ListItem","position":1,"name":"Portada","item":"https:\/\/www.quebakan.com\/v15\/"},{"@type":"ListItem","position":2,"name":"GRAIMAN PRESENT\u00d3 LAS \u00daLTIMAS TENDENCIAS EN REVESTIMIENTOS EN LA FERIA COVERINGS 2023 CELEBRADA EN ESTADOS UNIDOS"}]},{"@type":"WebSite","@id":"https:\/\/www.quebakan.com\/v15\/#website","url":"https:\/\/www.quebakan.com\/v15\/","name":"QUEBAKAN","description":"..","publisher":{"@id":"https:\/\/www.quebakan.com\/v15\/#organization"},"potentialAction":[{"@type":"SearchAction","target":{"@type":"EntryPoint","urlTemplate":"https:\/\/www.quebakan.com\/v15\/?s={search_term_string}"},"query-input":{"@type":"PropertyValueSpecification","valueRequired":true,"valueName":"search_term_string"}}],"inLanguage":"es"},{"@type":"Organization","@id":"https:\/\/www.quebakan.com\/v15\/#organization","name":"Quebakan.com","url":"https:\/\/www.quebakan.com\/v15\/","logo":{"@type":"ImageObject","inLanguage":"es","@id":"https:\/\/www.quebakan.com\/v15\/#\/schema\/logo\/image\/","url":"https:\/\/www.quebakan.com\/v15\/wp-content\/uploads\/2023\/07\/logoquebakanenero2021.jpg","contentUrl":"https:\/\/www.quebakan.com\/v15\/wp-content\/uploads\/2023\/07\/logoquebakanenero2021.jpg","width":1920,"height":1080,"caption":"Quebakan.com"},"image":{"@id":"https:\/\/www.quebakan.com\/v15\/#\/schema\/logo\/image\/"},"sameAs":["http:\/\/www.facebook.com\/quebakan","https:\/\/x.com\/quebakanec","http:\/\/www.instagram.com\/quebakan","http:\/\/www.youtube.com\/quebakan1"]},{"@type":"Person","@id":"https:\/\/www.quebakan.com\/v15\/#\/schema\/person\/d90fa9f9cfa81eb8ace9811e5b7b9118","name":"Erick Villafuerte","image":{"@type":"ImageObject","inLanguage":"es","@id":"https:\/\/www.quebakan.com\/v15\/wp-content\/uploads\/avatars\/4\/1731297654-bpfull.png","url":"https:\/\/www.quebakan.com\/v15\/wp-content\/uploads\/avatars\/4\/1731297654-bpfull.png","contentUrl":"https:\/\/www.quebakan.com\/v15\/wp-content\/uploads\/avatars\/4\/1731297654-bpfull.png","caption":"Erick Villafuerte"}}]}},"_links":{"self":[{"href":"https:\/\/www.quebakan.com\/v15\/wp-json\/wp\/v2\/posts\/107006","targetHints":{"allow":["GET"]}}],"collection":[{"href":"https:\/\/www.quebakan.com\/v15\/wp-json\/wp\/v2\/posts"}],"about":[{"href":"https:\/\/www.quebakan.com\/v15\/wp-json\/wp\/v2\/types\/post"}],"author":[{"embeddable":true,"href":"https:\/\/www.quebakan.com\/v15\/wp-json\/wp\/v2\/users\/4"}],"replies":[{"embeddable":true,"href":"https:\/\/www.quebakan.com\/v15\/wp-json\/wp\/v2\/comments?post=107006"}],"version-history":[{"count":1,"href":"https:\/\/www.quebakan.com\/v15\/wp-json\/wp\/v2\/posts\/107006\/revisions"}],"predecessor-version":[{"id":107012,"href":"https:\/\/www.quebakan.com\/v15\/wp-json\/wp\/v2\/posts\/107006\/revisions\/107012"}],"wp:featuredmedia":[{"embeddable":true,"href":"https:\/\/www.quebakan.com\/v15\/wp-json\/wp\/v2\/media\/107007"}],"wp:attachment":[{"href":"https:\/\/www.quebakan.com\/v15\/wp-json\/wp\/v2\/media?parent=107006"}],"wp:term":[{"taxonomy":"category","embeddable":true,"href":"https:\/\/www.quebakan.com\/v15\/wp-json\/wp\/v2\/categories?post=107006"},{"taxonomy":"post_tag","embeddable":true,"href":"https:\/\/www.quebakan.com\/v15\/wp-json\/wp\/v2\/tags?post=107006"}],"curies":[{"name":"wp","href":"https:\/\/api.w.org\/{rel}","templated":true}]}}