{"id":109151,"date":"2023-07-03T23:31:23","date_gmt":"2023-07-04T04:31:23","guid":{"rendered":"https:\/\/www.quebakan.com\/v15\/?p=109151"},"modified":"2023-07-03T23:31:23","modified_gmt":"2023-07-04T04:31:23","slug":"icons-of-classic-rock-el-epico-encuentro-del-rock-en-ecuador","status":"publish","type":"post","link":"https:\/\/www.quebakan.com\/v15\/icons-of-classic-rock-el-epico-encuentro-del-rock-en-ecuador\/","title":{"rendered":"\u00a1Icons of Classic Rock: \u00a1El \u00e9pico encuentro del rock en Ecuador!"},"content":{"rendered":"<p><img fetchpriority=\"high\" decoding=\"async\" class=\"aligncenter size-full wp-image-109153\" src=\"https:\/\/www.quebakan.com\/v15\/wp-content\/uploads\/2023\/07\/frn7sH7.png\" alt=\"\" width=\"734\" height=\"463\" \/><\/p>\n<p style=\"text-align: justify;\"><span style=\"color: #000000;\">Este mes de julio, conmemorando el mes del rock a nivel mundial, los amantes del g\u00e9nero tendr\u00e1n la oportunidad de unirse en un concierto hist\u00f3rico: Icons of Classic Rock. Un espect\u00e1culo musical sin precedentes que reunir\u00e1 a los \u00edconos del rock de los a\u00f1os 70 y 80 en Ecuador, ofreciendo una experiencia inigualable para los fan\u00e1ticos.<\/span><\/p>\n<p style=\"text-align: justify;\"><span style=\"color: #000000;\">La gira sudamericana de Icons of Classic Rock ha encendido los escenarios internacionales desde su reactivaci\u00f3n en 2022, y ahora llega a las ciudades de Guayaquil y Quito. Esta <\/span><span style=\"color: #000000;\">alineaci\u00f3n de vocalistas legendarios, que han dejado una huella imborrable en la historia del rock, promete llevar al p\u00fablico ecuatoriano en un viaje nost\u00e1lgico lleno de energ\u00eda y poder.<\/span><\/p>\n<p style=\"text-align: justify;\"><span style=\"color: #000000;\">NO ES UN TRIBUTO Y LLEG\u00c1N LOS ARTISTAS LEGENDARIOS DEL ROCK: Fran Cosmo (ex Boston), Dave Bickler (ex Survivor), Johnny Edward (ex Foreigner), Wally Palmar (de The Romantics), Alex Ligertwood (ex Santana), Paul Shortino (ex Quiet Riot) y Dave Evans (ex AC\/DC) son los verdaderos maestros que se presentar\u00e1n en el escenario. Juntos, dar\u00e1n vida a los himnos legendarios como \u00abCum on feel the noize\u00bb, \u00abEye of the tiger\u00bb y \u00abWaiting for a girl like you\u00bb, haciendo que cada acorde resuene en los corazones de los asistentes.<\/span><\/p>\n<p style=\"text-align: justify;\"><span style=\"color: #000000;\">El Country Club de Guayaquil y la Arena Top Media de Quito ser\u00e1n testigos del poderoso legado musical de estos \u00edconos del rock cl\u00e1sico. La pasi\u00f3n y la fuerza del rock envolver\u00e1n al p\u00fablico en un torrente de emociones, mientras reviven los himnos que definieron toda una era.<\/span><\/p>\n<p style=\"text-align: justify;\"><span style=\"color: #000000;\">Icons of Classic Rock es una oportunidad \u00fanica para presenciar la maestr\u00eda de estos artistas legendarios en el escenario y revivir los momentos m\u00e1s memorables de la historia del rock.<\/span><\/p>\n<p style=\"text-align: justify;\"><span style=\"color: #000000;\">\u00a1Que el poder del rock nos acompa\u00f1e en este evento memorable de Icons of Classic Rock en Ecuador!<\/span><\/p>\n<p style=\"text-align: justify;\"><strong><span style=\"color: #000000;\">VENTA ABIERTA EN TODAS LAS FORMAS DE PAGO \/ ESTOS COSTOS NO INCLUYEN I.V.A<\/span><\/strong><br \/>\n<strong><span style=\"color: #000000;\">WWW.TICKETSHOW.COM.EC<\/span><\/strong><\/p>\n<p><strong>JUEVES 31 DE AGOSTO &#8211; GUAYAQUIL &#8211; COUNTRY CLUB.<\/strong><br \/>\n<strong>VIERNES 1 DE SEPTIEMBRE &#8211; QUITO &#8211; ARENA TOP MEDIA.<\/strong><\/p>\n<p><img decoding=\"async\" class=\"aligncenter size-full wp-image-109152\" src=\"https:\/\/www.quebakan.com\/v15\/wp-content\/uploads\/2023\/07\/precios1.jpg\" alt=\"\" width=\"700\" height=\"389\" \/><\/p>\n","protected":false},"excerpt":{"rendered":"<p>Este mes de julio, conmemorando el mes del rock a nivel mundial, los amantes del g\u00e9nero tendr\u00e1n la oportunidad de unirse en un concierto hist\u00f3rico: Icons of Classic Rock. Un espect\u00e1culo musical sin precedentes que reunir\u00e1 a los \u00edconos del rock de los a\u00f1os 70 y 80 en Ecuador, ofreciendo una experiencia inigualable para los [&hellip;]<\/p>\n","protected":false},"author":4,"featured_media":109153,"comment_status":"open","ping_status":"open","sticky":false,"template":"","format":"standard","meta":{"_bbp_topic_count":0,"_bbp_reply_count":0,"_bbp_total_topic_count":0,"_bbp_total_reply_count":0,"_bbp_voice_count":0,"_bbp_anonymous_reply_count":0,"_bbp_topic_count_hidden":0,"_bbp_reply_count_hidden":0,"_bbp_forum_subforum_count":0,"buzzeditor_post_format":"","footnotes":""},"categories":[3],"tags":[],"class_list":["post-109151","post","type-post","status-publish","format-standard","has-post-thumbnail","hentry","category-eventos"],"yoast_head":"<!-- This site is optimized with the Yoast SEO plugin v27.5 - https:\/\/yoast.com\/product\/yoast-seo-wordpress\/ -->\n<title>\u00a1Icons of Classic Rock: \u00a1El \u00e9pico encuentro del rock en Ecuador! &#8211; QUEBAKAN.COM 2026: Noticias, Eventos, Conciertos y mucho m\u00e1s....<\/title>\n<meta name=\"robots\" content=\"index, follow, max-snippet:-1, max-image-preview:large, max-video-preview:-1\" \/>\n<link rel=\"canonical\" href=\"https:\/\/www.quebakan.com\/v15\/icons-of-classic-rock-el-epico-encuentro-del-rock-en-ecuador\/\" \/>\n<meta property=\"og:locale\" content=\"es_ES\" \/>\n<meta property=\"og:type\" content=\"article\" \/>\n<meta property=\"og:title\" content=\"\u00a1Icons of Classic Rock: \u00a1El \u00e9pico encuentro del rock en Ecuador! &#8211; QUEBAKAN.COM 2026: Noticias, Eventos, Conciertos y mucho m\u00e1s....\" \/>\n<meta property=\"og:description\" content=\"Este mes de julio, conmemorando el mes del rock a nivel mundial, los amantes del g\u00e9nero tendr\u00e1n la oportunidad de unirse en un concierto hist\u00f3rico: Icons of Classic Rock. Un espect\u00e1culo musical sin precedentes que reunir\u00e1 a los \u00edconos del rock de los a\u00f1os 70 y 80 en Ecuador, ofreciendo una experiencia inigualable para los [&hellip;]\" \/>\n<meta property=\"og:url\" content=\"https:\/\/www.quebakan.com\/v15\/icons-of-classic-rock-el-epico-encuentro-del-rock-en-ecuador\/\" \/>\n<meta property=\"og:site_name\" content=\"QUEBAKAN.COM 2026: Noticias, Eventos, Conciertos y mucho m\u00e1s....\" \/>\n<meta property=\"article:publisher\" content=\"http:\/\/www.facebook.com\/quebakan\" \/>\n<meta property=\"article:published_time\" content=\"2023-07-04T04:31:23+00:00\" \/>\n<meta property=\"og:image\" content=\"https:\/\/www.quebakan.com\/v15\/wp-content\/uploads\/2023\/07\/frn7sH7.png\" \/>\n\t<meta property=\"og:image:width\" content=\"734\" \/>\n\t<meta property=\"og:image:height\" content=\"463\" \/>\n\t<meta property=\"og:image:type\" content=\"image\/png\" \/>\n<meta name=\"author\" content=\"Erick Villafuerte\" \/>\n<meta name=\"twitter:card\" content=\"summary_large_image\" \/>\n<meta name=\"twitter:creator\" content=\"@quebakanec\" \/>\n<meta name=\"twitter:site\" content=\"@quebakanec\" \/>\n<meta name=\"twitter:label1\" content=\"Escrito por\" \/>\n\t<meta name=\"twitter:data1\" content=\"Erick Villafuerte\" \/>\n\t<meta name=\"twitter:label2\" content=\"Tiempo de lectura\" \/>\n\t<meta name=\"twitter:data2\" content=\"2 minutos\" \/>\n<script type=\"application\/ld+json\" class=\"yoast-schema-graph\">{\"@context\":\"https:\\\/\\\/schema.org\",\"@graph\":[{\"@type\":\"Article\",\"@id\":\"https:\\\/\\\/www.quebakan.com\\\/v15\\\/icons-of-classic-rock-el-epico-encuentro-del-rock-en-ecuador\\\/#article\",\"isPartOf\":{\"@id\":\"https:\\\/\\\/www.quebakan.com\\\/v15\\\/icons-of-classic-rock-el-epico-encuentro-del-rock-en-ecuador\\\/\"},\"author\":{\"name\":\"Erick Villafuerte\",\"@id\":\"https:\\\/\\\/www.quebakan.com\\\/v15\\\/#\\\/schema\\\/person\\\/d90fa9f9cfa81eb8ace9811e5b7b9118\"},\"headline\":\"\u00a1Icons of Classic Rock: \u00a1El \u00e9pico encuentro del rock en Ecuador!\",\"datePublished\":\"2023-07-04T04:31:23+00:00\",\"mainEntityOfPage\":{\"@id\":\"https:\\\/\\\/www.quebakan.com\\\/v15\\\/icons-of-classic-rock-el-epico-encuentro-del-rock-en-ecuador\\\/\"},\"wordCount\":364,\"commentCount\":0,\"publisher\":{\"@id\":\"https:\\\/\\\/www.quebakan.com\\\/v15\\\/#organization\"},\"image\":{\"@id\":\"https:\\\/\\\/www.quebakan.com\\\/v15\\\/icons-of-classic-rock-el-epico-encuentro-del-rock-en-ecuador\\\/#primaryimage\"},\"thumbnailUrl\":\"https:\\\/\\\/www.quebakan.com\\\/v15\\\/wp-content\\\/uploads\\\/2023\\\/07\\\/frn7sH7.png\",\"articleSection\":[\"Eventos\"],\"inLanguage\":\"es\"},{\"@type\":\"WebPage\",\"@id\":\"https:\\\/\\\/www.quebakan.com\\\/v15\\\/icons-of-classic-rock-el-epico-encuentro-del-rock-en-ecuador\\\/\",\"url\":\"https:\\\/\\\/www.quebakan.com\\\/v15\\\/icons-of-classic-rock-el-epico-encuentro-del-rock-en-ecuador\\\/\",\"name\":\"\u00a1Icons of Classic Rock: \u00a1El \u00e9pico encuentro del rock en Ecuador! &#8211; QUEBAKAN.COM 2026: Noticias, Eventos, Conciertos y mucho m\u00e1s....\",\"isPartOf\":{\"@id\":\"https:\\\/\\\/www.quebakan.com\\\/v15\\\/#website\"},\"primaryImageOfPage\":{\"@id\":\"https:\\\/\\\/www.quebakan.com\\\/v15\\\/icons-of-classic-rock-el-epico-encuentro-del-rock-en-ecuador\\\/#primaryimage\"},\"image\":{\"@id\":\"https:\\\/\\\/www.quebakan.com\\\/v15\\\/icons-of-classic-rock-el-epico-encuentro-del-rock-en-ecuador\\\/#primaryimage\"},\"thumbnailUrl\":\"https:\\\/\\\/www.quebakan.com\\\/v15\\\/wp-content\\\/uploads\\\/2023\\\/07\\\/frn7sH7.png\",\"datePublished\":\"2023-07-04T04:31:23+00:00\",\"breadcrumb\":{\"@id\":\"https:\\\/\\\/www.quebakan.com\\\/v15\\\/icons-of-classic-rock-el-epico-encuentro-del-rock-en-ecuador\\\/#breadcrumb\"},\"inLanguage\":\"es\",\"potentialAction\":[{\"@type\":\"ReadAction\",\"target\":[\"https:\\\/\\\/www.quebakan.com\\\/v15\\\/icons-of-classic-rock-el-epico-encuentro-del-rock-en-ecuador\\\/\"]}]},{\"@type\":\"ImageObject\",\"inLanguage\":\"es\",\"@id\":\"https:\\\/\\\/www.quebakan.com\\\/v15\\\/icons-of-classic-rock-el-epico-encuentro-del-rock-en-ecuador\\\/#primaryimage\",\"url\":\"https:\\\/\\\/www.quebakan.com\\\/v15\\\/wp-content\\\/uploads\\\/2023\\\/07\\\/frn7sH7.png\",\"contentUrl\":\"https:\\\/\\\/www.quebakan.com\\\/v15\\\/wp-content\\\/uploads\\\/2023\\\/07\\\/frn7sH7.png\",\"width\":734,\"height\":463},{\"@type\":\"BreadcrumbList\",\"@id\":\"https:\\\/\\\/www.quebakan.com\\\/v15\\\/icons-of-classic-rock-el-epico-encuentro-del-rock-en-ecuador\\\/#breadcrumb\",\"itemListElement\":[{\"@type\":\"ListItem\",\"position\":1,\"name\":\"Portada\",\"item\":\"https:\\\/\\\/www.quebakan.com\\\/v15\\\/\"},{\"@type\":\"ListItem\",\"position\":2,\"name\":\"\u00a1Icons of Classic Rock: \u00a1El \u00e9pico encuentro del rock en Ecuador!\"}]},{\"@type\":\"WebSite\",\"@id\":\"https:\\\/\\\/www.quebakan.com\\\/v15\\\/#website\",\"url\":\"https:\\\/\\\/www.quebakan.com\\\/v15\\\/\",\"name\":\"QUEBAKAN\",\"description\":\"..\",\"publisher\":{\"@id\":\"https:\\\/\\\/www.quebakan.com\\\/v15\\\/#organization\"},\"potentialAction\":[{\"@type\":\"SearchAction\",\"target\":{\"@type\":\"EntryPoint\",\"urlTemplate\":\"https:\\\/\\\/www.quebakan.com\\\/v15\\\/?s={search_term_string}\"},\"query-input\":{\"@type\":\"PropertyValueSpecification\",\"valueRequired\":true,\"valueName\":\"search_term_string\"}}],\"inLanguage\":\"es\"},{\"@type\":\"Organization\",\"@id\":\"https:\\\/\\\/www.quebakan.com\\\/v15\\\/#organization\",\"name\":\"Quebakan.com\",\"url\":\"https:\\\/\\\/www.quebakan.com\\\/v15\\\/\",\"logo\":{\"@type\":\"ImageObject\",\"inLanguage\":\"es\",\"@id\":\"https:\\\/\\\/www.quebakan.com\\\/v15\\\/#\\\/schema\\\/logo\\\/image\\\/\",\"url\":\"https:\\\/\\\/www.quebakan.com\\\/v15\\\/wp-content\\\/uploads\\\/2023\\\/07\\\/logoquebakanenero2021.jpg\",\"contentUrl\":\"https:\\\/\\\/www.quebakan.com\\\/v15\\\/wp-content\\\/uploads\\\/2023\\\/07\\\/logoquebakanenero2021.jpg\",\"width\":1920,\"height\":1080,\"caption\":\"Quebakan.com\"},\"image\":{\"@id\":\"https:\\\/\\\/www.quebakan.com\\\/v15\\\/#\\\/schema\\\/logo\\\/image\\\/\"},\"sameAs\":[\"http:\\\/\\\/www.facebook.com\\\/quebakan\",\"https:\\\/\\\/x.com\\\/quebakanec\",\"http:\\\/\\\/www.instagram.com\\\/quebakan\",\"http:\\\/\\\/www.youtube.com\\\/quebakan1\"]},{\"@type\":\"Person\",\"@id\":\"https:\\\/\\\/www.quebakan.com\\\/v15\\\/#\\\/schema\\\/person\\\/d90fa9f9cfa81eb8ace9811e5b7b9118\",\"name\":\"Erick Villafuerte\",\"image\":{\"@type\":\"ImageObject\",\"inLanguage\":\"es\",\"@id\":\"https:\\\/\\\/www.quebakan.com\\\/v15\\\/wp-content\\\/uploads\\\/avatars\\\/4\\\/1731297654-bpfull.png\",\"url\":\"https:\\\/\\\/www.quebakan.com\\\/v15\\\/wp-content\\\/uploads\\\/avatars\\\/4\\\/1731297654-bpfull.png\",\"contentUrl\":\"https:\\\/\\\/www.quebakan.com\\\/v15\\\/wp-content\\\/uploads\\\/avatars\\\/4\\\/1731297654-bpfull.png\",\"caption\":\"Erick Villafuerte\"}}]}<\/script>\n<!-- \/ Yoast SEO plugin. -->","yoast_head_json":{"title":"\u00a1Icons of Classic Rock: \u00a1El \u00e9pico encuentro del rock en Ecuador! &#8211; QUEBAKAN.COM 2026: Noticias, Eventos, Conciertos y mucho m\u00e1s....","robots":{"index":"index","follow":"follow","max-snippet":"max-snippet:-1","max-image-preview":"max-image-preview:large","max-video-preview":"max-video-preview:-1"},"canonical":"https:\/\/www.quebakan.com\/v15\/icons-of-classic-rock-el-epico-encuentro-del-rock-en-ecuador\/","og_locale":"es_ES","og_type":"article","og_title":"\u00a1Icons of Classic Rock: \u00a1El \u00e9pico encuentro del rock en Ecuador! &#8211; QUEBAKAN.COM 2026: Noticias, Eventos, Conciertos y mucho m\u00e1s....","og_description":"Este mes de julio, conmemorando el mes del rock a nivel mundial, los amantes del g\u00e9nero tendr\u00e1n la oportunidad de unirse en un concierto hist\u00f3rico: Icons of Classic Rock. Un espect\u00e1culo musical sin precedentes que reunir\u00e1 a los \u00edconos del rock de los a\u00f1os 70 y 80 en Ecuador, ofreciendo una experiencia inigualable para los [&hellip;]","og_url":"https:\/\/www.quebakan.com\/v15\/icons-of-classic-rock-el-epico-encuentro-del-rock-en-ecuador\/","og_site_name":"QUEBAKAN.COM 2026: Noticias, Eventos, Conciertos y mucho m\u00e1s....","article_publisher":"http:\/\/www.facebook.com\/quebakan","article_published_time":"2023-07-04T04:31:23+00:00","og_image":[{"width":734,"height":463,"url":"https:\/\/www.quebakan.com\/v15\/wp-content\/uploads\/2023\/07\/frn7sH7.png","type":"image\/png"}],"author":"Erick Villafuerte","twitter_card":"summary_large_image","twitter_creator":"@quebakanec","twitter_site":"@quebakanec","twitter_misc":{"Escrito por":"Erick Villafuerte","Tiempo de lectura":"2 minutos"},"schema":{"@context":"https:\/\/schema.org","@graph":[{"@type":"Article","@id":"https:\/\/www.quebakan.com\/v15\/icons-of-classic-rock-el-epico-encuentro-del-rock-en-ecuador\/#article","isPartOf":{"@id":"https:\/\/www.quebakan.com\/v15\/icons-of-classic-rock-el-epico-encuentro-del-rock-en-ecuador\/"},"author":{"name":"Erick Villafuerte","@id":"https:\/\/www.quebakan.com\/v15\/#\/schema\/person\/d90fa9f9cfa81eb8ace9811e5b7b9118"},"headline":"\u00a1Icons of Classic Rock: \u00a1El \u00e9pico encuentro del rock en Ecuador!","datePublished":"2023-07-04T04:31:23+00:00","mainEntityOfPage":{"@id":"https:\/\/www.quebakan.com\/v15\/icons-of-classic-rock-el-epico-encuentro-del-rock-en-ecuador\/"},"wordCount":364,"commentCount":0,"publisher":{"@id":"https:\/\/www.quebakan.com\/v15\/#organization"},"image":{"@id":"https:\/\/www.quebakan.com\/v15\/icons-of-classic-rock-el-epico-encuentro-del-rock-en-ecuador\/#primaryimage"},"thumbnailUrl":"https:\/\/www.quebakan.com\/v15\/wp-content\/uploads\/2023\/07\/frn7sH7.png","articleSection":["Eventos"],"inLanguage":"es"},{"@type":"WebPage","@id":"https:\/\/www.quebakan.com\/v15\/icons-of-classic-rock-el-epico-encuentro-del-rock-en-ecuador\/","url":"https:\/\/www.quebakan.com\/v15\/icons-of-classic-rock-el-epico-encuentro-del-rock-en-ecuador\/","name":"\u00a1Icons of Classic Rock: \u00a1El \u00e9pico encuentro del rock en Ecuador! &#8211; QUEBAKAN.COM 2026: Noticias, Eventos, Conciertos y mucho m\u00e1s....","isPartOf":{"@id":"https:\/\/www.quebakan.com\/v15\/#website"},"primaryImageOfPage":{"@id":"https:\/\/www.quebakan.com\/v15\/icons-of-classic-rock-el-epico-encuentro-del-rock-en-ecuador\/#primaryimage"},"image":{"@id":"https:\/\/www.quebakan.com\/v15\/icons-of-classic-rock-el-epico-encuentro-del-rock-en-ecuador\/#primaryimage"},"thumbnailUrl":"https:\/\/www.quebakan.com\/v15\/wp-content\/uploads\/2023\/07\/frn7sH7.png","datePublished":"2023-07-04T04:31:23+00:00","breadcrumb":{"@id":"https:\/\/www.quebakan.com\/v15\/icons-of-classic-rock-el-epico-encuentro-del-rock-en-ecuador\/#breadcrumb"},"inLanguage":"es","potentialAction":[{"@type":"ReadAction","target":["https:\/\/www.quebakan.com\/v15\/icons-of-classic-rock-el-epico-encuentro-del-rock-en-ecuador\/"]}]},{"@type":"ImageObject","inLanguage":"es","@id":"https:\/\/www.quebakan.com\/v15\/icons-of-classic-rock-el-epico-encuentro-del-rock-en-ecuador\/#primaryimage","url":"https:\/\/www.quebakan.com\/v15\/wp-content\/uploads\/2023\/07\/frn7sH7.png","contentUrl":"https:\/\/www.quebakan.com\/v15\/wp-content\/uploads\/2023\/07\/frn7sH7.png","width":734,"height":463},{"@type":"BreadcrumbList","@id":"https:\/\/www.quebakan.com\/v15\/icons-of-classic-rock-el-epico-encuentro-del-rock-en-ecuador\/#breadcrumb","itemListElement":[{"@type":"ListItem","position":1,"name":"Portada","item":"https:\/\/www.quebakan.com\/v15\/"},{"@type":"ListItem","position":2,"name":"\u00a1Icons of Classic Rock: \u00a1El \u00e9pico encuentro del rock en Ecuador!"}]},{"@type":"WebSite","@id":"https:\/\/www.quebakan.com\/v15\/#website","url":"https:\/\/www.quebakan.com\/v15\/","name":"QUEBAKAN","description":"..","publisher":{"@id":"https:\/\/www.quebakan.com\/v15\/#organization"},"potentialAction":[{"@type":"SearchAction","target":{"@type":"EntryPoint","urlTemplate":"https:\/\/www.quebakan.com\/v15\/?s={search_term_string}"},"query-input":{"@type":"PropertyValueSpecification","valueRequired":true,"valueName":"search_term_string"}}],"inLanguage":"es"},{"@type":"Organization","@id":"https:\/\/www.quebakan.com\/v15\/#organization","name":"Quebakan.com","url":"https:\/\/www.quebakan.com\/v15\/","logo":{"@type":"ImageObject","inLanguage":"es","@id":"https:\/\/www.quebakan.com\/v15\/#\/schema\/logo\/image\/","url":"https:\/\/www.quebakan.com\/v15\/wp-content\/uploads\/2023\/07\/logoquebakanenero2021.jpg","contentUrl":"https:\/\/www.quebakan.com\/v15\/wp-content\/uploads\/2023\/07\/logoquebakanenero2021.jpg","width":1920,"height":1080,"caption":"Quebakan.com"},"image":{"@id":"https:\/\/www.quebakan.com\/v15\/#\/schema\/logo\/image\/"},"sameAs":["http:\/\/www.facebook.com\/quebakan","https:\/\/x.com\/quebakanec","http:\/\/www.instagram.com\/quebakan","http:\/\/www.youtube.com\/quebakan1"]},{"@type":"Person","@id":"https:\/\/www.quebakan.com\/v15\/#\/schema\/person\/d90fa9f9cfa81eb8ace9811e5b7b9118","name":"Erick Villafuerte","image":{"@type":"ImageObject","inLanguage":"es","@id":"https:\/\/www.quebakan.com\/v15\/wp-content\/uploads\/avatars\/4\/1731297654-bpfull.png","url":"https:\/\/www.quebakan.com\/v15\/wp-content\/uploads\/avatars\/4\/1731297654-bpfull.png","contentUrl":"https:\/\/www.quebakan.com\/v15\/wp-content\/uploads\/avatars\/4\/1731297654-bpfull.png","caption":"Erick Villafuerte"}}]}},"_links":{"self":[{"href":"https:\/\/www.quebakan.com\/v15\/wp-json\/wp\/v2\/posts\/109151","targetHints":{"allow":["GET"]}}],"collection":[{"href":"https:\/\/www.quebakan.com\/v15\/wp-json\/wp\/v2\/posts"}],"about":[{"href":"https:\/\/www.quebakan.com\/v15\/wp-json\/wp\/v2\/types\/post"}],"author":[{"embeddable":true,"href":"https:\/\/www.quebakan.com\/v15\/wp-json\/wp\/v2\/users\/4"}],"replies":[{"embeddable":true,"href":"https:\/\/www.quebakan.com\/v15\/wp-json\/wp\/v2\/comments?post=109151"}],"version-history":[{"count":1,"href":"https:\/\/www.quebakan.com\/v15\/wp-json\/wp\/v2\/posts\/109151\/revisions"}],"predecessor-version":[{"id":109154,"href":"https:\/\/www.quebakan.com\/v15\/wp-json\/wp\/v2\/posts\/109151\/revisions\/109154"}],"wp:featuredmedia":[{"embeddable":true,"href":"https:\/\/www.quebakan.com\/v15\/wp-json\/wp\/v2\/media\/109153"}],"wp:attachment":[{"href":"https:\/\/www.quebakan.com\/v15\/wp-json\/wp\/v2\/media?parent=109151"}],"wp:term":[{"taxonomy":"category","embeddable":true,"href":"https:\/\/www.quebakan.com\/v15\/wp-json\/wp\/v2\/categories?post=109151"},{"taxonomy":"post_tag","embeddable":true,"href":"https:\/\/www.quebakan.com\/v15\/wp-json\/wp\/v2\/tags?post=109151"}],"curies":[{"name":"wp","href":"https:\/\/api.w.org\/{rel}","templated":true}]}}