{"id":109367,"date":"2023-07-09T02:53:55","date_gmt":"2023-07-09T07:53:55","guid":{"rendered":"https:\/\/www.quebakan.com\/v15\/?p=109367"},"modified":"2023-07-09T02:53:55","modified_gmt":"2023-07-09T07:53:55","slug":"avon-ecuador-e-inmedical-ecuador-unen-esfuerzos-para-combatir-la-violencia-contra-la-mujer-y-promover-el-empoderamiento-femenino","status":"publish","type":"post","link":"https:\/\/www.quebakan.com\/v15\/avon-ecuador-e-inmedical-ecuador-unen-esfuerzos-para-combatir-la-violencia-contra-la-mujer-y-promover-el-empoderamiento-femenino\/","title":{"rendered":"Avon Ecuador e Inmedical Ecuador unen esfuerzos para combatir la violencia contra la mujer y promover el empoderamiento femenino"},"content":{"rendered":"<p><img fetchpriority=\"high\" decoding=\"async\" class=\"aligncenter size-full wp-image-109368\" src=\"https:\/\/www.quebakan.com\/v15\/wp-content\/uploads\/2023\/07\/AVON-e-Inmedical-.jpg\" alt=\"\" width=\"700\" height=\"356\" \/><\/p>\n<p style=\"text-align: justify;\"><span style=\"color: #000000;\"><strong>Quito, 22 de junio de 2023.-<\/strong> Inmedical Ecuador y Avon Ecuador han anunciado una colaboraci\u00f3n estrat\u00e9gica con el objetivo de abordar y prevenir la violencia contra las mujeres en el pa\u00eds. Esta alianza tiene como prop\u00f3sito empoderar a las mujeres y brindarles oportunidades de consolidar sus vidas a trav\u00e9s del plan de salud integral de Inmedical, que incluye una bolsa de emprendimiento con la colaboraci\u00f3n de Avon Ecuador.<\/span><\/p>\n<p style=\"text-align: justify;\"><span style=\"color: #000000;\">El plan de salud de Inmedical Ecuador se ha destacado como una iniciativa l\u00edder en la protecci\u00f3n y apoyo a mujeres en riesgo potencial o que hayan sido v\u00edctimas de violencia. Como parte de esta alianza, Avon Ecuador promover\u00e1 que las afiliadas al plan Mujer tengan la oportunidad de formar parte \u00a0\u00a0\u00a0\u00a0\u00a0de las m\u00e1s de 100 mil Representantes Independientes de Avon \u00a0\u00a0\u00a0\u00a0\u00a0para que puedan ser emprendedoras y gozar de autonom\u00eda financiera. Este enfoque innovador busca no solo brindarles ingresos econ\u00f3micos, sino tambi\u00e9n fomentar su independencia, fomentar su empoderamiento y desarrollo personal.<\/span><\/p>\n<p style=\"text-align: justify;\"><span style=\"color: #000000;\">Se estima que en el pa\u00eds, el 55% de mujeres sufre de violencia y no se separa del agresor porque tienen dependencia econ\u00f3mica: no tienen a donde ir, no cuentan con apoyo o gu\u00eda de alguien y no tienen una fuente de ingresos. Es en esta l\u00ednea que Avon Ecuador promover\u00e1 la independencia de aquellas mujeres y apoyar\u00e1 a romper los ciclos de violencia a trav\u00e9s de la Bolsa de Emprendimiento. El modelo de negocio permitir\u00e1 la generaci\u00f3n de ingresos y por tanto su libertad financiera.\u00a0\u00a0\u00a0\u00a0<\/span><\/p>\n<p style=\"text-align: justify;\"><span style=\"color: #000000;\">\u00abEn Avon Ecuador, tenemos el prop\u00f3sito que un mundo mejor para las mujeres, es un mundo mejor para todas las personas y en este sentido, creemos firmemente en el poder de las mujeres para transformar sus vidas y sus comunidades. Estamos orgullosos de colaborar con Inmedical Ecuador para combatir las violencias contra las mujeres y proporcionar oportunidades concretas para el empoderamiento femenino\u00bb, afirm\u00f3 Juan Carlos Posada, Gerente General de Avon Ecuador.<\/span><\/p>\n<p style=\"text-align: justify;\"><span style=\"color: #000000;\">Las mujeres que se unan como Representantes Independientes de Avon \u00a0\u00a0\u00a0\u00a0\u00a0tendr\u00e1n acceso al plan de entrenamiento, en el cual podr\u00e1n aprender sobre\u00a0\u00a0\u00a0\u00a0 \u00a0ventas, marketing y habilidades empresariales. Adem\u00e1s, contar\u00e1n con el \u00a0\u00a0\u00a0\u00a0\u00a0acompa\u00f1amiento \u00a0\u00a0\u00a0\u00a0\u00a0por parte de las Empresarias de Belleza de Avon, \u00a0\u00a0\u00a0\u00a0\u00a0quienes\u00a0\u00a0\u00a0\u00a0 \u00a0\u00a0\u00a0\u00a0\u00a0\u00a0las ayudar\u00e1n a alcanzar el \u00e9xito en su nuevo emprendimiento. Este modelo de negocio flexible y accesible resulta efectivo en muchos casos para aquellas mujeres que puedan estar enfrentando situaciones dif\u00edciles en su vida personal.<\/span><\/p>\n<p style=\"text-align: justify;\"><span style=\"color: #000000;\">\u00abEn Inmedical Ecuador, nuestro compromiso es procurar el bienestar y brindar una atenci\u00f3n integral y apoyo a las mujeres que han experimentado violencia. Esta alianza con Avon Ecuador nos permite ampliar el impacto y ofrecer a las mujeres una oportunidad \u00fanica de empoderamiento econ\u00f3mico y bienestar para ellas y sus familias\u00bb, destac\u00f3 Wilson Pe\u00f1afiel, Gerente General de Inmedical Ecuador.<\/span><\/p>\n<p style=\"text-align: justify;\"><span style=\"color: #000000;\">La colaboraci\u00f3n entre Avon Ecuador e Inmedical Ecuador tiene como objetivo abordar las violencias contra las mujeres de manera integral, combinando las coberturas m\u00e9dicas ambulatorias y hospitalarias, soporte psicol\u00f3gico, legal y el desarrollo econ\u00f3mico.<\/span><\/p>\n<p style=\"text-align: justify;\"><span style=\"color: #000000;\">Ambas empresas est\u00e1n comprometidas con la misi\u00f3n de generar conciencia, impulsar el cambio social y brindar apoyo a las mujeres que han sido v\u00edctimas de violencia.<\/span><\/p>\n<p style=\"text-align: justify;\"><span style=\"color: #000000;\">Se espera que esta iniciativa tenga una recepci\u00f3n positiva por parte del p\u00fablico en general y, en particular, de las mujeres que buscan salir del c\u00edrculo de violencia, reconstruir sus vidas y lograr su independencia econ\u00f3mica.<\/span><\/p>\n<p style=\"text-align: justify;\"><span style=\"color: #000000;\">Para obtener m\u00e1s informaci\u00f3n sobre esta alianza y las iniciativas de Avon Ecuador e Inmedical Ecuador, visite <a style=\"color: #000000;\" href=\"https:\/\/www.inmedical.com.ec\/inmedical-mujer\/\">https:\/\/www.inmedical.com.ec\/inmedical-mujer\/<\/a><\/span><\/p>\n<p><img decoding=\"async\" class=\"aligncenter size-full wp-image-109369\" src=\"https:\/\/www.quebakan.com\/v15\/wp-content\/uploads\/2023\/07\/AVON-e-Inmedical-unen-esfuerzos.jpg\" alt=\"\" width=\"700\" height=\"599\" \/><\/p>\n","protected":false},"excerpt":{"rendered":"<p>Quito, 22 de junio de 2023.- Inmedical Ecuador y Avon Ecuador han anunciado una colaboraci\u00f3n estrat\u00e9gica con el objetivo de abordar y prevenir la violencia contra las mujeres en el pa\u00eds. Esta alianza tiene como prop\u00f3sito empoderar a las mujeres y brindarles oportunidades de consolidar sus vidas a trav\u00e9s del plan de salud integral de [&hellip;]<\/p>\n","protected":false},"author":4,"featured_media":109368,"comment_status":"open","ping_status":"open","sticky":false,"template":"","format":"standard","meta":{"_bbp_topic_count":0,"_bbp_reply_count":0,"_bbp_total_topic_count":0,"_bbp_total_reply_count":0,"_bbp_voice_count":0,"_bbp_anonymous_reply_count":0,"_bbp_topic_count_hidden":0,"_bbp_reply_count_hidden":0,"_bbp_forum_subforum_count":0,"buzzeditor_post_format":"","footnotes":""},"categories":[2],"tags":[],"class_list":["post-109367","post","type-post","status-publish","format-standard","has-post-thumbnail","hentry","category-noticias"],"yoast_head":"<!-- This site is optimized with the Yoast SEO plugin v27.4 - https:\/\/yoast.com\/product\/yoast-seo-wordpress\/ -->\n<title>Avon Ecuador e Inmedical Ecuador unen esfuerzos para combatir la violencia contra la mujer y promover el empoderamiento femenino &#8211; QUEBAKAN.COM 2026: Noticias, Eventos, Conciertos y mucho m\u00e1s....<\/title>\n<meta name=\"robots\" content=\"index, follow, max-snippet:-1, max-image-preview:large, max-video-preview:-1\" \/>\n<link rel=\"canonical\" href=\"https:\/\/www.quebakan.com\/v15\/avon-ecuador-e-inmedical-ecuador-unen-esfuerzos-para-combatir-la-violencia-contra-la-mujer-y-promover-el-empoderamiento-femenino\/\" \/>\n<meta property=\"og:locale\" content=\"es_ES\" \/>\n<meta property=\"og:type\" content=\"article\" \/>\n<meta property=\"og:title\" content=\"Avon Ecuador e Inmedical Ecuador unen esfuerzos para combatir la violencia contra la mujer y promover el empoderamiento femenino &#8211; QUEBAKAN.COM 2026: Noticias, Eventos, Conciertos y mucho m\u00e1s....\" \/>\n<meta property=\"og:description\" content=\"Quito, 22 de junio de 2023.- Inmedical Ecuador y Avon Ecuador han anunciado una colaboraci\u00f3n estrat\u00e9gica con el objetivo de abordar y prevenir la violencia contra las mujeres en el pa\u00eds. Esta alianza tiene como prop\u00f3sito empoderar a las mujeres y brindarles oportunidades de consolidar sus vidas a trav\u00e9s del plan de salud integral de [&hellip;]\" \/>\n<meta property=\"og:url\" content=\"https:\/\/www.quebakan.com\/v15\/avon-ecuador-e-inmedical-ecuador-unen-esfuerzos-para-combatir-la-violencia-contra-la-mujer-y-promover-el-empoderamiento-femenino\/\" \/>\n<meta property=\"og:site_name\" content=\"QUEBAKAN.COM 2026: Noticias, Eventos, Conciertos y mucho m\u00e1s....\" \/>\n<meta property=\"article:publisher\" content=\"http:\/\/www.facebook.com\/quebakan\" \/>\n<meta property=\"article:published_time\" content=\"2023-07-09T07:53:55+00:00\" \/>\n<meta property=\"og:image\" content=\"https:\/\/www.quebakan.com\/v15\/wp-content\/uploads\/2023\/07\/AVON-e-Inmedical-.jpg\" \/>\n\t<meta property=\"og:image:width\" content=\"700\" \/>\n\t<meta property=\"og:image:height\" content=\"356\" \/>\n\t<meta property=\"og:image:type\" content=\"image\/jpeg\" \/>\n<meta name=\"author\" content=\"Erick Villafuerte\" \/>\n<meta name=\"twitter:card\" content=\"summary_large_image\" \/>\n<meta name=\"twitter:creator\" content=\"@quebakanec\" \/>\n<meta name=\"twitter:site\" content=\"@quebakanec\" \/>\n<meta name=\"twitter:label1\" content=\"Escrito por\" \/>\n\t<meta name=\"twitter:data1\" content=\"Erick Villafuerte\" \/>\n\t<meta name=\"twitter:label2\" content=\"Tiempo de lectura\" \/>\n\t<meta name=\"twitter:data2\" content=\"3 minutos\" \/>\n<script type=\"application\/ld+json\" class=\"yoast-schema-graph\">{\"@context\":\"https:\\\/\\\/schema.org\",\"@graph\":[{\"@type\":\"Article\",\"@id\":\"https:\\\/\\\/www.quebakan.com\\\/v15\\\/avon-ecuador-e-inmedical-ecuador-unen-esfuerzos-para-combatir-la-violencia-contra-la-mujer-y-promover-el-empoderamiento-femenino\\\/#article\",\"isPartOf\":{\"@id\":\"https:\\\/\\\/www.quebakan.com\\\/v15\\\/avon-ecuador-e-inmedical-ecuador-unen-esfuerzos-para-combatir-la-violencia-contra-la-mujer-y-promover-el-empoderamiento-femenino\\\/\"},\"author\":{\"name\":\"Erick Villafuerte\",\"@id\":\"https:\\\/\\\/www.quebakan.com\\\/v15\\\/#\\\/schema\\\/person\\\/d90fa9f9cfa81eb8ace9811e5b7b9118\"},\"headline\":\"Avon Ecuador e Inmedical Ecuador unen esfuerzos para combatir la violencia contra la mujer y promover el empoderamiento femenino\",\"datePublished\":\"2023-07-09T07:53:55+00:00\",\"mainEntityOfPage\":{\"@id\":\"https:\\\/\\\/www.quebakan.com\\\/v15\\\/avon-ecuador-e-inmedical-ecuador-unen-esfuerzos-para-combatir-la-violencia-contra-la-mujer-y-promover-el-empoderamiento-femenino\\\/\"},\"wordCount\":630,\"commentCount\":0,\"publisher\":{\"@id\":\"https:\\\/\\\/www.quebakan.com\\\/v15\\\/#organization\"},\"image\":{\"@id\":\"https:\\\/\\\/www.quebakan.com\\\/v15\\\/avon-ecuador-e-inmedical-ecuador-unen-esfuerzos-para-combatir-la-violencia-contra-la-mujer-y-promover-el-empoderamiento-femenino\\\/#primaryimage\"},\"thumbnailUrl\":\"https:\\\/\\\/www.quebakan.com\\\/v15\\\/wp-content\\\/uploads\\\/2023\\\/07\\\/AVON-e-Inmedical-.jpg\",\"articleSection\":[\"Noticias\"],\"inLanguage\":\"es\"},{\"@type\":\"WebPage\",\"@id\":\"https:\\\/\\\/www.quebakan.com\\\/v15\\\/avon-ecuador-e-inmedical-ecuador-unen-esfuerzos-para-combatir-la-violencia-contra-la-mujer-y-promover-el-empoderamiento-femenino\\\/\",\"url\":\"https:\\\/\\\/www.quebakan.com\\\/v15\\\/avon-ecuador-e-inmedical-ecuador-unen-esfuerzos-para-combatir-la-violencia-contra-la-mujer-y-promover-el-empoderamiento-femenino\\\/\",\"name\":\"Avon Ecuador e Inmedical Ecuador unen esfuerzos para combatir la violencia contra la mujer y promover el empoderamiento femenino &#8211; QUEBAKAN.COM 2026: Noticias, Eventos, Conciertos y mucho m\u00e1s....\",\"isPartOf\":{\"@id\":\"https:\\\/\\\/www.quebakan.com\\\/v15\\\/#website\"},\"primaryImageOfPage\":{\"@id\":\"https:\\\/\\\/www.quebakan.com\\\/v15\\\/avon-ecuador-e-inmedical-ecuador-unen-esfuerzos-para-combatir-la-violencia-contra-la-mujer-y-promover-el-empoderamiento-femenino\\\/#primaryimage\"},\"image\":{\"@id\":\"https:\\\/\\\/www.quebakan.com\\\/v15\\\/avon-ecuador-e-inmedical-ecuador-unen-esfuerzos-para-combatir-la-violencia-contra-la-mujer-y-promover-el-empoderamiento-femenino\\\/#primaryimage\"},\"thumbnailUrl\":\"https:\\\/\\\/www.quebakan.com\\\/v15\\\/wp-content\\\/uploads\\\/2023\\\/07\\\/AVON-e-Inmedical-.jpg\",\"datePublished\":\"2023-07-09T07:53:55+00:00\",\"breadcrumb\":{\"@id\":\"https:\\\/\\\/www.quebakan.com\\\/v15\\\/avon-ecuador-e-inmedical-ecuador-unen-esfuerzos-para-combatir-la-violencia-contra-la-mujer-y-promover-el-empoderamiento-femenino\\\/#breadcrumb\"},\"inLanguage\":\"es\",\"potentialAction\":[{\"@type\":\"ReadAction\",\"target\":[\"https:\\\/\\\/www.quebakan.com\\\/v15\\\/avon-ecuador-e-inmedical-ecuador-unen-esfuerzos-para-combatir-la-violencia-contra-la-mujer-y-promover-el-empoderamiento-femenino\\\/\"]}]},{\"@type\":\"ImageObject\",\"inLanguage\":\"es\",\"@id\":\"https:\\\/\\\/www.quebakan.com\\\/v15\\\/avon-ecuador-e-inmedical-ecuador-unen-esfuerzos-para-combatir-la-violencia-contra-la-mujer-y-promover-el-empoderamiento-femenino\\\/#primaryimage\",\"url\":\"https:\\\/\\\/www.quebakan.com\\\/v15\\\/wp-content\\\/uploads\\\/2023\\\/07\\\/AVON-e-Inmedical-.jpg\",\"contentUrl\":\"https:\\\/\\\/www.quebakan.com\\\/v15\\\/wp-content\\\/uploads\\\/2023\\\/07\\\/AVON-e-Inmedical-.jpg\",\"width\":700,\"height\":356},{\"@type\":\"BreadcrumbList\",\"@id\":\"https:\\\/\\\/www.quebakan.com\\\/v15\\\/avon-ecuador-e-inmedical-ecuador-unen-esfuerzos-para-combatir-la-violencia-contra-la-mujer-y-promover-el-empoderamiento-femenino\\\/#breadcrumb\",\"itemListElement\":[{\"@type\":\"ListItem\",\"position\":1,\"name\":\"Portada\",\"item\":\"https:\\\/\\\/www.quebakan.com\\\/v15\\\/\"},{\"@type\":\"ListItem\",\"position\":2,\"name\":\"Avon Ecuador e Inmedical Ecuador unen esfuerzos para combatir la violencia contra la mujer y promover el empoderamiento femenino\"}]},{\"@type\":\"WebSite\",\"@id\":\"https:\\\/\\\/www.quebakan.com\\\/v15\\\/#website\",\"url\":\"https:\\\/\\\/www.quebakan.com\\\/v15\\\/\",\"name\":\"QUEBAKAN\",\"description\":\"..\",\"publisher\":{\"@id\":\"https:\\\/\\\/www.quebakan.com\\\/v15\\\/#organization\"},\"potentialAction\":[{\"@type\":\"SearchAction\",\"target\":{\"@type\":\"EntryPoint\",\"urlTemplate\":\"https:\\\/\\\/www.quebakan.com\\\/v15\\\/?s={search_term_string}\"},\"query-input\":{\"@type\":\"PropertyValueSpecification\",\"valueRequired\":true,\"valueName\":\"search_term_string\"}}],\"inLanguage\":\"es\"},{\"@type\":\"Organization\",\"@id\":\"https:\\\/\\\/www.quebakan.com\\\/v15\\\/#organization\",\"name\":\"Quebakan.com\",\"url\":\"https:\\\/\\\/www.quebakan.com\\\/v15\\\/\",\"logo\":{\"@type\":\"ImageObject\",\"inLanguage\":\"es\",\"@id\":\"https:\\\/\\\/www.quebakan.com\\\/v15\\\/#\\\/schema\\\/logo\\\/image\\\/\",\"url\":\"https:\\\/\\\/www.quebakan.com\\\/v15\\\/wp-content\\\/uploads\\\/2023\\\/07\\\/logoquebakanenero2021.jpg\",\"contentUrl\":\"https:\\\/\\\/www.quebakan.com\\\/v15\\\/wp-content\\\/uploads\\\/2023\\\/07\\\/logoquebakanenero2021.jpg\",\"width\":1920,\"height\":1080,\"caption\":\"Quebakan.com\"},\"image\":{\"@id\":\"https:\\\/\\\/www.quebakan.com\\\/v15\\\/#\\\/schema\\\/logo\\\/image\\\/\"},\"sameAs\":[\"http:\\\/\\\/www.facebook.com\\\/quebakan\",\"https:\\\/\\\/x.com\\\/quebakanec\",\"http:\\\/\\\/www.instagram.com\\\/quebakan\",\"http:\\\/\\\/www.youtube.com\\\/quebakan1\"]},{\"@type\":\"Person\",\"@id\":\"https:\\\/\\\/www.quebakan.com\\\/v15\\\/#\\\/schema\\\/person\\\/d90fa9f9cfa81eb8ace9811e5b7b9118\",\"name\":\"Erick Villafuerte\",\"image\":{\"@type\":\"ImageObject\",\"inLanguage\":\"es\",\"@id\":\"https:\\\/\\\/www.quebakan.com\\\/v15\\\/wp-content\\\/uploads\\\/avatars\\\/4\\\/1731297654-bpfull.png\",\"url\":\"https:\\\/\\\/www.quebakan.com\\\/v15\\\/wp-content\\\/uploads\\\/avatars\\\/4\\\/1731297654-bpfull.png\",\"contentUrl\":\"https:\\\/\\\/www.quebakan.com\\\/v15\\\/wp-content\\\/uploads\\\/avatars\\\/4\\\/1731297654-bpfull.png\",\"caption\":\"Erick Villafuerte\"}}]}<\/script>\n<!-- \/ Yoast SEO plugin. -->","yoast_head_json":{"title":"Avon Ecuador e Inmedical Ecuador unen esfuerzos para combatir la violencia contra la mujer y promover el empoderamiento femenino &#8211; QUEBAKAN.COM 2026: Noticias, Eventos, Conciertos y mucho m\u00e1s....","robots":{"index":"index","follow":"follow","max-snippet":"max-snippet:-1","max-image-preview":"max-image-preview:large","max-video-preview":"max-video-preview:-1"},"canonical":"https:\/\/www.quebakan.com\/v15\/avon-ecuador-e-inmedical-ecuador-unen-esfuerzos-para-combatir-la-violencia-contra-la-mujer-y-promover-el-empoderamiento-femenino\/","og_locale":"es_ES","og_type":"article","og_title":"Avon Ecuador e Inmedical Ecuador unen esfuerzos para combatir la violencia contra la mujer y promover el empoderamiento femenino &#8211; QUEBAKAN.COM 2026: Noticias, Eventos, Conciertos y mucho m\u00e1s....","og_description":"Quito, 22 de junio de 2023.- Inmedical Ecuador y Avon Ecuador han anunciado una colaboraci\u00f3n estrat\u00e9gica con el objetivo de abordar y prevenir la violencia contra las mujeres en el pa\u00eds. Esta alianza tiene como prop\u00f3sito empoderar a las mujeres y brindarles oportunidades de consolidar sus vidas a trav\u00e9s del plan de salud integral de [&hellip;]","og_url":"https:\/\/www.quebakan.com\/v15\/avon-ecuador-e-inmedical-ecuador-unen-esfuerzos-para-combatir-la-violencia-contra-la-mujer-y-promover-el-empoderamiento-femenino\/","og_site_name":"QUEBAKAN.COM 2026: Noticias, Eventos, Conciertos y mucho m\u00e1s....","article_publisher":"http:\/\/www.facebook.com\/quebakan","article_published_time":"2023-07-09T07:53:55+00:00","og_image":[{"width":700,"height":356,"url":"https:\/\/www.quebakan.com\/v15\/wp-content\/uploads\/2023\/07\/AVON-e-Inmedical-.jpg","type":"image\/jpeg"}],"author":"Erick Villafuerte","twitter_card":"summary_large_image","twitter_creator":"@quebakanec","twitter_site":"@quebakanec","twitter_misc":{"Escrito por":"Erick Villafuerte","Tiempo de lectura":"3 minutos"},"schema":{"@context":"https:\/\/schema.org","@graph":[{"@type":"Article","@id":"https:\/\/www.quebakan.com\/v15\/avon-ecuador-e-inmedical-ecuador-unen-esfuerzos-para-combatir-la-violencia-contra-la-mujer-y-promover-el-empoderamiento-femenino\/#article","isPartOf":{"@id":"https:\/\/www.quebakan.com\/v15\/avon-ecuador-e-inmedical-ecuador-unen-esfuerzos-para-combatir-la-violencia-contra-la-mujer-y-promover-el-empoderamiento-femenino\/"},"author":{"name":"Erick Villafuerte","@id":"https:\/\/www.quebakan.com\/v15\/#\/schema\/person\/d90fa9f9cfa81eb8ace9811e5b7b9118"},"headline":"Avon Ecuador e Inmedical Ecuador unen esfuerzos para combatir la violencia contra la mujer y promover el empoderamiento femenino","datePublished":"2023-07-09T07:53:55+00:00","mainEntityOfPage":{"@id":"https:\/\/www.quebakan.com\/v15\/avon-ecuador-e-inmedical-ecuador-unen-esfuerzos-para-combatir-la-violencia-contra-la-mujer-y-promover-el-empoderamiento-femenino\/"},"wordCount":630,"commentCount":0,"publisher":{"@id":"https:\/\/www.quebakan.com\/v15\/#organization"},"image":{"@id":"https:\/\/www.quebakan.com\/v15\/avon-ecuador-e-inmedical-ecuador-unen-esfuerzos-para-combatir-la-violencia-contra-la-mujer-y-promover-el-empoderamiento-femenino\/#primaryimage"},"thumbnailUrl":"https:\/\/www.quebakan.com\/v15\/wp-content\/uploads\/2023\/07\/AVON-e-Inmedical-.jpg","articleSection":["Noticias"],"inLanguage":"es"},{"@type":"WebPage","@id":"https:\/\/www.quebakan.com\/v15\/avon-ecuador-e-inmedical-ecuador-unen-esfuerzos-para-combatir-la-violencia-contra-la-mujer-y-promover-el-empoderamiento-femenino\/","url":"https:\/\/www.quebakan.com\/v15\/avon-ecuador-e-inmedical-ecuador-unen-esfuerzos-para-combatir-la-violencia-contra-la-mujer-y-promover-el-empoderamiento-femenino\/","name":"Avon Ecuador e Inmedical Ecuador unen esfuerzos para combatir la violencia contra la mujer y promover el empoderamiento femenino &#8211; QUEBAKAN.COM 2026: Noticias, Eventos, Conciertos y mucho m\u00e1s....","isPartOf":{"@id":"https:\/\/www.quebakan.com\/v15\/#website"},"primaryImageOfPage":{"@id":"https:\/\/www.quebakan.com\/v15\/avon-ecuador-e-inmedical-ecuador-unen-esfuerzos-para-combatir-la-violencia-contra-la-mujer-y-promover-el-empoderamiento-femenino\/#primaryimage"},"image":{"@id":"https:\/\/www.quebakan.com\/v15\/avon-ecuador-e-inmedical-ecuador-unen-esfuerzos-para-combatir-la-violencia-contra-la-mujer-y-promover-el-empoderamiento-femenino\/#primaryimage"},"thumbnailUrl":"https:\/\/www.quebakan.com\/v15\/wp-content\/uploads\/2023\/07\/AVON-e-Inmedical-.jpg","datePublished":"2023-07-09T07:53:55+00:00","breadcrumb":{"@id":"https:\/\/www.quebakan.com\/v15\/avon-ecuador-e-inmedical-ecuador-unen-esfuerzos-para-combatir-la-violencia-contra-la-mujer-y-promover-el-empoderamiento-femenino\/#breadcrumb"},"inLanguage":"es","potentialAction":[{"@type":"ReadAction","target":["https:\/\/www.quebakan.com\/v15\/avon-ecuador-e-inmedical-ecuador-unen-esfuerzos-para-combatir-la-violencia-contra-la-mujer-y-promover-el-empoderamiento-femenino\/"]}]},{"@type":"ImageObject","inLanguage":"es","@id":"https:\/\/www.quebakan.com\/v15\/avon-ecuador-e-inmedical-ecuador-unen-esfuerzos-para-combatir-la-violencia-contra-la-mujer-y-promover-el-empoderamiento-femenino\/#primaryimage","url":"https:\/\/www.quebakan.com\/v15\/wp-content\/uploads\/2023\/07\/AVON-e-Inmedical-.jpg","contentUrl":"https:\/\/www.quebakan.com\/v15\/wp-content\/uploads\/2023\/07\/AVON-e-Inmedical-.jpg","width":700,"height":356},{"@type":"BreadcrumbList","@id":"https:\/\/www.quebakan.com\/v15\/avon-ecuador-e-inmedical-ecuador-unen-esfuerzos-para-combatir-la-violencia-contra-la-mujer-y-promover-el-empoderamiento-femenino\/#breadcrumb","itemListElement":[{"@type":"ListItem","position":1,"name":"Portada","item":"https:\/\/www.quebakan.com\/v15\/"},{"@type":"ListItem","position":2,"name":"Avon Ecuador e Inmedical Ecuador unen esfuerzos para combatir la violencia contra la mujer y promover el empoderamiento femenino"}]},{"@type":"WebSite","@id":"https:\/\/www.quebakan.com\/v15\/#website","url":"https:\/\/www.quebakan.com\/v15\/","name":"QUEBAKAN","description":"..","publisher":{"@id":"https:\/\/www.quebakan.com\/v15\/#organization"},"potentialAction":[{"@type":"SearchAction","target":{"@type":"EntryPoint","urlTemplate":"https:\/\/www.quebakan.com\/v15\/?s={search_term_string}"},"query-input":{"@type":"PropertyValueSpecification","valueRequired":true,"valueName":"search_term_string"}}],"inLanguage":"es"},{"@type":"Organization","@id":"https:\/\/www.quebakan.com\/v15\/#organization","name":"Quebakan.com","url":"https:\/\/www.quebakan.com\/v15\/","logo":{"@type":"ImageObject","inLanguage":"es","@id":"https:\/\/www.quebakan.com\/v15\/#\/schema\/logo\/image\/","url":"https:\/\/www.quebakan.com\/v15\/wp-content\/uploads\/2023\/07\/logoquebakanenero2021.jpg","contentUrl":"https:\/\/www.quebakan.com\/v15\/wp-content\/uploads\/2023\/07\/logoquebakanenero2021.jpg","width":1920,"height":1080,"caption":"Quebakan.com"},"image":{"@id":"https:\/\/www.quebakan.com\/v15\/#\/schema\/logo\/image\/"},"sameAs":["http:\/\/www.facebook.com\/quebakan","https:\/\/x.com\/quebakanec","http:\/\/www.instagram.com\/quebakan","http:\/\/www.youtube.com\/quebakan1"]},{"@type":"Person","@id":"https:\/\/www.quebakan.com\/v15\/#\/schema\/person\/d90fa9f9cfa81eb8ace9811e5b7b9118","name":"Erick Villafuerte","image":{"@type":"ImageObject","inLanguage":"es","@id":"https:\/\/www.quebakan.com\/v15\/wp-content\/uploads\/avatars\/4\/1731297654-bpfull.png","url":"https:\/\/www.quebakan.com\/v15\/wp-content\/uploads\/avatars\/4\/1731297654-bpfull.png","contentUrl":"https:\/\/www.quebakan.com\/v15\/wp-content\/uploads\/avatars\/4\/1731297654-bpfull.png","caption":"Erick Villafuerte"}}]}},"_links":{"self":[{"href":"https:\/\/www.quebakan.com\/v15\/wp-json\/wp\/v2\/posts\/109367","targetHints":{"allow":["GET"]}}],"collection":[{"href":"https:\/\/www.quebakan.com\/v15\/wp-json\/wp\/v2\/posts"}],"about":[{"href":"https:\/\/www.quebakan.com\/v15\/wp-json\/wp\/v2\/types\/post"}],"author":[{"embeddable":true,"href":"https:\/\/www.quebakan.com\/v15\/wp-json\/wp\/v2\/users\/4"}],"replies":[{"embeddable":true,"href":"https:\/\/www.quebakan.com\/v15\/wp-json\/wp\/v2\/comments?post=109367"}],"version-history":[{"count":1,"href":"https:\/\/www.quebakan.com\/v15\/wp-json\/wp\/v2\/posts\/109367\/revisions"}],"predecessor-version":[{"id":109370,"href":"https:\/\/www.quebakan.com\/v15\/wp-json\/wp\/v2\/posts\/109367\/revisions\/109370"}],"wp:featuredmedia":[{"embeddable":true,"href":"https:\/\/www.quebakan.com\/v15\/wp-json\/wp\/v2\/media\/109368"}],"wp:attachment":[{"href":"https:\/\/www.quebakan.com\/v15\/wp-json\/wp\/v2\/media?parent=109367"}],"wp:term":[{"taxonomy":"category","embeddable":true,"href":"https:\/\/www.quebakan.com\/v15\/wp-json\/wp\/v2\/categories?post=109367"},{"taxonomy":"post_tag","embeddable":true,"href":"https:\/\/www.quebakan.com\/v15\/wp-json\/wp\/v2\/tags?post=109367"}],"curies":[{"name":"wp","href":"https:\/\/api.w.org\/{rel}","templated":true}]}}