{"id":109374,"date":"2023-07-09T17:45:09","date_gmt":"2023-07-09T22:45:09","guid":{"rendered":"https:\/\/www.quebakan.com\/v15\/?p=109374"},"modified":"2023-07-09T17:45:09","modified_gmt":"2023-07-09T22:45:09","slug":"hacen-falta-mas-de-1-000-anos-para-que-se-forme-un-centimetro-de-suelo","status":"publish","type":"post","link":"https:\/\/www.quebakan.com\/v15\/hacen-falta-mas-de-1-000-anos-para-que-se-forme-un-centimetro-de-suelo\/","title":{"rendered":"Hacen falta m\u00e1s de 1.000 a\u00f1os para que se forme un cent\u00edmetro de suelo"},"content":{"rendered":"<p><img fetchpriority=\"high\" decoding=\"async\" class=\"aligncenter size-full wp-image-109375\" src=\"https:\/\/www.quebakan.com\/v15\/wp-content\/uploads\/2023\/07\/Suelo-BASF.jpg\" alt=\"\" width=\"700\" height=\"467\" \/><\/p>\n<ul>\n<li style=\"text-align: justify;\"><span style=\"color: #000000;\"><em>El D\u00eda Mundial de la Conservaci\u00f3n del Suelo se celebra el 7 de julio de cada a\u00f1o para conmemorar que, d<\/em><em>esde la producci\u00f3n de alimentos hasta la regulaci\u00f3n del ciclo del agua y la mitigaci\u00f3n del cambio clim\u00e1tico, el suelo desempe\u00f1a un papel esencial y merece una mayor atenci\u00f3n y cuidado.<\/em><\/span><\/li>\n<\/ul>\n<ul style=\"text-align: justify;\">\n<li><span style=\"color: #000000;\"><em>Para preservar la salud del suelo en la agricultura, es fundamental implementar pr\u00e1cticas adecuadas. Mediante la aplicaci\u00f3n de tecnolog\u00edas avanzadas para recolectar y analizar datos, es posible monitorear y predecir eventos de manera eficiente. Esto facilita la toma de decisiones r\u00e1pidas y oportunas para mitigar el impacto de las actividades agr\u00edcolas en los suelos aptos para la agricultura.<\/em><\/span><\/li>\n<\/ul>\n<ul style=\"text-align: justify;\">\n<li><span style=\"color: #000000;\"><em>El suelo que tenemos es el \u00fanico suelo que habr\u00e1 a lo largo de nuestras vidas.<\/em><\/span><\/li>\n<\/ul>\n<p style=\"text-align: justify;\"><span style=\"color: #000000;\"><strong>Quito, julio de 2023. <\/strong>Seg\u00fan la Convenci\u00f3n de las Naciones Unidas de Lucha contra la Desertificaci\u00f3n, la degradaci\u00f3n del suelo le cuesta a la econom\u00eda mundial entre $ 18 y 20 billones de d\u00f3lares anuales, pero la econom\u00eda no es el \u00fanico problema, pues como indica la Organizaci\u00f3n de las Naciones Unidas para la Alimentaci\u00f3n y la Agricultura (FAO), alrededor de un tercio de los suelos del mundo se consideran degradados, lo que representa unos 2 mil millones de hect\u00e1reas de tierra. El suelo es un recurso no renovable que no solo permite la producci\u00f3n de alimentos y la filtraci\u00f3n del agua, sino que es un aliado imprescindible para combatir el cambio clim\u00e1tico.<\/span><\/p>\n<p style=\"text-align: justify;\"><span style=\"color: #000000;\">Cuando volvemos la mirada al campo, hay algunas pr\u00e1cticas que pueden generar da\u00f1os no s\u00f3lo a la naturaleza sino tambi\u00e9n al productor, precisamente porque formamos parte de una red que influye y sufre la influencia, respectivamente. Como respuesta a este panorama, se est\u00e1 desarrollando con \u00e9xito la agricultura inteligente o \u2018Smartfarming\u2019, un concepto que se fundamenta en no desperdiciar nada: ni terreno, ni productos, ni recursos vitales como el agua.<\/span><\/p>\n<p style=\"text-align: justify;\"><span style=\"color: #000000;\">La informaci\u00f3n almacenada, el tratamiento de datos y el uso de algoritmos parecen temas que nada tienen que ver con el cultivo del campo, las siembras, la agricultura y mucho menos con la protecci\u00f3n del suelo. Sin embargo, con el desarrollo y la innovaci\u00f3n que se viene dando en el sector agr\u00edcola, estos conceptos que engloban a la agricultura inteligente se est\u00e1n haciendo cada vez m\u00e1s imprescindibles en las actividades de la tierra. Con la tecnolog\u00eda en el campo, el agricultor puede hacer seguimiento de sus cultivos de manera precisa para determinar, sin equ\u00edvocos, d\u00f3nde es conveniente intervenir.<\/span><\/p>\n<p style=\"text-align: justify;\"><span style=\"color: #000000;\">Esta es una pr\u00e1ctica sostenible, concebida para gestionar los recursos naturales de manera eficaz y disminuir el impacto de esta actividad en el medio ambiente. <em>\u201cAl hacer las aplicaciones de productos \u2013agroqu\u00edmicos y fertilizantes- de forma directa y precisa, no habr\u00e1 residuos de estos que contaminen la tierra y el agua. De esa manera, se disminuyen, por ejemplo, los gases de efecto invernadero, la deforestaci\u00f3n y se utiliza mejor el recurso natural\u201d,<\/em> explica Fernando Mora, coordinador de Gesti\u00f3n de Producto de BASF para Ecuador y Colombia.<\/span><\/p>\n<p style=\"text-align: justify;\"><span style=\"color: #000000;\">Uno de los ejemplos de adopci\u00f3n de agricultura de precisi\u00f3n es la recolecci\u00f3n y el an\u00e1lisis de datos que le permite al agricultor, adem\u00e1s de monitorear mejor sus cultivos, predecir y detectar anomal\u00edas en ellos. \u201c<em>A trav\u00e9s de algoritmos e inteligencia artificial es posible calcular hasta en un 99 % la presencia de enfermedades y malezas. Esto, sin duda, es una gran ventaja en temas de productividad\u201d,<\/em> explica el experto. Adem\u00e1s del beneficio ambiental, el uso de la agricultura inteligente derivar\u00e1 en ahorros y una producci\u00f3n sostenible al optimizarse los procesos.<\/span><\/p>\n<p style=\"text-align: justify;\"><span style=\"color: #000000;\">En Ecuador son los cultivos de exportaci\u00f3n los que est\u00e1n a la vanguardia de estos procesos de inteligencia agr\u00edcola. <em>\u201cLa tecnificaci\u00f3n en el campo es vital para la competitividad del pa\u00eds, pues el uso de estas t\u00e9cnicas que permiten producciones eficientes y seguras con el medio ambiente y el uso del suelo, siguen mejor los lineamientos de los entes de control que dan las certificaciones de calidad de los productos\u201d,<\/em> asegura Mora.\u00a0<\/span><\/p>\n<p style=\"text-align: justify;\"><span style=\"color: #000000;\">Otra adopci\u00f3n exitosa de la tecnolog\u00eda en la agricultura es la aplicaci\u00f3n a\u00e9rea. \u201c<em>En los drones se puede implementar ahora sistemas de GPS, de posicionamiento global y v\u00e1lvulas de flujo inteligente que nos ayudan a hacer aplicaciones de manera m\u00e1s eficiente y exacta\u201d,<\/em> comenta Mora. El uso de drones para actividades agr\u00edcolas, por ejemplo, se ha incrementado en un 80% desde 2020. En Estados Unidos, su uso para la inspecci\u00f3n del campo es imprescindible porque permite el manejo de tractores no tripulados, riego remoto, nivelaci\u00f3n del suelo por l\u00e1ser y la utilizaci\u00f3n de sensores para aplicaciones exactas y seguras de agroqu\u00edmicos.<\/span><\/p>\n<p style=\"text-align: justify;\"><span style=\"color: #000000;\">La manera tradicional de trabajar la tierra est\u00e1 cambiando y la agricultura de precisi\u00f3n es la respuesta a los agricultores que quieren cultivos sanos, rentables y cada vez m\u00e1s sostenibles.\u00a0 \u2018Smartfarming\u2019 asegura el futuro de la agricultura y por lo tanto, a la soberan\u00eda alimentaria. Sin duda, el registro y digitalizaci\u00f3n de los datos que recoge esta tecnolog\u00eda se convierten as\u00ed en el insumo m\u00e1s valioso para el agricultor y en el aliado m\u00e1s poderoso para la conservaci\u00f3n del suelo cultivable.<\/span><\/p>\n<p><img decoding=\"async\" class=\"aligncenter size-full wp-image-109376\" src=\"https:\/\/www.quebakan.com\/v15\/wp-content\/uploads\/2023\/07\/Conservacion-suelo.jpg\" alt=\"\" width=\"525\" height=\"700\" \/><\/p>\n","protected":false},"excerpt":{"rendered":"<p>El D\u00eda Mundial de la Conservaci\u00f3n del Suelo se celebra el 7 de julio de cada a\u00f1o para conmemorar que, desde la producci\u00f3n de alimentos hasta la regulaci\u00f3n del ciclo del agua y la mitigaci\u00f3n del cambio clim\u00e1tico, el suelo desempe\u00f1a un papel esencial y merece una mayor atenci\u00f3n y cuidado. Para preservar la salud [&hellip;]<\/p>\n","protected":false},"author":4,"featured_media":109375,"comment_status":"open","ping_status":"open","sticky":false,"template":"","format":"standard","meta":{"_bbp_topic_count":0,"_bbp_reply_count":0,"_bbp_total_topic_count":0,"_bbp_total_reply_count":0,"_bbp_voice_count":0,"_bbp_anonymous_reply_count":0,"_bbp_topic_count_hidden":0,"_bbp_reply_count_hidden":0,"_bbp_forum_subforum_count":0,"buzzeditor_post_format":"","footnotes":""},"categories":[2],"tags":[],"class_list":["post-109374","post","type-post","status-publish","format-standard","has-post-thumbnail","hentry","category-noticias"],"yoast_head":"<!-- This site is optimized with the Yoast SEO plugin v27.4 - https:\/\/yoast.com\/product\/yoast-seo-wordpress\/ -->\n<title>Hacen falta m\u00e1s de 1.000 a\u00f1os para que se forme un cent\u00edmetro de suelo &#8211; QUEBAKAN.COM 2026: Noticias, Eventos, Conciertos y mucho m\u00e1s....<\/title>\n<meta name=\"robots\" content=\"index, follow, max-snippet:-1, max-image-preview:large, max-video-preview:-1\" \/>\n<link rel=\"canonical\" href=\"https:\/\/www.quebakan.com\/v15\/hacen-falta-mas-de-1-000-anos-para-que-se-forme-un-centimetro-de-suelo\/\" \/>\n<meta property=\"og:locale\" content=\"es_ES\" \/>\n<meta property=\"og:type\" content=\"article\" \/>\n<meta property=\"og:title\" content=\"Hacen falta m\u00e1s de 1.000 a\u00f1os para que se forme un cent\u00edmetro de suelo &#8211; QUEBAKAN.COM 2026: Noticias, Eventos, Conciertos y mucho m\u00e1s....\" \/>\n<meta property=\"og:description\" content=\"El D\u00eda Mundial de la Conservaci\u00f3n del Suelo se celebra el 7 de julio de cada a\u00f1o para conmemorar que, desde la producci\u00f3n de alimentos hasta la regulaci\u00f3n del ciclo del agua y la mitigaci\u00f3n del cambio clim\u00e1tico, el suelo desempe\u00f1a un papel esencial y merece una mayor atenci\u00f3n y cuidado. Para preservar la salud [&hellip;]\" \/>\n<meta property=\"og:url\" content=\"https:\/\/www.quebakan.com\/v15\/hacen-falta-mas-de-1-000-anos-para-que-se-forme-un-centimetro-de-suelo\/\" \/>\n<meta property=\"og:site_name\" content=\"QUEBAKAN.COM 2026: Noticias, Eventos, Conciertos y mucho m\u00e1s....\" \/>\n<meta property=\"article:publisher\" content=\"http:\/\/www.facebook.com\/quebakan\" \/>\n<meta property=\"article:published_time\" content=\"2023-07-09T22:45:09+00:00\" \/>\n<meta property=\"og:image\" content=\"https:\/\/www.quebakan.com\/v15\/wp-content\/uploads\/2023\/07\/Suelo-BASF.jpg\" \/>\n\t<meta property=\"og:image:width\" content=\"700\" \/>\n\t<meta property=\"og:image:height\" content=\"467\" \/>\n\t<meta property=\"og:image:type\" content=\"image\/jpeg\" \/>\n<meta name=\"author\" content=\"Erick Villafuerte\" \/>\n<meta name=\"twitter:card\" content=\"summary_large_image\" \/>\n<meta name=\"twitter:creator\" content=\"@quebakanec\" \/>\n<meta name=\"twitter:site\" content=\"@quebakanec\" \/>\n<meta name=\"twitter:label1\" content=\"Escrito por\" \/>\n\t<meta name=\"twitter:data1\" content=\"Erick Villafuerte\" \/>\n\t<meta name=\"twitter:label2\" content=\"Tiempo de lectura\" \/>\n\t<meta name=\"twitter:data2\" content=\"5 minutos\" \/>\n<script type=\"application\/ld+json\" class=\"yoast-schema-graph\">{\"@context\":\"https:\\\/\\\/schema.org\",\"@graph\":[{\"@type\":\"Article\",\"@id\":\"https:\\\/\\\/www.quebakan.com\\\/v15\\\/hacen-falta-mas-de-1-000-anos-para-que-se-forme-un-centimetro-de-suelo\\\/#article\",\"isPartOf\":{\"@id\":\"https:\\\/\\\/www.quebakan.com\\\/v15\\\/hacen-falta-mas-de-1-000-anos-para-que-se-forme-un-centimetro-de-suelo\\\/\"},\"author\":{\"name\":\"Erick Villafuerte\",\"@id\":\"https:\\\/\\\/www.quebakan.com\\\/v15\\\/#\\\/schema\\\/person\\\/d90fa9f9cfa81eb8ace9811e5b7b9118\"},\"headline\":\"Hacen falta m\u00e1s de 1.000 a\u00f1os para que se forme un cent\u00edmetro de suelo\",\"datePublished\":\"2023-07-09T22:45:09+00:00\",\"mainEntityOfPage\":{\"@id\":\"https:\\\/\\\/www.quebakan.com\\\/v15\\\/hacen-falta-mas-de-1-000-anos-para-que-se-forme-un-centimetro-de-suelo\\\/\"},\"wordCount\":923,\"commentCount\":0,\"publisher\":{\"@id\":\"https:\\\/\\\/www.quebakan.com\\\/v15\\\/#organization\"},\"image\":{\"@id\":\"https:\\\/\\\/www.quebakan.com\\\/v15\\\/hacen-falta-mas-de-1-000-anos-para-que-se-forme-un-centimetro-de-suelo\\\/#primaryimage\"},\"thumbnailUrl\":\"https:\\\/\\\/www.quebakan.com\\\/v15\\\/wp-content\\\/uploads\\\/2023\\\/07\\\/Suelo-BASF.jpg\",\"articleSection\":[\"Noticias\"],\"inLanguage\":\"es\"},{\"@type\":\"WebPage\",\"@id\":\"https:\\\/\\\/www.quebakan.com\\\/v15\\\/hacen-falta-mas-de-1-000-anos-para-que-se-forme-un-centimetro-de-suelo\\\/\",\"url\":\"https:\\\/\\\/www.quebakan.com\\\/v15\\\/hacen-falta-mas-de-1-000-anos-para-que-se-forme-un-centimetro-de-suelo\\\/\",\"name\":\"Hacen falta m\u00e1s de 1.000 a\u00f1os para que se forme un cent\u00edmetro de suelo &#8211; QUEBAKAN.COM 2026: Noticias, Eventos, Conciertos y mucho m\u00e1s....\",\"isPartOf\":{\"@id\":\"https:\\\/\\\/www.quebakan.com\\\/v15\\\/#website\"},\"primaryImageOfPage\":{\"@id\":\"https:\\\/\\\/www.quebakan.com\\\/v15\\\/hacen-falta-mas-de-1-000-anos-para-que-se-forme-un-centimetro-de-suelo\\\/#primaryimage\"},\"image\":{\"@id\":\"https:\\\/\\\/www.quebakan.com\\\/v15\\\/hacen-falta-mas-de-1-000-anos-para-que-se-forme-un-centimetro-de-suelo\\\/#primaryimage\"},\"thumbnailUrl\":\"https:\\\/\\\/www.quebakan.com\\\/v15\\\/wp-content\\\/uploads\\\/2023\\\/07\\\/Suelo-BASF.jpg\",\"datePublished\":\"2023-07-09T22:45:09+00:00\",\"breadcrumb\":{\"@id\":\"https:\\\/\\\/www.quebakan.com\\\/v15\\\/hacen-falta-mas-de-1-000-anos-para-que-se-forme-un-centimetro-de-suelo\\\/#breadcrumb\"},\"inLanguage\":\"es\",\"potentialAction\":[{\"@type\":\"ReadAction\",\"target\":[\"https:\\\/\\\/www.quebakan.com\\\/v15\\\/hacen-falta-mas-de-1-000-anos-para-que-se-forme-un-centimetro-de-suelo\\\/\"]}]},{\"@type\":\"ImageObject\",\"inLanguage\":\"es\",\"@id\":\"https:\\\/\\\/www.quebakan.com\\\/v15\\\/hacen-falta-mas-de-1-000-anos-para-que-se-forme-un-centimetro-de-suelo\\\/#primaryimage\",\"url\":\"https:\\\/\\\/www.quebakan.com\\\/v15\\\/wp-content\\\/uploads\\\/2023\\\/07\\\/Suelo-BASF.jpg\",\"contentUrl\":\"https:\\\/\\\/www.quebakan.com\\\/v15\\\/wp-content\\\/uploads\\\/2023\\\/07\\\/Suelo-BASF.jpg\",\"width\":700,\"height\":467},{\"@type\":\"BreadcrumbList\",\"@id\":\"https:\\\/\\\/www.quebakan.com\\\/v15\\\/hacen-falta-mas-de-1-000-anos-para-que-se-forme-un-centimetro-de-suelo\\\/#breadcrumb\",\"itemListElement\":[{\"@type\":\"ListItem\",\"position\":1,\"name\":\"Portada\",\"item\":\"https:\\\/\\\/www.quebakan.com\\\/v15\\\/\"},{\"@type\":\"ListItem\",\"position\":2,\"name\":\"Hacen falta m\u00e1s de 1.000 a\u00f1os para que se forme un cent\u00edmetro de suelo\"}]},{\"@type\":\"WebSite\",\"@id\":\"https:\\\/\\\/www.quebakan.com\\\/v15\\\/#website\",\"url\":\"https:\\\/\\\/www.quebakan.com\\\/v15\\\/\",\"name\":\"QUEBAKAN\",\"description\":\"..\",\"publisher\":{\"@id\":\"https:\\\/\\\/www.quebakan.com\\\/v15\\\/#organization\"},\"potentialAction\":[{\"@type\":\"SearchAction\",\"target\":{\"@type\":\"EntryPoint\",\"urlTemplate\":\"https:\\\/\\\/www.quebakan.com\\\/v15\\\/?s={search_term_string}\"},\"query-input\":{\"@type\":\"PropertyValueSpecification\",\"valueRequired\":true,\"valueName\":\"search_term_string\"}}],\"inLanguage\":\"es\"},{\"@type\":\"Organization\",\"@id\":\"https:\\\/\\\/www.quebakan.com\\\/v15\\\/#organization\",\"name\":\"Quebakan.com\",\"url\":\"https:\\\/\\\/www.quebakan.com\\\/v15\\\/\",\"logo\":{\"@type\":\"ImageObject\",\"inLanguage\":\"es\",\"@id\":\"https:\\\/\\\/www.quebakan.com\\\/v15\\\/#\\\/schema\\\/logo\\\/image\\\/\",\"url\":\"https:\\\/\\\/www.quebakan.com\\\/v15\\\/wp-content\\\/uploads\\\/2023\\\/07\\\/logoquebakanenero2021.jpg\",\"contentUrl\":\"https:\\\/\\\/www.quebakan.com\\\/v15\\\/wp-content\\\/uploads\\\/2023\\\/07\\\/logoquebakanenero2021.jpg\",\"width\":1920,\"height\":1080,\"caption\":\"Quebakan.com\"},\"image\":{\"@id\":\"https:\\\/\\\/www.quebakan.com\\\/v15\\\/#\\\/schema\\\/logo\\\/image\\\/\"},\"sameAs\":[\"http:\\\/\\\/www.facebook.com\\\/quebakan\",\"https:\\\/\\\/x.com\\\/quebakanec\",\"http:\\\/\\\/www.instagram.com\\\/quebakan\",\"http:\\\/\\\/www.youtube.com\\\/quebakan1\"]},{\"@type\":\"Person\",\"@id\":\"https:\\\/\\\/www.quebakan.com\\\/v15\\\/#\\\/schema\\\/person\\\/d90fa9f9cfa81eb8ace9811e5b7b9118\",\"name\":\"Erick Villafuerte\",\"image\":{\"@type\":\"ImageObject\",\"inLanguage\":\"es\",\"@id\":\"https:\\\/\\\/www.quebakan.com\\\/v15\\\/wp-content\\\/uploads\\\/avatars\\\/4\\\/1731297654-bpfull.png\",\"url\":\"https:\\\/\\\/www.quebakan.com\\\/v15\\\/wp-content\\\/uploads\\\/avatars\\\/4\\\/1731297654-bpfull.png\",\"contentUrl\":\"https:\\\/\\\/www.quebakan.com\\\/v15\\\/wp-content\\\/uploads\\\/avatars\\\/4\\\/1731297654-bpfull.png\",\"caption\":\"Erick Villafuerte\"}}]}<\/script>\n<!-- \/ Yoast SEO plugin. -->","yoast_head_json":{"title":"Hacen falta m\u00e1s de 1.000 a\u00f1os para que se forme un cent\u00edmetro de suelo &#8211; QUEBAKAN.COM 2026: Noticias, Eventos, Conciertos y mucho m\u00e1s....","robots":{"index":"index","follow":"follow","max-snippet":"max-snippet:-1","max-image-preview":"max-image-preview:large","max-video-preview":"max-video-preview:-1"},"canonical":"https:\/\/www.quebakan.com\/v15\/hacen-falta-mas-de-1-000-anos-para-que-se-forme-un-centimetro-de-suelo\/","og_locale":"es_ES","og_type":"article","og_title":"Hacen falta m\u00e1s de 1.000 a\u00f1os para que se forme un cent\u00edmetro de suelo &#8211; QUEBAKAN.COM 2026: Noticias, Eventos, Conciertos y mucho m\u00e1s....","og_description":"El D\u00eda Mundial de la Conservaci\u00f3n del Suelo se celebra el 7 de julio de cada a\u00f1o para conmemorar que, desde la producci\u00f3n de alimentos hasta la regulaci\u00f3n del ciclo del agua y la mitigaci\u00f3n del cambio clim\u00e1tico, el suelo desempe\u00f1a un papel esencial y merece una mayor atenci\u00f3n y cuidado. Para preservar la salud [&hellip;]","og_url":"https:\/\/www.quebakan.com\/v15\/hacen-falta-mas-de-1-000-anos-para-que-se-forme-un-centimetro-de-suelo\/","og_site_name":"QUEBAKAN.COM 2026: Noticias, Eventos, Conciertos y mucho m\u00e1s....","article_publisher":"http:\/\/www.facebook.com\/quebakan","article_published_time":"2023-07-09T22:45:09+00:00","og_image":[{"width":700,"height":467,"url":"https:\/\/www.quebakan.com\/v15\/wp-content\/uploads\/2023\/07\/Suelo-BASF.jpg","type":"image\/jpeg"}],"author":"Erick Villafuerte","twitter_card":"summary_large_image","twitter_creator":"@quebakanec","twitter_site":"@quebakanec","twitter_misc":{"Escrito por":"Erick Villafuerte","Tiempo de lectura":"5 minutos"},"schema":{"@context":"https:\/\/schema.org","@graph":[{"@type":"Article","@id":"https:\/\/www.quebakan.com\/v15\/hacen-falta-mas-de-1-000-anos-para-que-se-forme-un-centimetro-de-suelo\/#article","isPartOf":{"@id":"https:\/\/www.quebakan.com\/v15\/hacen-falta-mas-de-1-000-anos-para-que-se-forme-un-centimetro-de-suelo\/"},"author":{"name":"Erick Villafuerte","@id":"https:\/\/www.quebakan.com\/v15\/#\/schema\/person\/d90fa9f9cfa81eb8ace9811e5b7b9118"},"headline":"Hacen falta m\u00e1s de 1.000 a\u00f1os para que se forme un cent\u00edmetro de suelo","datePublished":"2023-07-09T22:45:09+00:00","mainEntityOfPage":{"@id":"https:\/\/www.quebakan.com\/v15\/hacen-falta-mas-de-1-000-anos-para-que-se-forme-un-centimetro-de-suelo\/"},"wordCount":923,"commentCount":0,"publisher":{"@id":"https:\/\/www.quebakan.com\/v15\/#organization"},"image":{"@id":"https:\/\/www.quebakan.com\/v15\/hacen-falta-mas-de-1-000-anos-para-que-se-forme-un-centimetro-de-suelo\/#primaryimage"},"thumbnailUrl":"https:\/\/www.quebakan.com\/v15\/wp-content\/uploads\/2023\/07\/Suelo-BASF.jpg","articleSection":["Noticias"],"inLanguage":"es"},{"@type":"WebPage","@id":"https:\/\/www.quebakan.com\/v15\/hacen-falta-mas-de-1-000-anos-para-que-se-forme-un-centimetro-de-suelo\/","url":"https:\/\/www.quebakan.com\/v15\/hacen-falta-mas-de-1-000-anos-para-que-se-forme-un-centimetro-de-suelo\/","name":"Hacen falta m\u00e1s de 1.000 a\u00f1os para que se forme un cent\u00edmetro de suelo &#8211; QUEBAKAN.COM 2026: Noticias, Eventos, Conciertos y mucho m\u00e1s....","isPartOf":{"@id":"https:\/\/www.quebakan.com\/v15\/#website"},"primaryImageOfPage":{"@id":"https:\/\/www.quebakan.com\/v15\/hacen-falta-mas-de-1-000-anos-para-que-se-forme-un-centimetro-de-suelo\/#primaryimage"},"image":{"@id":"https:\/\/www.quebakan.com\/v15\/hacen-falta-mas-de-1-000-anos-para-que-se-forme-un-centimetro-de-suelo\/#primaryimage"},"thumbnailUrl":"https:\/\/www.quebakan.com\/v15\/wp-content\/uploads\/2023\/07\/Suelo-BASF.jpg","datePublished":"2023-07-09T22:45:09+00:00","breadcrumb":{"@id":"https:\/\/www.quebakan.com\/v15\/hacen-falta-mas-de-1-000-anos-para-que-se-forme-un-centimetro-de-suelo\/#breadcrumb"},"inLanguage":"es","potentialAction":[{"@type":"ReadAction","target":["https:\/\/www.quebakan.com\/v15\/hacen-falta-mas-de-1-000-anos-para-que-se-forme-un-centimetro-de-suelo\/"]}]},{"@type":"ImageObject","inLanguage":"es","@id":"https:\/\/www.quebakan.com\/v15\/hacen-falta-mas-de-1-000-anos-para-que-se-forme-un-centimetro-de-suelo\/#primaryimage","url":"https:\/\/www.quebakan.com\/v15\/wp-content\/uploads\/2023\/07\/Suelo-BASF.jpg","contentUrl":"https:\/\/www.quebakan.com\/v15\/wp-content\/uploads\/2023\/07\/Suelo-BASF.jpg","width":700,"height":467},{"@type":"BreadcrumbList","@id":"https:\/\/www.quebakan.com\/v15\/hacen-falta-mas-de-1-000-anos-para-que-se-forme-un-centimetro-de-suelo\/#breadcrumb","itemListElement":[{"@type":"ListItem","position":1,"name":"Portada","item":"https:\/\/www.quebakan.com\/v15\/"},{"@type":"ListItem","position":2,"name":"Hacen falta m\u00e1s de 1.000 a\u00f1os para que se forme un cent\u00edmetro de suelo"}]},{"@type":"WebSite","@id":"https:\/\/www.quebakan.com\/v15\/#website","url":"https:\/\/www.quebakan.com\/v15\/","name":"QUEBAKAN","description":"..","publisher":{"@id":"https:\/\/www.quebakan.com\/v15\/#organization"},"potentialAction":[{"@type":"SearchAction","target":{"@type":"EntryPoint","urlTemplate":"https:\/\/www.quebakan.com\/v15\/?s={search_term_string}"},"query-input":{"@type":"PropertyValueSpecification","valueRequired":true,"valueName":"search_term_string"}}],"inLanguage":"es"},{"@type":"Organization","@id":"https:\/\/www.quebakan.com\/v15\/#organization","name":"Quebakan.com","url":"https:\/\/www.quebakan.com\/v15\/","logo":{"@type":"ImageObject","inLanguage":"es","@id":"https:\/\/www.quebakan.com\/v15\/#\/schema\/logo\/image\/","url":"https:\/\/www.quebakan.com\/v15\/wp-content\/uploads\/2023\/07\/logoquebakanenero2021.jpg","contentUrl":"https:\/\/www.quebakan.com\/v15\/wp-content\/uploads\/2023\/07\/logoquebakanenero2021.jpg","width":1920,"height":1080,"caption":"Quebakan.com"},"image":{"@id":"https:\/\/www.quebakan.com\/v15\/#\/schema\/logo\/image\/"},"sameAs":["http:\/\/www.facebook.com\/quebakan","https:\/\/x.com\/quebakanec","http:\/\/www.instagram.com\/quebakan","http:\/\/www.youtube.com\/quebakan1"]},{"@type":"Person","@id":"https:\/\/www.quebakan.com\/v15\/#\/schema\/person\/d90fa9f9cfa81eb8ace9811e5b7b9118","name":"Erick Villafuerte","image":{"@type":"ImageObject","inLanguage":"es","@id":"https:\/\/www.quebakan.com\/v15\/wp-content\/uploads\/avatars\/4\/1731297654-bpfull.png","url":"https:\/\/www.quebakan.com\/v15\/wp-content\/uploads\/avatars\/4\/1731297654-bpfull.png","contentUrl":"https:\/\/www.quebakan.com\/v15\/wp-content\/uploads\/avatars\/4\/1731297654-bpfull.png","caption":"Erick Villafuerte"}}]}},"_links":{"self":[{"href":"https:\/\/www.quebakan.com\/v15\/wp-json\/wp\/v2\/posts\/109374","targetHints":{"allow":["GET"]}}],"collection":[{"href":"https:\/\/www.quebakan.com\/v15\/wp-json\/wp\/v2\/posts"}],"about":[{"href":"https:\/\/www.quebakan.com\/v15\/wp-json\/wp\/v2\/types\/post"}],"author":[{"embeddable":true,"href":"https:\/\/www.quebakan.com\/v15\/wp-json\/wp\/v2\/users\/4"}],"replies":[{"embeddable":true,"href":"https:\/\/www.quebakan.com\/v15\/wp-json\/wp\/v2\/comments?post=109374"}],"version-history":[{"count":1,"href":"https:\/\/www.quebakan.com\/v15\/wp-json\/wp\/v2\/posts\/109374\/revisions"}],"predecessor-version":[{"id":109377,"href":"https:\/\/www.quebakan.com\/v15\/wp-json\/wp\/v2\/posts\/109374\/revisions\/109377"}],"wp:featuredmedia":[{"embeddable":true,"href":"https:\/\/www.quebakan.com\/v15\/wp-json\/wp\/v2\/media\/109375"}],"wp:attachment":[{"href":"https:\/\/www.quebakan.com\/v15\/wp-json\/wp\/v2\/media?parent=109374"}],"wp:term":[{"taxonomy":"category","embeddable":true,"href":"https:\/\/www.quebakan.com\/v15\/wp-json\/wp\/v2\/categories?post=109374"},{"taxonomy":"post_tag","embeddable":true,"href":"https:\/\/www.quebakan.com\/v15\/wp-json\/wp\/v2\/tags?post=109374"}],"curies":[{"name":"wp","href":"https:\/\/api.w.org\/{rel}","templated":true}]}}