{"id":109378,"date":"2023-07-09T18:09:29","date_gmt":"2023-07-09T23:09:29","guid":{"rendered":"https:\/\/www.quebakan.com\/v15\/?p=109378"},"modified":"2023-07-09T18:09:29","modified_gmt":"2023-07-09T23:09:29","slug":"manuela-picq-presenta-su-libro-soberanias-vernaculas-en-guayaquil","status":"publish","type":"post","link":"https:\/\/www.quebakan.com\/v15\/manuela-picq-presenta-su-libro-soberanias-vernaculas-en-guayaquil\/","title":{"rendered":"Manuela Picq presenta su libro Soberan\u00edas Vern\u00e1culas en Guayaquil"},"content":{"rendered":"<p><img fetchpriority=\"high\" decoding=\"async\" class=\"aligncenter size-full wp-image-109379\" src=\"https:\/\/www.quebakan.com\/v15\/wp-content\/uploads\/2023\/07\/DSC7251.jpg\" alt=\"\" width=\"700\" height=\"467\" \/><\/p>\n<p style=\"text-align: justify;\"><span style=\"color: #000000;\">Manuela Lavinas Picq es franco-brasileira. Se desempe\u00f1a como profesora de Relaciones Internacionales en la Universidad San Francisco de Quito (USFQ) y Senior Lecturer en Ciencia Pol\u00edtica y Estudios de Mujeres, G\u00e9nero y Sexualidades en Amherst College.<\/span><\/p>\n<p style=\"text-align: justify;\"><span style=\"color: #000000;\">Es autora de varios libros y art\u00edculos acad\u00e9micos, cronista para medios de comunicaci\u00f3n como Al Jazeera y ha ocupado puestos de investigaci\u00f3n en Fre\u00efe Universit\u00e4t, The Institute for Advanced Study y The Woodrow Wilson Center.<\/span><\/p>\n<p style=\"text-align: justify;\"><span style=\"color: #000000;\"><strong>RESUMEN<\/strong><\/span><\/p>\n<p style=\"text-align: justify;\"><span style=\"color: #000000;\">Las mujeres ind\u00edgenas son casi invisibles en la pol\u00edtica mundial, imaginadas como sujetos pasivos al margen de los procesos de toma de decisi\u00f3n o la ant\u00edtesis de las relaciones internacionales. Sin embargo, desde sus posiciones de marginalidad las mujeres ind\u00edgenas se encuentran entre las fuerzas pol\u00edticas que est\u00e1n remodelando los Estados en Am\u00e9rica Latina.<\/span><\/p>\n<p style=\"text-align: justify;\"><span style=\"color: #000000;\">En Soberan\u00edas Vern\u00e1culas, Manuela Lavinas Picq muestra que las mujeres ind\u00edgenas han sido hist\u00f3ricamente actores pol\u00edticos din\u00e1micos que han moldeado las pr\u00e1cticas estatales con sus variadas formas de resistencia. Su investigaci\u00f3n sobre Ecuador muestra que, aunque las mujeres kichwa se enfrentan a opresiones superpuestas que van desde la violencia socioecon\u00f3mica a la sexual, est\u00e1n construyendo derechos \u00fanicos en el mundo. Durante la reforma constitucional de 2008 defendieron con \u00e9xito la participaci\u00f3n de las mujeres en la administraci\u00f3n de justicia ind\u00edgena, creando la primera constituci\u00f3n de Am\u00e9rica Latina que garantiza expl\u00edcitamente los derechos de las mujeres ind\u00edgenas, y la primera en el mundo que exige la paridad de g\u00e9nero en la administraci\u00f3n de justicia.<\/span><\/p>\n<p style=\"text-align: justify;\"><span style=\"color: #000000;\">Manuela ofrece estudios emp\u00edricos que demuestran la importancia de las mujeres ind\u00edgenas en la pol\u00edtica internacional y la sofisticaci\u00f3n de su activismo. Las mujeres ind\u00edgenas utilizan estrat\u00e9gicamente las normas internacionales para definir formas locales de autoridad legal, desafiando las pr\u00e1cticas occidentales de autoridad a medida que construyen lo que la autora denomina soberan\u00edas vern\u00e1culas. Esta obra interdisciplinar entrelaza las perspectivas feministas con los estudios ind\u00edgenas para ampliar los debates conceptuales sobre la soberan\u00eda moderna.<\/span><\/p>\n<p style=\"text-align: justify;\"><span style=\"color: #000000;\">Manuela sugiere de forma persuasiva que la invisibilidad de las mujeres ind\u00edgenas en la alta pol\u00edtica es m\u00e1s una consecuencia de la incapacidad a reconocer su fuerza que un resultado de su ausencia de facto. Este libro es una invitaci\u00f3n no s\u00f3lo a reconocer sus logros, sino tambi\u00e9n a comprender por qu\u00e9 son actoras importantes para la pol\u00edtica mundial.<\/span><\/p>\n<p><img decoding=\"async\" class=\"aligncenter size-full wp-image-109380\" src=\"https:\/\/www.quebakan.com\/v15\/wp-content\/uploads\/2023\/07\/DSC7222.jpg\" alt=\"\" width=\"467\" height=\"700\" \/><\/p>\n<p>&nbsp;<\/p>\n<p><img decoding=\"async\" class=\"aligncenter size-full wp-image-109381\" src=\"https:\/\/www.quebakan.com\/v15\/wp-content\/uploads\/2023\/07\/DSC7328.jpg\" alt=\"\" width=\"700\" height=\"465\" \/><\/p>\n","protected":false},"excerpt":{"rendered":"<p>Manuela Lavinas Picq es franco-brasileira. Se desempe\u00f1a como profesora de Relaciones Internacionales en la Universidad San Francisco de Quito (USFQ) y Senior Lecturer en Ciencia Pol\u00edtica y Estudios de Mujeres, G\u00e9nero y Sexualidades en Amherst College. Es autora de varios libros y art\u00edculos acad\u00e9micos, cronista para medios de comunicaci\u00f3n como Al Jazeera y ha ocupado [&hellip;]<\/p>\n","protected":false},"author":4,"featured_media":109381,"comment_status":"open","ping_status":"open","sticky":false,"template":"","format":"standard","meta":{"_bbp_topic_count":0,"_bbp_reply_count":0,"_bbp_total_topic_count":0,"_bbp_total_reply_count":0,"_bbp_voice_count":0,"_bbp_anonymous_reply_count":0,"_bbp_topic_count_hidden":0,"_bbp_reply_count_hidden":0,"_bbp_forum_subforum_count":0,"buzzeditor_post_format":"","footnotes":""},"categories":[2],"tags":[],"class_list":["post-109378","post","type-post","status-publish","format-standard","has-post-thumbnail","hentry","category-noticias"],"yoast_head":"<!-- This site is optimized with the Yoast SEO plugin v27.4 - https:\/\/yoast.com\/product\/yoast-seo-wordpress\/ -->\n<title>Manuela Picq presenta su libro Soberan\u00edas Vern\u00e1culas en Guayaquil &#8211; QUEBAKAN.COM 2026: Noticias, Eventos, Conciertos y mucho m\u00e1s....<\/title>\n<meta name=\"robots\" content=\"index, follow, max-snippet:-1, max-image-preview:large, max-video-preview:-1\" \/>\n<link rel=\"canonical\" href=\"https:\/\/www.quebakan.com\/v15\/manuela-picq-presenta-su-libro-soberanias-vernaculas-en-guayaquil\/\" \/>\n<meta property=\"og:locale\" content=\"es_ES\" \/>\n<meta property=\"og:type\" content=\"article\" \/>\n<meta property=\"og:title\" content=\"Manuela Picq presenta su libro Soberan\u00edas Vern\u00e1culas en Guayaquil &#8211; QUEBAKAN.COM 2026: Noticias, Eventos, Conciertos y mucho m\u00e1s....\" \/>\n<meta property=\"og:description\" content=\"Manuela Lavinas Picq es franco-brasileira. Se desempe\u00f1a como profesora de Relaciones Internacionales en la Universidad San Francisco de Quito (USFQ) y Senior Lecturer en Ciencia Pol\u00edtica y Estudios de Mujeres, G\u00e9nero y Sexualidades en Amherst College. Es autora de varios libros y art\u00edculos acad\u00e9micos, cronista para medios de comunicaci\u00f3n como Al Jazeera y ha ocupado [&hellip;]\" \/>\n<meta property=\"og:url\" content=\"https:\/\/www.quebakan.com\/v15\/manuela-picq-presenta-su-libro-soberanias-vernaculas-en-guayaquil\/\" \/>\n<meta property=\"og:site_name\" content=\"QUEBAKAN.COM 2026: Noticias, Eventos, Conciertos y mucho m\u00e1s....\" \/>\n<meta property=\"article:publisher\" content=\"http:\/\/www.facebook.com\/quebakan\" \/>\n<meta property=\"article:published_time\" content=\"2023-07-09T23:09:29+00:00\" \/>\n<meta property=\"og:image\" content=\"https:\/\/www.quebakan.com\/v15\/wp-content\/uploads\/2023\/07\/DSC7328.jpg\" \/>\n\t<meta property=\"og:image:width\" content=\"700\" \/>\n\t<meta property=\"og:image:height\" content=\"465\" \/>\n\t<meta property=\"og:image:type\" content=\"image\/jpeg\" \/>\n<meta name=\"author\" content=\"Erick Villafuerte\" \/>\n<meta name=\"twitter:card\" content=\"summary_large_image\" \/>\n<meta name=\"twitter:creator\" content=\"@quebakanec\" \/>\n<meta name=\"twitter:site\" content=\"@quebakanec\" \/>\n<meta name=\"twitter:label1\" content=\"Escrito por\" \/>\n\t<meta name=\"twitter:data1\" content=\"Erick Villafuerte\" \/>\n\t<meta name=\"twitter:label2\" content=\"Tiempo de lectura\" \/>\n\t<meta name=\"twitter:data2\" content=\"3 minutos\" \/>\n<script type=\"application\/ld+json\" class=\"yoast-schema-graph\">{\"@context\":\"https:\\\/\\\/schema.org\",\"@graph\":[{\"@type\":\"Article\",\"@id\":\"https:\\\/\\\/www.quebakan.com\\\/v15\\\/manuela-picq-presenta-su-libro-soberanias-vernaculas-en-guayaquil\\\/#article\",\"isPartOf\":{\"@id\":\"https:\\\/\\\/www.quebakan.com\\\/v15\\\/manuela-picq-presenta-su-libro-soberanias-vernaculas-en-guayaquil\\\/\"},\"author\":{\"name\":\"Erick Villafuerte\",\"@id\":\"https:\\\/\\\/www.quebakan.com\\\/v15\\\/#\\\/schema\\\/person\\\/d90fa9f9cfa81eb8ace9811e5b7b9118\"},\"headline\":\"Manuela Picq presenta su libro Soberan\u00edas Vern\u00e1culas en Guayaquil\",\"datePublished\":\"2023-07-09T23:09:29+00:00\",\"mainEntityOfPage\":{\"@id\":\"https:\\\/\\\/www.quebakan.com\\\/v15\\\/manuela-picq-presenta-su-libro-soberanias-vernaculas-en-guayaquil\\\/\"},\"wordCount\":437,\"commentCount\":0,\"publisher\":{\"@id\":\"https:\\\/\\\/www.quebakan.com\\\/v15\\\/#organization\"},\"image\":{\"@id\":\"https:\\\/\\\/www.quebakan.com\\\/v15\\\/manuela-picq-presenta-su-libro-soberanias-vernaculas-en-guayaquil\\\/#primaryimage\"},\"thumbnailUrl\":\"https:\\\/\\\/www.quebakan.com\\\/v15\\\/wp-content\\\/uploads\\\/2023\\\/07\\\/DSC7328.jpg\",\"articleSection\":[\"Noticias\"],\"inLanguage\":\"es\"},{\"@type\":\"WebPage\",\"@id\":\"https:\\\/\\\/www.quebakan.com\\\/v15\\\/manuela-picq-presenta-su-libro-soberanias-vernaculas-en-guayaquil\\\/\",\"url\":\"https:\\\/\\\/www.quebakan.com\\\/v15\\\/manuela-picq-presenta-su-libro-soberanias-vernaculas-en-guayaquil\\\/\",\"name\":\"Manuela Picq presenta su libro Soberan\u00edas Vern\u00e1culas en Guayaquil &#8211; QUEBAKAN.COM 2026: Noticias, Eventos, Conciertos y mucho m\u00e1s....\",\"isPartOf\":{\"@id\":\"https:\\\/\\\/www.quebakan.com\\\/v15\\\/#website\"},\"primaryImageOfPage\":{\"@id\":\"https:\\\/\\\/www.quebakan.com\\\/v15\\\/manuela-picq-presenta-su-libro-soberanias-vernaculas-en-guayaquil\\\/#primaryimage\"},\"image\":{\"@id\":\"https:\\\/\\\/www.quebakan.com\\\/v15\\\/manuela-picq-presenta-su-libro-soberanias-vernaculas-en-guayaquil\\\/#primaryimage\"},\"thumbnailUrl\":\"https:\\\/\\\/www.quebakan.com\\\/v15\\\/wp-content\\\/uploads\\\/2023\\\/07\\\/DSC7328.jpg\",\"datePublished\":\"2023-07-09T23:09:29+00:00\",\"breadcrumb\":{\"@id\":\"https:\\\/\\\/www.quebakan.com\\\/v15\\\/manuela-picq-presenta-su-libro-soberanias-vernaculas-en-guayaquil\\\/#breadcrumb\"},\"inLanguage\":\"es\",\"potentialAction\":[{\"@type\":\"ReadAction\",\"target\":[\"https:\\\/\\\/www.quebakan.com\\\/v15\\\/manuela-picq-presenta-su-libro-soberanias-vernaculas-en-guayaquil\\\/\"]}]},{\"@type\":\"ImageObject\",\"inLanguage\":\"es\",\"@id\":\"https:\\\/\\\/www.quebakan.com\\\/v15\\\/manuela-picq-presenta-su-libro-soberanias-vernaculas-en-guayaquil\\\/#primaryimage\",\"url\":\"https:\\\/\\\/www.quebakan.com\\\/v15\\\/wp-content\\\/uploads\\\/2023\\\/07\\\/DSC7328.jpg\",\"contentUrl\":\"https:\\\/\\\/www.quebakan.com\\\/v15\\\/wp-content\\\/uploads\\\/2023\\\/07\\\/DSC7328.jpg\",\"width\":700,\"height\":465},{\"@type\":\"BreadcrumbList\",\"@id\":\"https:\\\/\\\/www.quebakan.com\\\/v15\\\/manuela-picq-presenta-su-libro-soberanias-vernaculas-en-guayaquil\\\/#breadcrumb\",\"itemListElement\":[{\"@type\":\"ListItem\",\"position\":1,\"name\":\"Portada\",\"item\":\"https:\\\/\\\/www.quebakan.com\\\/v15\\\/\"},{\"@type\":\"ListItem\",\"position\":2,\"name\":\"Manuela Picq presenta su libro Soberan\u00edas Vern\u00e1culas en Guayaquil\"}]},{\"@type\":\"WebSite\",\"@id\":\"https:\\\/\\\/www.quebakan.com\\\/v15\\\/#website\",\"url\":\"https:\\\/\\\/www.quebakan.com\\\/v15\\\/\",\"name\":\"QUEBAKAN\",\"description\":\"..\",\"publisher\":{\"@id\":\"https:\\\/\\\/www.quebakan.com\\\/v15\\\/#organization\"},\"potentialAction\":[{\"@type\":\"SearchAction\",\"target\":{\"@type\":\"EntryPoint\",\"urlTemplate\":\"https:\\\/\\\/www.quebakan.com\\\/v15\\\/?s={search_term_string}\"},\"query-input\":{\"@type\":\"PropertyValueSpecification\",\"valueRequired\":true,\"valueName\":\"search_term_string\"}}],\"inLanguage\":\"es\"},{\"@type\":\"Organization\",\"@id\":\"https:\\\/\\\/www.quebakan.com\\\/v15\\\/#organization\",\"name\":\"Quebakan.com\",\"url\":\"https:\\\/\\\/www.quebakan.com\\\/v15\\\/\",\"logo\":{\"@type\":\"ImageObject\",\"inLanguage\":\"es\",\"@id\":\"https:\\\/\\\/www.quebakan.com\\\/v15\\\/#\\\/schema\\\/logo\\\/image\\\/\",\"url\":\"https:\\\/\\\/www.quebakan.com\\\/v15\\\/wp-content\\\/uploads\\\/2023\\\/07\\\/logoquebakanenero2021.jpg\",\"contentUrl\":\"https:\\\/\\\/www.quebakan.com\\\/v15\\\/wp-content\\\/uploads\\\/2023\\\/07\\\/logoquebakanenero2021.jpg\",\"width\":1920,\"height\":1080,\"caption\":\"Quebakan.com\"},\"image\":{\"@id\":\"https:\\\/\\\/www.quebakan.com\\\/v15\\\/#\\\/schema\\\/logo\\\/image\\\/\"},\"sameAs\":[\"http:\\\/\\\/www.facebook.com\\\/quebakan\",\"https:\\\/\\\/x.com\\\/quebakanec\",\"http:\\\/\\\/www.instagram.com\\\/quebakan\",\"http:\\\/\\\/www.youtube.com\\\/quebakan1\"]},{\"@type\":\"Person\",\"@id\":\"https:\\\/\\\/www.quebakan.com\\\/v15\\\/#\\\/schema\\\/person\\\/d90fa9f9cfa81eb8ace9811e5b7b9118\",\"name\":\"Erick Villafuerte\",\"image\":{\"@type\":\"ImageObject\",\"inLanguage\":\"es\",\"@id\":\"https:\\\/\\\/www.quebakan.com\\\/v15\\\/wp-content\\\/uploads\\\/avatars\\\/4\\\/1731297654-bpfull.png\",\"url\":\"https:\\\/\\\/www.quebakan.com\\\/v15\\\/wp-content\\\/uploads\\\/avatars\\\/4\\\/1731297654-bpfull.png\",\"contentUrl\":\"https:\\\/\\\/www.quebakan.com\\\/v15\\\/wp-content\\\/uploads\\\/avatars\\\/4\\\/1731297654-bpfull.png\",\"caption\":\"Erick Villafuerte\"}}]}<\/script>\n<!-- \/ Yoast SEO plugin. -->","yoast_head_json":{"title":"Manuela Picq presenta su libro Soberan\u00edas Vern\u00e1culas en Guayaquil &#8211; QUEBAKAN.COM 2026: Noticias, Eventos, Conciertos y mucho m\u00e1s....","robots":{"index":"index","follow":"follow","max-snippet":"max-snippet:-1","max-image-preview":"max-image-preview:large","max-video-preview":"max-video-preview:-1"},"canonical":"https:\/\/www.quebakan.com\/v15\/manuela-picq-presenta-su-libro-soberanias-vernaculas-en-guayaquil\/","og_locale":"es_ES","og_type":"article","og_title":"Manuela Picq presenta su libro Soberan\u00edas Vern\u00e1culas en Guayaquil &#8211; QUEBAKAN.COM 2026: Noticias, Eventos, Conciertos y mucho m\u00e1s....","og_description":"Manuela Lavinas Picq es franco-brasileira. Se desempe\u00f1a como profesora de Relaciones Internacionales en la Universidad San Francisco de Quito (USFQ) y Senior Lecturer en Ciencia Pol\u00edtica y Estudios de Mujeres, G\u00e9nero y Sexualidades en Amherst College. Es autora de varios libros y art\u00edculos acad\u00e9micos, cronista para medios de comunicaci\u00f3n como Al Jazeera y ha ocupado [&hellip;]","og_url":"https:\/\/www.quebakan.com\/v15\/manuela-picq-presenta-su-libro-soberanias-vernaculas-en-guayaquil\/","og_site_name":"QUEBAKAN.COM 2026: Noticias, Eventos, Conciertos y mucho m\u00e1s....","article_publisher":"http:\/\/www.facebook.com\/quebakan","article_published_time":"2023-07-09T23:09:29+00:00","og_image":[{"width":700,"height":465,"url":"https:\/\/www.quebakan.com\/v15\/wp-content\/uploads\/2023\/07\/DSC7328.jpg","type":"image\/jpeg"}],"author":"Erick Villafuerte","twitter_card":"summary_large_image","twitter_creator":"@quebakanec","twitter_site":"@quebakanec","twitter_misc":{"Escrito por":"Erick Villafuerte","Tiempo de lectura":"3 minutos"},"schema":{"@context":"https:\/\/schema.org","@graph":[{"@type":"Article","@id":"https:\/\/www.quebakan.com\/v15\/manuela-picq-presenta-su-libro-soberanias-vernaculas-en-guayaquil\/#article","isPartOf":{"@id":"https:\/\/www.quebakan.com\/v15\/manuela-picq-presenta-su-libro-soberanias-vernaculas-en-guayaquil\/"},"author":{"name":"Erick Villafuerte","@id":"https:\/\/www.quebakan.com\/v15\/#\/schema\/person\/d90fa9f9cfa81eb8ace9811e5b7b9118"},"headline":"Manuela Picq presenta su libro Soberan\u00edas Vern\u00e1culas en Guayaquil","datePublished":"2023-07-09T23:09:29+00:00","mainEntityOfPage":{"@id":"https:\/\/www.quebakan.com\/v15\/manuela-picq-presenta-su-libro-soberanias-vernaculas-en-guayaquil\/"},"wordCount":437,"commentCount":0,"publisher":{"@id":"https:\/\/www.quebakan.com\/v15\/#organization"},"image":{"@id":"https:\/\/www.quebakan.com\/v15\/manuela-picq-presenta-su-libro-soberanias-vernaculas-en-guayaquil\/#primaryimage"},"thumbnailUrl":"https:\/\/www.quebakan.com\/v15\/wp-content\/uploads\/2023\/07\/DSC7328.jpg","articleSection":["Noticias"],"inLanguage":"es"},{"@type":"WebPage","@id":"https:\/\/www.quebakan.com\/v15\/manuela-picq-presenta-su-libro-soberanias-vernaculas-en-guayaquil\/","url":"https:\/\/www.quebakan.com\/v15\/manuela-picq-presenta-su-libro-soberanias-vernaculas-en-guayaquil\/","name":"Manuela Picq presenta su libro Soberan\u00edas Vern\u00e1culas en Guayaquil &#8211; QUEBAKAN.COM 2026: Noticias, Eventos, Conciertos y mucho m\u00e1s....","isPartOf":{"@id":"https:\/\/www.quebakan.com\/v15\/#website"},"primaryImageOfPage":{"@id":"https:\/\/www.quebakan.com\/v15\/manuela-picq-presenta-su-libro-soberanias-vernaculas-en-guayaquil\/#primaryimage"},"image":{"@id":"https:\/\/www.quebakan.com\/v15\/manuela-picq-presenta-su-libro-soberanias-vernaculas-en-guayaquil\/#primaryimage"},"thumbnailUrl":"https:\/\/www.quebakan.com\/v15\/wp-content\/uploads\/2023\/07\/DSC7328.jpg","datePublished":"2023-07-09T23:09:29+00:00","breadcrumb":{"@id":"https:\/\/www.quebakan.com\/v15\/manuela-picq-presenta-su-libro-soberanias-vernaculas-en-guayaquil\/#breadcrumb"},"inLanguage":"es","potentialAction":[{"@type":"ReadAction","target":["https:\/\/www.quebakan.com\/v15\/manuela-picq-presenta-su-libro-soberanias-vernaculas-en-guayaquil\/"]}]},{"@type":"ImageObject","inLanguage":"es","@id":"https:\/\/www.quebakan.com\/v15\/manuela-picq-presenta-su-libro-soberanias-vernaculas-en-guayaquil\/#primaryimage","url":"https:\/\/www.quebakan.com\/v15\/wp-content\/uploads\/2023\/07\/DSC7328.jpg","contentUrl":"https:\/\/www.quebakan.com\/v15\/wp-content\/uploads\/2023\/07\/DSC7328.jpg","width":700,"height":465},{"@type":"BreadcrumbList","@id":"https:\/\/www.quebakan.com\/v15\/manuela-picq-presenta-su-libro-soberanias-vernaculas-en-guayaquil\/#breadcrumb","itemListElement":[{"@type":"ListItem","position":1,"name":"Portada","item":"https:\/\/www.quebakan.com\/v15\/"},{"@type":"ListItem","position":2,"name":"Manuela Picq presenta su libro Soberan\u00edas Vern\u00e1culas en Guayaquil"}]},{"@type":"WebSite","@id":"https:\/\/www.quebakan.com\/v15\/#website","url":"https:\/\/www.quebakan.com\/v15\/","name":"QUEBAKAN","description":"..","publisher":{"@id":"https:\/\/www.quebakan.com\/v15\/#organization"},"potentialAction":[{"@type":"SearchAction","target":{"@type":"EntryPoint","urlTemplate":"https:\/\/www.quebakan.com\/v15\/?s={search_term_string}"},"query-input":{"@type":"PropertyValueSpecification","valueRequired":true,"valueName":"search_term_string"}}],"inLanguage":"es"},{"@type":"Organization","@id":"https:\/\/www.quebakan.com\/v15\/#organization","name":"Quebakan.com","url":"https:\/\/www.quebakan.com\/v15\/","logo":{"@type":"ImageObject","inLanguage":"es","@id":"https:\/\/www.quebakan.com\/v15\/#\/schema\/logo\/image\/","url":"https:\/\/www.quebakan.com\/v15\/wp-content\/uploads\/2023\/07\/logoquebakanenero2021.jpg","contentUrl":"https:\/\/www.quebakan.com\/v15\/wp-content\/uploads\/2023\/07\/logoquebakanenero2021.jpg","width":1920,"height":1080,"caption":"Quebakan.com"},"image":{"@id":"https:\/\/www.quebakan.com\/v15\/#\/schema\/logo\/image\/"},"sameAs":["http:\/\/www.facebook.com\/quebakan","https:\/\/x.com\/quebakanec","http:\/\/www.instagram.com\/quebakan","http:\/\/www.youtube.com\/quebakan1"]},{"@type":"Person","@id":"https:\/\/www.quebakan.com\/v15\/#\/schema\/person\/d90fa9f9cfa81eb8ace9811e5b7b9118","name":"Erick Villafuerte","image":{"@type":"ImageObject","inLanguage":"es","@id":"https:\/\/www.quebakan.com\/v15\/wp-content\/uploads\/avatars\/4\/1731297654-bpfull.png","url":"https:\/\/www.quebakan.com\/v15\/wp-content\/uploads\/avatars\/4\/1731297654-bpfull.png","contentUrl":"https:\/\/www.quebakan.com\/v15\/wp-content\/uploads\/avatars\/4\/1731297654-bpfull.png","caption":"Erick Villafuerte"}}]}},"_links":{"self":[{"href":"https:\/\/www.quebakan.com\/v15\/wp-json\/wp\/v2\/posts\/109378","targetHints":{"allow":["GET"]}}],"collection":[{"href":"https:\/\/www.quebakan.com\/v15\/wp-json\/wp\/v2\/posts"}],"about":[{"href":"https:\/\/www.quebakan.com\/v15\/wp-json\/wp\/v2\/types\/post"}],"author":[{"embeddable":true,"href":"https:\/\/www.quebakan.com\/v15\/wp-json\/wp\/v2\/users\/4"}],"replies":[{"embeddable":true,"href":"https:\/\/www.quebakan.com\/v15\/wp-json\/wp\/v2\/comments?post=109378"}],"version-history":[{"count":1,"href":"https:\/\/www.quebakan.com\/v15\/wp-json\/wp\/v2\/posts\/109378\/revisions"}],"predecessor-version":[{"id":109382,"href":"https:\/\/www.quebakan.com\/v15\/wp-json\/wp\/v2\/posts\/109378\/revisions\/109382"}],"wp:featuredmedia":[{"embeddable":true,"href":"https:\/\/www.quebakan.com\/v15\/wp-json\/wp\/v2\/media\/109381"}],"wp:attachment":[{"href":"https:\/\/www.quebakan.com\/v15\/wp-json\/wp\/v2\/media?parent=109378"}],"wp:term":[{"taxonomy":"category","embeddable":true,"href":"https:\/\/www.quebakan.com\/v15\/wp-json\/wp\/v2\/categories?post=109378"},{"taxonomy":"post_tag","embeddable":true,"href":"https:\/\/www.quebakan.com\/v15\/wp-json\/wp\/v2\/tags?post=109378"}],"curies":[{"name":"wp","href":"https:\/\/api.w.org\/{rel}","templated":true}]}}