{"id":111074,"date":"2023-08-25T22:42:11","date_gmt":"2023-08-26T03:42:11","guid":{"rendered":"https:\/\/www.quebakan.com\/v15\/?p=111074"},"modified":"2023-08-25T22:42:11","modified_gmt":"2023-08-26T03:42:11","slug":"dhl-express-apuesta-por-ambato-con-la-apertura-de-su-nuevo-centro-de-operaciones","status":"publish","type":"post","link":"https:\/\/www.quebakan.com\/v15\/dhl-express-apuesta-por-ambato-con-la-apertura-de-su-nuevo-centro-de-operaciones\/","title":{"rendered":"DHL Express apuesta por Ambato con la apertura de su nuevo centro de operaciones"},"content":{"rendered":"<p><img fetchpriority=\"high\" decoding=\"async\" class=\"aligncenter size-full wp-image-111075\" src=\"https:\/\/www.quebakan.com\/v15\/wp-content\/uploads\/2023\/08\/IMG.jpg\" alt=\"\" width=\"700\" height=\"495\" srcset=\"https:\/\/www.quebakan.com\/v15\/wp-content\/uploads\/2023\/08\/IMG.jpg 700w, https:\/\/www.quebakan.com\/v15\/wp-content\/uploads\/2023\/08\/IMG-400x284.jpg 400w\" sizes=\"(max-width: 700px) 100vw, 700px\" \/><\/p>\n<p style=\"text-align: center;\"><span style=\"color: #000000;\"><strong>De izquierda a derecha:<\/strong> Sabrina Da Costa, Directora Comercial; Edith Villavicencio, Gerente General y Francisco Arcos, Gerente de Operaciones.<\/span><\/p>\n<p style=\"text-align: justify;\"><span style=\"color: #000000;\"><strong>Ambato, agosto 2023.-<\/strong> DHL Express, el proveedor l\u00edder mundial en servicios de transporte expr\u00e9s, presenta su nuevo centro de operaciones en Ambato con una inversi\u00f3n de m\u00e1s de $470 mil d\u00f3lares, fortaleciendo su red en el pa\u00eds y dinamizando la econom\u00eda de la ciudad.<\/span><\/p>\n<p style=\"text-align: justify;\"><span style=\"color: #000000;\">Con esta apertura, la empresa abri\u00f3 varias plazas de empleo, que se estiman se incrementen conforme avancen las necesidades en la operaci\u00f3n, que estar\u00e1 direccionada a convertirse en el socio estrat\u00e9gico de peque\u00f1as y medianas empresas de la regi\u00f3n para potencializar la internacionalizaci\u00f3n de sus productos e impulsando el e-commerce en el pa\u00eds.<\/span><\/p>\n<p style=\"text-align: justify;\"><span style=\"color: #000000;\">Seg\u00fan datos oficiales, Ambato es una de las cinco ciudades con mayor movimiento econ\u00f3mico sostenido de m\u00e1s del 3% con respecto al PIB ($5.178MM), por tanto, la apertura de este nuevo centro de operaciones de DHL promueve la expansi\u00f3n del crecimiento industrial y exportador de la ciudad, conect\u00e1ndolos con m\u00e1s de 220 pa\u00edses y territorios a escala global.<\/span><\/p>\n<p style=\"text-align: justify;\"><span style=\"color: #000000;\">\u201cMantenemos un firme compromiso con el pa\u00eds y su desarrollo. Estamos seguros de que esta operatividad en la ciudad apoyar\u00e1 directa e indirectamente a nuevos empresarios, microempresarios y Pymes que buscan un aliado log\u00edstico para sus importaciones y exportaciones con amplio conocimiento del sector\u201d, coment\u00f3 Edith Villavicencio, Gerente General de DHL Express en Ecuador.<\/span><\/p>\n<p style=\"text-align: justify;\"><span style=\"color: #000000;\">La portavoz adem\u00e1s asegur\u00f3 que su integralidad permite mantener una mayor frecuencia de vuelos impactando directamente en la periodicidad del transporte log\u00edstico y espacios disponibles, que, en el caso de DHL Express, son cargas superiores a 50kg.<\/span><\/p>\n<p style=\"text-align: justify;\"><span style=\"color: #000000;\">\u201cMantenemos constantes evaluaciones t\u00e9cnicas del sector que nos permiten identificar estas proyecciones\u201d, puntualiz\u00f3 Villavicencio. El Centro se ubica en la Av. Unidad Nacional y calle Darquea, esquina, centro de Ambato.<\/span><\/p>\n<p style=\"text-align: justify;\"><span style=\"color: #000000;\">La empresa ha tenido un progresivo crecimiento en Ecuador. Un ejemplo de ello fue en 2021, cuando sumo m\u00e1s del 28% de env\u00edos vs. 2020. Adem\u00e1s, desde el 2018 con cierre al 2023, la compa\u00f1\u00eda ha invertido 3 millones 400 mil d\u00f3lares en el pa\u00eds.<\/span><\/p>\n<p style=\"text-align: justify;\"><span style=\"color: #000000;\">Es as\u00ed como DHL Express refuerza una vez m\u00e1s su inter\u00e9s en ser un actor estrat\u00e9gico para el desarrollo empresarial e industrial del Ecuador, pulsando a nuevos microempresarios en la internacionalizaci\u00f3n o importaci\u00f3n de productos o materia prima.<\/span><\/p>\n<p><img decoding=\"async\" class=\"aligncenter size-full wp-image-111076\" src=\"https:\/\/www.quebakan.com\/v15\/wp-content\/uploads\/2023\/08\/DHL-Ambato.jpg\" alt=\"\" width=\"700\" height=\"393\" \/><\/p>\n<p>&nbsp;<\/p>\n<p><img decoding=\"async\" class=\"aligncenter size-full wp-image-111077\" src=\"https:\/\/www.quebakan.com\/v15\/wp-content\/uploads\/2023\/08\/IMG-1.jpg\" alt=\"\" width=\"700\" height=\"467\" \/><\/p>\n","protected":false},"excerpt":{"rendered":"<p>De izquierda a derecha: Sabrina Da Costa, Directora Comercial; Edith Villavicencio, Gerente General y Francisco Arcos, Gerente de Operaciones. Ambato, agosto 2023.- DHL Express, el proveedor l\u00edder mundial en servicios de transporte expr\u00e9s, presenta su nuevo centro de operaciones en Ambato con una inversi\u00f3n de m\u00e1s de $470 mil d\u00f3lares, fortaleciendo su red en el [&hellip;]<\/p>\n","protected":false},"author":4,"featured_media":111075,"comment_status":"open","ping_status":"open","sticky":false,"template":"","format":"standard","meta":{"_bbp_topic_count":0,"_bbp_reply_count":0,"_bbp_total_topic_count":0,"_bbp_total_reply_count":0,"_bbp_voice_count":0,"_bbp_anonymous_reply_count":0,"_bbp_topic_count_hidden":0,"_bbp_reply_count_hidden":0,"_bbp_forum_subforum_count":0,"buzzeditor_post_format":"","footnotes":""},"categories":[334],"tags":[],"class_list":["post-111074","post","type-post","status-publish","format-standard","has-post-thumbnail","hentry","category-empresarial"],"yoast_head":"<!-- This site is optimized with the Yoast SEO plugin v27.5 - https:\/\/yoast.com\/product\/yoast-seo-wordpress\/ -->\n<title>DHL Express apuesta por Ambato con la apertura de su nuevo centro de operaciones &#8211; QUEBAKAN.COM 2026: Noticias, Eventos, Conciertos y mucho m\u00e1s....<\/title>\n<meta name=\"robots\" content=\"index, follow, max-snippet:-1, max-image-preview:large, max-video-preview:-1\" \/>\n<link rel=\"canonical\" href=\"https:\/\/www.quebakan.com\/v15\/dhl-express-apuesta-por-ambato-con-la-apertura-de-su-nuevo-centro-de-operaciones\/\" \/>\n<meta property=\"og:locale\" content=\"es_ES\" \/>\n<meta property=\"og:type\" content=\"article\" \/>\n<meta property=\"og:title\" content=\"DHL Express apuesta por Ambato con la apertura de su nuevo centro de operaciones &#8211; QUEBAKAN.COM 2026: Noticias, Eventos, Conciertos y mucho m\u00e1s....\" \/>\n<meta property=\"og:description\" content=\"De izquierda a derecha: Sabrina Da Costa, Directora Comercial; Edith Villavicencio, Gerente General y Francisco Arcos, Gerente de Operaciones. Ambato, agosto 2023.- DHL Express, el proveedor l\u00edder mundial en servicios de transporte expr\u00e9s, presenta su nuevo centro de operaciones en Ambato con una inversi\u00f3n de m\u00e1s de $470 mil d\u00f3lares, fortaleciendo su red en el [&hellip;]\" \/>\n<meta property=\"og:url\" content=\"https:\/\/www.quebakan.com\/v15\/dhl-express-apuesta-por-ambato-con-la-apertura-de-su-nuevo-centro-de-operaciones\/\" \/>\n<meta property=\"og:site_name\" content=\"QUEBAKAN.COM 2026: Noticias, Eventos, Conciertos y mucho m\u00e1s....\" \/>\n<meta property=\"article:publisher\" content=\"http:\/\/www.facebook.com\/quebakan\" \/>\n<meta property=\"article:published_time\" content=\"2023-08-26T03:42:11+00:00\" \/>\n<meta property=\"og:image\" content=\"https:\/\/www.quebakan.com\/v15\/wp-content\/uploads\/2023\/08\/IMG.jpg\" \/>\n\t<meta property=\"og:image:width\" content=\"700\" \/>\n\t<meta property=\"og:image:height\" content=\"495\" \/>\n\t<meta property=\"og:image:type\" content=\"image\/jpeg\" \/>\n<meta name=\"author\" content=\"Erick Villafuerte\" \/>\n<meta name=\"twitter:card\" content=\"summary_large_image\" \/>\n<meta name=\"twitter:creator\" content=\"@quebakanec\" \/>\n<meta name=\"twitter:site\" content=\"@quebakanec\" \/>\n<meta name=\"twitter:label1\" content=\"Escrito por\" \/>\n\t<meta name=\"twitter:data1\" content=\"Erick Villafuerte\" \/>\n\t<meta name=\"twitter:label2\" content=\"Tiempo de lectura\" \/>\n\t<meta name=\"twitter:data2\" content=\"3 minutos\" \/>\n<script type=\"application\/ld+json\" class=\"yoast-schema-graph\">{\"@context\":\"https:\\\/\\\/schema.org\",\"@graph\":[{\"@type\":\"Article\",\"@id\":\"https:\\\/\\\/www.quebakan.com\\\/v15\\\/dhl-express-apuesta-por-ambato-con-la-apertura-de-su-nuevo-centro-de-operaciones\\\/#article\",\"isPartOf\":{\"@id\":\"https:\\\/\\\/www.quebakan.com\\\/v15\\\/dhl-express-apuesta-por-ambato-con-la-apertura-de-su-nuevo-centro-de-operaciones\\\/\"},\"author\":{\"name\":\"Erick Villafuerte\",\"@id\":\"https:\\\/\\\/www.quebakan.com\\\/v15\\\/#\\\/schema\\\/person\\\/d90fa9f9cfa81eb8ace9811e5b7b9118\"},\"headline\":\"DHL Express apuesta por Ambato con la apertura de su nuevo centro de operaciones\",\"datePublished\":\"2023-08-26T03:42:11+00:00\",\"mainEntityOfPage\":{\"@id\":\"https:\\\/\\\/www.quebakan.com\\\/v15\\\/dhl-express-apuesta-por-ambato-con-la-apertura-de-su-nuevo-centro-de-operaciones\\\/\"},\"wordCount\":419,\"commentCount\":0,\"publisher\":{\"@id\":\"https:\\\/\\\/www.quebakan.com\\\/v15\\\/#organization\"},\"image\":{\"@id\":\"https:\\\/\\\/www.quebakan.com\\\/v15\\\/dhl-express-apuesta-por-ambato-con-la-apertura-de-su-nuevo-centro-de-operaciones\\\/#primaryimage\"},\"thumbnailUrl\":\"https:\\\/\\\/www.quebakan.com\\\/v15\\\/wp-content\\\/uploads\\\/2023\\\/08\\\/IMG.jpg\",\"articleSection\":[\"Empresarial\"],\"inLanguage\":\"es\"},{\"@type\":\"WebPage\",\"@id\":\"https:\\\/\\\/www.quebakan.com\\\/v15\\\/dhl-express-apuesta-por-ambato-con-la-apertura-de-su-nuevo-centro-de-operaciones\\\/\",\"url\":\"https:\\\/\\\/www.quebakan.com\\\/v15\\\/dhl-express-apuesta-por-ambato-con-la-apertura-de-su-nuevo-centro-de-operaciones\\\/\",\"name\":\"DHL Express apuesta por Ambato con la apertura de su nuevo centro de operaciones &#8211; QUEBAKAN.COM 2026: Noticias, Eventos, Conciertos y mucho m\u00e1s....\",\"isPartOf\":{\"@id\":\"https:\\\/\\\/www.quebakan.com\\\/v15\\\/#website\"},\"primaryImageOfPage\":{\"@id\":\"https:\\\/\\\/www.quebakan.com\\\/v15\\\/dhl-express-apuesta-por-ambato-con-la-apertura-de-su-nuevo-centro-de-operaciones\\\/#primaryimage\"},\"image\":{\"@id\":\"https:\\\/\\\/www.quebakan.com\\\/v15\\\/dhl-express-apuesta-por-ambato-con-la-apertura-de-su-nuevo-centro-de-operaciones\\\/#primaryimage\"},\"thumbnailUrl\":\"https:\\\/\\\/www.quebakan.com\\\/v15\\\/wp-content\\\/uploads\\\/2023\\\/08\\\/IMG.jpg\",\"datePublished\":\"2023-08-26T03:42:11+00:00\",\"breadcrumb\":{\"@id\":\"https:\\\/\\\/www.quebakan.com\\\/v15\\\/dhl-express-apuesta-por-ambato-con-la-apertura-de-su-nuevo-centro-de-operaciones\\\/#breadcrumb\"},\"inLanguage\":\"es\",\"potentialAction\":[{\"@type\":\"ReadAction\",\"target\":[\"https:\\\/\\\/www.quebakan.com\\\/v15\\\/dhl-express-apuesta-por-ambato-con-la-apertura-de-su-nuevo-centro-de-operaciones\\\/\"]}]},{\"@type\":\"ImageObject\",\"inLanguage\":\"es\",\"@id\":\"https:\\\/\\\/www.quebakan.com\\\/v15\\\/dhl-express-apuesta-por-ambato-con-la-apertura-de-su-nuevo-centro-de-operaciones\\\/#primaryimage\",\"url\":\"https:\\\/\\\/www.quebakan.com\\\/v15\\\/wp-content\\\/uploads\\\/2023\\\/08\\\/IMG.jpg\",\"contentUrl\":\"https:\\\/\\\/www.quebakan.com\\\/v15\\\/wp-content\\\/uploads\\\/2023\\\/08\\\/IMG.jpg\",\"width\":700,\"height\":495},{\"@type\":\"BreadcrumbList\",\"@id\":\"https:\\\/\\\/www.quebakan.com\\\/v15\\\/dhl-express-apuesta-por-ambato-con-la-apertura-de-su-nuevo-centro-de-operaciones\\\/#breadcrumb\",\"itemListElement\":[{\"@type\":\"ListItem\",\"position\":1,\"name\":\"Portada\",\"item\":\"https:\\\/\\\/www.quebakan.com\\\/v15\\\/\"},{\"@type\":\"ListItem\",\"position\":2,\"name\":\"DHL Express apuesta por Ambato con la apertura de su nuevo centro de operaciones\"}]},{\"@type\":\"WebSite\",\"@id\":\"https:\\\/\\\/www.quebakan.com\\\/v15\\\/#website\",\"url\":\"https:\\\/\\\/www.quebakan.com\\\/v15\\\/\",\"name\":\"QUEBAKAN\",\"description\":\"..\",\"publisher\":{\"@id\":\"https:\\\/\\\/www.quebakan.com\\\/v15\\\/#organization\"},\"potentialAction\":[{\"@type\":\"SearchAction\",\"target\":{\"@type\":\"EntryPoint\",\"urlTemplate\":\"https:\\\/\\\/www.quebakan.com\\\/v15\\\/?s={search_term_string}\"},\"query-input\":{\"@type\":\"PropertyValueSpecification\",\"valueRequired\":true,\"valueName\":\"search_term_string\"}}],\"inLanguage\":\"es\"},{\"@type\":\"Organization\",\"@id\":\"https:\\\/\\\/www.quebakan.com\\\/v15\\\/#organization\",\"name\":\"Quebakan.com\",\"url\":\"https:\\\/\\\/www.quebakan.com\\\/v15\\\/\",\"logo\":{\"@type\":\"ImageObject\",\"inLanguage\":\"es\",\"@id\":\"https:\\\/\\\/www.quebakan.com\\\/v15\\\/#\\\/schema\\\/logo\\\/image\\\/\",\"url\":\"https:\\\/\\\/www.quebakan.com\\\/v15\\\/wp-content\\\/uploads\\\/2023\\\/07\\\/logoquebakanenero2021.jpg\",\"contentUrl\":\"https:\\\/\\\/www.quebakan.com\\\/v15\\\/wp-content\\\/uploads\\\/2023\\\/07\\\/logoquebakanenero2021.jpg\",\"width\":1920,\"height\":1080,\"caption\":\"Quebakan.com\"},\"image\":{\"@id\":\"https:\\\/\\\/www.quebakan.com\\\/v15\\\/#\\\/schema\\\/logo\\\/image\\\/\"},\"sameAs\":[\"http:\\\/\\\/www.facebook.com\\\/quebakan\",\"https:\\\/\\\/x.com\\\/quebakanec\",\"http:\\\/\\\/www.instagram.com\\\/quebakan\",\"http:\\\/\\\/www.youtube.com\\\/quebakan1\"]},{\"@type\":\"Person\",\"@id\":\"https:\\\/\\\/www.quebakan.com\\\/v15\\\/#\\\/schema\\\/person\\\/d90fa9f9cfa81eb8ace9811e5b7b9118\",\"name\":\"Erick Villafuerte\",\"image\":{\"@type\":\"ImageObject\",\"inLanguage\":\"es\",\"@id\":\"https:\\\/\\\/www.quebakan.com\\\/v15\\\/wp-content\\\/uploads\\\/avatars\\\/4\\\/1731297654-bpfull.png\",\"url\":\"https:\\\/\\\/www.quebakan.com\\\/v15\\\/wp-content\\\/uploads\\\/avatars\\\/4\\\/1731297654-bpfull.png\",\"contentUrl\":\"https:\\\/\\\/www.quebakan.com\\\/v15\\\/wp-content\\\/uploads\\\/avatars\\\/4\\\/1731297654-bpfull.png\",\"caption\":\"Erick Villafuerte\"}}]}<\/script>\n<!-- \/ Yoast SEO plugin. -->","yoast_head_json":{"title":"DHL Express apuesta por Ambato con la apertura de su nuevo centro de operaciones &#8211; QUEBAKAN.COM 2026: Noticias, Eventos, Conciertos y mucho m\u00e1s....","robots":{"index":"index","follow":"follow","max-snippet":"max-snippet:-1","max-image-preview":"max-image-preview:large","max-video-preview":"max-video-preview:-1"},"canonical":"https:\/\/www.quebakan.com\/v15\/dhl-express-apuesta-por-ambato-con-la-apertura-de-su-nuevo-centro-de-operaciones\/","og_locale":"es_ES","og_type":"article","og_title":"DHL Express apuesta por Ambato con la apertura de su nuevo centro de operaciones &#8211; QUEBAKAN.COM 2026: Noticias, Eventos, Conciertos y mucho m\u00e1s....","og_description":"De izquierda a derecha: Sabrina Da Costa, Directora Comercial; Edith Villavicencio, Gerente General y Francisco Arcos, Gerente de Operaciones. Ambato, agosto 2023.- DHL Express, el proveedor l\u00edder mundial en servicios de transporte expr\u00e9s, presenta su nuevo centro de operaciones en Ambato con una inversi\u00f3n de m\u00e1s de $470 mil d\u00f3lares, fortaleciendo su red en el [&hellip;]","og_url":"https:\/\/www.quebakan.com\/v15\/dhl-express-apuesta-por-ambato-con-la-apertura-de-su-nuevo-centro-de-operaciones\/","og_site_name":"QUEBAKAN.COM 2026: Noticias, Eventos, Conciertos y mucho m\u00e1s....","article_publisher":"http:\/\/www.facebook.com\/quebakan","article_published_time":"2023-08-26T03:42:11+00:00","og_image":[{"width":700,"height":495,"url":"https:\/\/www.quebakan.com\/v15\/wp-content\/uploads\/2023\/08\/IMG.jpg","type":"image\/jpeg"}],"author":"Erick Villafuerte","twitter_card":"summary_large_image","twitter_creator":"@quebakanec","twitter_site":"@quebakanec","twitter_misc":{"Escrito por":"Erick Villafuerte","Tiempo de lectura":"3 minutos"},"schema":{"@context":"https:\/\/schema.org","@graph":[{"@type":"Article","@id":"https:\/\/www.quebakan.com\/v15\/dhl-express-apuesta-por-ambato-con-la-apertura-de-su-nuevo-centro-de-operaciones\/#article","isPartOf":{"@id":"https:\/\/www.quebakan.com\/v15\/dhl-express-apuesta-por-ambato-con-la-apertura-de-su-nuevo-centro-de-operaciones\/"},"author":{"name":"Erick Villafuerte","@id":"https:\/\/www.quebakan.com\/v15\/#\/schema\/person\/d90fa9f9cfa81eb8ace9811e5b7b9118"},"headline":"DHL Express apuesta por Ambato con la apertura de su nuevo centro de operaciones","datePublished":"2023-08-26T03:42:11+00:00","mainEntityOfPage":{"@id":"https:\/\/www.quebakan.com\/v15\/dhl-express-apuesta-por-ambato-con-la-apertura-de-su-nuevo-centro-de-operaciones\/"},"wordCount":419,"commentCount":0,"publisher":{"@id":"https:\/\/www.quebakan.com\/v15\/#organization"},"image":{"@id":"https:\/\/www.quebakan.com\/v15\/dhl-express-apuesta-por-ambato-con-la-apertura-de-su-nuevo-centro-de-operaciones\/#primaryimage"},"thumbnailUrl":"https:\/\/www.quebakan.com\/v15\/wp-content\/uploads\/2023\/08\/IMG.jpg","articleSection":["Empresarial"],"inLanguage":"es"},{"@type":"WebPage","@id":"https:\/\/www.quebakan.com\/v15\/dhl-express-apuesta-por-ambato-con-la-apertura-de-su-nuevo-centro-de-operaciones\/","url":"https:\/\/www.quebakan.com\/v15\/dhl-express-apuesta-por-ambato-con-la-apertura-de-su-nuevo-centro-de-operaciones\/","name":"DHL Express apuesta por Ambato con la apertura de su nuevo centro de operaciones &#8211; QUEBAKAN.COM 2026: Noticias, Eventos, Conciertos y mucho m\u00e1s....","isPartOf":{"@id":"https:\/\/www.quebakan.com\/v15\/#website"},"primaryImageOfPage":{"@id":"https:\/\/www.quebakan.com\/v15\/dhl-express-apuesta-por-ambato-con-la-apertura-de-su-nuevo-centro-de-operaciones\/#primaryimage"},"image":{"@id":"https:\/\/www.quebakan.com\/v15\/dhl-express-apuesta-por-ambato-con-la-apertura-de-su-nuevo-centro-de-operaciones\/#primaryimage"},"thumbnailUrl":"https:\/\/www.quebakan.com\/v15\/wp-content\/uploads\/2023\/08\/IMG.jpg","datePublished":"2023-08-26T03:42:11+00:00","breadcrumb":{"@id":"https:\/\/www.quebakan.com\/v15\/dhl-express-apuesta-por-ambato-con-la-apertura-de-su-nuevo-centro-de-operaciones\/#breadcrumb"},"inLanguage":"es","potentialAction":[{"@type":"ReadAction","target":["https:\/\/www.quebakan.com\/v15\/dhl-express-apuesta-por-ambato-con-la-apertura-de-su-nuevo-centro-de-operaciones\/"]}]},{"@type":"ImageObject","inLanguage":"es","@id":"https:\/\/www.quebakan.com\/v15\/dhl-express-apuesta-por-ambato-con-la-apertura-de-su-nuevo-centro-de-operaciones\/#primaryimage","url":"https:\/\/www.quebakan.com\/v15\/wp-content\/uploads\/2023\/08\/IMG.jpg","contentUrl":"https:\/\/www.quebakan.com\/v15\/wp-content\/uploads\/2023\/08\/IMG.jpg","width":700,"height":495},{"@type":"BreadcrumbList","@id":"https:\/\/www.quebakan.com\/v15\/dhl-express-apuesta-por-ambato-con-la-apertura-de-su-nuevo-centro-de-operaciones\/#breadcrumb","itemListElement":[{"@type":"ListItem","position":1,"name":"Portada","item":"https:\/\/www.quebakan.com\/v15\/"},{"@type":"ListItem","position":2,"name":"DHL Express apuesta por Ambato con la apertura de su nuevo centro de operaciones"}]},{"@type":"WebSite","@id":"https:\/\/www.quebakan.com\/v15\/#website","url":"https:\/\/www.quebakan.com\/v15\/","name":"QUEBAKAN","description":"..","publisher":{"@id":"https:\/\/www.quebakan.com\/v15\/#organization"},"potentialAction":[{"@type":"SearchAction","target":{"@type":"EntryPoint","urlTemplate":"https:\/\/www.quebakan.com\/v15\/?s={search_term_string}"},"query-input":{"@type":"PropertyValueSpecification","valueRequired":true,"valueName":"search_term_string"}}],"inLanguage":"es"},{"@type":"Organization","@id":"https:\/\/www.quebakan.com\/v15\/#organization","name":"Quebakan.com","url":"https:\/\/www.quebakan.com\/v15\/","logo":{"@type":"ImageObject","inLanguage":"es","@id":"https:\/\/www.quebakan.com\/v15\/#\/schema\/logo\/image\/","url":"https:\/\/www.quebakan.com\/v15\/wp-content\/uploads\/2023\/07\/logoquebakanenero2021.jpg","contentUrl":"https:\/\/www.quebakan.com\/v15\/wp-content\/uploads\/2023\/07\/logoquebakanenero2021.jpg","width":1920,"height":1080,"caption":"Quebakan.com"},"image":{"@id":"https:\/\/www.quebakan.com\/v15\/#\/schema\/logo\/image\/"},"sameAs":["http:\/\/www.facebook.com\/quebakan","https:\/\/x.com\/quebakanec","http:\/\/www.instagram.com\/quebakan","http:\/\/www.youtube.com\/quebakan1"]},{"@type":"Person","@id":"https:\/\/www.quebakan.com\/v15\/#\/schema\/person\/d90fa9f9cfa81eb8ace9811e5b7b9118","name":"Erick Villafuerte","image":{"@type":"ImageObject","inLanguage":"es","@id":"https:\/\/www.quebakan.com\/v15\/wp-content\/uploads\/avatars\/4\/1731297654-bpfull.png","url":"https:\/\/www.quebakan.com\/v15\/wp-content\/uploads\/avatars\/4\/1731297654-bpfull.png","contentUrl":"https:\/\/www.quebakan.com\/v15\/wp-content\/uploads\/avatars\/4\/1731297654-bpfull.png","caption":"Erick Villafuerte"}}]}},"_links":{"self":[{"href":"https:\/\/www.quebakan.com\/v15\/wp-json\/wp\/v2\/posts\/111074","targetHints":{"allow":["GET"]}}],"collection":[{"href":"https:\/\/www.quebakan.com\/v15\/wp-json\/wp\/v2\/posts"}],"about":[{"href":"https:\/\/www.quebakan.com\/v15\/wp-json\/wp\/v2\/types\/post"}],"author":[{"embeddable":true,"href":"https:\/\/www.quebakan.com\/v15\/wp-json\/wp\/v2\/users\/4"}],"replies":[{"embeddable":true,"href":"https:\/\/www.quebakan.com\/v15\/wp-json\/wp\/v2\/comments?post=111074"}],"version-history":[{"count":1,"href":"https:\/\/www.quebakan.com\/v15\/wp-json\/wp\/v2\/posts\/111074\/revisions"}],"predecessor-version":[{"id":111078,"href":"https:\/\/www.quebakan.com\/v15\/wp-json\/wp\/v2\/posts\/111074\/revisions\/111078"}],"wp:featuredmedia":[{"embeddable":true,"href":"https:\/\/www.quebakan.com\/v15\/wp-json\/wp\/v2\/media\/111075"}],"wp:attachment":[{"href":"https:\/\/www.quebakan.com\/v15\/wp-json\/wp\/v2\/media?parent=111074"}],"wp:term":[{"taxonomy":"category","embeddable":true,"href":"https:\/\/www.quebakan.com\/v15\/wp-json\/wp\/v2\/categories?post=111074"},{"taxonomy":"post_tag","embeddable":true,"href":"https:\/\/www.quebakan.com\/v15\/wp-json\/wp\/v2\/tags?post=111074"}],"curies":[{"name":"wp","href":"https:\/\/api.w.org\/{rel}","templated":true}]}}