{"id":114982,"date":"2023-12-19T00:10:39","date_gmt":"2023-12-19T05:10:39","guid":{"rendered":"https:\/\/www.quebakan.com\/v15\/?p=114982"},"modified":"2023-12-19T00:10:39","modified_gmt":"2023-12-19T05:10:39","slug":"tvs-llega-a-ecuador-con-lo-mas-iconico-de-la-ingenieria-y-tecnologia-en-motos-de-india","status":"publish","type":"post","link":"https:\/\/www.quebakan.com\/v15\/tvs-llega-a-ecuador-con-lo-mas-iconico-de-la-ingenieria-y-tecnologia-en-motos-de-india\/","title":{"rendered":"TVS LLEGA A ECUADOR CON LO M\u00c1S IC\u00d3NICO DE LA INGENIER\u00cdA Y TECNOLOG\u00cdA EN MOTOS DE INDIA"},"content":{"rendered":"<p><img fetchpriority=\"high\" decoding=\"async\" class=\"aligncenter size-full wp-image-114983\" src=\"https:\/\/www.quebakan.com\/v15\/wp-content\/uploads\/2023\/12\/TVS-1.jpg\" alt=\"\" width=\"700\" height=\"412\" \/><\/p>\n<p style=\"text-align: justify;\"><span style=\"color: #000000;\"><strong>GUAYAQUIL, ECUADOR, DICIEMBRE DE 2023 \u2013\u00a0<\/strong><em>TVS\u00a0 Motor Company, referente en la fabricaci\u00f3n de motocicletas\u00a0\u00a0 a nivel mundial <\/em>realiz\u00f3 un evento para celebrar el lanzamiento de sus tres modelos emblem\u00e1ticos: Raider 125, Apache 160 FI, y la Apache 200 FI en el Centro de Convenciones del Mall del R\u00edo.<\/span><\/p>\n<p style=\"text-align: justify;\"><span style=\"color: #000000;\">\u201cDesde 1978 tenemos como compromiso enfocarnos en la calidad, innovaci\u00f3n y el rendimiento para nuestros usuarios. Nuestra firma personal es el compromiso con la ingenier\u00eda y adopci\u00f3n de tecnolog\u00edas avanzadas, adem\u00e1s del dise\u00f1o y experiencia de conducci\u00f3n\u201d menciona Esteban V\u00e9lez Giraldo gerente regional LATAM de TVS Motor Company.<\/span><\/p>\n<p style=\"text-align: justify;\"><span style=\"color: #000000;\">La cita que recibi\u00f3 cerca de 100 personas entre medios locales, clientes VIP e influencers de renombre, tuvo como punto central la impresionante presentaci\u00f3n de cada uno de sus modelos y el simulador Racing de Moto GP, as\u00ed como el sorteo de uno de sus ejemplares entre los asistentes.<\/span><\/p>\n<p style=\"text-align: justify;\"><span style=\"color: #000000;\">\u201cLa industria de las motocicletas ha obtenido un crecimiento exponencial, especialmente a partir del a\u00f1o 2020 en donde se increment\u00f3 su venta en un 25%, es por esto que buscando potencializar el tiempo, la comodidad y la seguridad de sus usuarios decidimos ofrecer opciones integrales para diferentes tipos de usuario\u201d mencion\u00f3 Juan Miguel Moreno Jefe de Trade Marketing de TVS Ecuador.<\/span><\/p>\n<p style=\"text-align: justify;\"><span style=\"color: #000000;\"><strong>REDES SOCIALES:\u00a0<\/strong><a style=\"color: #000000;\" href=\"https:\/\/www.instagram.com\/tvsecuador\/?hl=es\">https:\/\/www.instagram.com\/tvsecuador\/?hl=es<\/a><\/span><\/p>\n<p style=\"text-align: justify;\"><span style=\"color: #000000;\"><a style=\"color: #000000;\" href=\"https:\/\/www.facebook.com\/tvsecuador\/\">https:\/\/www.facebook.com\/tvsecuador\/<\/a><\/span><\/p>\n<p><img decoding=\"async\" class=\"aligncenter size-full wp-image-114984\" src=\"https:\/\/www.quebakan.com\/v15\/wp-content\/uploads\/2023\/12\/TVS.jpg\" alt=\"\" width=\"700\" height=\"394\" \/><\/p>\n","protected":false},"excerpt":{"rendered":"<p>GUAYAQUIL, ECUADOR, DICIEMBRE DE 2023 \u2013\u00a0TVS\u00a0 Motor Company, referente en la fabricaci\u00f3n de motocicletas\u00a0\u00a0 a nivel mundial realiz\u00f3 un evento para celebrar el lanzamiento de sus tres modelos emblem\u00e1ticos: Raider 125, Apache 160 FI, y la Apache 200 FI en el Centro de Convenciones del Mall del R\u00edo. \u201cDesde 1978 tenemos como compromiso enfocarnos en [&hellip;]<\/p>\n","protected":false},"author":4,"featured_media":114983,"comment_status":"open","ping_status":"open","sticky":false,"template":"","format":"standard","meta":{"_bbp_topic_count":0,"_bbp_reply_count":0,"_bbp_total_topic_count":0,"_bbp_total_reply_count":0,"_bbp_voice_count":0,"_bbp_anonymous_reply_count":0,"_bbp_topic_count_hidden":0,"_bbp_reply_count_hidden":0,"_bbp_forum_subforum_count":0,"buzzeditor_post_format":"","footnotes":""},"categories":[2],"tags":[],"class_list":["post-114982","post","type-post","status-publish","format-standard","has-post-thumbnail","hentry","category-noticias"],"yoast_head":"<!-- This site is optimized with the Yoast SEO plugin v27.5 - https:\/\/yoast.com\/product\/yoast-seo-wordpress\/ -->\n<title>TVS LLEGA A ECUADOR CON LO M\u00c1S IC\u00d3NICO DE LA INGENIER\u00cdA Y TECNOLOG\u00cdA EN MOTOS DE INDIA &#8211; QUEBAKAN.COM 2026: Noticias, Eventos, Conciertos y mucho m\u00e1s....<\/title>\n<meta name=\"robots\" content=\"index, follow, max-snippet:-1, max-image-preview:large, max-video-preview:-1\" \/>\n<link rel=\"canonical\" href=\"https:\/\/www.quebakan.com\/v15\/tvs-llega-a-ecuador-con-lo-mas-iconico-de-la-ingenieria-y-tecnologia-en-motos-de-india\/\" \/>\n<meta property=\"og:locale\" content=\"es_ES\" \/>\n<meta property=\"og:type\" content=\"article\" \/>\n<meta property=\"og:title\" content=\"TVS LLEGA A ECUADOR CON LO M\u00c1S IC\u00d3NICO DE LA INGENIER\u00cdA Y TECNOLOG\u00cdA EN MOTOS DE INDIA &#8211; QUEBAKAN.COM 2026: Noticias, Eventos, Conciertos y mucho m\u00e1s....\" \/>\n<meta property=\"og:description\" content=\"GUAYAQUIL, ECUADOR, DICIEMBRE DE 2023 \u2013\u00a0TVS\u00a0 Motor Company, referente en la fabricaci\u00f3n de motocicletas\u00a0\u00a0 a nivel mundial realiz\u00f3 un evento para celebrar el lanzamiento de sus tres modelos emblem\u00e1ticos: Raider 125, Apache 160 FI, y la Apache 200 FI en el Centro de Convenciones del Mall del R\u00edo. \u201cDesde 1978 tenemos como compromiso enfocarnos en [&hellip;]\" \/>\n<meta property=\"og:url\" content=\"https:\/\/www.quebakan.com\/v15\/tvs-llega-a-ecuador-con-lo-mas-iconico-de-la-ingenieria-y-tecnologia-en-motos-de-india\/\" \/>\n<meta property=\"og:site_name\" content=\"QUEBAKAN.COM 2026: Noticias, Eventos, Conciertos y mucho m\u00e1s....\" \/>\n<meta property=\"article:publisher\" content=\"http:\/\/www.facebook.com\/quebakan\" \/>\n<meta property=\"article:published_time\" content=\"2023-12-19T05:10:39+00:00\" \/>\n<meta property=\"og:image\" content=\"https:\/\/www.quebakan.com\/v15\/wp-content\/uploads\/2023\/12\/TVS-1.jpg\" \/>\n\t<meta property=\"og:image:width\" content=\"700\" \/>\n\t<meta property=\"og:image:height\" content=\"412\" \/>\n\t<meta property=\"og:image:type\" content=\"image\/jpeg\" \/>\n<meta name=\"author\" content=\"Erick Villafuerte\" \/>\n<meta name=\"twitter:card\" content=\"summary_large_image\" \/>\n<meta name=\"twitter:creator\" content=\"@quebakanec\" \/>\n<meta name=\"twitter:site\" content=\"@quebakanec\" \/>\n<meta name=\"twitter:label1\" content=\"Escrito por\" \/>\n\t<meta name=\"twitter:data1\" content=\"Erick Villafuerte\" \/>\n\t<meta name=\"twitter:label2\" content=\"Tiempo de lectura\" \/>\n\t<meta name=\"twitter:data2\" content=\"2 minutos\" \/>\n<script type=\"application\/ld+json\" class=\"yoast-schema-graph\">{\"@context\":\"https:\\\/\\\/schema.org\",\"@graph\":[{\"@type\":\"Article\",\"@id\":\"https:\\\/\\\/www.quebakan.com\\\/v15\\\/tvs-llega-a-ecuador-con-lo-mas-iconico-de-la-ingenieria-y-tecnologia-en-motos-de-india\\\/#article\",\"isPartOf\":{\"@id\":\"https:\\\/\\\/www.quebakan.com\\\/v15\\\/tvs-llega-a-ecuador-con-lo-mas-iconico-de-la-ingenieria-y-tecnologia-en-motos-de-india\\\/\"},\"author\":{\"name\":\"Erick Villafuerte\",\"@id\":\"https:\\\/\\\/www.quebakan.com\\\/v15\\\/#\\\/schema\\\/person\\\/d90fa9f9cfa81eb8ace9811e5b7b9118\"},\"headline\":\"TVS LLEGA A ECUADOR CON LO M\u00c1S IC\u00d3NICO DE LA INGENIER\u00cdA Y TECNOLOG\u00cdA EN MOTOS DE INDIA\",\"datePublished\":\"2023-12-19T05:10:39+00:00\",\"mainEntityOfPage\":{\"@id\":\"https:\\\/\\\/www.quebakan.com\\\/v15\\\/tvs-llega-a-ecuador-con-lo-mas-iconico-de-la-ingenieria-y-tecnologia-en-motos-de-india\\\/\"},\"wordCount\":246,\"commentCount\":0,\"publisher\":{\"@id\":\"https:\\\/\\\/www.quebakan.com\\\/v15\\\/#organization\"},\"image\":{\"@id\":\"https:\\\/\\\/www.quebakan.com\\\/v15\\\/tvs-llega-a-ecuador-con-lo-mas-iconico-de-la-ingenieria-y-tecnologia-en-motos-de-india\\\/#primaryimage\"},\"thumbnailUrl\":\"https:\\\/\\\/www.quebakan.com\\\/v15\\\/wp-content\\\/uploads\\\/2023\\\/12\\\/TVS-1.jpg\",\"articleSection\":[\"Noticias\"],\"inLanguage\":\"es\"},{\"@type\":\"WebPage\",\"@id\":\"https:\\\/\\\/www.quebakan.com\\\/v15\\\/tvs-llega-a-ecuador-con-lo-mas-iconico-de-la-ingenieria-y-tecnologia-en-motos-de-india\\\/\",\"url\":\"https:\\\/\\\/www.quebakan.com\\\/v15\\\/tvs-llega-a-ecuador-con-lo-mas-iconico-de-la-ingenieria-y-tecnologia-en-motos-de-india\\\/\",\"name\":\"TVS LLEGA A ECUADOR CON LO M\u00c1S IC\u00d3NICO DE LA INGENIER\u00cdA Y TECNOLOG\u00cdA EN MOTOS DE INDIA &#8211; QUEBAKAN.COM 2026: Noticias, Eventos, Conciertos y mucho m\u00e1s....\",\"isPartOf\":{\"@id\":\"https:\\\/\\\/www.quebakan.com\\\/v15\\\/#website\"},\"primaryImageOfPage\":{\"@id\":\"https:\\\/\\\/www.quebakan.com\\\/v15\\\/tvs-llega-a-ecuador-con-lo-mas-iconico-de-la-ingenieria-y-tecnologia-en-motos-de-india\\\/#primaryimage\"},\"image\":{\"@id\":\"https:\\\/\\\/www.quebakan.com\\\/v15\\\/tvs-llega-a-ecuador-con-lo-mas-iconico-de-la-ingenieria-y-tecnologia-en-motos-de-india\\\/#primaryimage\"},\"thumbnailUrl\":\"https:\\\/\\\/www.quebakan.com\\\/v15\\\/wp-content\\\/uploads\\\/2023\\\/12\\\/TVS-1.jpg\",\"datePublished\":\"2023-12-19T05:10:39+00:00\",\"breadcrumb\":{\"@id\":\"https:\\\/\\\/www.quebakan.com\\\/v15\\\/tvs-llega-a-ecuador-con-lo-mas-iconico-de-la-ingenieria-y-tecnologia-en-motos-de-india\\\/#breadcrumb\"},\"inLanguage\":\"es\",\"potentialAction\":[{\"@type\":\"ReadAction\",\"target\":[\"https:\\\/\\\/www.quebakan.com\\\/v15\\\/tvs-llega-a-ecuador-con-lo-mas-iconico-de-la-ingenieria-y-tecnologia-en-motos-de-india\\\/\"]}]},{\"@type\":\"ImageObject\",\"inLanguage\":\"es\",\"@id\":\"https:\\\/\\\/www.quebakan.com\\\/v15\\\/tvs-llega-a-ecuador-con-lo-mas-iconico-de-la-ingenieria-y-tecnologia-en-motos-de-india\\\/#primaryimage\",\"url\":\"https:\\\/\\\/www.quebakan.com\\\/v15\\\/wp-content\\\/uploads\\\/2023\\\/12\\\/TVS-1.jpg\",\"contentUrl\":\"https:\\\/\\\/www.quebakan.com\\\/v15\\\/wp-content\\\/uploads\\\/2023\\\/12\\\/TVS-1.jpg\",\"width\":700,\"height\":412},{\"@type\":\"BreadcrumbList\",\"@id\":\"https:\\\/\\\/www.quebakan.com\\\/v15\\\/tvs-llega-a-ecuador-con-lo-mas-iconico-de-la-ingenieria-y-tecnologia-en-motos-de-india\\\/#breadcrumb\",\"itemListElement\":[{\"@type\":\"ListItem\",\"position\":1,\"name\":\"Portada\",\"item\":\"https:\\\/\\\/www.quebakan.com\\\/v15\\\/\"},{\"@type\":\"ListItem\",\"position\":2,\"name\":\"TVS LLEGA A ECUADOR CON LO M\u00c1S IC\u00d3NICO DE LA INGENIER\u00cdA Y TECNOLOG\u00cdA EN MOTOS DE INDIA\"}]},{\"@type\":\"WebSite\",\"@id\":\"https:\\\/\\\/www.quebakan.com\\\/v15\\\/#website\",\"url\":\"https:\\\/\\\/www.quebakan.com\\\/v15\\\/\",\"name\":\"QUEBAKAN\",\"description\":\"..\",\"publisher\":{\"@id\":\"https:\\\/\\\/www.quebakan.com\\\/v15\\\/#organization\"},\"potentialAction\":[{\"@type\":\"SearchAction\",\"target\":{\"@type\":\"EntryPoint\",\"urlTemplate\":\"https:\\\/\\\/www.quebakan.com\\\/v15\\\/?s={search_term_string}\"},\"query-input\":{\"@type\":\"PropertyValueSpecification\",\"valueRequired\":true,\"valueName\":\"search_term_string\"}}],\"inLanguage\":\"es\"},{\"@type\":\"Organization\",\"@id\":\"https:\\\/\\\/www.quebakan.com\\\/v15\\\/#organization\",\"name\":\"Quebakan.com\",\"url\":\"https:\\\/\\\/www.quebakan.com\\\/v15\\\/\",\"logo\":{\"@type\":\"ImageObject\",\"inLanguage\":\"es\",\"@id\":\"https:\\\/\\\/www.quebakan.com\\\/v15\\\/#\\\/schema\\\/logo\\\/image\\\/\",\"url\":\"https:\\\/\\\/www.quebakan.com\\\/v15\\\/wp-content\\\/uploads\\\/2023\\\/07\\\/logoquebakanenero2021.jpg\",\"contentUrl\":\"https:\\\/\\\/www.quebakan.com\\\/v15\\\/wp-content\\\/uploads\\\/2023\\\/07\\\/logoquebakanenero2021.jpg\",\"width\":1920,\"height\":1080,\"caption\":\"Quebakan.com\"},\"image\":{\"@id\":\"https:\\\/\\\/www.quebakan.com\\\/v15\\\/#\\\/schema\\\/logo\\\/image\\\/\"},\"sameAs\":[\"http:\\\/\\\/www.facebook.com\\\/quebakan\",\"https:\\\/\\\/x.com\\\/quebakanec\",\"http:\\\/\\\/www.instagram.com\\\/quebakan\",\"http:\\\/\\\/www.youtube.com\\\/quebakan1\"]},{\"@type\":\"Person\",\"@id\":\"https:\\\/\\\/www.quebakan.com\\\/v15\\\/#\\\/schema\\\/person\\\/d90fa9f9cfa81eb8ace9811e5b7b9118\",\"name\":\"Erick Villafuerte\",\"image\":{\"@type\":\"ImageObject\",\"inLanguage\":\"es\",\"@id\":\"https:\\\/\\\/www.quebakan.com\\\/v15\\\/wp-content\\\/uploads\\\/avatars\\\/4\\\/1731297654-bpfull.png\",\"url\":\"https:\\\/\\\/www.quebakan.com\\\/v15\\\/wp-content\\\/uploads\\\/avatars\\\/4\\\/1731297654-bpfull.png\",\"contentUrl\":\"https:\\\/\\\/www.quebakan.com\\\/v15\\\/wp-content\\\/uploads\\\/avatars\\\/4\\\/1731297654-bpfull.png\",\"caption\":\"Erick Villafuerte\"}}]}<\/script>\n<!-- \/ Yoast SEO plugin. -->","yoast_head_json":{"title":"TVS LLEGA A ECUADOR CON LO M\u00c1S IC\u00d3NICO DE LA INGENIER\u00cdA Y TECNOLOG\u00cdA EN MOTOS DE INDIA &#8211; QUEBAKAN.COM 2026: Noticias, Eventos, Conciertos y mucho m\u00e1s....","robots":{"index":"index","follow":"follow","max-snippet":"max-snippet:-1","max-image-preview":"max-image-preview:large","max-video-preview":"max-video-preview:-1"},"canonical":"https:\/\/www.quebakan.com\/v15\/tvs-llega-a-ecuador-con-lo-mas-iconico-de-la-ingenieria-y-tecnologia-en-motos-de-india\/","og_locale":"es_ES","og_type":"article","og_title":"TVS LLEGA A ECUADOR CON LO M\u00c1S IC\u00d3NICO DE LA INGENIER\u00cdA Y TECNOLOG\u00cdA EN MOTOS DE INDIA &#8211; QUEBAKAN.COM 2026: Noticias, Eventos, Conciertos y mucho m\u00e1s....","og_description":"GUAYAQUIL, ECUADOR, DICIEMBRE DE 2023 \u2013\u00a0TVS\u00a0 Motor Company, referente en la fabricaci\u00f3n de motocicletas\u00a0\u00a0 a nivel mundial realiz\u00f3 un evento para celebrar el lanzamiento de sus tres modelos emblem\u00e1ticos: Raider 125, Apache 160 FI, y la Apache 200 FI en el Centro de Convenciones del Mall del R\u00edo. \u201cDesde 1978 tenemos como compromiso enfocarnos en [&hellip;]","og_url":"https:\/\/www.quebakan.com\/v15\/tvs-llega-a-ecuador-con-lo-mas-iconico-de-la-ingenieria-y-tecnologia-en-motos-de-india\/","og_site_name":"QUEBAKAN.COM 2026: Noticias, Eventos, Conciertos y mucho m\u00e1s....","article_publisher":"http:\/\/www.facebook.com\/quebakan","article_published_time":"2023-12-19T05:10:39+00:00","og_image":[{"width":700,"height":412,"url":"https:\/\/www.quebakan.com\/v15\/wp-content\/uploads\/2023\/12\/TVS-1.jpg","type":"image\/jpeg"}],"author":"Erick Villafuerte","twitter_card":"summary_large_image","twitter_creator":"@quebakanec","twitter_site":"@quebakanec","twitter_misc":{"Escrito por":"Erick Villafuerte","Tiempo de lectura":"2 minutos"},"schema":{"@context":"https:\/\/schema.org","@graph":[{"@type":"Article","@id":"https:\/\/www.quebakan.com\/v15\/tvs-llega-a-ecuador-con-lo-mas-iconico-de-la-ingenieria-y-tecnologia-en-motos-de-india\/#article","isPartOf":{"@id":"https:\/\/www.quebakan.com\/v15\/tvs-llega-a-ecuador-con-lo-mas-iconico-de-la-ingenieria-y-tecnologia-en-motos-de-india\/"},"author":{"name":"Erick Villafuerte","@id":"https:\/\/www.quebakan.com\/v15\/#\/schema\/person\/d90fa9f9cfa81eb8ace9811e5b7b9118"},"headline":"TVS LLEGA A ECUADOR CON LO M\u00c1S IC\u00d3NICO DE LA INGENIER\u00cdA Y TECNOLOG\u00cdA EN MOTOS DE INDIA","datePublished":"2023-12-19T05:10:39+00:00","mainEntityOfPage":{"@id":"https:\/\/www.quebakan.com\/v15\/tvs-llega-a-ecuador-con-lo-mas-iconico-de-la-ingenieria-y-tecnologia-en-motos-de-india\/"},"wordCount":246,"commentCount":0,"publisher":{"@id":"https:\/\/www.quebakan.com\/v15\/#organization"},"image":{"@id":"https:\/\/www.quebakan.com\/v15\/tvs-llega-a-ecuador-con-lo-mas-iconico-de-la-ingenieria-y-tecnologia-en-motos-de-india\/#primaryimage"},"thumbnailUrl":"https:\/\/www.quebakan.com\/v15\/wp-content\/uploads\/2023\/12\/TVS-1.jpg","articleSection":["Noticias"],"inLanguage":"es"},{"@type":"WebPage","@id":"https:\/\/www.quebakan.com\/v15\/tvs-llega-a-ecuador-con-lo-mas-iconico-de-la-ingenieria-y-tecnologia-en-motos-de-india\/","url":"https:\/\/www.quebakan.com\/v15\/tvs-llega-a-ecuador-con-lo-mas-iconico-de-la-ingenieria-y-tecnologia-en-motos-de-india\/","name":"TVS LLEGA A ECUADOR CON LO M\u00c1S IC\u00d3NICO DE LA INGENIER\u00cdA Y TECNOLOG\u00cdA EN MOTOS DE INDIA &#8211; QUEBAKAN.COM 2026: Noticias, Eventos, Conciertos y mucho m\u00e1s....","isPartOf":{"@id":"https:\/\/www.quebakan.com\/v15\/#website"},"primaryImageOfPage":{"@id":"https:\/\/www.quebakan.com\/v15\/tvs-llega-a-ecuador-con-lo-mas-iconico-de-la-ingenieria-y-tecnologia-en-motos-de-india\/#primaryimage"},"image":{"@id":"https:\/\/www.quebakan.com\/v15\/tvs-llega-a-ecuador-con-lo-mas-iconico-de-la-ingenieria-y-tecnologia-en-motos-de-india\/#primaryimage"},"thumbnailUrl":"https:\/\/www.quebakan.com\/v15\/wp-content\/uploads\/2023\/12\/TVS-1.jpg","datePublished":"2023-12-19T05:10:39+00:00","breadcrumb":{"@id":"https:\/\/www.quebakan.com\/v15\/tvs-llega-a-ecuador-con-lo-mas-iconico-de-la-ingenieria-y-tecnologia-en-motos-de-india\/#breadcrumb"},"inLanguage":"es","potentialAction":[{"@type":"ReadAction","target":["https:\/\/www.quebakan.com\/v15\/tvs-llega-a-ecuador-con-lo-mas-iconico-de-la-ingenieria-y-tecnologia-en-motos-de-india\/"]}]},{"@type":"ImageObject","inLanguage":"es","@id":"https:\/\/www.quebakan.com\/v15\/tvs-llega-a-ecuador-con-lo-mas-iconico-de-la-ingenieria-y-tecnologia-en-motos-de-india\/#primaryimage","url":"https:\/\/www.quebakan.com\/v15\/wp-content\/uploads\/2023\/12\/TVS-1.jpg","contentUrl":"https:\/\/www.quebakan.com\/v15\/wp-content\/uploads\/2023\/12\/TVS-1.jpg","width":700,"height":412},{"@type":"BreadcrumbList","@id":"https:\/\/www.quebakan.com\/v15\/tvs-llega-a-ecuador-con-lo-mas-iconico-de-la-ingenieria-y-tecnologia-en-motos-de-india\/#breadcrumb","itemListElement":[{"@type":"ListItem","position":1,"name":"Portada","item":"https:\/\/www.quebakan.com\/v15\/"},{"@type":"ListItem","position":2,"name":"TVS LLEGA A ECUADOR CON LO M\u00c1S IC\u00d3NICO DE LA INGENIER\u00cdA Y TECNOLOG\u00cdA EN MOTOS DE INDIA"}]},{"@type":"WebSite","@id":"https:\/\/www.quebakan.com\/v15\/#website","url":"https:\/\/www.quebakan.com\/v15\/","name":"QUEBAKAN","description":"..","publisher":{"@id":"https:\/\/www.quebakan.com\/v15\/#organization"},"potentialAction":[{"@type":"SearchAction","target":{"@type":"EntryPoint","urlTemplate":"https:\/\/www.quebakan.com\/v15\/?s={search_term_string}"},"query-input":{"@type":"PropertyValueSpecification","valueRequired":true,"valueName":"search_term_string"}}],"inLanguage":"es"},{"@type":"Organization","@id":"https:\/\/www.quebakan.com\/v15\/#organization","name":"Quebakan.com","url":"https:\/\/www.quebakan.com\/v15\/","logo":{"@type":"ImageObject","inLanguage":"es","@id":"https:\/\/www.quebakan.com\/v15\/#\/schema\/logo\/image\/","url":"https:\/\/www.quebakan.com\/v15\/wp-content\/uploads\/2023\/07\/logoquebakanenero2021.jpg","contentUrl":"https:\/\/www.quebakan.com\/v15\/wp-content\/uploads\/2023\/07\/logoquebakanenero2021.jpg","width":1920,"height":1080,"caption":"Quebakan.com"},"image":{"@id":"https:\/\/www.quebakan.com\/v15\/#\/schema\/logo\/image\/"},"sameAs":["http:\/\/www.facebook.com\/quebakan","https:\/\/x.com\/quebakanec","http:\/\/www.instagram.com\/quebakan","http:\/\/www.youtube.com\/quebakan1"]},{"@type":"Person","@id":"https:\/\/www.quebakan.com\/v15\/#\/schema\/person\/d90fa9f9cfa81eb8ace9811e5b7b9118","name":"Erick Villafuerte","image":{"@type":"ImageObject","inLanguage":"es","@id":"https:\/\/www.quebakan.com\/v15\/wp-content\/uploads\/avatars\/4\/1731297654-bpfull.png","url":"https:\/\/www.quebakan.com\/v15\/wp-content\/uploads\/avatars\/4\/1731297654-bpfull.png","contentUrl":"https:\/\/www.quebakan.com\/v15\/wp-content\/uploads\/avatars\/4\/1731297654-bpfull.png","caption":"Erick Villafuerte"}}]}},"_links":{"self":[{"href":"https:\/\/www.quebakan.com\/v15\/wp-json\/wp\/v2\/posts\/114982","targetHints":{"allow":["GET"]}}],"collection":[{"href":"https:\/\/www.quebakan.com\/v15\/wp-json\/wp\/v2\/posts"}],"about":[{"href":"https:\/\/www.quebakan.com\/v15\/wp-json\/wp\/v2\/types\/post"}],"author":[{"embeddable":true,"href":"https:\/\/www.quebakan.com\/v15\/wp-json\/wp\/v2\/users\/4"}],"replies":[{"embeddable":true,"href":"https:\/\/www.quebakan.com\/v15\/wp-json\/wp\/v2\/comments?post=114982"}],"version-history":[{"count":1,"href":"https:\/\/www.quebakan.com\/v15\/wp-json\/wp\/v2\/posts\/114982\/revisions"}],"predecessor-version":[{"id":114985,"href":"https:\/\/www.quebakan.com\/v15\/wp-json\/wp\/v2\/posts\/114982\/revisions\/114985"}],"wp:featuredmedia":[{"embeddable":true,"href":"https:\/\/www.quebakan.com\/v15\/wp-json\/wp\/v2\/media\/114983"}],"wp:attachment":[{"href":"https:\/\/www.quebakan.com\/v15\/wp-json\/wp\/v2\/media?parent=114982"}],"wp:term":[{"taxonomy":"category","embeddable":true,"href":"https:\/\/www.quebakan.com\/v15\/wp-json\/wp\/v2\/categories?post=114982"},{"taxonomy":"post_tag","embeddable":true,"href":"https:\/\/www.quebakan.com\/v15\/wp-json\/wp\/v2\/tags?post=114982"}],"curies":[{"name":"wp","href":"https:\/\/api.w.org\/{rel}","templated":true}]}}