{"id":114991,"date":"2023-12-19T00:50:32","date_gmt":"2023-12-19T05:50:32","guid":{"rendered":"https:\/\/www.quebakan.com\/v15\/?p=114991"},"modified":"2023-12-19T00:50:32","modified_gmt":"2023-12-19T05:50:32","slug":"disfruta-con-conciencia-el-arte-de-saber-tomar-en-estas-fiestas","status":"publish","type":"post","link":"https:\/\/www.quebakan.com\/v15\/disfruta-con-conciencia-el-arte-de-saber-tomar-en-estas-fiestas\/","title":{"rendered":"Disfruta con conciencia: El arte de saber tomar en estas fiestas"},"content":{"rendered":"<p><img fetchpriority=\"high\" decoding=\"async\" class=\"aligncenter size-full wp-image-114992\" src=\"https:\/\/www.quebakan.com\/v15\/wp-content\/uploads\/2023\/12\/shutterstock_2150535171-1.jpg\" alt=\"\" width=\"700\" height=\"467\" \/><\/p>\n<p style=\"text-align: justify;\"><span style=\"color: #000000;\">Diciembre es uno de los meses con mayores festividades, es un tiempo de reuni\u00f3n entre amigos y familiares, donde la buena comida y las bebidas son protagonistas. En este contexto, Cervecer\u00eda Nacional se destaca por su compromiso con el consumo mesurado de bebidas alcoh\u00f3licas de moderaci\u00f3n, educando a las personas a disfrutarlas de manera consciente.<\/span><\/p>\n<p style=\"text-align: justify;\"><span style=\"color: #000000;\">La cerveza, arraigada en la cultura, se aprecia por su capacidad para fomentar el disfrute entre amigos, siempre enfatizando la moderaci\u00f3n y la responsabilidad. Con un contenido equilibrado, se ha convertido en una tradici\u00f3n su consumo, siendo la elecci\u00f3n favorita para aquellos que buscan equilibrar el placer con la responsabilidad.<\/span><\/p>\n<p style=\"text-align: justify;\"><span style=\"color: #000000;\"><strong>Consejos para una celebraci\u00f3n responsable<\/strong><\/span><\/p>\n<p style=\"text-align: justify;\"><span style=\"color: #000000;\">Para que las personas adopten una cultura de moderaci\u00f3n en estas fiestas, desde Cervecer\u00eda Nacional comparten cuatro consejos fundamentales:<\/span><\/p>\n<ul style=\"text-align: justify;\">\n<li><span style=\"color: #000000;\">Comer antes, durante y despu\u00e9s de la fiesta para acompa\u00f1ar la bebida favorita.<\/span><\/li>\n<li><span style=\"color: #000000;\">Intercalar agua entre las bebidas como clave para una fiesta con moderaci\u00f3n.<\/span><\/li>\n<li><span style=\"color: #000000;\">Nunca mezclar alcohol con la conducci\u00f3n; opta por un taxi o un servicio de aplicativo.<\/span><\/li>\n<li><span style=\"color: #000000;\">Regula la cantidad de bebidas ingeridas para que la celebraci\u00f3n contin\u00fae con normalidad.<\/span><\/li>\n<\/ul>\n<p style=\"text-align: justify;\"><span style=\"color: #000000;\">Estas directrices no solo hacen que las reuniones sean m\u00e1s agradables, sino que tambi\u00e9n fomentan una corriente de consumo prudente, promoviendo un ambiente festivo donde la diversi\u00f3n se combina con la prudencia.<\/span><\/p>\n<p style=\"text-align: justify;\"><span style=\"color: #000000;\"><strong>Acciones con prop\u00f3sito social<\/strong><\/span><\/p>\n<p style=\"text-align: justify;\"><span style=\"color: #000000;\">Con m\u00e1s de 135 a\u00f1os de historia en Ecuador, Cervecer\u00eda Nacional ha sido pionera en impulsar el consumo consciente de sus productos. Durante este a\u00f1o, la compa\u00f1\u00eda ha desarrollado campa\u00f1as educativas con el prop\u00f3sito de forjar comportamientos positivos ante el consumo de la cerveza como una bebida de disfrute responsable.<\/span><\/p>\n<p style=\"text-align: justify;\"><span style=\"color: #000000;\">En 2022 colaboraron de manera significativa con la Agencia Nacional de Tr\u00e1nsito en la impactante campa\u00f1a \u00abGame Over #SiBebesNoManejes\u201d, destinada a concientizar sobre los peligros vinculados al consumo excesivo de alcohol. Para el 2023 implementaron destacadas iniciativas, entre las que se destacan: \u201cDisfruta como un campe\u00f3n\u00bb, la cual alcanz\u00f3 a m\u00e1s de 80.000 personas consolid\u00e1ndose como un \u00e9xito; \u201cLatidos Pilsener\u00bb, que atrajo a m\u00e1s de 11.000 asistentes; Oktober Fest alcanzando m\u00e1s de 1.000 usuarios; y su participaci\u00f3n destacada en eventos de gran envergadura, como \u00abWine&amp;Beer\u00bb, con una concurrencia de m\u00e1s de 3.000 personas.<\/span><\/p>\n<p style=\"text-align: justify;\"><span style=\"color: #000000;\"><em>\u201cEn Cervecer\u00eda Nacional, estamos comprometidos en la promoci\u00f3n de una cultura responsable. Alineados a este gran objetivo, lideramos una iniciativa de etiquetado voluntario en nuestros empaques secundarios de nuestras cervezas locales, que incluye cuatro mensajes clave que invitan al consumo responsable de estas bebidas. Estamos orgullosos de ser embajadores de la moderaci\u00f3n, extendiendo esta cultura a nuestros colaboradores, proveedores y toda nuestra cadena de valor\u201d,<\/em> agreg\u00f3 Sandra Ca\u00f1izares, Gerente de marca Corporativa y Sostenibilidad.<\/span><\/p>\n<p style=\"text-align: justify;\"><span style=\"color: #000000;\">En el marco de las festividades, Cervecer\u00eda Nacional extiende una invitaci\u00f3n a disfrutar con responsabilidad. Esta misi\u00f3n se desarrolla a trav\u00e9s de una difusi\u00f3n constante de mensajes en diversas plataformas digitales, respaldada por recordatorios en los empaques secundarios de las cervezas personales de sus marcas nacionales: Siembra, Pilsener, Pilsener Light y Club. A trav\u00e9s de estos mensajes, buscan promover activamente un consumo adecuado. Es importante destacar que esta iniciativa inici\u00f3 con la marca Club en el a\u00f1o 2022.<\/span><\/p>\n<p style=\"text-align: justify;\"><span style=\"color: #000000;\">Aunque las bebidas alcoh\u00f3licas pueden ser el complemento perfecto para compartir momentos especiales entre amigos y familiares, es fundamental abordar su consumo con responsabilidad. Esta perspectiva asegura que cada celebraci\u00f3n festiva se transforme en experiencias memorables y positivas, promoviendo as\u00ed un disfrute consciente y equilibrado.<\/span><\/p>\n","protected":false},"excerpt":{"rendered":"<p>Diciembre es uno de los meses con mayores festividades, es un tiempo de reuni\u00f3n entre amigos y familiares, donde la buena comida y las bebidas son protagonistas. En este contexto, Cervecer\u00eda Nacional se destaca por su compromiso con el consumo mesurado de bebidas alcoh\u00f3licas de moderaci\u00f3n, educando a las personas a disfrutarlas de manera consciente. [&hellip;]<\/p>\n","protected":false},"author":4,"featured_media":114992,"comment_status":"open","ping_status":"open","sticky":false,"template":"","format":"standard","meta":{"_bbp_topic_count":0,"_bbp_reply_count":0,"_bbp_total_topic_count":0,"_bbp_total_reply_count":0,"_bbp_voice_count":0,"_bbp_anonymous_reply_count":0,"_bbp_topic_count_hidden":0,"_bbp_reply_count_hidden":0,"_bbp_forum_subforum_count":0,"buzzeditor_post_format":"","footnotes":""},"categories":[2],"tags":[],"class_list":["post-114991","post","type-post","status-publish","format-standard","has-post-thumbnail","hentry","category-noticias"],"yoast_head":"<!-- This site is optimized with the Yoast SEO plugin v27.5 - https:\/\/yoast.com\/product\/yoast-seo-wordpress\/ -->\n<title>Disfruta con conciencia: El arte de saber tomar en estas fiestas &#8211; QUEBAKAN.COM 2026: Noticias, Eventos, Conciertos y mucho m\u00e1s....<\/title>\n<meta name=\"robots\" content=\"index, follow, max-snippet:-1, max-image-preview:large, max-video-preview:-1\" \/>\n<link rel=\"canonical\" href=\"https:\/\/www.quebakan.com\/v15\/disfruta-con-conciencia-el-arte-de-saber-tomar-en-estas-fiestas\/\" \/>\n<meta property=\"og:locale\" content=\"es_ES\" \/>\n<meta property=\"og:type\" content=\"article\" \/>\n<meta property=\"og:title\" content=\"Disfruta con conciencia: El arte de saber tomar en estas fiestas &#8211; QUEBAKAN.COM 2026: Noticias, Eventos, Conciertos y mucho m\u00e1s....\" \/>\n<meta property=\"og:description\" content=\"Diciembre es uno de los meses con mayores festividades, es un tiempo de reuni\u00f3n entre amigos y familiares, donde la buena comida y las bebidas son protagonistas. En este contexto, Cervecer\u00eda Nacional se destaca por su compromiso con el consumo mesurado de bebidas alcoh\u00f3licas de moderaci\u00f3n, educando a las personas a disfrutarlas de manera consciente. [&hellip;]\" \/>\n<meta property=\"og:url\" content=\"https:\/\/www.quebakan.com\/v15\/disfruta-con-conciencia-el-arte-de-saber-tomar-en-estas-fiestas\/\" \/>\n<meta property=\"og:site_name\" content=\"QUEBAKAN.COM 2026: Noticias, Eventos, Conciertos y mucho m\u00e1s....\" \/>\n<meta property=\"article:publisher\" content=\"http:\/\/www.facebook.com\/quebakan\" \/>\n<meta property=\"article:published_time\" content=\"2023-12-19T05:50:32+00:00\" \/>\n<meta property=\"og:image\" content=\"https:\/\/www.quebakan.com\/v15\/wp-content\/uploads\/2023\/12\/shutterstock_2150535171-1.jpg\" \/>\n\t<meta property=\"og:image:width\" content=\"700\" \/>\n\t<meta property=\"og:image:height\" content=\"467\" \/>\n\t<meta property=\"og:image:type\" content=\"image\/jpeg\" \/>\n<meta name=\"author\" content=\"Erick Villafuerte\" \/>\n<meta name=\"twitter:card\" content=\"summary_large_image\" \/>\n<meta name=\"twitter:creator\" content=\"@quebakanec\" \/>\n<meta name=\"twitter:site\" content=\"@quebakanec\" \/>\n<meta name=\"twitter:label1\" content=\"Escrito por\" \/>\n\t<meta name=\"twitter:data1\" content=\"Erick Villafuerte\" \/>\n\t<meta name=\"twitter:label2\" content=\"Tiempo de lectura\" \/>\n\t<meta name=\"twitter:data2\" content=\"3 minutos\" \/>\n<script type=\"application\/ld+json\" class=\"yoast-schema-graph\">{\"@context\":\"https:\\\/\\\/schema.org\",\"@graph\":[{\"@type\":\"Article\",\"@id\":\"https:\\\/\\\/www.quebakan.com\\\/v15\\\/disfruta-con-conciencia-el-arte-de-saber-tomar-en-estas-fiestas\\\/#article\",\"isPartOf\":{\"@id\":\"https:\\\/\\\/www.quebakan.com\\\/v15\\\/disfruta-con-conciencia-el-arte-de-saber-tomar-en-estas-fiestas\\\/\"},\"author\":{\"name\":\"Erick Villafuerte\",\"@id\":\"https:\\\/\\\/www.quebakan.com\\\/v15\\\/#\\\/schema\\\/person\\\/d90fa9f9cfa81eb8ace9811e5b7b9118\"},\"headline\":\"Disfruta con conciencia: El arte de saber tomar en estas fiestas\",\"datePublished\":\"2023-12-19T05:50:32+00:00\",\"mainEntityOfPage\":{\"@id\":\"https:\\\/\\\/www.quebakan.com\\\/v15\\\/disfruta-con-conciencia-el-arte-de-saber-tomar-en-estas-fiestas\\\/\"},\"wordCount\":612,\"commentCount\":0,\"publisher\":{\"@id\":\"https:\\\/\\\/www.quebakan.com\\\/v15\\\/#organization\"},\"image\":{\"@id\":\"https:\\\/\\\/www.quebakan.com\\\/v15\\\/disfruta-con-conciencia-el-arte-de-saber-tomar-en-estas-fiestas\\\/#primaryimage\"},\"thumbnailUrl\":\"https:\\\/\\\/www.quebakan.com\\\/v15\\\/wp-content\\\/uploads\\\/2023\\\/12\\\/shutterstock_2150535171-1.jpg\",\"articleSection\":[\"Noticias\"],\"inLanguage\":\"es\"},{\"@type\":\"WebPage\",\"@id\":\"https:\\\/\\\/www.quebakan.com\\\/v15\\\/disfruta-con-conciencia-el-arte-de-saber-tomar-en-estas-fiestas\\\/\",\"url\":\"https:\\\/\\\/www.quebakan.com\\\/v15\\\/disfruta-con-conciencia-el-arte-de-saber-tomar-en-estas-fiestas\\\/\",\"name\":\"Disfruta con conciencia: El arte de saber tomar en estas fiestas &#8211; QUEBAKAN.COM 2026: Noticias, Eventos, Conciertos y mucho m\u00e1s....\",\"isPartOf\":{\"@id\":\"https:\\\/\\\/www.quebakan.com\\\/v15\\\/#website\"},\"primaryImageOfPage\":{\"@id\":\"https:\\\/\\\/www.quebakan.com\\\/v15\\\/disfruta-con-conciencia-el-arte-de-saber-tomar-en-estas-fiestas\\\/#primaryimage\"},\"image\":{\"@id\":\"https:\\\/\\\/www.quebakan.com\\\/v15\\\/disfruta-con-conciencia-el-arte-de-saber-tomar-en-estas-fiestas\\\/#primaryimage\"},\"thumbnailUrl\":\"https:\\\/\\\/www.quebakan.com\\\/v15\\\/wp-content\\\/uploads\\\/2023\\\/12\\\/shutterstock_2150535171-1.jpg\",\"datePublished\":\"2023-12-19T05:50:32+00:00\",\"breadcrumb\":{\"@id\":\"https:\\\/\\\/www.quebakan.com\\\/v15\\\/disfruta-con-conciencia-el-arte-de-saber-tomar-en-estas-fiestas\\\/#breadcrumb\"},\"inLanguage\":\"es\",\"potentialAction\":[{\"@type\":\"ReadAction\",\"target\":[\"https:\\\/\\\/www.quebakan.com\\\/v15\\\/disfruta-con-conciencia-el-arte-de-saber-tomar-en-estas-fiestas\\\/\"]}]},{\"@type\":\"ImageObject\",\"inLanguage\":\"es\",\"@id\":\"https:\\\/\\\/www.quebakan.com\\\/v15\\\/disfruta-con-conciencia-el-arte-de-saber-tomar-en-estas-fiestas\\\/#primaryimage\",\"url\":\"https:\\\/\\\/www.quebakan.com\\\/v15\\\/wp-content\\\/uploads\\\/2023\\\/12\\\/shutterstock_2150535171-1.jpg\",\"contentUrl\":\"https:\\\/\\\/www.quebakan.com\\\/v15\\\/wp-content\\\/uploads\\\/2023\\\/12\\\/shutterstock_2150535171-1.jpg\",\"width\":700,\"height\":467},{\"@type\":\"BreadcrumbList\",\"@id\":\"https:\\\/\\\/www.quebakan.com\\\/v15\\\/disfruta-con-conciencia-el-arte-de-saber-tomar-en-estas-fiestas\\\/#breadcrumb\",\"itemListElement\":[{\"@type\":\"ListItem\",\"position\":1,\"name\":\"Portada\",\"item\":\"https:\\\/\\\/www.quebakan.com\\\/v15\\\/\"},{\"@type\":\"ListItem\",\"position\":2,\"name\":\"Disfruta con conciencia: El arte de saber tomar en estas fiestas\"}]},{\"@type\":\"WebSite\",\"@id\":\"https:\\\/\\\/www.quebakan.com\\\/v15\\\/#website\",\"url\":\"https:\\\/\\\/www.quebakan.com\\\/v15\\\/\",\"name\":\"QUEBAKAN\",\"description\":\"..\",\"publisher\":{\"@id\":\"https:\\\/\\\/www.quebakan.com\\\/v15\\\/#organization\"},\"potentialAction\":[{\"@type\":\"SearchAction\",\"target\":{\"@type\":\"EntryPoint\",\"urlTemplate\":\"https:\\\/\\\/www.quebakan.com\\\/v15\\\/?s={search_term_string}\"},\"query-input\":{\"@type\":\"PropertyValueSpecification\",\"valueRequired\":true,\"valueName\":\"search_term_string\"}}],\"inLanguage\":\"es\"},{\"@type\":\"Organization\",\"@id\":\"https:\\\/\\\/www.quebakan.com\\\/v15\\\/#organization\",\"name\":\"Quebakan.com\",\"url\":\"https:\\\/\\\/www.quebakan.com\\\/v15\\\/\",\"logo\":{\"@type\":\"ImageObject\",\"inLanguage\":\"es\",\"@id\":\"https:\\\/\\\/www.quebakan.com\\\/v15\\\/#\\\/schema\\\/logo\\\/image\\\/\",\"url\":\"https:\\\/\\\/www.quebakan.com\\\/v15\\\/wp-content\\\/uploads\\\/2023\\\/07\\\/logoquebakanenero2021.jpg\",\"contentUrl\":\"https:\\\/\\\/www.quebakan.com\\\/v15\\\/wp-content\\\/uploads\\\/2023\\\/07\\\/logoquebakanenero2021.jpg\",\"width\":1920,\"height\":1080,\"caption\":\"Quebakan.com\"},\"image\":{\"@id\":\"https:\\\/\\\/www.quebakan.com\\\/v15\\\/#\\\/schema\\\/logo\\\/image\\\/\"},\"sameAs\":[\"http:\\\/\\\/www.facebook.com\\\/quebakan\",\"https:\\\/\\\/x.com\\\/quebakanec\",\"http:\\\/\\\/www.instagram.com\\\/quebakan\",\"http:\\\/\\\/www.youtube.com\\\/quebakan1\"]},{\"@type\":\"Person\",\"@id\":\"https:\\\/\\\/www.quebakan.com\\\/v15\\\/#\\\/schema\\\/person\\\/d90fa9f9cfa81eb8ace9811e5b7b9118\",\"name\":\"Erick Villafuerte\",\"image\":{\"@type\":\"ImageObject\",\"inLanguage\":\"es\",\"@id\":\"https:\\\/\\\/www.quebakan.com\\\/v15\\\/wp-content\\\/uploads\\\/avatars\\\/4\\\/1731297654-bpfull.png\",\"url\":\"https:\\\/\\\/www.quebakan.com\\\/v15\\\/wp-content\\\/uploads\\\/avatars\\\/4\\\/1731297654-bpfull.png\",\"contentUrl\":\"https:\\\/\\\/www.quebakan.com\\\/v15\\\/wp-content\\\/uploads\\\/avatars\\\/4\\\/1731297654-bpfull.png\",\"caption\":\"Erick Villafuerte\"}}]}<\/script>\n<!-- \/ Yoast SEO plugin. -->","yoast_head_json":{"title":"Disfruta con conciencia: El arte de saber tomar en estas fiestas &#8211; QUEBAKAN.COM 2026: Noticias, Eventos, Conciertos y mucho m\u00e1s....","robots":{"index":"index","follow":"follow","max-snippet":"max-snippet:-1","max-image-preview":"max-image-preview:large","max-video-preview":"max-video-preview:-1"},"canonical":"https:\/\/www.quebakan.com\/v15\/disfruta-con-conciencia-el-arte-de-saber-tomar-en-estas-fiestas\/","og_locale":"es_ES","og_type":"article","og_title":"Disfruta con conciencia: El arte de saber tomar en estas fiestas &#8211; QUEBAKAN.COM 2026: Noticias, Eventos, Conciertos y mucho m\u00e1s....","og_description":"Diciembre es uno de los meses con mayores festividades, es un tiempo de reuni\u00f3n entre amigos y familiares, donde la buena comida y las bebidas son protagonistas. En este contexto, Cervecer\u00eda Nacional se destaca por su compromiso con el consumo mesurado de bebidas alcoh\u00f3licas de moderaci\u00f3n, educando a las personas a disfrutarlas de manera consciente. [&hellip;]","og_url":"https:\/\/www.quebakan.com\/v15\/disfruta-con-conciencia-el-arte-de-saber-tomar-en-estas-fiestas\/","og_site_name":"QUEBAKAN.COM 2026: Noticias, Eventos, Conciertos y mucho m\u00e1s....","article_publisher":"http:\/\/www.facebook.com\/quebakan","article_published_time":"2023-12-19T05:50:32+00:00","og_image":[{"width":700,"height":467,"url":"https:\/\/www.quebakan.com\/v15\/wp-content\/uploads\/2023\/12\/shutterstock_2150535171-1.jpg","type":"image\/jpeg"}],"author":"Erick Villafuerte","twitter_card":"summary_large_image","twitter_creator":"@quebakanec","twitter_site":"@quebakanec","twitter_misc":{"Escrito por":"Erick Villafuerte","Tiempo de lectura":"3 minutos"},"schema":{"@context":"https:\/\/schema.org","@graph":[{"@type":"Article","@id":"https:\/\/www.quebakan.com\/v15\/disfruta-con-conciencia-el-arte-de-saber-tomar-en-estas-fiestas\/#article","isPartOf":{"@id":"https:\/\/www.quebakan.com\/v15\/disfruta-con-conciencia-el-arte-de-saber-tomar-en-estas-fiestas\/"},"author":{"name":"Erick Villafuerte","@id":"https:\/\/www.quebakan.com\/v15\/#\/schema\/person\/d90fa9f9cfa81eb8ace9811e5b7b9118"},"headline":"Disfruta con conciencia: El arte de saber tomar en estas fiestas","datePublished":"2023-12-19T05:50:32+00:00","mainEntityOfPage":{"@id":"https:\/\/www.quebakan.com\/v15\/disfruta-con-conciencia-el-arte-de-saber-tomar-en-estas-fiestas\/"},"wordCount":612,"commentCount":0,"publisher":{"@id":"https:\/\/www.quebakan.com\/v15\/#organization"},"image":{"@id":"https:\/\/www.quebakan.com\/v15\/disfruta-con-conciencia-el-arte-de-saber-tomar-en-estas-fiestas\/#primaryimage"},"thumbnailUrl":"https:\/\/www.quebakan.com\/v15\/wp-content\/uploads\/2023\/12\/shutterstock_2150535171-1.jpg","articleSection":["Noticias"],"inLanguage":"es"},{"@type":"WebPage","@id":"https:\/\/www.quebakan.com\/v15\/disfruta-con-conciencia-el-arte-de-saber-tomar-en-estas-fiestas\/","url":"https:\/\/www.quebakan.com\/v15\/disfruta-con-conciencia-el-arte-de-saber-tomar-en-estas-fiestas\/","name":"Disfruta con conciencia: El arte de saber tomar en estas fiestas &#8211; QUEBAKAN.COM 2026: Noticias, Eventos, Conciertos y mucho m\u00e1s....","isPartOf":{"@id":"https:\/\/www.quebakan.com\/v15\/#website"},"primaryImageOfPage":{"@id":"https:\/\/www.quebakan.com\/v15\/disfruta-con-conciencia-el-arte-de-saber-tomar-en-estas-fiestas\/#primaryimage"},"image":{"@id":"https:\/\/www.quebakan.com\/v15\/disfruta-con-conciencia-el-arte-de-saber-tomar-en-estas-fiestas\/#primaryimage"},"thumbnailUrl":"https:\/\/www.quebakan.com\/v15\/wp-content\/uploads\/2023\/12\/shutterstock_2150535171-1.jpg","datePublished":"2023-12-19T05:50:32+00:00","breadcrumb":{"@id":"https:\/\/www.quebakan.com\/v15\/disfruta-con-conciencia-el-arte-de-saber-tomar-en-estas-fiestas\/#breadcrumb"},"inLanguage":"es","potentialAction":[{"@type":"ReadAction","target":["https:\/\/www.quebakan.com\/v15\/disfruta-con-conciencia-el-arte-de-saber-tomar-en-estas-fiestas\/"]}]},{"@type":"ImageObject","inLanguage":"es","@id":"https:\/\/www.quebakan.com\/v15\/disfruta-con-conciencia-el-arte-de-saber-tomar-en-estas-fiestas\/#primaryimage","url":"https:\/\/www.quebakan.com\/v15\/wp-content\/uploads\/2023\/12\/shutterstock_2150535171-1.jpg","contentUrl":"https:\/\/www.quebakan.com\/v15\/wp-content\/uploads\/2023\/12\/shutterstock_2150535171-1.jpg","width":700,"height":467},{"@type":"BreadcrumbList","@id":"https:\/\/www.quebakan.com\/v15\/disfruta-con-conciencia-el-arte-de-saber-tomar-en-estas-fiestas\/#breadcrumb","itemListElement":[{"@type":"ListItem","position":1,"name":"Portada","item":"https:\/\/www.quebakan.com\/v15\/"},{"@type":"ListItem","position":2,"name":"Disfruta con conciencia: El arte de saber tomar en estas fiestas"}]},{"@type":"WebSite","@id":"https:\/\/www.quebakan.com\/v15\/#website","url":"https:\/\/www.quebakan.com\/v15\/","name":"QUEBAKAN","description":"..","publisher":{"@id":"https:\/\/www.quebakan.com\/v15\/#organization"},"potentialAction":[{"@type":"SearchAction","target":{"@type":"EntryPoint","urlTemplate":"https:\/\/www.quebakan.com\/v15\/?s={search_term_string}"},"query-input":{"@type":"PropertyValueSpecification","valueRequired":true,"valueName":"search_term_string"}}],"inLanguage":"es"},{"@type":"Organization","@id":"https:\/\/www.quebakan.com\/v15\/#organization","name":"Quebakan.com","url":"https:\/\/www.quebakan.com\/v15\/","logo":{"@type":"ImageObject","inLanguage":"es","@id":"https:\/\/www.quebakan.com\/v15\/#\/schema\/logo\/image\/","url":"https:\/\/www.quebakan.com\/v15\/wp-content\/uploads\/2023\/07\/logoquebakanenero2021.jpg","contentUrl":"https:\/\/www.quebakan.com\/v15\/wp-content\/uploads\/2023\/07\/logoquebakanenero2021.jpg","width":1920,"height":1080,"caption":"Quebakan.com"},"image":{"@id":"https:\/\/www.quebakan.com\/v15\/#\/schema\/logo\/image\/"},"sameAs":["http:\/\/www.facebook.com\/quebakan","https:\/\/x.com\/quebakanec","http:\/\/www.instagram.com\/quebakan","http:\/\/www.youtube.com\/quebakan1"]},{"@type":"Person","@id":"https:\/\/www.quebakan.com\/v15\/#\/schema\/person\/d90fa9f9cfa81eb8ace9811e5b7b9118","name":"Erick Villafuerte","image":{"@type":"ImageObject","inLanguage":"es","@id":"https:\/\/www.quebakan.com\/v15\/wp-content\/uploads\/avatars\/4\/1731297654-bpfull.png","url":"https:\/\/www.quebakan.com\/v15\/wp-content\/uploads\/avatars\/4\/1731297654-bpfull.png","contentUrl":"https:\/\/www.quebakan.com\/v15\/wp-content\/uploads\/avatars\/4\/1731297654-bpfull.png","caption":"Erick Villafuerte"}}]}},"_links":{"self":[{"href":"https:\/\/www.quebakan.com\/v15\/wp-json\/wp\/v2\/posts\/114991","targetHints":{"allow":["GET"]}}],"collection":[{"href":"https:\/\/www.quebakan.com\/v15\/wp-json\/wp\/v2\/posts"}],"about":[{"href":"https:\/\/www.quebakan.com\/v15\/wp-json\/wp\/v2\/types\/post"}],"author":[{"embeddable":true,"href":"https:\/\/www.quebakan.com\/v15\/wp-json\/wp\/v2\/users\/4"}],"replies":[{"embeddable":true,"href":"https:\/\/www.quebakan.com\/v15\/wp-json\/wp\/v2\/comments?post=114991"}],"version-history":[{"count":1,"href":"https:\/\/www.quebakan.com\/v15\/wp-json\/wp\/v2\/posts\/114991\/revisions"}],"predecessor-version":[{"id":114993,"href":"https:\/\/www.quebakan.com\/v15\/wp-json\/wp\/v2\/posts\/114991\/revisions\/114993"}],"wp:featuredmedia":[{"embeddable":true,"href":"https:\/\/www.quebakan.com\/v15\/wp-json\/wp\/v2\/media\/114992"}],"wp:attachment":[{"href":"https:\/\/www.quebakan.com\/v15\/wp-json\/wp\/v2\/media?parent=114991"}],"wp:term":[{"taxonomy":"category","embeddable":true,"href":"https:\/\/www.quebakan.com\/v15\/wp-json\/wp\/v2\/categories?post=114991"},{"taxonomy":"post_tag","embeddable":true,"href":"https:\/\/www.quebakan.com\/v15\/wp-json\/wp\/v2\/tags?post=114991"}],"curies":[{"name":"wp","href":"https:\/\/api.w.org\/{rel}","templated":true}]}}