{"id":115000,"date":"2023-12-19T02:00:29","date_gmt":"2023-12-19T07:00:29","guid":{"rendered":"https:\/\/www.quebakan.com\/v15\/?p=115000"},"modified":"2023-12-19T02:00:29","modified_gmt":"2023-12-19T07:00:29","slug":"dnews-presenta-hoy-el-documental-sobrevivientes-del-terrorismo-con-impactantes-testimonios-de-dos-ecuatorianas","status":"publish","type":"post","link":"https:\/\/www.quebakan.com\/v15\/dnews-presenta-hoy-el-documental-sobrevivientes-del-terrorismo-con-impactantes-testimonios-de-dos-ecuatorianas\/","title":{"rendered":"DNEWS presenta hoy el documental \u201cSobrevivientes del Terrorismo\u201d, con impactantes testimonios de dos ecuatorianas"},"content":{"rendered":"<p><img fetchpriority=\"high\" decoding=\"async\" class=\"aligncenter size-full wp-image-115001\" src=\"https:\/\/www.quebakan.com\/v15\/wp-content\/uploads\/2023\/12\/sobrevivientes.jpg\" alt=\"\" width=\"533\" height=\"294\" \/><\/p>\n<p style=\"text-align: justify;\"><span style=\"color: #000000;\"><em>La se\u00f1al de noticias de DIRECTV pondr\u00e1 al aire escalofriantes testimonios de cinco latinoamericanos que se enfrentaron al horror de la organizaci\u00f3n terrorista Hamas el 7 de octubre pasado. El contenido podr\u00e1 verse tambi\u00e9n en la plataforma de TV en vivo y streaming <\/em><a style=\"color: #000000;\" href=\"http:\/\/www.directvgo.com\"><em>DGO<\/em><\/a><em> en Argentina, Chile, Uruguay, Colombia, Ecuador y Per\u00fa.<\/em><\/span><\/p>\n<p style=\"text-align: justify;\"><span style=\"color: #000000;\"><strong>Buenos Aires, 18 de diciembre de 2023 \u2013 <\/strong><strong>DNEWS<\/strong>, primera se\u00f1al de noticias de Latinoam\u00e9rica en vivo para Latinoam\u00e9rica y el mundo, emitir\u00e1 esta noche \u201cSobrevivientes del Terrorismo\u201d, un documental con testimonios de latinoamericanos que se encontraban en Israel el d\u00eda del cruento ataque de la organizaci\u00f3n terrorista Hamas contra la poblaci\u00f3n civil.<\/span><\/p>\n<p style=\"text-align: justify;\"><span style=\"color: #000000;\">El documental original de DNEWS re\u00fane cinco testimonios de una ciudadana argentina, dos ecuatorianas y dos chilenos que se encontraban en Israel el 7 de octubre de 2023, d\u00eda en el que comenz\u00f3 la guerra entre ese pa\u00eds y Hamas, tras el mayor ataque por parte del grupo terrorista en la historia.<\/span><\/p>\n<p style=\"text-align: justify;\"><span style=\"color: #000000;\">El contenido estar\u00e1 disponible a las 22:00 horas de Argentina, Chile y Uruguay, y 20:00 de Ecuador, Colombia y Per\u00fa en el 700 y 1700 HD de la grilla de programaci\u00f3n de DIRECTV; y tambi\u00e9n en la plataforma de TV en vivo y streaming DGO.<\/span><\/p>\n<p style=\"text-align: justify;\"><span style=\"color: #000000;\">Adem\u00e1s, las entrevistas ser\u00e1n transmitidas durante toda la semana en DNEWS, la \u00fanica se\u00f1al de noticias de Latinoam\u00e9rica para la regi\u00f3n y el mundo, con cobertura en vivo y en directo desde Argentina, Chile, Uruguay, Ecuador, Colombia y Per\u00fa.<\/span><\/p>\n<p style=\"text-align: justify;\"><span style=\"color: #000000;\">In\u00e9s Grimland es una argentina que estaba en Israel visitando a su familia. Hab\u00eda viajado por el nacimiento de su bisnieto, sobreviviente tambi\u00e9n del 7 de octubre. El horror los encontr\u00f3 en su hogar y afortunadamente pudieron escapar de la masacre perpetrada pro la organizaci\u00f3n terrorista.<\/span><\/p>\n<p style=\"text-align: justify;\"><span style=\"color: #000000;\">Daniel Nachari es un ciudadano chileno que estaba viviendo hace unos a\u00f1os en Israel, cumpliendo as\u00ed un sue\u00f1o que lo hab\u00eda acompa\u00f1ado toda su vida. Gabriela Trebitsch, cantante, tambi\u00e9n vive en Israel junto a su marido y sus dos hijas; si bien se fue tras el inicio de la guerra, luego decidi\u00f3 volver pese al conflicto.<\/span><\/p>\n<p style=\"text-align: justify;\"><span style=\"color: #000000;\">Andrea Chimborazo es una ecuatoriana que vive hace a\u00f1os en Israel junto a su familia y, tras desatarse la guerra, decidi\u00f3 volver a su pa\u00eds para ayudar a Israel desde donde pueda. Por \u00faltimo, Estefan\u00eda Enr\u00edquez, tambi\u00e9n ecuatoriana, vive en Israel junto a su marido y su hijo; hab\u00eda llegado al pa\u00eds como voluntaria y luego se qued\u00f3 all\u00ed para comenzar una nueva vida junto a su pareja.<\/span><\/p>\n","protected":false},"excerpt":{"rendered":"<p>La se\u00f1al de noticias de DIRECTV pondr\u00e1 al aire escalofriantes testimonios de cinco latinoamericanos que se enfrentaron al horror de la organizaci\u00f3n terrorista Hamas el 7 de octubre pasado. El contenido podr\u00e1 verse tambi\u00e9n en la plataforma de TV en vivo y streaming DGO en Argentina, Chile, Uruguay, Colombia, Ecuador y Per\u00fa. Buenos Aires, 18 [&hellip;]<\/p>\n","protected":false},"author":4,"featured_media":115001,"comment_status":"open","ping_status":"open","sticky":false,"template":"","format":"standard","meta":{"_bbp_topic_count":0,"_bbp_reply_count":0,"_bbp_total_topic_count":0,"_bbp_total_reply_count":0,"_bbp_voice_count":0,"_bbp_anonymous_reply_count":0,"_bbp_topic_count_hidden":0,"_bbp_reply_count_hidden":0,"_bbp_forum_subforum_count":0,"buzzeditor_post_format":"","footnotes":""},"categories":[2],"tags":[],"class_list":["post-115000","post","type-post","status-publish","format-standard","has-post-thumbnail","hentry","category-noticias"],"yoast_head":"<!-- This site is optimized with the Yoast SEO plugin v27.5 - https:\/\/yoast.com\/product\/yoast-seo-wordpress\/ -->\n<title>DNEWS presenta hoy el documental \u201cSobrevivientes del Terrorismo\u201d, con impactantes testimonios de dos ecuatorianas &#8211; QUEBAKAN.COM 2026: Noticias, Eventos, Conciertos y mucho m\u00e1s....<\/title>\n<meta name=\"robots\" content=\"index, follow, max-snippet:-1, max-image-preview:large, max-video-preview:-1\" \/>\n<link rel=\"canonical\" href=\"https:\/\/www.quebakan.com\/v15\/dnews-presenta-hoy-el-documental-sobrevivientes-del-terrorismo-con-impactantes-testimonios-de-dos-ecuatorianas\/\" \/>\n<meta property=\"og:locale\" content=\"es_ES\" \/>\n<meta property=\"og:type\" content=\"article\" \/>\n<meta property=\"og:title\" content=\"DNEWS presenta hoy el documental \u201cSobrevivientes del Terrorismo\u201d, con impactantes testimonios de dos ecuatorianas &#8211; QUEBAKAN.COM 2026: Noticias, Eventos, Conciertos y mucho m\u00e1s....\" \/>\n<meta property=\"og:description\" content=\"La se\u00f1al de noticias de DIRECTV pondr\u00e1 al aire escalofriantes testimonios de cinco latinoamericanos que se enfrentaron al horror de la organizaci\u00f3n terrorista Hamas el 7 de octubre pasado. El contenido podr\u00e1 verse tambi\u00e9n en la plataforma de TV en vivo y streaming DGO en Argentina, Chile, Uruguay, Colombia, Ecuador y Per\u00fa. Buenos Aires, 18 [&hellip;]\" \/>\n<meta property=\"og:url\" content=\"https:\/\/www.quebakan.com\/v15\/dnews-presenta-hoy-el-documental-sobrevivientes-del-terrorismo-con-impactantes-testimonios-de-dos-ecuatorianas\/\" \/>\n<meta property=\"og:site_name\" content=\"QUEBAKAN.COM 2026: Noticias, Eventos, Conciertos y mucho m\u00e1s....\" \/>\n<meta property=\"article:publisher\" content=\"http:\/\/www.facebook.com\/quebakan\" \/>\n<meta property=\"article:published_time\" content=\"2023-12-19T07:00:29+00:00\" \/>\n<meta property=\"og:image\" content=\"https:\/\/www.quebakan.com\/v15\/wp-content\/uploads\/2023\/12\/sobrevivientes.jpg\" \/>\n\t<meta property=\"og:image:width\" content=\"533\" \/>\n\t<meta property=\"og:image:height\" content=\"294\" \/>\n\t<meta property=\"og:image:type\" content=\"image\/jpeg\" \/>\n<meta name=\"author\" content=\"Erick Villafuerte\" \/>\n<meta name=\"twitter:card\" content=\"summary_large_image\" \/>\n<meta name=\"twitter:creator\" content=\"@quebakanec\" \/>\n<meta name=\"twitter:site\" content=\"@quebakanec\" \/>\n<meta name=\"twitter:label1\" content=\"Escrito por\" \/>\n\t<meta name=\"twitter:data1\" content=\"Erick Villafuerte\" \/>\n\t<meta name=\"twitter:label2\" content=\"Tiempo de lectura\" \/>\n\t<meta name=\"twitter:data2\" content=\"3 minutos\" \/>\n<script type=\"application\/ld+json\" class=\"yoast-schema-graph\">{\"@context\":\"https:\\\/\\\/schema.org\",\"@graph\":[{\"@type\":\"Article\",\"@id\":\"https:\\\/\\\/www.quebakan.com\\\/v15\\\/dnews-presenta-hoy-el-documental-sobrevivientes-del-terrorismo-con-impactantes-testimonios-de-dos-ecuatorianas\\\/#article\",\"isPartOf\":{\"@id\":\"https:\\\/\\\/www.quebakan.com\\\/v15\\\/dnews-presenta-hoy-el-documental-sobrevivientes-del-terrorismo-con-impactantes-testimonios-de-dos-ecuatorianas\\\/\"},\"author\":{\"name\":\"Erick Villafuerte\",\"@id\":\"https:\\\/\\\/www.quebakan.com\\\/v15\\\/#\\\/schema\\\/person\\\/d90fa9f9cfa81eb8ace9811e5b7b9118\"},\"headline\":\"DNEWS presenta hoy el documental \u201cSobrevivientes del Terrorismo\u201d, con impactantes testimonios de dos ecuatorianas\",\"datePublished\":\"2023-12-19T07:00:29+00:00\",\"mainEntityOfPage\":{\"@id\":\"https:\\\/\\\/www.quebakan.com\\\/v15\\\/dnews-presenta-hoy-el-documental-sobrevivientes-del-terrorismo-con-impactantes-testimonios-de-dos-ecuatorianas\\\/\"},\"wordCount\":449,\"commentCount\":0,\"publisher\":{\"@id\":\"https:\\\/\\\/www.quebakan.com\\\/v15\\\/#organization\"},\"image\":{\"@id\":\"https:\\\/\\\/www.quebakan.com\\\/v15\\\/dnews-presenta-hoy-el-documental-sobrevivientes-del-terrorismo-con-impactantes-testimonios-de-dos-ecuatorianas\\\/#primaryimage\"},\"thumbnailUrl\":\"https:\\\/\\\/www.quebakan.com\\\/v15\\\/wp-content\\\/uploads\\\/2023\\\/12\\\/sobrevivientes.jpg\",\"articleSection\":[\"Noticias\"],\"inLanguage\":\"es\"},{\"@type\":\"WebPage\",\"@id\":\"https:\\\/\\\/www.quebakan.com\\\/v15\\\/dnews-presenta-hoy-el-documental-sobrevivientes-del-terrorismo-con-impactantes-testimonios-de-dos-ecuatorianas\\\/\",\"url\":\"https:\\\/\\\/www.quebakan.com\\\/v15\\\/dnews-presenta-hoy-el-documental-sobrevivientes-del-terrorismo-con-impactantes-testimonios-de-dos-ecuatorianas\\\/\",\"name\":\"DNEWS presenta hoy el documental \u201cSobrevivientes del Terrorismo\u201d, con impactantes testimonios de dos ecuatorianas &#8211; QUEBAKAN.COM 2026: Noticias, Eventos, Conciertos y mucho m\u00e1s....\",\"isPartOf\":{\"@id\":\"https:\\\/\\\/www.quebakan.com\\\/v15\\\/#website\"},\"primaryImageOfPage\":{\"@id\":\"https:\\\/\\\/www.quebakan.com\\\/v15\\\/dnews-presenta-hoy-el-documental-sobrevivientes-del-terrorismo-con-impactantes-testimonios-de-dos-ecuatorianas\\\/#primaryimage\"},\"image\":{\"@id\":\"https:\\\/\\\/www.quebakan.com\\\/v15\\\/dnews-presenta-hoy-el-documental-sobrevivientes-del-terrorismo-con-impactantes-testimonios-de-dos-ecuatorianas\\\/#primaryimage\"},\"thumbnailUrl\":\"https:\\\/\\\/www.quebakan.com\\\/v15\\\/wp-content\\\/uploads\\\/2023\\\/12\\\/sobrevivientes.jpg\",\"datePublished\":\"2023-12-19T07:00:29+00:00\",\"breadcrumb\":{\"@id\":\"https:\\\/\\\/www.quebakan.com\\\/v15\\\/dnews-presenta-hoy-el-documental-sobrevivientes-del-terrorismo-con-impactantes-testimonios-de-dos-ecuatorianas\\\/#breadcrumb\"},\"inLanguage\":\"es\",\"potentialAction\":[{\"@type\":\"ReadAction\",\"target\":[\"https:\\\/\\\/www.quebakan.com\\\/v15\\\/dnews-presenta-hoy-el-documental-sobrevivientes-del-terrorismo-con-impactantes-testimonios-de-dos-ecuatorianas\\\/\"]}]},{\"@type\":\"ImageObject\",\"inLanguage\":\"es\",\"@id\":\"https:\\\/\\\/www.quebakan.com\\\/v15\\\/dnews-presenta-hoy-el-documental-sobrevivientes-del-terrorismo-con-impactantes-testimonios-de-dos-ecuatorianas\\\/#primaryimage\",\"url\":\"https:\\\/\\\/www.quebakan.com\\\/v15\\\/wp-content\\\/uploads\\\/2023\\\/12\\\/sobrevivientes.jpg\",\"contentUrl\":\"https:\\\/\\\/www.quebakan.com\\\/v15\\\/wp-content\\\/uploads\\\/2023\\\/12\\\/sobrevivientes.jpg\",\"width\":533,\"height\":294},{\"@type\":\"BreadcrumbList\",\"@id\":\"https:\\\/\\\/www.quebakan.com\\\/v15\\\/dnews-presenta-hoy-el-documental-sobrevivientes-del-terrorismo-con-impactantes-testimonios-de-dos-ecuatorianas\\\/#breadcrumb\",\"itemListElement\":[{\"@type\":\"ListItem\",\"position\":1,\"name\":\"Portada\",\"item\":\"https:\\\/\\\/www.quebakan.com\\\/v15\\\/\"},{\"@type\":\"ListItem\",\"position\":2,\"name\":\"DNEWS presenta hoy el documental \u201cSobrevivientes del Terrorismo\u201d, con impactantes testimonios de dos ecuatorianas\"}]},{\"@type\":\"WebSite\",\"@id\":\"https:\\\/\\\/www.quebakan.com\\\/v15\\\/#website\",\"url\":\"https:\\\/\\\/www.quebakan.com\\\/v15\\\/\",\"name\":\"QUEBAKAN\",\"description\":\"..\",\"publisher\":{\"@id\":\"https:\\\/\\\/www.quebakan.com\\\/v15\\\/#organization\"},\"potentialAction\":[{\"@type\":\"SearchAction\",\"target\":{\"@type\":\"EntryPoint\",\"urlTemplate\":\"https:\\\/\\\/www.quebakan.com\\\/v15\\\/?s={search_term_string}\"},\"query-input\":{\"@type\":\"PropertyValueSpecification\",\"valueRequired\":true,\"valueName\":\"search_term_string\"}}],\"inLanguage\":\"es\"},{\"@type\":\"Organization\",\"@id\":\"https:\\\/\\\/www.quebakan.com\\\/v15\\\/#organization\",\"name\":\"Quebakan.com\",\"url\":\"https:\\\/\\\/www.quebakan.com\\\/v15\\\/\",\"logo\":{\"@type\":\"ImageObject\",\"inLanguage\":\"es\",\"@id\":\"https:\\\/\\\/www.quebakan.com\\\/v15\\\/#\\\/schema\\\/logo\\\/image\\\/\",\"url\":\"https:\\\/\\\/www.quebakan.com\\\/v15\\\/wp-content\\\/uploads\\\/2023\\\/07\\\/logoquebakanenero2021.jpg\",\"contentUrl\":\"https:\\\/\\\/www.quebakan.com\\\/v15\\\/wp-content\\\/uploads\\\/2023\\\/07\\\/logoquebakanenero2021.jpg\",\"width\":1920,\"height\":1080,\"caption\":\"Quebakan.com\"},\"image\":{\"@id\":\"https:\\\/\\\/www.quebakan.com\\\/v15\\\/#\\\/schema\\\/logo\\\/image\\\/\"},\"sameAs\":[\"http:\\\/\\\/www.facebook.com\\\/quebakan\",\"https:\\\/\\\/x.com\\\/quebakanec\",\"http:\\\/\\\/www.instagram.com\\\/quebakan\",\"http:\\\/\\\/www.youtube.com\\\/quebakan1\"]},{\"@type\":\"Person\",\"@id\":\"https:\\\/\\\/www.quebakan.com\\\/v15\\\/#\\\/schema\\\/person\\\/d90fa9f9cfa81eb8ace9811e5b7b9118\",\"name\":\"Erick Villafuerte\",\"image\":{\"@type\":\"ImageObject\",\"inLanguage\":\"es\",\"@id\":\"https:\\\/\\\/www.quebakan.com\\\/v15\\\/wp-content\\\/uploads\\\/avatars\\\/4\\\/1731297654-bpfull.png\",\"url\":\"https:\\\/\\\/www.quebakan.com\\\/v15\\\/wp-content\\\/uploads\\\/avatars\\\/4\\\/1731297654-bpfull.png\",\"contentUrl\":\"https:\\\/\\\/www.quebakan.com\\\/v15\\\/wp-content\\\/uploads\\\/avatars\\\/4\\\/1731297654-bpfull.png\",\"caption\":\"Erick Villafuerte\"}}]}<\/script>\n<!-- \/ Yoast SEO plugin. -->","yoast_head_json":{"title":"DNEWS presenta hoy el documental \u201cSobrevivientes del Terrorismo\u201d, con impactantes testimonios de dos ecuatorianas &#8211; QUEBAKAN.COM 2026: Noticias, Eventos, Conciertos y mucho m\u00e1s....","robots":{"index":"index","follow":"follow","max-snippet":"max-snippet:-1","max-image-preview":"max-image-preview:large","max-video-preview":"max-video-preview:-1"},"canonical":"https:\/\/www.quebakan.com\/v15\/dnews-presenta-hoy-el-documental-sobrevivientes-del-terrorismo-con-impactantes-testimonios-de-dos-ecuatorianas\/","og_locale":"es_ES","og_type":"article","og_title":"DNEWS presenta hoy el documental \u201cSobrevivientes del Terrorismo\u201d, con impactantes testimonios de dos ecuatorianas &#8211; QUEBAKAN.COM 2026: Noticias, Eventos, Conciertos y mucho m\u00e1s....","og_description":"La se\u00f1al de noticias de DIRECTV pondr\u00e1 al aire escalofriantes testimonios de cinco latinoamericanos que se enfrentaron al horror de la organizaci\u00f3n terrorista Hamas el 7 de octubre pasado. El contenido podr\u00e1 verse tambi\u00e9n en la plataforma de TV en vivo y streaming DGO en Argentina, Chile, Uruguay, Colombia, Ecuador y Per\u00fa. Buenos Aires, 18 [&hellip;]","og_url":"https:\/\/www.quebakan.com\/v15\/dnews-presenta-hoy-el-documental-sobrevivientes-del-terrorismo-con-impactantes-testimonios-de-dos-ecuatorianas\/","og_site_name":"QUEBAKAN.COM 2026: Noticias, Eventos, Conciertos y mucho m\u00e1s....","article_publisher":"http:\/\/www.facebook.com\/quebakan","article_published_time":"2023-12-19T07:00:29+00:00","og_image":[{"width":533,"height":294,"url":"https:\/\/www.quebakan.com\/v15\/wp-content\/uploads\/2023\/12\/sobrevivientes.jpg","type":"image\/jpeg"}],"author":"Erick Villafuerte","twitter_card":"summary_large_image","twitter_creator":"@quebakanec","twitter_site":"@quebakanec","twitter_misc":{"Escrito por":"Erick Villafuerte","Tiempo de lectura":"3 minutos"},"schema":{"@context":"https:\/\/schema.org","@graph":[{"@type":"Article","@id":"https:\/\/www.quebakan.com\/v15\/dnews-presenta-hoy-el-documental-sobrevivientes-del-terrorismo-con-impactantes-testimonios-de-dos-ecuatorianas\/#article","isPartOf":{"@id":"https:\/\/www.quebakan.com\/v15\/dnews-presenta-hoy-el-documental-sobrevivientes-del-terrorismo-con-impactantes-testimonios-de-dos-ecuatorianas\/"},"author":{"name":"Erick Villafuerte","@id":"https:\/\/www.quebakan.com\/v15\/#\/schema\/person\/d90fa9f9cfa81eb8ace9811e5b7b9118"},"headline":"DNEWS presenta hoy el documental \u201cSobrevivientes del Terrorismo\u201d, con impactantes testimonios de dos ecuatorianas","datePublished":"2023-12-19T07:00:29+00:00","mainEntityOfPage":{"@id":"https:\/\/www.quebakan.com\/v15\/dnews-presenta-hoy-el-documental-sobrevivientes-del-terrorismo-con-impactantes-testimonios-de-dos-ecuatorianas\/"},"wordCount":449,"commentCount":0,"publisher":{"@id":"https:\/\/www.quebakan.com\/v15\/#organization"},"image":{"@id":"https:\/\/www.quebakan.com\/v15\/dnews-presenta-hoy-el-documental-sobrevivientes-del-terrorismo-con-impactantes-testimonios-de-dos-ecuatorianas\/#primaryimage"},"thumbnailUrl":"https:\/\/www.quebakan.com\/v15\/wp-content\/uploads\/2023\/12\/sobrevivientes.jpg","articleSection":["Noticias"],"inLanguage":"es"},{"@type":"WebPage","@id":"https:\/\/www.quebakan.com\/v15\/dnews-presenta-hoy-el-documental-sobrevivientes-del-terrorismo-con-impactantes-testimonios-de-dos-ecuatorianas\/","url":"https:\/\/www.quebakan.com\/v15\/dnews-presenta-hoy-el-documental-sobrevivientes-del-terrorismo-con-impactantes-testimonios-de-dos-ecuatorianas\/","name":"DNEWS presenta hoy el documental \u201cSobrevivientes del Terrorismo\u201d, con impactantes testimonios de dos ecuatorianas &#8211; QUEBAKAN.COM 2026: Noticias, Eventos, Conciertos y mucho m\u00e1s....","isPartOf":{"@id":"https:\/\/www.quebakan.com\/v15\/#website"},"primaryImageOfPage":{"@id":"https:\/\/www.quebakan.com\/v15\/dnews-presenta-hoy-el-documental-sobrevivientes-del-terrorismo-con-impactantes-testimonios-de-dos-ecuatorianas\/#primaryimage"},"image":{"@id":"https:\/\/www.quebakan.com\/v15\/dnews-presenta-hoy-el-documental-sobrevivientes-del-terrorismo-con-impactantes-testimonios-de-dos-ecuatorianas\/#primaryimage"},"thumbnailUrl":"https:\/\/www.quebakan.com\/v15\/wp-content\/uploads\/2023\/12\/sobrevivientes.jpg","datePublished":"2023-12-19T07:00:29+00:00","breadcrumb":{"@id":"https:\/\/www.quebakan.com\/v15\/dnews-presenta-hoy-el-documental-sobrevivientes-del-terrorismo-con-impactantes-testimonios-de-dos-ecuatorianas\/#breadcrumb"},"inLanguage":"es","potentialAction":[{"@type":"ReadAction","target":["https:\/\/www.quebakan.com\/v15\/dnews-presenta-hoy-el-documental-sobrevivientes-del-terrorismo-con-impactantes-testimonios-de-dos-ecuatorianas\/"]}]},{"@type":"ImageObject","inLanguage":"es","@id":"https:\/\/www.quebakan.com\/v15\/dnews-presenta-hoy-el-documental-sobrevivientes-del-terrorismo-con-impactantes-testimonios-de-dos-ecuatorianas\/#primaryimage","url":"https:\/\/www.quebakan.com\/v15\/wp-content\/uploads\/2023\/12\/sobrevivientes.jpg","contentUrl":"https:\/\/www.quebakan.com\/v15\/wp-content\/uploads\/2023\/12\/sobrevivientes.jpg","width":533,"height":294},{"@type":"BreadcrumbList","@id":"https:\/\/www.quebakan.com\/v15\/dnews-presenta-hoy-el-documental-sobrevivientes-del-terrorismo-con-impactantes-testimonios-de-dos-ecuatorianas\/#breadcrumb","itemListElement":[{"@type":"ListItem","position":1,"name":"Portada","item":"https:\/\/www.quebakan.com\/v15\/"},{"@type":"ListItem","position":2,"name":"DNEWS presenta hoy el documental \u201cSobrevivientes del Terrorismo\u201d, con impactantes testimonios de dos ecuatorianas"}]},{"@type":"WebSite","@id":"https:\/\/www.quebakan.com\/v15\/#website","url":"https:\/\/www.quebakan.com\/v15\/","name":"QUEBAKAN","description":"..","publisher":{"@id":"https:\/\/www.quebakan.com\/v15\/#organization"},"potentialAction":[{"@type":"SearchAction","target":{"@type":"EntryPoint","urlTemplate":"https:\/\/www.quebakan.com\/v15\/?s={search_term_string}"},"query-input":{"@type":"PropertyValueSpecification","valueRequired":true,"valueName":"search_term_string"}}],"inLanguage":"es"},{"@type":"Organization","@id":"https:\/\/www.quebakan.com\/v15\/#organization","name":"Quebakan.com","url":"https:\/\/www.quebakan.com\/v15\/","logo":{"@type":"ImageObject","inLanguage":"es","@id":"https:\/\/www.quebakan.com\/v15\/#\/schema\/logo\/image\/","url":"https:\/\/www.quebakan.com\/v15\/wp-content\/uploads\/2023\/07\/logoquebakanenero2021.jpg","contentUrl":"https:\/\/www.quebakan.com\/v15\/wp-content\/uploads\/2023\/07\/logoquebakanenero2021.jpg","width":1920,"height":1080,"caption":"Quebakan.com"},"image":{"@id":"https:\/\/www.quebakan.com\/v15\/#\/schema\/logo\/image\/"},"sameAs":["http:\/\/www.facebook.com\/quebakan","https:\/\/x.com\/quebakanec","http:\/\/www.instagram.com\/quebakan","http:\/\/www.youtube.com\/quebakan1"]},{"@type":"Person","@id":"https:\/\/www.quebakan.com\/v15\/#\/schema\/person\/d90fa9f9cfa81eb8ace9811e5b7b9118","name":"Erick Villafuerte","image":{"@type":"ImageObject","inLanguage":"es","@id":"https:\/\/www.quebakan.com\/v15\/wp-content\/uploads\/avatars\/4\/1731297654-bpfull.png","url":"https:\/\/www.quebakan.com\/v15\/wp-content\/uploads\/avatars\/4\/1731297654-bpfull.png","contentUrl":"https:\/\/www.quebakan.com\/v15\/wp-content\/uploads\/avatars\/4\/1731297654-bpfull.png","caption":"Erick Villafuerte"}}]}},"_links":{"self":[{"href":"https:\/\/www.quebakan.com\/v15\/wp-json\/wp\/v2\/posts\/115000","targetHints":{"allow":["GET"]}}],"collection":[{"href":"https:\/\/www.quebakan.com\/v15\/wp-json\/wp\/v2\/posts"}],"about":[{"href":"https:\/\/www.quebakan.com\/v15\/wp-json\/wp\/v2\/types\/post"}],"author":[{"embeddable":true,"href":"https:\/\/www.quebakan.com\/v15\/wp-json\/wp\/v2\/users\/4"}],"replies":[{"embeddable":true,"href":"https:\/\/www.quebakan.com\/v15\/wp-json\/wp\/v2\/comments?post=115000"}],"version-history":[{"count":1,"href":"https:\/\/www.quebakan.com\/v15\/wp-json\/wp\/v2\/posts\/115000\/revisions"}],"predecessor-version":[{"id":115002,"href":"https:\/\/www.quebakan.com\/v15\/wp-json\/wp\/v2\/posts\/115000\/revisions\/115002"}],"wp:featuredmedia":[{"embeddable":true,"href":"https:\/\/www.quebakan.com\/v15\/wp-json\/wp\/v2\/media\/115001"}],"wp:attachment":[{"href":"https:\/\/www.quebakan.com\/v15\/wp-json\/wp\/v2\/media?parent=115000"}],"wp:term":[{"taxonomy":"category","embeddable":true,"href":"https:\/\/www.quebakan.com\/v15\/wp-json\/wp\/v2\/categories?post=115000"},{"taxonomy":"post_tag","embeddable":true,"href":"https:\/\/www.quebakan.com\/v15\/wp-json\/wp\/v2\/tags?post=115000"}],"curies":[{"name":"wp","href":"https:\/\/api.w.org\/{rel}","templated":true}]}}