{"id":115008,"date":"2023-12-19T10:50:38","date_gmt":"2023-12-19T15:50:38","guid":{"rendered":"https:\/\/www.quebakan.com\/v15\/?p=115008"},"modified":"2023-12-19T10:50:38","modified_gmt":"2023-12-19T15:50:38","slug":"navidad-sostenible-mas-alla-del-reciclaje-y-mas-cerca-de-la-equidad-e-inclusion","status":"publish","type":"post","link":"https:\/\/www.quebakan.com\/v15\/navidad-sostenible-mas-alla-del-reciclaje-y-mas-cerca-de-la-equidad-e-inclusion\/","title":{"rendered":"Navidad sostenible: m\u00e1s all\u00e1 del reciclaje y m\u00e1s cerca de la equidad e inclusi\u00f3n"},"content":{"rendered":"<p><img fetchpriority=\"high\" decoding=\"async\" class=\"aligncenter size-full wp-image-115009\" src=\"https:\/\/www.quebakan.com\/v15\/wp-content\/uploads\/2023\/12\/Imagen-de-WhatsApp-2023-12-19-a-las-10.40.jpg\" alt=\"\" width=\"700\" height=\"466\" \/><\/p>\n<p style=\"text-align: justify;\"><span style=\"color: #000000;\"><strong>QUITO \u2013 Diciembre, 2023<\/strong>. \u00a0La temporada navide\u00f1a es un momento especial del a\u00f1o, marcado por la alegr\u00eda, la generosidad y la uni\u00f3n familiar. Sin embargo, en medio de la celebraci\u00f3n, es esencial reconocer la importancia de adoptar pr\u00e1cticas conscientes que contribuyan a la sostenibilidad, el respeto por el medioambiente, la inclusi\u00f3n y la diversidad.\u00a0 La sostenibilidad es un t\u00e9rmino que se ha hecho popular, pero su significado va mucho m\u00e1s all\u00e1 del cuidado ambiental. Mar\u00eda Ver\u00f3nica Carrasco, quien lidera la iniciativa de sostenibilidad de Equifax Ecuador y experta en cambio cultural brinda algunas claves para incorporar este concepto a las celebraciones.<\/span><\/p>\n<p style=\"text-align: justify;\"><span style=\"color: #000000;\">\u201cGeneralmente se ha asociado el concepto de sostenibilidad hacia el cuidado del ambiente, sin embargo, tiene un espectro mucho m\u00e1s amplio que incluye pr\u00e1cticas que fomentan la inclusi\u00f3n, la diversidad, la \u00e9tica y elementos de desarrollo de capacidades que contribuyen a crear una mayor consciencia sobre c\u00f3mo podemos mejorar el mundo en el que vivimos\u201d explica Mar\u00eda Ver\u00f3nica Carrasco, l\u00edder de la Iniciativa de Sostenibilidad de Equifax Ecuador, firma que durante este a\u00f1o ha impulsado un cambio cultural basado en principios de ESG (factores ambientales, sociales y de gobierno corporativo) y que comparte algunas experiencias para celebrar la Navidad de manera consciente.<\/span><\/p>\n<ol style=\"text-align: justify;\">\n<li><span style=\"color: #000000;\"><strong>Regalos eco-amigables: <\/strong>Opta por regalos con estilo y a la moda que tambi\u00e9n sean respetuosos con el medioambiente. Desde prendas de vestir, accesorios o velas. Busca marcas que utilicen materiales sostenibles y tengan pr\u00e1cticas \u00e9ticas en su producci\u00f3n, de esta manera, contribuyes directamente a minimizar el impacto ambiental.<\/span><\/li>\n<li><span style=\"color: #000000;\"><strong> Apoyo a emprendimientos: <\/strong>Explora emprendimientos locales que impulsen pr\u00e1cticas sostenibles, generaci\u00f3n de empleo y con enfoque de g\u00e9nero. \u00a1Encuentra productos \u00fanicos y contribuye al crecimiento de la econom\u00eda local al mismo tiempo!<\/span><\/li>\n<li><span style=\"color: #000000;\"><strong> Inclusi\u00f3n y diversidad:<\/strong> Prioriza empresas que abrazan la inclusividad y la diversidad en todas sus facetas. Apoya a aquellas que promueven oportunidades igualitarias para todos, reflejando as\u00ed los principios de equidad social y de g\u00e9nero.<\/span><\/li>\n<li><span style=\"color: #000000;\"><strong> Intercambios de regalos:<\/strong> Organiza canjes de regalos entre amigos para reducir el consumo innecesario. Pueden intercambiar prendas, libros o productos reutilizables, promoviendo un esp\u00edritu de sostenibilidad y amistad.<\/span><\/li>\n<li><span style=\"color: #000000;\"><strong> Experiencias virtuales:<\/strong> Considera regalar experiencias virtuales, como cursos en l\u00ednea, membres\u00edas de plataformas de streaming o suscripciones a servicios digitales. As\u00ed, evitamos la producci\u00f3n de bienes f\u00edsicos y la generaci\u00f3n de residuos innecesarios.<\/span><\/li>\n<li><span style=\"color: #000000;\"><strong> Eco-Fashion:<\/strong> La moda ecol\u00f3gica est\u00e1 en auge, y ahora contamos con numerosas tiendas de moda circular. Explora estas opciones que ofrecen prendas sostenibles, adem\u00e1s, en plataformas como Instagram, encontrar\u00e1s inspiradoras alternativas y tendencias de moda sostenible mientras contribuyes al cuidado del planeta.<\/span><\/li>\n<li><span style=\"color: #000000;\"><strong>Regalos con prop\u00f3sito:<\/strong> Opta por regalos que tengan un prop\u00f3sito m\u00e1s all\u00e1 de la temporada. Pueden ser art\u00edculos que apoyen causas sociales o ambientales, transmitiendo un mensaje de conciencia y responsabilidad.<\/span><\/li>\n<li><span style=\"color: #000000;\"><strong> Envoltorio sostenible:<\/strong> S\u00e9 consciente del embalaje de tus regalos; elige opciones reciclables o, a\u00fan mejor, aquellas que minimicen el uso de envoltorios desechables.<\/span><\/li>\n<li><span style=\"color: #000000;\"><strong> Comparte tu compromiso:<\/strong> Comparte tus elecciones sostenibles en redes sociales para inspirar a otras personas a seguir tu ejemplo.<\/span><\/li>\n<\/ol>\n<p style=\"text-align: justify;\"><span style=\"color: #000000;\">Carrasco subraya que celebrar la Navidad de manera consciente no solo beneficia al medioambiente, sino que tambi\u00e9n enriquece la experiencia navide\u00f1a al centrarse en valores fundamentales como la responsabilidad, la empat\u00eda y la gratitud. Con peque\u00f1as acciones, cada individuo puede contribuir a construir un mundo m\u00e1s sostenible y armonioso durante las festividades y m\u00e1s all\u00e1.<\/span><\/p>\n","protected":false},"excerpt":{"rendered":"<p>QUITO \u2013 Diciembre, 2023. \u00a0La temporada navide\u00f1a es un momento especial del a\u00f1o, marcado por la alegr\u00eda, la generosidad y la uni\u00f3n familiar. Sin embargo, en medio de la celebraci\u00f3n, es esencial reconocer la importancia de adoptar pr\u00e1cticas conscientes que contribuyan a la sostenibilidad, el respeto por el medioambiente, la inclusi\u00f3n y la diversidad.\u00a0 La [&hellip;]<\/p>\n","protected":false},"author":4,"featured_media":115009,"comment_status":"open","ping_status":"open","sticky":false,"template":"","format":"standard","meta":{"_bbp_topic_count":0,"_bbp_reply_count":0,"_bbp_total_topic_count":0,"_bbp_total_reply_count":0,"_bbp_voice_count":0,"_bbp_anonymous_reply_count":0,"_bbp_topic_count_hidden":0,"_bbp_reply_count_hidden":0,"_bbp_forum_subforum_count":0,"buzzeditor_post_format":"","footnotes":""},"categories":[2],"tags":[],"class_list":["post-115008","post","type-post","status-publish","format-standard","has-post-thumbnail","hentry","category-noticias"],"yoast_head":"<!-- This site is optimized with the Yoast SEO plugin v27.5 - https:\/\/yoast.com\/product\/yoast-seo-wordpress\/ -->\n<title>Navidad sostenible: m\u00e1s all\u00e1 del reciclaje y m\u00e1s cerca de la equidad e inclusi\u00f3n &#8211; QUEBAKAN.COM 2026: Noticias, Eventos, Conciertos y mucho m\u00e1s....<\/title>\n<meta name=\"robots\" content=\"index, follow, max-snippet:-1, max-image-preview:large, max-video-preview:-1\" \/>\n<link rel=\"canonical\" href=\"https:\/\/www.quebakan.com\/v15\/navidad-sostenible-mas-alla-del-reciclaje-y-mas-cerca-de-la-equidad-e-inclusion\/\" \/>\n<meta property=\"og:locale\" content=\"es_ES\" \/>\n<meta property=\"og:type\" content=\"article\" \/>\n<meta property=\"og:title\" content=\"Navidad sostenible: m\u00e1s all\u00e1 del reciclaje y m\u00e1s cerca de la equidad e inclusi\u00f3n &#8211; QUEBAKAN.COM 2026: Noticias, Eventos, Conciertos y mucho m\u00e1s....\" \/>\n<meta property=\"og:description\" content=\"QUITO \u2013 Diciembre, 2023. \u00a0La temporada navide\u00f1a es un momento especial del a\u00f1o, marcado por la alegr\u00eda, la generosidad y la uni\u00f3n familiar. Sin embargo, en medio de la celebraci\u00f3n, es esencial reconocer la importancia de adoptar pr\u00e1cticas conscientes que contribuyan a la sostenibilidad, el respeto por el medioambiente, la inclusi\u00f3n y la diversidad.\u00a0 La [&hellip;]\" \/>\n<meta property=\"og:url\" content=\"https:\/\/www.quebakan.com\/v15\/navidad-sostenible-mas-alla-del-reciclaje-y-mas-cerca-de-la-equidad-e-inclusion\/\" \/>\n<meta property=\"og:site_name\" content=\"QUEBAKAN.COM 2026: Noticias, Eventos, Conciertos y mucho m\u00e1s....\" \/>\n<meta property=\"article:publisher\" content=\"http:\/\/www.facebook.com\/quebakan\" \/>\n<meta property=\"article:published_time\" content=\"2023-12-19T15:50:38+00:00\" \/>\n<meta property=\"og:image\" content=\"https:\/\/www.quebakan.com\/v15\/wp-content\/uploads\/2023\/12\/Imagen-de-WhatsApp-2023-12-19-a-las-10.40.jpg\" \/>\n\t<meta property=\"og:image:width\" content=\"700\" \/>\n\t<meta property=\"og:image:height\" content=\"466\" \/>\n\t<meta property=\"og:image:type\" content=\"image\/jpeg\" \/>\n<meta name=\"author\" content=\"Erick Villafuerte\" \/>\n<meta name=\"twitter:card\" content=\"summary_large_image\" \/>\n<meta name=\"twitter:creator\" content=\"@quebakanec\" \/>\n<meta name=\"twitter:site\" content=\"@quebakanec\" \/>\n<meta name=\"twitter:label1\" content=\"Escrito por\" \/>\n\t<meta name=\"twitter:data1\" content=\"Erick Villafuerte\" \/>\n\t<meta name=\"twitter:label2\" content=\"Tiempo de lectura\" \/>\n\t<meta name=\"twitter:data2\" content=\"3 minutos\" \/>\n<script type=\"application\/ld+json\" class=\"yoast-schema-graph\">{\"@context\":\"https:\\\/\\\/schema.org\",\"@graph\":[{\"@type\":\"Article\",\"@id\":\"https:\\\/\\\/www.quebakan.com\\\/v15\\\/navidad-sostenible-mas-alla-del-reciclaje-y-mas-cerca-de-la-equidad-e-inclusion\\\/#article\",\"isPartOf\":{\"@id\":\"https:\\\/\\\/www.quebakan.com\\\/v15\\\/navidad-sostenible-mas-alla-del-reciclaje-y-mas-cerca-de-la-equidad-e-inclusion\\\/\"},\"author\":{\"name\":\"Erick Villafuerte\",\"@id\":\"https:\\\/\\\/www.quebakan.com\\\/v15\\\/#\\\/schema\\\/person\\\/d90fa9f9cfa81eb8ace9811e5b7b9118\"},\"headline\":\"Navidad sostenible: m\u00e1s all\u00e1 del reciclaje y m\u00e1s cerca de la equidad e inclusi\u00f3n\",\"datePublished\":\"2023-12-19T15:50:38+00:00\",\"mainEntityOfPage\":{\"@id\":\"https:\\\/\\\/www.quebakan.com\\\/v15\\\/navidad-sostenible-mas-alla-del-reciclaje-y-mas-cerca-de-la-equidad-e-inclusion\\\/\"},\"wordCount\":612,\"commentCount\":0,\"publisher\":{\"@id\":\"https:\\\/\\\/www.quebakan.com\\\/v15\\\/#organization\"},\"image\":{\"@id\":\"https:\\\/\\\/www.quebakan.com\\\/v15\\\/navidad-sostenible-mas-alla-del-reciclaje-y-mas-cerca-de-la-equidad-e-inclusion\\\/#primaryimage\"},\"thumbnailUrl\":\"https:\\\/\\\/www.quebakan.com\\\/v15\\\/wp-content\\\/uploads\\\/2023\\\/12\\\/Imagen-de-WhatsApp-2023-12-19-a-las-10.40.jpg\",\"articleSection\":[\"Noticias\"],\"inLanguage\":\"es\"},{\"@type\":\"WebPage\",\"@id\":\"https:\\\/\\\/www.quebakan.com\\\/v15\\\/navidad-sostenible-mas-alla-del-reciclaje-y-mas-cerca-de-la-equidad-e-inclusion\\\/\",\"url\":\"https:\\\/\\\/www.quebakan.com\\\/v15\\\/navidad-sostenible-mas-alla-del-reciclaje-y-mas-cerca-de-la-equidad-e-inclusion\\\/\",\"name\":\"Navidad sostenible: m\u00e1s all\u00e1 del reciclaje y m\u00e1s cerca de la equidad e inclusi\u00f3n &#8211; QUEBAKAN.COM 2026: Noticias, Eventos, Conciertos y mucho m\u00e1s....\",\"isPartOf\":{\"@id\":\"https:\\\/\\\/www.quebakan.com\\\/v15\\\/#website\"},\"primaryImageOfPage\":{\"@id\":\"https:\\\/\\\/www.quebakan.com\\\/v15\\\/navidad-sostenible-mas-alla-del-reciclaje-y-mas-cerca-de-la-equidad-e-inclusion\\\/#primaryimage\"},\"image\":{\"@id\":\"https:\\\/\\\/www.quebakan.com\\\/v15\\\/navidad-sostenible-mas-alla-del-reciclaje-y-mas-cerca-de-la-equidad-e-inclusion\\\/#primaryimage\"},\"thumbnailUrl\":\"https:\\\/\\\/www.quebakan.com\\\/v15\\\/wp-content\\\/uploads\\\/2023\\\/12\\\/Imagen-de-WhatsApp-2023-12-19-a-las-10.40.jpg\",\"datePublished\":\"2023-12-19T15:50:38+00:00\",\"breadcrumb\":{\"@id\":\"https:\\\/\\\/www.quebakan.com\\\/v15\\\/navidad-sostenible-mas-alla-del-reciclaje-y-mas-cerca-de-la-equidad-e-inclusion\\\/#breadcrumb\"},\"inLanguage\":\"es\",\"potentialAction\":[{\"@type\":\"ReadAction\",\"target\":[\"https:\\\/\\\/www.quebakan.com\\\/v15\\\/navidad-sostenible-mas-alla-del-reciclaje-y-mas-cerca-de-la-equidad-e-inclusion\\\/\"]}]},{\"@type\":\"ImageObject\",\"inLanguage\":\"es\",\"@id\":\"https:\\\/\\\/www.quebakan.com\\\/v15\\\/navidad-sostenible-mas-alla-del-reciclaje-y-mas-cerca-de-la-equidad-e-inclusion\\\/#primaryimage\",\"url\":\"https:\\\/\\\/www.quebakan.com\\\/v15\\\/wp-content\\\/uploads\\\/2023\\\/12\\\/Imagen-de-WhatsApp-2023-12-19-a-las-10.40.jpg\",\"contentUrl\":\"https:\\\/\\\/www.quebakan.com\\\/v15\\\/wp-content\\\/uploads\\\/2023\\\/12\\\/Imagen-de-WhatsApp-2023-12-19-a-las-10.40.jpg\",\"width\":700,\"height\":466},{\"@type\":\"BreadcrumbList\",\"@id\":\"https:\\\/\\\/www.quebakan.com\\\/v15\\\/navidad-sostenible-mas-alla-del-reciclaje-y-mas-cerca-de-la-equidad-e-inclusion\\\/#breadcrumb\",\"itemListElement\":[{\"@type\":\"ListItem\",\"position\":1,\"name\":\"Portada\",\"item\":\"https:\\\/\\\/www.quebakan.com\\\/v15\\\/\"},{\"@type\":\"ListItem\",\"position\":2,\"name\":\"Navidad sostenible: m\u00e1s all\u00e1 del reciclaje y m\u00e1s cerca de la equidad e inclusi\u00f3n\"}]},{\"@type\":\"WebSite\",\"@id\":\"https:\\\/\\\/www.quebakan.com\\\/v15\\\/#website\",\"url\":\"https:\\\/\\\/www.quebakan.com\\\/v15\\\/\",\"name\":\"QUEBAKAN\",\"description\":\"..\",\"publisher\":{\"@id\":\"https:\\\/\\\/www.quebakan.com\\\/v15\\\/#organization\"},\"potentialAction\":[{\"@type\":\"SearchAction\",\"target\":{\"@type\":\"EntryPoint\",\"urlTemplate\":\"https:\\\/\\\/www.quebakan.com\\\/v15\\\/?s={search_term_string}\"},\"query-input\":{\"@type\":\"PropertyValueSpecification\",\"valueRequired\":true,\"valueName\":\"search_term_string\"}}],\"inLanguage\":\"es\"},{\"@type\":\"Organization\",\"@id\":\"https:\\\/\\\/www.quebakan.com\\\/v15\\\/#organization\",\"name\":\"Quebakan.com\",\"url\":\"https:\\\/\\\/www.quebakan.com\\\/v15\\\/\",\"logo\":{\"@type\":\"ImageObject\",\"inLanguage\":\"es\",\"@id\":\"https:\\\/\\\/www.quebakan.com\\\/v15\\\/#\\\/schema\\\/logo\\\/image\\\/\",\"url\":\"https:\\\/\\\/www.quebakan.com\\\/v15\\\/wp-content\\\/uploads\\\/2023\\\/07\\\/logoquebakanenero2021.jpg\",\"contentUrl\":\"https:\\\/\\\/www.quebakan.com\\\/v15\\\/wp-content\\\/uploads\\\/2023\\\/07\\\/logoquebakanenero2021.jpg\",\"width\":1920,\"height\":1080,\"caption\":\"Quebakan.com\"},\"image\":{\"@id\":\"https:\\\/\\\/www.quebakan.com\\\/v15\\\/#\\\/schema\\\/logo\\\/image\\\/\"},\"sameAs\":[\"http:\\\/\\\/www.facebook.com\\\/quebakan\",\"https:\\\/\\\/x.com\\\/quebakanec\",\"http:\\\/\\\/www.instagram.com\\\/quebakan\",\"http:\\\/\\\/www.youtube.com\\\/quebakan1\"]},{\"@type\":\"Person\",\"@id\":\"https:\\\/\\\/www.quebakan.com\\\/v15\\\/#\\\/schema\\\/person\\\/d90fa9f9cfa81eb8ace9811e5b7b9118\",\"name\":\"Erick Villafuerte\",\"image\":{\"@type\":\"ImageObject\",\"inLanguage\":\"es\",\"@id\":\"https:\\\/\\\/www.quebakan.com\\\/v15\\\/wp-content\\\/uploads\\\/avatars\\\/4\\\/1731297654-bpfull.png\",\"url\":\"https:\\\/\\\/www.quebakan.com\\\/v15\\\/wp-content\\\/uploads\\\/avatars\\\/4\\\/1731297654-bpfull.png\",\"contentUrl\":\"https:\\\/\\\/www.quebakan.com\\\/v15\\\/wp-content\\\/uploads\\\/avatars\\\/4\\\/1731297654-bpfull.png\",\"caption\":\"Erick Villafuerte\"}}]}<\/script>\n<!-- \/ Yoast SEO plugin. -->","yoast_head_json":{"title":"Navidad sostenible: m\u00e1s all\u00e1 del reciclaje y m\u00e1s cerca de la equidad e inclusi\u00f3n &#8211; QUEBAKAN.COM 2026: Noticias, Eventos, Conciertos y mucho m\u00e1s....","robots":{"index":"index","follow":"follow","max-snippet":"max-snippet:-1","max-image-preview":"max-image-preview:large","max-video-preview":"max-video-preview:-1"},"canonical":"https:\/\/www.quebakan.com\/v15\/navidad-sostenible-mas-alla-del-reciclaje-y-mas-cerca-de-la-equidad-e-inclusion\/","og_locale":"es_ES","og_type":"article","og_title":"Navidad sostenible: m\u00e1s all\u00e1 del reciclaje y m\u00e1s cerca de la equidad e inclusi\u00f3n &#8211; QUEBAKAN.COM 2026: Noticias, Eventos, Conciertos y mucho m\u00e1s....","og_description":"QUITO \u2013 Diciembre, 2023. \u00a0La temporada navide\u00f1a es un momento especial del a\u00f1o, marcado por la alegr\u00eda, la generosidad y la uni\u00f3n familiar. Sin embargo, en medio de la celebraci\u00f3n, es esencial reconocer la importancia de adoptar pr\u00e1cticas conscientes que contribuyan a la sostenibilidad, el respeto por el medioambiente, la inclusi\u00f3n y la diversidad.\u00a0 La [&hellip;]","og_url":"https:\/\/www.quebakan.com\/v15\/navidad-sostenible-mas-alla-del-reciclaje-y-mas-cerca-de-la-equidad-e-inclusion\/","og_site_name":"QUEBAKAN.COM 2026: Noticias, Eventos, Conciertos y mucho m\u00e1s....","article_publisher":"http:\/\/www.facebook.com\/quebakan","article_published_time":"2023-12-19T15:50:38+00:00","og_image":[{"width":700,"height":466,"url":"https:\/\/www.quebakan.com\/v15\/wp-content\/uploads\/2023\/12\/Imagen-de-WhatsApp-2023-12-19-a-las-10.40.jpg","type":"image\/jpeg"}],"author":"Erick Villafuerte","twitter_card":"summary_large_image","twitter_creator":"@quebakanec","twitter_site":"@quebakanec","twitter_misc":{"Escrito por":"Erick Villafuerte","Tiempo de lectura":"3 minutos"},"schema":{"@context":"https:\/\/schema.org","@graph":[{"@type":"Article","@id":"https:\/\/www.quebakan.com\/v15\/navidad-sostenible-mas-alla-del-reciclaje-y-mas-cerca-de-la-equidad-e-inclusion\/#article","isPartOf":{"@id":"https:\/\/www.quebakan.com\/v15\/navidad-sostenible-mas-alla-del-reciclaje-y-mas-cerca-de-la-equidad-e-inclusion\/"},"author":{"name":"Erick Villafuerte","@id":"https:\/\/www.quebakan.com\/v15\/#\/schema\/person\/d90fa9f9cfa81eb8ace9811e5b7b9118"},"headline":"Navidad sostenible: m\u00e1s all\u00e1 del reciclaje y m\u00e1s cerca de la equidad e inclusi\u00f3n","datePublished":"2023-12-19T15:50:38+00:00","mainEntityOfPage":{"@id":"https:\/\/www.quebakan.com\/v15\/navidad-sostenible-mas-alla-del-reciclaje-y-mas-cerca-de-la-equidad-e-inclusion\/"},"wordCount":612,"commentCount":0,"publisher":{"@id":"https:\/\/www.quebakan.com\/v15\/#organization"},"image":{"@id":"https:\/\/www.quebakan.com\/v15\/navidad-sostenible-mas-alla-del-reciclaje-y-mas-cerca-de-la-equidad-e-inclusion\/#primaryimage"},"thumbnailUrl":"https:\/\/www.quebakan.com\/v15\/wp-content\/uploads\/2023\/12\/Imagen-de-WhatsApp-2023-12-19-a-las-10.40.jpg","articleSection":["Noticias"],"inLanguage":"es"},{"@type":"WebPage","@id":"https:\/\/www.quebakan.com\/v15\/navidad-sostenible-mas-alla-del-reciclaje-y-mas-cerca-de-la-equidad-e-inclusion\/","url":"https:\/\/www.quebakan.com\/v15\/navidad-sostenible-mas-alla-del-reciclaje-y-mas-cerca-de-la-equidad-e-inclusion\/","name":"Navidad sostenible: m\u00e1s all\u00e1 del reciclaje y m\u00e1s cerca de la equidad e inclusi\u00f3n &#8211; QUEBAKAN.COM 2026: Noticias, Eventos, Conciertos y mucho m\u00e1s....","isPartOf":{"@id":"https:\/\/www.quebakan.com\/v15\/#website"},"primaryImageOfPage":{"@id":"https:\/\/www.quebakan.com\/v15\/navidad-sostenible-mas-alla-del-reciclaje-y-mas-cerca-de-la-equidad-e-inclusion\/#primaryimage"},"image":{"@id":"https:\/\/www.quebakan.com\/v15\/navidad-sostenible-mas-alla-del-reciclaje-y-mas-cerca-de-la-equidad-e-inclusion\/#primaryimage"},"thumbnailUrl":"https:\/\/www.quebakan.com\/v15\/wp-content\/uploads\/2023\/12\/Imagen-de-WhatsApp-2023-12-19-a-las-10.40.jpg","datePublished":"2023-12-19T15:50:38+00:00","breadcrumb":{"@id":"https:\/\/www.quebakan.com\/v15\/navidad-sostenible-mas-alla-del-reciclaje-y-mas-cerca-de-la-equidad-e-inclusion\/#breadcrumb"},"inLanguage":"es","potentialAction":[{"@type":"ReadAction","target":["https:\/\/www.quebakan.com\/v15\/navidad-sostenible-mas-alla-del-reciclaje-y-mas-cerca-de-la-equidad-e-inclusion\/"]}]},{"@type":"ImageObject","inLanguage":"es","@id":"https:\/\/www.quebakan.com\/v15\/navidad-sostenible-mas-alla-del-reciclaje-y-mas-cerca-de-la-equidad-e-inclusion\/#primaryimage","url":"https:\/\/www.quebakan.com\/v15\/wp-content\/uploads\/2023\/12\/Imagen-de-WhatsApp-2023-12-19-a-las-10.40.jpg","contentUrl":"https:\/\/www.quebakan.com\/v15\/wp-content\/uploads\/2023\/12\/Imagen-de-WhatsApp-2023-12-19-a-las-10.40.jpg","width":700,"height":466},{"@type":"BreadcrumbList","@id":"https:\/\/www.quebakan.com\/v15\/navidad-sostenible-mas-alla-del-reciclaje-y-mas-cerca-de-la-equidad-e-inclusion\/#breadcrumb","itemListElement":[{"@type":"ListItem","position":1,"name":"Portada","item":"https:\/\/www.quebakan.com\/v15\/"},{"@type":"ListItem","position":2,"name":"Navidad sostenible: m\u00e1s all\u00e1 del reciclaje y m\u00e1s cerca de la equidad e inclusi\u00f3n"}]},{"@type":"WebSite","@id":"https:\/\/www.quebakan.com\/v15\/#website","url":"https:\/\/www.quebakan.com\/v15\/","name":"QUEBAKAN","description":"..","publisher":{"@id":"https:\/\/www.quebakan.com\/v15\/#organization"},"potentialAction":[{"@type":"SearchAction","target":{"@type":"EntryPoint","urlTemplate":"https:\/\/www.quebakan.com\/v15\/?s={search_term_string}"},"query-input":{"@type":"PropertyValueSpecification","valueRequired":true,"valueName":"search_term_string"}}],"inLanguage":"es"},{"@type":"Organization","@id":"https:\/\/www.quebakan.com\/v15\/#organization","name":"Quebakan.com","url":"https:\/\/www.quebakan.com\/v15\/","logo":{"@type":"ImageObject","inLanguage":"es","@id":"https:\/\/www.quebakan.com\/v15\/#\/schema\/logo\/image\/","url":"https:\/\/www.quebakan.com\/v15\/wp-content\/uploads\/2023\/07\/logoquebakanenero2021.jpg","contentUrl":"https:\/\/www.quebakan.com\/v15\/wp-content\/uploads\/2023\/07\/logoquebakanenero2021.jpg","width":1920,"height":1080,"caption":"Quebakan.com"},"image":{"@id":"https:\/\/www.quebakan.com\/v15\/#\/schema\/logo\/image\/"},"sameAs":["http:\/\/www.facebook.com\/quebakan","https:\/\/x.com\/quebakanec","http:\/\/www.instagram.com\/quebakan","http:\/\/www.youtube.com\/quebakan1"]},{"@type":"Person","@id":"https:\/\/www.quebakan.com\/v15\/#\/schema\/person\/d90fa9f9cfa81eb8ace9811e5b7b9118","name":"Erick Villafuerte","image":{"@type":"ImageObject","inLanguage":"es","@id":"https:\/\/www.quebakan.com\/v15\/wp-content\/uploads\/avatars\/4\/1731297654-bpfull.png","url":"https:\/\/www.quebakan.com\/v15\/wp-content\/uploads\/avatars\/4\/1731297654-bpfull.png","contentUrl":"https:\/\/www.quebakan.com\/v15\/wp-content\/uploads\/avatars\/4\/1731297654-bpfull.png","caption":"Erick Villafuerte"}}]}},"_links":{"self":[{"href":"https:\/\/www.quebakan.com\/v15\/wp-json\/wp\/v2\/posts\/115008","targetHints":{"allow":["GET"]}}],"collection":[{"href":"https:\/\/www.quebakan.com\/v15\/wp-json\/wp\/v2\/posts"}],"about":[{"href":"https:\/\/www.quebakan.com\/v15\/wp-json\/wp\/v2\/types\/post"}],"author":[{"embeddable":true,"href":"https:\/\/www.quebakan.com\/v15\/wp-json\/wp\/v2\/users\/4"}],"replies":[{"embeddable":true,"href":"https:\/\/www.quebakan.com\/v15\/wp-json\/wp\/v2\/comments?post=115008"}],"version-history":[{"count":1,"href":"https:\/\/www.quebakan.com\/v15\/wp-json\/wp\/v2\/posts\/115008\/revisions"}],"predecessor-version":[{"id":115010,"href":"https:\/\/www.quebakan.com\/v15\/wp-json\/wp\/v2\/posts\/115008\/revisions\/115010"}],"wp:featuredmedia":[{"embeddable":true,"href":"https:\/\/www.quebakan.com\/v15\/wp-json\/wp\/v2\/media\/115009"}],"wp:attachment":[{"href":"https:\/\/www.quebakan.com\/v15\/wp-json\/wp\/v2\/media?parent=115008"}],"wp:term":[{"taxonomy":"category","embeddable":true,"href":"https:\/\/www.quebakan.com\/v15\/wp-json\/wp\/v2\/categories?post=115008"},{"taxonomy":"post_tag","embeddable":true,"href":"https:\/\/www.quebakan.com\/v15\/wp-json\/wp\/v2\/tags?post=115008"}],"curies":[{"name":"wp","href":"https:\/\/api.w.org\/{rel}","templated":true}]}}