{"id":115016,"date":"2023-12-20T01:15:32","date_gmt":"2023-12-20T06:15:32","guid":{"rendered":"https:\/\/www.quebakan.com\/v15\/?p=115016"},"modified":"2023-12-20T01:21:20","modified_gmt":"2023-12-20T06:21:20","slug":"byd-llega-a-manta-en-asociacion-con-andor-corporation-para-expandir-la-electromovilidad","status":"publish","type":"post","link":"https:\/\/www.quebakan.com\/v15\/byd-llega-a-manta-en-asociacion-con-andor-corporation-para-expandir-la-electromovilidad\/","title":{"rendered":"BYD LLEGA A MANTA EN ASOCIACI\u00d3N CON ANDOR CORPORATION PARA EXPANDIR LA ELECTROMOVILIDAD"},"content":{"rendered":"<p><img fetchpriority=\"high\" decoding=\"async\" class=\"aligncenter size-full wp-image-115017\" src=\"https:\/\/www.quebakan.com\/v15\/wp-content\/uploads\/2023\/12\/BYD-MANTA.jpg\" alt=\"\" width=\"700\" height=\"464\" \/><\/p>\n<p style=\"text-align: justify;\"><span style=\"color: #000000;\"><strong>Manta, diciembre 2023.- <\/strong>Manta, conocida por su compromiso con la sostenibilidad, marca un hito trascendental con la llegada de BYD, l\u00edder mundial en veh\u00edculos el\u00e9ctricos, en colaboraci\u00f3n con Andor Corporation. Este emocionante paso hacia la electromovilidad representa una alianza estrat\u00e9gica destinada a transformar la manera en que Manta se desplaza.<\/span><\/p>\n<p style=\"text-align: justify;\"><span style=\"color: #000000;\">La asociaci\u00f3n entre BYD y Andor Corporation refleja un compromiso conjunto con el desarrollo sostenible y la adopci\u00f3n masiva de veh\u00edculos el\u00e9ctricos en la regi\u00f3n. Con un enfoque centrado en la satisfacci\u00f3n del cliente, BYD presenta un diverso portafolio de veh\u00edculos de nueva energ\u00eda a precios accesibles. Sus modelos iniciales, el DOLPHIN EV dirigido a un p\u00fablico juvenil, el YUAN PLUS, un SUV ideal para aventureros, y el HAN EV, un sed\u00e1n de lujo y potencia, junto con la reciente incorporaci\u00f3n del BYD TANG EV, ampl\u00edan el portafolio a cuatro familias de veh\u00edculos en el pa\u00eds.<\/span><\/p>\n<p style=\"text-align: justify;\"><span style=\"color: #000000;\">Adem\u00e1s, BYD est\u00e1 en proceso de implementar una red de estaciones de carga en toda la ciudad, garantizando una experiencia de carga accesible y c\u00f3moda para propietarios de veh\u00edculos el\u00e9ctricos, consolidando la confianza en la movilidad sostenible.<\/span><\/p>\n<p style=\"text-align: justify;\"><span style=\"color: #000000;\">Para vivir de cerca esta revoluci\u00f3n en la movilidad, invitamos a la comunidad de Manta a visitar la nueva tienda de BYD en el ala reci\u00e9n inaugurada del Mall del Pac\u00edfico. Adem\u00e1s, los entusiastas podr\u00e1n experimentar la innovaci\u00f3n de BYD a trav\u00e9s de sus test drives, permiti\u00e9ndoles sentir el futuro de la movilidad en sus propias manos.<\/span><\/p>\n<p style=\"text-align: justify;\"><span style=\"color: #000000;\">BYD y Andor Corporation est\u00e1n emocionados de contribuir al crecimiento sostenible de Manta y esperan que la comunidad se una a esta emocionante transici\u00f3n hacia un futuro m\u00e1s limpio y eficiente en t\u00e9rminos de energ\u00eda.<\/span><\/p>\n","protected":false},"excerpt":{"rendered":"<p>Manta, diciembre 2023.- Manta, conocida por su compromiso con la sostenibilidad, marca un hito trascendental con la llegada de BYD, l\u00edder mundial en veh\u00edculos el\u00e9ctricos, en colaboraci\u00f3n con Andor Corporation. Este emocionante paso hacia la electromovilidad representa una alianza estrat\u00e9gica destinada a transformar la manera en que Manta se desplaza. La asociaci\u00f3n entre BYD y [&hellip;]<\/p>\n","protected":false},"author":4,"featured_media":115017,"comment_status":"open","ping_status":"open","sticky":false,"template":"","format":"standard","meta":{"_bbp_topic_count":0,"_bbp_reply_count":0,"_bbp_total_topic_count":0,"_bbp_total_reply_count":0,"_bbp_voice_count":0,"_bbp_anonymous_reply_count":0,"_bbp_topic_count_hidden":0,"_bbp_reply_count_hidden":0,"_bbp_forum_subforum_count":0,"buzzeditor_post_format":"","footnotes":""},"categories":[334],"tags":[],"class_list":["post-115016","post","type-post","status-publish","format-standard","has-post-thumbnail","hentry","category-empresarial"],"yoast_head":"<!-- This site is optimized with the Yoast SEO plugin v27.5 - https:\/\/yoast.com\/product\/yoast-seo-wordpress\/ -->\n<title>BYD LLEGA A MANTA EN ASOCIACI\u00d3N CON ANDOR CORPORATION PARA EXPANDIR LA ELECTROMOVILIDAD &#8211; QUEBAKAN.COM 2026: Noticias, Eventos, Conciertos y mucho m\u00e1s....<\/title>\n<meta name=\"robots\" content=\"index, follow, max-snippet:-1, max-image-preview:large, max-video-preview:-1\" \/>\n<link rel=\"canonical\" href=\"https:\/\/www.quebakan.com\/v15\/byd-llega-a-manta-en-asociacion-con-andor-corporation-para-expandir-la-electromovilidad\/\" \/>\n<meta property=\"og:locale\" content=\"es_ES\" \/>\n<meta property=\"og:type\" content=\"article\" \/>\n<meta property=\"og:title\" content=\"BYD LLEGA A MANTA EN ASOCIACI\u00d3N CON ANDOR CORPORATION PARA EXPANDIR LA ELECTROMOVILIDAD &#8211; QUEBAKAN.COM 2026: Noticias, Eventos, Conciertos y mucho m\u00e1s....\" \/>\n<meta property=\"og:description\" content=\"Manta, diciembre 2023.- Manta, conocida por su compromiso con la sostenibilidad, marca un hito trascendental con la llegada de BYD, l\u00edder mundial en veh\u00edculos el\u00e9ctricos, en colaboraci\u00f3n con Andor Corporation. Este emocionante paso hacia la electromovilidad representa una alianza estrat\u00e9gica destinada a transformar la manera en que Manta se desplaza. La asociaci\u00f3n entre BYD y [&hellip;]\" \/>\n<meta property=\"og:url\" content=\"https:\/\/www.quebakan.com\/v15\/byd-llega-a-manta-en-asociacion-con-andor-corporation-para-expandir-la-electromovilidad\/\" \/>\n<meta property=\"og:site_name\" content=\"QUEBAKAN.COM 2026: Noticias, Eventos, Conciertos y mucho m\u00e1s....\" \/>\n<meta property=\"article:publisher\" content=\"http:\/\/www.facebook.com\/quebakan\" \/>\n<meta property=\"article:published_time\" content=\"2023-12-20T06:15:32+00:00\" \/>\n<meta property=\"article:modified_time\" content=\"2023-12-20T06:21:20+00:00\" \/>\n<meta property=\"og:image\" content=\"https:\/\/www.quebakan.com\/v15\/wp-content\/uploads\/2023\/12\/BYD-MANTA.jpg\" \/>\n\t<meta property=\"og:image:width\" content=\"700\" \/>\n\t<meta property=\"og:image:height\" content=\"464\" \/>\n\t<meta property=\"og:image:type\" content=\"image\/jpeg\" \/>\n<meta name=\"author\" content=\"Erick Villafuerte\" \/>\n<meta name=\"twitter:card\" content=\"summary_large_image\" \/>\n<meta name=\"twitter:creator\" content=\"@quebakanec\" \/>\n<meta name=\"twitter:site\" content=\"@quebakanec\" \/>\n<meta name=\"twitter:label1\" content=\"Escrito por\" \/>\n\t<meta name=\"twitter:data1\" content=\"Erick Villafuerte\" \/>\n\t<meta name=\"twitter:label2\" content=\"Tiempo de lectura\" \/>\n\t<meta name=\"twitter:data2\" content=\"2 minutos\" \/>\n<script type=\"application\/ld+json\" class=\"yoast-schema-graph\">{\"@context\":\"https:\\\/\\\/schema.org\",\"@graph\":[{\"@type\":\"Article\",\"@id\":\"https:\\\/\\\/www.quebakan.com\\\/v15\\\/byd-llega-a-manta-en-asociacion-con-andor-corporation-para-expandir-la-electromovilidad\\\/#article\",\"isPartOf\":{\"@id\":\"https:\\\/\\\/www.quebakan.com\\\/v15\\\/byd-llega-a-manta-en-asociacion-con-andor-corporation-para-expandir-la-electromovilidad\\\/\"},\"author\":{\"name\":\"Erick Villafuerte\",\"@id\":\"https:\\\/\\\/www.quebakan.com\\\/v15\\\/#\\\/schema\\\/person\\\/d90fa9f9cfa81eb8ace9811e5b7b9118\"},\"headline\":\"BYD LLEGA A MANTA EN ASOCIACI\u00d3N CON ANDOR CORPORATION PARA EXPANDIR LA ELECTROMOVILIDAD\",\"datePublished\":\"2023-12-20T06:15:32+00:00\",\"dateModified\":\"2023-12-20T06:21:20+00:00\",\"mainEntityOfPage\":{\"@id\":\"https:\\\/\\\/www.quebakan.com\\\/v15\\\/byd-llega-a-manta-en-asociacion-con-andor-corporation-para-expandir-la-electromovilidad\\\/\"},\"wordCount\":325,\"commentCount\":0,\"publisher\":{\"@id\":\"https:\\\/\\\/www.quebakan.com\\\/v15\\\/#organization\"},\"image\":{\"@id\":\"https:\\\/\\\/www.quebakan.com\\\/v15\\\/byd-llega-a-manta-en-asociacion-con-andor-corporation-para-expandir-la-electromovilidad\\\/#primaryimage\"},\"thumbnailUrl\":\"https:\\\/\\\/www.quebakan.com\\\/v15\\\/wp-content\\\/uploads\\\/2023\\\/12\\\/BYD-MANTA.jpg\",\"articleSection\":[\"Empresarial\"],\"inLanguage\":\"es\"},{\"@type\":\"WebPage\",\"@id\":\"https:\\\/\\\/www.quebakan.com\\\/v15\\\/byd-llega-a-manta-en-asociacion-con-andor-corporation-para-expandir-la-electromovilidad\\\/\",\"url\":\"https:\\\/\\\/www.quebakan.com\\\/v15\\\/byd-llega-a-manta-en-asociacion-con-andor-corporation-para-expandir-la-electromovilidad\\\/\",\"name\":\"BYD LLEGA A MANTA EN ASOCIACI\u00d3N CON ANDOR CORPORATION PARA EXPANDIR LA ELECTROMOVILIDAD &#8211; QUEBAKAN.COM 2026: Noticias, Eventos, Conciertos y mucho m\u00e1s....\",\"isPartOf\":{\"@id\":\"https:\\\/\\\/www.quebakan.com\\\/v15\\\/#website\"},\"primaryImageOfPage\":{\"@id\":\"https:\\\/\\\/www.quebakan.com\\\/v15\\\/byd-llega-a-manta-en-asociacion-con-andor-corporation-para-expandir-la-electromovilidad\\\/#primaryimage\"},\"image\":{\"@id\":\"https:\\\/\\\/www.quebakan.com\\\/v15\\\/byd-llega-a-manta-en-asociacion-con-andor-corporation-para-expandir-la-electromovilidad\\\/#primaryimage\"},\"thumbnailUrl\":\"https:\\\/\\\/www.quebakan.com\\\/v15\\\/wp-content\\\/uploads\\\/2023\\\/12\\\/BYD-MANTA.jpg\",\"datePublished\":\"2023-12-20T06:15:32+00:00\",\"dateModified\":\"2023-12-20T06:21:20+00:00\",\"breadcrumb\":{\"@id\":\"https:\\\/\\\/www.quebakan.com\\\/v15\\\/byd-llega-a-manta-en-asociacion-con-andor-corporation-para-expandir-la-electromovilidad\\\/#breadcrumb\"},\"inLanguage\":\"es\",\"potentialAction\":[{\"@type\":\"ReadAction\",\"target\":[\"https:\\\/\\\/www.quebakan.com\\\/v15\\\/byd-llega-a-manta-en-asociacion-con-andor-corporation-para-expandir-la-electromovilidad\\\/\"]}]},{\"@type\":\"ImageObject\",\"inLanguage\":\"es\",\"@id\":\"https:\\\/\\\/www.quebakan.com\\\/v15\\\/byd-llega-a-manta-en-asociacion-con-andor-corporation-para-expandir-la-electromovilidad\\\/#primaryimage\",\"url\":\"https:\\\/\\\/www.quebakan.com\\\/v15\\\/wp-content\\\/uploads\\\/2023\\\/12\\\/BYD-MANTA.jpg\",\"contentUrl\":\"https:\\\/\\\/www.quebakan.com\\\/v15\\\/wp-content\\\/uploads\\\/2023\\\/12\\\/BYD-MANTA.jpg\",\"width\":700,\"height\":464},{\"@type\":\"BreadcrumbList\",\"@id\":\"https:\\\/\\\/www.quebakan.com\\\/v15\\\/byd-llega-a-manta-en-asociacion-con-andor-corporation-para-expandir-la-electromovilidad\\\/#breadcrumb\",\"itemListElement\":[{\"@type\":\"ListItem\",\"position\":1,\"name\":\"Portada\",\"item\":\"https:\\\/\\\/www.quebakan.com\\\/v15\\\/\"},{\"@type\":\"ListItem\",\"position\":2,\"name\":\"BYD LLEGA A MANTA EN ASOCIACI\u00d3N CON ANDOR CORPORATION PARA EXPANDIR LA ELECTROMOVILIDAD\"}]},{\"@type\":\"WebSite\",\"@id\":\"https:\\\/\\\/www.quebakan.com\\\/v15\\\/#website\",\"url\":\"https:\\\/\\\/www.quebakan.com\\\/v15\\\/\",\"name\":\"QUEBAKAN\",\"description\":\"..\",\"publisher\":{\"@id\":\"https:\\\/\\\/www.quebakan.com\\\/v15\\\/#organization\"},\"potentialAction\":[{\"@type\":\"SearchAction\",\"target\":{\"@type\":\"EntryPoint\",\"urlTemplate\":\"https:\\\/\\\/www.quebakan.com\\\/v15\\\/?s={search_term_string}\"},\"query-input\":{\"@type\":\"PropertyValueSpecification\",\"valueRequired\":true,\"valueName\":\"search_term_string\"}}],\"inLanguage\":\"es\"},{\"@type\":\"Organization\",\"@id\":\"https:\\\/\\\/www.quebakan.com\\\/v15\\\/#organization\",\"name\":\"Quebakan.com\",\"url\":\"https:\\\/\\\/www.quebakan.com\\\/v15\\\/\",\"logo\":{\"@type\":\"ImageObject\",\"inLanguage\":\"es\",\"@id\":\"https:\\\/\\\/www.quebakan.com\\\/v15\\\/#\\\/schema\\\/logo\\\/image\\\/\",\"url\":\"https:\\\/\\\/www.quebakan.com\\\/v15\\\/wp-content\\\/uploads\\\/2023\\\/07\\\/logoquebakanenero2021.jpg\",\"contentUrl\":\"https:\\\/\\\/www.quebakan.com\\\/v15\\\/wp-content\\\/uploads\\\/2023\\\/07\\\/logoquebakanenero2021.jpg\",\"width\":1920,\"height\":1080,\"caption\":\"Quebakan.com\"},\"image\":{\"@id\":\"https:\\\/\\\/www.quebakan.com\\\/v15\\\/#\\\/schema\\\/logo\\\/image\\\/\"},\"sameAs\":[\"http:\\\/\\\/www.facebook.com\\\/quebakan\",\"https:\\\/\\\/x.com\\\/quebakanec\",\"http:\\\/\\\/www.instagram.com\\\/quebakan\",\"http:\\\/\\\/www.youtube.com\\\/quebakan1\"]},{\"@type\":\"Person\",\"@id\":\"https:\\\/\\\/www.quebakan.com\\\/v15\\\/#\\\/schema\\\/person\\\/d90fa9f9cfa81eb8ace9811e5b7b9118\",\"name\":\"Erick Villafuerte\",\"image\":{\"@type\":\"ImageObject\",\"inLanguage\":\"es\",\"@id\":\"https:\\\/\\\/www.quebakan.com\\\/v15\\\/wp-content\\\/uploads\\\/avatars\\\/4\\\/1731297654-bpfull.png\",\"url\":\"https:\\\/\\\/www.quebakan.com\\\/v15\\\/wp-content\\\/uploads\\\/avatars\\\/4\\\/1731297654-bpfull.png\",\"contentUrl\":\"https:\\\/\\\/www.quebakan.com\\\/v15\\\/wp-content\\\/uploads\\\/avatars\\\/4\\\/1731297654-bpfull.png\",\"caption\":\"Erick Villafuerte\"}}]}<\/script>\n<!-- \/ Yoast SEO plugin. -->","yoast_head_json":{"title":"BYD LLEGA A MANTA EN ASOCIACI\u00d3N CON ANDOR CORPORATION PARA EXPANDIR LA ELECTROMOVILIDAD &#8211; QUEBAKAN.COM 2026: Noticias, Eventos, Conciertos y mucho m\u00e1s....","robots":{"index":"index","follow":"follow","max-snippet":"max-snippet:-1","max-image-preview":"max-image-preview:large","max-video-preview":"max-video-preview:-1"},"canonical":"https:\/\/www.quebakan.com\/v15\/byd-llega-a-manta-en-asociacion-con-andor-corporation-para-expandir-la-electromovilidad\/","og_locale":"es_ES","og_type":"article","og_title":"BYD LLEGA A MANTA EN ASOCIACI\u00d3N CON ANDOR CORPORATION PARA EXPANDIR LA ELECTROMOVILIDAD &#8211; QUEBAKAN.COM 2026: Noticias, Eventos, Conciertos y mucho m\u00e1s....","og_description":"Manta, diciembre 2023.- Manta, conocida por su compromiso con la sostenibilidad, marca un hito trascendental con la llegada de BYD, l\u00edder mundial en veh\u00edculos el\u00e9ctricos, en colaboraci\u00f3n con Andor Corporation. Este emocionante paso hacia la electromovilidad representa una alianza estrat\u00e9gica destinada a transformar la manera en que Manta se desplaza. La asociaci\u00f3n entre BYD y [&hellip;]","og_url":"https:\/\/www.quebakan.com\/v15\/byd-llega-a-manta-en-asociacion-con-andor-corporation-para-expandir-la-electromovilidad\/","og_site_name":"QUEBAKAN.COM 2026: Noticias, Eventos, Conciertos y mucho m\u00e1s....","article_publisher":"http:\/\/www.facebook.com\/quebakan","article_published_time":"2023-12-20T06:15:32+00:00","article_modified_time":"2023-12-20T06:21:20+00:00","og_image":[{"width":700,"height":464,"url":"https:\/\/www.quebakan.com\/v15\/wp-content\/uploads\/2023\/12\/BYD-MANTA.jpg","type":"image\/jpeg"}],"author":"Erick Villafuerte","twitter_card":"summary_large_image","twitter_creator":"@quebakanec","twitter_site":"@quebakanec","twitter_misc":{"Escrito por":"Erick Villafuerte","Tiempo de lectura":"2 minutos"},"schema":{"@context":"https:\/\/schema.org","@graph":[{"@type":"Article","@id":"https:\/\/www.quebakan.com\/v15\/byd-llega-a-manta-en-asociacion-con-andor-corporation-para-expandir-la-electromovilidad\/#article","isPartOf":{"@id":"https:\/\/www.quebakan.com\/v15\/byd-llega-a-manta-en-asociacion-con-andor-corporation-para-expandir-la-electromovilidad\/"},"author":{"name":"Erick Villafuerte","@id":"https:\/\/www.quebakan.com\/v15\/#\/schema\/person\/d90fa9f9cfa81eb8ace9811e5b7b9118"},"headline":"BYD LLEGA A MANTA EN ASOCIACI\u00d3N CON ANDOR CORPORATION PARA EXPANDIR LA ELECTROMOVILIDAD","datePublished":"2023-12-20T06:15:32+00:00","dateModified":"2023-12-20T06:21:20+00:00","mainEntityOfPage":{"@id":"https:\/\/www.quebakan.com\/v15\/byd-llega-a-manta-en-asociacion-con-andor-corporation-para-expandir-la-electromovilidad\/"},"wordCount":325,"commentCount":0,"publisher":{"@id":"https:\/\/www.quebakan.com\/v15\/#organization"},"image":{"@id":"https:\/\/www.quebakan.com\/v15\/byd-llega-a-manta-en-asociacion-con-andor-corporation-para-expandir-la-electromovilidad\/#primaryimage"},"thumbnailUrl":"https:\/\/www.quebakan.com\/v15\/wp-content\/uploads\/2023\/12\/BYD-MANTA.jpg","articleSection":["Empresarial"],"inLanguage":"es"},{"@type":"WebPage","@id":"https:\/\/www.quebakan.com\/v15\/byd-llega-a-manta-en-asociacion-con-andor-corporation-para-expandir-la-electromovilidad\/","url":"https:\/\/www.quebakan.com\/v15\/byd-llega-a-manta-en-asociacion-con-andor-corporation-para-expandir-la-electromovilidad\/","name":"BYD LLEGA A MANTA EN ASOCIACI\u00d3N CON ANDOR CORPORATION PARA EXPANDIR LA ELECTROMOVILIDAD &#8211; QUEBAKAN.COM 2026: Noticias, Eventos, Conciertos y mucho m\u00e1s....","isPartOf":{"@id":"https:\/\/www.quebakan.com\/v15\/#website"},"primaryImageOfPage":{"@id":"https:\/\/www.quebakan.com\/v15\/byd-llega-a-manta-en-asociacion-con-andor-corporation-para-expandir-la-electromovilidad\/#primaryimage"},"image":{"@id":"https:\/\/www.quebakan.com\/v15\/byd-llega-a-manta-en-asociacion-con-andor-corporation-para-expandir-la-electromovilidad\/#primaryimage"},"thumbnailUrl":"https:\/\/www.quebakan.com\/v15\/wp-content\/uploads\/2023\/12\/BYD-MANTA.jpg","datePublished":"2023-12-20T06:15:32+00:00","dateModified":"2023-12-20T06:21:20+00:00","breadcrumb":{"@id":"https:\/\/www.quebakan.com\/v15\/byd-llega-a-manta-en-asociacion-con-andor-corporation-para-expandir-la-electromovilidad\/#breadcrumb"},"inLanguage":"es","potentialAction":[{"@type":"ReadAction","target":["https:\/\/www.quebakan.com\/v15\/byd-llega-a-manta-en-asociacion-con-andor-corporation-para-expandir-la-electromovilidad\/"]}]},{"@type":"ImageObject","inLanguage":"es","@id":"https:\/\/www.quebakan.com\/v15\/byd-llega-a-manta-en-asociacion-con-andor-corporation-para-expandir-la-electromovilidad\/#primaryimage","url":"https:\/\/www.quebakan.com\/v15\/wp-content\/uploads\/2023\/12\/BYD-MANTA.jpg","contentUrl":"https:\/\/www.quebakan.com\/v15\/wp-content\/uploads\/2023\/12\/BYD-MANTA.jpg","width":700,"height":464},{"@type":"BreadcrumbList","@id":"https:\/\/www.quebakan.com\/v15\/byd-llega-a-manta-en-asociacion-con-andor-corporation-para-expandir-la-electromovilidad\/#breadcrumb","itemListElement":[{"@type":"ListItem","position":1,"name":"Portada","item":"https:\/\/www.quebakan.com\/v15\/"},{"@type":"ListItem","position":2,"name":"BYD LLEGA A MANTA EN ASOCIACI\u00d3N CON ANDOR CORPORATION PARA EXPANDIR LA ELECTROMOVILIDAD"}]},{"@type":"WebSite","@id":"https:\/\/www.quebakan.com\/v15\/#website","url":"https:\/\/www.quebakan.com\/v15\/","name":"QUEBAKAN","description":"..","publisher":{"@id":"https:\/\/www.quebakan.com\/v15\/#organization"},"potentialAction":[{"@type":"SearchAction","target":{"@type":"EntryPoint","urlTemplate":"https:\/\/www.quebakan.com\/v15\/?s={search_term_string}"},"query-input":{"@type":"PropertyValueSpecification","valueRequired":true,"valueName":"search_term_string"}}],"inLanguage":"es"},{"@type":"Organization","@id":"https:\/\/www.quebakan.com\/v15\/#organization","name":"Quebakan.com","url":"https:\/\/www.quebakan.com\/v15\/","logo":{"@type":"ImageObject","inLanguage":"es","@id":"https:\/\/www.quebakan.com\/v15\/#\/schema\/logo\/image\/","url":"https:\/\/www.quebakan.com\/v15\/wp-content\/uploads\/2023\/07\/logoquebakanenero2021.jpg","contentUrl":"https:\/\/www.quebakan.com\/v15\/wp-content\/uploads\/2023\/07\/logoquebakanenero2021.jpg","width":1920,"height":1080,"caption":"Quebakan.com"},"image":{"@id":"https:\/\/www.quebakan.com\/v15\/#\/schema\/logo\/image\/"},"sameAs":["http:\/\/www.facebook.com\/quebakan","https:\/\/x.com\/quebakanec","http:\/\/www.instagram.com\/quebakan","http:\/\/www.youtube.com\/quebakan1"]},{"@type":"Person","@id":"https:\/\/www.quebakan.com\/v15\/#\/schema\/person\/d90fa9f9cfa81eb8ace9811e5b7b9118","name":"Erick Villafuerte","image":{"@type":"ImageObject","inLanguage":"es","@id":"https:\/\/www.quebakan.com\/v15\/wp-content\/uploads\/avatars\/4\/1731297654-bpfull.png","url":"https:\/\/www.quebakan.com\/v15\/wp-content\/uploads\/avatars\/4\/1731297654-bpfull.png","contentUrl":"https:\/\/www.quebakan.com\/v15\/wp-content\/uploads\/avatars\/4\/1731297654-bpfull.png","caption":"Erick Villafuerte"}}]}},"_links":{"self":[{"href":"https:\/\/www.quebakan.com\/v15\/wp-json\/wp\/v2\/posts\/115016","targetHints":{"allow":["GET"]}}],"collection":[{"href":"https:\/\/www.quebakan.com\/v15\/wp-json\/wp\/v2\/posts"}],"about":[{"href":"https:\/\/www.quebakan.com\/v15\/wp-json\/wp\/v2\/types\/post"}],"author":[{"embeddable":true,"href":"https:\/\/www.quebakan.com\/v15\/wp-json\/wp\/v2\/users\/4"}],"replies":[{"embeddable":true,"href":"https:\/\/www.quebakan.com\/v15\/wp-json\/wp\/v2\/comments?post=115016"}],"version-history":[{"count":1,"href":"https:\/\/www.quebakan.com\/v15\/wp-json\/wp\/v2\/posts\/115016\/revisions"}],"predecessor-version":[{"id":115018,"href":"https:\/\/www.quebakan.com\/v15\/wp-json\/wp\/v2\/posts\/115016\/revisions\/115018"}],"wp:featuredmedia":[{"embeddable":true,"href":"https:\/\/www.quebakan.com\/v15\/wp-json\/wp\/v2\/media\/115017"}],"wp:attachment":[{"href":"https:\/\/www.quebakan.com\/v15\/wp-json\/wp\/v2\/media?parent=115016"}],"wp:term":[{"taxonomy":"category","embeddable":true,"href":"https:\/\/www.quebakan.com\/v15\/wp-json\/wp\/v2\/categories?post=115016"},{"taxonomy":"post_tag","embeddable":true,"href":"https:\/\/www.quebakan.com\/v15\/wp-json\/wp\/v2\/tags?post=115016"}],"curies":[{"name":"wp","href":"https:\/\/api.w.org\/{rel}","templated":true}]}}