{"id":115034,"date":"2023-12-20T02:58:06","date_gmt":"2023-12-20T07:58:06","guid":{"rendered":"https:\/\/www.quebakan.com\/v15\/?p=115034"},"modified":"2023-12-20T02:58:06","modified_gmt":"2023-12-20T07:58:06","slug":"didi-te-acerca-a-los-distintos-atractivos-navidenos-en-quito-y-guayaquil","status":"publish","type":"post","link":"https:\/\/www.quebakan.com\/v15\/didi-te-acerca-a-los-distintos-atractivos-navidenos-en-quito-y-guayaquil\/","title":{"rendered":"DiDi te acerca a los distintos atractivos navide\u00f1os en Quito y Guayaquil"},"content":{"rendered":"<p><img fetchpriority=\"high\" decoding=\"async\" class=\"aligncenter size-full wp-image-115035\" src=\"https:\/\/www.quebakan.com\/v15\/wp-content\/uploads\/2023\/12\/Christmas-Tour-EC.png\" alt=\"\" width=\"441\" height=\"255\" \/><\/p>\n<p style=\"text-align: justify;\"><span style=\"color: #000000;\"><strong>Quito, diciembre 19 de 2023.<\/strong>\u00a0 Se acerca Navidad y con ella ciudades como Quito y Guayaquil no solo preparan actividades y eventos, sino que tambi\u00e9n engalanan sus calles, edificios y monumentos como parte de los festejos de cierre de a\u00f1o. DiDi sabe que durante estos d\u00edas del mes aumenta el n\u00famero de personas que decide salir a disfrutar y hacer turismo visitando diferentes sitios adornados en las ciudades. Es por eso, que el uso de la aplicaci\u00f3n resulta una alternativa conveniente y segura para recorrer la ciudad y visitar eventos, festejos, actividades y atracciones navide\u00f1as.\u00a0\u00a0<\/span><\/p>\n<p style=\"text-align: justify;\"><span style=\"color: #000000;\">\u201c<em>Los d\u00edas previos a Navidad siempre son d\u00edas que generan mayores congestiones de tr\u00e1nsito, es por esto\u00a0que la aplicaci\u00f3n de DiDi se convierte en una excelente alternativa para que las personas puedan visitar varios atractivos navide\u00f1os sin alarmarse de parquear su auto ni de estresarse por conducir en la ciudad.\u201d<\/em>, coment\u00f3 Jorge Ordo\u00f1ez, Director Regional para DiDi en Hispanoam\u00e9rica.<\/span><\/p>\n<p style=\"text-align: justify;\"><span style=\"color: #000000;\"><em>\u201cSabemos que esto no ser\u00eda posible sin los usuarios conductores que se conectan a trav\u00e9s de la app, y desde DiDi reiteramos nuestro apoyo a ellos con estrategias que les permitan establecer ganancias adicionales y con un ecosistema integral de seguridad dise\u00f1ado para minimizar los riesgos que puedan presentar mientras usan la app, basado en las necesidades de los usuarios pasajeros para trasladarse en esta \u00e9poca decembrina.\u201d<\/em><\/span><\/p>\n<p style=\"text-align: justify;\"><span style=\"color: #000000;\">En la ciudad de Quito, el montaje del pesebre gigante en El Panecillo empez\u00f3 a inicios de este mes, a la par de las fiestas de fundaci\u00f3n de la ciudad. La Empresa de Obras P\u00fablicas inform\u00f3 que el pesebre se encendi\u00f3 por primera vez el 15 de diciembre y se mantendr\u00e1 hasta el 6 de enero de 2024. El horario de encendido ser\u00e1 de 18:30 y se extender\u00e1 hasta las 22:30 todos esos d\u00edas.<\/span><\/p>\n<p style=\"text-align: justify;\"><span style=\"color: #000000;\">Seg\u00fan el Municipio capitalino, este pesebre es el m\u00e1s grande de la regi\u00f3n y est\u00e1 conformado por figuras que representan el nacimiento de Jes\u00fas y Jos\u00e9, con 38 metros de alto, as\u00ed como los tres Reyes Magos cuya altura oscila entre los 29 y 31 metros cada uno. Mientras que la escultura de la Virgen de Legarda, representa a la madre de Jes\u00fas.\u00a0<\/span><\/p>\n<p style=\"text-align: justify;\"><span style=\"color: #000000;\">Por otro lado, la empresa privada tambi\u00e9n ha generado sus iniciativas para atraer visitantes. La Ciudad Comercial El Bosque, que se ubica en el noroccidente de la urbe, invit\u00f3 a sus clientes para acompa\u00f1ar el encendido de su \u00e1rbol navide\u00f1o con el personaje de Santa Claus, el 17 de noviembre. El \u00e1rbol se mantendr\u00e1 encendido hasta enero de 2024. El Centro Comercial I\u00f1aquito (CCI), que se ubica en la avenida Amazonas y Naciones Unidas, norte de la urbe, tambi\u00e9n invit\u00f3 a las personas a su encendido de \u00e1rbol navide\u00f1o en el mes de noviembre, monumento que la ciudadan\u00eda puede visitar durante todo el mes de diciembre. Por supuesto, no falta el \u00e1rbol navide\u00f1o de Mall El Jard\u00edn, un cl\u00e1sico del centro norte de Quito, que se ha convertido en un referente de la ciudad que anuncia el inicio de la \u00e9poca navide\u00f1a.\u00a0<\/span><\/p>\n<p style=\"text-align: justify;\"><span style=\"color: #000000;\"><em>\u201cEn DiDi estamos comprometidos a contribuir a crear mejores experiencias de vida y un mayor valor a trav\u00e9s de una tecnolog\u00eda segura, inclusiva y asequible que incida en la movilidad<\/em>, a<em>poyando a las personas para que se conecten con la ciudad y que la redescubran. Esto va de la mano con un compromiso con el desarrollo de herramientas innovadoras de seguridad, alianzas, formaci\u00f3n y protocolos orientados a la prevenci\u00f3n, mitigaci\u00f3n y atenci\u00f3n oportuna de incidentes de seguridad. Por esto, innovamos para que DiDi ponga a disposici\u00f3n de los usuarios m\u00e1s de 20 funciones de asistencia en seguridad que brinden confianza y tranquilidad a las personas que usan la aplicaci\u00f3n\u201d<\/em><em>, <\/em>complementa Ordo\u00f1ez.<\/span><\/p>\n<p style=\"text-align: justify;\"><span style=\"color: #000000;\">Por otro lado, en el caso de Guayaquil, la Direcci\u00f3n de Eventos y Servicios Especiales organiz\u00f3 en noviembre el encendido de \u00e1rboles de Navidad en siete sectores, de norte a sur. La agenda de festividades empez\u00f3 el pasado 1 de diciembre con la iluminaci\u00f3n del \u00e1rbol en Plaza Guayarte, al norte de la urbe. Otros encendidos de \u00e1rboles anunciados por las autoridades fueron el encendido del \u00e1rbol en la parroquia Pascuales, encendido de adornos navide\u00f1os Malec\u00f3n 2000 (centro de Guayaquil), y el encendido del \u00e1rbol en la Plaza de la Administraci\u00f3n, cerca del Palacio Municipal.\u00a0<\/span><\/p>\n<p style=\"text-align: justify;\"><span style=\"color: #000000;\">Otros sectores de Guayaquil que tambi\u00e9n cuentan con atracciones navide\u00f1as son la parroquia Chong\u00f3n, la avenida Portete y la 29, y Puerto Hondo.\u00a0<\/span><\/p>\n","protected":false},"excerpt":{"rendered":"<p>Quito, diciembre 19 de 2023.\u00a0 Se acerca Navidad y con ella ciudades como Quito y Guayaquil no solo preparan actividades y eventos, sino que tambi\u00e9n engalanan sus calles, edificios y monumentos como parte de los festejos de cierre de a\u00f1o. DiDi sabe que durante estos d\u00edas del mes aumenta el n\u00famero de personas que decide [&hellip;]<\/p>\n","protected":false},"author":4,"featured_media":115035,"comment_status":"open","ping_status":"open","sticky":false,"template":"","format":"standard","meta":{"_bbp_topic_count":0,"_bbp_reply_count":0,"_bbp_total_topic_count":0,"_bbp_total_reply_count":0,"_bbp_voice_count":0,"_bbp_anonymous_reply_count":0,"_bbp_topic_count_hidden":0,"_bbp_reply_count_hidden":0,"_bbp_forum_subforum_count":0,"buzzeditor_post_format":"","footnotes":""},"categories":[2],"tags":[],"class_list":["post-115034","post","type-post","status-publish","format-standard","has-post-thumbnail","hentry","category-noticias"],"yoast_head":"<!-- This site is optimized with the Yoast SEO plugin v27.5 - https:\/\/yoast.com\/product\/yoast-seo-wordpress\/ -->\n<title>DiDi te acerca a los distintos atractivos navide\u00f1os en Quito y Guayaquil &#8211; QUEBAKAN.COM 2026: Noticias, Eventos, Conciertos y mucho m\u00e1s....<\/title>\n<meta name=\"robots\" content=\"index, follow, max-snippet:-1, max-image-preview:large, max-video-preview:-1\" \/>\n<link rel=\"canonical\" href=\"https:\/\/www.quebakan.com\/v15\/didi-te-acerca-a-los-distintos-atractivos-navidenos-en-quito-y-guayaquil\/\" \/>\n<meta property=\"og:locale\" content=\"es_ES\" \/>\n<meta property=\"og:type\" content=\"article\" \/>\n<meta property=\"og:title\" content=\"DiDi te acerca a los distintos atractivos navide\u00f1os en Quito y Guayaquil &#8211; QUEBAKAN.COM 2026: Noticias, Eventos, Conciertos y mucho m\u00e1s....\" \/>\n<meta property=\"og:description\" content=\"Quito, diciembre 19 de 2023.\u00a0 Se acerca Navidad y con ella ciudades como Quito y Guayaquil no solo preparan actividades y eventos, sino que tambi\u00e9n engalanan sus calles, edificios y monumentos como parte de los festejos de cierre de a\u00f1o. DiDi sabe que durante estos d\u00edas del mes aumenta el n\u00famero de personas que decide [&hellip;]\" \/>\n<meta property=\"og:url\" content=\"https:\/\/www.quebakan.com\/v15\/didi-te-acerca-a-los-distintos-atractivos-navidenos-en-quito-y-guayaquil\/\" \/>\n<meta property=\"og:site_name\" content=\"QUEBAKAN.COM 2026: Noticias, Eventos, Conciertos y mucho m\u00e1s....\" \/>\n<meta property=\"article:publisher\" content=\"http:\/\/www.facebook.com\/quebakan\" \/>\n<meta property=\"article:published_time\" content=\"2023-12-20T07:58:06+00:00\" \/>\n<meta property=\"og:image\" content=\"https:\/\/www.quebakan.com\/v15\/wp-content\/uploads\/2023\/12\/Christmas-Tour-EC.png\" \/>\n\t<meta property=\"og:image:width\" content=\"441\" \/>\n\t<meta property=\"og:image:height\" content=\"255\" \/>\n\t<meta property=\"og:image:type\" content=\"image\/png\" \/>\n<meta name=\"author\" content=\"Erick Villafuerte\" \/>\n<meta name=\"twitter:card\" content=\"summary_large_image\" \/>\n<meta name=\"twitter:creator\" content=\"@quebakanec\" \/>\n<meta name=\"twitter:site\" content=\"@quebakanec\" \/>\n<meta name=\"twitter:label1\" content=\"Escrito por\" \/>\n\t<meta name=\"twitter:data1\" content=\"Erick Villafuerte\" \/>\n\t<meta name=\"twitter:label2\" content=\"Tiempo de lectura\" \/>\n\t<meta name=\"twitter:data2\" content=\"4 minutos\" \/>\n<script type=\"application\/ld+json\" class=\"yoast-schema-graph\">{\"@context\":\"https:\\\/\\\/schema.org\",\"@graph\":[{\"@type\":\"Article\",\"@id\":\"https:\\\/\\\/www.quebakan.com\\\/v15\\\/didi-te-acerca-a-los-distintos-atractivos-navidenos-en-quito-y-guayaquil\\\/#article\",\"isPartOf\":{\"@id\":\"https:\\\/\\\/www.quebakan.com\\\/v15\\\/didi-te-acerca-a-los-distintos-atractivos-navidenos-en-quito-y-guayaquil\\\/\"},\"author\":{\"name\":\"Erick Villafuerte\",\"@id\":\"https:\\\/\\\/www.quebakan.com\\\/v15\\\/#\\\/schema\\\/person\\\/d90fa9f9cfa81eb8ace9811e5b7b9118\"},\"headline\":\"DiDi te acerca a los distintos atractivos navide\u00f1os en Quito y Guayaquil\",\"datePublished\":\"2023-12-20T07:58:06+00:00\",\"mainEntityOfPage\":{\"@id\":\"https:\\\/\\\/www.quebakan.com\\\/v15\\\/didi-te-acerca-a-los-distintos-atractivos-navidenos-en-quito-y-guayaquil\\\/\"},\"wordCount\":780,\"commentCount\":0,\"publisher\":{\"@id\":\"https:\\\/\\\/www.quebakan.com\\\/v15\\\/#organization\"},\"image\":{\"@id\":\"https:\\\/\\\/www.quebakan.com\\\/v15\\\/didi-te-acerca-a-los-distintos-atractivos-navidenos-en-quito-y-guayaquil\\\/#primaryimage\"},\"thumbnailUrl\":\"https:\\\/\\\/www.quebakan.com\\\/v15\\\/wp-content\\\/uploads\\\/2023\\\/12\\\/Christmas-Tour-EC.png\",\"articleSection\":[\"Noticias\"],\"inLanguage\":\"es\"},{\"@type\":\"WebPage\",\"@id\":\"https:\\\/\\\/www.quebakan.com\\\/v15\\\/didi-te-acerca-a-los-distintos-atractivos-navidenos-en-quito-y-guayaquil\\\/\",\"url\":\"https:\\\/\\\/www.quebakan.com\\\/v15\\\/didi-te-acerca-a-los-distintos-atractivos-navidenos-en-quito-y-guayaquil\\\/\",\"name\":\"DiDi te acerca a los distintos atractivos navide\u00f1os en Quito y Guayaquil &#8211; QUEBAKAN.COM 2026: Noticias, Eventos, Conciertos y mucho m\u00e1s....\",\"isPartOf\":{\"@id\":\"https:\\\/\\\/www.quebakan.com\\\/v15\\\/#website\"},\"primaryImageOfPage\":{\"@id\":\"https:\\\/\\\/www.quebakan.com\\\/v15\\\/didi-te-acerca-a-los-distintos-atractivos-navidenos-en-quito-y-guayaquil\\\/#primaryimage\"},\"image\":{\"@id\":\"https:\\\/\\\/www.quebakan.com\\\/v15\\\/didi-te-acerca-a-los-distintos-atractivos-navidenos-en-quito-y-guayaquil\\\/#primaryimage\"},\"thumbnailUrl\":\"https:\\\/\\\/www.quebakan.com\\\/v15\\\/wp-content\\\/uploads\\\/2023\\\/12\\\/Christmas-Tour-EC.png\",\"datePublished\":\"2023-12-20T07:58:06+00:00\",\"breadcrumb\":{\"@id\":\"https:\\\/\\\/www.quebakan.com\\\/v15\\\/didi-te-acerca-a-los-distintos-atractivos-navidenos-en-quito-y-guayaquil\\\/#breadcrumb\"},\"inLanguage\":\"es\",\"potentialAction\":[{\"@type\":\"ReadAction\",\"target\":[\"https:\\\/\\\/www.quebakan.com\\\/v15\\\/didi-te-acerca-a-los-distintos-atractivos-navidenos-en-quito-y-guayaquil\\\/\"]}]},{\"@type\":\"ImageObject\",\"inLanguage\":\"es\",\"@id\":\"https:\\\/\\\/www.quebakan.com\\\/v15\\\/didi-te-acerca-a-los-distintos-atractivos-navidenos-en-quito-y-guayaquil\\\/#primaryimage\",\"url\":\"https:\\\/\\\/www.quebakan.com\\\/v15\\\/wp-content\\\/uploads\\\/2023\\\/12\\\/Christmas-Tour-EC.png\",\"contentUrl\":\"https:\\\/\\\/www.quebakan.com\\\/v15\\\/wp-content\\\/uploads\\\/2023\\\/12\\\/Christmas-Tour-EC.png\",\"width\":441,\"height\":255},{\"@type\":\"BreadcrumbList\",\"@id\":\"https:\\\/\\\/www.quebakan.com\\\/v15\\\/didi-te-acerca-a-los-distintos-atractivos-navidenos-en-quito-y-guayaquil\\\/#breadcrumb\",\"itemListElement\":[{\"@type\":\"ListItem\",\"position\":1,\"name\":\"Portada\",\"item\":\"https:\\\/\\\/www.quebakan.com\\\/v15\\\/\"},{\"@type\":\"ListItem\",\"position\":2,\"name\":\"DiDi te acerca a los distintos atractivos navide\u00f1os en Quito y Guayaquil\"}]},{\"@type\":\"WebSite\",\"@id\":\"https:\\\/\\\/www.quebakan.com\\\/v15\\\/#website\",\"url\":\"https:\\\/\\\/www.quebakan.com\\\/v15\\\/\",\"name\":\"QUEBAKAN\",\"description\":\"..\",\"publisher\":{\"@id\":\"https:\\\/\\\/www.quebakan.com\\\/v15\\\/#organization\"},\"potentialAction\":[{\"@type\":\"SearchAction\",\"target\":{\"@type\":\"EntryPoint\",\"urlTemplate\":\"https:\\\/\\\/www.quebakan.com\\\/v15\\\/?s={search_term_string}\"},\"query-input\":{\"@type\":\"PropertyValueSpecification\",\"valueRequired\":true,\"valueName\":\"search_term_string\"}}],\"inLanguage\":\"es\"},{\"@type\":\"Organization\",\"@id\":\"https:\\\/\\\/www.quebakan.com\\\/v15\\\/#organization\",\"name\":\"Quebakan.com\",\"url\":\"https:\\\/\\\/www.quebakan.com\\\/v15\\\/\",\"logo\":{\"@type\":\"ImageObject\",\"inLanguage\":\"es\",\"@id\":\"https:\\\/\\\/www.quebakan.com\\\/v15\\\/#\\\/schema\\\/logo\\\/image\\\/\",\"url\":\"https:\\\/\\\/www.quebakan.com\\\/v15\\\/wp-content\\\/uploads\\\/2023\\\/07\\\/logoquebakanenero2021.jpg\",\"contentUrl\":\"https:\\\/\\\/www.quebakan.com\\\/v15\\\/wp-content\\\/uploads\\\/2023\\\/07\\\/logoquebakanenero2021.jpg\",\"width\":1920,\"height\":1080,\"caption\":\"Quebakan.com\"},\"image\":{\"@id\":\"https:\\\/\\\/www.quebakan.com\\\/v15\\\/#\\\/schema\\\/logo\\\/image\\\/\"},\"sameAs\":[\"http:\\\/\\\/www.facebook.com\\\/quebakan\",\"https:\\\/\\\/x.com\\\/quebakanec\",\"http:\\\/\\\/www.instagram.com\\\/quebakan\",\"http:\\\/\\\/www.youtube.com\\\/quebakan1\"]},{\"@type\":\"Person\",\"@id\":\"https:\\\/\\\/www.quebakan.com\\\/v15\\\/#\\\/schema\\\/person\\\/d90fa9f9cfa81eb8ace9811e5b7b9118\",\"name\":\"Erick Villafuerte\",\"image\":{\"@type\":\"ImageObject\",\"inLanguage\":\"es\",\"@id\":\"https:\\\/\\\/www.quebakan.com\\\/v15\\\/wp-content\\\/uploads\\\/avatars\\\/4\\\/1731297654-bpfull.png\",\"url\":\"https:\\\/\\\/www.quebakan.com\\\/v15\\\/wp-content\\\/uploads\\\/avatars\\\/4\\\/1731297654-bpfull.png\",\"contentUrl\":\"https:\\\/\\\/www.quebakan.com\\\/v15\\\/wp-content\\\/uploads\\\/avatars\\\/4\\\/1731297654-bpfull.png\",\"caption\":\"Erick Villafuerte\"}}]}<\/script>\n<!-- \/ Yoast SEO plugin. -->","yoast_head_json":{"title":"DiDi te acerca a los distintos atractivos navide\u00f1os en Quito y Guayaquil &#8211; QUEBAKAN.COM 2026: Noticias, Eventos, Conciertos y mucho m\u00e1s....","robots":{"index":"index","follow":"follow","max-snippet":"max-snippet:-1","max-image-preview":"max-image-preview:large","max-video-preview":"max-video-preview:-1"},"canonical":"https:\/\/www.quebakan.com\/v15\/didi-te-acerca-a-los-distintos-atractivos-navidenos-en-quito-y-guayaquil\/","og_locale":"es_ES","og_type":"article","og_title":"DiDi te acerca a los distintos atractivos navide\u00f1os en Quito y Guayaquil &#8211; QUEBAKAN.COM 2026: Noticias, Eventos, Conciertos y mucho m\u00e1s....","og_description":"Quito, diciembre 19 de 2023.\u00a0 Se acerca Navidad y con ella ciudades como Quito y Guayaquil no solo preparan actividades y eventos, sino que tambi\u00e9n engalanan sus calles, edificios y monumentos como parte de los festejos de cierre de a\u00f1o. DiDi sabe que durante estos d\u00edas del mes aumenta el n\u00famero de personas que decide [&hellip;]","og_url":"https:\/\/www.quebakan.com\/v15\/didi-te-acerca-a-los-distintos-atractivos-navidenos-en-quito-y-guayaquil\/","og_site_name":"QUEBAKAN.COM 2026: Noticias, Eventos, Conciertos y mucho m\u00e1s....","article_publisher":"http:\/\/www.facebook.com\/quebakan","article_published_time":"2023-12-20T07:58:06+00:00","og_image":[{"width":441,"height":255,"url":"https:\/\/www.quebakan.com\/v15\/wp-content\/uploads\/2023\/12\/Christmas-Tour-EC.png","type":"image\/png"}],"author":"Erick Villafuerte","twitter_card":"summary_large_image","twitter_creator":"@quebakanec","twitter_site":"@quebakanec","twitter_misc":{"Escrito por":"Erick Villafuerte","Tiempo de lectura":"4 minutos"},"schema":{"@context":"https:\/\/schema.org","@graph":[{"@type":"Article","@id":"https:\/\/www.quebakan.com\/v15\/didi-te-acerca-a-los-distintos-atractivos-navidenos-en-quito-y-guayaquil\/#article","isPartOf":{"@id":"https:\/\/www.quebakan.com\/v15\/didi-te-acerca-a-los-distintos-atractivos-navidenos-en-quito-y-guayaquil\/"},"author":{"name":"Erick Villafuerte","@id":"https:\/\/www.quebakan.com\/v15\/#\/schema\/person\/d90fa9f9cfa81eb8ace9811e5b7b9118"},"headline":"DiDi te acerca a los distintos atractivos navide\u00f1os en Quito y Guayaquil","datePublished":"2023-12-20T07:58:06+00:00","mainEntityOfPage":{"@id":"https:\/\/www.quebakan.com\/v15\/didi-te-acerca-a-los-distintos-atractivos-navidenos-en-quito-y-guayaquil\/"},"wordCount":780,"commentCount":0,"publisher":{"@id":"https:\/\/www.quebakan.com\/v15\/#organization"},"image":{"@id":"https:\/\/www.quebakan.com\/v15\/didi-te-acerca-a-los-distintos-atractivos-navidenos-en-quito-y-guayaquil\/#primaryimage"},"thumbnailUrl":"https:\/\/www.quebakan.com\/v15\/wp-content\/uploads\/2023\/12\/Christmas-Tour-EC.png","articleSection":["Noticias"],"inLanguage":"es"},{"@type":"WebPage","@id":"https:\/\/www.quebakan.com\/v15\/didi-te-acerca-a-los-distintos-atractivos-navidenos-en-quito-y-guayaquil\/","url":"https:\/\/www.quebakan.com\/v15\/didi-te-acerca-a-los-distintos-atractivos-navidenos-en-quito-y-guayaquil\/","name":"DiDi te acerca a los distintos atractivos navide\u00f1os en Quito y Guayaquil &#8211; QUEBAKAN.COM 2026: Noticias, Eventos, Conciertos y mucho m\u00e1s....","isPartOf":{"@id":"https:\/\/www.quebakan.com\/v15\/#website"},"primaryImageOfPage":{"@id":"https:\/\/www.quebakan.com\/v15\/didi-te-acerca-a-los-distintos-atractivos-navidenos-en-quito-y-guayaquil\/#primaryimage"},"image":{"@id":"https:\/\/www.quebakan.com\/v15\/didi-te-acerca-a-los-distintos-atractivos-navidenos-en-quito-y-guayaquil\/#primaryimage"},"thumbnailUrl":"https:\/\/www.quebakan.com\/v15\/wp-content\/uploads\/2023\/12\/Christmas-Tour-EC.png","datePublished":"2023-12-20T07:58:06+00:00","breadcrumb":{"@id":"https:\/\/www.quebakan.com\/v15\/didi-te-acerca-a-los-distintos-atractivos-navidenos-en-quito-y-guayaquil\/#breadcrumb"},"inLanguage":"es","potentialAction":[{"@type":"ReadAction","target":["https:\/\/www.quebakan.com\/v15\/didi-te-acerca-a-los-distintos-atractivos-navidenos-en-quito-y-guayaquil\/"]}]},{"@type":"ImageObject","inLanguage":"es","@id":"https:\/\/www.quebakan.com\/v15\/didi-te-acerca-a-los-distintos-atractivos-navidenos-en-quito-y-guayaquil\/#primaryimage","url":"https:\/\/www.quebakan.com\/v15\/wp-content\/uploads\/2023\/12\/Christmas-Tour-EC.png","contentUrl":"https:\/\/www.quebakan.com\/v15\/wp-content\/uploads\/2023\/12\/Christmas-Tour-EC.png","width":441,"height":255},{"@type":"BreadcrumbList","@id":"https:\/\/www.quebakan.com\/v15\/didi-te-acerca-a-los-distintos-atractivos-navidenos-en-quito-y-guayaquil\/#breadcrumb","itemListElement":[{"@type":"ListItem","position":1,"name":"Portada","item":"https:\/\/www.quebakan.com\/v15\/"},{"@type":"ListItem","position":2,"name":"DiDi te acerca a los distintos atractivos navide\u00f1os en Quito y Guayaquil"}]},{"@type":"WebSite","@id":"https:\/\/www.quebakan.com\/v15\/#website","url":"https:\/\/www.quebakan.com\/v15\/","name":"QUEBAKAN","description":"..","publisher":{"@id":"https:\/\/www.quebakan.com\/v15\/#organization"},"potentialAction":[{"@type":"SearchAction","target":{"@type":"EntryPoint","urlTemplate":"https:\/\/www.quebakan.com\/v15\/?s={search_term_string}"},"query-input":{"@type":"PropertyValueSpecification","valueRequired":true,"valueName":"search_term_string"}}],"inLanguage":"es"},{"@type":"Organization","@id":"https:\/\/www.quebakan.com\/v15\/#organization","name":"Quebakan.com","url":"https:\/\/www.quebakan.com\/v15\/","logo":{"@type":"ImageObject","inLanguage":"es","@id":"https:\/\/www.quebakan.com\/v15\/#\/schema\/logo\/image\/","url":"https:\/\/www.quebakan.com\/v15\/wp-content\/uploads\/2023\/07\/logoquebakanenero2021.jpg","contentUrl":"https:\/\/www.quebakan.com\/v15\/wp-content\/uploads\/2023\/07\/logoquebakanenero2021.jpg","width":1920,"height":1080,"caption":"Quebakan.com"},"image":{"@id":"https:\/\/www.quebakan.com\/v15\/#\/schema\/logo\/image\/"},"sameAs":["http:\/\/www.facebook.com\/quebakan","https:\/\/x.com\/quebakanec","http:\/\/www.instagram.com\/quebakan","http:\/\/www.youtube.com\/quebakan1"]},{"@type":"Person","@id":"https:\/\/www.quebakan.com\/v15\/#\/schema\/person\/d90fa9f9cfa81eb8ace9811e5b7b9118","name":"Erick Villafuerte","image":{"@type":"ImageObject","inLanguage":"es","@id":"https:\/\/www.quebakan.com\/v15\/wp-content\/uploads\/avatars\/4\/1731297654-bpfull.png","url":"https:\/\/www.quebakan.com\/v15\/wp-content\/uploads\/avatars\/4\/1731297654-bpfull.png","contentUrl":"https:\/\/www.quebakan.com\/v15\/wp-content\/uploads\/avatars\/4\/1731297654-bpfull.png","caption":"Erick Villafuerte"}}]}},"_links":{"self":[{"href":"https:\/\/www.quebakan.com\/v15\/wp-json\/wp\/v2\/posts\/115034","targetHints":{"allow":["GET"]}}],"collection":[{"href":"https:\/\/www.quebakan.com\/v15\/wp-json\/wp\/v2\/posts"}],"about":[{"href":"https:\/\/www.quebakan.com\/v15\/wp-json\/wp\/v2\/types\/post"}],"author":[{"embeddable":true,"href":"https:\/\/www.quebakan.com\/v15\/wp-json\/wp\/v2\/users\/4"}],"replies":[{"embeddable":true,"href":"https:\/\/www.quebakan.com\/v15\/wp-json\/wp\/v2\/comments?post=115034"}],"version-history":[{"count":1,"href":"https:\/\/www.quebakan.com\/v15\/wp-json\/wp\/v2\/posts\/115034\/revisions"}],"predecessor-version":[{"id":115036,"href":"https:\/\/www.quebakan.com\/v15\/wp-json\/wp\/v2\/posts\/115034\/revisions\/115036"}],"wp:featuredmedia":[{"embeddable":true,"href":"https:\/\/www.quebakan.com\/v15\/wp-json\/wp\/v2\/media\/115035"}],"wp:attachment":[{"href":"https:\/\/www.quebakan.com\/v15\/wp-json\/wp\/v2\/media?parent=115034"}],"wp:term":[{"taxonomy":"category","embeddable":true,"href":"https:\/\/www.quebakan.com\/v15\/wp-json\/wp\/v2\/categories?post=115034"},{"taxonomy":"post_tag","embeddable":true,"href":"https:\/\/www.quebakan.com\/v15\/wp-json\/wp\/v2\/tags?post=115034"}],"curies":[{"name":"wp","href":"https:\/\/api.w.org\/{rel}","templated":true}]}}