{"id":115263,"date":"2023-12-28T02:13:04","date_gmt":"2023-12-28T07:13:04","guid":{"rendered":"https:\/\/www.quebakan.com\/v15\/?p=115263"},"modified":"2023-12-28T02:13:04","modified_gmt":"2023-12-28T07:13:04","slug":"gaes-realizo-mas-de-1-600-horas-de-formacion-para-sus-empleados-en-2023","status":"publish","type":"post","link":"https:\/\/www.quebakan.com\/v15\/gaes-realizo-mas-de-1-600-horas-de-formacion-para-sus-empleados-en-2023\/","title":{"rendered":"GAES REALIZ\u00d3 M\u00c1S DE 1.600 HORAS DE FORMACI\u00d3N PARA SUS EMPLEADOS EN 2023"},"content":{"rendered":"<p><img fetchpriority=\"high\" decoding=\"async\" class=\"aligncenter size-full wp-image-115264\" src=\"https:\/\/www.quebakan.com\/v15\/wp-content\/uploads\/2023\/12\/kick-off.jpg\" alt=\"\" width=\"700\" height=\"360\" \/><\/p>\n<p style=\"text-align: center;\"><span style=\"color: #000000;\"><strong><em>Pie de foto: Equipo GAES<\/em><\/strong><\/span><\/p>\n<ul style=\"text-align: justify;\">\n<li><span style=\"color: #000000;\"><strong>LOS PROCESOS DE CAPACITACI\u00d3N SE DESARROLLARON EN LAS MODALIDADES PRESENCIALES Y VIRTUALES EN LA PLATAFORMA AMPLI-ACADEMY, FORTALECIENDO CONOCIMIENTOS T\u00c9CNICOS Y HABILIDADES BLANDAS.<\/strong><\/span><\/li>\n<li><span style=\"color: #000000;\"><strong>UN TOTAL DE 93 EMPLEADOS SE BENEFICIARON DE LA FORMACI\u00d3N, REFORZANDO LA CALIDAD DEL SERVICIO Y LA SATISFACCI\u00d3N DEL CLIENTE.<\/strong><\/span><\/li>\n<\/ul>\n<p style=\"text-align: justify;\"><span style=\"color: #000000;\"><strong>(Quito, Ecuador), diciembre 2023.-<\/strong> <a style=\"color: #000000;\" href=\"https:\/\/www.gaes.ec\/\"><strong>GAES <\/strong><\/a><a style=\"color: #000000;\" href=\"https:\/\/www.gaes.ec\/\">, una marca de Amplifon <\/a>, l\u00edder mundial en cuidado auditivo, fortaleci\u00f3 los conocimientos y habilidades de sus colaboradores al completar 1.662 horas de capacitaci\u00f3n este a\u00f1o. Con metodolog\u00edas de aprendizaje innovadoras y apoyados en la plataforma de cursos continuos \u201cAmpli-Academy\u201d, un total de 93 colaboradores se capacitaron en diferentes temas durante 2023, contribuyendo a su desarrollo profesional y a la promesa de excelencia y calidad de servicio de la empresa.<\/span><\/p>\n<p style=\"text-align: justify;\"><span style=\"color: #000000;\">Ampli Academy es una plataforma de aprendizaje electr\u00f3nico a la que acceden las 20.000 personas de Amplifon en todo el mundo, que combina conocimientos de vanguardia con habilidades centradas en el desarrollo del talento. A trav\u00e9s de la plataforma es posible acceder a m\u00e1s de 20.000 cursos en l\u00ednea disponibles en varios idiomas, as\u00ed como a herramientas de mentor\u00eda y coaching, y programas enfocados a fortalecer habilidades digitales y estrat\u00e9gicas.<\/span><\/p>\n<p style=\"text-align: justify;\"><span style=\"color: #000000;\">En 2022, se dedicaron m\u00e1s de 400.000 horas a formar a los empleados de Amplifon en todo el mundo.<\/span><\/p>\n<p style=\"text-align: justify;\"><span style=\"color: #000000;\">\u201cEn GAES reconocemos que la capacitaci\u00f3n continua es esencial para permanecer a la vanguardia del din\u00e1mico campo del cuidado de la audici\u00f3n, raz\u00f3n por la cual la empresa ha adoptado un enfoque integral para garantizar que su personal, desde el campo hasta los capacitadores y mentores, est\u00e9 equipado con los conocimientos t\u00e9cnicos. y soft skills necesarias para sobresalir en sus funciones y superar las expectativas del cliente\u201d, explic\u00f3 Diana de la Vega, Formadora Retail de GAES.<\/span><\/p>\n<p style=\"text-align: justify;\"><span style=\"color: #000000;\">La pol\u00edtica de formaci\u00f3n interna de GAES cubre varias \u00e1reas clave como son: 1. \u00d3ptimo desarrollo de funciones: asegurando que cada miembro del equipo est\u00e1 alineado con las habilidades t\u00e9cnicas y soft skills necesarias para impulsar el crecimiento del talento, 2. Onboarding eficiente, con el objetivo de que las nuevas incorporaciones tengan un proceso de integraci\u00f3n \u00f3ptimo, y 3. Planes de desarrollo del personal, orientados a maximizar la movilidad y retenci\u00f3n del talento. Todo ello, a trav\u00e9s de m\u00e9todos interactivos de ense\u00f1anza-aprendizaje con herramientas de coaching y mentor\u00eda con personal altamente cualificado.<\/span><\/p>\n<p style=\"text-align: justify;\"><span style=\"color: #000000;\">De esta manera, GAES prepara a sus colaboradores para enfrentar contratiempos, superar obst\u00e1culos y mantenerse a la vanguardia tecnol\u00f3gica. Esto se traduce en un servicio excepcional para los clientes, reforzando la posici\u00f3n de GAES como l\u00edder en soluciones auditivas. Para obtener m\u00e1s informaci\u00f3n sobre la empresa, visite: <a style=\"color: #000000;\" href=\"https:\/\/corporate.amplifon.com.\">https:\/\/corporate.amplifon.com.<\/a><\/span><\/p>\n","protected":false},"excerpt":{"rendered":"<p>Pie de foto: Equipo GAES LOS PROCESOS DE CAPACITACI\u00d3N SE DESARROLLARON EN LAS MODALIDADES PRESENCIALES Y VIRTUALES EN LA PLATAFORMA AMPLI-ACADEMY, FORTALECIENDO CONOCIMIENTOS T\u00c9CNICOS Y HABILIDADES BLANDAS. UN TOTAL DE 93 EMPLEADOS SE BENEFICIARON DE LA FORMACI\u00d3N, REFORZANDO LA CALIDAD DEL SERVICIO Y LA SATISFACCI\u00d3N DEL CLIENTE. (Quito, Ecuador), diciembre 2023.- GAES , una marca [&hellip;]<\/p>\n","protected":false},"author":4,"featured_media":115264,"comment_status":"open","ping_status":"open","sticky":false,"template":"","format":"standard","meta":{"_bbp_topic_count":0,"_bbp_reply_count":0,"_bbp_total_topic_count":0,"_bbp_total_reply_count":0,"_bbp_voice_count":0,"_bbp_anonymous_reply_count":0,"_bbp_topic_count_hidden":0,"_bbp_reply_count_hidden":0,"_bbp_forum_subforum_count":0,"buzzeditor_post_format":"","footnotes":""},"categories":[2],"tags":[],"class_list":["post-115263","post","type-post","status-publish","format-standard","has-post-thumbnail","hentry","category-noticias"],"yoast_head":"<!-- This site is optimized with the Yoast SEO plugin v27.5 - https:\/\/yoast.com\/product\/yoast-seo-wordpress\/ -->\n<title>GAES REALIZ\u00d3 M\u00c1S DE 1.600 HORAS DE FORMACI\u00d3N PARA SUS EMPLEADOS EN 2023 &#8211; QUEBAKAN.COM 2026: Noticias, Eventos, Conciertos y mucho m\u00e1s....<\/title>\n<meta name=\"robots\" content=\"index, follow, max-snippet:-1, max-image-preview:large, max-video-preview:-1\" \/>\n<link rel=\"canonical\" href=\"https:\/\/www.quebakan.com\/v15\/gaes-realizo-mas-de-1-600-horas-de-formacion-para-sus-empleados-en-2023\/\" \/>\n<meta property=\"og:locale\" content=\"es_ES\" \/>\n<meta property=\"og:type\" content=\"article\" \/>\n<meta property=\"og:title\" content=\"GAES REALIZ\u00d3 M\u00c1S DE 1.600 HORAS DE FORMACI\u00d3N PARA SUS EMPLEADOS EN 2023 &#8211; QUEBAKAN.COM 2026: Noticias, Eventos, Conciertos y mucho m\u00e1s....\" \/>\n<meta property=\"og:description\" content=\"Pie de foto: Equipo GAES LOS PROCESOS DE CAPACITACI\u00d3N SE DESARROLLARON EN LAS MODALIDADES PRESENCIALES Y VIRTUALES EN LA PLATAFORMA AMPLI-ACADEMY, FORTALECIENDO CONOCIMIENTOS T\u00c9CNICOS Y HABILIDADES BLANDAS. UN TOTAL DE 93 EMPLEADOS SE BENEFICIARON DE LA FORMACI\u00d3N, REFORZANDO LA CALIDAD DEL SERVICIO Y LA SATISFACCI\u00d3N DEL CLIENTE. (Quito, Ecuador), diciembre 2023.- GAES , una marca [&hellip;]\" \/>\n<meta property=\"og:url\" content=\"https:\/\/www.quebakan.com\/v15\/gaes-realizo-mas-de-1-600-horas-de-formacion-para-sus-empleados-en-2023\/\" \/>\n<meta property=\"og:site_name\" content=\"QUEBAKAN.COM 2026: Noticias, Eventos, Conciertos y mucho m\u00e1s....\" \/>\n<meta property=\"article:publisher\" content=\"http:\/\/www.facebook.com\/quebakan\" \/>\n<meta property=\"article:published_time\" content=\"2023-12-28T07:13:04+00:00\" \/>\n<meta property=\"og:image\" content=\"https:\/\/www.quebakan.com\/v15\/wp-content\/uploads\/2023\/12\/kick-off.jpg\" \/>\n\t<meta property=\"og:image:width\" content=\"700\" \/>\n\t<meta property=\"og:image:height\" content=\"360\" \/>\n\t<meta property=\"og:image:type\" content=\"image\/jpeg\" \/>\n<meta name=\"author\" content=\"Erick Villafuerte\" \/>\n<meta name=\"twitter:card\" content=\"summary_large_image\" \/>\n<meta name=\"twitter:creator\" content=\"@quebakanec\" \/>\n<meta name=\"twitter:site\" content=\"@quebakanec\" \/>\n<meta name=\"twitter:label1\" content=\"Escrito por\" \/>\n\t<meta name=\"twitter:data1\" content=\"Erick Villafuerte\" \/>\n\t<meta name=\"twitter:label2\" content=\"Tiempo de lectura\" \/>\n\t<meta name=\"twitter:data2\" content=\"3 minutos\" \/>\n<script type=\"application\/ld+json\" class=\"yoast-schema-graph\">{\"@context\":\"https:\\\/\\\/schema.org\",\"@graph\":[{\"@type\":\"Article\",\"@id\":\"https:\\\/\\\/www.quebakan.com\\\/v15\\\/gaes-realizo-mas-de-1-600-horas-de-formacion-para-sus-empleados-en-2023\\\/#article\",\"isPartOf\":{\"@id\":\"https:\\\/\\\/www.quebakan.com\\\/v15\\\/gaes-realizo-mas-de-1-600-horas-de-formacion-para-sus-empleados-en-2023\\\/\"},\"author\":{\"name\":\"Erick Villafuerte\",\"@id\":\"https:\\\/\\\/www.quebakan.com\\\/v15\\\/#\\\/schema\\\/person\\\/d90fa9f9cfa81eb8ace9811e5b7b9118\"},\"headline\":\"GAES REALIZ\u00d3 M\u00c1S DE 1.600 HORAS DE FORMACI\u00d3N PARA SUS EMPLEADOS EN 2023\",\"datePublished\":\"2023-12-28T07:13:04+00:00\",\"mainEntityOfPage\":{\"@id\":\"https:\\\/\\\/www.quebakan.com\\\/v15\\\/gaes-realizo-mas-de-1-600-horas-de-formacion-para-sus-empleados-en-2023\\\/\"},\"wordCount\":466,\"commentCount\":0,\"publisher\":{\"@id\":\"https:\\\/\\\/www.quebakan.com\\\/v15\\\/#organization\"},\"image\":{\"@id\":\"https:\\\/\\\/www.quebakan.com\\\/v15\\\/gaes-realizo-mas-de-1-600-horas-de-formacion-para-sus-empleados-en-2023\\\/#primaryimage\"},\"thumbnailUrl\":\"https:\\\/\\\/www.quebakan.com\\\/v15\\\/wp-content\\\/uploads\\\/2023\\\/12\\\/kick-off.jpg\",\"articleSection\":[\"Noticias\"],\"inLanguage\":\"es\"},{\"@type\":\"WebPage\",\"@id\":\"https:\\\/\\\/www.quebakan.com\\\/v15\\\/gaes-realizo-mas-de-1-600-horas-de-formacion-para-sus-empleados-en-2023\\\/\",\"url\":\"https:\\\/\\\/www.quebakan.com\\\/v15\\\/gaes-realizo-mas-de-1-600-horas-de-formacion-para-sus-empleados-en-2023\\\/\",\"name\":\"GAES REALIZ\u00d3 M\u00c1S DE 1.600 HORAS DE FORMACI\u00d3N PARA SUS EMPLEADOS EN 2023 &#8211; QUEBAKAN.COM 2026: Noticias, Eventos, Conciertos y mucho m\u00e1s....\",\"isPartOf\":{\"@id\":\"https:\\\/\\\/www.quebakan.com\\\/v15\\\/#website\"},\"primaryImageOfPage\":{\"@id\":\"https:\\\/\\\/www.quebakan.com\\\/v15\\\/gaes-realizo-mas-de-1-600-horas-de-formacion-para-sus-empleados-en-2023\\\/#primaryimage\"},\"image\":{\"@id\":\"https:\\\/\\\/www.quebakan.com\\\/v15\\\/gaes-realizo-mas-de-1-600-horas-de-formacion-para-sus-empleados-en-2023\\\/#primaryimage\"},\"thumbnailUrl\":\"https:\\\/\\\/www.quebakan.com\\\/v15\\\/wp-content\\\/uploads\\\/2023\\\/12\\\/kick-off.jpg\",\"datePublished\":\"2023-12-28T07:13:04+00:00\",\"breadcrumb\":{\"@id\":\"https:\\\/\\\/www.quebakan.com\\\/v15\\\/gaes-realizo-mas-de-1-600-horas-de-formacion-para-sus-empleados-en-2023\\\/#breadcrumb\"},\"inLanguage\":\"es\",\"potentialAction\":[{\"@type\":\"ReadAction\",\"target\":[\"https:\\\/\\\/www.quebakan.com\\\/v15\\\/gaes-realizo-mas-de-1-600-horas-de-formacion-para-sus-empleados-en-2023\\\/\"]}]},{\"@type\":\"ImageObject\",\"inLanguage\":\"es\",\"@id\":\"https:\\\/\\\/www.quebakan.com\\\/v15\\\/gaes-realizo-mas-de-1-600-horas-de-formacion-para-sus-empleados-en-2023\\\/#primaryimage\",\"url\":\"https:\\\/\\\/www.quebakan.com\\\/v15\\\/wp-content\\\/uploads\\\/2023\\\/12\\\/kick-off.jpg\",\"contentUrl\":\"https:\\\/\\\/www.quebakan.com\\\/v15\\\/wp-content\\\/uploads\\\/2023\\\/12\\\/kick-off.jpg\",\"width\":700,\"height\":360},{\"@type\":\"BreadcrumbList\",\"@id\":\"https:\\\/\\\/www.quebakan.com\\\/v15\\\/gaes-realizo-mas-de-1-600-horas-de-formacion-para-sus-empleados-en-2023\\\/#breadcrumb\",\"itemListElement\":[{\"@type\":\"ListItem\",\"position\":1,\"name\":\"Portada\",\"item\":\"https:\\\/\\\/www.quebakan.com\\\/v15\\\/\"},{\"@type\":\"ListItem\",\"position\":2,\"name\":\"GAES REALIZ\u00d3 M\u00c1S DE 1.600 HORAS DE FORMACI\u00d3N PARA SUS EMPLEADOS EN 2023\"}]},{\"@type\":\"WebSite\",\"@id\":\"https:\\\/\\\/www.quebakan.com\\\/v15\\\/#website\",\"url\":\"https:\\\/\\\/www.quebakan.com\\\/v15\\\/\",\"name\":\"QUEBAKAN\",\"description\":\"..\",\"publisher\":{\"@id\":\"https:\\\/\\\/www.quebakan.com\\\/v15\\\/#organization\"},\"potentialAction\":[{\"@type\":\"SearchAction\",\"target\":{\"@type\":\"EntryPoint\",\"urlTemplate\":\"https:\\\/\\\/www.quebakan.com\\\/v15\\\/?s={search_term_string}\"},\"query-input\":{\"@type\":\"PropertyValueSpecification\",\"valueRequired\":true,\"valueName\":\"search_term_string\"}}],\"inLanguage\":\"es\"},{\"@type\":\"Organization\",\"@id\":\"https:\\\/\\\/www.quebakan.com\\\/v15\\\/#organization\",\"name\":\"Quebakan.com\",\"url\":\"https:\\\/\\\/www.quebakan.com\\\/v15\\\/\",\"logo\":{\"@type\":\"ImageObject\",\"inLanguage\":\"es\",\"@id\":\"https:\\\/\\\/www.quebakan.com\\\/v15\\\/#\\\/schema\\\/logo\\\/image\\\/\",\"url\":\"https:\\\/\\\/www.quebakan.com\\\/v15\\\/wp-content\\\/uploads\\\/2023\\\/07\\\/logoquebakanenero2021.jpg\",\"contentUrl\":\"https:\\\/\\\/www.quebakan.com\\\/v15\\\/wp-content\\\/uploads\\\/2023\\\/07\\\/logoquebakanenero2021.jpg\",\"width\":1920,\"height\":1080,\"caption\":\"Quebakan.com\"},\"image\":{\"@id\":\"https:\\\/\\\/www.quebakan.com\\\/v15\\\/#\\\/schema\\\/logo\\\/image\\\/\"},\"sameAs\":[\"http:\\\/\\\/www.facebook.com\\\/quebakan\",\"https:\\\/\\\/x.com\\\/quebakanec\",\"http:\\\/\\\/www.instagram.com\\\/quebakan\",\"http:\\\/\\\/www.youtube.com\\\/quebakan1\"]},{\"@type\":\"Person\",\"@id\":\"https:\\\/\\\/www.quebakan.com\\\/v15\\\/#\\\/schema\\\/person\\\/d90fa9f9cfa81eb8ace9811e5b7b9118\",\"name\":\"Erick Villafuerte\",\"image\":{\"@type\":\"ImageObject\",\"inLanguage\":\"es\",\"@id\":\"https:\\\/\\\/www.quebakan.com\\\/v15\\\/wp-content\\\/uploads\\\/avatars\\\/4\\\/1731297654-bpfull.png\",\"url\":\"https:\\\/\\\/www.quebakan.com\\\/v15\\\/wp-content\\\/uploads\\\/avatars\\\/4\\\/1731297654-bpfull.png\",\"contentUrl\":\"https:\\\/\\\/www.quebakan.com\\\/v15\\\/wp-content\\\/uploads\\\/avatars\\\/4\\\/1731297654-bpfull.png\",\"caption\":\"Erick Villafuerte\"}}]}<\/script>\n<!-- \/ Yoast SEO plugin. -->","yoast_head_json":{"title":"GAES REALIZ\u00d3 M\u00c1S DE 1.600 HORAS DE FORMACI\u00d3N PARA SUS EMPLEADOS EN 2023 &#8211; QUEBAKAN.COM 2026: Noticias, Eventos, Conciertos y mucho m\u00e1s....","robots":{"index":"index","follow":"follow","max-snippet":"max-snippet:-1","max-image-preview":"max-image-preview:large","max-video-preview":"max-video-preview:-1"},"canonical":"https:\/\/www.quebakan.com\/v15\/gaes-realizo-mas-de-1-600-horas-de-formacion-para-sus-empleados-en-2023\/","og_locale":"es_ES","og_type":"article","og_title":"GAES REALIZ\u00d3 M\u00c1S DE 1.600 HORAS DE FORMACI\u00d3N PARA SUS EMPLEADOS EN 2023 &#8211; QUEBAKAN.COM 2026: Noticias, Eventos, Conciertos y mucho m\u00e1s....","og_description":"Pie de foto: Equipo GAES LOS PROCESOS DE CAPACITACI\u00d3N SE DESARROLLARON EN LAS MODALIDADES PRESENCIALES Y VIRTUALES EN LA PLATAFORMA AMPLI-ACADEMY, FORTALECIENDO CONOCIMIENTOS T\u00c9CNICOS Y HABILIDADES BLANDAS. UN TOTAL DE 93 EMPLEADOS SE BENEFICIARON DE LA FORMACI\u00d3N, REFORZANDO LA CALIDAD DEL SERVICIO Y LA SATISFACCI\u00d3N DEL CLIENTE. (Quito, Ecuador), diciembre 2023.- GAES , una marca [&hellip;]","og_url":"https:\/\/www.quebakan.com\/v15\/gaes-realizo-mas-de-1-600-horas-de-formacion-para-sus-empleados-en-2023\/","og_site_name":"QUEBAKAN.COM 2026: Noticias, Eventos, Conciertos y mucho m\u00e1s....","article_publisher":"http:\/\/www.facebook.com\/quebakan","article_published_time":"2023-12-28T07:13:04+00:00","og_image":[{"width":700,"height":360,"url":"https:\/\/www.quebakan.com\/v15\/wp-content\/uploads\/2023\/12\/kick-off.jpg","type":"image\/jpeg"}],"author":"Erick Villafuerte","twitter_card":"summary_large_image","twitter_creator":"@quebakanec","twitter_site":"@quebakanec","twitter_misc":{"Escrito por":"Erick Villafuerte","Tiempo de lectura":"3 minutos"},"schema":{"@context":"https:\/\/schema.org","@graph":[{"@type":"Article","@id":"https:\/\/www.quebakan.com\/v15\/gaes-realizo-mas-de-1-600-horas-de-formacion-para-sus-empleados-en-2023\/#article","isPartOf":{"@id":"https:\/\/www.quebakan.com\/v15\/gaes-realizo-mas-de-1-600-horas-de-formacion-para-sus-empleados-en-2023\/"},"author":{"name":"Erick Villafuerte","@id":"https:\/\/www.quebakan.com\/v15\/#\/schema\/person\/d90fa9f9cfa81eb8ace9811e5b7b9118"},"headline":"GAES REALIZ\u00d3 M\u00c1S DE 1.600 HORAS DE FORMACI\u00d3N PARA SUS EMPLEADOS EN 2023","datePublished":"2023-12-28T07:13:04+00:00","mainEntityOfPage":{"@id":"https:\/\/www.quebakan.com\/v15\/gaes-realizo-mas-de-1-600-horas-de-formacion-para-sus-empleados-en-2023\/"},"wordCount":466,"commentCount":0,"publisher":{"@id":"https:\/\/www.quebakan.com\/v15\/#organization"},"image":{"@id":"https:\/\/www.quebakan.com\/v15\/gaes-realizo-mas-de-1-600-horas-de-formacion-para-sus-empleados-en-2023\/#primaryimage"},"thumbnailUrl":"https:\/\/www.quebakan.com\/v15\/wp-content\/uploads\/2023\/12\/kick-off.jpg","articleSection":["Noticias"],"inLanguage":"es"},{"@type":"WebPage","@id":"https:\/\/www.quebakan.com\/v15\/gaes-realizo-mas-de-1-600-horas-de-formacion-para-sus-empleados-en-2023\/","url":"https:\/\/www.quebakan.com\/v15\/gaes-realizo-mas-de-1-600-horas-de-formacion-para-sus-empleados-en-2023\/","name":"GAES REALIZ\u00d3 M\u00c1S DE 1.600 HORAS DE FORMACI\u00d3N PARA SUS EMPLEADOS EN 2023 &#8211; QUEBAKAN.COM 2026: Noticias, Eventos, Conciertos y mucho m\u00e1s....","isPartOf":{"@id":"https:\/\/www.quebakan.com\/v15\/#website"},"primaryImageOfPage":{"@id":"https:\/\/www.quebakan.com\/v15\/gaes-realizo-mas-de-1-600-horas-de-formacion-para-sus-empleados-en-2023\/#primaryimage"},"image":{"@id":"https:\/\/www.quebakan.com\/v15\/gaes-realizo-mas-de-1-600-horas-de-formacion-para-sus-empleados-en-2023\/#primaryimage"},"thumbnailUrl":"https:\/\/www.quebakan.com\/v15\/wp-content\/uploads\/2023\/12\/kick-off.jpg","datePublished":"2023-12-28T07:13:04+00:00","breadcrumb":{"@id":"https:\/\/www.quebakan.com\/v15\/gaes-realizo-mas-de-1-600-horas-de-formacion-para-sus-empleados-en-2023\/#breadcrumb"},"inLanguage":"es","potentialAction":[{"@type":"ReadAction","target":["https:\/\/www.quebakan.com\/v15\/gaes-realizo-mas-de-1-600-horas-de-formacion-para-sus-empleados-en-2023\/"]}]},{"@type":"ImageObject","inLanguage":"es","@id":"https:\/\/www.quebakan.com\/v15\/gaes-realizo-mas-de-1-600-horas-de-formacion-para-sus-empleados-en-2023\/#primaryimage","url":"https:\/\/www.quebakan.com\/v15\/wp-content\/uploads\/2023\/12\/kick-off.jpg","contentUrl":"https:\/\/www.quebakan.com\/v15\/wp-content\/uploads\/2023\/12\/kick-off.jpg","width":700,"height":360},{"@type":"BreadcrumbList","@id":"https:\/\/www.quebakan.com\/v15\/gaes-realizo-mas-de-1-600-horas-de-formacion-para-sus-empleados-en-2023\/#breadcrumb","itemListElement":[{"@type":"ListItem","position":1,"name":"Portada","item":"https:\/\/www.quebakan.com\/v15\/"},{"@type":"ListItem","position":2,"name":"GAES REALIZ\u00d3 M\u00c1S DE 1.600 HORAS DE FORMACI\u00d3N PARA SUS EMPLEADOS EN 2023"}]},{"@type":"WebSite","@id":"https:\/\/www.quebakan.com\/v15\/#website","url":"https:\/\/www.quebakan.com\/v15\/","name":"QUEBAKAN","description":"..","publisher":{"@id":"https:\/\/www.quebakan.com\/v15\/#organization"},"potentialAction":[{"@type":"SearchAction","target":{"@type":"EntryPoint","urlTemplate":"https:\/\/www.quebakan.com\/v15\/?s={search_term_string}"},"query-input":{"@type":"PropertyValueSpecification","valueRequired":true,"valueName":"search_term_string"}}],"inLanguage":"es"},{"@type":"Organization","@id":"https:\/\/www.quebakan.com\/v15\/#organization","name":"Quebakan.com","url":"https:\/\/www.quebakan.com\/v15\/","logo":{"@type":"ImageObject","inLanguage":"es","@id":"https:\/\/www.quebakan.com\/v15\/#\/schema\/logo\/image\/","url":"https:\/\/www.quebakan.com\/v15\/wp-content\/uploads\/2023\/07\/logoquebakanenero2021.jpg","contentUrl":"https:\/\/www.quebakan.com\/v15\/wp-content\/uploads\/2023\/07\/logoquebakanenero2021.jpg","width":1920,"height":1080,"caption":"Quebakan.com"},"image":{"@id":"https:\/\/www.quebakan.com\/v15\/#\/schema\/logo\/image\/"},"sameAs":["http:\/\/www.facebook.com\/quebakan","https:\/\/x.com\/quebakanec","http:\/\/www.instagram.com\/quebakan","http:\/\/www.youtube.com\/quebakan1"]},{"@type":"Person","@id":"https:\/\/www.quebakan.com\/v15\/#\/schema\/person\/d90fa9f9cfa81eb8ace9811e5b7b9118","name":"Erick Villafuerte","image":{"@type":"ImageObject","inLanguage":"es","@id":"https:\/\/www.quebakan.com\/v15\/wp-content\/uploads\/avatars\/4\/1731297654-bpfull.png","url":"https:\/\/www.quebakan.com\/v15\/wp-content\/uploads\/avatars\/4\/1731297654-bpfull.png","contentUrl":"https:\/\/www.quebakan.com\/v15\/wp-content\/uploads\/avatars\/4\/1731297654-bpfull.png","caption":"Erick Villafuerte"}}]}},"_links":{"self":[{"href":"https:\/\/www.quebakan.com\/v15\/wp-json\/wp\/v2\/posts\/115263","targetHints":{"allow":["GET"]}}],"collection":[{"href":"https:\/\/www.quebakan.com\/v15\/wp-json\/wp\/v2\/posts"}],"about":[{"href":"https:\/\/www.quebakan.com\/v15\/wp-json\/wp\/v2\/types\/post"}],"author":[{"embeddable":true,"href":"https:\/\/www.quebakan.com\/v15\/wp-json\/wp\/v2\/users\/4"}],"replies":[{"embeddable":true,"href":"https:\/\/www.quebakan.com\/v15\/wp-json\/wp\/v2\/comments?post=115263"}],"version-history":[{"count":1,"href":"https:\/\/www.quebakan.com\/v15\/wp-json\/wp\/v2\/posts\/115263\/revisions"}],"predecessor-version":[{"id":115265,"href":"https:\/\/www.quebakan.com\/v15\/wp-json\/wp\/v2\/posts\/115263\/revisions\/115265"}],"wp:featuredmedia":[{"embeddable":true,"href":"https:\/\/www.quebakan.com\/v15\/wp-json\/wp\/v2\/media\/115264"}],"wp:attachment":[{"href":"https:\/\/www.quebakan.com\/v15\/wp-json\/wp\/v2\/media?parent=115263"}],"wp:term":[{"taxonomy":"category","embeddable":true,"href":"https:\/\/www.quebakan.com\/v15\/wp-json\/wp\/v2\/categories?post=115263"},{"taxonomy":"post_tag","embeddable":true,"href":"https:\/\/www.quebakan.com\/v15\/wp-json\/wp\/v2\/tags?post=115263"}],"curies":[{"name":"wp","href":"https:\/\/api.w.org\/{rel}","templated":true}]}}