{"id":115267,"date":"2023-12-28T20:51:04","date_gmt":"2023-12-29T01:51:04","guid":{"rendered":"https:\/\/www.quebakan.com\/v15\/?p=115267"},"modified":"2024-01-02T22:02:24","modified_gmt":"2024-01-03T03:02:24","slug":"llego-la-rosca-de-reyes-a-sweetcoffee","status":"publish","type":"post","link":"https:\/\/www.quebakan.com\/v15\/llego-la-rosca-de-reyes-a-sweetcoffee\/","title":{"rendered":"\u00a1Lleg\u00f3 la Rosca de Reyes a Sweet&#038;Coffee\u00ae!"},"content":{"rendered":"<p><img fetchpriority=\"high\" decoding=\"async\" class=\"aligncenter size-full wp-image-115268\" src=\"https:\/\/www.quebakan.com\/v15\/wp-content\/uploads\/2023\/12\/Rosca-de-Reyes-SC-2023.jpeg\" alt=\"\" width=\"357\" height=\"590\" \/><\/p>\n<ul>\n<li style=\"text-align: justify;\"><span style=\"color: #000000;\"><strong><em>Para conmemorar <\/em><\/strong><strong><em>el d\u00eda de Los Reyes Magos, La Rosca de Reyes de Sweet&amp;Coffee\u00ae estar\u00e1 disponible en todos los locales a nivel nacional, adem\u00e1s los clientes podr\u00e1n descubrir sorpresas en su empaque.<\/em><\/strong><\/span><\/li>\n<\/ul>\n<p style=\"text-align: justify;\"><span style=\"color: #000000;\"><strong>Ecuador, diciembre 2023.<\/strong>&#8211; Para celebrar el tradicional d\u00eda de Los Reyes Magos, a partir del 28 de diciembre en locales Costa, y desde el 3 de enero en locales Sierra, los clientes podr\u00e1n deleitarse con nuestra Rosca de Reyes; disponible en todos los locales de <strong><em>Sweet&amp;Coffee<\/em>\u00ae <\/strong>hasta agotar stock; esta \u00e9poca se presenta como una buena oportunidad para compartir m\u00e1s momentos con nuestros seres queridos, y por supuesto una ocasi\u00f3n perfecta para disfrutar de postres tradicionales y deliciosos para acompa\u00f1ar estas reuniones.<\/span><\/p>\n<p style=\"text-align: justify;\"><span style=\"color: #000000;\">La Rosca de Reyes de <strong><em>Sweet&amp;Coffee\u00ae<\/em><\/strong> est\u00e1 rellena de dulce de leche, gotas de chocolate y nueces; decorada con higos y cerezas. Adem\u00e1s, trae m\u00e1s sorpresas: en el interior de su empaque, podr\u00e1n encontrar raspaditas con las que podr\u00e1n obtener a $100 y $50 en efectivo y $10 en consumo <strong><em>Sweet&amp;Coffee\u00ae<\/em><\/strong>. Dicho beneficio se podr\u00e1 canjear hasta el 06 de febrero de 2024.<\/span><\/p>\n<p style=\"text-align: justify;\"><span style=\"color: #000000;\"><em>\u201cLa Rosca de Reyes es un dulce tradicional para celebrar el d\u00eda de Los Reyes Magos, pensando siempre en nuestros clientes y sus preferencias, desarrollamos recetas innovadoras de postres artesanales con alto est\u00e1ndares de la calidad; en esta ocasi\u00f3n nuestra Rosca de Reyes tendr\u00e1 un relleno dulce de leche, gotas de chocolate y nueces, decorada con higos y cerezas; as\u00ed mismo podr\u00e1s disfrutarla con manjar Toni de 50g para que puedan agregarle acorde al gusto. Tambi\u00e9n nuestros #Sweet&amp;CoffeLovers<\/em> <em>podr\u00e1n encontrar las tradicionales raspaditas premiadas en el interior del empaque<\/em><strong>\u201d comenta Kic- Ling Le\u00f3n, gerente de marketing de <\/strong><strong>Sweet&amp;Coffee\u00ae. <\/strong><\/span><\/p>\n<p style=\"text-align: justify;\"><span style=\"color: #000000;\"><strong><em>Sweet&amp;Coffee\u00ae<\/em><\/strong> siempre acompa\u00f1a tus mejores momentos; en esta ocasi\u00f3n te invita a disfrutar de la Rosca de Reyes, disponible en 139 locales <em>S<\/em><strong><em>weet&amp;Coffee<\/em><\/strong><strong><em>\u00ae<\/em><\/strong> a nivel nacional.<\/span><\/p>\n<p><img decoding=\"async\" class=\"aligncenter size-full wp-image-115321\" src=\"https:\/\/www.quebakan.com\/v15\/wp-content\/uploads\/2023\/12\/Rosca-de-Reyes-2023_SC.jpg\" alt=\"\" width=\"642\" height=\"700\" \/><\/p>\n","protected":false},"excerpt":{"rendered":"<p>Para conmemorar el d\u00eda de Los Reyes Magos, La Rosca de Reyes de Sweet&amp;Coffee\u00ae estar\u00e1 disponible en todos los locales a nivel nacional, adem\u00e1s los clientes podr\u00e1n descubrir sorpresas en su empaque. Ecuador, diciembre 2023.&#8211; Para celebrar el tradicional d\u00eda de Los Reyes Magos, a partir del 28 de diciembre en locales Costa, y desde [&hellip;]<\/p>\n","protected":false},"author":4,"featured_media":115268,"comment_status":"open","ping_status":"open","sticky":false,"template":"","format":"standard","meta":{"_bbp_topic_count":0,"_bbp_reply_count":0,"_bbp_total_topic_count":0,"_bbp_total_reply_count":0,"_bbp_voice_count":0,"_bbp_anonymous_reply_count":0,"_bbp_topic_count_hidden":0,"_bbp_reply_count_hidden":0,"_bbp_forum_subforum_count":0,"buzzeditor_post_format":"","footnotes":""},"categories":[2],"tags":[],"class_list":["post-115267","post","type-post","status-publish","format-standard","has-post-thumbnail","hentry","category-noticias"],"yoast_head":"<!-- This site is optimized with the Yoast SEO plugin v27.5 - https:\/\/yoast.com\/product\/yoast-seo-wordpress\/ -->\n<title>\u00a1Lleg\u00f3 la Rosca de Reyes a Sweet&amp;Coffee\u00ae! &#8211; QUEBAKAN.COM 2026: Noticias, Eventos, Conciertos y mucho m\u00e1s....<\/title>\n<meta name=\"robots\" content=\"index, follow, max-snippet:-1, max-image-preview:large, max-video-preview:-1\" \/>\n<link rel=\"canonical\" href=\"https:\/\/www.quebakan.com\/v15\/llego-la-rosca-de-reyes-a-sweetcoffee\/\" \/>\n<meta property=\"og:locale\" content=\"es_ES\" \/>\n<meta property=\"og:type\" content=\"article\" \/>\n<meta property=\"og:title\" content=\"\u00a1Lleg\u00f3 la Rosca de Reyes a Sweet&amp;Coffee\u00ae! &#8211; QUEBAKAN.COM 2026: Noticias, Eventos, Conciertos y mucho m\u00e1s....\" \/>\n<meta property=\"og:description\" content=\"Para conmemorar el d\u00eda de Los Reyes Magos, La Rosca de Reyes de Sweet&amp;Coffee\u00ae estar\u00e1 disponible en todos los locales a nivel nacional, adem\u00e1s los clientes podr\u00e1n descubrir sorpresas en su empaque. Ecuador, diciembre 2023.&#8211; Para celebrar el tradicional d\u00eda de Los Reyes Magos, a partir del 28 de diciembre en locales Costa, y desde [&hellip;]\" \/>\n<meta property=\"og:url\" content=\"https:\/\/www.quebakan.com\/v15\/llego-la-rosca-de-reyes-a-sweetcoffee\/\" \/>\n<meta property=\"og:site_name\" content=\"QUEBAKAN.COM 2026: Noticias, Eventos, Conciertos y mucho m\u00e1s....\" \/>\n<meta property=\"article:publisher\" content=\"http:\/\/www.facebook.com\/quebakan\" \/>\n<meta property=\"article:published_time\" content=\"2023-12-29T01:51:04+00:00\" \/>\n<meta property=\"article:modified_time\" content=\"2024-01-03T03:02:24+00:00\" \/>\n<meta property=\"og:image\" content=\"https:\/\/www.quebakan.com\/v15\/wp-content\/uploads\/2023\/12\/Rosca-de-Reyes-SC-2023.jpeg\" \/>\n\t<meta property=\"og:image:width\" content=\"357\" \/>\n\t<meta property=\"og:image:height\" content=\"590\" \/>\n\t<meta property=\"og:image:type\" content=\"image\/jpeg\" \/>\n<meta name=\"author\" content=\"Erick Villafuerte\" \/>\n<meta name=\"twitter:card\" content=\"summary_large_image\" \/>\n<meta name=\"twitter:creator\" content=\"@quebakanec\" \/>\n<meta name=\"twitter:site\" content=\"@quebakanec\" \/>\n<meta name=\"twitter:label1\" content=\"Escrito por\" \/>\n\t<meta name=\"twitter:data1\" content=\"Erick Villafuerte\" \/>\n\t<meta name=\"twitter:label2\" content=\"Tiempo de lectura\" \/>\n\t<meta name=\"twitter:data2\" content=\"2 minutos\" \/>\n<script type=\"application\/ld+json\" class=\"yoast-schema-graph\">{\"@context\":\"https:\\\/\\\/schema.org\",\"@graph\":[{\"@type\":\"Article\",\"@id\":\"https:\\\/\\\/www.quebakan.com\\\/v15\\\/llego-la-rosca-de-reyes-a-sweetcoffee\\\/#article\",\"isPartOf\":{\"@id\":\"https:\\\/\\\/www.quebakan.com\\\/v15\\\/llego-la-rosca-de-reyes-a-sweetcoffee\\\/\"},\"author\":{\"name\":\"Erick Villafuerte\",\"@id\":\"https:\\\/\\\/www.quebakan.com\\\/v15\\\/#\\\/schema\\\/person\\\/d90fa9f9cfa81eb8ace9811e5b7b9118\"},\"headline\":\"\u00a1Lleg\u00f3 la Rosca de Reyes a Sweet&#038;Coffee\u00ae!\",\"datePublished\":\"2023-12-29T01:51:04+00:00\",\"dateModified\":\"2024-01-03T03:02:24+00:00\",\"mainEntityOfPage\":{\"@id\":\"https:\\\/\\\/www.quebakan.com\\\/v15\\\/llego-la-rosca-de-reyes-a-sweetcoffee\\\/\"},\"wordCount\":339,\"commentCount\":0,\"publisher\":{\"@id\":\"https:\\\/\\\/www.quebakan.com\\\/v15\\\/#organization\"},\"image\":{\"@id\":\"https:\\\/\\\/www.quebakan.com\\\/v15\\\/llego-la-rosca-de-reyes-a-sweetcoffee\\\/#primaryimage\"},\"thumbnailUrl\":\"https:\\\/\\\/www.quebakan.com\\\/v15\\\/wp-content\\\/uploads\\\/2023\\\/12\\\/Rosca-de-Reyes-SC-2023.jpeg\",\"articleSection\":[\"Noticias\"],\"inLanguage\":\"es\"},{\"@type\":\"WebPage\",\"@id\":\"https:\\\/\\\/www.quebakan.com\\\/v15\\\/llego-la-rosca-de-reyes-a-sweetcoffee\\\/\",\"url\":\"https:\\\/\\\/www.quebakan.com\\\/v15\\\/llego-la-rosca-de-reyes-a-sweetcoffee\\\/\",\"name\":\"\u00a1Lleg\u00f3 la Rosca de Reyes a Sweet&Coffee\u00ae! &#8211; QUEBAKAN.COM 2026: Noticias, Eventos, Conciertos y mucho m\u00e1s....\",\"isPartOf\":{\"@id\":\"https:\\\/\\\/www.quebakan.com\\\/v15\\\/#website\"},\"primaryImageOfPage\":{\"@id\":\"https:\\\/\\\/www.quebakan.com\\\/v15\\\/llego-la-rosca-de-reyes-a-sweetcoffee\\\/#primaryimage\"},\"image\":{\"@id\":\"https:\\\/\\\/www.quebakan.com\\\/v15\\\/llego-la-rosca-de-reyes-a-sweetcoffee\\\/#primaryimage\"},\"thumbnailUrl\":\"https:\\\/\\\/www.quebakan.com\\\/v15\\\/wp-content\\\/uploads\\\/2023\\\/12\\\/Rosca-de-Reyes-SC-2023.jpeg\",\"datePublished\":\"2023-12-29T01:51:04+00:00\",\"dateModified\":\"2024-01-03T03:02:24+00:00\",\"breadcrumb\":{\"@id\":\"https:\\\/\\\/www.quebakan.com\\\/v15\\\/llego-la-rosca-de-reyes-a-sweetcoffee\\\/#breadcrumb\"},\"inLanguage\":\"es\",\"potentialAction\":[{\"@type\":\"ReadAction\",\"target\":[\"https:\\\/\\\/www.quebakan.com\\\/v15\\\/llego-la-rosca-de-reyes-a-sweetcoffee\\\/\"]}]},{\"@type\":\"ImageObject\",\"inLanguage\":\"es\",\"@id\":\"https:\\\/\\\/www.quebakan.com\\\/v15\\\/llego-la-rosca-de-reyes-a-sweetcoffee\\\/#primaryimage\",\"url\":\"https:\\\/\\\/www.quebakan.com\\\/v15\\\/wp-content\\\/uploads\\\/2023\\\/12\\\/Rosca-de-Reyes-SC-2023.jpeg\",\"contentUrl\":\"https:\\\/\\\/www.quebakan.com\\\/v15\\\/wp-content\\\/uploads\\\/2023\\\/12\\\/Rosca-de-Reyes-SC-2023.jpeg\",\"width\":357,\"height\":590},{\"@type\":\"BreadcrumbList\",\"@id\":\"https:\\\/\\\/www.quebakan.com\\\/v15\\\/llego-la-rosca-de-reyes-a-sweetcoffee\\\/#breadcrumb\",\"itemListElement\":[{\"@type\":\"ListItem\",\"position\":1,\"name\":\"Portada\",\"item\":\"https:\\\/\\\/www.quebakan.com\\\/v15\\\/\"},{\"@type\":\"ListItem\",\"position\":2,\"name\":\"\u00a1Lleg\u00f3 la Rosca de Reyes a Sweet&#038;Coffee\u00ae!\"}]},{\"@type\":\"WebSite\",\"@id\":\"https:\\\/\\\/www.quebakan.com\\\/v15\\\/#website\",\"url\":\"https:\\\/\\\/www.quebakan.com\\\/v15\\\/\",\"name\":\"QUEBAKAN\",\"description\":\"..\",\"publisher\":{\"@id\":\"https:\\\/\\\/www.quebakan.com\\\/v15\\\/#organization\"},\"potentialAction\":[{\"@type\":\"SearchAction\",\"target\":{\"@type\":\"EntryPoint\",\"urlTemplate\":\"https:\\\/\\\/www.quebakan.com\\\/v15\\\/?s={search_term_string}\"},\"query-input\":{\"@type\":\"PropertyValueSpecification\",\"valueRequired\":true,\"valueName\":\"search_term_string\"}}],\"inLanguage\":\"es\"},{\"@type\":\"Organization\",\"@id\":\"https:\\\/\\\/www.quebakan.com\\\/v15\\\/#organization\",\"name\":\"Quebakan.com\",\"url\":\"https:\\\/\\\/www.quebakan.com\\\/v15\\\/\",\"logo\":{\"@type\":\"ImageObject\",\"inLanguage\":\"es\",\"@id\":\"https:\\\/\\\/www.quebakan.com\\\/v15\\\/#\\\/schema\\\/logo\\\/image\\\/\",\"url\":\"https:\\\/\\\/www.quebakan.com\\\/v15\\\/wp-content\\\/uploads\\\/2023\\\/07\\\/logoquebakanenero2021.jpg\",\"contentUrl\":\"https:\\\/\\\/www.quebakan.com\\\/v15\\\/wp-content\\\/uploads\\\/2023\\\/07\\\/logoquebakanenero2021.jpg\",\"width\":1920,\"height\":1080,\"caption\":\"Quebakan.com\"},\"image\":{\"@id\":\"https:\\\/\\\/www.quebakan.com\\\/v15\\\/#\\\/schema\\\/logo\\\/image\\\/\"},\"sameAs\":[\"http:\\\/\\\/www.facebook.com\\\/quebakan\",\"https:\\\/\\\/x.com\\\/quebakanec\",\"http:\\\/\\\/www.instagram.com\\\/quebakan\",\"http:\\\/\\\/www.youtube.com\\\/quebakan1\"]},{\"@type\":\"Person\",\"@id\":\"https:\\\/\\\/www.quebakan.com\\\/v15\\\/#\\\/schema\\\/person\\\/d90fa9f9cfa81eb8ace9811e5b7b9118\",\"name\":\"Erick Villafuerte\",\"image\":{\"@type\":\"ImageObject\",\"inLanguage\":\"es\",\"@id\":\"https:\\\/\\\/www.quebakan.com\\\/v15\\\/wp-content\\\/uploads\\\/avatars\\\/4\\\/1731297654-bpfull.png\",\"url\":\"https:\\\/\\\/www.quebakan.com\\\/v15\\\/wp-content\\\/uploads\\\/avatars\\\/4\\\/1731297654-bpfull.png\",\"contentUrl\":\"https:\\\/\\\/www.quebakan.com\\\/v15\\\/wp-content\\\/uploads\\\/avatars\\\/4\\\/1731297654-bpfull.png\",\"caption\":\"Erick Villafuerte\"}}]}<\/script>\n<!-- \/ Yoast SEO plugin. -->","yoast_head_json":{"title":"\u00a1Lleg\u00f3 la Rosca de Reyes a Sweet&Coffee\u00ae! &#8211; QUEBAKAN.COM 2026: Noticias, Eventos, Conciertos y mucho m\u00e1s....","robots":{"index":"index","follow":"follow","max-snippet":"max-snippet:-1","max-image-preview":"max-image-preview:large","max-video-preview":"max-video-preview:-1"},"canonical":"https:\/\/www.quebakan.com\/v15\/llego-la-rosca-de-reyes-a-sweetcoffee\/","og_locale":"es_ES","og_type":"article","og_title":"\u00a1Lleg\u00f3 la Rosca de Reyes a Sweet&Coffee\u00ae! &#8211; QUEBAKAN.COM 2026: Noticias, Eventos, Conciertos y mucho m\u00e1s....","og_description":"Para conmemorar el d\u00eda de Los Reyes Magos, La Rosca de Reyes de Sweet&amp;Coffee\u00ae estar\u00e1 disponible en todos los locales a nivel nacional, adem\u00e1s los clientes podr\u00e1n descubrir sorpresas en su empaque. Ecuador, diciembre 2023.&#8211; Para celebrar el tradicional d\u00eda de Los Reyes Magos, a partir del 28 de diciembre en locales Costa, y desde [&hellip;]","og_url":"https:\/\/www.quebakan.com\/v15\/llego-la-rosca-de-reyes-a-sweetcoffee\/","og_site_name":"QUEBAKAN.COM 2026: Noticias, Eventos, Conciertos y mucho m\u00e1s....","article_publisher":"http:\/\/www.facebook.com\/quebakan","article_published_time":"2023-12-29T01:51:04+00:00","article_modified_time":"2024-01-03T03:02:24+00:00","og_image":[{"width":357,"height":590,"url":"https:\/\/www.quebakan.com\/v15\/wp-content\/uploads\/2023\/12\/Rosca-de-Reyes-SC-2023.jpeg","type":"image\/jpeg"}],"author":"Erick Villafuerte","twitter_card":"summary_large_image","twitter_creator":"@quebakanec","twitter_site":"@quebakanec","twitter_misc":{"Escrito por":"Erick Villafuerte","Tiempo de lectura":"2 minutos"},"schema":{"@context":"https:\/\/schema.org","@graph":[{"@type":"Article","@id":"https:\/\/www.quebakan.com\/v15\/llego-la-rosca-de-reyes-a-sweetcoffee\/#article","isPartOf":{"@id":"https:\/\/www.quebakan.com\/v15\/llego-la-rosca-de-reyes-a-sweetcoffee\/"},"author":{"name":"Erick Villafuerte","@id":"https:\/\/www.quebakan.com\/v15\/#\/schema\/person\/d90fa9f9cfa81eb8ace9811e5b7b9118"},"headline":"\u00a1Lleg\u00f3 la Rosca de Reyes a Sweet&#038;Coffee\u00ae!","datePublished":"2023-12-29T01:51:04+00:00","dateModified":"2024-01-03T03:02:24+00:00","mainEntityOfPage":{"@id":"https:\/\/www.quebakan.com\/v15\/llego-la-rosca-de-reyes-a-sweetcoffee\/"},"wordCount":339,"commentCount":0,"publisher":{"@id":"https:\/\/www.quebakan.com\/v15\/#organization"},"image":{"@id":"https:\/\/www.quebakan.com\/v15\/llego-la-rosca-de-reyes-a-sweetcoffee\/#primaryimage"},"thumbnailUrl":"https:\/\/www.quebakan.com\/v15\/wp-content\/uploads\/2023\/12\/Rosca-de-Reyes-SC-2023.jpeg","articleSection":["Noticias"],"inLanguage":"es"},{"@type":"WebPage","@id":"https:\/\/www.quebakan.com\/v15\/llego-la-rosca-de-reyes-a-sweetcoffee\/","url":"https:\/\/www.quebakan.com\/v15\/llego-la-rosca-de-reyes-a-sweetcoffee\/","name":"\u00a1Lleg\u00f3 la Rosca de Reyes a Sweet&Coffee\u00ae! &#8211; QUEBAKAN.COM 2026: Noticias, Eventos, Conciertos y mucho m\u00e1s....","isPartOf":{"@id":"https:\/\/www.quebakan.com\/v15\/#website"},"primaryImageOfPage":{"@id":"https:\/\/www.quebakan.com\/v15\/llego-la-rosca-de-reyes-a-sweetcoffee\/#primaryimage"},"image":{"@id":"https:\/\/www.quebakan.com\/v15\/llego-la-rosca-de-reyes-a-sweetcoffee\/#primaryimage"},"thumbnailUrl":"https:\/\/www.quebakan.com\/v15\/wp-content\/uploads\/2023\/12\/Rosca-de-Reyes-SC-2023.jpeg","datePublished":"2023-12-29T01:51:04+00:00","dateModified":"2024-01-03T03:02:24+00:00","breadcrumb":{"@id":"https:\/\/www.quebakan.com\/v15\/llego-la-rosca-de-reyes-a-sweetcoffee\/#breadcrumb"},"inLanguage":"es","potentialAction":[{"@type":"ReadAction","target":["https:\/\/www.quebakan.com\/v15\/llego-la-rosca-de-reyes-a-sweetcoffee\/"]}]},{"@type":"ImageObject","inLanguage":"es","@id":"https:\/\/www.quebakan.com\/v15\/llego-la-rosca-de-reyes-a-sweetcoffee\/#primaryimage","url":"https:\/\/www.quebakan.com\/v15\/wp-content\/uploads\/2023\/12\/Rosca-de-Reyes-SC-2023.jpeg","contentUrl":"https:\/\/www.quebakan.com\/v15\/wp-content\/uploads\/2023\/12\/Rosca-de-Reyes-SC-2023.jpeg","width":357,"height":590},{"@type":"BreadcrumbList","@id":"https:\/\/www.quebakan.com\/v15\/llego-la-rosca-de-reyes-a-sweetcoffee\/#breadcrumb","itemListElement":[{"@type":"ListItem","position":1,"name":"Portada","item":"https:\/\/www.quebakan.com\/v15\/"},{"@type":"ListItem","position":2,"name":"\u00a1Lleg\u00f3 la Rosca de Reyes a Sweet&#038;Coffee\u00ae!"}]},{"@type":"WebSite","@id":"https:\/\/www.quebakan.com\/v15\/#website","url":"https:\/\/www.quebakan.com\/v15\/","name":"QUEBAKAN","description":"..","publisher":{"@id":"https:\/\/www.quebakan.com\/v15\/#organization"},"potentialAction":[{"@type":"SearchAction","target":{"@type":"EntryPoint","urlTemplate":"https:\/\/www.quebakan.com\/v15\/?s={search_term_string}"},"query-input":{"@type":"PropertyValueSpecification","valueRequired":true,"valueName":"search_term_string"}}],"inLanguage":"es"},{"@type":"Organization","@id":"https:\/\/www.quebakan.com\/v15\/#organization","name":"Quebakan.com","url":"https:\/\/www.quebakan.com\/v15\/","logo":{"@type":"ImageObject","inLanguage":"es","@id":"https:\/\/www.quebakan.com\/v15\/#\/schema\/logo\/image\/","url":"https:\/\/www.quebakan.com\/v15\/wp-content\/uploads\/2023\/07\/logoquebakanenero2021.jpg","contentUrl":"https:\/\/www.quebakan.com\/v15\/wp-content\/uploads\/2023\/07\/logoquebakanenero2021.jpg","width":1920,"height":1080,"caption":"Quebakan.com"},"image":{"@id":"https:\/\/www.quebakan.com\/v15\/#\/schema\/logo\/image\/"},"sameAs":["http:\/\/www.facebook.com\/quebakan","https:\/\/x.com\/quebakanec","http:\/\/www.instagram.com\/quebakan","http:\/\/www.youtube.com\/quebakan1"]},{"@type":"Person","@id":"https:\/\/www.quebakan.com\/v15\/#\/schema\/person\/d90fa9f9cfa81eb8ace9811e5b7b9118","name":"Erick Villafuerte","image":{"@type":"ImageObject","inLanguage":"es","@id":"https:\/\/www.quebakan.com\/v15\/wp-content\/uploads\/avatars\/4\/1731297654-bpfull.png","url":"https:\/\/www.quebakan.com\/v15\/wp-content\/uploads\/avatars\/4\/1731297654-bpfull.png","contentUrl":"https:\/\/www.quebakan.com\/v15\/wp-content\/uploads\/avatars\/4\/1731297654-bpfull.png","caption":"Erick Villafuerte"}}]}},"_links":{"self":[{"href":"https:\/\/www.quebakan.com\/v15\/wp-json\/wp\/v2\/posts\/115267","targetHints":{"allow":["GET"]}}],"collection":[{"href":"https:\/\/www.quebakan.com\/v15\/wp-json\/wp\/v2\/posts"}],"about":[{"href":"https:\/\/www.quebakan.com\/v15\/wp-json\/wp\/v2\/types\/post"}],"author":[{"embeddable":true,"href":"https:\/\/www.quebakan.com\/v15\/wp-json\/wp\/v2\/users\/4"}],"replies":[{"embeddable":true,"href":"https:\/\/www.quebakan.com\/v15\/wp-json\/wp\/v2\/comments?post=115267"}],"version-history":[{"count":2,"href":"https:\/\/www.quebakan.com\/v15\/wp-json\/wp\/v2\/posts\/115267\/revisions"}],"predecessor-version":[{"id":115322,"href":"https:\/\/www.quebakan.com\/v15\/wp-json\/wp\/v2\/posts\/115267\/revisions\/115322"}],"wp:featuredmedia":[{"embeddable":true,"href":"https:\/\/www.quebakan.com\/v15\/wp-json\/wp\/v2\/media\/115268"}],"wp:attachment":[{"href":"https:\/\/www.quebakan.com\/v15\/wp-json\/wp\/v2\/media?parent=115267"}],"wp:term":[{"taxonomy":"category","embeddable":true,"href":"https:\/\/www.quebakan.com\/v15\/wp-json\/wp\/v2\/categories?post=115267"},{"taxonomy":"post_tag","embeddable":true,"href":"https:\/\/www.quebakan.com\/v15\/wp-json\/wp\/v2\/tags?post=115267"}],"curies":[{"name":"wp","href":"https:\/\/api.w.org\/{rel}","templated":true}]}}