{"id":115270,"date":"2023-12-28T21:09:19","date_gmt":"2023-12-29T02:09:19","guid":{"rendered":"https:\/\/www.quebakan.com\/v15\/?p=115270"},"modified":"2023-12-28T21:09:19","modified_gmt":"2023-12-29T02:09:19","slug":"papa-noel-visito-las-oficinas-de-latina-seguros-en-navidad","status":"publish","type":"post","link":"https:\/\/www.quebakan.com\/v15\/papa-noel-visito-las-oficinas-de-latina-seguros-en-navidad\/","title":{"rendered":"PAP\u00c1 NOEL VISIT\u00d3 LAS OFICINAS DE LATINA SEGUROS EN NAVIDAD"},"content":{"rendered":"<p style=\"text-align: justify;\"><span style=\"color: #000000;\">Un emotivo momento vivieron los colaboradores de Latina Seguros en d\u00edas pasados al tener una visita muy especial en sus instalaciones.\u00a0 El querido y popular Pap\u00e1 Noel aterriz\u00f3 su trineo en Guayaquil y se dio tiempo para compartir alegr\u00eda, mensajes de uni\u00f3n, villancicos y reflexiones sobre la felicidad que la \u00e9poca despierta en los corazones alrededor del mundo.<\/span><\/p>\n<p style=\"text-align: justify;\"><span style=\"color: #000000;\">As\u00ed, el carism\u00e1tico personaje hizo un inesperado recorrido por las oficinas de la aseguradora, fue captado en fotograf\u00edas, e hizo videos con consejos para ser mejores personas no s\u00f3lo en esta temporada, recordando que la verdadera celebraci\u00f3n es el nacimiento de Jes\u00fas y expresando sus mejores deseos para todos.<\/span><\/p>\n<p style=\"text-align: justify;\"><span style=\"color: #000000;\">De esta manera en Latina Seguros se vivi\u00f3 una tarde inolvidable, en donde se sinti\u00f3 la magia y lo especial que es la Navidad comparti\u00e9ndola tambi\u00e9n entre compa\u00f1eros de trabajo.<\/span><\/p>\n<p><img fetchpriority=\"high\" decoding=\"async\" class=\"aligncenter size-full wp-image-115271\" src=\"https:\/\/www.quebakan.com\/v15\/wp-content\/uploads\/2023\/12\/IMG_5768.jpg\" alt=\"\" width=\"700\" height=\"467\" \/><\/p>\n<p style=\"text-align: center;\"><strong><span style=\"color: #000000;\">Constan en las gr\u00e1ficas: <\/span><\/strong><span style=\"color: #000000;\">Momento de la visita de Pap\u00e1 Noel a Latina Seguros en Guayaquil.<\/span><\/p>\n<p><img decoding=\"async\" class=\"aligncenter size-full wp-image-115272\" src=\"https:\/\/www.quebakan.com\/v15\/wp-content\/uploads\/2023\/12\/IMG_5719.jpg\" alt=\"\" width=\"700\" height=\"467\" \/><\/p>\n","protected":false},"excerpt":{"rendered":"<p>Un emotivo momento vivieron los colaboradores de Latina Seguros en d\u00edas pasados al tener una visita muy especial en sus instalaciones.\u00a0 El querido y popular Pap\u00e1 Noel aterriz\u00f3 su trineo en Guayaquil y se dio tiempo para compartir alegr\u00eda, mensajes de uni\u00f3n, villancicos y reflexiones sobre la felicidad que la \u00e9poca despierta en los corazones [&hellip;]<\/p>\n","protected":false},"author":4,"featured_media":115271,"comment_status":"open","ping_status":"open","sticky":false,"template":"","format":"standard","meta":{"_bbp_topic_count":0,"_bbp_reply_count":0,"_bbp_total_topic_count":0,"_bbp_total_reply_count":0,"_bbp_voice_count":0,"_bbp_anonymous_reply_count":0,"_bbp_topic_count_hidden":0,"_bbp_reply_count_hidden":0,"_bbp_forum_subforum_count":0,"buzzeditor_post_format":"","footnotes":""},"categories":[334],"tags":[],"class_list":["post-115270","post","type-post","status-publish","format-standard","has-post-thumbnail","hentry","category-empresarial"],"yoast_head":"<!-- This site is optimized with the Yoast SEO plugin v27.5 - https:\/\/yoast.com\/product\/yoast-seo-wordpress\/ -->\n<title>PAP\u00c1 NOEL VISIT\u00d3 LAS OFICINAS DE LATINA SEGUROS EN NAVIDAD &#8211; QUEBAKAN.COM 2026: Noticias, Eventos, Conciertos y mucho m\u00e1s....<\/title>\n<meta name=\"robots\" content=\"index, follow, max-snippet:-1, max-image-preview:large, max-video-preview:-1\" \/>\n<link rel=\"canonical\" href=\"https:\/\/www.quebakan.com\/v15\/papa-noel-visito-las-oficinas-de-latina-seguros-en-navidad\/\" \/>\n<meta property=\"og:locale\" content=\"es_ES\" \/>\n<meta property=\"og:type\" content=\"article\" \/>\n<meta property=\"og:title\" content=\"PAP\u00c1 NOEL VISIT\u00d3 LAS OFICINAS DE LATINA SEGUROS EN NAVIDAD &#8211; QUEBAKAN.COM 2026: Noticias, Eventos, Conciertos y mucho m\u00e1s....\" \/>\n<meta property=\"og:description\" content=\"Un emotivo momento vivieron los colaboradores de Latina Seguros en d\u00edas pasados al tener una visita muy especial en sus instalaciones.\u00a0 El querido y popular Pap\u00e1 Noel aterriz\u00f3 su trineo en Guayaquil y se dio tiempo para compartir alegr\u00eda, mensajes de uni\u00f3n, villancicos y reflexiones sobre la felicidad que la \u00e9poca despierta en los corazones [&hellip;]\" \/>\n<meta property=\"og:url\" content=\"https:\/\/www.quebakan.com\/v15\/papa-noel-visito-las-oficinas-de-latina-seguros-en-navidad\/\" \/>\n<meta property=\"og:site_name\" content=\"QUEBAKAN.COM 2026: Noticias, Eventos, Conciertos y mucho m\u00e1s....\" \/>\n<meta property=\"article:publisher\" content=\"http:\/\/www.facebook.com\/quebakan\" \/>\n<meta property=\"article:published_time\" content=\"2023-12-29T02:09:19+00:00\" \/>\n<meta property=\"og:image\" content=\"https:\/\/www.quebakan.com\/v15\/wp-content\/uploads\/2023\/12\/IMG_5768.jpg\" \/>\n\t<meta property=\"og:image:width\" content=\"700\" \/>\n\t<meta property=\"og:image:height\" content=\"467\" \/>\n\t<meta property=\"og:image:type\" content=\"image\/jpeg\" \/>\n<meta name=\"author\" content=\"Erick Villafuerte\" \/>\n<meta name=\"twitter:card\" content=\"summary_large_image\" \/>\n<meta name=\"twitter:creator\" content=\"@quebakanec\" \/>\n<meta name=\"twitter:site\" content=\"@quebakanec\" \/>\n<meta name=\"twitter:label1\" content=\"Escrito por\" \/>\n\t<meta name=\"twitter:data1\" content=\"Erick Villafuerte\" \/>\n\t<meta name=\"twitter:label2\" content=\"Tiempo de lectura\" \/>\n\t<meta name=\"twitter:data2\" content=\"2 minutos\" \/>\n<script type=\"application\/ld+json\" class=\"yoast-schema-graph\">{\"@context\":\"https:\\\/\\\/schema.org\",\"@graph\":[{\"@type\":\"Article\",\"@id\":\"https:\\\/\\\/www.quebakan.com\\\/v15\\\/papa-noel-visito-las-oficinas-de-latina-seguros-en-navidad\\\/#article\",\"isPartOf\":{\"@id\":\"https:\\\/\\\/www.quebakan.com\\\/v15\\\/papa-noel-visito-las-oficinas-de-latina-seguros-en-navidad\\\/\"},\"author\":{\"name\":\"Erick Villafuerte\",\"@id\":\"https:\\\/\\\/www.quebakan.com\\\/v15\\\/#\\\/schema\\\/person\\\/d90fa9f9cfa81eb8ace9811e5b7b9118\"},\"headline\":\"PAP\u00c1 NOEL VISIT\u00d3 LAS OFICINAS DE LATINA SEGUROS EN NAVIDAD\",\"datePublished\":\"2023-12-29T02:09:19+00:00\",\"mainEntityOfPage\":{\"@id\":\"https:\\\/\\\/www.quebakan.com\\\/v15\\\/papa-noel-visito-las-oficinas-de-latina-seguros-en-navidad\\\/\"},\"wordCount\":175,\"commentCount\":0,\"publisher\":{\"@id\":\"https:\\\/\\\/www.quebakan.com\\\/v15\\\/#organization\"},\"image\":{\"@id\":\"https:\\\/\\\/www.quebakan.com\\\/v15\\\/papa-noel-visito-las-oficinas-de-latina-seguros-en-navidad\\\/#primaryimage\"},\"thumbnailUrl\":\"https:\\\/\\\/www.quebakan.com\\\/v15\\\/wp-content\\\/uploads\\\/2023\\\/12\\\/IMG_5768.jpg\",\"articleSection\":[\"Empresarial\"],\"inLanguage\":\"es\"},{\"@type\":\"WebPage\",\"@id\":\"https:\\\/\\\/www.quebakan.com\\\/v15\\\/papa-noel-visito-las-oficinas-de-latina-seguros-en-navidad\\\/\",\"url\":\"https:\\\/\\\/www.quebakan.com\\\/v15\\\/papa-noel-visito-las-oficinas-de-latina-seguros-en-navidad\\\/\",\"name\":\"PAP\u00c1 NOEL VISIT\u00d3 LAS OFICINAS DE LATINA SEGUROS EN NAVIDAD &#8211; QUEBAKAN.COM 2026: Noticias, Eventos, Conciertos y mucho m\u00e1s....\",\"isPartOf\":{\"@id\":\"https:\\\/\\\/www.quebakan.com\\\/v15\\\/#website\"},\"primaryImageOfPage\":{\"@id\":\"https:\\\/\\\/www.quebakan.com\\\/v15\\\/papa-noel-visito-las-oficinas-de-latina-seguros-en-navidad\\\/#primaryimage\"},\"image\":{\"@id\":\"https:\\\/\\\/www.quebakan.com\\\/v15\\\/papa-noel-visito-las-oficinas-de-latina-seguros-en-navidad\\\/#primaryimage\"},\"thumbnailUrl\":\"https:\\\/\\\/www.quebakan.com\\\/v15\\\/wp-content\\\/uploads\\\/2023\\\/12\\\/IMG_5768.jpg\",\"datePublished\":\"2023-12-29T02:09:19+00:00\",\"breadcrumb\":{\"@id\":\"https:\\\/\\\/www.quebakan.com\\\/v15\\\/papa-noel-visito-las-oficinas-de-latina-seguros-en-navidad\\\/#breadcrumb\"},\"inLanguage\":\"es\",\"potentialAction\":[{\"@type\":\"ReadAction\",\"target\":[\"https:\\\/\\\/www.quebakan.com\\\/v15\\\/papa-noel-visito-las-oficinas-de-latina-seguros-en-navidad\\\/\"]}]},{\"@type\":\"ImageObject\",\"inLanguage\":\"es\",\"@id\":\"https:\\\/\\\/www.quebakan.com\\\/v15\\\/papa-noel-visito-las-oficinas-de-latina-seguros-en-navidad\\\/#primaryimage\",\"url\":\"https:\\\/\\\/www.quebakan.com\\\/v15\\\/wp-content\\\/uploads\\\/2023\\\/12\\\/IMG_5768.jpg\",\"contentUrl\":\"https:\\\/\\\/www.quebakan.com\\\/v15\\\/wp-content\\\/uploads\\\/2023\\\/12\\\/IMG_5768.jpg\",\"width\":700,\"height\":467},{\"@type\":\"BreadcrumbList\",\"@id\":\"https:\\\/\\\/www.quebakan.com\\\/v15\\\/papa-noel-visito-las-oficinas-de-latina-seguros-en-navidad\\\/#breadcrumb\",\"itemListElement\":[{\"@type\":\"ListItem\",\"position\":1,\"name\":\"Portada\",\"item\":\"https:\\\/\\\/www.quebakan.com\\\/v15\\\/\"},{\"@type\":\"ListItem\",\"position\":2,\"name\":\"PAP\u00c1 NOEL VISIT\u00d3 LAS OFICINAS DE LATINA SEGUROS EN NAVIDAD\"}]},{\"@type\":\"WebSite\",\"@id\":\"https:\\\/\\\/www.quebakan.com\\\/v15\\\/#website\",\"url\":\"https:\\\/\\\/www.quebakan.com\\\/v15\\\/\",\"name\":\"QUEBAKAN\",\"description\":\"..\",\"publisher\":{\"@id\":\"https:\\\/\\\/www.quebakan.com\\\/v15\\\/#organization\"},\"potentialAction\":[{\"@type\":\"SearchAction\",\"target\":{\"@type\":\"EntryPoint\",\"urlTemplate\":\"https:\\\/\\\/www.quebakan.com\\\/v15\\\/?s={search_term_string}\"},\"query-input\":{\"@type\":\"PropertyValueSpecification\",\"valueRequired\":true,\"valueName\":\"search_term_string\"}}],\"inLanguage\":\"es\"},{\"@type\":\"Organization\",\"@id\":\"https:\\\/\\\/www.quebakan.com\\\/v15\\\/#organization\",\"name\":\"Quebakan.com\",\"url\":\"https:\\\/\\\/www.quebakan.com\\\/v15\\\/\",\"logo\":{\"@type\":\"ImageObject\",\"inLanguage\":\"es\",\"@id\":\"https:\\\/\\\/www.quebakan.com\\\/v15\\\/#\\\/schema\\\/logo\\\/image\\\/\",\"url\":\"https:\\\/\\\/www.quebakan.com\\\/v15\\\/wp-content\\\/uploads\\\/2023\\\/07\\\/logoquebakanenero2021.jpg\",\"contentUrl\":\"https:\\\/\\\/www.quebakan.com\\\/v15\\\/wp-content\\\/uploads\\\/2023\\\/07\\\/logoquebakanenero2021.jpg\",\"width\":1920,\"height\":1080,\"caption\":\"Quebakan.com\"},\"image\":{\"@id\":\"https:\\\/\\\/www.quebakan.com\\\/v15\\\/#\\\/schema\\\/logo\\\/image\\\/\"},\"sameAs\":[\"http:\\\/\\\/www.facebook.com\\\/quebakan\",\"https:\\\/\\\/x.com\\\/quebakanec\",\"http:\\\/\\\/www.instagram.com\\\/quebakan\",\"http:\\\/\\\/www.youtube.com\\\/quebakan1\"]},{\"@type\":\"Person\",\"@id\":\"https:\\\/\\\/www.quebakan.com\\\/v15\\\/#\\\/schema\\\/person\\\/d90fa9f9cfa81eb8ace9811e5b7b9118\",\"name\":\"Erick Villafuerte\",\"image\":{\"@type\":\"ImageObject\",\"inLanguage\":\"es\",\"@id\":\"https:\\\/\\\/www.quebakan.com\\\/v15\\\/wp-content\\\/uploads\\\/avatars\\\/4\\\/1731297654-bpfull.png\",\"url\":\"https:\\\/\\\/www.quebakan.com\\\/v15\\\/wp-content\\\/uploads\\\/avatars\\\/4\\\/1731297654-bpfull.png\",\"contentUrl\":\"https:\\\/\\\/www.quebakan.com\\\/v15\\\/wp-content\\\/uploads\\\/avatars\\\/4\\\/1731297654-bpfull.png\",\"caption\":\"Erick Villafuerte\"}}]}<\/script>\n<!-- \/ Yoast SEO plugin. -->","yoast_head_json":{"title":"PAP\u00c1 NOEL VISIT\u00d3 LAS OFICINAS DE LATINA SEGUROS EN NAVIDAD &#8211; QUEBAKAN.COM 2026: Noticias, Eventos, Conciertos y mucho m\u00e1s....","robots":{"index":"index","follow":"follow","max-snippet":"max-snippet:-1","max-image-preview":"max-image-preview:large","max-video-preview":"max-video-preview:-1"},"canonical":"https:\/\/www.quebakan.com\/v15\/papa-noel-visito-las-oficinas-de-latina-seguros-en-navidad\/","og_locale":"es_ES","og_type":"article","og_title":"PAP\u00c1 NOEL VISIT\u00d3 LAS OFICINAS DE LATINA SEGUROS EN NAVIDAD &#8211; QUEBAKAN.COM 2026: Noticias, Eventos, Conciertos y mucho m\u00e1s....","og_description":"Un emotivo momento vivieron los colaboradores de Latina Seguros en d\u00edas pasados al tener una visita muy especial en sus instalaciones.\u00a0 El querido y popular Pap\u00e1 Noel aterriz\u00f3 su trineo en Guayaquil y se dio tiempo para compartir alegr\u00eda, mensajes de uni\u00f3n, villancicos y reflexiones sobre la felicidad que la \u00e9poca despierta en los corazones [&hellip;]","og_url":"https:\/\/www.quebakan.com\/v15\/papa-noel-visito-las-oficinas-de-latina-seguros-en-navidad\/","og_site_name":"QUEBAKAN.COM 2026: Noticias, Eventos, Conciertos y mucho m\u00e1s....","article_publisher":"http:\/\/www.facebook.com\/quebakan","article_published_time":"2023-12-29T02:09:19+00:00","og_image":[{"width":700,"height":467,"url":"https:\/\/www.quebakan.com\/v15\/wp-content\/uploads\/2023\/12\/IMG_5768.jpg","type":"image\/jpeg"}],"author":"Erick Villafuerte","twitter_card":"summary_large_image","twitter_creator":"@quebakanec","twitter_site":"@quebakanec","twitter_misc":{"Escrito por":"Erick Villafuerte","Tiempo de lectura":"2 minutos"},"schema":{"@context":"https:\/\/schema.org","@graph":[{"@type":"Article","@id":"https:\/\/www.quebakan.com\/v15\/papa-noel-visito-las-oficinas-de-latina-seguros-en-navidad\/#article","isPartOf":{"@id":"https:\/\/www.quebakan.com\/v15\/papa-noel-visito-las-oficinas-de-latina-seguros-en-navidad\/"},"author":{"name":"Erick Villafuerte","@id":"https:\/\/www.quebakan.com\/v15\/#\/schema\/person\/d90fa9f9cfa81eb8ace9811e5b7b9118"},"headline":"PAP\u00c1 NOEL VISIT\u00d3 LAS OFICINAS DE LATINA SEGUROS EN NAVIDAD","datePublished":"2023-12-29T02:09:19+00:00","mainEntityOfPage":{"@id":"https:\/\/www.quebakan.com\/v15\/papa-noel-visito-las-oficinas-de-latina-seguros-en-navidad\/"},"wordCount":175,"commentCount":0,"publisher":{"@id":"https:\/\/www.quebakan.com\/v15\/#organization"},"image":{"@id":"https:\/\/www.quebakan.com\/v15\/papa-noel-visito-las-oficinas-de-latina-seguros-en-navidad\/#primaryimage"},"thumbnailUrl":"https:\/\/www.quebakan.com\/v15\/wp-content\/uploads\/2023\/12\/IMG_5768.jpg","articleSection":["Empresarial"],"inLanguage":"es"},{"@type":"WebPage","@id":"https:\/\/www.quebakan.com\/v15\/papa-noel-visito-las-oficinas-de-latina-seguros-en-navidad\/","url":"https:\/\/www.quebakan.com\/v15\/papa-noel-visito-las-oficinas-de-latina-seguros-en-navidad\/","name":"PAP\u00c1 NOEL VISIT\u00d3 LAS OFICINAS DE LATINA SEGUROS EN NAVIDAD &#8211; QUEBAKAN.COM 2026: Noticias, Eventos, Conciertos y mucho m\u00e1s....","isPartOf":{"@id":"https:\/\/www.quebakan.com\/v15\/#website"},"primaryImageOfPage":{"@id":"https:\/\/www.quebakan.com\/v15\/papa-noel-visito-las-oficinas-de-latina-seguros-en-navidad\/#primaryimage"},"image":{"@id":"https:\/\/www.quebakan.com\/v15\/papa-noel-visito-las-oficinas-de-latina-seguros-en-navidad\/#primaryimage"},"thumbnailUrl":"https:\/\/www.quebakan.com\/v15\/wp-content\/uploads\/2023\/12\/IMG_5768.jpg","datePublished":"2023-12-29T02:09:19+00:00","breadcrumb":{"@id":"https:\/\/www.quebakan.com\/v15\/papa-noel-visito-las-oficinas-de-latina-seguros-en-navidad\/#breadcrumb"},"inLanguage":"es","potentialAction":[{"@type":"ReadAction","target":["https:\/\/www.quebakan.com\/v15\/papa-noel-visito-las-oficinas-de-latina-seguros-en-navidad\/"]}]},{"@type":"ImageObject","inLanguage":"es","@id":"https:\/\/www.quebakan.com\/v15\/papa-noel-visito-las-oficinas-de-latina-seguros-en-navidad\/#primaryimage","url":"https:\/\/www.quebakan.com\/v15\/wp-content\/uploads\/2023\/12\/IMG_5768.jpg","contentUrl":"https:\/\/www.quebakan.com\/v15\/wp-content\/uploads\/2023\/12\/IMG_5768.jpg","width":700,"height":467},{"@type":"BreadcrumbList","@id":"https:\/\/www.quebakan.com\/v15\/papa-noel-visito-las-oficinas-de-latina-seguros-en-navidad\/#breadcrumb","itemListElement":[{"@type":"ListItem","position":1,"name":"Portada","item":"https:\/\/www.quebakan.com\/v15\/"},{"@type":"ListItem","position":2,"name":"PAP\u00c1 NOEL VISIT\u00d3 LAS OFICINAS DE LATINA SEGUROS EN NAVIDAD"}]},{"@type":"WebSite","@id":"https:\/\/www.quebakan.com\/v15\/#website","url":"https:\/\/www.quebakan.com\/v15\/","name":"QUEBAKAN","description":"..","publisher":{"@id":"https:\/\/www.quebakan.com\/v15\/#organization"},"potentialAction":[{"@type":"SearchAction","target":{"@type":"EntryPoint","urlTemplate":"https:\/\/www.quebakan.com\/v15\/?s={search_term_string}"},"query-input":{"@type":"PropertyValueSpecification","valueRequired":true,"valueName":"search_term_string"}}],"inLanguage":"es"},{"@type":"Organization","@id":"https:\/\/www.quebakan.com\/v15\/#organization","name":"Quebakan.com","url":"https:\/\/www.quebakan.com\/v15\/","logo":{"@type":"ImageObject","inLanguage":"es","@id":"https:\/\/www.quebakan.com\/v15\/#\/schema\/logo\/image\/","url":"https:\/\/www.quebakan.com\/v15\/wp-content\/uploads\/2023\/07\/logoquebakanenero2021.jpg","contentUrl":"https:\/\/www.quebakan.com\/v15\/wp-content\/uploads\/2023\/07\/logoquebakanenero2021.jpg","width":1920,"height":1080,"caption":"Quebakan.com"},"image":{"@id":"https:\/\/www.quebakan.com\/v15\/#\/schema\/logo\/image\/"},"sameAs":["http:\/\/www.facebook.com\/quebakan","https:\/\/x.com\/quebakanec","http:\/\/www.instagram.com\/quebakan","http:\/\/www.youtube.com\/quebakan1"]},{"@type":"Person","@id":"https:\/\/www.quebakan.com\/v15\/#\/schema\/person\/d90fa9f9cfa81eb8ace9811e5b7b9118","name":"Erick Villafuerte","image":{"@type":"ImageObject","inLanguage":"es","@id":"https:\/\/www.quebakan.com\/v15\/wp-content\/uploads\/avatars\/4\/1731297654-bpfull.png","url":"https:\/\/www.quebakan.com\/v15\/wp-content\/uploads\/avatars\/4\/1731297654-bpfull.png","contentUrl":"https:\/\/www.quebakan.com\/v15\/wp-content\/uploads\/avatars\/4\/1731297654-bpfull.png","caption":"Erick Villafuerte"}}]}},"_links":{"self":[{"href":"https:\/\/www.quebakan.com\/v15\/wp-json\/wp\/v2\/posts\/115270","targetHints":{"allow":["GET"]}}],"collection":[{"href":"https:\/\/www.quebakan.com\/v15\/wp-json\/wp\/v2\/posts"}],"about":[{"href":"https:\/\/www.quebakan.com\/v15\/wp-json\/wp\/v2\/types\/post"}],"author":[{"embeddable":true,"href":"https:\/\/www.quebakan.com\/v15\/wp-json\/wp\/v2\/users\/4"}],"replies":[{"embeddable":true,"href":"https:\/\/www.quebakan.com\/v15\/wp-json\/wp\/v2\/comments?post=115270"}],"version-history":[{"count":1,"href":"https:\/\/www.quebakan.com\/v15\/wp-json\/wp\/v2\/posts\/115270\/revisions"}],"predecessor-version":[{"id":115273,"href":"https:\/\/www.quebakan.com\/v15\/wp-json\/wp\/v2\/posts\/115270\/revisions\/115273"}],"wp:featuredmedia":[{"embeddable":true,"href":"https:\/\/www.quebakan.com\/v15\/wp-json\/wp\/v2\/media\/115271"}],"wp:attachment":[{"href":"https:\/\/www.quebakan.com\/v15\/wp-json\/wp\/v2\/media?parent=115270"}],"wp:term":[{"taxonomy":"category","embeddable":true,"href":"https:\/\/www.quebakan.com\/v15\/wp-json\/wp\/v2\/categories?post=115270"},{"taxonomy":"post_tag","embeddable":true,"href":"https:\/\/www.quebakan.com\/v15\/wp-json\/wp\/v2\/tags?post=115270"}],"curies":[{"name":"wp","href":"https:\/\/api.w.org\/{rel}","templated":true}]}}