{"id":115277,"date":"2023-12-28T23:18:52","date_gmt":"2023-12-29T04:18:52","guid":{"rendered":"https:\/\/www.quebakan.com\/v15\/?p=115277"},"modified":"2023-12-28T23:18:52","modified_gmt":"2023-12-29T04:18:52","slug":"javier-gamboa-gana-2-oscar-de-la-voz-para-ecuador-en-radio","status":"publish","type":"post","link":"https:\/\/www.quebakan.com\/v15\/javier-gamboa-gana-2-oscar-de-la-voz-para-ecuador-en-radio\/","title":{"rendered":"JAVIER GAMBOA GANA 2 \u00d3SCAR DE LA VOZ PARA ECUADOR EN RADIO"},"content":{"rendered":"<p><img fetchpriority=\"high\" decoding=\"async\" class=\"aligncenter size-full wp-image-115278\" src=\"https:\/\/www.quebakan.com\/v15\/wp-content\/uploads\/2023\/12\/IMG-20231211-WA0012.jpg\" alt=\"\" width=\"525\" height=\"700\" \/><\/p>\n<p style=\"text-align: justify;\"><span style=\"color: #000000;\">El ecuatoriano Javier Gamboa tuvo una noche emocionante el domingo 10 de diciembre de 2024 en el Beverly Hilton de Beverly Hills en Los \u00c1ngeles, California donde gan\u00f3 2 Premios SOVAS en la categor\u00eda de radio en espa\u00f1ol dentro de la d\u00e9cima edici\u00f3n de los Voice Arts Awards, galardones estadounidenses considerados los \u00d3scar para los artistas de la voz.<\/span><\/p>\n<p style=\"text-align: justify;\"><span style=\"color: #000000;\">Esta es la primera vez que este periodista, voice over, locutor comercial y de radio que inici\u00f3 su carrera en 1996 particip\u00f3 en este certamen y estuvo nominado en 3 categor\u00edas de las cuales el jurado internacional lo determinaron ganador en 2: Mejor Imagen de Radio por sus trabajos como Voz Oficial de varias estaciones del pa\u00eds como Like FM, RTP96.5 FM, Vibra FM, Ol\u00edmpica FM y como mejor Promo de Radio con un Spot de RTP96.5 FM de apoyo a la selecci\u00f3n previo al mundial de f<em>\u00fa<\/em>tbol de Qatar 2022.<\/span><\/p>\n<p style=\"text-align: justify;\"><span style=\"color: #000000;\">La Sociedad de Artes y Ciencias de la Voz (SOVAS, por sus siglas en ingl\u00e9s) con sede en Nueva York, Estados Unidos, crearon en 2013 los Voice Arts Awards los premios anuales que reconocen la excelencia y el arte dentro de la industria de la locuci\u00f3n y la actuaci\u00f3n de voz en ingl\u00e9s, espa\u00f1ol, portugu\u00e9s, africano, \u00e1rabe, japon\u00e9s y mandar\u00edn.<\/span><\/p>\n<p style=\"text-align: justify;\"><span style=\"color: #000000;\">La organizaci\u00f3n a cargo de Rudy Gaskins y Joan Baker en conmemoraci\u00f3n de sus 10 a\u00f1os otorgaron reconocimientos honor\u00edficos en la gala a Eugenio Derbez, Viola Davis y Mabel Cezar. Adem\u00e1s, asistieron personalidades de la industria como Joe Cipriano, Colman Domingo, Marie Westbrook, Ra\u00fal Aldana, Valentina Latyna, Juana Plata, Shohreh Aghdashloo, Dave Fennoy, Marta Escobar, Alessandra Rosaldo, entre otros.<\/span><\/p>\n<p style=\"text-align: justify;\"><span style=\"color: #000000;\">Entre los ganadores de la noche tambi\u00e9n figuraron, Bono de U2, Meryl Streep, Debbe Hirata, Stephanie N\u00e9meth-Parker, Vero L\u00f3pez Trevi\u00f1o, Lili Barba, Memo Sauceda, Abelardo Oseches, Yadira Aedo, Maclovia Gonz\u00e1lez, David Santana, Yaha Lima, Catalina Plata, Mario C\u00f3rdova, Yopa Ponce, Sara Delgado, entre otros. Por Ecuador tambi\u00e9n ganaron Fabian Toro, Ximena Viver y Patricio Bautista, Ra\u00fal Hern\u00e1ndez radicado en Australia colabor\u00f3 como productor en una de las piezas ganadoras de la categor\u00eda de radio en ingl\u00e9s.<\/span><\/p>\n<p style=\"text-align: justify;\"><span style=\"color: #000000;\">Para Javier Gamboa este es un reconocimiento que llega a sus 27 a\u00f1os de trayectoria dentro de la industria donde adem\u00e1s de consagrarse en la radio nacional e internacional, exhibe al mundo el talento que existe en el pa\u00eds y espera motivar a m\u00e1s colegas a vivir este tipo de experiencias, no por ganar un premio, sino por el camino que debes recorrer donde conoces a gente maravillosa que te inspira a seguir adelante. Su voz adem\u00e1s es una de las m\u00e1s escuchadas en piezas comerciales de Ecuador y Latinoam\u00e9rica, ha hecho trabajos de doblaje para pel\u00edculas, Voice Over de televisi\u00f3n, animador, locutor de noticias, asesor de contenido y programaci\u00f3n para radio.<\/span><\/p>\n","protected":false},"excerpt":{"rendered":"<p>El ecuatoriano Javier Gamboa tuvo una noche emocionante el domingo 10 de diciembre de 2024 en el Beverly Hilton de Beverly Hills en Los \u00c1ngeles, California donde gan\u00f3 2 Premios SOVAS en la categor\u00eda de radio en espa\u00f1ol dentro de la d\u00e9cima edici\u00f3n de los Voice Arts Awards, galardones estadounidenses considerados los \u00d3scar para los [&hellip;]<\/p>\n","protected":false},"author":4,"featured_media":115278,"comment_status":"open","ping_status":"open","sticky":false,"template":"","format":"standard","meta":{"_bbp_topic_count":0,"_bbp_reply_count":0,"_bbp_total_topic_count":0,"_bbp_total_reply_count":0,"_bbp_voice_count":0,"_bbp_anonymous_reply_count":0,"_bbp_topic_count_hidden":0,"_bbp_reply_count_hidden":0,"_bbp_forum_subforum_count":0,"buzzeditor_post_format":"","footnotes":""},"categories":[2],"tags":[],"class_list":["post-115277","post","type-post","status-publish","format-standard","has-post-thumbnail","hentry","category-noticias"],"yoast_head":"<!-- This site is optimized with the Yoast SEO plugin v27.5 - https:\/\/yoast.com\/product\/yoast-seo-wordpress\/ -->\n<title>JAVIER GAMBOA GANA 2 \u00d3SCAR DE LA VOZ PARA ECUADOR EN RADIO &#8211; QUEBAKAN.COM 2026: Noticias, Eventos, Conciertos y mucho m\u00e1s....<\/title>\n<meta name=\"robots\" content=\"index, follow, max-snippet:-1, max-image-preview:large, max-video-preview:-1\" \/>\n<link rel=\"canonical\" href=\"https:\/\/www.quebakan.com\/v15\/javier-gamboa-gana-2-oscar-de-la-voz-para-ecuador-en-radio\/\" \/>\n<meta property=\"og:locale\" content=\"es_ES\" \/>\n<meta property=\"og:type\" content=\"article\" \/>\n<meta property=\"og:title\" content=\"JAVIER GAMBOA GANA 2 \u00d3SCAR DE LA VOZ PARA ECUADOR EN RADIO &#8211; QUEBAKAN.COM 2026: Noticias, Eventos, Conciertos y mucho m\u00e1s....\" \/>\n<meta property=\"og:description\" content=\"El ecuatoriano Javier Gamboa tuvo una noche emocionante el domingo 10 de diciembre de 2024 en el Beverly Hilton de Beverly Hills en Los \u00c1ngeles, California donde gan\u00f3 2 Premios SOVAS en la categor\u00eda de radio en espa\u00f1ol dentro de la d\u00e9cima edici\u00f3n de los Voice Arts Awards, galardones estadounidenses considerados los \u00d3scar para los [&hellip;]\" \/>\n<meta property=\"og:url\" content=\"https:\/\/www.quebakan.com\/v15\/javier-gamboa-gana-2-oscar-de-la-voz-para-ecuador-en-radio\/\" \/>\n<meta property=\"og:site_name\" content=\"QUEBAKAN.COM 2026: Noticias, Eventos, Conciertos y mucho m\u00e1s....\" \/>\n<meta property=\"article:publisher\" content=\"http:\/\/www.facebook.com\/quebakan\" \/>\n<meta property=\"article:published_time\" content=\"2023-12-29T04:18:52+00:00\" \/>\n<meta property=\"og:image\" content=\"https:\/\/www.quebakan.com\/v15\/wp-content\/uploads\/2023\/12\/IMG-20231211-WA0012.jpg\" \/>\n\t<meta property=\"og:image:width\" content=\"525\" \/>\n\t<meta property=\"og:image:height\" content=\"700\" \/>\n\t<meta property=\"og:image:type\" content=\"image\/jpeg\" \/>\n<meta name=\"author\" content=\"Erick Villafuerte\" \/>\n<meta name=\"twitter:card\" content=\"summary_large_image\" \/>\n<meta name=\"twitter:creator\" content=\"@quebakanec\" \/>\n<meta name=\"twitter:site\" content=\"@quebakanec\" \/>\n<meta name=\"twitter:label1\" content=\"Escrito por\" \/>\n\t<meta name=\"twitter:data1\" content=\"Erick Villafuerte\" \/>\n\t<meta name=\"twitter:label2\" content=\"Tiempo de lectura\" \/>\n\t<meta name=\"twitter:data2\" content=\"3 minutos\" \/>\n<script type=\"application\/ld+json\" class=\"yoast-schema-graph\">{\"@context\":\"https:\\\/\\\/schema.org\",\"@graph\":[{\"@type\":\"Article\",\"@id\":\"https:\\\/\\\/www.quebakan.com\\\/v15\\\/javier-gamboa-gana-2-oscar-de-la-voz-para-ecuador-en-radio\\\/#article\",\"isPartOf\":{\"@id\":\"https:\\\/\\\/www.quebakan.com\\\/v15\\\/javier-gamboa-gana-2-oscar-de-la-voz-para-ecuador-en-radio\\\/\"},\"author\":{\"name\":\"Erick Villafuerte\",\"@id\":\"https:\\\/\\\/www.quebakan.com\\\/v15\\\/#\\\/schema\\\/person\\\/d90fa9f9cfa81eb8ace9811e5b7b9118\"},\"headline\":\"JAVIER GAMBOA GANA 2 \u00d3SCAR DE LA VOZ PARA ECUADOR EN RADIO\",\"datePublished\":\"2023-12-29T04:18:52+00:00\",\"mainEntityOfPage\":{\"@id\":\"https:\\\/\\\/www.quebakan.com\\\/v15\\\/javier-gamboa-gana-2-oscar-de-la-voz-para-ecuador-en-radio\\\/\"},\"wordCount\":502,\"commentCount\":0,\"publisher\":{\"@id\":\"https:\\\/\\\/www.quebakan.com\\\/v15\\\/#organization\"},\"image\":{\"@id\":\"https:\\\/\\\/www.quebakan.com\\\/v15\\\/javier-gamboa-gana-2-oscar-de-la-voz-para-ecuador-en-radio\\\/#primaryimage\"},\"thumbnailUrl\":\"https:\\\/\\\/www.quebakan.com\\\/v15\\\/wp-content\\\/uploads\\\/2023\\\/12\\\/IMG-20231211-WA0012.jpg\",\"articleSection\":[\"Noticias\"],\"inLanguage\":\"es\"},{\"@type\":\"WebPage\",\"@id\":\"https:\\\/\\\/www.quebakan.com\\\/v15\\\/javier-gamboa-gana-2-oscar-de-la-voz-para-ecuador-en-radio\\\/\",\"url\":\"https:\\\/\\\/www.quebakan.com\\\/v15\\\/javier-gamboa-gana-2-oscar-de-la-voz-para-ecuador-en-radio\\\/\",\"name\":\"JAVIER GAMBOA GANA 2 \u00d3SCAR DE LA VOZ PARA ECUADOR EN RADIO &#8211; QUEBAKAN.COM 2026: Noticias, Eventos, Conciertos y mucho m\u00e1s....\",\"isPartOf\":{\"@id\":\"https:\\\/\\\/www.quebakan.com\\\/v15\\\/#website\"},\"primaryImageOfPage\":{\"@id\":\"https:\\\/\\\/www.quebakan.com\\\/v15\\\/javier-gamboa-gana-2-oscar-de-la-voz-para-ecuador-en-radio\\\/#primaryimage\"},\"image\":{\"@id\":\"https:\\\/\\\/www.quebakan.com\\\/v15\\\/javier-gamboa-gana-2-oscar-de-la-voz-para-ecuador-en-radio\\\/#primaryimage\"},\"thumbnailUrl\":\"https:\\\/\\\/www.quebakan.com\\\/v15\\\/wp-content\\\/uploads\\\/2023\\\/12\\\/IMG-20231211-WA0012.jpg\",\"datePublished\":\"2023-12-29T04:18:52+00:00\",\"breadcrumb\":{\"@id\":\"https:\\\/\\\/www.quebakan.com\\\/v15\\\/javier-gamboa-gana-2-oscar-de-la-voz-para-ecuador-en-radio\\\/#breadcrumb\"},\"inLanguage\":\"es\",\"potentialAction\":[{\"@type\":\"ReadAction\",\"target\":[\"https:\\\/\\\/www.quebakan.com\\\/v15\\\/javier-gamboa-gana-2-oscar-de-la-voz-para-ecuador-en-radio\\\/\"]}]},{\"@type\":\"ImageObject\",\"inLanguage\":\"es\",\"@id\":\"https:\\\/\\\/www.quebakan.com\\\/v15\\\/javier-gamboa-gana-2-oscar-de-la-voz-para-ecuador-en-radio\\\/#primaryimage\",\"url\":\"https:\\\/\\\/www.quebakan.com\\\/v15\\\/wp-content\\\/uploads\\\/2023\\\/12\\\/IMG-20231211-WA0012.jpg\",\"contentUrl\":\"https:\\\/\\\/www.quebakan.com\\\/v15\\\/wp-content\\\/uploads\\\/2023\\\/12\\\/IMG-20231211-WA0012.jpg\",\"width\":525,\"height\":700},{\"@type\":\"BreadcrumbList\",\"@id\":\"https:\\\/\\\/www.quebakan.com\\\/v15\\\/javier-gamboa-gana-2-oscar-de-la-voz-para-ecuador-en-radio\\\/#breadcrumb\",\"itemListElement\":[{\"@type\":\"ListItem\",\"position\":1,\"name\":\"Portada\",\"item\":\"https:\\\/\\\/www.quebakan.com\\\/v15\\\/\"},{\"@type\":\"ListItem\",\"position\":2,\"name\":\"JAVIER GAMBOA GANA 2 \u00d3SCAR DE LA VOZ PARA ECUADOR EN RADIO\"}]},{\"@type\":\"WebSite\",\"@id\":\"https:\\\/\\\/www.quebakan.com\\\/v15\\\/#website\",\"url\":\"https:\\\/\\\/www.quebakan.com\\\/v15\\\/\",\"name\":\"QUEBAKAN\",\"description\":\"..\",\"publisher\":{\"@id\":\"https:\\\/\\\/www.quebakan.com\\\/v15\\\/#organization\"},\"potentialAction\":[{\"@type\":\"SearchAction\",\"target\":{\"@type\":\"EntryPoint\",\"urlTemplate\":\"https:\\\/\\\/www.quebakan.com\\\/v15\\\/?s={search_term_string}\"},\"query-input\":{\"@type\":\"PropertyValueSpecification\",\"valueRequired\":true,\"valueName\":\"search_term_string\"}}],\"inLanguage\":\"es\"},{\"@type\":\"Organization\",\"@id\":\"https:\\\/\\\/www.quebakan.com\\\/v15\\\/#organization\",\"name\":\"Quebakan.com\",\"url\":\"https:\\\/\\\/www.quebakan.com\\\/v15\\\/\",\"logo\":{\"@type\":\"ImageObject\",\"inLanguage\":\"es\",\"@id\":\"https:\\\/\\\/www.quebakan.com\\\/v15\\\/#\\\/schema\\\/logo\\\/image\\\/\",\"url\":\"https:\\\/\\\/www.quebakan.com\\\/v15\\\/wp-content\\\/uploads\\\/2023\\\/07\\\/logoquebakanenero2021.jpg\",\"contentUrl\":\"https:\\\/\\\/www.quebakan.com\\\/v15\\\/wp-content\\\/uploads\\\/2023\\\/07\\\/logoquebakanenero2021.jpg\",\"width\":1920,\"height\":1080,\"caption\":\"Quebakan.com\"},\"image\":{\"@id\":\"https:\\\/\\\/www.quebakan.com\\\/v15\\\/#\\\/schema\\\/logo\\\/image\\\/\"},\"sameAs\":[\"http:\\\/\\\/www.facebook.com\\\/quebakan\",\"https:\\\/\\\/x.com\\\/quebakanec\",\"http:\\\/\\\/www.instagram.com\\\/quebakan\",\"http:\\\/\\\/www.youtube.com\\\/quebakan1\"]},{\"@type\":\"Person\",\"@id\":\"https:\\\/\\\/www.quebakan.com\\\/v15\\\/#\\\/schema\\\/person\\\/d90fa9f9cfa81eb8ace9811e5b7b9118\",\"name\":\"Erick Villafuerte\",\"image\":{\"@type\":\"ImageObject\",\"inLanguage\":\"es\",\"@id\":\"https:\\\/\\\/www.quebakan.com\\\/v15\\\/wp-content\\\/uploads\\\/avatars\\\/4\\\/1731297654-bpfull.png\",\"url\":\"https:\\\/\\\/www.quebakan.com\\\/v15\\\/wp-content\\\/uploads\\\/avatars\\\/4\\\/1731297654-bpfull.png\",\"contentUrl\":\"https:\\\/\\\/www.quebakan.com\\\/v15\\\/wp-content\\\/uploads\\\/avatars\\\/4\\\/1731297654-bpfull.png\",\"caption\":\"Erick Villafuerte\"}}]}<\/script>\n<!-- \/ Yoast SEO plugin. -->","yoast_head_json":{"title":"JAVIER GAMBOA GANA 2 \u00d3SCAR DE LA VOZ PARA ECUADOR EN RADIO &#8211; QUEBAKAN.COM 2026: Noticias, Eventos, Conciertos y mucho m\u00e1s....","robots":{"index":"index","follow":"follow","max-snippet":"max-snippet:-1","max-image-preview":"max-image-preview:large","max-video-preview":"max-video-preview:-1"},"canonical":"https:\/\/www.quebakan.com\/v15\/javier-gamboa-gana-2-oscar-de-la-voz-para-ecuador-en-radio\/","og_locale":"es_ES","og_type":"article","og_title":"JAVIER GAMBOA GANA 2 \u00d3SCAR DE LA VOZ PARA ECUADOR EN RADIO &#8211; QUEBAKAN.COM 2026: Noticias, Eventos, Conciertos y mucho m\u00e1s....","og_description":"El ecuatoriano Javier Gamboa tuvo una noche emocionante el domingo 10 de diciembre de 2024 en el Beverly Hilton de Beverly Hills en Los \u00c1ngeles, California donde gan\u00f3 2 Premios SOVAS en la categor\u00eda de radio en espa\u00f1ol dentro de la d\u00e9cima edici\u00f3n de los Voice Arts Awards, galardones estadounidenses considerados los \u00d3scar para los [&hellip;]","og_url":"https:\/\/www.quebakan.com\/v15\/javier-gamboa-gana-2-oscar-de-la-voz-para-ecuador-en-radio\/","og_site_name":"QUEBAKAN.COM 2026: Noticias, Eventos, Conciertos y mucho m\u00e1s....","article_publisher":"http:\/\/www.facebook.com\/quebakan","article_published_time":"2023-12-29T04:18:52+00:00","og_image":[{"width":525,"height":700,"url":"https:\/\/www.quebakan.com\/v15\/wp-content\/uploads\/2023\/12\/IMG-20231211-WA0012.jpg","type":"image\/jpeg"}],"author":"Erick Villafuerte","twitter_card":"summary_large_image","twitter_creator":"@quebakanec","twitter_site":"@quebakanec","twitter_misc":{"Escrito por":"Erick Villafuerte","Tiempo de lectura":"3 minutos"},"schema":{"@context":"https:\/\/schema.org","@graph":[{"@type":"Article","@id":"https:\/\/www.quebakan.com\/v15\/javier-gamboa-gana-2-oscar-de-la-voz-para-ecuador-en-radio\/#article","isPartOf":{"@id":"https:\/\/www.quebakan.com\/v15\/javier-gamboa-gana-2-oscar-de-la-voz-para-ecuador-en-radio\/"},"author":{"name":"Erick Villafuerte","@id":"https:\/\/www.quebakan.com\/v15\/#\/schema\/person\/d90fa9f9cfa81eb8ace9811e5b7b9118"},"headline":"JAVIER GAMBOA GANA 2 \u00d3SCAR DE LA VOZ PARA ECUADOR EN RADIO","datePublished":"2023-12-29T04:18:52+00:00","mainEntityOfPage":{"@id":"https:\/\/www.quebakan.com\/v15\/javier-gamboa-gana-2-oscar-de-la-voz-para-ecuador-en-radio\/"},"wordCount":502,"commentCount":0,"publisher":{"@id":"https:\/\/www.quebakan.com\/v15\/#organization"},"image":{"@id":"https:\/\/www.quebakan.com\/v15\/javier-gamboa-gana-2-oscar-de-la-voz-para-ecuador-en-radio\/#primaryimage"},"thumbnailUrl":"https:\/\/www.quebakan.com\/v15\/wp-content\/uploads\/2023\/12\/IMG-20231211-WA0012.jpg","articleSection":["Noticias"],"inLanguage":"es"},{"@type":"WebPage","@id":"https:\/\/www.quebakan.com\/v15\/javier-gamboa-gana-2-oscar-de-la-voz-para-ecuador-en-radio\/","url":"https:\/\/www.quebakan.com\/v15\/javier-gamboa-gana-2-oscar-de-la-voz-para-ecuador-en-radio\/","name":"JAVIER GAMBOA GANA 2 \u00d3SCAR DE LA VOZ PARA ECUADOR EN RADIO &#8211; QUEBAKAN.COM 2026: Noticias, Eventos, Conciertos y mucho m\u00e1s....","isPartOf":{"@id":"https:\/\/www.quebakan.com\/v15\/#website"},"primaryImageOfPage":{"@id":"https:\/\/www.quebakan.com\/v15\/javier-gamboa-gana-2-oscar-de-la-voz-para-ecuador-en-radio\/#primaryimage"},"image":{"@id":"https:\/\/www.quebakan.com\/v15\/javier-gamboa-gana-2-oscar-de-la-voz-para-ecuador-en-radio\/#primaryimage"},"thumbnailUrl":"https:\/\/www.quebakan.com\/v15\/wp-content\/uploads\/2023\/12\/IMG-20231211-WA0012.jpg","datePublished":"2023-12-29T04:18:52+00:00","breadcrumb":{"@id":"https:\/\/www.quebakan.com\/v15\/javier-gamboa-gana-2-oscar-de-la-voz-para-ecuador-en-radio\/#breadcrumb"},"inLanguage":"es","potentialAction":[{"@type":"ReadAction","target":["https:\/\/www.quebakan.com\/v15\/javier-gamboa-gana-2-oscar-de-la-voz-para-ecuador-en-radio\/"]}]},{"@type":"ImageObject","inLanguage":"es","@id":"https:\/\/www.quebakan.com\/v15\/javier-gamboa-gana-2-oscar-de-la-voz-para-ecuador-en-radio\/#primaryimage","url":"https:\/\/www.quebakan.com\/v15\/wp-content\/uploads\/2023\/12\/IMG-20231211-WA0012.jpg","contentUrl":"https:\/\/www.quebakan.com\/v15\/wp-content\/uploads\/2023\/12\/IMG-20231211-WA0012.jpg","width":525,"height":700},{"@type":"BreadcrumbList","@id":"https:\/\/www.quebakan.com\/v15\/javier-gamboa-gana-2-oscar-de-la-voz-para-ecuador-en-radio\/#breadcrumb","itemListElement":[{"@type":"ListItem","position":1,"name":"Portada","item":"https:\/\/www.quebakan.com\/v15\/"},{"@type":"ListItem","position":2,"name":"JAVIER GAMBOA GANA 2 \u00d3SCAR DE LA VOZ PARA ECUADOR EN RADIO"}]},{"@type":"WebSite","@id":"https:\/\/www.quebakan.com\/v15\/#website","url":"https:\/\/www.quebakan.com\/v15\/","name":"QUEBAKAN","description":"..","publisher":{"@id":"https:\/\/www.quebakan.com\/v15\/#organization"},"potentialAction":[{"@type":"SearchAction","target":{"@type":"EntryPoint","urlTemplate":"https:\/\/www.quebakan.com\/v15\/?s={search_term_string}"},"query-input":{"@type":"PropertyValueSpecification","valueRequired":true,"valueName":"search_term_string"}}],"inLanguage":"es"},{"@type":"Organization","@id":"https:\/\/www.quebakan.com\/v15\/#organization","name":"Quebakan.com","url":"https:\/\/www.quebakan.com\/v15\/","logo":{"@type":"ImageObject","inLanguage":"es","@id":"https:\/\/www.quebakan.com\/v15\/#\/schema\/logo\/image\/","url":"https:\/\/www.quebakan.com\/v15\/wp-content\/uploads\/2023\/07\/logoquebakanenero2021.jpg","contentUrl":"https:\/\/www.quebakan.com\/v15\/wp-content\/uploads\/2023\/07\/logoquebakanenero2021.jpg","width":1920,"height":1080,"caption":"Quebakan.com"},"image":{"@id":"https:\/\/www.quebakan.com\/v15\/#\/schema\/logo\/image\/"},"sameAs":["http:\/\/www.facebook.com\/quebakan","https:\/\/x.com\/quebakanec","http:\/\/www.instagram.com\/quebakan","http:\/\/www.youtube.com\/quebakan1"]},{"@type":"Person","@id":"https:\/\/www.quebakan.com\/v15\/#\/schema\/person\/d90fa9f9cfa81eb8ace9811e5b7b9118","name":"Erick Villafuerte","image":{"@type":"ImageObject","inLanguage":"es","@id":"https:\/\/www.quebakan.com\/v15\/wp-content\/uploads\/avatars\/4\/1731297654-bpfull.png","url":"https:\/\/www.quebakan.com\/v15\/wp-content\/uploads\/avatars\/4\/1731297654-bpfull.png","contentUrl":"https:\/\/www.quebakan.com\/v15\/wp-content\/uploads\/avatars\/4\/1731297654-bpfull.png","caption":"Erick Villafuerte"}}]}},"_links":{"self":[{"href":"https:\/\/www.quebakan.com\/v15\/wp-json\/wp\/v2\/posts\/115277","targetHints":{"allow":["GET"]}}],"collection":[{"href":"https:\/\/www.quebakan.com\/v15\/wp-json\/wp\/v2\/posts"}],"about":[{"href":"https:\/\/www.quebakan.com\/v15\/wp-json\/wp\/v2\/types\/post"}],"author":[{"embeddable":true,"href":"https:\/\/www.quebakan.com\/v15\/wp-json\/wp\/v2\/users\/4"}],"replies":[{"embeddable":true,"href":"https:\/\/www.quebakan.com\/v15\/wp-json\/wp\/v2\/comments?post=115277"}],"version-history":[{"count":1,"href":"https:\/\/www.quebakan.com\/v15\/wp-json\/wp\/v2\/posts\/115277\/revisions"}],"predecessor-version":[{"id":115279,"href":"https:\/\/www.quebakan.com\/v15\/wp-json\/wp\/v2\/posts\/115277\/revisions\/115279"}],"wp:featuredmedia":[{"embeddable":true,"href":"https:\/\/www.quebakan.com\/v15\/wp-json\/wp\/v2\/media\/115278"}],"wp:attachment":[{"href":"https:\/\/www.quebakan.com\/v15\/wp-json\/wp\/v2\/media?parent=115277"}],"wp:term":[{"taxonomy":"category","embeddable":true,"href":"https:\/\/www.quebakan.com\/v15\/wp-json\/wp\/v2\/categories?post=115277"},{"taxonomy":"post_tag","embeddable":true,"href":"https:\/\/www.quebakan.com\/v15\/wp-json\/wp\/v2\/tags?post=115277"}],"curies":[{"name":"wp","href":"https:\/\/api.w.org\/{rel}","templated":true}]}}