{"id":115308,"date":"2023-12-29T21:20:29","date_gmt":"2023-12-30T02:20:29","guid":{"rendered":"https:\/\/www.quebakan.com\/v15\/?p=115308"},"modified":"2023-12-29T21:20:29","modified_gmt":"2023-12-30T02:20:29","slug":"alimentos-real-invita-el-primer-encebollado-del-ano","status":"publish","type":"post","link":"https:\/\/www.quebakan.com\/v15\/alimentos-real-invita-el-primer-encebollado-del-ano\/","title":{"rendered":"ALIMENTOS REAL INVITA EL PRIMER ENCEBOLLADO DEL A\u00d1O"},"content":{"rendered":"<p><img fetchpriority=\"high\" decoding=\"async\" class=\"aligncenter size-full wp-image-115309\" src=\"https:\/\/www.quebakan.com\/v15\/wp-content\/uploads\/2023\/12\/Imagen-1-Campana-.jpg\" alt=\"\" width=\"700\" height=\"391\" \/><\/p>\n<p style=\"text-align: justify;\"><span style=\"color: #000000;\"><strong><em><u>GUAYAQUIL, DICIEMBRE 2023.-<\/u><\/em><\/strong> Alimentos Real, te invita a iniciar el a\u00f1o como un verdadero ecuatoriano, por ello la marca repartir\u00e1 Encebollado Real gratuitamente el 1 de enero del 2024 en las ciudades de Salinas y Quito.<\/span><\/p>\n<p style=\"text-align: justify;\"><span style=\"color: #000000;\">El encebollado, plato emblem\u00e1tico de la gastronom\u00eda ecuatoriana, es un s\u00edmbolo de uni\u00f3n y celebraci\u00f3n. Por ello, conscientes del significado cultural y del valor que este platillo tiene para pa\u00eds la marca propone la entrega gratis del primer Encebollado del a\u00f1o, para que los ecuatorianos empiecen el 2024 con pie derecho.<\/span><\/p>\n<p style=\"text-align: justify;\"><span style=\"color: #000000;\">Esta actividad es parte de la iniciativa de Alimentos Real que busca proclamar al plato t\u00edpico en Patrimonio Cultural del Ecuador y tambi\u00e9n es una oportunidad para unirnos en torno a un plato que refleja la identidad y el sabor del pa\u00eds.<\/span><\/p>\n<p style=\"text-align: justify;\"><span style=\"color: #000000;\">Encebollado Real estar\u00e1 presente en puntos estrat\u00e9gicos de estas ciudades para ofrecer este delicioso plato de manera gratuita a todos aquellos que deseen disfrutarlo. Se prev\u00e9 la entrega de aproximadamente 3.000 latas de Encebollado entre las 2 ciudades en las siguientes ubicaciones y horarios:<\/span><\/p>\n<ul style=\"text-align: justify;\">\n<li><span style=\"color: #000000;\"><strong>Salinas (a partir de las 3:00 AM)<\/strong><\/span>\n<ul>\n<li><span style=\"color: #000000;\">22 de diciembre y chile<\/span><\/li>\n<li><span style=\"color: #000000;\">Jos\u00e9 Lu\u00eds Tamayo<\/span><\/li>\n<li><span style=\"color: #000000;\">Malec\u00f3n de Chipipe<\/span><\/li>\n<li><span style=\"color: #000000;\">Malec\u00f3n de Salinas (Concierto)<\/span><\/li>\n<li><span style=\"color: #000000;\">Romero (Diagonal al Hotel Colon Salinas)<\/span><\/li>\n<\/ul>\n<\/li>\n<\/ul>\n<ul style=\"text-align: justify;\">\n<li><span style=\"color: #000000;\"><strong>Quito<\/strong><\/span>\n<ul>\n<li><span style=\"color: #000000;\">Zona Rep\u00fablica<\/span><\/li>\n<li><span style=\"color: #000000;\">Coru\u00f1a\/ Gonzales Su\u00e1rez<\/span><\/li>\n<li><span style=\"color: #000000;\">Cumbay\u00e1<\/span><\/li>\n<\/ul>\n<\/li>\n<\/ul>\n<p style=\"text-align: justify;\"><span style=\"color: #000000;\">Se invita a todos los habitantes y visitantes de Salinas y Quito a unirse a esta celebraci\u00f3n el 1 de enero del 2024 y disfrutar de un delicioso encebollado cortes\u00eda de Alimentos Real. <\/span><span style=\"color: #000000;\">Para m\u00e1s informaci\u00f3n y conocer los puntos de distribuci\u00f3n, se puede seguir a <u>@alimentosrealoficial <\/u>en sus redes sociales o visitar su p\u00e1gina web <a style=\"color: #000000;\" href=\"https:\/\/alimentosreal.com\/\">https:\/\/alimentosreal.com\/<\/a><\/span><\/p>\n<p style=\"text-align: justify;\"><span style=\"color: #000000;\">\u00a1Celebremos juntos el inicio de un nuevo a\u00f1o con el aut\u00e9ntico sabor del encebollado y ay\u00fadanos a proclamarlo patrimonio!<\/span><\/p>\n<p><img decoding=\"async\" class=\"aligncenter size-full wp-image-115310\" src=\"https:\/\/www.quebakan.com\/v15\/wp-content\/uploads\/2023\/12\/Imagen-2-campana-.jpg\" alt=\"\" width=\"700\" height=\"390\" \/><\/p>\n","protected":false},"excerpt":{"rendered":"<p>GUAYAQUIL, DICIEMBRE 2023.- Alimentos Real, te invita a iniciar el a\u00f1o como un verdadero ecuatoriano, por ello la marca repartir\u00e1 Encebollado Real gratuitamente el 1 de enero del 2024 en las ciudades de Salinas y Quito. El encebollado, plato emblem\u00e1tico de la gastronom\u00eda ecuatoriana, es un s\u00edmbolo de uni\u00f3n y celebraci\u00f3n. Por ello, conscientes del [&hellip;]<\/p>\n","protected":false},"author":4,"featured_media":115309,"comment_status":"open","ping_status":"open","sticky":false,"template":"","format":"standard","meta":{"_bbp_topic_count":0,"_bbp_reply_count":0,"_bbp_total_topic_count":0,"_bbp_total_reply_count":0,"_bbp_voice_count":0,"_bbp_anonymous_reply_count":0,"_bbp_topic_count_hidden":0,"_bbp_reply_count_hidden":0,"_bbp_forum_subforum_count":0,"buzzeditor_post_format":"","footnotes":""},"categories":[2],"tags":[],"class_list":["post-115308","post","type-post","status-publish","format-standard","has-post-thumbnail","hentry","category-noticias"],"yoast_head":"<!-- This site is optimized with the Yoast SEO plugin v27.5 - https:\/\/yoast.com\/product\/yoast-seo-wordpress\/ -->\n<title>ALIMENTOS REAL INVITA EL PRIMER ENCEBOLLADO DEL A\u00d1O &#8211; QUEBAKAN.COM 2026: Noticias, Eventos, Conciertos y mucho m\u00e1s....<\/title>\n<meta name=\"robots\" content=\"index, follow, max-snippet:-1, max-image-preview:large, max-video-preview:-1\" \/>\n<link rel=\"canonical\" href=\"https:\/\/www.quebakan.com\/v15\/alimentos-real-invita-el-primer-encebollado-del-ano\/\" \/>\n<meta property=\"og:locale\" content=\"es_ES\" \/>\n<meta property=\"og:type\" content=\"article\" \/>\n<meta property=\"og:title\" content=\"ALIMENTOS REAL INVITA EL PRIMER ENCEBOLLADO DEL A\u00d1O &#8211; QUEBAKAN.COM 2026: Noticias, Eventos, Conciertos y mucho m\u00e1s....\" \/>\n<meta property=\"og:description\" content=\"GUAYAQUIL, DICIEMBRE 2023.- Alimentos Real, te invita a iniciar el a\u00f1o como un verdadero ecuatoriano, por ello la marca repartir\u00e1 Encebollado Real gratuitamente el 1 de enero del 2024 en las ciudades de Salinas y Quito. El encebollado, plato emblem\u00e1tico de la gastronom\u00eda ecuatoriana, es un s\u00edmbolo de uni\u00f3n y celebraci\u00f3n. Por ello, conscientes del [&hellip;]\" \/>\n<meta property=\"og:url\" content=\"https:\/\/www.quebakan.com\/v15\/alimentos-real-invita-el-primer-encebollado-del-ano\/\" \/>\n<meta property=\"og:site_name\" content=\"QUEBAKAN.COM 2026: Noticias, Eventos, Conciertos y mucho m\u00e1s....\" \/>\n<meta property=\"article:publisher\" content=\"http:\/\/www.facebook.com\/quebakan\" \/>\n<meta property=\"article:published_time\" content=\"2023-12-30T02:20:29+00:00\" \/>\n<meta property=\"og:image\" content=\"https:\/\/www.quebakan.com\/v15\/wp-content\/uploads\/2023\/12\/Imagen-1-Campana-.jpg\" \/>\n\t<meta property=\"og:image:width\" content=\"700\" \/>\n\t<meta property=\"og:image:height\" content=\"391\" \/>\n\t<meta property=\"og:image:type\" content=\"image\/jpeg\" \/>\n<meta name=\"author\" content=\"Erick Villafuerte\" \/>\n<meta name=\"twitter:card\" content=\"summary_large_image\" \/>\n<meta name=\"twitter:creator\" content=\"@quebakanec\" \/>\n<meta name=\"twitter:site\" content=\"@quebakanec\" \/>\n<meta name=\"twitter:label1\" content=\"Escrito por\" \/>\n\t<meta name=\"twitter:data1\" content=\"Erick Villafuerte\" \/>\n\t<meta name=\"twitter:label2\" content=\"Tiempo de lectura\" \/>\n\t<meta name=\"twitter:data2\" content=\"2 minutos\" \/>\n<script type=\"application\/ld+json\" class=\"yoast-schema-graph\">{\"@context\":\"https:\\\/\\\/schema.org\",\"@graph\":[{\"@type\":\"Article\",\"@id\":\"https:\\\/\\\/www.quebakan.com\\\/v15\\\/alimentos-real-invita-el-primer-encebollado-del-ano\\\/#article\",\"isPartOf\":{\"@id\":\"https:\\\/\\\/www.quebakan.com\\\/v15\\\/alimentos-real-invita-el-primer-encebollado-del-ano\\\/\"},\"author\":{\"name\":\"Erick Villafuerte\",\"@id\":\"https:\\\/\\\/www.quebakan.com\\\/v15\\\/#\\\/schema\\\/person\\\/d90fa9f9cfa81eb8ace9811e5b7b9118\"},\"headline\":\"ALIMENTOS REAL INVITA EL PRIMER ENCEBOLLADO DEL A\u00d1O\",\"datePublished\":\"2023-12-30T02:20:29+00:00\",\"mainEntityOfPage\":{\"@id\":\"https:\\\/\\\/www.quebakan.com\\\/v15\\\/alimentos-real-invita-el-primer-encebollado-del-ano\\\/\"},\"wordCount\":313,\"commentCount\":0,\"publisher\":{\"@id\":\"https:\\\/\\\/www.quebakan.com\\\/v15\\\/#organization\"},\"image\":{\"@id\":\"https:\\\/\\\/www.quebakan.com\\\/v15\\\/alimentos-real-invita-el-primer-encebollado-del-ano\\\/#primaryimage\"},\"thumbnailUrl\":\"https:\\\/\\\/www.quebakan.com\\\/v15\\\/wp-content\\\/uploads\\\/2023\\\/12\\\/Imagen-1-Campana-.jpg\",\"articleSection\":[\"Noticias\"],\"inLanguage\":\"es\"},{\"@type\":\"WebPage\",\"@id\":\"https:\\\/\\\/www.quebakan.com\\\/v15\\\/alimentos-real-invita-el-primer-encebollado-del-ano\\\/\",\"url\":\"https:\\\/\\\/www.quebakan.com\\\/v15\\\/alimentos-real-invita-el-primer-encebollado-del-ano\\\/\",\"name\":\"ALIMENTOS REAL INVITA EL PRIMER ENCEBOLLADO DEL A\u00d1O &#8211; QUEBAKAN.COM 2026: Noticias, Eventos, Conciertos y mucho m\u00e1s....\",\"isPartOf\":{\"@id\":\"https:\\\/\\\/www.quebakan.com\\\/v15\\\/#website\"},\"primaryImageOfPage\":{\"@id\":\"https:\\\/\\\/www.quebakan.com\\\/v15\\\/alimentos-real-invita-el-primer-encebollado-del-ano\\\/#primaryimage\"},\"image\":{\"@id\":\"https:\\\/\\\/www.quebakan.com\\\/v15\\\/alimentos-real-invita-el-primer-encebollado-del-ano\\\/#primaryimage\"},\"thumbnailUrl\":\"https:\\\/\\\/www.quebakan.com\\\/v15\\\/wp-content\\\/uploads\\\/2023\\\/12\\\/Imagen-1-Campana-.jpg\",\"datePublished\":\"2023-12-30T02:20:29+00:00\",\"breadcrumb\":{\"@id\":\"https:\\\/\\\/www.quebakan.com\\\/v15\\\/alimentos-real-invita-el-primer-encebollado-del-ano\\\/#breadcrumb\"},\"inLanguage\":\"es\",\"potentialAction\":[{\"@type\":\"ReadAction\",\"target\":[\"https:\\\/\\\/www.quebakan.com\\\/v15\\\/alimentos-real-invita-el-primer-encebollado-del-ano\\\/\"]}]},{\"@type\":\"ImageObject\",\"inLanguage\":\"es\",\"@id\":\"https:\\\/\\\/www.quebakan.com\\\/v15\\\/alimentos-real-invita-el-primer-encebollado-del-ano\\\/#primaryimage\",\"url\":\"https:\\\/\\\/www.quebakan.com\\\/v15\\\/wp-content\\\/uploads\\\/2023\\\/12\\\/Imagen-1-Campana-.jpg\",\"contentUrl\":\"https:\\\/\\\/www.quebakan.com\\\/v15\\\/wp-content\\\/uploads\\\/2023\\\/12\\\/Imagen-1-Campana-.jpg\",\"width\":700,\"height\":391},{\"@type\":\"BreadcrumbList\",\"@id\":\"https:\\\/\\\/www.quebakan.com\\\/v15\\\/alimentos-real-invita-el-primer-encebollado-del-ano\\\/#breadcrumb\",\"itemListElement\":[{\"@type\":\"ListItem\",\"position\":1,\"name\":\"Portada\",\"item\":\"https:\\\/\\\/www.quebakan.com\\\/v15\\\/\"},{\"@type\":\"ListItem\",\"position\":2,\"name\":\"ALIMENTOS REAL INVITA EL PRIMER ENCEBOLLADO DEL A\u00d1O\"}]},{\"@type\":\"WebSite\",\"@id\":\"https:\\\/\\\/www.quebakan.com\\\/v15\\\/#website\",\"url\":\"https:\\\/\\\/www.quebakan.com\\\/v15\\\/\",\"name\":\"QUEBAKAN\",\"description\":\"..\",\"publisher\":{\"@id\":\"https:\\\/\\\/www.quebakan.com\\\/v15\\\/#organization\"},\"potentialAction\":[{\"@type\":\"SearchAction\",\"target\":{\"@type\":\"EntryPoint\",\"urlTemplate\":\"https:\\\/\\\/www.quebakan.com\\\/v15\\\/?s={search_term_string}\"},\"query-input\":{\"@type\":\"PropertyValueSpecification\",\"valueRequired\":true,\"valueName\":\"search_term_string\"}}],\"inLanguage\":\"es\"},{\"@type\":\"Organization\",\"@id\":\"https:\\\/\\\/www.quebakan.com\\\/v15\\\/#organization\",\"name\":\"Quebakan.com\",\"url\":\"https:\\\/\\\/www.quebakan.com\\\/v15\\\/\",\"logo\":{\"@type\":\"ImageObject\",\"inLanguage\":\"es\",\"@id\":\"https:\\\/\\\/www.quebakan.com\\\/v15\\\/#\\\/schema\\\/logo\\\/image\\\/\",\"url\":\"https:\\\/\\\/www.quebakan.com\\\/v15\\\/wp-content\\\/uploads\\\/2023\\\/07\\\/logoquebakanenero2021.jpg\",\"contentUrl\":\"https:\\\/\\\/www.quebakan.com\\\/v15\\\/wp-content\\\/uploads\\\/2023\\\/07\\\/logoquebakanenero2021.jpg\",\"width\":1920,\"height\":1080,\"caption\":\"Quebakan.com\"},\"image\":{\"@id\":\"https:\\\/\\\/www.quebakan.com\\\/v15\\\/#\\\/schema\\\/logo\\\/image\\\/\"},\"sameAs\":[\"http:\\\/\\\/www.facebook.com\\\/quebakan\",\"https:\\\/\\\/x.com\\\/quebakanec\",\"http:\\\/\\\/www.instagram.com\\\/quebakan\",\"http:\\\/\\\/www.youtube.com\\\/quebakan1\"]},{\"@type\":\"Person\",\"@id\":\"https:\\\/\\\/www.quebakan.com\\\/v15\\\/#\\\/schema\\\/person\\\/d90fa9f9cfa81eb8ace9811e5b7b9118\",\"name\":\"Erick Villafuerte\",\"image\":{\"@type\":\"ImageObject\",\"inLanguage\":\"es\",\"@id\":\"https:\\\/\\\/www.quebakan.com\\\/v15\\\/wp-content\\\/uploads\\\/avatars\\\/4\\\/1731297654-bpfull.png\",\"url\":\"https:\\\/\\\/www.quebakan.com\\\/v15\\\/wp-content\\\/uploads\\\/avatars\\\/4\\\/1731297654-bpfull.png\",\"contentUrl\":\"https:\\\/\\\/www.quebakan.com\\\/v15\\\/wp-content\\\/uploads\\\/avatars\\\/4\\\/1731297654-bpfull.png\",\"caption\":\"Erick Villafuerte\"}}]}<\/script>\n<!-- \/ Yoast SEO plugin. -->","yoast_head_json":{"title":"ALIMENTOS REAL INVITA EL PRIMER ENCEBOLLADO DEL A\u00d1O &#8211; QUEBAKAN.COM 2026: Noticias, Eventos, Conciertos y mucho m\u00e1s....","robots":{"index":"index","follow":"follow","max-snippet":"max-snippet:-1","max-image-preview":"max-image-preview:large","max-video-preview":"max-video-preview:-1"},"canonical":"https:\/\/www.quebakan.com\/v15\/alimentos-real-invita-el-primer-encebollado-del-ano\/","og_locale":"es_ES","og_type":"article","og_title":"ALIMENTOS REAL INVITA EL PRIMER ENCEBOLLADO DEL A\u00d1O &#8211; QUEBAKAN.COM 2026: Noticias, Eventos, Conciertos y mucho m\u00e1s....","og_description":"GUAYAQUIL, DICIEMBRE 2023.- Alimentos Real, te invita a iniciar el a\u00f1o como un verdadero ecuatoriano, por ello la marca repartir\u00e1 Encebollado Real gratuitamente el 1 de enero del 2024 en las ciudades de Salinas y Quito. El encebollado, plato emblem\u00e1tico de la gastronom\u00eda ecuatoriana, es un s\u00edmbolo de uni\u00f3n y celebraci\u00f3n. Por ello, conscientes del [&hellip;]","og_url":"https:\/\/www.quebakan.com\/v15\/alimentos-real-invita-el-primer-encebollado-del-ano\/","og_site_name":"QUEBAKAN.COM 2026: Noticias, Eventos, Conciertos y mucho m\u00e1s....","article_publisher":"http:\/\/www.facebook.com\/quebakan","article_published_time":"2023-12-30T02:20:29+00:00","og_image":[{"width":700,"height":391,"url":"https:\/\/www.quebakan.com\/v15\/wp-content\/uploads\/2023\/12\/Imagen-1-Campana-.jpg","type":"image\/jpeg"}],"author":"Erick Villafuerte","twitter_card":"summary_large_image","twitter_creator":"@quebakanec","twitter_site":"@quebakanec","twitter_misc":{"Escrito por":"Erick Villafuerte","Tiempo de lectura":"2 minutos"},"schema":{"@context":"https:\/\/schema.org","@graph":[{"@type":"Article","@id":"https:\/\/www.quebakan.com\/v15\/alimentos-real-invita-el-primer-encebollado-del-ano\/#article","isPartOf":{"@id":"https:\/\/www.quebakan.com\/v15\/alimentos-real-invita-el-primer-encebollado-del-ano\/"},"author":{"name":"Erick Villafuerte","@id":"https:\/\/www.quebakan.com\/v15\/#\/schema\/person\/d90fa9f9cfa81eb8ace9811e5b7b9118"},"headline":"ALIMENTOS REAL INVITA EL PRIMER ENCEBOLLADO DEL A\u00d1O","datePublished":"2023-12-30T02:20:29+00:00","mainEntityOfPage":{"@id":"https:\/\/www.quebakan.com\/v15\/alimentos-real-invita-el-primer-encebollado-del-ano\/"},"wordCount":313,"commentCount":0,"publisher":{"@id":"https:\/\/www.quebakan.com\/v15\/#organization"},"image":{"@id":"https:\/\/www.quebakan.com\/v15\/alimentos-real-invita-el-primer-encebollado-del-ano\/#primaryimage"},"thumbnailUrl":"https:\/\/www.quebakan.com\/v15\/wp-content\/uploads\/2023\/12\/Imagen-1-Campana-.jpg","articleSection":["Noticias"],"inLanguage":"es"},{"@type":"WebPage","@id":"https:\/\/www.quebakan.com\/v15\/alimentos-real-invita-el-primer-encebollado-del-ano\/","url":"https:\/\/www.quebakan.com\/v15\/alimentos-real-invita-el-primer-encebollado-del-ano\/","name":"ALIMENTOS REAL INVITA EL PRIMER ENCEBOLLADO DEL A\u00d1O &#8211; QUEBAKAN.COM 2026: Noticias, Eventos, Conciertos y mucho m\u00e1s....","isPartOf":{"@id":"https:\/\/www.quebakan.com\/v15\/#website"},"primaryImageOfPage":{"@id":"https:\/\/www.quebakan.com\/v15\/alimentos-real-invita-el-primer-encebollado-del-ano\/#primaryimage"},"image":{"@id":"https:\/\/www.quebakan.com\/v15\/alimentos-real-invita-el-primer-encebollado-del-ano\/#primaryimage"},"thumbnailUrl":"https:\/\/www.quebakan.com\/v15\/wp-content\/uploads\/2023\/12\/Imagen-1-Campana-.jpg","datePublished":"2023-12-30T02:20:29+00:00","breadcrumb":{"@id":"https:\/\/www.quebakan.com\/v15\/alimentos-real-invita-el-primer-encebollado-del-ano\/#breadcrumb"},"inLanguage":"es","potentialAction":[{"@type":"ReadAction","target":["https:\/\/www.quebakan.com\/v15\/alimentos-real-invita-el-primer-encebollado-del-ano\/"]}]},{"@type":"ImageObject","inLanguage":"es","@id":"https:\/\/www.quebakan.com\/v15\/alimentos-real-invita-el-primer-encebollado-del-ano\/#primaryimage","url":"https:\/\/www.quebakan.com\/v15\/wp-content\/uploads\/2023\/12\/Imagen-1-Campana-.jpg","contentUrl":"https:\/\/www.quebakan.com\/v15\/wp-content\/uploads\/2023\/12\/Imagen-1-Campana-.jpg","width":700,"height":391},{"@type":"BreadcrumbList","@id":"https:\/\/www.quebakan.com\/v15\/alimentos-real-invita-el-primer-encebollado-del-ano\/#breadcrumb","itemListElement":[{"@type":"ListItem","position":1,"name":"Portada","item":"https:\/\/www.quebakan.com\/v15\/"},{"@type":"ListItem","position":2,"name":"ALIMENTOS REAL INVITA EL PRIMER ENCEBOLLADO DEL A\u00d1O"}]},{"@type":"WebSite","@id":"https:\/\/www.quebakan.com\/v15\/#website","url":"https:\/\/www.quebakan.com\/v15\/","name":"QUEBAKAN","description":"..","publisher":{"@id":"https:\/\/www.quebakan.com\/v15\/#organization"},"potentialAction":[{"@type":"SearchAction","target":{"@type":"EntryPoint","urlTemplate":"https:\/\/www.quebakan.com\/v15\/?s={search_term_string}"},"query-input":{"@type":"PropertyValueSpecification","valueRequired":true,"valueName":"search_term_string"}}],"inLanguage":"es"},{"@type":"Organization","@id":"https:\/\/www.quebakan.com\/v15\/#organization","name":"Quebakan.com","url":"https:\/\/www.quebakan.com\/v15\/","logo":{"@type":"ImageObject","inLanguage":"es","@id":"https:\/\/www.quebakan.com\/v15\/#\/schema\/logo\/image\/","url":"https:\/\/www.quebakan.com\/v15\/wp-content\/uploads\/2023\/07\/logoquebakanenero2021.jpg","contentUrl":"https:\/\/www.quebakan.com\/v15\/wp-content\/uploads\/2023\/07\/logoquebakanenero2021.jpg","width":1920,"height":1080,"caption":"Quebakan.com"},"image":{"@id":"https:\/\/www.quebakan.com\/v15\/#\/schema\/logo\/image\/"},"sameAs":["http:\/\/www.facebook.com\/quebakan","https:\/\/x.com\/quebakanec","http:\/\/www.instagram.com\/quebakan","http:\/\/www.youtube.com\/quebakan1"]},{"@type":"Person","@id":"https:\/\/www.quebakan.com\/v15\/#\/schema\/person\/d90fa9f9cfa81eb8ace9811e5b7b9118","name":"Erick Villafuerte","image":{"@type":"ImageObject","inLanguage":"es","@id":"https:\/\/www.quebakan.com\/v15\/wp-content\/uploads\/avatars\/4\/1731297654-bpfull.png","url":"https:\/\/www.quebakan.com\/v15\/wp-content\/uploads\/avatars\/4\/1731297654-bpfull.png","contentUrl":"https:\/\/www.quebakan.com\/v15\/wp-content\/uploads\/avatars\/4\/1731297654-bpfull.png","caption":"Erick Villafuerte"}}]}},"_links":{"self":[{"href":"https:\/\/www.quebakan.com\/v15\/wp-json\/wp\/v2\/posts\/115308","targetHints":{"allow":["GET"]}}],"collection":[{"href":"https:\/\/www.quebakan.com\/v15\/wp-json\/wp\/v2\/posts"}],"about":[{"href":"https:\/\/www.quebakan.com\/v15\/wp-json\/wp\/v2\/types\/post"}],"author":[{"embeddable":true,"href":"https:\/\/www.quebakan.com\/v15\/wp-json\/wp\/v2\/users\/4"}],"replies":[{"embeddable":true,"href":"https:\/\/www.quebakan.com\/v15\/wp-json\/wp\/v2\/comments?post=115308"}],"version-history":[{"count":1,"href":"https:\/\/www.quebakan.com\/v15\/wp-json\/wp\/v2\/posts\/115308\/revisions"}],"predecessor-version":[{"id":115311,"href":"https:\/\/www.quebakan.com\/v15\/wp-json\/wp\/v2\/posts\/115308\/revisions\/115311"}],"wp:featuredmedia":[{"embeddable":true,"href":"https:\/\/www.quebakan.com\/v15\/wp-json\/wp\/v2\/media\/115309"}],"wp:attachment":[{"href":"https:\/\/www.quebakan.com\/v15\/wp-json\/wp\/v2\/media?parent=115308"}],"wp:term":[{"taxonomy":"category","embeddable":true,"href":"https:\/\/www.quebakan.com\/v15\/wp-json\/wp\/v2\/categories?post=115308"},{"taxonomy":"post_tag","embeddable":true,"href":"https:\/\/www.quebakan.com\/v15\/wp-json\/wp\/v2\/tags?post=115308"}],"curies":[{"name":"wp","href":"https:\/\/api.w.org\/{rel}","templated":true}]}}