{"id":115312,"date":"2023-12-29T22:12:25","date_gmt":"2023-12-30T03:12:25","guid":{"rendered":"https:\/\/www.quebakan.com\/v15\/?p=115312"},"modified":"2023-12-29T22:12:25","modified_gmt":"2023-12-30T03:12:25","slug":"honor-y-porsche-design-unen-fuerzas-para-combinar-tecnologias-de-vanguardia-con-diseno-funcional","status":"publish","type":"post","link":"https:\/\/www.quebakan.com\/v15\/honor-y-porsche-design-unen-fuerzas-para-combinar-tecnologias-de-vanguardia-con-diseno-funcional\/","title":{"rendered":"HONOR y Porsche Design unen fuerzas para combinar tecnolog\u00edas de vanguardia con dise\u00f1o funcional"},"content":{"rendered":"<p><img decoding=\"async\" class=\"aligncenter size-full wp-image-115313\" src=\"https:\/\/www.quebakan.com\/v15\/wp-content\/uploads\/2023\/12\/HONOR_Logo.png\" alt=\"\" width=\"419\" height=\"104\" srcset=\"https:\/\/www.quebakan.com\/v15\/wp-content\/uploads\/2023\/12\/HONOR_Logo.png 419w, https:\/\/www.quebakan.com\/v15\/wp-content\/uploads\/2023\/12\/HONOR_Logo-413x104.png 413w\" sizes=\"(max-width: 419px) 100vw, 419px\" \/><\/p>\n<p>&nbsp;<\/p>\n<p class=\"x_MsoNormal\" style=\"text-align: justify;\"><span style=\"color: #000000;\"><b>Ecuador, 28 de diciembre de 2023.-<\/b>\u00a0La ic\u00f3nica marca global de tecnolog\u00eda HONOR y la marca de estilo de vida de lujo Porsche Design anunciaron una asociaci\u00f3n estrat\u00e9gica. Ambas est\u00e1n unidas por la visi\u00f3n de crear productos innovadores que combinan un dise\u00f1o excepcional y funcional con tecnolog\u00eda de vanguardia. Impulsadas por sus valores compartidos de buscar constantemente la excelencia y superar los l\u00edmites de lo posible, las dos empresas combinar\u00e1n sus filosof\u00edas de dise\u00f1o respectivas para crear dispositivos inteligentes de alta gama y ofrecer a sus clientes una experiencia de usuario de lujo en el mundo de la electr\u00f3nica.<\/span><\/p>\n<p class=\"x_MsoNormal\" style=\"text-align: justify;\"><span style=\"color: #000000;\"><u>Lo mejor de ambos mundos<\/u><\/span><\/p>\n<p class=\"x_MsoNormal\" style=\"text-align: justify;\"><span style=\"color: #000000;\">A trav\u00e9s de sus amplias y sofisticadas capacidades de investigaci\u00f3n y desarrollo (I+D), HONOR est\u00e1 liderando varias tecnolog\u00edas. Al independizarse en 2020, HONOR se convirti\u00f3 de inmediato en l\u00edder de la industria en smartphones plegables e innovaciones en fotograf\u00eda m\u00f3vil, estableci\u00e9ndose como un actor clave en este sector. El portafolio de productos y servicios de HONOR impresiona con productos inteligentes e innovadores que ofrecen una experiencia de usuario superior y caracter\u00edsticas sobresalientes, especialmente en los campos m\u00e1s relevantes para los consumidores, como la duraci\u00f3n de la bater\u00eda, la tecnolog\u00eda de pantalla, as\u00ed como fotograf\u00eda y video. HONOR ha demostrado tener la capacidad y determinaci\u00f3n para representar el segmento m\u00e1s avanzado en tecnolog\u00edas inteligentes.<\/span><\/p>\n<p class=\"x_MsoNormal\" style=\"text-align: justify;\"><span style=\"color: #000000;\">Porsche Design aporta su experiencia \u00fanica en dise\u00f1o y su experiencia de d\u00e9cadas en el segmento de lujo a esta colaboraci\u00f3n. El prestigio y el \u00e9xito de la marca se derivan de la filosof\u00eda de dise\u00f1o atemporal, funcional y purista definida por el profesor Ferdinand Alexander Porsche, quien no s\u00f3lo dise\u00f1\u00f3 el legendario Porsche 911, sino que tambi\u00e9n cre\u00f3 el primer reloj de pulsera completamente negro del mundo. Porsche Design cuenta con m\u00e1s de 15 a\u00f1os de \u00e9xito en el negocio de los smartphones, habiendo dise\u00f1ado y colaborado en el desarrollo de numerosos dispositivos de alto rendimiento.<\/span><\/p>\n<p class=\"x_MsoNormal\" style=\"text-align: justify;\"><span style=\"color: #000000;\">\u00abLa exclusiva asociaci\u00f3n con HONOR es un hito para la expansi\u00f3n adicional del ic\u00f3nico portafolio de productos electr\u00f3nicos de Porsche Design. Con HONOR hemos encontrado el socio de marca perfecto para impulsar la innovaci\u00f3n y ofrecer a nuestros clientes productos emocionantes que combinen perfectamente un dise\u00f1o excepcional y un rendimiento sobresaliente. Compartimos el mismo objetivo de convertirnos en l\u00edderes en el segmento de lujo moderno de dispositivos inteligentes\u00bb, expres\u00f3 Stefan Buescher, presidente de la junta ejecutiva de Porsche Lifestyle Group.<\/span><\/p>\n<p class=\"x_MsoNormal\" style=\"text-align: justify;\"><span style=\"color: #000000;\">\u00abNos sentimos honrados de trabajar con un socio como Porsche Design y explorar c\u00f3mo la apertura y la colaboraci\u00f3n innovadora pueden fusionar un dise\u00f1o excepcional y un rendimiento sobresaliente para llevar la tecnolog\u00eda de \u00faltima generaci\u00f3n al segmento premium de dispositivos inteligentes\u00bb, dijo George Zhao, CEO de HONOR. \u00abEl dise\u00f1o centrado en el ser humano de HONOR se fusiona con la filosof\u00eda de marca de Porsche Design para crear productos de lujo inteligentes que acelerar\u00e1n el estilo de vida m\u00f3vil de los entusiastas de la tecnolog\u00eda y los aficionados a Porsche por igual. Esta colaboraci\u00f3n a largo plazo entre HONOR y Porsche Design abre emocionantes oportunidades para fortalecer nuestro crecimiento en los mercados de todo el mundo\u00bb.<\/span><\/p>\n<p class=\"x_MsoNormal\" style=\"text-align: justify;\"><span style=\"color: #000000;\">Al fusionar tecnolog\u00eda innovadora, conceptos de productos pioneros y est\u00e9tica atemporal, las dos marcas esperan llevar la innovaci\u00f3n de vanguardia y el dise\u00f1o purista premium al mundo de los dispositivos inteligentes de lujo. El primer dispositivo inteligente desarrollado conjuntamente entre HONOR y Porsche Design se presentar\u00e1 en enero de 2024 en China.<\/span><\/p>\n","protected":false},"excerpt":{"rendered":"<p>&nbsp; Ecuador, 28 de diciembre de 2023.-\u00a0La ic\u00f3nica marca global de tecnolog\u00eda HONOR y la marca de estilo de vida de lujo Porsche Design anunciaron una asociaci\u00f3n estrat\u00e9gica. Ambas est\u00e1n unidas por la visi\u00f3n de crear productos innovadores que combinan un dise\u00f1o excepcional y funcional con tecnolog\u00eda de vanguardia. Impulsadas por sus valores compartidos de [&hellip;]<\/p>\n","protected":false},"author":4,"featured_media":115313,"comment_status":"open","ping_status":"open","sticky":false,"template":"","format":"standard","meta":{"_bbp_topic_count":0,"_bbp_reply_count":0,"_bbp_total_topic_count":0,"_bbp_total_reply_count":0,"_bbp_voice_count":0,"_bbp_anonymous_reply_count":0,"_bbp_topic_count_hidden":0,"_bbp_reply_count_hidden":0,"_bbp_forum_subforum_count":0,"buzzeditor_post_format":"","footnotes":""},"categories":[4],"tags":[],"class_list":["post-115312","post","type-post","status-publish","format-standard","has-post-thumbnail","hentry","category-tecnologia"],"yoast_head":"<!-- This site is optimized with the Yoast SEO plugin v27.5 - https:\/\/yoast.com\/product\/yoast-seo-wordpress\/ -->\n<title>HONOR y Porsche Design unen fuerzas para combinar tecnolog\u00edas de vanguardia con dise\u00f1o funcional &#8211; QUEBAKAN.COM 2026: Noticias, Eventos, Conciertos y mucho m\u00e1s....<\/title>\n<meta name=\"robots\" content=\"index, follow, max-snippet:-1, max-image-preview:large, max-video-preview:-1\" \/>\n<link rel=\"canonical\" href=\"https:\/\/www.quebakan.com\/v15\/honor-y-porsche-design-unen-fuerzas-para-combinar-tecnologias-de-vanguardia-con-diseno-funcional\/\" \/>\n<meta property=\"og:locale\" content=\"es_ES\" \/>\n<meta property=\"og:type\" content=\"article\" \/>\n<meta property=\"og:title\" content=\"HONOR y Porsche Design unen fuerzas para combinar tecnolog\u00edas de vanguardia con dise\u00f1o funcional &#8211; QUEBAKAN.COM 2026: Noticias, Eventos, Conciertos y mucho m\u00e1s....\" \/>\n<meta property=\"og:description\" content=\"&nbsp; Ecuador, 28 de diciembre de 2023.-\u00a0La ic\u00f3nica marca global de tecnolog\u00eda HONOR y la marca de estilo de vida de lujo Porsche Design anunciaron una asociaci\u00f3n estrat\u00e9gica. Ambas est\u00e1n unidas por la visi\u00f3n de crear productos innovadores que combinan un dise\u00f1o excepcional y funcional con tecnolog\u00eda de vanguardia. Impulsadas por sus valores compartidos de [&hellip;]\" \/>\n<meta property=\"og:url\" content=\"https:\/\/www.quebakan.com\/v15\/honor-y-porsche-design-unen-fuerzas-para-combinar-tecnologias-de-vanguardia-con-diseno-funcional\/\" \/>\n<meta property=\"og:site_name\" content=\"QUEBAKAN.COM 2026: Noticias, Eventos, Conciertos y mucho m\u00e1s....\" \/>\n<meta property=\"article:publisher\" content=\"http:\/\/www.facebook.com\/quebakan\" \/>\n<meta property=\"article:published_time\" content=\"2023-12-30T03:12:25+00:00\" \/>\n<meta property=\"og:image\" content=\"https:\/\/www.quebakan.com\/v15\/wp-content\/uploads\/2023\/12\/HONOR_Logo.png\" \/>\n\t<meta property=\"og:image:width\" content=\"419\" \/>\n\t<meta property=\"og:image:height\" content=\"104\" \/>\n\t<meta property=\"og:image:type\" content=\"image\/png\" \/>\n<meta name=\"author\" content=\"Erick Villafuerte\" \/>\n<meta name=\"twitter:card\" content=\"summary_large_image\" \/>\n<meta name=\"twitter:creator\" content=\"@quebakanec\" \/>\n<meta name=\"twitter:site\" content=\"@quebakanec\" \/>\n<meta name=\"twitter:label1\" content=\"Escrito por\" \/>\n\t<meta name=\"twitter:data1\" content=\"Erick Villafuerte\" \/>\n\t<meta name=\"twitter:label2\" content=\"Tiempo de lectura\" \/>\n\t<meta name=\"twitter:data2\" content=\"3 minutos\" \/>\n<script type=\"application\/ld+json\" class=\"yoast-schema-graph\">{\"@context\":\"https:\\\/\\\/schema.org\",\"@graph\":[{\"@type\":\"Article\",\"@id\":\"https:\\\/\\\/www.quebakan.com\\\/v15\\\/honor-y-porsche-design-unen-fuerzas-para-combinar-tecnologias-de-vanguardia-con-diseno-funcional\\\/#article\",\"isPartOf\":{\"@id\":\"https:\\\/\\\/www.quebakan.com\\\/v15\\\/honor-y-porsche-design-unen-fuerzas-para-combinar-tecnologias-de-vanguardia-con-diseno-funcional\\\/\"},\"author\":{\"name\":\"Erick Villafuerte\",\"@id\":\"https:\\\/\\\/www.quebakan.com\\\/v15\\\/#\\\/schema\\\/person\\\/d90fa9f9cfa81eb8ace9811e5b7b9118\"},\"headline\":\"HONOR y Porsche Design unen fuerzas para combinar tecnolog\u00edas de vanguardia con dise\u00f1o funcional\",\"datePublished\":\"2023-12-30T03:12:25+00:00\",\"mainEntityOfPage\":{\"@id\":\"https:\\\/\\\/www.quebakan.com\\\/v15\\\/honor-y-porsche-design-unen-fuerzas-para-combinar-tecnologias-de-vanguardia-con-diseno-funcional\\\/\"},\"wordCount\":637,\"commentCount\":0,\"publisher\":{\"@id\":\"https:\\\/\\\/www.quebakan.com\\\/v15\\\/#organization\"},\"image\":{\"@id\":\"https:\\\/\\\/www.quebakan.com\\\/v15\\\/honor-y-porsche-design-unen-fuerzas-para-combinar-tecnologias-de-vanguardia-con-diseno-funcional\\\/#primaryimage\"},\"thumbnailUrl\":\"https:\\\/\\\/www.quebakan.com\\\/v15\\\/wp-content\\\/uploads\\\/2023\\\/12\\\/HONOR_Logo.png\",\"articleSection\":[\"Tecnolog\u00eda\"],\"inLanguage\":\"es\"},{\"@type\":\"WebPage\",\"@id\":\"https:\\\/\\\/www.quebakan.com\\\/v15\\\/honor-y-porsche-design-unen-fuerzas-para-combinar-tecnologias-de-vanguardia-con-diseno-funcional\\\/\",\"url\":\"https:\\\/\\\/www.quebakan.com\\\/v15\\\/honor-y-porsche-design-unen-fuerzas-para-combinar-tecnologias-de-vanguardia-con-diseno-funcional\\\/\",\"name\":\"HONOR y Porsche Design unen fuerzas para combinar tecnolog\u00edas de vanguardia con dise\u00f1o funcional &#8211; QUEBAKAN.COM 2026: Noticias, Eventos, Conciertos y mucho m\u00e1s....\",\"isPartOf\":{\"@id\":\"https:\\\/\\\/www.quebakan.com\\\/v15\\\/#website\"},\"primaryImageOfPage\":{\"@id\":\"https:\\\/\\\/www.quebakan.com\\\/v15\\\/honor-y-porsche-design-unen-fuerzas-para-combinar-tecnologias-de-vanguardia-con-diseno-funcional\\\/#primaryimage\"},\"image\":{\"@id\":\"https:\\\/\\\/www.quebakan.com\\\/v15\\\/honor-y-porsche-design-unen-fuerzas-para-combinar-tecnologias-de-vanguardia-con-diseno-funcional\\\/#primaryimage\"},\"thumbnailUrl\":\"https:\\\/\\\/www.quebakan.com\\\/v15\\\/wp-content\\\/uploads\\\/2023\\\/12\\\/HONOR_Logo.png\",\"datePublished\":\"2023-12-30T03:12:25+00:00\",\"breadcrumb\":{\"@id\":\"https:\\\/\\\/www.quebakan.com\\\/v15\\\/honor-y-porsche-design-unen-fuerzas-para-combinar-tecnologias-de-vanguardia-con-diseno-funcional\\\/#breadcrumb\"},\"inLanguage\":\"es\",\"potentialAction\":[{\"@type\":\"ReadAction\",\"target\":[\"https:\\\/\\\/www.quebakan.com\\\/v15\\\/honor-y-porsche-design-unen-fuerzas-para-combinar-tecnologias-de-vanguardia-con-diseno-funcional\\\/\"]}]},{\"@type\":\"ImageObject\",\"inLanguage\":\"es\",\"@id\":\"https:\\\/\\\/www.quebakan.com\\\/v15\\\/honor-y-porsche-design-unen-fuerzas-para-combinar-tecnologias-de-vanguardia-con-diseno-funcional\\\/#primaryimage\",\"url\":\"https:\\\/\\\/www.quebakan.com\\\/v15\\\/wp-content\\\/uploads\\\/2023\\\/12\\\/HONOR_Logo.png\",\"contentUrl\":\"https:\\\/\\\/www.quebakan.com\\\/v15\\\/wp-content\\\/uploads\\\/2023\\\/12\\\/HONOR_Logo.png\",\"width\":419,\"height\":104},{\"@type\":\"BreadcrumbList\",\"@id\":\"https:\\\/\\\/www.quebakan.com\\\/v15\\\/honor-y-porsche-design-unen-fuerzas-para-combinar-tecnologias-de-vanguardia-con-diseno-funcional\\\/#breadcrumb\",\"itemListElement\":[{\"@type\":\"ListItem\",\"position\":1,\"name\":\"Portada\",\"item\":\"https:\\\/\\\/www.quebakan.com\\\/v15\\\/\"},{\"@type\":\"ListItem\",\"position\":2,\"name\":\"HONOR y Porsche Design unen fuerzas para combinar tecnolog\u00edas de vanguardia con dise\u00f1o funcional\"}]},{\"@type\":\"WebSite\",\"@id\":\"https:\\\/\\\/www.quebakan.com\\\/v15\\\/#website\",\"url\":\"https:\\\/\\\/www.quebakan.com\\\/v15\\\/\",\"name\":\"QUEBAKAN\",\"description\":\"..\",\"publisher\":{\"@id\":\"https:\\\/\\\/www.quebakan.com\\\/v15\\\/#organization\"},\"potentialAction\":[{\"@type\":\"SearchAction\",\"target\":{\"@type\":\"EntryPoint\",\"urlTemplate\":\"https:\\\/\\\/www.quebakan.com\\\/v15\\\/?s={search_term_string}\"},\"query-input\":{\"@type\":\"PropertyValueSpecification\",\"valueRequired\":true,\"valueName\":\"search_term_string\"}}],\"inLanguage\":\"es\"},{\"@type\":\"Organization\",\"@id\":\"https:\\\/\\\/www.quebakan.com\\\/v15\\\/#organization\",\"name\":\"Quebakan.com\",\"url\":\"https:\\\/\\\/www.quebakan.com\\\/v15\\\/\",\"logo\":{\"@type\":\"ImageObject\",\"inLanguage\":\"es\",\"@id\":\"https:\\\/\\\/www.quebakan.com\\\/v15\\\/#\\\/schema\\\/logo\\\/image\\\/\",\"url\":\"https:\\\/\\\/www.quebakan.com\\\/v15\\\/wp-content\\\/uploads\\\/2023\\\/07\\\/logoquebakanenero2021.jpg\",\"contentUrl\":\"https:\\\/\\\/www.quebakan.com\\\/v15\\\/wp-content\\\/uploads\\\/2023\\\/07\\\/logoquebakanenero2021.jpg\",\"width\":1920,\"height\":1080,\"caption\":\"Quebakan.com\"},\"image\":{\"@id\":\"https:\\\/\\\/www.quebakan.com\\\/v15\\\/#\\\/schema\\\/logo\\\/image\\\/\"},\"sameAs\":[\"http:\\\/\\\/www.facebook.com\\\/quebakan\",\"https:\\\/\\\/x.com\\\/quebakanec\",\"http:\\\/\\\/www.instagram.com\\\/quebakan\",\"http:\\\/\\\/www.youtube.com\\\/quebakan1\"]},{\"@type\":\"Person\",\"@id\":\"https:\\\/\\\/www.quebakan.com\\\/v15\\\/#\\\/schema\\\/person\\\/d90fa9f9cfa81eb8ace9811e5b7b9118\",\"name\":\"Erick Villafuerte\",\"image\":{\"@type\":\"ImageObject\",\"inLanguage\":\"es\",\"@id\":\"https:\\\/\\\/www.quebakan.com\\\/v15\\\/wp-content\\\/uploads\\\/avatars\\\/4\\\/1731297654-bpfull.png\",\"url\":\"https:\\\/\\\/www.quebakan.com\\\/v15\\\/wp-content\\\/uploads\\\/avatars\\\/4\\\/1731297654-bpfull.png\",\"contentUrl\":\"https:\\\/\\\/www.quebakan.com\\\/v15\\\/wp-content\\\/uploads\\\/avatars\\\/4\\\/1731297654-bpfull.png\",\"caption\":\"Erick Villafuerte\"}}]}<\/script>\n<!-- \/ Yoast SEO plugin. -->","yoast_head_json":{"title":"HONOR y Porsche Design unen fuerzas para combinar tecnolog\u00edas de vanguardia con dise\u00f1o funcional &#8211; QUEBAKAN.COM 2026: Noticias, Eventos, Conciertos y mucho m\u00e1s....","robots":{"index":"index","follow":"follow","max-snippet":"max-snippet:-1","max-image-preview":"max-image-preview:large","max-video-preview":"max-video-preview:-1"},"canonical":"https:\/\/www.quebakan.com\/v15\/honor-y-porsche-design-unen-fuerzas-para-combinar-tecnologias-de-vanguardia-con-diseno-funcional\/","og_locale":"es_ES","og_type":"article","og_title":"HONOR y Porsche Design unen fuerzas para combinar tecnolog\u00edas de vanguardia con dise\u00f1o funcional &#8211; QUEBAKAN.COM 2026: Noticias, Eventos, Conciertos y mucho m\u00e1s....","og_description":"&nbsp; Ecuador, 28 de diciembre de 2023.-\u00a0La ic\u00f3nica marca global de tecnolog\u00eda HONOR y la marca de estilo de vida de lujo Porsche Design anunciaron una asociaci\u00f3n estrat\u00e9gica. Ambas est\u00e1n unidas por la visi\u00f3n de crear productos innovadores que combinan un dise\u00f1o excepcional y funcional con tecnolog\u00eda de vanguardia. Impulsadas por sus valores compartidos de [&hellip;]","og_url":"https:\/\/www.quebakan.com\/v15\/honor-y-porsche-design-unen-fuerzas-para-combinar-tecnologias-de-vanguardia-con-diseno-funcional\/","og_site_name":"QUEBAKAN.COM 2026: Noticias, Eventos, Conciertos y mucho m\u00e1s....","article_publisher":"http:\/\/www.facebook.com\/quebakan","article_published_time":"2023-12-30T03:12:25+00:00","og_image":[{"width":419,"height":104,"url":"https:\/\/www.quebakan.com\/v15\/wp-content\/uploads\/2023\/12\/HONOR_Logo.png","type":"image\/png"}],"author":"Erick Villafuerte","twitter_card":"summary_large_image","twitter_creator":"@quebakanec","twitter_site":"@quebakanec","twitter_misc":{"Escrito por":"Erick Villafuerte","Tiempo de lectura":"3 minutos"},"schema":{"@context":"https:\/\/schema.org","@graph":[{"@type":"Article","@id":"https:\/\/www.quebakan.com\/v15\/honor-y-porsche-design-unen-fuerzas-para-combinar-tecnologias-de-vanguardia-con-diseno-funcional\/#article","isPartOf":{"@id":"https:\/\/www.quebakan.com\/v15\/honor-y-porsche-design-unen-fuerzas-para-combinar-tecnologias-de-vanguardia-con-diseno-funcional\/"},"author":{"name":"Erick Villafuerte","@id":"https:\/\/www.quebakan.com\/v15\/#\/schema\/person\/d90fa9f9cfa81eb8ace9811e5b7b9118"},"headline":"HONOR y Porsche Design unen fuerzas para combinar tecnolog\u00edas de vanguardia con dise\u00f1o funcional","datePublished":"2023-12-30T03:12:25+00:00","mainEntityOfPage":{"@id":"https:\/\/www.quebakan.com\/v15\/honor-y-porsche-design-unen-fuerzas-para-combinar-tecnologias-de-vanguardia-con-diseno-funcional\/"},"wordCount":637,"commentCount":0,"publisher":{"@id":"https:\/\/www.quebakan.com\/v15\/#organization"},"image":{"@id":"https:\/\/www.quebakan.com\/v15\/honor-y-porsche-design-unen-fuerzas-para-combinar-tecnologias-de-vanguardia-con-diseno-funcional\/#primaryimage"},"thumbnailUrl":"https:\/\/www.quebakan.com\/v15\/wp-content\/uploads\/2023\/12\/HONOR_Logo.png","articleSection":["Tecnolog\u00eda"],"inLanguage":"es"},{"@type":"WebPage","@id":"https:\/\/www.quebakan.com\/v15\/honor-y-porsche-design-unen-fuerzas-para-combinar-tecnologias-de-vanguardia-con-diseno-funcional\/","url":"https:\/\/www.quebakan.com\/v15\/honor-y-porsche-design-unen-fuerzas-para-combinar-tecnologias-de-vanguardia-con-diseno-funcional\/","name":"HONOR y Porsche Design unen fuerzas para combinar tecnolog\u00edas de vanguardia con dise\u00f1o funcional &#8211; QUEBAKAN.COM 2026: Noticias, Eventos, Conciertos y mucho m\u00e1s....","isPartOf":{"@id":"https:\/\/www.quebakan.com\/v15\/#website"},"primaryImageOfPage":{"@id":"https:\/\/www.quebakan.com\/v15\/honor-y-porsche-design-unen-fuerzas-para-combinar-tecnologias-de-vanguardia-con-diseno-funcional\/#primaryimage"},"image":{"@id":"https:\/\/www.quebakan.com\/v15\/honor-y-porsche-design-unen-fuerzas-para-combinar-tecnologias-de-vanguardia-con-diseno-funcional\/#primaryimage"},"thumbnailUrl":"https:\/\/www.quebakan.com\/v15\/wp-content\/uploads\/2023\/12\/HONOR_Logo.png","datePublished":"2023-12-30T03:12:25+00:00","breadcrumb":{"@id":"https:\/\/www.quebakan.com\/v15\/honor-y-porsche-design-unen-fuerzas-para-combinar-tecnologias-de-vanguardia-con-diseno-funcional\/#breadcrumb"},"inLanguage":"es","potentialAction":[{"@type":"ReadAction","target":["https:\/\/www.quebakan.com\/v15\/honor-y-porsche-design-unen-fuerzas-para-combinar-tecnologias-de-vanguardia-con-diseno-funcional\/"]}]},{"@type":"ImageObject","inLanguage":"es","@id":"https:\/\/www.quebakan.com\/v15\/honor-y-porsche-design-unen-fuerzas-para-combinar-tecnologias-de-vanguardia-con-diseno-funcional\/#primaryimage","url":"https:\/\/www.quebakan.com\/v15\/wp-content\/uploads\/2023\/12\/HONOR_Logo.png","contentUrl":"https:\/\/www.quebakan.com\/v15\/wp-content\/uploads\/2023\/12\/HONOR_Logo.png","width":419,"height":104},{"@type":"BreadcrumbList","@id":"https:\/\/www.quebakan.com\/v15\/honor-y-porsche-design-unen-fuerzas-para-combinar-tecnologias-de-vanguardia-con-diseno-funcional\/#breadcrumb","itemListElement":[{"@type":"ListItem","position":1,"name":"Portada","item":"https:\/\/www.quebakan.com\/v15\/"},{"@type":"ListItem","position":2,"name":"HONOR y Porsche Design unen fuerzas para combinar tecnolog\u00edas de vanguardia con dise\u00f1o funcional"}]},{"@type":"WebSite","@id":"https:\/\/www.quebakan.com\/v15\/#website","url":"https:\/\/www.quebakan.com\/v15\/","name":"QUEBAKAN","description":"..","publisher":{"@id":"https:\/\/www.quebakan.com\/v15\/#organization"},"potentialAction":[{"@type":"SearchAction","target":{"@type":"EntryPoint","urlTemplate":"https:\/\/www.quebakan.com\/v15\/?s={search_term_string}"},"query-input":{"@type":"PropertyValueSpecification","valueRequired":true,"valueName":"search_term_string"}}],"inLanguage":"es"},{"@type":"Organization","@id":"https:\/\/www.quebakan.com\/v15\/#organization","name":"Quebakan.com","url":"https:\/\/www.quebakan.com\/v15\/","logo":{"@type":"ImageObject","inLanguage":"es","@id":"https:\/\/www.quebakan.com\/v15\/#\/schema\/logo\/image\/","url":"https:\/\/www.quebakan.com\/v15\/wp-content\/uploads\/2023\/07\/logoquebakanenero2021.jpg","contentUrl":"https:\/\/www.quebakan.com\/v15\/wp-content\/uploads\/2023\/07\/logoquebakanenero2021.jpg","width":1920,"height":1080,"caption":"Quebakan.com"},"image":{"@id":"https:\/\/www.quebakan.com\/v15\/#\/schema\/logo\/image\/"},"sameAs":["http:\/\/www.facebook.com\/quebakan","https:\/\/x.com\/quebakanec","http:\/\/www.instagram.com\/quebakan","http:\/\/www.youtube.com\/quebakan1"]},{"@type":"Person","@id":"https:\/\/www.quebakan.com\/v15\/#\/schema\/person\/d90fa9f9cfa81eb8ace9811e5b7b9118","name":"Erick Villafuerte","image":{"@type":"ImageObject","inLanguage":"es","@id":"https:\/\/www.quebakan.com\/v15\/wp-content\/uploads\/avatars\/4\/1731297654-bpfull.png","url":"https:\/\/www.quebakan.com\/v15\/wp-content\/uploads\/avatars\/4\/1731297654-bpfull.png","contentUrl":"https:\/\/www.quebakan.com\/v15\/wp-content\/uploads\/avatars\/4\/1731297654-bpfull.png","caption":"Erick Villafuerte"}}]}},"_links":{"self":[{"href":"https:\/\/www.quebakan.com\/v15\/wp-json\/wp\/v2\/posts\/115312","targetHints":{"allow":["GET"]}}],"collection":[{"href":"https:\/\/www.quebakan.com\/v15\/wp-json\/wp\/v2\/posts"}],"about":[{"href":"https:\/\/www.quebakan.com\/v15\/wp-json\/wp\/v2\/types\/post"}],"author":[{"embeddable":true,"href":"https:\/\/www.quebakan.com\/v15\/wp-json\/wp\/v2\/users\/4"}],"replies":[{"embeddable":true,"href":"https:\/\/www.quebakan.com\/v15\/wp-json\/wp\/v2\/comments?post=115312"}],"version-history":[{"count":1,"href":"https:\/\/www.quebakan.com\/v15\/wp-json\/wp\/v2\/posts\/115312\/revisions"}],"predecessor-version":[{"id":115314,"href":"https:\/\/www.quebakan.com\/v15\/wp-json\/wp\/v2\/posts\/115312\/revisions\/115314"}],"wp:featuredmedia":[{"embeddable":true,"href":"https:\/\/www.quebakan.com\/v15\/wp-json\/wp\/v2\/media\/115313"}],"wp:attachment":[{"href":"https:\/\/www.quebakan.com\/v15\/wp-json\/wp\/v2\/media?parent=115312"}],"wp:term":[{"taxonomy":"category","embeddable":true,"href":"https:\/\/www.quebakan.com\/v15\/wp-json\/wp\/v2\/categories?post=115312"},{"taxonomy":"post_tag","embeddable":true,"href":"https:\/\/www.quebakan.com\/v15\/wp-json\/wp\/v2\/tags?post=115312"}],"curies":[{"name":"wp","href":"https:\/\/api.w.org\/{rel}","templated":true}]}}