{"id":115323,"date":"2024-01-02T22:44:27","date_gmt":"2024-01-03T03:44:27","guid":{"rendered":"https:\/\/www.quebakan.com\/v15\/?p=115323"},"modified":"2024-01-02T22:44:27","modified_gmt":"2024-01-03T03:44:27","slug":"pronobis-anuncia-la-tercera-edicion-de-premios-a-la-arquitectura","status":"publish","type":"post","link":"https:\/\/www.quebakan.com\/v15\/pronobis-anuncia-la-tercera-edicion-de-premios-a-la-arquitectura\/","title":{"rendered":"Pronobis anuncia la tercera edici\u00f3n de premios a la arquitectura"},"content":{"rendered":"<p style=\"text-align: justify;\"><strong><span style=\"color: #000000;\">Pronobis incentiva y premia el talento de futuros arquitectos<\/span><\/strong><br \/>\n<span style=\"color: #000000;\">PRONOBIS, l\u00edder referente del sector inmobiliario anuncia la tercera edici\u00f3n de sus Premios <\/span><span style=\"color: #000000;\">Pronobis a la Arquitectura, un concurso que se establece con el fin de estimular las <\/span><span style=\"color: #000000;\">habilidades de los estudiantes universitarios, impuls\u00e1ndolos a crear proyectos innovadores, <\/span><span style=\"color: #000000;\">vanguardistas, creativos y sostenibles. PRONOBIS con esta iniciativa que se realiza por tercer <\/span><span style=\"color: #000000;\">a\u00f1o consecutivo, consolida su compromiso con las nuevas generaciones de futuros <\/span><span style=\"color: #000000;\">arquitectos.<\/span><br \/>\n<span style=\"color: #000000;\">Es una extraordinaria oportunidad para exponer el talento joven, y promover la participaci\u00f3n <\/span><span style=\"color: #000000;\">acad\u00e9mica en un entorno profesional. Las inscripciones se encuentran abiertas para los <\/span><span style=\"color: #000000;\">estudiantes de todas las universidades del pa\u00eds, que cuenten con esta carrera dentro de su <\/span><span style=\"color: #000000;\">malla acad\u00e9mica.<\/span><br \/>\n<span style=\"color: #000000;\">\u201cEs un compromiso que hemos adquirido con los j\u00f3venes universitarios, creemos en su <\/span><span style=\"color: #000000;\">potencial para crear dise\u00f1os innovadores que contribuyan al desarrollo sostenible y <\/span><span style=\"color: #000000;\">responsable de nuestra comunidad\u201d, dijo Felipe Bernal, Gerente General de Pronobis.<\/span><\/p>\n<p style=\"text-align: justify;\"><span style=\"color: #000000;\">Los ganadores se dar\u00e1n a conocer a nivel nacional y el primer lugar recibir\u00e1 un viaje con <\/span><span style=\"color: #000000;\">todos los gastos pagados, para asistir a un congreso de arquitectura en Latino Am\u00e9rica en el <\/span><span style=\"color: #000000;\">2024. Adem\u00e1s, el proyecto ganador tendr\u00e1 la oportunidad \u00fanica implementar el dise\u00f1o en <\/span><span style=\"color: #000000;\">uno de los proyectos de PRONOBIS, en el caso que la ejecuci\u00f3n sea viable.<\/span><\/p>\n<p style=\"text-align: justify;\"><span style=\"color: #000000;\">Esta tercera edici\u00f3n de Premios Pronobis, tiene como desaf\u00edo el desarrollo del Edificio \u201cVisitor <\/span><span style=\"color: #000000;\">Center\u201d dentro del macroproyecto de Karibao, ubicado en Playas v\u00eda Engabao. Esta <\/span><span style=\"color: #000000;\">edificaci\u00f3n ser\u00e1 uno de sus principales atractivos en Karibao y lo primero que ver\u00e1n al <\/span><span style=\"color: #000000;\">ingresar, por lo tanto busca ser dise\u00f1ado por estudiantes con car\u00e1cter creativo, innovador y <\/span><span style=\"color: #000000;\">sostenible, optimizando los recursos totales que consume y manteniendo los lineamientos <\/span><span style=\"color: #000000;\">del estilo arquitect\u00f3nico que caracteriza a Karibao.<\/span><\/p>\n<p style=\"text-align: justify;\"><span style=\"color: #000000;\">El jurado estar\u00e1 conformado por reconocidos arquitectos representantes de firmas <\/span><span style=\"color: #000000;\">arquitect\u00f3nicas o constructoras que han desarrollado proyectos con PRONOBIS. Entre ellos se <\/span><span style=\"color: #000000;\">destaca el Arquitecto Christian Wiese, desarrollador del ic\u00f3nico edificio The Point y de <\/span><span style=\"color: #000000;\">Maxximus, primer rascacielos del Ecuador. Tambi\u00e9n participar\u00e1 el Arquitecto Pablo Vintimilla, <\/span><span style=\"color: #000000;\">Gerente General de Constructora Vintimilla, quien ha participado en varios proyectos en las <\/span><span style=\"color: #000000;\">ciudades de Cuenca, Salinas y Playas. La firma Intemperie Studio, con el arquitecto paisajista <\/span><span style=\"color: #000000;\">Manuel Col\u00f3n y la arquitecta urban\u00edstica Fabiana Alvear, tambi\u00e9n reconocidos por <\/span><span style=\"color: #000000;\">desarrollar el plan maestro de Vilanova, Milenium Village y dise\u00f1os arquitect\u00f3nicos en otros <\/span><span style=\"color: #000000;\">pa\u00edses. Los miembros del jurados calificar\u00e1n los proyectos tomando en consideraci\u00f3n los <\/span><span style=\"color: #000000;\">rigurosos par\u00e1metros de innovaci\u00f3n, factor ic\u00f3nico, funcionalidad y sostenibilidad.<\/span><\/p>\n<p style=\"text-align: justify;\"><span style=\"color: #000000;\">El proceso de inscripci\u00f3n se puede realizar hasta el 19 de enero de 2024, a trav\u00e9s de <\/span><span style=\"color: #000000;\">www.premiospronobis.com<\/span><br \/>\n<strong><span style=\"color: #000000;\">PREMIOSPRONOBIS.COM<\/span><\/strong><br \/>\n<span style=\"color: #000000;\">Para participar los equipos deben llenar el formulario de inscripci\u00f3n con el aval de la <\/span><span style=\"color: #000000;\">universidad que representan. Los grupos deben estar conformados por un tutor o arquitecto <\/span><span style=\"color: #000000;\">profesional y hasta dos estudiantes cursando el \u00faltimo a\u00f1o de la carrera. Estan permitidos <\/span><span style=\"color: #000000;\">varios grupos por universidad, pero cada grupo deber\u00e1 contar con su tutor o arquitecto <\/span><span style=\"color: #000000;\">distinto. La recepci\u00f3n de los proyectos ser\u00e1 hasta el 31 de enero de 2024. Los finalistas ser\u00e1n <\/span><span style=\"color: #000000;\">anunciados el 16 de febrero, y el 27 de febrero se realizar\u00e1 el evento con los finalistas en <\/span><span style=\"color: #000000;\">Guayaquil, donde ser\u00e1 elegido el ganador de la Tercera Edici\u00f3n de Premios Pronobis. <\/span><\/p>\n<p style=\"text-align: justify;\"><span style=\"color: #000000;\">PRONOBIS incentiva valores fundamentales y buenas pr\u00e1cticas en las futuras generaciones <\/span><span style=\"color: #000000;\">de arquitectos, reafirmando su compromiso y fe en el pa\u00eds.<\/span><br \/>\n<span style=\"color: #000000;\">PREMIOSPRONOBIS.COM<\/span><br \/>\n<span style=\"color: #000000;\">Calendario de ejecuci\u00f3n<\/span><br \/>\n<span style=\"color: #000000;\">Tercera Edici\u00f3n de Premios Pronobis<\/span><\/p>\n<p style=\"text-align: justify;\"><span style=\"color: #000000;\">Convocatoria e <\/span><span style=\"color: #000000;\">Inscripciones<\/span><br \/>\n<span style=\"color: #000000;\">Desde el 19 de <\/span><span style=\"color: #000000;\">diciembre hasta el 19 <\/span><span style=\"color: #000000;\">de enero de 2024<\/span><\/p>\n<p><span style=\"color: #000000;\">Recepci\u00f3n de <\/span><span style=\"color: #000000;\">proyectos<\/span><br \/>\n<span style=\"color: #000000;\">Desde el 20 de enero <\/span><span style=\"color: #000000;\">hasta el 31 de enero <\/span><span style=\"color: #000000;\">de 2024<\/span><\/p>\n<p><span style=\"color: #000000;\">Premiaci\u00f3n<\/span><br \/>\n<span style=\"color: #000000;\">Febrero 27 de <\/span><span style=\"color: #000000;\">2024<\/span><\/p>\n<p style=\"text-align: justify;\"><span style=\"color: #000000;\">Notificaci\u00f3n de <\/span><span style=\"color: #000000;\">finalistas<\/span><br \/>\n<span style=\"color: #000000;\">Febrero 16 de <\/span><span style=\"color: #000000;\">2024<\/span><\/p>\n<p style=\"text-align: justify;\"><span style=\"color: #000000;\">www.premiospronobis.com<\/span><\/p>\n<p style=\"text-align: justify;\"><span style=\"color: #000000;\">Ganadores de la segunda edici\u00f3n<\/span><\/p>\n<p><img fetchpriority=\"high\" decoding=\"async\" class=\"aligncenter size-full wp-image-115324\" src=\"https:\/\/www.quebakan.com\/v15\/wp-content\/uploads\/2024\/01\/b5cd4f5a-556f-482d-bc17-a55816159a0c.jpg\" alt=\"\" width=\"600\" height=\"600\" srcset=\"https:\/\/www.quebakan.com\/v15\/wp-content\/uploads\/2024\/01\/b5cd4f5a-556f-482d-bc17-a55816159a0c.jpg 600w, https:\/\/www.quebakan.com\/v15\/wp-content\/uploads\/2024\/01\/b5cd4f5a-556f-482d-bc17-a55816159a0c-300x300.jpg 300w, https:\/\/www.quebakan.com\/v15\/wp-content\/uploads\/2024\/01\/b5cd4f5a-556f-482d-bc17-a55816159a0c-440x440.jpg 440w, https:\/\/www.quebakan.com\/v15\/wp-content\/uploads\/2024\/01\/b5cd4f5a-556f-482d-bc17-a55816159a0c-150x150.jpg 150w\" sizes=\"(max-width: 600px) 100vw, 600px\" \/><\/p>\n<p>&nbsp;<\/p>\n<p><img decoding=\"async\" class=\"aligncenter size-full wp-image-115325\" src=\"https:\/\/www.quebakan.com\/v15\/wp-content\/uploads\/2024\/01\/4e4362c4-2121-4754-8f70-f1f91d20391f.jpg\" alt=\"\" width=\"394\" height=\"700\" \/><\/p>\n","protected":false},"excerpt":{"rendered":"<p>Pronobis incentiva y premia el talento de futuros arquitectos PRONOBIS, l\u00edder referente del sector inmobiliario anuncia la tercera edici\u00f3n de sus Premios Pronobis a la Arquitectura, un concurso que se establece con el fin de estimular las habilidades de los estudiantes universitarios, impuls\u00e1ndolos a crear proyectos innovadores, vanguardistas, creativos y sostenibles. PRONOBIS con esta iniciativa [&hellip;]<\/p>\n","protected":false},"author":4,"featured_media":115324,"comment_status":"open","ping_status":"open","sticky":false,"template":"","format":"standard","meta":{"_bbp_topic_count":0,"_bbp_reply_count":0,"_bbp_total_topic_count":0,"_bbp_total_reply_count":0,"_bbp_voice_count":0,"_bbp_anonymous_reply_count":0,"_bbp_topic_count_hidden":0,"_bbp_reply_count_hidden":0,"_bbp_forum_subforum_count":0,"buzzeditor_post_format":"","footnotes":""},"categories":[334],"tags":[],"class_list":["post-115323","post","type-post","status-publish","format-standard","has-post-thumbnail","hentry","category-empresarial"],"yoast_head":"<!-- This site is optimized with the Yoast SEO plugin v27.5 - https:\/\/yoast.com\/product\/yoast-seo-wordpress\/ -->\n<title>Pronobis anuncia la tercera edici\u00f3n de premios a la arquitectura &#8211; QUEBAKAN.COM 2026: Noticias, Eventos, Conciertos y mucho m\u00e1s....<\/title>\n<meta name=\"robots\" content=\"index, follow, max-snippet:-1, max-image-preview:large, max-video-preview:-1\" \/>\n<link rel=\"canonical\" href=\"https:\/\/www.quebakan.com\/v15\/pronobis-anuncia-la-tercera-edicion-de-premios-a-la-arquitectura\/\" \/>\n<meta property=\"og:locale\" content=\"es_ES\" \/>\n<meta property=\"og:type\" content=\"article\" \/>\n<meta property=\"og:title\" content=\"Pronobis anuncia la tercera edici\u00f3n de premios a la arquitectura &#8211; QUEBAKAN.COM 2026: Noticias, Eventos, Conciertos y mucho m\u00e1s....\" \/>\n<meta property=\"og:description\" content=\"Pronobis incentiva y premia el talento de futuros arquitectos PRONOBIS, l\u00edder referente del sector inmobiliario anuncia la tercera edici\u00f3n de sus Premios Pronobis a la Arquitectura, un concurso que se establece con el fin de estimular las habilidades de los estudiantes universitarios, impuls\u00e1ndolos a crear proyectos innovadores, vanguardistas, creativos y sostenibles. PRONOBIS con esta iniciativa [&hellip;]\" \/>\n<meta property=\"og:url\" content=\"https:\/\/www.quebakan.com\/v15\/pronobis-anuncia-la-tercera-edicion-de-premios-a-la-arquitectura\/\" \/>\n<meta property=\"og:site_name\" content=\"QUEBAKAN.COM 2026: Noticias, Eventos, Conciertos y mucho m\u00e1s....\" \/>\n<meta property=\"article:publisher\" content=\"http:\/\/www.facebook.com\/quebakan\" \/>\n<meta property=\"article:published_time\" content=\"2024-01-03T03:44:27+00:00\" \/>\n<meta property=\"og:image\" content=\"https:\/\/www.quebakan.com\/v15\/wp-content\/uploads\/2024\/01\/b5cd4f5a-556f-482d-bc17-a55816159a0c.jpg\" \/>\n\t<meta property=\"og:image:width\" content=\"600\" \/>\n\t<meta property=\"og:image:height\" content=\"600\" \/>\n\t<meta property=\"og:image:type\" content=\"image\/jpeg\" \/>\n<meta name=\"author\" content=\"Erick Villafuerte\" \/>\n<meta name=\"twitter:card\" content=\"summary_large_image\" \/>\n<meta name=\"twitter:creator\" content=\"@quebakanec\" \/>\n<meta name=\"twitter:site\" content=\"@quebakanec\" \/>\n<meta name=\"twitter:label1\" content=\"Escrito por\" \/>\n\t<meta name=\"twitter:data1\" content=\"Erick Villafuerte\" \/>\n\t<meta name=\"twitter:label2\" content=\"Tiempo de lectura\" \/>\n\t<meta name=\"twitter:data2\" content=\"4 minutos\" \/>\n<script type=\"application\/ld+json\" class=\"yoast-schema-graph\">{\"@context\":\"https:\\\/\\\/schema.org\",\"@graph\":[{\"@type\":\"Article\",\"@id\":\"https:\\\/\\\/www.quebakan.com\\\/v15\\\/pronobis-anuncia-la-tercera-edicion-de-premios-a-la-arquitectura\\\/#article\",\"isPartOf\":{\"@id\":\"https:\\\/\\\/www.quebakan.com\\\/v15\\\/pronobis-anuncia-la-tercera-edicion-de-premios-a-la-arquitectura\\\/\"},\"author\":{\"name\":\"Erick Villafuerte\",\"@id\":\"https:\\\/\\\/www.quebakan.com\\\/v15\\\/#\\\/schema\\\/person\\\/d90fa9f9cfa81eb8ace9811e5b7b9118\"},\"headline\":\"Pronobis anuncia la tercera edici\u00f3n de premios a la arquitectura\",\"datePublished\":\"2024-01-03T03:44:27+00:00\",\"mainEntityOfPage\":{\"@id\":\"https:\\\/\\\/www.quebakan.com\\\/v15\\\/pronobis-anuncia-la-tercera-edicion-de-premios-a-la-arquitectura\\\/\"},\"wordCount\":654,\"commentCount\":0,\"publisher\":{\"@id\":\"https:\\\/\\\/www.quebakan.com\\\/v15\\\/#organization\"},\"image\":{\"@id\":\"https:\\\/\\\/www.quebakan.com\\\/v15\\\/pronobis-anuncia-la-tercera-edicion-de-premios-a-la-arquitectura\\\/#primaryimage\"},\"thumbnailUrl\":\"https:\\\/\\\/www.quebakan.com\\\/v15\\\/wp-content\\\/uploads\\\/2024\\\/01\\\/b5cd4f5a-556f-482d-bc17-a55816159a0c.jpg\",\"articleSection\":[\"Empresarial\"],\"inLanguage\":\"es\"},{\"@type\":\"WebPage\",\"@id\":\"https:\\\/\\\/www.quebakan.com\\\/v15\\\/pronobis-anuncia-la-tercera-edicion-de-premios-a-la-arquitectura\\\/\",\"url\":\"https:\\\/\\\/www.quebakan.com\\\/v15\\\/pronobis-anuncia-la-tercera-edicion-de-premios-a-la-arquitectura\\\/\",\"name\":\"Pronobis anuncia la tercera edici\u00f3n de premios a la arquitectura &#8211; QUEBAKAN.COM 2026: Noticias, Eventos, Conciertos y mucho m\u00e1s....\",\"isPartOf\":{\"@id\":\"https:\\\/\\\/www.quebakan.com\\\/v15\\\/#website\"},\"primaryImageOfPage\":{\"@id\":\"https:\\\/\\\/www.quebakan.com\\\/v15\\\/pronobis-anuncia-la-tercera-edicion-de-premios-a-la-arquitectura\\\/#primaryimage\"},\"image\":{\"@id\":\"https:\\\/\\\/www.quebakan.com\\\/v15\\\/pronobis-anuncia-la-tercera-edicion-de-premios-a-la-arquitectura\\\/#primaryimage\"},\"thumbnailUrl\":\"https:\\\/\\\/www.quebakan.com\\\/v15\\\/wp-content\\\/uploads\\\/2024\\\/01\\\/b5cd4f5a-556f-482d-bc17-a55816159a0c.jpg\",\"datePublished\":\"2024-01-03T03:44:27+00:00\",\"breadcrumb\":{\"@id\":\"https:\\\/\\\/www.quebakan.com\\\/v15\\\/pronobis-anuncia-la-tercera-edicion-de-premios-a-la-arquitectura\\\/#breadcrumb\"},\"inLanguage\":\"es\",\"potentialAction\":[{\"@type\":\"ReadAction\",\"target\":[\"https:\\\/\\\/www.quebakan.com\\\/v15\\\/pronobis-anuncia-la-tercera-edicion-de-premios-a-la-arquitectura\\\/\"]}]},{\"@type\":\"ImageObject\",\"inLanguage\":\"es\",\"@id\":\"https:\\\/\\\/www.quebakan.com\\\/v15\\\/pronobis-anuncia-la-tercera-edicion-de-premios-a-la-arquitectura\\\/#primaryimage\",\"url\":\"https:\\\/\\\/www.quebakan.com\\\/v15\\\/wp-content\\\/uploads\\\/2024\\\/01\\\/b5cd4f5a-556f-482d-bc17-a55816159a0c.jpg\",\"contentUrl\":\"https:\\\/\\\/www.quebakan.com\\\/v15\\\/wp-content\\\/uploads\\\/2024\\\/01\\\/b5cd4f5a-556f-482d-bc17-a55816159a0c.jpg\",\"width\":600,\"height\":600},{\"@type\":\"BreadcrumbList\",\"@id\":\"https:\\\/\\\/www.quebakan.com\\\/v15\\\/pronobis-anuncia-la-tercera-edicion-de-premios-a-la-arquitectura\\\/#breadcrumb\",\"itemListElement\":[{\"@type\":\"ListItem\",\"position\":1,\"name\":\"Portada\",\"item\":\"https:\\\/\\\/www.quebakan.com\\\/v15\\\/\"},{\"@type\":\"ListItem\",\"position\":2,\"name\":\"Pronobis anuncia la tercera edici\u00f3n de premios a la arquitectura\"}]},{\"@type\":\"WebSite\",\"@id\":\"https:\\\/\\\/www.quebakan.com\\\/v15\\\/#website\",\"url\":\"https:\\\/\\\/www.quebakan.com\\\/v15\\\/\",\"name\":\"QUEBAKAN\",\"description\":\"..\",\"publisher\":{\"@id\":\"https:\\\/\\\/www.quebakan.com\\\/v15\\\/#organization\"},\"potentialAction\":[{\"@type\":\"SearchAction\",\"target\":{\"@type\":\"EntryPoint\",\"urlTemplate\":\"https:\\\/\\\/www.quebakan.com\\\/v15\\\/?s={search_term_string}\"},\"query-input\":{\"@type\":\"PropertyValueSpecification\",\"valueRequired\":true,\"valueName\":\"search_term_string\"}}],\"inLanguage\":\"es\"},{\"@type\":\"Organization\",\"@id\":\"https:\\\/\\\/www.quebakan.com\\\/v15\\\/#organization\",\"name\":\"Quebakan.com\",\"url\":\"https:\\\/\\\/www.quebakan.com\\\/v15\\\/\",\"logo\":{\"@type\":\"ImageObject\",\"inLanguage\":\"es\",\"@id\":\"https:\\\/\\\/www.quebakan.com\\\/v15\\\/#\\\/schema\\\/logo\\\/image\\\/\",\"url\":\"https:\\\/\\\/www.quebakan.com\\\/v15\\\/wp-content\\\/uploads\\\/2023\\\/07\\\/logoquebakanenero2021.jpg\",\"contentUrl\":\"https:\\\/\\\/www.quebakan.com\\\/v15\\\/wp-content\\\/uploads\\\/2023\\\/07\\\/logoquebakanenero2021.jpg\",\"width\":1920,\"height\":1080,\"caption\":\"Quebakan.com\"},\"image\":{\"@id\":\"https:\\\/\\\/www.quebakan.com\\\/v15\\\/#\\\/schema\\\/logo\\\/image\\\/\"},\"sameAs\":[\"http:\\\/\\\/www.facebook.com\\\/quebakan\",\"https:\\\/\\\/x.com\\\/quebakanec\",\"http:\\\/\\\/www.instagram.com\\\/quebakan\",\"http:\\\/\\\/www.youtube.com\\\/quebakan1\"]},{\"@type\":\"Person\",\"@id\":\"https:\\\/\\\/www.quebakan.com\\\/v15\\\/#\\\/schema\\\/person\\\/d90fa9f9cfa81eb8ace9811e5b7b9118\",\"name\":\"Erick Villafuerte\",\"image\":{\"@type\":\"ImageObject\",\"inLanguage\":\"es\",\"@id\":\"https:\\\/\\\/www.quebakan.com\\\/v15\\\/wp-content\\\/uploads\\\/avatars\\\/4\\\/1731297654-bpfull.png\",\"url\":\"https:\\\/\\\/www.quebakan.com\\\/v15\\\/wp-content\\\/uploads\\\/avatars\\\/4\\\/1731297654-bpfull.png\",\"contentUrl\":\"https:\\\/\\\/www.quebakan.com\\\/v15\\\/wp-content\\\/uploads\\\/avatars\\\/4\\\/1731297654-bpfull.png\",\"caption\":\"Erick Villafuerte\"}}]}<\/script>\n<!-- \/ Yoast SEO plugin. -->","yoast_head_json":{"title":"Pronobis anuncia la tercera edici\u00f3n de premios a la arquitectura &#8211; QUEBAKAN.COM 2026: Noticias, Eventos, Conciertos y mucho m\u00e1s....","robots":{"index":"index","follow":"follow","max-snippet":"max-snippet:-1","max-image-preview":"max-image-preview:large","max-video-preview":"max-video-preview:-1"},"canonical":"https:\/\/www.quebakan.com\/v15\/pronobis-anuncia-la-tercera-edicion-de-premios-a-la-arquitectura\/","og_locale":"es_ES","og_type":"article","og_title":"Pronobis anuncia la tercera edici\u00f3n de premios a la arquitectura &#8211; QUEBAKAN.COM 2026: Noticias, Eventos, Conciertos y mucho m\u00e1s....","og_description":"Pronobis incentiva y premia el talento de futuros arquitectos PRONOBIS, l\u00edder referente del sector inmobiliario anuncia la tercera edici\u00f3n de sus Premios Pronobis a la Arquitectura, un concurso que se establece con el fin de estimular las habilidades de los estudiantes universitarios, impuls\u00e1ndolos a crear proyectos innovadores, vanguardistas, creativos y sostenibles. PRONOBIS con esta iniciativa [&hellip;]","og_url":"https:\/\/www.quebakan.com\/v15\/pronobis-anuncia-la-tercera-edicion-de-premios-a-la-arquitectura\/","og_site_name":"QUEBAKAN.COM 2026: Noticias, Eventos, Conciertos y mucho m\u00e1s....","article_publisher":"http:\/\/www.facebook.com\/quebakan","article_published_time":"2024-01-03T03:44:27+00:00","og_image":[{"width":600,"height":600,"url":"https:\/\/www.quebakan.com\/v15\/wp-content\/uploads\/2024\/01\/b5cd4f5a-556f-482d-bc17-a55816159a0c.jpg","type":"image\/jpeg"}],"author":"Erick Villafuerte","twitter_card":"summary_large_image","twitter_creator":"@quebakanec","twitter_site":"@quebakanec","twitter_misc":{"Escrito por":"Erick Villafuerte","Tiempo de lectura":"4 minutos"},"schema":{"@context":"https:\/\/schema.org","@graph":[{"@type":"Article","@id":"https:\/\/www.quebakan.com\/v15\/pronobis-anuncia-la-tercera-edicion-de-premios-a-la-arquitectura\/#article","isPartOf":{"@id":"https:\/\/www.quebakan.com\/v15\/pronobis-anuncia-la-tercera-edicion-de-premios-a-la-arquitectura\/"},"author":{"name":"Erick Villafuerte","@id":"https:\/\/www.quebakan.com\/v15\/#\/schema\/person\/d90fa9f9cfa81eb8ace9811e5b7b9118"},"headline":"Pronobis anuncia la tercera edici\u00f3n de premios a la arquitectura","datePublished":"2024-01-03T03:44:27+00:00","mainEntityOfPage":{"@id":"https:\/\/www.quebakan.com\/v15\/pronobis-anuncia-la-tercera-edicion-de-premios-a-la-arquitectura\/"},"wordCount":654,"commentCount":0,"publisher":{"@id":"https:\/\/www.quebakan.com\/v15\/#organization"},"image":{"@id":"https:\/\/www.quebakan.com\/v15\/pronobis-anuncia-la-tercera-edicion-de-premios-a-la-arquitectura\/#primaryimage"},"thumbnailUrl":"https:\/\/www.quebakan.com\/v15\/wp-content\/uploads\/2024\/01\/b5cd4f5a-556f-482d-bc17-a55816159a0c.jpg","articleSection":["Empresarial"],"inLanguage":"es"},{"@type":"WebPage","@id":"https:\/\/www.quebakan.com\/v15\/pronobis-anuncia-la-tercera-edicion-de-premios-a-la-arquitectura\/","url":"https:\/\/www.quebakan.com\/v15\/pronobis-anuncia-la-tercera-edicion-de-premios-a-la-arquitectura\/","name":"Pronobis anuncia la tercera edici\u00f3n de premios a la arquitectura &#8211; QUEBAKAN.COM 2026: Noticias, Eventos, Conciertos y mucho m\u00e1s....","isPartOf":{"@id":"https:\/\/www.quebakan.com\/v15\/#website"},"primaryImageOfPage":{"@id":"https:\/\/www.quebakan.com\/v15\/pronobis-anuncia-la-tercera-edicion-de-premios-a-la-arquitectura\/#primaryimage"},"image":{"@id":"https:\/\/www.quebakan.com\/v15\/pronobis-anuncia-la-tercera-edicion-de-premios-a-la-arquitectura\/#primaryimage"},"thumbnailUrl":"https:\/\/www.quebakan.com\/v15\/wp-content\/uploads\/2024\/01\/b5cd4f5a-556f-482d-bc17-a55816159a0c.jpg","datePublished":"2024-01-03T03:44:27+00:00","breadcrumb":{"@id":"https:\/\/www.quebakan.com\/v15\/pronobis-anuncia-la-tercera-edicion-de-premios-a-la-arquitectura\/#breadcrumb"},"inLanguage":"es","potentialAction":[{"@type":"ReadAction","target":["https:\/\/www.quebakan.com\/v15\/pronobis-anuncia-la-tercera-edicion-de-premios-a-la-arquitectura\/"]}]},{"@type":"ImageObject","inLanguage":"es","@id":"https:\/\/www.quebakan.com\/v15\/pronobis-anuncia-la-tercera-edicion-de-premios-a-la-arquitectura\/#primaryimage","url":"https:\/\/www.quebakan.com\/v15\/wp-content\/uploads\/2024\/01\/b5cd4f5a-556f-482d-bc17-a55816159a0c.jpg","contentUrl":"https:\/\/www.quebakan.com\/v15\/wp-content\/uploads\/2024\/01\/b5cd4f5a-556f-482d-bc17-a55816159a0c.jpg","width":600,"height":600},{"@type":"BreadcrumbList","@id":"https:\/\/www.quebakan.com\/v15\/pronobis-anuncia-la-tercera-edicion-de-premios-a-la-arquitectura\/#breadcrumb","itemListElement":[{"@type":"ListItem","position":1,"name":"Portada","item":"https:\/\/www.quebakan.com\/v15\/"},{"@type":"ListItem","position":2,"name":"Pronobis anuncia la tercera edici\u00f3n de premios a la arquitectura"}]},{"@type":"WebSite","@id":"https:\/\/www.quebakan.com\/v15\/#website","url":"https:\/\/www.quebakan.com\/v15\/","name":"QUEBAKAN","description":"..","publisher":{"@id":"https:\/\/www.quebakan.com\/v15\/#organization"},"potentialAction":[{"@type":"SearchAction","target":{"@type":"EntryPoint","urlTemplate":"https:\/\/www.quebakan.com\/v15\/?s={search_term_string}"},"query-input":{"@type":"PropertyValueSpecification","valueRequired":true,"valueName":"search_term_string"}}],"inLanguage":"es"},{"@type":"Organization","@id":"https:\/\/www.quebakan.com\/v15\/#organization","name":"Quebakan.com","url":"https:\/\/www.quebakan.com\/v15\/","logo":{"@type":"ImageObject","inLanguage":"es","@id":"https:\/\/www.quebakan.com\/v15\/#\/schema\/logo\/image\/","url":"https:\/\/www.quebakan.com\/v15\/wp-content\/uploads\/2023\/07\/logoquebakanenero2021.jpg","contentUrl":"https:\/\/www.quebakan.com\/v15\/wp-content\/uploads\/2023\/07\/logoquebakanenero2021.jpg","width":1920,"height":1080,"caption":"Quebakan.com"},"image":{"@id":"https:\/\/www.quebakan.com\/v15\/#\/schema\/logo\/image\/"},"sameAs":["http:\/\/www.facebook.com\/quebakan","https:\/\/x.com\/quebakanec","http:\/\/www.instagram.com\/quebakan","http:\/\/www.youtube.com\/quebakan1"]},{"@type":"Person","@id":"https:\/\/www.quebakan.com\/v15\/#\/schema\/person\/d90fa9f9cfa81eb8ace9811e5b7b9118","name":"Erick Villafuerte","image":{"@type":"ImageObject","inLanguage":"es","@id":"https:\/\/www.quebakan.com\/v15\/wp-content\/uploads\/avatars\/4\/1731297654-bpfull.png","url":"https:\/\/www.quebakan.com\/v15\/wp-content\/uploads\/avatars\/4\/1731297654-bpfull.png","contentUrl":"https:\/\/www.quebakan.com\/v15\/wp-content\/uploads\/avatars\/4\/1731297654-bpfull.png","caption":"Erick Villafuerte"}}]}},"_links":{"self":[{"href":"https:\/\/www.quebakan.com\/v15\/wp-json\/wp\/v2\/posts\/115323","targetHints":{"allow":["GET"]}}],"collection":[{"href":"https:\/\/www.quebakan.com\/v15\/wp-json\/wp\/v2\/posts"}],"about":[{"href":"https:\/\/www.quebakan.com\/v15\/wp-json\/wp\/v2\/types\/post"}],"author":[{"embeddable":true,"href":"https:\/\/www.quebakan.com\/v15\/wp-json\/wp\/v2\/users\/4"}],"replies":[{"embeddable":true,"href":"https:\/\/www.quebakan.com\/v15\/wp-json\/wp\/v2\/comments?post=115323"}],"version-history":[{"count":1,"href":"https:\/\/www.quebakan.com\/v15\/wp-json\/wp\/v2\/posts\/115323\/revisions"}],"predecessor-version":[{"id":115326,"href":"https:\/\/www.quebakan.com\/v15\/wp-json\/wp\/v2\/posts\/115323\/revisions\/115326"}],"wp:featuredmedia":[{"embeddable":true,"href":"https:\/\/www.quebakan.com\/v15\/wp-json\/wp\/v2\/media\/115324"}],"wp:attachment":[{"href":"https:\/\/www.quebakan.com\/v15\/wp-json\/wp\/v2\/media?parent=115323"}],"wp:term":[{"taxonomy":"category","embeddable":true,"href":"https:\/\/www.quebakan.com\/v15\/wp-json\/wp\/v2\/categories?post=115323"},{"taxonomy":"post_tag","embeddable":true,"href":"https:\/\/www.quebakan.com\/v15\/wp-json\/wp\/v2\/tags?post=115323"}],"curies":[{"name":"wp","href":"https:\/\/api.w.org\/{rel}","templated":true}]}}