{"id":115328,"date":"2024-01-04T00:43:15","date_gmt":"2024-01-04T05:43:15","guid":{"rendered":"https:\/\/www.quebakan.com\/v15\/?p=115328"},"modified":"2024-01-04T00:43:15","modified_gmt":"2024-01-04T05:43:15","slug":"indrive-da-la-bienvenida-a-stephen-kruger-como-director-general-de-tecnologia-y-producto","status":"publish","type":"post","link":"https:\/\/www.quebakan.com\/v15\/indrive-da-la-bienvenida-a-stephen-kruger-como-director-general-de-tecnologia-y-producto\/","title":{"rendered":"inDrive da la bienvenida a Stephen Kruger como Director General de Tecnolog\u00eda y Producto"},"content":{"rendered":"<p><img fetchpriority=\"high\" decoding=\"async\" class=\"aligncenter size-full wp-image-115329\" src=\"https:\/\/www.quebakan.com\/v15\/wp-content\/uploads\/2024\/01\/Stephen-headshot-1-EDIT-1.jpg\" alt=\"\" width=\"677\" height=\"700\" \/><\/p>\n<ul>\n<li style=\"text-align: justify;\"><span style=\"color: #000000;\"><em>Stephen ser\u00e1 responsable de implementar las estrategias de desarrollo de productos y tecnolog\u00eda de inDrive a medida que la empresa contin\u00faa expandi\u00e9ndose a nuevas geograf\u00edas y verticales comerciales<\/em><em>.<\/em><\/span><\/li>\n<\/ul>\n<p style=\"text-align: justify;\"><span style=\"color: #000000;\"><strong>Ecuador, <\/strong><strong>3 de <\/strong><strong>enero de 202<\/strong><strong>4 &#8211; <\/strong>inDrive, la plataforma global de servicios urbanos y movilidad, anuncia el nombramiento de Stephen Kruger como su director de tecnolog\u00eda y productos. Stephen ser\u00e1 responsable de implementar las estrategias de desarrollo de productos y tecnolog\u00eda de inDrive a medida que la empresa contin\u00faa expandi\u00e9ndose a nuevas geograf\u00edas y verticales comerciales.<\/span><\/p>\n<p style=\"text-align: justify;\"><span style=\"color: #000000;\">inDrive ha desarrollado su plataforma con propuestas de servicio en transporte y mensajer\u00eda, espec\u00edficas para cada zona geogr\u00e1fica, as\u00ed como servicios dom\u00e9sticos, adem\u00e1s de su negocio principal de viajes por aplicaci\u00f3n. El equipo combinado de tecnolog\u00eda y productos tiene la tarea de continuar escalando la plataforma de inDrive, implementando nuevas caracter\u00edsticas del producto para respaldar el crecimiento y una mayor diversificaci\u00f3n del negocio.<\/span><\/p>\n<p style=\"text-align: justify;\"><span style=\"color: #000000;\">Al darle la bienvenida al equipo a Stephen, el fundador y director ejecutivo de inDrive, Arsen Tomsky, dijo: \u00ab<em>La notable experiencia de Stephen en liderazgo tecnol\u00f3gico se alinea perfectamente con nuestra visi\u00f3n para el futuro de inDrive. Su capacidad comprobada para impulsar el cambio organizacional y la innovaci\u00f3n sin duda fortalecer\u00e1 nuestra posici\u00f3n en la industria y, al mismo tiempo, nos permitir\u00e1 permanecer enfocados en construir un negocio centrado en las personas que desaf\u00ede la injusticia y cree oportunidades econ\u00f3micas<\/em>\u00ab.<\/span><\/p>\n<p style=\"text-align: justify;\"><span style=\"color: #000000;\">Al comentar sobre el nombramiento, Stephen dijo: \u00ab<em>Me siento honrado de ser parte del equipo de inDrive y contribuir a la siguiente fase de innovaci\u00f3n y crecimiento a medida que nos expandimos a nuevas geograf\u00edas y exploramos nuevas verticales comerciales, mientras mantenemos un enfoque en la eficiencia y la escalabilidad. Estoy deseando aprovechar mi experiencia para liderar los equipos de tecnolog\u00eda y productos a medida que desarrollamos soluciones adicionales de vanguardia que satisfagan las necesidades cambiantes de nuestros clientes y contribuyan a la misi\u00f3n de la empresa de conectar a las personas<\/em>\u00ab.<\/span><\/p>\n<p style=\"text-align: justify;\"><span style=\"color: #000000;\">Stephen se une a inDrive procedente de Careem (Dub\u00e1i), donde fue director de tecnolog\u00eda, y sus puestos anteriores incluyen el de jefe de ingenier\u00eda en Grab (Singapur). Ha liderado m\u00faltiples transformaciones organizacionales, navegando a trav\u00e9s de adquisiciones con Uber y diversificando ambas compa\u00f1\u00edas en plataformas multiverticales que abarcan entrega de alimentos, log\u00edstica y pagos. Su carrera tambi\u00e9n incluye puestos en IBM, Xerox Research y Sun Microsystems, y posee 20 patentes en oficinas de patentes de EE. UU., Europa y China.<\/span><\/p>\n","protected":false},"excerpt":{"rendered":"<p>Stephen ser\u00e1 responsable de implementar las estrategias de desarrollo de productos y tecnolog\u00eda de inDrive a medida que la empresa contin\u00faa expandi\u00e9ndose a nuevas geograf\u00edas y verticales comerciales. Ecuador, 3 de enero de 2024 &#8211; inDrive, la plataforma global de servicios urbanos y movilidad, anuncia el nombramiento de Stephen Kruger como su director de tecnolog\u00eda [&hellip;]<\/p>\n","protected":false},"author":4,"featured_media":115329,"comment_status":"open","ping_status":"open","sticky":false,"template":"","format":"standard","meta":{"_bbp_topic_count":0,"_bbp_reply_count":0,"_bbp_total_topic_count":0,"_bbp_total_reply_count":0,"_bbp_voice_count":0,"_bbp_anonymous_reply_count":0,"_bbp_topic_count_hidden":0,"_bbp_reply_count_hidden":0,"_bbp_forum_subforum_count":0,"buzzeditor_post_format":"","footnotes":""},"categories":[2],"tags":[],"class_list":["post-115328","post","type-post","status-publish","format-standard","has-post-thumbnail","hentry","category-noticias"],"yoast_head":"<!-- This site is optimized with the Yoast SEO plugin v27.5 - https:\/\/yoast.com\/product\/yoast-seo-wordpress\/ -->\n<title>inDrive da la bienvenida a Stephen Kruger como Director General de Tecnolog\u00eda y Producto &#8211; QUEBAKAN.COM 2026: Noticias, Eventos, Conciertos y mucho m\u00e1s....<\/title>\n<meta name=\"robots\" content=\"index, follow, max-snippet:-1, max-image-preview:large, max-video-preview:-1\" \/>\n<link rel=\"canonical\" href=\"https:\/\/www.quebakan.com\/v15\/indrive-da-la-bienvenida-a-stephen-kruger-como-director-general-de-tecnologia-y-producto\/\" \/>\n<meta property=\"og:locale\" content=\"es_ES\" \/>\n<meta property=\"og:type\" content=\"article\" \/>\n<meta property=\"og:title\" content=\"inDrive da la bienvenida a Stephen Kruger como Director General de Tecnolog\u00eda y Producto &#8211; QUEBAKAN.COM 2026: Noticias, Eventos, Conciertos y mucho m\u00e1s....\" \/>\n<meta property=\"og:description\" content=\"Stephen ser\u00e1 responsable de implementar las estrategias de desarrollo de productos y tecnolog\u00eda de inDrive a medida que la empresa contin\u00faa expandi\u00e9ndose a nuevas geograf\u00edas y verticales comerciales. Ecuador, 3 de enero de 2024 &#8211; inDrive, la plataforma global de servicios urbanos y movilidad, anuncia el nombramiento de Stephen Kruger como su director de tecnolog\u00eda [&hellip;]\" \/>\n<meta property=\"og:url\" content=\"https:\/\/www.quebakan.com\/v15\/indrive-da-la-bienvenida-a-stephen-kruger-como-director-general-de-tecnologia-y-producto\/\" \/>\n<meta property=\"og:site_name\" content=\"QUEBAKAN.COM 2026: Noticias, Eventos, Conciertos y mucho m\u00e1s....\" \/>\n<meta property=\"article:publisher\" content=\"http:\/\/www.facebook.com\/quebakan\" \/>\n<meta property=\"article:published_time\" content=\"2024-01-04T05:43:15+00:00\" \/>\n<meta property=\"og:image\" content=\"https:\/\/www.quebakan.com\/v15\/wp-content\/uploads\/2024\/01\/Stephen-headshot-1-EDIT-1.jpg\" \/>\n\t<meta property=\"og:image:width\" content=\"677\" \/>\n\t<meta property=\"og:image:height\" content=\"700\" \/>\n\t<meta property=\"og:image:type\" content=\"image\/jpeg\" \/>\n<meta name=\"author\" content=\"Erick Villafuerte\" \/>\n<meta name=\"twitter:card\" content=\"summary_large_image\" \/>\n<meta name=\"twitter:creator\" content=\"@quebakanec\" \/>\n<meta name=\"twitter:site\" content=\"@quebakanec\" \/>\n<meta name=\"twitter:label1\" content=\"Escrito por\" \/>\n\t<meta name=\"twitter:data1\" content=\"Erick Villafuerte\" \/>\n\t<meta name=\"twitter:label2\" content=\"Tiempo de lectura\" \/>\n\t<meta name=\"twitter:data2\" content=\"3 minutos\" \/>\n<script type=\"application\/ld+json\" class=\"yoast-schema-graph\">{\"@context\":\"https:\\\/\\\/schema.org\",\"@graph\":[{\"@type\":\"Article\",\"@id\":\"https:\\\/\\\/www.quebakan.com\\\/v15\\\/indrive-da-la-bienvenida-a-stephen-kruger-como-director-general-de-tecnologia-y-producto\\\/#article\",\"isPartOf\":{\"@id\":\"https:\\\/\\\/www.quebakan.com\\\/v15\\\/indrive-da-la-bienvenida-a-stephen-kruger-como-director-general-de-tecnologia-y-producto\\\/\"},\"author\":{\"name\":\"Erick Villafuerte\",\"@id\":\"https:\\\/\\\/www.quebakan.com\\\/v15\\\/#\\\/schema\\\/person\\\/d90fa9f9cfa81eb8ace9811e5b7b9118\"},\"headline\":\"inDrive da la bienvenida a Stephen Kruger como Director General de Tecnolog\u00eda y Producto\",\"datePublished\":\"2024-01-04T05:43:15+00:00\",\"mainEntityOfPage\":{\"@id\":\"https:\\\/\\\/www.quebakan.com\\\/v15\\\/indrive-da-la-bienvenida-a-stephen-kruger-como-director-general-de-tecnologia-y-producto\\\/\"},\"wordCount\":448,\"commentCount\":0,\"publisher\":{\"@id\":\"https:\\\/\\\/www.quebakan.com\\\/v15\\\/#organization\"},\"image\":{\"@id\":\"https:\\\/\\\/www.quebakan.com\\\/v15\\\/indrive-da-la-bienvenida-a-stephen-kruger-como-director-general-de-tecnologia-y-producto\\\/#primaryimage\"},\"thumbnailUrl\":\"https:\\\/\\\/www.quebakan.com\\\/v15\\\/wp-content\\\/uploads\\\/2024\\\/01\\\/Stephen-headshot-1-EDIT-1.jpg\",\"articleSection\":[\"Noticias\"],\"inLanguage\":\"es\"},{\"@type\":\"WebPage\",\"@id\":\"https:\\\/\\\/www.quebakan.com\\\/v15\\\/indrive-da-la-bienvenida-a-stephen-kruger-como-director-general-de-tecnologia-y-producto\\\/\",\"url\":\"https:\\\/\\\/www.quebakan.com\\\/v15\\\/indrive-da-la-bienvenida-a-stephen-kruger-como-director-general-de-tecnologia-y-producto\\\/\",\"name\":\"inDrive da la bienvenida a Stephen Kruger como Director General de Tecnolog\u00eda y Producto &#8211; QUEBAKAN.COM 2026: Noticias, Eventos, Conciertos y mucho m\u00e1s....\",\"isPartOf\":{\"@id\":\"https:\\\/\\\/www.quebakan.com\\\/v15\\\/#website\"},\"primaryImageOfPage\":{\"@id\":\"https:\\\/\\\/www.quebakan.com\\\/v15\\\/indrive-da-la-bienvenida-a-stephen-kruger-como-director-general-de-tecnologia-y-producto\\\/#primaryimage\"},\"image\":{\"@id\":\"https:\\\/\\\/www.quebakan.com\\\/v15\\\/indrive-da-la-bienvenida-a-stephen-kruger-como-director-general-de-tecnologia-y-producto\\\/#primaryimage\"},\"thumbnailUrl\":\"https:\\\/\\\/www.quebakan.com\\\/v15\\\/wp-content\\\/uploads\\\/2024\\\/01\\\/Stephen-headshot-1-EDIT-1.jpg\",\"datePublished\":\"2024-01-04T05:43:15+00:00\",\"breadcrumb\":{\"@id\":\"https:\\\/\\\/www.quebakan.com\\\/v15\\\/indrive-da-la-bienvenida-a-stephen-kruger-como-director-general-de-tecnologia-y-producto\\\/#breadcrumb\"},\"inLanguage\":\"es\",\"potentialAction\":[{\"@type\":\"ReadAction\",\"target\":[\"https:\\\/\\\/www.quebakan.com\\\/v15\\\/indrive-da-la-bienvenida-a-stephen-kruger-como-director-general-de-tecnologia-y-producto\\\/\"]}]},{\"@type\":\"ImageObject\",\"inLanguage\":\"es\",\"@id\":\"https:\\\/\\\/www.quebakan.com\\\/v15\\\/indrive-da-la-bienvenida-a-stephen-kruger-como-director-general-de-tecnologia-y-producto\\\/#primaryimage\",\"url\":\"https:\\\/\\\/www.quebakan.com\\\/v15\\\/wp-content\\\/uploads\\\/2024\\\/01\\\/Stephen-headshot-1-EDIT-1.jpg\",\"contentUrl\":\"https:\\\/\\\/www.quebakan.com\\\/v15\\\/wp-content\\\/uploads\\\/2024\\\/01\\\/Stephen-headshot-1-EDIT-1.jpg\",\"width\":677,\"height\":700},{\"@type\":\"BreadcrumbList\",\"@id\":\"https:\\\/\\\/www.quebakan.com\\\/v15\\\/indrive-da-la-bienvenida-a-stephen-kruger-como-director-general-de-tecnologia-y-producto\\\/#breadcrumb\",\"itemListElement\":[{\"@type\":\"ListItem\",\"position\":1,\"name\":\"Portada\",\"item\":\"https:\\\/\\\/www.quebakan.com\\\/v15\\\/\"},{\"@type\":\"ListItem\",\"position\":2,\"name\":\"inDrive da la bienvenida a Stephen Kruger como Director General de Tecnolog\u00eda y Producto\"}]},{\"@type\":\"WebSite\",\"@id\":\"https:\\\/\\\/www.quebakan.com\\\/v15\\\/#website\",\"url\":\"https:\\\/\\\/www.quebakan.com\\\/v15\\\/\",\"name\":\"QUEBAKAN\",\"description\":\"..\",\"publisher\":{\"@id\":\"https:\\\/\\\/www.quebakan.com\\\/v15\\\/#organization\"},\"potentialAction\":[{\"@type\":\"SearchAction\",\"target\":{\"@type\":\"EntryPoint\",\"urlTemplate\":\"https:\\\/\\\/www.quebakan.com\\\/v15\\\/?s={search_term_string}\"},\"query-input\":{\"@type\":\"PropertyValueSpecification\",\"valueRequired\":true,\"valueName\":\"search_term_string\"}}],\"inLanguage\":\"es\"},{\"@type\":\"Organization\",\"@id\":\"https:\\\/\\\/www.quebakan.com\\\/v15\\\/#organization\",\"name\":\"Quebakan.com\",\"url\":\"https:\\\/\\\/www.quebakan.com\\\/v15\\\/\",\"logo\":{\"@type\":\"ImageObject\",\"inLanguage\":\"es\",\"@id\":\"https:\\\/\\\/www.quebakan.com\\\/v15\\\/#\\\/schema\\\/logo\\\/image\\\/\",\"url\":\"https:\\\/\\\/www.quebakan.com\\\/v15\\\/wp-content\\\/uploads\\\/2023\\\/07\\\/logoquebakanenero2021.jpg\",\"contentUrl\":\"https:\\\/\\\/www.quebakan.com\\\/v15\\\/wp-content\\\/uploads\\\/2023\\\/07\\\/logoquebakanenero2021.jpg\",\"width\":1920,\"height\":1080,\"caption\":\"Quebakan.com\"},\"image\":{\"@id\":\"https:\\\/\\\/www.quebakan.com\\\/v15\\\/#\\\/schema\\\/logo\\\/image\\\/\"},\"sameAs\":[\"http:\\\/\\\/www.facebook.com\\\/quebakan\",\"https:\\\/\\\/x.com\\\/quebakanec\",\"http:\\\/\\\/www.instagram.com\\\/quebakan\",\"http:\\\/\\\/www.youtube.com\\\/quebakan1\"]},{\"@type\":\"Person\",\"@id\":\"https:\\\/\\\/www.quebakan.com\\\/v15\\\/#\\\/schema\\\/person\\\/d90fa9f9cfa81eb8ace9811e5b7b9118\",\"name\":\"Erick Villafuerte\",\"image\":{\"@type\":\"ImageObject\",\"inLanguage\":\"es\",\"@id\":\"https:\\\/\\\/www.quebakan.com\\\/v15\\\/wp-content\\\/uploads\\\/avatars\\\/4\\\/1731297654-bpfull.png\",\"url\":\"https:\\\/\\\/www.quebakan.com\\\/v15\\\/wp-content\\\/uploads\\\/avatars\\\/4\\\/1731297654-bpfull.png\",\"contentUrl\":\"https:\\\/\\\/www.quebakan.com\\\/v15\\\/wp-content\\\/uploads\\\/avatars\\\/4\\\/1731297654-bpfull.png\",\"caption\":\"Erick Villafuerte\"}}]}<\/script>\n<!-- \/ Yoast SEO plugin. -->","yoast_head_json":{"title":"inDrive da la bienvenida a Stephen Kruger como Director General de Tecnolog\u00eda y Producto &#8211; QUEBAKAN.COM 2026: Noticias, Eventos, Conciertos y mucho m\u00e1s....","robots":{"index":"index","follow":"follow","max-snippet":"max-snippet:-1","max-image-preview":"max-image-preview:large","max-video-preview":"max-video-preview:-1"},"canonical":"https:\/\/www.quebakan.com\/v15\/indrive-da-la-bienvenida-a-stephen-kruger-como-director-general-de-tecnologia-y-producto\/","og_locale":"es_ES","og_type":"article","og_title":"inDrive da la bienvenida a Stephen Kruger como Director General de Tecnolog\u00eda y Producto &#8211; QUEBAKAN.COM 2026: Noticias, Eventos, Conciertos y mucho m\u00e1s....","og_description":"Stephen ser\u00e1 responsable de implementar las estrategias de desarrollo de productos y tecnolog\u00eda de inDrive a medida que la empresa contin\u00faa expandi\u00e9ndose a nuevas geograf\u00edas y verticales comerciales. Ecuador, 3 de enero de 2024 &#8211; inDrive, la plataforma global de servicios urbanos y movilidad, anuncia el nombramiento de Stephen Kruger como su director de tecnolog\u00eda [&hellip;]","og_url":"https:\/\/www.quebakan.com\/v15\/indrive-da-la-bienvenida-a-stephen-kruger-como-director-general-de-tecnologia-y-producto\/","og_site_name":"QUEBAKAN.COM 2026: Noticias, Eventos, Conciertos y mucho m\u00e1s....","article_publisher":"http:\/\/www.facebook.com\/quebakan","article_published_time":"2024-01-04T05:43:15+00:00","og_image":[{"width":677,"height":700,"url":"https:\/\/www.quebakan.com\/v15\/wp-content\/uploads\/2024\/01\/Stephen-headshot-1-EDIT-1.jpg","type":"image\/jpeg"}],"author":"Erick Villafuerte","twitter_card":"summary_large_image","twitter_creator":"@quebakanec","twitter_site":"@quebakanec","twitter_misc":{"Escrito por":"Erick Villafuerte","Tiempo de lectura":"3 minutos"},"schema":{"@context":"https:\/\/schema.org","@graph":[{"@type":"Article","@id":"https:\/\/www.quebakan.com\/v15\/indrive-da-la-bienvenida-a-stephen-kruger-como-director-general-de-tecnologia-y-producto\/#article","isPartOf":{"@id":"https:\/\/www.quebakan.com\/v15\/indrive-da-la-bienvenida-a-stephen-kruger-como-director-general-de-tecnologia-y-producto\/"},"author":{"name":"Erick Villafuerte","@id":"https:\/\/www.quebakan.com\/v15\/#\/schema\/person\/d90fa9f9cfa81eb8ace9811e5b7b9118"},"headline":"inDrive da la bienvenida a Stephen Kruger como Director General de Tecnolog\u00eda y Producto","datePublished":"2024-01-04T05:43:15+00:00","mainEntityOfPage":{"@id":"https:\/\/www.quebakan.com\/v15\/indrive-da-la-bienvenida-a-stephen-kruger-como-director-general-de-tecnologia-y-producto\/"},"wordCount":448,"commentCount":0,"publisher":{"@id":"https:\/\/www.quebakan.com\/v15\/#organization"},"image":{"@id":"https:\/\/www.quebakan.com\/v15\/indrive-da-la-bienvenida-a-stephen-kruger-como-director-general-de-tecnologia-y-producto\/#primaryimage"},"thumbnailUrl":"https:\/\/www.quebakan.com\/v15\/wp-content\/uploads\/2024\/01\/Stephen-headshot-1-EDIT-1.jpg","articleSection":["Noticias"],"inLanguage":"es"},{"@type":"WebPage","@id":"https:\/\/www.quebakan.com\/v15\/indrive-da-la-bienvenida-a-stephen-kruger-como-director-general-de-tecnologia-y-producto\/","url":"https:\/\/www.quebakan.com\/v15\/indrive-da-la-bienvenida-a-stephen-kruger-como-director-general-de-tecnologia-y-producto\/","name":"inDrive da la bienvenida a Stephen Kruger como Director General de Tecnolog\u00eda y Producto &#8211; QUEBAKAN.COM 2026: Noticias, Eventos, Conciertos y mucho m\u00e1s....","isPartOf":{"@id":"https:\/\/www.quebakan.com\/v15\/#website"},"primaryImageOfPage":{"@id":"https:\/\/www.quebakan.com\/v15\/indrive-da-la-bienvenida-a-stephen-kruger-como-director-general-de-tecnologia-y-producto\/#primaryimage"},"image":{"@id":"https:\/\/www.quebakan.com\/v15\/indrive-da-la-bienvenida-a-stephen-kruger-como-director-general-de-tecnologia-y-producto\/#primaryimage"},"thumbnailUrl":"https:\/\/www.quebakan.com\/v15\/wp-content\/uploads\/2024\/01\/Stephen-headshot-1-EDIT-1.jpg","datePublished":"2024-01-04T05:43:15+00:00","breadcrumb":{"@id":"https:\/\/www.quebakan.com\/v15\/indrive-da-la-bienvenida-a-stephen-kruger-como-director-general-de-tecnologia-y-producto\/#breadcrumb"},"inLanguage":"es","potentialAction":[{"@type":"ReadAction","target":["https:\/\/www.quebakan.com\/v15\/indrive-da-la-bienvenida-a-stephen-kruger-como-director-general-de-tecnologia-y-producto\/"]}]},{"@type":"ImageObject","inLanguage":"es","@id":"https:\/\/www.quebakan.com\/v15\/indrive-da-la-bienvenida-a-stephen-kruger-como-director-general-de-tecnologia-y-producto\/#primaryimage","url":"https:\/\/www.quebakan.com\/v15\/wp-content\/uploads\/2024\/01\/Stephen-headshot-1-EDIT-1.jpg","contentUrl":"https:\/\/www.quebakan.com\/v15\/wp-content\/uploads\/2024\/01\/Stephen-headshot-1-EDIT-1.jpg","width":677,"height":700},{"@type":"BreadcrumbList","@id":"https:\/\/www.quebakan.com\/v15\/indrive-da-la-bienvenida-a-stephen-kruger-como-director-general-de-tecnologia-y-producto\/#breadcrumb","itemListElement":[{"@type":"ListItem","position":1,"name":"Portada","item":"https:\/\/www.quebakan.com\/v15\/"},{"@type":"ListItem","position":2,"name":"inDrive da la bienvenida a Stephen Kruger como Director General de Tecnolog\u00eda y Producto"}]},{"@type":"WebSite","@id":"https:\/\/www.quebakan.com\/v15\/#website","url":"https:\/\/www.quebakan.com\/v15\/","name":"QUEBAKAN","description":"..","publisher":{"@id":"https:\/\/www.quebakan.com\/v15\/#organization"},"potentialAction":[{"@type":"SearchAction","target":{"@type":"EntryPoint","urlTemplate":"https:\/\/www.quebakan.com\/v15\/?s={search_term_string}"},"query-input":{"@type":"PropertyValueSpecification","valueRequired":true,"valueName":"search_term_string"}}],"inLanguage":"es"},{"@type":"Organization","@id":"https:\/\/www.quebakan.com\/v15\/#organization","name":"Quebakan.com","url":"https:\/\/www.quebakan.com\/v15\/","logo":{"@type":"ImageObject","inLanguage":"es","@id":"https:\/\/www.quebakan.com\/v15\/#\/schema\/logo\/image\/","url":"https:\/\/www.quebakan.com\/v15\/wp-content\/uploads\/2023\/07\/logoquebakanenero2021.jpg","contentUrl":"https:\/\/www.quebakan.com\/v15\/wp-content\/uploads\/2023\/07\/logoquebakanenero2021.jpg","width":1920,"height":1080,"caption":"Quebakan.com"},"image":{"@id":"https:\/\/www.quebakan.com\/v15\/#\/schema\/logo\/image\/"},"sameAs":["http:\/\/www.facebook.com\/quebakan","https:\/\/x.com\/quebakanec","http:\/\/www.instagram.com\/quebakan","http:\/\/www.youtube.com\/quebakan1"]},{"@type":"Person","@id":"https:\/\/www.quebakan.com\/v15\/#\/schema\/person\/d90fa9f9cfa81eb8ace9811e5b7b9118","name":"Erick Villafuerte","image":{"@type":"ImageObject","inLanguage":"es","@id":"https:\/\/www.quebakan.com\/v15\/wp-content\/uploads\/avatars\/4\/1731297654-bpfull.png","url":"https:\/\/www.quebakan.com\/v15\/wp-content\/uploads\/avatars\/4\/1731297654-bpfull.png","contentUrl":"https:\/\/www.quebakan.com\/v15\/wp-content\/uploads\/avatars\/4\/1731297654-bpfull.png","caption":"Erick Villafuerte"}}]}},"_links":{"self":[{"href":"https:\/\/www.quebakan.com\/v15\/wp-json\/wp\/v2\/posts\/115328","targetHints":{"allow":["GET"]}}],"collection":[{"href":"https:\/\/www.quebakan.com\/v15\/wp-json\/wp\/v2\/posts"}],"about":[{"href":"https:\/\/www.quebakan.com\/v15\/wp-json\/wp\/v2\/types\/post"}],"author":[{"embeddable":true,"href":"https:\/\/www.quebakan.com\/v15\/wp-json\/wp\/v2\/users\/4"}],"replies":[{"embeddable":true,"href":"https:\/\/www.quebakan.com\/v15\/wp-json\/wp\/v2\/comments?post=115328"}],"version-history":[{"count":1,"href":"https:\/\/www.quebakan.com\/v15\/wp-json\/wp\/v2\/posts\/115328\/revisions"}],"predecessor-version":[{"id":115330,"href":"https:\/\/www.quebakan.com\/v15\/wp-json\/wp\/v2\/posts\/115328\/revisions\/115330"}],"wp:featuredmedia":[{"embeddable":true,"href":"https:\/\/www.quebakan.com\/v15\/wp-json\/wp\/v2\/media\/115329"}],"wp:attachment":[{"href":"https:\/\/www.quebakan.com\/v15\/wp-json\/wp\/v2\/media?parent=115328"}],"wp:term":[{"taxonomy":"category","embeddable":true,"href":"https:\/\/www.quebakan.com\/v15\/wp-json\/wp\/v2\/categories?post=115328"},{"taxonomy":"post_tag","embeddable":true,"href":"https:\/\/www.quebakan.com\/v15\/wp-json\/wp\/v2\/tags?post=115328"}],"curies":[{"name":"wp","href":"https:\/\/api.w.org\/{rel}","templated":true}]}}