{"id":115334,"date":"2024-01-04T01:51:18","date_gmt":"2024-01-04T06:51:18","guid":{"rendered":"https:\/\/www.quebakan.com\/v15\/?p=115334"},"modified":"2024-01-04T01:51:18","modified_gmt":"2024-01-04T06:51:18","slug":"arca-continental-ecuador-impulsa-reciclaje-comunitario-en-barrios-de-quito","status":"publish","type":"post","link":"https:\/\/www.quebakan.com\/v15\/arca-continental-ecuador-impulsa-reciclaje-comunitario-en-barrios-de-quito\/","title":{"rendered":"ARCA CONTINENTAL ECUADOR IMPULSA RECICLAJE COMUNITARIO EN BARRIOS DE QUITO"},"content":{"rendered":"<p><img fetchpriority=\"high\" decoding=\"async\" class=\"aligncenter size-full wp-image-115335\" src=\"https:\/\/www.quebakan.com\/v15\/wp-content\/uploads\/2024\/01\/Foto-1.jpg\" alt=\"\" width=\"700\" height=\"468\" \/><\/p>\n<p style=\"text-align: center;\"><span style=\"color: #000000;\"><strong>Pie de foto: <\/strong>Juana Iza, Secretar\u00eda de la Red Nacional de Recicladores del Ecuador, capacitando sobre residuos reciclables.<\/span><\/p>\n<p style=\"text-align: justify;\"><span style=\"color: #000000;\"><strong>Quito, enero de 2024.-<\/strong> Arca Continental Ecuador (ACE), grupo empresarial conformado por las compa\u00f1\u00edas: AC Bebidas, Tonicorp, Dipor e Inalecsa, en conjunto con el Municipio de Quito, la Red Nacional de Recicladores del Ecuador (RENAREC) y \u00a0la Empresa P\u00fablica de Gesti\u00f3n de Residuos (EMGIRS EP), con el objetivo de fortalecer la conciencia ciudadana sobre el cuidado del ambiente y la importancia del reciclaje impulsaron una reciclat\u00f3n en los barrios Solares del Inca, El Labrador y Las Acacias, ubicados en las zonas de influencia de la operaci\u00f3n de la compa\u00f1\u00eda.<\/span><\/p>\n<p style=\"text-align: justify;\"><span style=\"color: #000000;\">La iniciativa es parte del Programa de Reciclaje Inclusivo DAR (Desarrollo, Ambiente y Reciclaje), que impulsa el reciclaje inclusivo y busca promover la articulaci\u00f3n comunitaria. Durante un mes, 66 familias se dedicaron a la recolecci\u00f3n de residuos reciclables, logrando acumular m\u00e1s de una tonelada entre botellas pl\u00e1sticas, cart\u00f3n y papel.<\/span><\/p>\n<p style=\"text-align: justify;\"><span style=\"color: #000000;\">Adem\u00e1s, se establecieron tres nuevos puntos generadores en la comunidad, para los cuales se entregaron cuatro contenedores para botellas de pl\u00e1stico PET. Estos puntos, ubicados en el Conjunto Solares del Inca, La Despensa Minimarket del Barrio Las Acacias y el Parque del Conjunto El Labrador, facilitar\u00e1n la separaci\u00f3n desde la fuente y el acceso digno al material reciclable por los recicladores de base.<\/span><\/p>\n<p style=\"text-align: justify;\"><span style=\"color: #000000;\">Como parte de este esfuerzo colectivo, m\u00e1s de 50 personas fueron capacitadas en buenas pr\u00e1cticas de reciclaje. Adem\u00e1s, una asociaci\u00f3n local de recicladores de base se beneficia directamente con el programa, con m\u00e1s de 10 recicladores vinculados en la gesti\u00f3n semanal de los residuos de los tres puntos de reciclaje generados.<\/span><\/p>\n<p style=\"text-align: justify;\"><span style=\"color: #000000;\">Arca Continental Ecuador pone en el centro de nuestras acciones al ser humano y al ambiente y trabajamos enfocados en impulsar el crecimiento sostenible, impactando positivamente en colaboradores, proveedores, clientes, consumidores, cadena de valor y comunidades.<\/span><\/p>\n<p><img decoding=\"async\" class=\"aligncenter size-full wp-image-115336\" src=\"https:\/\/www.quebakan.com\/v15\/wp-content\/uploads\/2024\/01\/Foto-2.jpg\" alt=\"\" width=\"700\" height=\"468\" \/><\/p>\n<p style=\"text-align: justify;\"><span style=\"color: #000000;\"><strong>Pie de foto: <\/strong>Juana Iza, Secretar\u00eda de la Red Nacional de Recicladores del Ecuador; Martha Semanate, Representante del Barrio Las Acacias; Alejandro Mej\u00eda, Coordinador de la Red Nacional de Recicladores del Ecuador.<\/span><\/p>\n<p><img decoding=\"async\" class=\"aligncenter size-full wp-image-115337\" src=\"https:\/\/www.quebakan.com\/v15\/wp-content\/uploads\/2024\/01\/Foto-3.jpg\" alt=\"\" width=\"700\" height=\"525\" \/><\/p>\n<p style=\"text-align: justify;\"><span style=\"color: #000000;\"><strong>Pie de foto: <\/strong>Alejandro Mej\u00eda, Coordinador de la Red Nacional de Recicladores de Base; Martha Moreno, Ganadora Conjunto Solares del Inca; M\u00f3nica Calero, Representante Conjunto Solares del Inca.<\/span><\/p>\n","protected":false},"excerpt":{"rendered":"<p>Pie de foto: Juana Iza, Secretar\u00eda de la Red Nacional de Recicladores del Ecuador, capacitando sobre residuos reciclables. Quito, enero de 2024.- Arca Continental Ecuador (ACE), grupo empresarial conformado por las compa\u00f1\u00edas: AC Bebidas, Tonicorp, Dipor e Inalecsa, en conjunto con el Municipio de Quito, la Red Nacional de Recicladores del Ecuador (RENAREC) y \u00a0la [&hellip;]<\/p>\n","protected":false},"author":4,"featured_media":115335,"comment_status":"open","ping_status":"open","sticky":false,"template":"","format":"standard","meta":{"_bbp_topic_count":0,"_bbp_reply_count":0,"_bbp_total_topic_count":0,"_bbp_total_reply_count":0,"_bbp_voice_count":0,"_bbp_anonymous_reply_count":0,"_bbp_topic_count_hidden":0,"_bbp_reply_count_hidden":0,"_bbp_forum_subforum_count":0,"buzzeditor_post_format":"","footnotes":""},"categories":[2],"tags":[],"class_list":["post-115334","post","type-post","status-publish","format-standard","has-post-thumbnail","hentry","category-noticias"],"yoast_head":"<!-- This site is optimized with the Yoast SEO plugin v27.5 - https:\/\/yoast.com\/product\/yoast-seo-wordpress\/ -->\n<title>ARCA CONTINENTAL ECUADOR IMPULSA RECICLAJE COMUNITARIO EN BARRIOS DE QUITO &#8211; QUEBAKAN.COM 2026: Noticias, Eventos, Conciertos y mucho m\u00e1s....<\/title>\n<meta name=\"robots\" content=\"index, follow, max-snippet:-1, max-image-preview:large, max-video-preview:-1\" \/>\n<link rel=\"canonical\" href=\"https:\/\/www.quebakan.com\/v15\/arca-continental-ecuador-impulsa-reciclaje-comunitario-en-barrios-de-quito\/\" \/>\n<meta property=\"og:locale\" content=\"es_ES\" \/>\n<meta property=\"og:type\" content=\"article\" \/>\n<meta property=\"og:title\" content=\"ARCA CONTINENTAL ECUADOR IMPULSA RECICLAJE COMUNITARIO EN BARRIOS DE QUITO &#8211; QUEBAKAN.COM 2026: Noticias, Eventos, Conciertos y mucho m\u00e1s....\" \/>\n<meta property=\"og:description\" content=\"Pie de foto: Juana Iza, Secretar\u00eda de la Red Nacional de Recicladores del Ecuador, capacitando sobre residuos reciclables. Quito, enero de 2024.- Arca Continental Ecuador (ACE), grupo empresarial conformado por las compa\u00f1\u00edas: AC Bebidas, Tonicorp, Dipor e Inalecsa, en conjunto con el Municipio de Quito, la Red Nacional de Recicladores del Ecuador (RENAREC) y \u00a0la [&hellip;]\" \/>\n<meta property=\"og:url\" content=\"https:\/\/www.quebakan.com\/v15\/arca-continental-ecuador-impulsa-reciclaje-comunitario-en-barrios-de-quito\/\" \/>\n<meta property=\"og:site_name\" content=\"QUEBAKAN.COM 2026: Noticias, Eventos, Conciertos y mucho m\u00e1s....\" \/>\n<meta property=\"article:publisher\" content=\"http:\/\/www.facebook.com\/quebakan\" \/>\n<meta property=\"article:published_time\" content=\"2024-01-04T06:51:18+00:00\" \/>\n<meta property=\"og:image\" content=\"https:\/\/www.quebakan.com\/v15\/wp-content\/uploads\/2024\/01\/Foto-1.jpg\" \/>\n\t<meta property=\"og:image:width\" content=\"700\" \/>\n\t<meta property=\"og:image:height\" content=\"468\" \/>\n\t<meta property=\"og:image:type\" content=\"image\/jpeg\" \/>\n<meta name=\"author\" content=\"Erick Villafuerte\" \/>\n<meta name=\"twitter:card\" content=\"summary_large_image\" \/>\n<meta name=\"twitter:creator\" content=\"@quebakanec\" \/>\n<meta name=\"twitter:site\" content=\"@quebakanec\" \/>\n<meta name=\"twitter:label1\" content=\"Escrito por\" \/>\n\t<meta name=\"twitter:data1\" content=\"Erick Villafuerte\" \/>\n\t<meta name=\"twitter:label2\" content=\"Tiempo de lectura\" \/>\n\t<meta name=\"twitter:data2\" content=\"3 minutos\" \/>\n<script type=\"application\/ld+json\" class=\"yoast-schema-graph\">{\"@context\":\"https:\\\/\\\/schema.org\",\"@graph\":[{\"@type\":\"Article\",\"@id\":\"https:\\\/\\\/www.quebakan.com\\\/v15\\\/arca-continental-ecuador-impulsa-reciclaje-comunitario-en-barrios-de-quito\\\/#article\",\"isPartOf\":{\"@id\":\"https:\\\/\\\/www.quebakan.com\\\/v15\\\/arca-continental-ecuador-impulsa-reciclaje-comunitario-en-barrios-de-quito\\\/\"},\"author\":{\"name\":\"Erick Villafuerte\",\"@id\":\"https:\\\/\\\/www.quebakan.com\\\/v15\\\/#\\\/schema\\\/person\\\/d90fa9f9cfa81eb8ace9811e5b7b9118\"},\"headline\":\"ARCA CONTINENTAL ECUADOR IMPULSA RECICLAJE COMUNITARIO EN BARRIOS DE QUITO\",\"datePublished\":\"2024-01-04T06:51:18+00:00\",\"mainEntityOfPage\":{\"@id\":\"https:\\\/\\\/www.quebakan.com\\\/v15\\\/arca-continental-ecuador-impulsa-reciclaje-comunitario-en-barrios-de-quito\\\/\"},\"wordCount\":400,\"commentCount\":0,\"publisher\":{\"@id\":\"https:\\\/\\\/www.quebakan.com\\\/v15\\\/#organization\"},\"image\":{\"@id\":\"https:\\\/\\\/www.quebakan.com\\\/v15\\\/arca-continental-ecuador-impulsa-reciclaje-comunitario-en-barrios-de-quito\\\/#primaryimage\"},\"thumbnailUrl\":\"https:\\\/\\\/www.quebakan.com\\\/v15\\\/wp-content\\\/uploads\\\/2024\\\/01\\\/Foto-1.jpg\",\"articleSection\":[\"Noticias\"],\"inLanguage\":\"es\"},{\"@type\":\"WebPage\",\"@id\":\"https:\\\/\\\/www.quebakan.com\\\/v15\\\/arca-continental-ecuador-impulsa-reciclaje-comunitario-en-barrios-de-quito\\\/\",\"url\":\"https:\\\/\\\/www.quebakan.com\\\/v15\\\/arca-continental-ecuador-impulsa-reciclaje-comunitario-en-barrios-de-quito\\\/\",\"name\":\"ARCA CONTINENTAL ECUADOR IMPULSA RECICLAJE COMUNITARIO EN BARRIOS DE QUITO &#8211; QUEBAKAN.COM 2026: Noticias, Eventos, Conciertos y mucho m\u00e1s....\",\"isPartOf\":{\"@id\":\"https:\\\/\\\/www.quebakan.com\\\/v15\\\/#website\"},\"primaryImageOfPage\":{\"@id\":\"https:\\\/\\\/www.quebakan.com\\\/v15\\\/arca-continental-ecuador-impulsa-reciclaje-comunitario-en-barrios-de-quito\\\/#primaryimage\"},\"image\":{\"@id\":\"https:\\\/\\\/www.quebakan.com\\\/v15\\\/arca-continental-ecuador-impulsa-reciclaje-comunitario-en-barrios-de-quito\\\/#primaryimage\"},\"thumbnailUrl\":\"https:\\\/\\\/www.quebakan.com\\\/v15\\\/wp-content\\\/uploads\\\/2024\\\/01\\\/Foto-1.jpg\",\"datePublished\":\"2024-01-04T06:51:18+00:00\",\"breadcrumb\":{\"@id\":\"https:\\\/\\\/www.quebakan.com\\\/v15\\\/arca-continental-ecuador-impulsa-reciclaje-comunitario-en-barrios-de-quito\\\/#breadcrumb\"},\"inLanguage\":\"es\",\"potentialAction\":[{\"@type\":\"ReadAction\",\"target\":[\"https:\\\/\\\/www.quebakan.com\\\/v15\\\/arca-continental-ecuador-impulsa-reciclaje-comunitario-en-barrios-de-quito\\\/\"]}]},{\"@type\":\"ImageObject\",\"inLanguage\":\"es\",\"@id\":\"https:\\\/\\\/www.quebakan.com\\\/v15\\\/arca-continental-ecuador-impulsa-reciclaje-comunitario-en-barrios-de-quito\\\/#primaryimage\",\"url\":\"https:\\\/\\\/www.quebakan.com\\\/v15\\\/wp-content\\\/uploads\\\/2024\\\/01\\\/Foto-1.jpg\",\"contentUrl\":\"https:\\\/\\\/www.quebakan.com\\\/v15\\\/wp-content\\\/uploads\\\/2024\\\/01\\\/Foto-1.jpg\",\"width\":700,\"height\":468},{\"@type\":\"BreadcrumbList\",\"@id\":\"https:\\\/\\\/www.quebakan.com\\\/v15\\\/arca-continental-ecuador-impulsa-reciclaje-comunitario-en-barrios-de-quito\\\/#breadcrumb\",\"itemListElement\":[{\"@type\":\"ListItem\",\"position\":1,\"name\":\"Portada\",\"item\":\"https:\\\/\\\/www.quebakan.com\\\/v15\\\/\"},{\"@type\":\"ListItem\",\"position\":2,\"name\":\"ARCA CONTINENTAL ECUADOR IMPULSA RECICLAJE COMUNITARIO EN BARRIOS DE QUITO\"}]},{\"@type\":\"WebSite\",\"@id\":\"https:\\\/\\\/www.quebakan.com\\\/v15\\\/#website\",\"url\":\"https:\\\/\\\/www.quebakan.com\\\/v15\\\/\",\"name\":\"QUEBAKAN\",\"description\":\"..\",\"publisher\":{\"@id\":\"https:\\\/\\\/www.quebakan.com\\\/v15\\\/#organization\"},\"potentialAction\":[{\"@type\":\"SearchAction\",\"target\":{\"@type\":\"EntryPoint\",\"urlTemplate\":\"https:\\\/\\\/www.quebakan.com\\\/v15\\\/?s={search_term_string}\"},\"query-input\":{\"@type\":\"PropertyValueSpecification\",\"valueRequired\":true,\"valueName\":\"search_term_string\"}}],\"inLanguage\":\"es\"},{\"@type\":\"Organization\",\"@id\":\"https:\\\/\\\/www.quebakan.com\\\/v15\\\/#organization\",\"name\":\"Quebakan.com\",\"url\":\"https:\\\/\\\/www.quebakan.com\\\/v15\\\/\",\"logo\":{\"@type\":\"ImageObject\",\"inLanguage\":\"es\",\"@id\":\"https:\\\/\\\/www.quebakan.com\\\/v15\\\/#\\\/schema\\\/logo\\\/image\\\/\",\"url\":\"https:\\\/\\\/www.quebakan.com\\\/v15\\\/wp-content\\\/uploads\\\/2023\\\/07\\\/logoquebakanenero2021.jpg\",\"contentUrl\":\"https:\\\/\\\/www.quebakan.com\\\/v15\\\/wp-content\\\/uploads\\\/2023\\\/07\\\/logoquebakanenero2021.jpg\",\"width\":1920,\"height\":1080,\"caption\":\"Quebakan.com\"},\"image\":{\"@id\":\"https:\\\/\\\/www.quebakan.com\\\/v15\\\/#\\\/schema\\\/logo\\\/image\\\/\"},\"sameAs\":[\"http:\\\/\\\/www.facebook.com\\\/quebakan\",\"https:\\\/\\\/x.com\\\/quebakanec\",\"http:\\\/\\\/www.instagram.com\\\/quebakan\",\"http:\\\/\\\/www.youtube.com\\\/quebakan1\"]},{\"@type\":\"Person\",\"@id\":\"https:\\\/\\\/www.quebakan.com\\\/v15\\\/#\\\/schema\\\/person\\\/d90fa9f9cfa81eb8ace9811e5b7b9118\",\"name\":\"Erick Villafuerte\",\"image\":{\"@type\":\"ImageObject\",\"inLanguage\":\"es\",\"@id\":\"https:\\\/\\\/www.quebakan.com\\\/v15\\\/wp-content\\\/uploads\\\/avatars\\\/4\\\/1731297654-bpfull.png\",\"url\":\"https:\\\/\\\/www.quebakan.com\\\/v15\\\/wp-content\\\/uploads\\\/avatars\\\/4\\\/1731297654-bpfull.png\",\"contentUrl\":\"https:\\\/\\\/www.quebakan.com\\\/v15\\\/wp-content\\\/uploads\\\/avatars\\\/4\\\/1731297654-bpfull.png\",\"caption\":\"Erick Villafuerte\"}}]}<\/script>\n<!-- \/ Yoast SEO plugin. -->","yoast_head_json":{"title":"ARCA CONTINENTAL ECUADOR IMPULSA RECICLAJE COMUNITARIO EN BARRIOS DE QUITO &#8211; QUEBAKAN.COM 2026: Noticias, Eventos, Conciertos y mucho m\u00e1s....","robots":{"index":"index","follow":"follow","max-snippet":"max-snippet:-1","max-image-preview":"max-image-preview:large","max-video-preview":"max-video-preview:-1"},"canonical":"https:\/\/www.quebakan.com\/v15\/arca-continental-ecuador-impulsa-reciclaje-comunitario-en-barrios-de-quito\/","og_locale":"es_ES","og_type":"article","og_title":"ARCA CONTINENTAL ECUADOR IMPULSA RECICLAJE COMUNITARIO EN BARRIOS DE QUITO &#8211; QUEBAKAN.COM 2026: Noticias, Eventos, Conciertos y mucho m\u00e1s....","og_description":"Pie de foto: Juana Iza, Secretar\u00eda de la Red Nacional de Recicladores del Ecuador, capacitando sobre residuos reciclables. Quito, enero de 2024.- Arca Continental Ecuador (ACE), grupo empresarial conformado por las compa\u00f1\u00edas: AC Bebidas, Tonicorp, Dipor e Inalecsa, en conjunto con el Municipio de Quito, la Red Nacional de Recicladores del Ecuador (RENAREC) y \u00a0la [&hellip;]","og_url":"https:\/\/www.quebakan.com\/v15\/arca-continental-ecuador-impulsa-reciclaje-comunitario-en-barrios-de-quito\/","og_site_name":"QUEBAKAN.COM 2026: Noticias, Eventos, Conciertos y mucho m\u00e1s....","article_publisher":"http:\/\/www.facebook.com\/quebakan","article_published_time":"2024-01-04T06:51:18+00:00","og_image":[{"width":700,"height":468,"url":"https:\/\/www.quebakan.com\/v15\/wp-content\/uploads\/2024\/01\/Foto-1.jpg","type":"image\/jpeg"}],"author":"Erick Villafuerte","twitter_card":"summary_large_image","twitter_creator":"@quebakanec","twitter_site":"@quebakanec","twitter_misc":{"Escrito por":"Erick Villafuerte","Tiempo de lectura":"3 minutos"},"schema":{"@context":"https:\/\/schema.org","@graph":[{"@type":"Article","@id":"https:\/\/www.quebakan.com\/v15\/arca-continental-ecuador-impulsa-reciclaje-comunitario-en-barrios-de-quito\/#article","isPartOf":{"@id":"https:\/\/www.quebakan.com\/v15\/arca-continental-ecuador-impulsa-reciclaje-comunitario-en-barrios-de-quito\/"},"author":{"name":"Erick Villafuerte","@id":"https:\/\/www.quebakan.com\/v15\/#\/schema\/person\/d90fa9f9cfa81eb8ace9811e5b7b9118"},"headline":"ARCA CONTINENTAL ECUADOR IMPULSA RECICLAJE COMUNITARIO EN BARRIOS DE QUITO","datePublished":"2024-01-04T06:51:18+00:00","mainEntityOfPage":{"@id":"https:\/\/www.quebakan.com\/v15\/arca-continental-ecuador-impulsa-reciclaje-comunitario-en-barrios-de-quito\/"},"wordCount":400,"commentCount":0,"publisher":{"@id":"https:\/\/www.quebakan.com\/v15\/#organization"},"image":{"@id":"https:\/\/www.quebakan.com\/v15\/arca-continental-ecuador-impulsa-reciclaje-comunitario-en-barrios-de-quito\/#primaryimage"},"thumbnailUrl":"https:\/\/www.quebakan.com\/v15\/wp-content\/uploads\/2024\/01\/Foto-1.jpg","articleSection":["Noticias"],"inLanguage":"es"},{"@type":"WebPage","@id":"https:\/\/www.quebakan.com\/v15\/arca-continental-ecuador-impulsa-reciclaje-comunitario-en-barrios-de-quito\/","url":"https:\/\/www.quebakan.com\/v15\/arca-continental-ecuador-impulsa-reciclaje-comunitario-en-barrios-de-quito\/","name":"ARCA CONTINENTAL ECUADOR IMPULSA RECICLAJE COMUNITARIO EN BARRIOS DE QUITO &#8211; QUEBAKAN.COM 2026: Noticias, Eventos, Conciertos y mucho m\u00e1s....","isPartOf":{"@id":"https:\/\/www.quebakan.com\/v15\/#website"},"primaryImageOfPage":{"@id":"https:\/\/www.quebakan.com\/v15\/arca-continental-ecuador-impulsa-reciclaje-comunitario-en-barrios-de-quito\/#primaryimage"},"image":{"@id":"https:\/\/www.quebakan.com\/v15\/arca-continental-ecuador-impulsa-reciclaje-comunitario-en-barrios-de-quito\/#primaryimage"},"thumbnailUrl":"https:\/\/www.quebakan.com\/v15\/wp-content\/uploads\/2024\/01\/Foto-1.jpg","datePublished":"2024-01-04T06:51:18+00:00","breadcrumb":{"@id":"https:\/\/www.quebakan.com\/v15\/arca-continental-ecuador-impulsa-reciclaje-comunitario-en-barrios-de-quito\/#breadcrumb"},"inLanguage":"es","potentialAction":[{"@type":"ReadAction","target":["https:\/\/www.quebakan.com\/v15\/arca-continental-ecuador-impulsa-reciclaje-comunitario-en-barrios-de-quito\/"]}]},{"@type":"ImageObject","inLanguage":"es","@id":"https:\/\/www.quebakan.com\/v15\/arca-continental-ecuador-impulsa-reciclaje-comunitario-en-barrios-de-quito\/#primaryimage","url":"https:\/\/www.quebakan.com\/v15\/wp-content\/uploads\/2024\/01\/Foto-1.jpg","contentUrl":"https:\/\/www.quebakan.com\/v15\/wp-content\/uploads\/2024\/01\/Foto-1.jpg","width":700,"height":468},{"@type":"BreadcrumbList","@id":"https:\/\/www.quebakan.com\/v15\/arca-continental-ecuador-impulsa-reciclaje-comunitario-en-barrios-de-quito\/#breadcrumb","itemListElement":[{"@type":"ListItem","position":1,"name":"Portada","item":"https:\/\/www.quebakan.com\/v15\/"},{"@type":"ListItem","position":2,"name":"ARCA CONTINENTAL ECUADOR IMPULSA RECICLAJE COMUNITARIO EN BARRIOS DE QUITO"}]},{"@type":"WebSite","@id":"https:\/\/www.quebakan.com\/v15\/#website","url":"https:\/\/www.quebakan.com\/v15\/","name":"QUEBAKAN","description":"..","publisher":{"@id":"https:\/\/www.quebakan.com\/v15\/#organization"},"potentialAction":[{"@type":"SearchAction","target":{"@type":"EntryPoint","urlTemplate":"https:\/\/www.quebakan.com\/v15\/?s={search_term_string}"},"query-input":{"@type":"PropertyValueSpecification","valueRequired":true,"valueName":"search_term_string"}}],"inLanguage":"es"},{"@type":"Organization","@id":"https:\/\/www.quebakan.com\/v15\/#organization","name":"Quebakan.com","url":"https:\/\/www.quebakan.com\/v15\/","logo":{"@type":"ImageObject","inLanguage":"es","@id":"https:\/\/www.quebakan.com\/v15\/#\/schema\/logo\/image\/","url":"https:\/\/www.quebakan.com\/v15\/wp-content\/uploads\/2023\/07\/logoquebakanenero2021.jpg","contentUrl":"https:\/\/www.quebakan.com\/v15\/wp-content\/uploads\/2023\/07\/logoquebakanenero2021.jpg","width":1920,"height":1080,"caption":"Quebakan.com"},"image":{"@id":"https:\/\/www.quebakan.com\/v15\/#\/schema\/logo\/image\/"},"sameAs":["http:\/\/www.facebook.com\/quebakan","https:\/\/x.com\/quebakanec","http:\/\/www.instagram.com\/quebakan","http:\/\/www.youtube.com\/quebakan1"]},{"@type":"Person","@id":"https:\/\/www.quebakan.com\/v15\/#\/schema\/person\/d90fa9f9cfa81eb8ace9811e5b7b9118","name":"Erick Villafuerte","image":{"@type":"ImageObject","inLanguage":"es","@id":"https:\/\/www.quebakan.com\/v15\/wp-content\/uploads\/avatars\/4\/1731297654-bpfull.png","url":"https:\/\/www.quebakan.com\/v15\/wp-content\/uploads\/avatars\/4\/1731297654-bpfull.png","contentUrl":"https:\/\/www.quebakan.com\/v15\/wp-content\/uploads\/avatars\/4\/1731297654-bpfull.png","caption":"Erick Villafuerte"}}]}},"_links":{"self":[{"href":"https:\/\/www.quebakan.com\/v15\/wp-json\/wp\/v2\/posts\/115334","targetHints":{"allow":["GET"]}}],"collection":[{"href":"https:\/\/www.quebakan.com\/v15\/wp-json\/wp\/v2\/posts"}],"about":[{"href":"https:\/\/www.quebakan.com\/v15\/wp-json\/wp\/v2\/types\/post"}],"author":[{"embeddable":true,"href":"https:\/\/www.quebakan.com\/v15\/wp-json\/wp\/v2\/users\/4"}],"replies":[{"embeddable":true,"href":"https:\/\/www.quebakan.com\/v15\/wp-json\/wp\/v2\/comments?post=115334"}],"version-history":[{"count":1,"href":"https:\/\/www.quebakan.com\/v15\/wp-json\/wp\/v2\/posts\/115334\/revisions"}],"predecessor-version":[{"id":115338,"href":"https:\/\/www.quebakan.com\/v15\/wp-json\/wp\/v2\/posts\/115334\/revisions\/115338"}],"wp:featuredmedia":[{"embeddable":true,"href":"https:\/\/www.quebakan.com\/v15\/wp-json\/wp\/v2\/media\/115335"}],"wp:attachment":[{"href":"https:\/\/www.quebakan.com\/v15\/wp-json\/wp\/v2\/media?parent=115334"}],"wp:term":[{"taxonomy":"category","embeddable":true,"href":"https:\/\/www.quebakan.com\/v15\/wp-json\/wp\/v2\/categories?post=115334"},{"taxonomy":"post_tag","embeddable":true,"href":"https:\/\/www.quebakan.com\/v15\/wp-json\/wp\/v2\/tags?post=115334"}],"curies":[{"name":"wp","href":"https:\/\/api.w.org\/{rel}","templated":true}]}}