{"id":115773,"date":"2024-01-29T00:03:48","date_gmt":"2024-01-29T05:03:48","guid":{"rendered":"https:\/\/www.quebakan.com\/v15\/?p=115773"},"modified":"2024-01-29T00:03:48","modified_gmt":"2024-01-29T05:03:48","slug":"al-otro-lado-de-la-niebla-de-sebastian-cordero-se-estrena-en-las-salas-de-cine-a-nivel-nacional","status":"publish","type":"post","link":"https:\/\/www.quebakan.com\/v15\/al-otro-lado-de-la-niebla-de-sebastian-cordero-se-estrena-en-las-salas-de-cine-a-nivel-nacional\/","title":{"rendered":"\u201cAl otro lado de la niebla\u201d, de Sebasti\u00e1n Cordero, se estrena en las salas de cine a nivel nacional"},"content":{"rendered":"<p><img fetchpriority=\"high\" decoding=\"async\" class=\"aligncenter size-full wp-image-115774\" src=\"https:\/\/www.quebakan.com\/v15\/wp-content\/uploads\/2024\/01\/s1.jpg\" alt=\"\" width=\"500\" height=\"271\" \/><\/p>\n<p style=\"text-align: center;\"><span style=\"color: #000000;\"><strong><em>Pie de foto: El monta\u00f1ista Iv\u00e1n Vallejo durante una escena del documental, en el Glaciar de Khumbu (Nepal). <\/em><\/strong><\/span><\/p>\n<ul style=\"text-align: justify;\">\n<li><span style=\"color: #000000;\"><em>Esta pel\u00edcula, que es el primer largometraje documental de Cordero, recoge conversaciones e intercambio de reflexiones filos\u00f3ficas entre el cineasta y el monta\u00f1ista Iv\u00e1n Vallejo, durante su viaje a Nepal.<\/em><\/span><\/li>\n<li><span style=\"color: #000000;\"><em>La producci\u00f3n coincide con la conmemoraci\u00f3n de 20 a\u00f1os del estreno de \u201cRatas, Ratones, Rateros\u201d, y de la consagraci\u00f3n de Vallejo como el primer ecuatoriano en coronar el Everest sin ox\u00edgeno suplementario.<\/em><\/span><\/li>\n<li><span style=\"color: #000000;\"><em>Desde este 25 de enero, la ciudadan\u00eda podr\u00e1 disfrutar de esta pel\u00edcula en las salas de las principales cadenas de cine, incluyendo Supercines, Cinemark, Multicines, Cinext y 8ymedio.<\/em><\/span><\/li>\n<\/ul>\n<p style=\"text-align: justify;\"><span style=\"color: #000000;\"><strong>Quito, enero del 2024.- <\/strong>Tras una exitosa gira por festivales cinematogr\u00e1ficos locales e internacionales, <strong>\u201cAl otro lado de la niebla\u201d<\/strong>, <strong>del aclamado director Sebasti\u00e1n Cordero, se estrena en salas de cine a nivel nacional.<\/strong> Esta pel\u00edcula, que es el primer largometraje documental de Cordero, recoge conversaciones e intercambio de reflexiones filos\u00f3ficas entre el cineasta y el monta\u00f1ista Iv\u00e1n Vallejo, durante su viaje a Nepal. La ciudadan\u00eda podr\u00e1 disfrutar de esta magn\u00edfica pieza, que es <strong>la primera pel\u00edcula ecuatoriana en presentarse en formato 3D<\/strong>, en las salas de las principales cadenas de cine, incluyendo Supercines, Cinemark, Multicines, Cinext y 8ymedio.<\/span><\/p>\n<p style=\"text-align: justify;\"><span style=\"color: #000000;\">La producci\u00f3n marca el reencuentro de estas destacadas figuras ecuatorianas, a prop\u00f3sito de la conmemoraci\u00f3n de 20 a\u00f1os de dos importantes conquistas: El estreno de la aclamada \u00f3pera prima de Cordero, \u201cRatas, Ratones, Rateros\u201d; y la consagraci\u00f3n de Vallejo como el primer ecuatoriano en coronar el Everest sin ox\u00edgeno suplementario. A lo largo de 90 minutos, la audiencia ser\u00e1 testigo de una aventura que emprenden juntos, en la que se dar\u00e1n cuenta que comparten muchas coincidencias de vida, pero que tienen miradas opuestas de imaginar el documental.<\/span><\/p>\n<p style=\"text-align: justify;\"><span style=\"color: #000000;\"><em>\u201cNo soy monta\u00f1ista, pero me gusta mucho caminar, y cuando recib\u00ed la invitaci\u00f3n de Iv\u00e1n Vallejo para acompa\u00f1arle en este viaje a Nepal, acept\u00e9 sin pensarlo dos veces (&#8230;) No soy documentalista tampoco, pero me gusta contar historias, y desde hace rato que el documental me llama\u201d<\/em>, comenta Sebasti\u00e1n Cordero, quien no solo asumi\u00f3 la direcci\u00f3n de este proyecto, sino que tambi\u00e9n estuvo a cargo de la c\u00e1mara, gui\u00f3n y producci\u00f3n.<\/span><\/p>\n<p style=\"text-align: justify;\"><span style=\"color: #000000;\">A decir del cineasta, \u201cAl otro lado de la niebla\u201d no es un retrato de Iv\u00e1n Vallejo, sino m\u00e1s bien un di\u00e1logo, por lo que el proceso de edici\u00f3n fue tremendamente revelador para\u00a0 \u00e9l. <em>\u201cMe di cuenta de que mientras m\u00e1s me adentraba en mis preocupaciones y angustias reales, m\u00e1s paralelismos se dibujaban entre la met\u00e1fora de la monta\u00f1a y la vida, y eso es justamente lo que le hace interesante al filme\u201d<\/em>, se\u00f1ala.<\/span><\/p>\n<p style=\"text-align: justify;\"><span style=\"color: #000000;\">En lo que respecta a la proyecci\u00f3n del documental en festivales de gran renombre, la gira inici\u00f3 con el Festival Encuentros del Otro Cine (EDOC), continuando con Manab\u00ed Profundo. El filme fue la pel\u00edcula inaugural del Guayafest 2023 y del Festival Kuntur\u00f1awi, en el que recibi\u00f3 el Trofeo a Premio del P\u00fablico y el Diploma de Honor por Mejor Sonido. Asimismo, fue parte del Festival Ecuador Cine Aventura, una maravillosa plataforma para presentar el proyecto, por la relaci\u00f3n que tiene la monta\u00f1a con el documental. A nivel internacional, \u201cAl otro lado de la niebla\u201d se present\u00f3 en los festivales Braunschweig International Film Festival en Alemania, y Arica Nativa en Chile, generando excelentes cr\u00edticas en la industria y la comunidad en general.\u00a0<\/span><\/p>\n<p style=\"text-align: justify;\"><span style=\"color: #000000;\">Cordero asegura que con su documental, que cuenta con el auspicio de Almacenes Juan Eljuri y Anonymous, busca promover el inter\u00e9s en este g\u00e9nero y resaltar el potencial art\u00edstico de Ecuador, por lo que tiene una mirada optimista y grandes expectativas por su estreno nacional.<\/span><\/p>\n<p><img decoding=\"async\" class=\"aligncenter size-full wp-image-115775\" src=\"https:\/\/www.quebakan.com\/v15\/wp-content\/uploads\/2024\/01\/AOLN_STILL-01.jpg\" alt=\"\" width=\"700\" height=\"378\" \/><\/p>\n<p>&nbsp;<\/p>\n<p><img decoding=\"async\" class=\"aligncenter size-full wp-image-115776\" src=\"https:\/\/www.quebakan.com\/v15\/wp-content\/uploads\/2024\/01\/Foto-roca-EVEREST-BASE-CAMP-normal.jpg\" alt=\"\" width=\"700\" height=\"467\" \/><\/p>\n","protected":false},"excerpt":{"rendered":"<p>Pie de foto: El monta\u00f1ista Iv\u00e1n Vallejo durante una escena del documental, en el Glaciar de Khumbu (Nepal). Esta pel\u00edcula, que es el primer largometraje documental de Cordero, recoge conversaciones e intercambio de reflexiones filos\u00f3ficas entre el cineasta y el monta\u00f1ista Iv\u00e1n Vallejo, durante su viaje a Nepal. La producci\u00f3n coincide con la conmemoraci\u00f3n de [&hellip;]<\/p>\n","protected":false},"author":4,"featured_media":115776,"comment_status":"open","ping_status":"open","sticky":false,"template":"","format":"standard","meta":{"_bbp_topic_count":0,"_bbp_reply_count":0,"_bbp_total_topic_count":0,"_bbp_total_reply_count":0,"_bbp_voice_count":0,"_bbp_anonymous_reply_count":0,"_bbp_topic_count_hidden":0,"_bbp_reply_count_hidden":0,"_bbp_forum_subforum_count":0,"buzzeditor_post_format":"","footnotes":""},"categories":[2],"tags":[],"class_list":["post-115773","post","type-post","status-publish","format-standard","has-post-thumbnail","hentry","category-noticias"],"yoast_head":"<!-- This site is optimized with the Yoast SEO plugin v27.5 - https:\/\/yoast.com\/product\/yoast-seo-wordpress\/ -->\n<title>\u201cAl otro lado de la niebla\u201d, de Sebasti\u00e1n Cordero, se estrena en las salas de cine a nivel nacional &#8211; QUEBAKAN.COM 2026: Noticias, Eventos, Conciertos y mucho m\u00e1s....<\/title>\n<meta name=\"robots\" content=\"index, follow, max-snippet:-1, max-image-preview:large, max-video-preview:-1\" \/>\n<link rel=\"canonical\" href=\"https:\/\/www.quebakan.com\/v15\/al-otro-lado-de-la-niebla-de-sebastian-cordero-se-estrena-en-las-salas-de-cine-a-nivel-nacional\/\" \/>\n<meta property=\"og:locale\" content=\"es_ES\" \/>\n<meta property=\"og:type\" content=\"article\" \/>\n<meta property=\"og:title\" content=\"\u201cAl otro lado de la niebla\u201d, de Sebasti\u00e1n Cordero, se estrena en las salas de cine a nivel nacional &#8211; QUEBAKAN.COM 2026: Noticias, Eventos, Conciertos y mucho m\u00e1s....\" \/>\n<meta property=\"og:description\" content=\"Pie de foto: El monta\u00f1ista Iv\u00e1n Vallejo durante una escena del documental, en el Glaciar de Khumbu (Nepal). Esta pel\u00edcula, que es el primer largometraje documental de Cordero, recoge conversaciones e intercambio de reflexiones filos\u00f3ficas entre el cineasta y el monta\u00f1ista Iv\u00e1n Vallejo, durante su viaje a Nepal. La producci\u00f3n coincide con la conmemoraci\u00f3n de [&hellip;]\" \/>\n<meta property=\"og:url\" content=\"https:\/\/www.quebakan.com\/v15\/al-otro-lado-de-la-niebla-de-sebastian-cordero-se-estrena-en-las-salas-de-cine-a-nivel-nacional\/\" \/>\n<meta property=\"og:site_name\" content=\"QUEBAKAN.COM 2026: Noticias, Eventos, Conciertos y mucho m\u00e1s....\" \/>\n<meta property=\"article:publisher\" content=\"http:\/\/www.facebook.com\/quebakan\" \/>\n<meta property=\"article:published_time\" content=\"2024-01-29T05:03:48+00:00\" \/>\n<meta property=\"og:image\" content=\"https:\/\/www.quebakan.com\/v15\/wp-content\/uploads\/2024\/01\/Foto-roca-EVEREST-BASE-CAMP-normal.jpg\" \/>\n\t<meta property=\"og:image:width\" content=\"700\" \/>\n\t<meta property=\"og:image:height\" content=\"467\" \/>\n\t<meta property=\"og:image:type\" content=\"image\/jpeg\" \/>\n<meta name=\"author\" content=\"Erick Villafuerte\" \/>\n<meta name=\"twitter:card\" content=\"summary_large_image\" \/>\n<meta name=\"twitter:creator\" content=\"@quebakanec\" \/>\n<meta name=\"twitter:site\" content=\"@quebakanec\" \/>\n<meta name=\"twitter:label1\" content=\"Escrito por\" \/>\n\t<meta name=\"twitter:data1\" content=\"Erick Villafuerte\" \/>\n\t<meta name=\"twitter:label2\" content=\"Tiempo de lectura\" \/>\n\t<meta name=\"twitter:data2\" content=\"4 minutos\" \/>\n<script type=\"application\/ld+json\" class=\"yoast-schema-graph\">{\"@context\":\"https:\\\/\\\/schema.org\",\"@graph\":[{\"@type\":\"Article\",\"@id\":\"https:\\\/\\\/www.quebakan.com\\\/v15\\\/al-otro-lado-de-la-niebla-de-sebastian-cordero-se-estrena-en-las-salas-de-cine-a-nivel-nacional\\\/#article\",\"isPartOf\":{\"@id\":\"https:\\\/\\\/www.quebakan.com\\\/v15\\\/al-otro-lado-de-la-niebla-de-sebastian-cordero-se-estrena-en-las-salas-de-cine-a-nivel-nacional\\\/\"},\"author\":{\"name\":\"Erick Villafuerte\",\"@id\":\"https:\\\/\\\/www.quebakan.com\\\/v15\\\/#\\\/schema\\\/person\\\/d90fa9f9cfa81eb8ace9811e5b7b9118\"},\"headline\":\"\u201cAl otro lado de la niebla\u201d, de Sebasti\u00e1n Cordero, se estrena en las salas de cine a nivel nacional\",\"datePublished\":\"2024-01-29T05:03:48+00:00\",\"mainEntityOfPage\":{\"@id\":\"https:\\\/\\\/www.quebakan.com\\\/v15\\\/al-otro-lado-de-la-niebla-de-sebastian-cordero-se-estrena-en-las-salas-de-cine-a-nivel-nacional\\\/\"},\"wordCount\":678,\"commentCount\":0,\"publisher\":{\"@id\":\"https:\\\/\\\/www.quebakan.com\\\/v15\\\/#organization\"},\"image\":{\"@id\":\"https:\\\/\\\/www.quebakan.com\\\/v15\\\/al-otro-lado-de-la-niebla-de-sebastian-cordero-se-estrena-en-las-salas-de-cine-a-nivel-nacional\\\/#primaryimage\"},\"thumbnailUrl\":\"https:\\\/\\\/www.quebakan.com\\\/v15\\\/wp-content\\\/uploads\\\/2024\\\/01\\\/Foto-roca-EVEREST-BASE-CAMP-normal.jpg\",\"articleSection\":[\"Noticias\"],\"inLanguage\":\"es\"},{\"@type\":\"WebPage\",\"@id\":\"https:\\\/\\\/www.quebakan.com\\\/v15\\\/al-otro-lado-de-la-niebla-de-sebastian-cordero-se-estrena-en-las-salas-de-cine-a-nivel-nacional\\\/\",\"url\":\"https:\\\/\\\/www.quebakan.com\\\/v15\\\/al-otro-lado-de-la-niebla-de-sebastian-cordero-se-estrena-en-las-salas-de-cine-a-nivel-nacional\\\/\",\"name\":\"\u201cAl otro lado de la niebla\u201d, de Sebasti\u00e1n Cordero, se estrena en las salas de cine a nivel nacional &#8211; QUEBAKAN.COM 2026: Noticias, Eventos, Conciertos y mucho m\u00e1s....\",\"isPartOf\":{\"@id\":\"https:\\\/\\\/www.quebakan.com\\\/v15\\\/#website\"},\"primaryImageOfPage\":{\"@id\":\"https:\\\/\\\/www.quebakan.com\\\/v15\\\/al-otro-lado-de-la-niebla-de-sebastian-cordero-se-estrena-en-las-salas-de-cine-a-nivel-nacional\\\/#primaryimage\"},\"image\":{\"@id\":\"https:\\\/\\\/www.quebakan.com\\\/v15\\\/al-otro-lado-de-la-niebla-de-sebastian-cordero-se-estrena-en-las-salas-de-cine-a-nivel-nacional\\\/#primaryimage\"},\"thumbnailUrl\":\"https:\\\/\\\/www.quebakan.com\\\/v15\\\/wp-content\\\/uploads\\\/2024\\\/01\\\/Foto-roca-EVEREST-BASE-CAMP-normal.jpg\",\"datePublished\":\"2024-01-29T05:03:48+00:00\",\"breadcrumb\":{\"@id\":\"https:\\\/\\\/www.quebakan.com\\\/v15\\\/al-otro-lado-de-la-niebla-de-sebastian-cordero-se-estrena-en-las-salas-de-cine-a-nivel-nacional\\\/#breadcrumb\"},\"inLanguage\":\"es\",\"potentialAction\":[{\"@type\":\"ReadAction\",\"target\":[\"https:\\\/\\\/www.quebakan.com\\\/v15\\\/al-otro-lado-de-la-niebla-de-sebastian-cordero-se-estrena-en-las-salas-de-cine-a-nivel-nacional\\\/\"]}]},{\"@type\":\"ImageObject\",\"inLanguage\":\"es\",\"@id\":\"https:\\\/\\\/www.quebakan.com\\\/v15\\\/al-otro-lado-de-la-niebla-de-sebastian-cordero-se-estrena-en-las-salas-de-cine-a-nivel-nacional\\\/#primaryimage\",\"url\":\"https:\\\/\\\/www.quebakan.com\\\/v15\\\/wp-content\\\/uploads\\\/2024\\\/01\\\/Foto-roca-EVEREST-BASE-CAMP-normal.jpg\",\"contentUrl\":\"https:\\\/\\\/www.quebakan.com\\\/v15\\\/wp-content\\\/uploads\\\/2024\\\/01\\\/Foto-roca-EVEREST-BASE-CAMP-normal.jpg\",\"width\":700,\"height\":467},{\"@type\":\"BreadcrumbList\",\"@id\":\"https:\\\/\\\/www.quebakan.com\\\/v15\\\/al-otro-lado-de-la-niebla-de-sebastian-cordero-se-estrena-en-las-salas-de-cine-a-nivel-nacional\\\/#breadcrumb\",\"itemListElement\":[{\"@type\":\"ListItem\",\"position\":1,\"name\":\"Portada\",\"item\":\"https:\\\/\\\/www.quebakan.com\\\/v15\\\/\"},{\"@type\":\"ListItem\",\"position\":2,\"name\":\"\u201cAl otro lado de la niebla\u201d, de Sebasti\u00e1n Cordero, se estrena en las salas de cine a nivel nacional\"}]},{\"@type\":\"WebSite\",\"@id\":\"https:\\\/\\\/www.quebakan.com\\\/v15\\\/#website\",\"url\":\"https:\\\/\\\/www.quebakan.com\\\/v15\\\/\",\"name\":\"QUEBAKAN\",\"description\":\"..\",\"publisher\":{\"@id\":\"https:\\\/\\\/www.quebakan.com\\\/v15\\\/#organization\"},\"potentialAction\":[{\"@type\":\"SearchAction\",\"target\":{\"@type\":\"EntryPoint\",\"urlTemplate\":\"https:\\\/\\\/www.quebakan.com\\\/v15\\\/?s={search_term_string}\"},\"query-input\":{\"@type\":\"PropertyValueSpecification\",\"valueRequired\":true,\"valueName\":\"search_term_string\"}}],\"inLanguage\":\"es\"},{\"@type\":\"Organization\",\"@id\":\"https:\\\/\\\/www.quebakan.com\\\/v15\\\/#organization\",\"name\":\"Quebakan.com\",\"url\":\"https:\\\/\\\/www.quebakan.com\\\/v15\\\/\",\"logo\":{\"@type\":\"ImageObject\",\"inLanguage\":\"es\",\"@id\":\"https:\\\/\\\/www.quebakan.com\\\/v15\\\/#\\\/schema\\\/logo\\\/image\\\/\",\"url\":\"https:\\\/\\\/www.quebakan.com\\\/v15\\\/wp-content\\\/uploads\\\/2023\\\/07\\\/logoquebakanenero2021.jpg\",\"contentUrl\":\"https:\\\/\\\/www.quebakan.com\\\/v15\\\/wp-content\\\/uploads\\\/2023\\\/07\\\/logoquebakanenero2021.jpg\",\"width\":1920,\"height\":1080,\"caption\":\"Quebakan.com\"},\"image\":{\"@id\":\"https:\\\/\\\/www.quebakan.com\\\/v15\\\/#\\\/schema\\\/logo\\\/image\\\/\"},\"sameAs\":[\"http:\\\/\\\/www.facebook.com\\\/quebakan\",\"https:\\\/\\\/x.com\\\/quebakanec\",\"http:\\\/\\\/www.instagram.com\\\/quebakan\",\"http:\\\/\\\/www.youtube.com\\\/quebakan1\"]},{\"@type\":\"Person\",\"@id\":\"https:\\\/\\\/www.quebakan.com\\\/v15\\\/#\\\/schema\\\/person\\\/d90fa9f9cfa81eb8ace9811e5b7b9118\",\"name\":\"Erick Villafuerte\",\"image\":{\"@type\":\"ImageObject\",\"inLanguage\":\"es\",\"@id\":\"https:\\\/\\\/www.quebakan.com\\\/v15\\\/wp-content\\\/uploads\\\/avatars\\\/4\\\/1731297654-bpfull.png\",\"url\":\"https:\\\/\\\/www.quebakan.com\\\/v15\\\/wp-content\\\/uploads\\\/avatars\\\/4\\\/1731297654-bpfull.png\",\"contentUrl\":\"https:\\\/\\\/www.quebakan.com\\\/v15\\\/wp-content\\\/uploads\\\/avatars\\\/4\\\/1731297654-bpfull.png\",\"caption\":\"Erick Villafuerte\"}}]}<\/script>\n<!-- \/ Yoast SEO plugin. -->","yoast_head_json":{"title":"\u201cAl otro lado de la niebla\u201d, de Sebasti\u00e1n Cordero, se estrena en las salas de cine a nivel nacional &#8211; QUEBAKAN.COM 2026: Noticias, Eventos, Conciertos y mucho m\u00e1s....","robots":{"index":"index","follow":"follow","max-snippet":"max-snippet:-1","max-image-preview":"max-image-preview:large","max-video-preview":"max-video-preview:-1"},"canonical":"https:\/\/www.quebakan.com\/v15\/al-otro-lado-de-la-niebla-de-sebastian-cordero-se-estrena-en-las-salas-de-cine-a-nivel-nacional\/","og_locale":"es_ES","og_type":"article","og_title":"\u201cAl otro lado de la niebla\u201d, de Sebasti\u00e1n Cordero, se estrena en las salas de cine a nivel nacional &#8211; QUEBAKAN.COM 2026: Noticias, Eventos, Conciertos y mucho m\u00e1s....","og_description":"Pie de foto: El monta\u00f1ista Iv\u00e1n Vallejo durante una escena del documental, en el Glaciar de Khumbu (Nepal). Esta pel\u00edcula, que es el primer largometraje documental de Cordero, recoge conversaciones e intercambio de reflexiones filos\u00f3ficas entre el cineasta y el monta\u00f1ista Iv\u00e1n Vallejo, durante su viaje a Nepal. La producci\u00f3n coincide con la conmemoraci\u00f3n de [&hellip;]","og_url":"https:\/\/www.quebakan.com\/v15\/al-otro-lado-de-la-niebla-de-sebastian-cordero-se-estrena-en-las-salas-de-cine-a-nivel-nacional\/","og_site_name":"QUEBAKAN.COM 2026: Noticias, Eventos, Conciertos y mucho m\u00e1s....","article_publisher":"http:\/\/www.facebook.com\/quebakan","article_published_time":"2024-01-29T05:03:48+00:00","og_image":[{"width":700,"height":467,"url":"https:\/\/www.quebakan.com\/v15\/wp-content\/uploads\/2024\/01\/Foto-roca-EVEREST-BASE-CAMP-normal.jpg","type":"image\/jpeg"}],"author":"Erick Villafuerte","twitter_card":"summary_large_image","twitter_creator":"@quebakanec","twitter_site":"@quebakanec","twitter_misc":{"Escrito por":"Erick Villafuerte","Tiempo de lectura":"4 minutos"},"schema":{"@context":"https:\/\/schema.org","@graph":[{"@type":"Article","@id":"https:\/\/www.quebakan.com\/v15\/al-otro-lado-de-la-niebla-de-sebastian-cordero-se-estrena-en-las-salas-de-cine-a-nivel-nacional\/#article","isPartOf":{"@id":"https:\/\/www.quebakan.com\/v15\/al-otro-lado-de-la-niebla-de-sebastian-cordero-se-estrena-en-las-salas-de-cine-a-nivel-nacional\/"},"author":{"name":"Erick Villafuerte","@id":"https:\/\/www.quebakan.com\/v15\/#\/schema\/person\/d90fa9f9cfa81eb8ace9811e5b7b9118"},"headline":"\u201cAl otro lado de la niebla\u201d, de Sebasti\u00e1n Cordero, se estrena en las salas de cine a nivel nacional","datePublished":"2024-01-29T05:03:48+00:00","mainEntityOfPage":{"@id":"https:\/\/www.quebakan.com\/v15\/al-otro-lado-de-la-niebla-de-sebastian-cordero-se-estrena-en-las-salas-de-cine-a-nivel-nacional\/"},"wordCount":678,"commentCount":0,"publisher":{"@id":"https:\/\/www.quebakan.com\/v15\/#organization"},"image":{"@id":"https:\/\/www.quebakan.com\/v15\/al-otro-lado-de-la-niebla-de-sebastian-cordero-se-estrena-en-las-salas-de-cine-a-nivel-nacional\/#primaryimage"},"thumbnailUrl":"https:\/\/www.quebakan.com\/v15\/wp-content\/uploads\/2024\/01\/Foto-roca-EVEREST-BASE-CAMP-normal.jpg","articleSection":["Noticias"],"inLanguage":"es"},{"@type":"WebPage","@id":"https:\/\/www.quebakan.com\/v15\/al-otro-lado-de-la-niebla-de-sebastian-cordero-se-estrena-en-las-salas-de-cine-a-nivel-nacional\/","url":"https:\/\/www.quebakan.com\/v15\/al-otro-lado-de-la-niebla-de-sebastian-cordero-se-estrena-en-las-salas-de-cine-a-nivel-nacional\/","name":"\u201cAl otro lado de la niebla\u201d, de Sebasti\u00e1n Cordero, se estrena en las salas de cine a nivel nacional &#8211; QUEBAKAN.COM 2026: Noticias, Eventos, Conciertos y mucho m\u00e1s....","isPartOf":{"@id":"https:\/\/www.quebakan.com\/v15\/#website"},"primaryImageOfPage":{"@id":"https:\/\/www.quebakan.com\/v15\/al-otro-lado-de-la-niebla-de-sebastian-cordero-se-estrena-en-las-salas-de-cine-a-nivel-nacional\/#primaryimage"},"image":{"@id":"https:\/\/www.quebakan.com\/v15\/al-otro-lado-de-la-niebla-de-sebastian-cordero-se-estrena-en-las-salas-de-cine-a-nivel-nacional\/#primaryimage"},"thumbnailUrl":"https:\/\/www.quebakan.com\/v15\/wp-content\/uploads\/2024\/01\/Foto-roca-EVEREST-BASE-CAMP-normal.jpg","datePublished":"2024-01-29T05:03:48+00:00","breadcrumb":{"@id":"https:\/\/www.quebakan.com\/v15\/al-otro-lado-de-la-niebla-de-sebastian-cordero-se-estrena-en-las-salas-de-cine-a-nivel-nacional\/#breadcrumb"},"inLanguage":"es","potentialAction":[{"@type":"ReadAction","target":["https:\/\/www.quebakan.com\/v15\/al-otro-lado-de-la-niebla-de-sebastian-cordero-se-estrena-en-las-salas-de-cine-a-nivel-nacional\/"]}]},{"@type":"ImageObject","inLanguage":"es","@id":"https:\/\/www.quebakan.com\/v15\/al-otro-lado-de-la-niebla-de-sebastian-cordero-se-estrena-en-las-salas-de-cine-a-nivel-nacional\/#primaryimage","url":"https:\/\/www.quebakan.com\/v15\/wp-content\/uploads\/2024\/01\/Foto-roca-EVEREST-BASE-CAMP-normal.jpg","contentUrl":"https:\/\/www.quebakan.com\/v15\/wp-content\/uploads\/2024\/01\/Foto-roca-EVEREST-BASE-CAMP-normal.jpg","width":700,"height":467},{"@type":"BreadcrumbList","@id":"https:\/\/www.quebakan.com\/v15\/al-otro-lado-de-la-niebla-de-sebastian-cordero-se-estrena-en-las-salas-de-cine-a-nivel-nacional\/#breadcrumb","itemListElement":[{"@type":"ListItem","position":1,"name":"Portada","item":"https:\/\/www.quebakan.com\/v15\/"},{"@type":"ListItem","position":2,"name":"\u201cAl otro lado de la niebla\u201d, de Sebasti\u00e1n Cordero, se estrena en las salas de cine a nivel nacional"}]},{"@type":"WebSite","@id":"https:\/\/www.quebakan.com\/v15\/#website","url":"https:\/\/www.quebakan.com\/v15\/","name":"QUEBAKAN","description":"..","publisher":{"@id":"https:\/\/www.quebakan.com\/v15\/#organization"},"potentialAction":[{"@type":"SearchAction","target":{"@type":"EntryPoint","urlTemplate":"https:\/\/www.quebakan.com\/v15\/?s={search_term_string}"},"query-input":{"@type":"PropertyValueSpecification","valueRequired":true,"valueName":"search_term_string"}}],"inLanguage":"es"},{"@type":"Organization","@id":"https:\/\/www.quebakan.com\/v15\/#organization","name":"Quebakan.com","url":"https:\/\/www.quebakan.com\/v15\/","logo":{"@type":"ImageObject","inLanguage":"es","@id":"https:\/\/www.quebakan.com\/v15\/#\/schema\/logo\/image\/","url":"https:\/\/www.quebakan.com\/v15\/wp-content\/uploads\/2023\/07\/logoquebakanenero2021.jpg","contentUrl":"https:\/\/www.quebakan.com\/v15\/wp-content\/uploads\/2023\/07\/logoquebakanenero2021.jpg","width":1920,"height":1080,"caption":"Quebakan.com"},"image":{"@id":"https:\/\/www.quebakan.com\/v15\/#\/schema\/logo\/image\/"},"sameAs":["http:\/\/www.facebook.com\/quebakan","https:\/\/x.com\/quebakanec","http:\/\/www.instagram.com\/quebakan","http:\/\/www.youtube.com\/quebakan1"]},{"@type":"Person","@id":"https:\/\/www.quebakan.com\/v15\/#\/schema\/person\/d90fa9f9cfa81eb8ace9811e5b7b9118","name":"Erick Villafuerte","image":{"@type":"ImageObject","inLanguage":"es","@id":"https:\/\/www.quebakan.com\/v15\/wp-content\/uploads\/avatars\/4\/1731297654-bpfull.png","url":"https:\/\/www.quebakan.com\/v15\/wp-content\/uploads\/avatars\/4\/1731297654-bpfull.png","contentUrl":"https:\/\/www.quebakan.com\/v15\/wp-content\/uploads\/avatars\/4\/1731297654-bpfull.png","caption":"Erick Villafuerte"}}]}},"_links":{"self":[{"href":"https:\/\/www.quebakan.com\/v15\/wp-json\/wp\/v2\/posts\/115773","targetHints":{"allow":["GET"]}}],"collection":[{"href":"https:\/\/www.quebakan.com\/v15\/wp-json\/wp\/v2\/posts"}],"about":[{"href":"https:\/\/www.quebakan.com\/v15\/wp-json\/wp\/v2\/types\/post"}],"author":[{"embeddable":true,"href":"https:\/\/www.quebakan.com\/v15\/wp-json\/wp\/v2\/users\/4"}],"replies":[{"embeddable":true,"href":"https:\/\/www.quebakan.com\/v15\/wp-json\/wp\/v2\/comments?post=115773"}],"version-history":[{"count":1,"href":"https:\/\/www.quebakan.com\/v15\/wp-json\/wp\/v2\/posts\/115773\/revisions"}],"predecessor-version":[{"id":115777,"href":"https:\/\/www.quebakan.com\/v15\/wp-json\/wp\/v2\/posts\/115773\/revisions\/115777"}],"wp:featuredmedia":[{"embeddable":true,"href":"https:\/\/www.quebakan.com\/v15\/wp-json\/wp\/v2\/media\/115776"}],"wp:attachment":[{"href":"https:\/\/www.quebakan.com\/v15\/wp-json\/wp\/v2\/media?parent=115773"}],"wp:term":[{"taxonomy":"category","embeddable":true,"href":"https:\/\/www.quebakan.com\/v15\/wp-json\/wp\/v2\/categories?post=115773"},{"taxonomy":"post_tag","embeddable":true,"href":"https:\/\/www.quebakan.com\/v15\/wp-json\/wp\/v2\/tags?post=115773"}],"curies":[{"name":"wp","href":"https:\/\/api.w.org\/{rel}","templated":true}]}}