{"id":115783,"date":"2024-01-29T19:59:56","date_gmt":"2024-01-30T00:59:56","guid":{"rendered":"https:\/\/www.quebakan.com\/v15\/?p=115783"},"modified":"2024-01-29T19:59:56","modified_gmt":"2024-01-30T00:59:56","slug":"para-el-primer-trimestre-de-2024-didi-anuncia-reduccion-de-su-precio-minimo","status":"publish","type":"post","link":"https:\/\/www.quebakan.com\/v15\/para-el-primer-trimestre-de-2024-didi-anuncia-reduccion-de-su-precio-minimo\/","title":{"rendered":"Para el primer trimestre de 2024 DiDi anuncia reducci\u00f3n de su precio m\u00ednimo"},"content":{"rendered":"<p><img fetchpriority=\"high\" decoding=\"async\" class=\"aligncenter size-full wp-image-115784\" src=\"https:\/\/www.quebakan.com\/v15\/wp-content\/uploads\/2024\/01\/DiDi_enero-2024_1.jpg\" alt=\"\" width=\"700\" height=\"467\" \/><\/p>\n<p style=\"text-align: justify;\"><span style=\"color: #000000;\"><strong>Quito, 29 de enero de 2024<\/strong>. DiDi, la aplicaci\u00f3n tecnol\u00f3gica l\u00edder en movilidad, inicia el 2024 consolidando su presencia en la regi\u00f3n y reafirmando su compromiso de ser el aliado tecnol\u00f3gico perfecto para sus usuarios, ayud\u00e1ndolos a alcanzar sus objetivos financieros del a\u00f1o.<\/span><\/p>\n<p style=\"text-align: justify;\"><span style=\"color: #000000;\">La aplicaci\u00f3n contin\u00faa enfoc\u00e1ndose en brindar a los usuarios pasajeros que se conectan con la app precios accesibles y conveniencia diaria mediante estrategias continuas que optimizan los presupuestos y generan ahorros significativos.\u00a0<\/span><\/p>\n<p style=\"text-align: justify;\"><span style=\"color: #000000;\">En ese sentido, durante el primer trimestre del a\u00f1o, y recordando a todos los usuarios la importancia de acatar las medidas de seguridad impuestas por el Gobierno Nacional que propenden por el bienestar de todos, los usuarios pasajeros que utilicen la aplicaci\u00f3n podr\u00e1n disfrutar de un menor precio m\u00ednimo de USD $1.5 al utilizar el producto tecnol\u00f3gico DiDi Express en Quito. La implementaci\u00f3n de este nuevo precio m\u00ednimo no solo mejorar\u00e1 las ganancias de los usuarios conductores al generarles m\u00e1s demanda cuando se conectan con la app, sino que tambi\u00e9n ayudar\u00e1 a cuidar el bolsillo de los usuarios pasajeros que la utilizan.\u00a0<\/span><\/p>\n<p style=\"text-align: justify;\"><span style=\"color: #000000;\">Asimismo, DiDi refuerza su compromiso con dise\u00f1ar estrategias y promociones que permitan a cualquier persona conectarse a la app y obtener ganancias adicionales atractivas al conectarse con la app. Por eso constantemente dise\u00f1a estrategias para aumentar la demanda de la aplicaci\u00f3n, ofreciendo precios competitivos y promociones constantes con el fin de que los usuarios conductores puedan tener atractivas ganancias adicionales.\u00a0<\/span><\/p>\n<p style=\"text-align: justify;\"><span style=\"color: #000000;\">\u00ab<em>Desde que estamos disponibles en la regi\u00f3n, hemos trabajado diligentemente para comprender las complejidades locales y fusionarlas con tecnolog\u00eda de vanguardia, proporcionando soluciones que permiten facilitar la vida de las personas. Reconocemos que la primera parte del a\u00f1o es un momento crucial para planificar y establecer un presupuesto, por eso buscamos convertirnos en el aliado que los usuarios necesitan para alcanzar sus metas financieras<\/em>\u00ab, afirma Jorge Ordo\u00f1ez, director regional para DiDi en Hispanoam\u00e9rica.<\/span><\/p>\n<p style=\"text-align: justify;\"><span style=\"color: #000000;\">\u00ab<em>Con un enfoque global y local, en DiDi buscamos garantizar soluciones tecnol\u00f3gicas que impacten excepcionalmente en la movilidad a lo largo de todo el a\u00f1o. Lo bueno es que hay DiDi, y estamos aqu\u00ed para hacerle la vida m\u00e1s f\u00e1cil a los usuarios cuando m\u00e1s lo necesitan<\/em>\u00ab, concluy\u00f3.<\/span><\/p>\n","protected":false},"excerpt":{"rendered":"<p>Quito, 29 de enero de 2024. DiDi, la aplicaci\u00f3n tecnol\u00f3gica l\u00edder en movilidad, inicia el 2024 consolidando su presencia en la regi\u00f3n y reafirmando su compromiso de ser el aliado tecnol\u00f3gico perfecto para sus usuarios, ayud\u00e1ndolos a alcanzar sus objetivos financieros del a\u00f1o. La aplicaci\u00f3n contin\u00faa enfoc\u00e1ndose en brindar a los usuarios pasajeros que se [&hellip;]<\/p>\n","protected":false},"author":4,"featured_media":115784,"comment_status":"open","ping_status":"open","sticky":false,"template":"","format":"standard","meta":{"_bbp_topic_count":0,"_bbp_reply_count":0,"_bbp_total_topic_count":0,"_bbp_total_reply_count":0,"_bbp_voice_count":0,"_bbp_anonymous_reply_count":0,"_bbp_topic_count_hidden":0,"_bbp_reply_count_hidden":0,"_bbp_forum_subforum_count":0,"buzzeditor_post_format":"","footnotes":""},"categories":[2],"tags":[],"class_list":["post-115783","post","type-post","status-publish","format-standard","has-post-thumbnail","hentry","category-noticias"],"yoast_head":"<!-- This site is optimized with the Yoast SEO plugin v27.5 - https:\/\/yoast.com\/product\/yoast-seo-wordpress\/ -->\n<title>Para el primer trimestre de 2024 DiDi anuncia reducci\u00f3n de su precio m\u00ednimo &#8211; QUEBAKAN.COM 2026: Noticias, Eventos, Conciertos y mucho m\u00e1s....<\/title>\n<meta name=\"robots\" content=\"index, follow, max-snippet:-1, max-image-preview:large, max-video-preview:-1\" \/>\n<link rel=\"canonical\" href=\"https:\/\/www.quebakan.com\/v15\/para-el-primer-trimestre-de-2024-didi-anuncia-reduccion-de-su-precio-minimo\/\" \/>\n<meta property=\"og:locale\" content=\"es_ES\" \/>\n<meta property=\"og:type\" content=\"article\" \/>\n<meta property=\"og:title\" content=\"Para el primer trimestre de 2024 DiDi anuncia reducci\u00f3n de su precio m\u00ednimo &#8211; QUEBAKAN.COM 2026: Noticias, Eventos, Conciertos y mucho m\u00e1s....\" \/>\n<meta property=\"og:description\" content=\"Quito, 29 de enero de 2024. DiDi, la aplicaci\u00f3n tecnol\u00f3gica l\u00edder en movilidad, inicia el 2024 consolidando su presencia en la regi\u00f3n y reafirmando su compromiso de ser el aliado tecnol\u00f3gico perfecto para sus usuarios, ayud\u00e1ndolos a alcanzar sus objetivos financieros del a\u00f1o. La aplicaci\u00f3n contin\u00faa enfoc\u00e1ndose en brindar a los usuarios pasajeros que se [&hellip;]\" \/>\n<meta property=\"og:url\" content=\"https:\/\/www.quebakan.com\/v15\/para-el-primer-trimestre-de-2024-didi-anuncia-reduccion-de-su-precio-minimo\/\" \/>\n<meta property=\"og:site_name\" content=\"QUEBAKAN.COM 2026: Noticias, Eventos, Conciertos y mucho m\u00e1s....\" \/>\n<meta property=\"article:publisher\" content=\"http:\/\/www.facebook.com\/quebakan\" \/>\n<meta property=\"article:published_time\" content=\"2024-01-30T00:59:56+00:00\" \/>\n<meta property=\"og:image\" content=\"https:\/\/www.quebakan.com\/v15\/wp-content\/uploads\/2024\/01\/DiDi_enero-2024_1.jpg\" \/>\n\t<meta property=\"og:image:width\" content=\"700\" \/>\n\t<meta property=\"og:image:height\" content=\"467\" \/>\n\t<meta property=\"og:image:type\" content=\"image\/jpeg\" \/>\n<meta name=\"author\" content=\"Erick Villafuerte\" \/>\n<meta name=\"twitter:card\" content=\"summary_large_image\" \/>\n<meta name=\"twitter:creator\" content=\"@quebakanec\" \/>\n<meta name=\"twitter:site\" content=\"@quebakanec\" \/>\n<meta name=\"twitter:label1\" content=\"Escrito por\" \/>\n\t<meta name=\"twitter:data1\" content=\"Erick Villafuerte\" \/>\n\t<meta name=\"twitter:label2\" content=\"Tiempo de lectura\" \/>\n\t<meta name=\"twitter:data2\" content=\"3 minutos\" \/>\n<script type=\"application\/ld+json\" class=\"yoast-schema-graph\">{\"@context\":\"https:\\\/\\\/schema.org\",\"@graph\":[{\"@type\":\"Article\",\"@id\":\"https:\\\/\\\/www.quebakan.com\\\/v15\\\/para-el-primer-trimestre-de-2024-didi-anuncia-reduccion-de-su-precio-minimo\\\/#article\",\"isPartOf\":{\"@id\":\"https:\\\/\\\/www.quebakan.com\\\/v15\\\/para-el-primer-trimestre-de-2024-didi-anuncia-reduccion-de-su-precio-minimo\\\/\"},\"author\":{\"name\":\"Erick Villafuerte\",\"@id\":\"https:\\\/\\\/www.quebakan.com\\\/v15\\\/#\\\/schema\\\/person\\\/d90fa9f9cfa81eb8ace9811e5b7b9118\"},\"headline\":\"Para el primer trimestre de 2024 DiDi anuncia reducci\u00f3n de su precio m\u00ednimo\",\"datePublished\":\"2024-01-30T00:59:56+00:00\",\"mainEntityOfPage\":{\"@id\":\"https:\\\/\\\/www.quebakan.com\\\/v15\\\/para-el-primer-trimestre-de-2024-didi-anuncia-reduccion-de-su-precio-minimo\\\/\"},\"wordCount\":400,\"commentCount\":0,\"publisher\":{\"@id\":\"https:\\\/\\\/www.quebakan.com\\\/v15\\\/#organization\"},\"image\":{\"@id\":\"https:\\\/\\\/www.quebakan.com\\\/v15\\\/para-el-primer-trimestre-de-2024-didi-anuncia-reduccion-de-su-precio-minimo\\\/#primaryimage\"},\"thumbnailUrl\":\"https:\\\/\\\/www.quebakan.com\\\/v15\\\/wp-content\\\/uploads\\\/2024\\\/01\\\/DiDi_enero-2024_1.jpg\",\"articleSection\":[\"Noticias\"],\"inLanguage\":\"es\"},{\"@type\":\"WebPage\",\"@id\":\"https:\\\/\\\/www.quebakan.com\\\/v15\\\/para-el-primer-trimestre-de-2024-didi-anuncia-reduccion-de-su-precio-minimo\\\/\",\"url\":\"https:\\\/\\\/www.quebakan.com\\\/v15\\\/para-el-primer-trimestre-de-2024-didi-anuncia-reduccion-de-su-precio-minimo\\\/\",\"name\":\"Para el primer trimestre de 2024 DiDi anuncia reducci\u00f3n de su precio m\u00ednimo &#8211; QUEBAKAN.COM 2026: Noticias, Eventos, Conciertos y mucho m\u00e1s....\",\"isPartOf\":{\"@id\":\"https:\\\/\\\/www.quebakan.com\\\/v15\\\/#website\"},\"primaryImageOfPage\":{\"@id\":\"https:\\\/\\\/www.quebakan.com\\\/v15\\\/para-el-primer-trimestre-de-2024-didi-anuncia-reduccion-de-su-precio-minimo\\\/#primaryimage\"},\"image\":{\"@id\":\"https:\\\/\\\/www.quebakan.com\\\/v15\\\/para-el-primer-trimestre-de-2024-didi-anuncia-reduccion-de-su-precio-minimo\\\/#primaryimage\"},\"thumbnailUrl\":\"https:\\\/\\\/www.quebakan.com\\\/v15\\\/wp-content\\\/uploads\\\/2024\\\/01\\\/DiDi_enero-2024_1.jpg\",\"datePublished\":\"2024-01-30T00:59:56+00:00\",\"breadcrumb\":{\"@id\":\"https:\\\/\\\/www.quebakan.com\\\/v15\\\/para-el-primer-trimestre-de-2024-didi-anuncia-reduccion-de-su-precio-minimo\\\/#breadcrumb\"},\"inLanguage\":\"es\",\"potentialAction\":[{\"@type\":\"ReadAction\",\"target\":[\"https:\\\/\\\/www.quebakan.com\\\/v15\\\/para-el-primer-trimestre-de-2024-didi-anuncia-reduccion-de-su-precio-minimo\\\/\"]}]},{\"@type\":\"ImageObject\",\"inLanguage\":\"es\",\"@id\":\"https:\\\/\\\/www.quebakan.com\\\/v15\\\/para-el-primer-trimestre-de-2024-didi-anuncia-reduccion-de-su-precio-minimo\\\/#primaryimage\",\"url\":\"https:\\\/\\\/www.quebakan.com\\\/v15\\\/wp-content\\\/uploads\\\/2024\\\/01\\\/DiDi_enero-2024_1.jpg\",\"contentUrl\":\"https:\\\/\\\/www.quebakan.com\\\/v15\\\/wp-content\\\/uploads\\\/2024\\\/01\\\/DiDi_enero-2024_1.jpg\",\"width\":700,\"height\":467},{\"@type\":\"BreadcrumbList\",\"@id\":\"https:\\\/\\\/www.quebakan.com\\\/v15\\\/para-el-primer-trimestre-de-2024-didi-anuncia-reduccion-de-su-precio-minimo\\\/#breadcrumb\",\"itemListElement\":[{\"@type\":\"ListItem\",\"position\":1,\"name\":\"Portada\",\"item\":\"https:\\\/\\\/www.quebakan.com\\\/v15\\\/\"},{\"@type\":\"ListItem\",\"position\":2,\"name\":\"Para el primer trimestre de 2024 DiDi anuncia reducci\u00f3n de su precio m\u00ednimo\"}]},{\"@type\":\"WebSite\",\"@id\":\"https:\\\/\\\/www.quebakan.com\\\/v15\\\/#website\",\"url\":\"https:\\\/\\\/www.quebakan.com\\\/v15\\\/\",\"name\":\"QUEBAKAN\",\"description\":\"..\",\"publisher\":{\"@id\":\"https:\\\/\\\/www.quebakan.com\\\/v15\\\/#organization\"},\"potentialAction\":[{\"@type\":\"SearchAction\",\"target\":{\"@type\":\"EntryPoint\",\"urlTemplate\":\"https:\\\/\\\/www.quebakan.com\\\/v15\\\/?s={search_term_string}\"},\"query-input\":{\"@type\":\"PropertyValueSpecification\",\"valueRequired\":true,\"valueName\":\"search_term_string\"}}],\"inLanguage\":\"es\"},{\"@type\":\"Organization\",\"@id\":\"https:\\\/\\\/www.quebakan.com\\\/v15\\\/#organization\",\"name\":\"Quebakan.com\",\"url\":\"https:\\\/\\\/www.quebakan.com\\\/v15\\\/\",\"logo\":{\"@type\":\"ImageObject\",\"inLanguage\":\"es\",\"@id\":\"https:\\\/\\\/www.quebakan.com\\\/v15\\\/#\\\/schema\\\/logo\\\/image\\\/\",\"url\":\"https:\\\/\\\/www.quebakan.com\\\/v15\\\/wp-content\\\/uploads\\\/2023\\\/07\\\/logoquebakanenero2021.jpg\",\"contentUrl\":\"https:\\\/\\\/www.quebakan.com\\\/v15\\\/wp-content\\\/uploads\\\/2023\\\/07\\\/logoquebakanenero2021.jpg\",\"width\":1920,\"height\":1080,\"caption\":\"Quebakan.com\"},\"image\":{\"@id\":\"https:\\\/\\\/www.quebakan.com\\\/v15\\\/#\\\/schema\\\/logo\\\/image\\\/\"},\"sameAs\":[\"http:\\\/\\\/www.facebook.com\\\/quebakan\",\"https:\\\/\\\/x.com\\\/quebakanec\",\"http:\\\/\\\/www.instagram.com\\\/quebakan\",\"http:\\\/\\\/www.youtube.com\\\/quebakan1\"]},{\"@type\":\"Person\",\"@id\":\"https:\\\/\\\/www.quebakan.com\\\/v15\\\/#\\\/schema\\\/person\\\/d90fa9f9cfa81eb8ace9811e5b7b9118\",\"name\":\"Erick Villafuerte\",\"image\":{\"@type\":\"ImageObject\",\"inLanguage\":\"es\",\"@id\":\"https:\\\/\\\/www.quebakan.com\\\/v15\\\/wp-content\\\/uploads\\\/avatars\\\/4\\\/1731297654-bpfull.png\",\"url\":\"https:\\\/\\\/www.quebakan.com\\\/v15\\\/wp-content\\\/uploads\\\/avatars\\\/4\\\/1731297654-bpfull.png\",\"contentUrl\":\"https:\\\/\\\/www.quebakan.com\\\/v15\\\/wp-content\\\/uploads\\\/avatars\\\/4\\\/1731297654-bpfull.png\",\"caption\":\"Erick Villafuerte\"}}]}<\/script>\n<!-- \/ Yoast SEO plugin. -->","yoast_head_json":{"title":"Para el primer trimestre de 2024 DiDi anuncia reducci\u00f3n de su precio m\u00ednimo &#8211; QUEBAKAN.COM 2026: Noticias, Eventos, Conciertos y mucho m\u00e1s....","robots":{"index":"index","follow":"follow","max-snippet":"max-snippet:-1","max-image-preview":"max-image-preview:large","max-video-preview":"max-video-preview:-1"},"canonical":"https:\/\/www.quebakan.com\/v15\/para-el-primer-trimestre-de-2024-didi-anuncia-reduccion-de-su-precio-minimo\/","og_locale":"es_ES","og_type":"article","og_title":"Para el primer trimestre de 2024 DiDi anuncia reducci\u00f3n de su precio m\u00ednimo &#8211; QUEBAKAN.COM 2026: Noticias, Eventos, Conciertos y mucho m\u00e1s....","og_description":"Quito, 29 de enero de 2024. DiDi, la aplicaci\u00f3n tecnol\u00f3gica l\u00edder en movilidad, inicia el 2024 consolidando su presencia en la regi\u00f3n y reafirmando su compromiso de ser el aliado tecnol\u00f3gico perfecto para sus usuarios, ayud\u00e1ndolos a alcanzar sus objetivos financieros del a\u00f1o. La aplicaci\u00f3n contin\u00faa enfoc\u00e1ndose en brindar a los usuarios pasajeros que se [&hellip;]","og_url":"https:\/\/www.quebakan.com\/v15\/para-el-primer-trimestre-de-2024-didi-anuncia-reduccion-de-su-precio-minimo\/","og_site_name":"QUEBAKAN.COM 2026: Noticias, Eventos, Conciertos y mucho m\u00e1s....","article_publisher":"http:\/\/www.facebook.com\/quebakan","article_published_time":"2024-01-30T00:59:56+00:00","og_image":[{"width":700,"height":467,"url":"https:\/\/www.quebakan.com\/v15\/wp-content\/uploads\/2024\/01\/DiDi_enero-2024_1.jpg","type":"image\/jpeg"}],"author":"Erick Villafuerte","twitter_card":"summary_large_image","twitter_creator":"@quebakanec","twitter_site":"@quebakanec","twitter_misc":{"Escrito por":"Erick Villafuerte","Tiempo de lectura":"3 minutos"},"schema":{"@context":"https:\/\/schema.org","@graph":[{"@type":"Article","@id":"https:\/\/www.quebakan.com\/v15\/para-el-primer-trimestre-de-2024-didi-anuncia-reduccion-de-su-precio-minimo\/#article","isPartOf":{"@id":"https:\/\/www.quebakan.com\/v15\/para-el-primer-trimestre-de-2024-didi-anuncia-reduccion-de-su-precio-minimo\/"},"author":{"name":"Erick Villafuerte","@id":"https:\/\/www.quebakan.com\/v15\/#\/schema\/person\/d90fa9f9cfa81eb8ace9811e5b7b9118"},"headline":"Para el primer trimestre de 2024 DiDi anuncia reducci\u00f3n de su precio m\u00ednimo","datePublished":"2024-01-30T00:59:56+00:00","mainEntityOfPage":{"@id":"https:\/\/www.quebakan.com\/v15\/para-el-primer-trimestre-de-2024-didi-anuncia-reduccion-de-su-precio-minimo\/"},"wordCount":400,"commentCount":0,"publisher":{"@id":"https:\/\/www.quebakan.com\/v15\/#organization"},"image":{"@id":"https:\/\/www.quebakan.com\/v15\/para-el-primer-trimestre-de-2024-didi-anuncia-reduccion-de-su-precio-minimo\/#primaryimage"},"thumbnailUrl":"https:\/\/www.quebakan.com\/v15\/wp-content\/uploads\/2024\/01\/DiDi_enero-2024_1.jpg","articleSection":["Noticias"],"inLanguage":"es"},{"@type":"WebPage","@id":"https:\/\/www.quebakan.com\/v15\/para-el-primer-trimestre-de-2024-didi-anuncia-reduccion-de-su-precio-minimo\/","url":"https:\/\/www.quebakan.com\/v15\/para-el-primer-trimestre-de-2024-didi-anuncia-reduccion-de-su-precio-minimo\/","name":"Para el primer trimestre de 2024 DiDi anuncia reducci\u00f3n de su precio m\u00ednimo &#8211; QUEBAKAN.COM 2026: Noticias, Eventos, Conciertos y mucho m\u00e1s....","isPartOf":{"@id":"https:\/\/www.quebakan.com\/v15\/#website"},"primaryImageOfPage":{"@id":"https:\/\/www.quebakan.com\/v15\/para-el-primer-trimestre-de-2024-didi-anuncia-reduccion-de-su-precio-minimo\/#primaryimage"},"image":{"@id":"https:\/\/www.quebakan.com\/v15\/para-el-primer-trimestre-de-2024-didi-anuncia-reduccion-de-su-precio-minimo\/#primaryimage"},"thumbnailUrl":"https:\/\/www.quebakan.com\/v15\/wp-content\/uploads\/2024\/01\/DiDi_enero-2024_1.jpg","datePublished":"2024-01-30T00:59:56+00:00","breadcrumb":{"@id":"https:\/\/www.quebakan.com\/v15\/para-el-primer-trimestre-de-2024-didi-anuncia-reduccion-de-su-precio-minimo\/#breadcrumb"},"inLanguage":"es","potentialAction":[{"@type":"ReadAction","target":["https:\/\/www.quebakan.com\/v15\/para-el-primer-trimestre-de-2024-didi-anuncia-reduccion-de-su-precio-minimo\/"]}]},{"@type":"ImageObject","inLanguage":"es","@id":"https:\/\/www.quebakan.com\/v15\/para-el-primer-trimestre-de-2024-didi-anuncia-reduccion-de-su-precio-minimo\/#primaryimage","url":"https:\/\/www.quebakan.com\/v15\/wp-content\/uploads\/2024\/01\/DiDi_enero-2024_1.jpg","contentUrl":"https:\/\/www.quebakan.com\/v15\/wp-content\/uploads\/2024\/01\/DiDi_enero-2024_1.jpg","width":700,"height":467},{"@type":"BreadcrumbList","@id":"https:\/\/www.quebakan.com\/v15\/para-el-primer-trimestre-de-2024-didi-anuncia-reduccion-de-su-precio-minimo\/#breadcrumb","itemListElement":[{"@type":"ListItem","position":1,"name":"Portada","item":"https:\/\/www.quebakan.com\/v15\/"},{"@type":"ListItem","position":2,"name":"Para el primer trimestre de 2024 DiDi anuncia reducci\u00f3n de su precio m\u00ednimo"}]},{"@type":"WebSite","@id":"https:\/\/www.quebakan.com\/v15\/#website","url":"https:\/\/www.quebakan.com\/v15\/","name":"QUEBAKAN","description":"..","publisher":{"@id":"https:\/\/www.quebakan.com\/v15\/#organization"},"potentialAction":[{"@type":"SearchAction","target":{"@type":"EntryPoint","urlTemplate":"https:\/\/www.quebakan.com\/v15\/?s={search_term_string}"},"query-input":{"@type":"PropertyValueSpecification","valueRequired":true,"valueName":"search_term_string"}}],"inLanguage":"es"},{"@type":"Organization","@id":"https:\/\/www.quebakan.com\/v15\/#organization","name":"Quebakan.com","url":"https:\/\/www.quebakan.com\/v15\/","logo":{"@type":"ImageObject","inLanguage":"es","@id":"https:\/\/www.quebakan.com\/v15\/#\/schema\/logo\/image\/","url":"https:\/\/www.quebakan.com\/v15\/wp-content\/uploads\/2023\/07\/logoquebakanenero2021.jpg","contentUrl":"https:\/\/www.quebakan.com\/v15\/wp-content\/uploads\/2023\/07\/logoquebakanenero2021.jpg","width":1920,"height":1080,"caption":"Quebakan.com"},"image":{"@id":"https:\/\/www.quebakan.com\/v15\/#\/schema\/logo\/image\/"},"sameAs":["http:\/\/www.facebook.com\/quebakan","https:\/\/x.com\/quebakanec","http:\/\/www.instagram.com\/quebakan","http:\/\/www.youtube.com\/quebakan1"]},{"@type":"Person","@id":"https:\/\/www.quebakan.com\/v15\/#\/schema\/person\/d90fa9f9cfa81eb8ace9811e5b7b9118","name":"Erick Villafuerte","image":{"@type":"ImageObject","inLanguage":"es","@id":"https:\/\/www.quebakan.com\/v15\/wp-content\/uploads\/avatars\/4\/1731297654-bpfull.png","url":"https:\/\/www.quebakan.com\/v15\/wp-content\/uploads\/avatars\/4\/1731297654-bpfull.png","contentUrl":"https:\/\/www.quebakan.com\/v15\/wp-content\/uploads\/avatars\/4\/1731297654-bpfull.png","caption":"Erick Villafuerte"}}]}},"_links":{"self":[{"href":"https:\/\/www.quebakan.com\/v15\/wp-json\/wp\/v2\/posts\/115783","targetHints":{"allow":["GET"]}}],"collection":[{"href":"https:\/\/www.quebakan.com\/v15\/wp-json\/wp\/v2\/posts"}],"about":[{"href":"https:\/\/www.quebakan.com\/v15\/wp-json\/wp\/v2\/types\/post"}],"author":[{"embeddable":true,"href":"https:\/\/www.quebakan.com\/v15\/wp-json\/wp\/v2\/users\/4"}],"replies":[{"embeddable":true,"href":"https:\/\/www.quebakan.com\/v15\/wp-json\/wp\/v2\/comments?post=115783"}],"version-history":[{"count":1,"href":"https:\/\/www.quebakan.com\/v15\/wp-json\/wp\/v2\/posts\/115783\/revisions"}],"predecessor-version":[{"id":115785,"href":"https:\/\/www.quebakan.com\/v15\/wp-json\/wp\/v2\/posts\/115783\/revisions\/115785"}],"wp:featuredmedia":[{"embeddable":true,"href":"https:\/\/www.quebakan.com\/v15\/wp-json\/wp\/v2\/media\/115784"}],"wp:attachment":[{"href":"https:\/\/www.quebakan.com\/v15\/wp-json\/wp\/v2\/media?parent=115783"}],"wp:term":[{"taxonomy":"category","embeddable":true,"href":"https:\/\/www.quebakan.com\/v15\/wp-json\/wp\/v2\/categories?post=115783"},{"taxonomy":"post_tag","embeddable":true,"href":"https:\/\/www.quebakan.com\/v15\/wp-json\/wp\/v2\/tags?post=115783"}],"curies":[{"name":"wp","href":"https:\/\/api.w.org\/{rel}","templated":true}]}}