{"id":115786,"date":"2024-01-29T20:20:39","date_gmt":"2024-01-30T01:20:39","guid":{"rendered":"https:\/\/www.quebakan.com\/v15\/?p=115786"},"modified":"2024-01-29T20:20:39","modified_gmt":"2024-01-30T01:20:39","slug":"cuatro-anos-desde-el-surgimiento-del-covid-19-sigue-siendo-una-amenaza","status":"publish","type":"post","link":"https:\/\/www.quebakan.com\/v15\/cuatro-anos-desde-el-surgimiento-del-covid-19-sigue-siendo-una-amenaza\/","title":{"rendered":"Cuatro a\u00f1os desde el surgimiento del COVID-19, \u00bfSigue siendo una amenaza?"},"content":{"rendered":"<p><img fetchpriority=\"high\" decoding=\"async\" class=\"aligncenter size-full wp-image-115787\" src=\"https:\/\/www.quebakan.com\/v15\/wp-content\/uploads\/2024\/01\/Foto-BP-Covid.jpg\" alt=\"\" width=\"700\" height=\"467\" \/><\/p>\n<p style=\"text-align: justify;\"><span style=\"color: #000000;\">Enero de 2024. A cuatro a\u00f1os de la pandemia de COVID-19, el virus sigue siendo responsable de numerosas defunciones y hospitalizaciones a nivel mundial. Datos reportados por la Organizaci\u00f3n Mundial de la Salud (OMS) del 23 de octubre al 19 de noviembre del 2023, muestran que a nivel mundial hay m\u00e1s de medio mill\u00f3n de nuevos casos de infecci\u00f3n por COVID-191. A medida que surgen nuevas variantes del virus y disminuye la inmunidad, existe una necesidad urgente de vacunar al p\u00fablico con una dosis de refuerzo.<\/span><\/p>\n<p style=\"text-align: justify;\"><span style=\"color: #000000;\">De hecho, el Grupo Asesor T\u00e9cnico de la Organizaci\u00f3n Mundial de la Salud (OMS) sobre la Composici\u00f3n de la Vacuna COVID-19 (TAG-CO-VAC) recomienda: \u201cmantener la composici\u00f3n actual del ant\u00edgeno de la vacuna COVID-19, es decir, un XBB.1.5 monovalente como el de la vacuna COVID-19 actualizada\u201d.<\/span><\/p>\n<p style=\"text-align: justify;\"><span style=\"color: #000000;\">Los datos disponibles sugieren que el virus original y las variantes anteriores como Alfa, Beta, Gamma y Delta ya no est\u00e1n presentes en las personas infectadas. En su lugar, desde febrero de 2022, las variantes de \u00d3micron representan m\u00e1s del 98% de las secuencias presentes y constituyen el fondo gen\u00e9tico del que probablemente surgir\u00e1n nuevas variantes del SARS-CoV-2.<\/span><\/p>\n<p style=\"text-align: justify;\"><span style=\"color: #000000;\">De acuerdo con \u00c1lvaro Ram\u00edrez, gerente m\u00e9dico de la Unidad de Vacunas de Medicamenta: \u201cal dirigirse a las variantes de m\u00e1s f\u00e1cil transmisi\u00f3n, los refuerzos actualizados de COVID-19 ayudan a proteger contra el virus\u201d.<\/span><\/p>\n<p style=\"text-align: justify;\"><span style=\"color: #000000;\">La vacuna tiene muchas ventajas:\u00a0<\/span><br \/>\n<span style=\"color: #000000;\">\u25cf Es la forma m\u00e1s segura y confiable de generar protecci\u00f3n a trav\u00e9s de anticuerpos, a diferencia de exponerse al virus y enfermar de COVID-19.<\/span><br \/>\n<span style=\"color: #000000;\">\u25cf Las vacunas pueden proporcionar protecci\u00f3n adicional a las personas que han padecido la enfermedad. Pueden evitar la hospitalizaci\u00f3n en caso de reinfecci\u00f3n.<\/span><br \/>\n<span style=\"color: #000000;\">\u25cf Mantenerse al d\u00eda con las vacunas ayuda a controlar el patr\u00f3n de oleadas, ya que las vacunas se actualizan para hacer frente a las nuevas variantes preocupantes.<\/span><\/p>\n<p style=\"text-align: justify;\"><span style=\"color: #000000;\">Las vacunas autorizadas actualmente ayudan a prevenir la hospitalizaci\u00f3n, enfermedad grave y muerte por COVID-19, la protecci\u00f3n disminuye a medida que el virus muta a variantes inmunol\u00f3gicamente diferentes de aquellas incluidas en las vacunas originales. Se necesitan nuevas formulaciones de vacunas COVID-19 para mejorar la protecci\u00f3n contra la enfermedad sintom\u00e1tica y se seguir\u00e1n actualizando.<\/span><\/p>\n<p style=\"text-align: justify;\"><strong><span style=\"color: #000000;\">Plataforma ARNm<\/span><\/strong><br \/>\n<span style=\"color: #000000;\">En este mes se cumplen cuatro a\u00f1os desde que la OMS declar\u00f3, el 30 de enero de 2020, emergencia de salud p\u00fablica de preocupaci\u00f3n internacional y desde que se identific\u00f3 el primer caso de COVID-194, que marc\u00f3 el inicio de una pandemia que paraliz\u00f3 al mundo, y una carrera cient\u00edfica sin precedentes para desarrollar una vacuna segura y eficaz contra la enfermedad.<\/span><br \/>\n<span style=\"color: #000000;\">La plataforma de ARNm ha permitido dar una respuesta r\u00e1pida a las variantes emergentes preocupantes, proporcionando la mejor correspondencia posible entre variantes en el menor tiempo posible. Esto incluye versiones dirigidas a las variantes Beta, Delta, \u00d3micron y ahora XBB.1.5.<\/span><\/p>\n<p style=\"text-align: justify;\"><span style=\"color: #000000;\">Moderna ha generado datos precl\u00ednicos y cl\u00ednicos preliminares para su vacuna monovalente actualizada contra XBB.1.5, demostrando una respuesta inmunitaria contra los sublinajes XBB.1.5, XBB.1.16 y XBB.2.3.2. La vacuna ha recibido la aprobaci\u00f3n reglamentaria en varios pa\u00edses y regiones, entre ellos Estados Unidos y la Uni\u00f3n Europea, as\u00ed como M\u00e9xico y Chile.<\/span><\/p>\n","protected":false},"excerpt":{"rendered":"<p>Enero de 2024. A cuatro a\u00f1os de la pandemia de COVID-19, el virus sigue siendo responsable de numerosas defunciones y hospitalizaciones a nivel mundial. Datos reportados por la Organizaci\u00f3n Mundial de la Salud (OMS) del 23 de octubre al 19 de noviembre del 2023, muestran que a nivel mundial hay m\u00e1s de medio mill\u00f3n de [&hellip;]<\/p>\n","protected":false},"author":4,"featured_media":115787,"comment_status":"open","ping_status":"open","sticky":false,"template":"","format":"standard","meta":{"_bbp_topic_count":0,"_bbp_reply_count":0,"_bbp_total_topic_count":0,"_bbp_total_reply_count":0,"_bbp_voice_count":0,"_bbp_anonymous_reply_count":0,"_bbp_topic_count_hidden":0,"_bbp_reply_count_hidden":0,"_bbp_forum_subforum_count":0,"buzzeditor_post_format":"","footnotes":""},"categories":[2],"tags":[],"class_list":["post-115786","post","type-post","status-publish","format-standard","has-post-thumbnail","hentry","category-noticias"],"yoast_head":"<!-- This site is optimized with the Yoast SEO plugin v27.5 - https:\/\/yoast.com\/product\/yoast-seo-wordpress\/ -->\n<title>Cuatro a\u00f1os desde el surgimiento del COVID-19, \u00bfSigue siendo una amenaza? &#8211; QUEBAKAN.COM 2026: Noticias, Eventos, Conciertos y mucho m\u00e1s....<\/title>\n<meta name=\"robots\" content=\"index, follow, max-snippet:-1, max-image-preview:large, max-video-preview:-1\" \/>\n<link rel=\"canonical\" href=\"https:\/\/www.quebakan.com\/v15\/cuatro-anos-desde-el-surgimiento-del-covid-19-sigue-siendo-una-amenaza\/\" \/>\n<meta property=\"og:locale\" content=\"es_ES\" \/>\n<meta property=\"og:type\" content=\"article\" \/>\n<meta property=\"og:title\" content=\"Cuatro a\u00f1os desde el surgimiento del COVID-19, \u00bfSigue siendo una amenaza? &#8211; QUEBAKAN.COM 2026: Noticias, Eventos, Conciertos y mucho m\u00e1s....\" \/>\n<meta property=\"og:description\" content=\"Enero de 2024. A cuatro a\u00f1os de la pandemia de COVID-19, el virus sigue siendo responsable de numerosas defunciones y hospitalizaciones a nivel mundial. Datos reportados por la Organizaci\u00f3n Mundial de la Salud (OMS) del 23 de octubre al 19 de noviembre del 2023, muestran que a nivel mundial hay m\u00e1s de medio mill\u00f3n de [&hellip;]\" \/>\n<meta property=\"og:url\" content=\"https:\/\/www.quebakan.com\/v15\/cuatro-anos-desde-el-surgimiento-del-covid-19-sigue-siendo-una-amenaza\/\" \/>\n<meta property=\"og:site_name\" content=\"QUEBAKAN.COM 2026: Noticias, Eventos, Conciertos y mucho m\u00e1s....\" \/>\n<meta property=\"article:publisher\" content=\"http:\/\/www.facebook.com\/quebakan\" \/>\n<meta property=\"article:published_time\" content=\"2024-01-30T01:20:39+00:00\" \/>\n<meta property=\"og:image\" content=\"https:\/\/www.quebakan.com\/v15\/wp-content\/uploads\/2024\/01\/Foto-BP-Covid.jpg\" \/>\n\t<meta property=\"og:image:width\" content=\"700\" \/>\n\t<meta property=\"og:image:height\" content=\"467\" \/>\n\t<meta property=\"og:image:type\" content=\"image\/jpeg\" \/>\n<meta name=\"author\" content=\"Erick Villafuerte\" \/>\n<meta name=\"twitter:card\" content=\"summary_large_image\" \/>\n<meta name=\"twitter:creator\" content=\"@quebakanec\" \/>\n<meta name=\"twitter:site\" content=\"@quebakanec\" \/>\n<meta name=\"twitter:label1\" content=\"Escrito por\" \/>\n\t<meta name=\"twitter:data1\" content=\"Erick Villafuerte\" \/>\n\t<meta name=\"twitter:label2\" content=\"Tiempo de lectura\" \/>\n\t<meta name=\"twitter:data2\" content=\"3 minutos\" \/>\n<script type=\"application\/ld+json\" class=\"yoast-schema-graph\">{\"@context\":\"https:\\\/\\\/schema.org\",\"@graph\":[{\"@type\":\"Article\",\"@id\":\"https:\\\/\\\/www.quebakan.com\\\/v15\\\/cuatro-anos-desde-el-surgimiento-del-covid-19-sigue-siendo-una-amenaza\\\/#article\",\"isPartOf\":{\"@id\":\"https:\\\/\\\/www.quebakan.com\\\/v15\\\/cuatro-anos-desde-el-surgimiento-del-covid-19-sigue-siendo-una-amenaza\\\/\"},\"author\":{\"name\":\"Erick Villafuerte\",\"@id\":\"https:\\\/\\\/www.quebakan.com\\\/v15\\\/#\\\/schema\\\/person\\\/d90fa9f9cfa81eb8ace9811e5b7b9118\"},\"headline\":\"Cuatro a\u00f1os desde el surgimiento del COVID-19, \u00bfSigue siendo una amenaza?\",\"datePublished\":\"2024-01-30T01:20:39+00:00\",\"mainEntityOfPage\":{\"@id\":\"https:\\\/\\\/www.quebakan.com\\\/v15\\\/cuatro-anos-desde-el-surgimiento-del-covid-19-sigue-siendo-una-amenaza\\\/\"},\"wordCount\":559,\"commentCount\":0,\"publisher\":{\"@id\":\"https:\\\/\\\/www.quebakan.com\\\/v15\\\/#organization\"},\"image\":{\"@id\":\"https:\\\/\\\/www.quebakan.com\\\/v15\\\/cuatro-anos-desde-el-surgimiento-del-covid-19-sigue-siendo-una-amenaza\\\/#primaryimage\"},\"thumbnailUrl\":\"https:\\\/\\\/www.quebakan.com\\\/v15\\\/wp-content\\\/uploads\\\/2024\\\/01\\\/Foto-BP-Covid.jpg\",\"articleSection\":[\"Noticias\"],\"inLanguage\":\"es\"},{\"@type\":\"WebPage\",\"@id\":\"https:\\\/\\\/www.quebakan.com\\\/v15\\\/cuatro-anos-desde-el-surgimiento-del-covid-19-sigue-siendo-una-amenaza\\\/\",\"url\":\"https:\\\/\\\/www.quebakan.com\\\/v15\\\/cuatro-anos-desde-el-surgimiento-del-covid-19-sigue-siendo-una-amenaza\\\/\",\"name\":\"Cuatro a\u00f1os desde el surgimiento del COVID-19, \u00bfSigue siendo una amenaza? &#8211; QUEBAKAN.COM 2026: Noticias, Eventos, Conciertos y mucho m\u00e1s....\",\"isPartOf\":{\"@id\":\"https:\\\/\\\/www.quebakan.com\\\/v15\\\/#website\"},\"primaryImageOfPage\":{\"@id\":\"https:\\\/\\\/www.quebakan.com\\\/v15\\\/cuatro-anos-desde-el-surgimiento-del-covid-19-sigue-siendo-una-amenaza\\\/#primaryimage\"},\"image\":{\"@id\":\"https:\\\/\\\/www.quebakan.com\\\/v15\\\/cuatro-anos-desde-el-surgimiento-del-covid-19-sigue-siendo-una-amenaza\\\/#primaryimage\"},\"thumbnailUrl\":\"https:\\\/\\\/www.quebakan.com\\\/v15\\\/wp-content\\\/uploads\\\/2024\\\/01\\\/Foto-BP-Covid.jpg\",\"datePublished\":\"2024-01-30T01:20:39+00:00\",\"breadcrumb\":{\"@id\":\"https:\\\/\\\/www.quebakan.com\\\/v15\\\/cuatro-anos-desde-el-surgimiento-del-covid-19-sigue-siendo-una-amenaza\\\/#breadcrumb\"},\"inLanguage\":\"es\",\"potentialAction\":[{\"@type\":\"ReadAction\",\"target\":[\"https:\\\/\\\/www.quebakan.com\\\/v15\\\/cuatro-anos-desde-el-surgimiento-del-covid-19-sigue-siendo-una-amenaza\\\/\"]}]},{\"@type\":\"ImageObject\",\"inLanguage\":\"es\",\"@id\":\"https:\\\/\\\/www.quebakan.com\\\/v15\\\/cuatro-anos-desde-el-surgimiento-del-covid-19-sigue-siendo-una-amenaza\\\/#primaryimage\",\"url\":\"https:\\\/\\\/www.quebakan.com\\\/v15\\\/wp-content\\\/uploads\\\/2024\\\/01\\\/Foto-BP-Covid.jpg\",\"contentUrl\":\"https:\\\/\\\/www.quebakan.com\\\/v15\\\/wp-content\\\/uploads\\\/2024\\\/01\\\/Foto-BP-Covid.jpg\",\"width\":700,\"height\":467},{\"@type\":\"BreadcrumbList\",\"@id\":\"https:\\\/\\\/www.quebakan.com\\\/v15\\\/cuatro-anos-desde-el-surgimiento-del-covid-19-sigue-siendo-una-amenaza\\\/#breadcrumb\",\"itemListElement\":[{\"@type\":\"ListItem\",\"position\":1,\"name\":\"Portada\",\"item\":\"https:\\\/\\\/www.quebakan.com\\\/v15\\\/\"},{\"@type\":\"ListItem\",\"position\":2,\"name\":\"Cuatro a\u00f1os desde el surgimiento del COVID-19, \u00bfSigue siendo una amenaza?\"}]},{\"@type\":\"WebSite\",\"@id\":\"https:\\\/\\\/www.quebakan.com\\\/v15\\\/#website\",\"url\":\"https:\\\/\\\/www.quebakan.com\\\/v15\\\/\",\"name\":\"QUEBAKAN\",\"description\":\"..\",\"publisher\":{\"@id\":\"https:\\\/\\\/www.quebakan.com\\\/v15\\\/#organization\"},\"potentialAction\":[{\"@type\":\"SearchAction\",\"target\":{\"@type\":\"EntryPoint\",\"urlTemplate\":\"https:\\\/\\\/www.quebakan.com\\\/v15\\\/?s={search_term_string}\"},\"query-input\":{\"@type\":\"PropertyValueSpecification\",\"valueRequired\":true,\"valueName\":\"search_term_string\"}}],\"inLanguage\":\"es\"},{\"@type\":\"Organization\",\"@id\":\"https:\\\/\\\/www.quebakan.com\\\/v15\\\/#organization\",\"name\":\"Quebakan.com\",\"url\":\"https:\\\/\\\/www.quebakan.com\\\/v15\\\/\",\"logo\":{\"@type\":\"ImageObject\",\"inLanguage\":\"es\",\"@id\":\"https:\\\/\\\/www.quebakan.com\\\/v15\\\/#\\\/schema\\\/logo\\\/image\\\/\",\"url\":\"https:\\\/\\\/www.quebakan.com\\\/v15\\\/wp-content\\\/uploads\\\/2023\\\/07\\\/logoquebakanenero2021.jpg\",\"contentUrl\":\"https:\\\/\\\/www.quebakan.com\\\/v15\\\/wp-content\\\/uploads\\\/2023\\\/07\\\/logoquebakanenero2021.jpg\",\"width\":1920,\"height\":1080,\"caption\":\"Quebakan.com\"},\"image\":{\"@id\":\"https:\\\/\\\/www.quebakan.com\\\/v15\\\/#\\\/schema\\\/logo\\\/image\\\/\"},\"sameAs\":[\"http:\\\/\\\/www.facebook.com\\\/quebakan\",\"https:\\\/\\\/x.com\\\/quebakanec\",\"http:\\\/\\\/www.instagram.com\\\/quebakan\",\"http:\\\/\\\/www.youtube.com\\\/quebakan1\"]},{\"@type\":\"Person\",\"@id\":\"https:\\\/\\\/www.quebakan.com\\\/v15\\\/#\\\/schema\\\/person\\\/d90fa9f9cfa81eb8ace9811e5b7b9118\",\"name\":\"Erick Villafuerte\",\"image\":{\"@type\":\"ImageObject\",\"inLanguage\":\"es\",\"@id\":\"https:\\\/\\\/www.quebakan.com\\\/v15\\\/wp-content\\\/uploads\\\/avatars\\\/4\\\/1731297654-bpfull.png\",\"url\":\"https:\\\/\\\/www.quebakan.com\\\/v15\\\/wp-content\\\/uploads\\\/avatars\\\/4\\\/1731297654-bpfull.png\",\"contentUrl\":\"https:\\\/\\\/www.quebakan.com\\\/v15\\\/wp-content\\\/uploads\\\/avatars\\\/4\\\/1731297654-bpfull.png\",\"caption\":\"Erick Villafuerte\"}}]}<\/script>\n<!-- \/ Yoast SEO plugin. -->","yoast_head_json":{"title":"Cuatro a\u00f1os desde el surgimiento del COVID-19, \u00bfSigue siendo una amenaza? &#8211; QUEBAKAN.COM 2026: Noticias, Eventos, Conciertos y mucho m\u00e1s....","robots":{"index":"index","follow":"follow","max-snippet":"max-snippet:-1","max-image-preview":"max-image-preview:large","max-video-preview":"max-video-preview:-1"},"canonical":"https:\/\/www.quebakan.com\/v15\/cuatro-anos-desde-el-surgimiento-del-covid-19-sigue-siendo-una-amenaza\/","og_locale":"es_ES","og_type":"article","og_title":"Cuatro a\u00f1os desde el surgimiento del COVID-19, \u00bfSigue siendo una amenaza? &#8211; QUEBAKAN.COM 2026: Noticias, Eventos, Conciertos y mucho m\u00e1s....","og_description":"Enero de 2024. A cuatro a\u00f1os de la pandemia de COVID-19, el virus sigue siendo responsable de numerosas defunciones y hospitalizaciones a nivel mundial. Datos reportados por la Organizaci\u00f3n Mundial de la Salud (OMS) del 23 de octubre al 19 de noviembre del 2023, muestran que a nivel mundial hay m\u00e1s de medio mill\u00f3n de [&hellip;]","og_url":"https:\/\/www.quebakan.com\/v15\/cuatro-anos-desde-el-surgimiento-del-covid-19-sigue-siendo-una-amenaza\/","og_site_name":"QUEBAKAN.COM 2026: Noticias, Eventos, Conciertos y mucho m\u00e1s....","article_publisher":"http:\/\/www.facebook.com\/quebakan","article_published_time":"2024-01-30T01:20:39+00:00","og_image":[{"width":700,"height":467,"url":"https:\/\/www.quebakan.com\/v15\/wp-content\/uploads\/2024\/01\/Foto-BP-Covid.jpg","type":"image\/jpeg"}],"author":"Erick Villafuerte","twitter_card":"summary_large_image","twitter_creator":"@quebakanec","twitter_site":"@quebakanec","twitter_misc":{"Escrito por":"Erick Villafuerte","Tiempo de lectura":"3 minutos"},"schema":{"@context":"https:\/\/schema.org","@graph":[{"@type":"Article","@id":"https:\/\/www.quebakan.com\/v15\/cuatro-anos-desde-el-surgimiento-del-covid-19-sigue-siendo-una-amenaza\/#article","isPartOf":{"@id":"https:\/\/www.quebakan.com\/v15\/cuatro-anos-desde-el-surgimiento-del-covid-19-sigue-siendo-una-amenaza\/"},"author":{"name":"Erick Villafuerte","@id":"https:\/\/www.quebakan.com\/v15\/#\/schema\/person\/d90fa9f9cfa81eb8ace9811e5b7b9118"},"headline":"Cuatro a\u00f1os desde el surgimiento del COVID-19, \u00bfSigue siendo una amenaza?","datePublished":"2024-01-30T01:20:39+00:00","mainEntityOfPage":{"@id":"https:\/\/www.quebakan.com\/v15\/cuatro-anos-desde-el-surgimiento-del-covid-19-sigue-siendo-una-amenaza\/"},"wordCount":559,"commentCount":0,"publisher":{"@id":"https:\/\/www.quebakan.com\/v15\/#organization"},"image":{"@id":"https:\/\/www.quebakan.com\/v15\/cuatro-anos-desde-el-surgimiento-del-covid-19-sigue-siendo-una-amenaza\/#primaryimage"},"thumbnailUrl":"https:\/\/www.quebakan.com\/v15\/wp-content\/uploads\/2024\/01\/Foto-BP-Covid.jpg","articleSection":["Noticias"],"inLanguage":"es"},{"@type":"WebPage","@id":"https:\/\/www.quebakan.com\/v15\/cuatro-anos-desde-el-surgimiento-del-covid-19-sigue-siendo-una-amenaza\/","url":"https:\/\/www.quebakan.com\/v15\/cuatro-anos-desde-el-surgimiento-del-covid-19-sigue-siendo-una-amenaza\/","name":"Cuatro a\u00f1os desde el surgimiento del COVID-19, \u00bfSigue siendo una amenaza? &#8211; QUEBAKAN.COM 2026: Noticias, Eventos, Conciertos y mucho m\u00e1s....","isPartOf":{"@id":"https:\/\/www.quebakan.com\/v15\/#website"},"primaryImageOfPage":{"@id":"https:\/\/www.quebakan.com\/v15\/cuatro-anos-desde-el-surgimiento-del-covid-19-sigue-siendo-una-amenaza\/#primaryimage"},"image":{"@id":"https:\/\/www.quebakan.com\/v15\/cuatro-anos-desde-el-surgimiento-del-covid-19-sigue-siendo-una-amenaza\/#primaryimage"},"thumbnailUrl":"https:\/\/www.quebakan.com\/v15\/wp-content\/uploads\/2024\/01\/Foto-BP-Covid.jpg","datePublished":"2024-01-30T01:20:39+00:00","breadcrumb":{"@id":"https:\/\/www.quebakan.com\/v15\/cuatro-anos-desde-el-surgimiento-del-covid-19-sigue-siendo-una-amenaza\/#breadcrumb"},"inLanguage":"es","potentialAction":[{"@type":"ReadAction","target":["https:\/\/www.quebakan.com\/v15\/cuatro-anos-desde-el-surgimiento-del-covid-19-sigue-siendo-una-amenaza\/"]}]},{"@type":"ImageObject","inLanguage":"es","@id":"https:\/\/www.quebakan.com\/v15\/cuatro-anos-desde-el-surgimiento-del-covid-19-sigue-siendo-una-amenaza\/#primaryimage","url":"https:\/\/www.quebakan.com\/v15\/wp-content\/uploads\/2024\/01\/Foto-BP-Covid.jpg","contentUrl":"https:\/\/www.quebakan.com\/v15\/wp-content\/uploads\/2024\/01\/Foto-BP-Covid.jpg","width":700,"height":467},{"@type":"BreadcrumbList","@id":"https:\/\/www.quebakan.com\/v15\/cuatro-anos-desde-el-surgimiento-del-covid-19-sigue-siendo-una-amenaza\/#breadcrumb","itemListElement":[{"@type":"ListItem","position":1,"name":"Portada","item":"https:\/\/www.quebakan.com\/v15\/"},{"@type":"ListItem","position":2,"name":"Cuatro a\u00f1os desde el surgimiento del COVID-19, \u00bfSigue siendo una amenaza?"}]},{"@type":"WebSite","@id":"https:\/\/www.quebakan.com\/v15\/#website","url":"https:\/\/www.quebakan.com\/v15\/","name":"QUEBAKAN","description":"..","publisher":{"@id":"https:\/\/www.quebakan.com\/v15\/#organization"},"potentialAction":[{"@type":"SearchAction","target":{"@type":"EntryPoint","urlTemplate":"https:\/\/www.quebakan.com\/v15\/?s={search_term_string}"},"query-input":{"@type":"PropertyValueSpecification","valueRequired":true,"valueName":"search_term_string"}}],"inLanguage":"es"},{"@type":"Organization","@id":"https:\/\/www.quebakan.com\/v15\/#organization","name":"Quebakan.com","url":"https:\/\/www.quebakan.com\/v15\/","logo":{"@type":"ImageObject","inLanguage":"es","@id":"https:\/\/www.quebakan.com\/v15\/#\/schema\/logo\/image\/","url":"https:\/\/www.quebakan.com\/v15\/wp-content\/uploads\/2023\/07\/logoquebakanenero2021.jpg","contentUrl":"https:\/\/www.quebakan.com\/v15\/wp-content\/uploads\/2023\/07\/logoquebakanenero2021.jpg","width":1920,"height":1080,"caption":"Quebakan.com"},"image":{"@id":"https:\/\/www.quebakan.com\/v15\/#\/schema\/logo\/image\/"},"sameAs":["http:\/\/www.facebook.com\/quebakan","https:\/\/x.com\/quebakanec","http:\/\/www.instagram.com\/quebakan","http:\/\/www.youtube.com\/quebakan1"]},{"@type":"Person","@id":"https:\/\/www.quebakan.com\/v15\/#\/schema\/person\/d90fa9f9cfa81eb8ace9811e5b7b9118","name":"Erick Villafuerte","image":{"@type":"ImageObject","inLanguage":"es","@id":"https:\/\/www.quebakan.com\/v15\/wp-content\/uploads\/avatars\/4\/1731297654-bpfull.png","url":"https:\/\/www.quebakan.com\/v15\/wp-content\/uploads\/avatars\/4\/1731297654-bpfull.png","contentUrl":"https:\/\/www.quebakan.com\/v15\/wp-content\/uploads\/avatars\/4\/1731297654-bpfull.png","caption":"Erick Villafuerte"}}]}},"_links":{"self":[{"href":"https:\/\/www.quebakan.com\/v15\/wp-json\/wp\/v2\/posts\/115786","targetHints":{"allow":["GET"]}}],"collection":[{"href":"https:\/\/www.quebakan.com\/v15\/wp-json\/wp\/v2\/posts"}],"about":[{"href":"https:\/\/www.quebakan.com\/v15\/wp-json\/wp\/v2\/types\/post"}],"author":[{"embeddable":true,"href":"https:\/\/www.quebakan.com\/v15\/wp-json\/wp\/v2\/users\/4"}],"replies":[{"embeddable":true,"href":"https:\/\/www.quebakan.com\/v15\/wp-json\/wp\/v2\/comments?post=115786"}],"version-history":[{"count":1,"href":"https:\/\/www.quebakan.com\/v15\/wp-json\/wp\/v2\/posts\/115786\/revisions"}],"predecessor-version":[{"id":115788,"href":"https:\/\/www.quebakan.com\/v15\/wp-json\/wp\/v2\/posts\/115786\/revisions\/115788"}],"wp:featuredmedia":[{"embeddable":true,"href":"https:\/\/www.quebakan.com\/v15\/wp-json\/wp\/v2\/media\/115787"}],"wp:attachment":[{"href":"https:\/\/www.quebakan.com\/v15\/wp-json\/wp\/v2\/media?parent=115786"}],"wp:term":[{"taxonomy":"category","embeddable":true,"href":"https:\/\/www.quebakan.com\/v15\/wp-json\/wp\/v2\/categories?post=115786"},{"taxonomy":"post_tag","embeddable":true,"href":"https:\/\/www.quebakan.com\/v15\/wp-json\/wp\/v2\/tags?post=115786"}],"curies":[{"name":"wp","href":"https:\/\/api.w.org\/{rel}","templated":true}]}}