{"id":115789,"date":"2024-01-29T20:37:25","date_gmt":"2024-01-30T01:37:25","guid":{"rendered":"https:\/\/www.quebakan.com\/v15\/?p=115789"},"modified":"2024-01-29T20:37:25","modified_gmt":"2024-01-30T01:37:25","slug":"barca-academy-en-cuenca-se-llevara-a-cabo-en-julio-2024","status":"publish","type":"post","link":"https:\/\/www.quebakan.com\/v15\/barca-academy-en-cuenca-se-llevara-a-cabo-en-julio-2024\/","title":{"rendered":"Bar\u00e7a Academy en Cuenca se llevar\u00e1 a cabo en julio 2024"},"content":{"rendered":"<p><img fetchpriority=\"high\" decoding=\"async\" class=\"aligncenter size-full wp-image-115790\" src=\"https:\/\/www.quebakan.com\/v15\/wp-content\/uploads\/2024\/01\/VO230926A17709.jpg\" alt=\"\" width=\"700\" height=\"467\" \/><\/p>\n<p style=\"text-align: justify;\"><span style=\"color: #000000;\"><strong>Quito, <\/strong><strong>enero de 2024.- <\/strong>Barca Academy ha informado que, <strong>despu\u00e9s de un exhaustivo an\u00e1lisis con el FC Barcelona, se han visto obligados a tomar la decisi\u00f3n de reprogramar la fecha del campamento<\/strong>, con el objetivo primordial de <strong>garantizar la seguridad<\/strong> de los ni\u00f1os, ni\u00f1as y colaboradores. <strong>\u00a0La nueva fecha para el programa ser\u00e1 del 15 al 19 de julio en el Complejo Deportivo Cuenca. <\/strong>Diego Sarrade, Director de EI2, Partner Oficial de Bar\u00e7a Academy Ecuador, inform\u00f3 que el \u00fanico objetivo del cambio de fecha es garantizar el bienestar de los participantes y que no afectar\u00e1 la programaci\u00f3n ni la calidad del campamento.<\/span><\/p>\n<p style=\"text-align: justify;\"><span style=\"color: #000000;\">La reanudaci\u00f3n de inscripciones est\u00e1 programada para el lunes 29 de enero, brindando a los interesados la oportunidad de asegurar su participaci\u00f3n en el campamento, que como parte de su objetivo es replicar e instaurar el reconocido modelo de juego del equipo espa\u00f1ol de la mano de entrenadores oficiales, as\u00ed como inculcar valores fundamentales en la formaci\u00f3n integral de los deportistas, como el trabajo colectivo, el respeto, la humildad, el esfuerzo, la ambici\u00f3n y el trabajo en equipo.<\/span><\/p>\n<p style=\"text-align: justify;\"><span style=\"color: #000000;\">Los campamentos en otras ciudades se mantendr\u00e1n en las siguientes fechas:<\/span><\/p>\n<ul style=\"text-align: justify;\">\n<li><span style=\"color: #000000;\">Quito: del 08 al 12 de julio<\/span><\/li>\n<li><span style=\"color: #000000;\">Guayaquil: del 16 al 20 de septiembre<\/span><\/li>\n<\/ul>\n<p style=\"text-align: justify;\"><span style=\"color: #000000;\">El FC Barcelona y su Barca Academy Camp agradecen la comprensi\u00f3n de la comunidad ante esta decisi\u00f3n que prioriza la seguridad de todos los participantes.<\/span><\/p>\n<p style=\"text-align: justify;\"><span style=\"color: #000000;\">Para m\u00e1s informaci\u00f3n y detalles sobre inscripciones, podr\u00e1n visitar la p\u00e1gina web: <a style=\"color: #000000;\" href=\"https:\/\/campusecuador.barcaacademy.com\">https:\/\/campusecuador.barcaacademy.com<\/a>, redes sociales @barcaacademycampecuador o a trav\u00e9s de la l\u00ednea de whatsapp +34687027211 en donde Barca Academy Camp responder\u00e1 a todas las inquietudes.<\/span><\/p>\n","protected":false},"excerpt":{"rendered":"<p>Quito, enero de 2024.- Barca Academy ha informado que, despu\u00e9s de un exhaustivo an\u00e1lisis con el FC Barcelona, se han visto obligados a tomar la decisi\u00f3n de reprogramar la fecha del campamento, con el objetivo primordial de garantizar la seguridad de los ni\u00f1os, ni\u00f1as y colaboradores. \u00a0La nueva fecha para el programa ser\u00e1 del 15 [&hellip;]<\/p>\n","protected":false},"author":4,"featured_media":115790,"comment_status":"open","ping_status":"open","sticky":false,"template":"","format":"standard","meta":{"_bbp_topic_count":0,"_bbp_reply_count":0,"_bbp_total_topic_count":0,"_bbp_total_reply_count":0,"_bbp_voice_count":0,"_bbp_anonymous_reply_count":0,"_bbp_topic_count_hidden":0,"_bbp_reply_count_hidden":0,"_bbp_forum_subforum_count":0,"buzzeditor_post_format":"","footnotes":""},"categories":[2],"tags":[],"class_list":["post-115789","post","type-post","status-publish","format-standard","has-post-thumbnail","hentry","category-noticias"],"yoast_head":"<!-- This site is optimized with the Yoast SEO plugin v27.5 - https:\/\/yoast.com\/product\/yoast-seo-wordpress\/ -->\n<title>Bar\u00e7a Academy en Cuenca se llevar\u00e1 a cabo en julio 2024 &#8211; QUEBAKAN.COM 2026: Noticias, Eventos, Conciertos y mucho m\u00e1s....<\/title>\n<meta name=\"robots\" content=\"index, follow, max-snippet:-1, max-image-preview:large, max-video-preview:-1\" \/>\n<link rel=\"canonical\" href=\"https:\/\/www.quebakan.com\/v15\/barca-academy-en-cuenca-se-llevara-a-cabo-en-julio-2024\/\" \/>\n<meta property=\"og:locale\" content=\"es_ES\" \/>\n<meta property=\"og:type\" content=\"article\" \/>\n<meta property=\"og:title\" content=\"Bar\u00e7a Academy en Cuenca se llevar\u00e1 a cabo en julio 2024 &#8211; QUEBAKAN.COM 2026: Noticias, Eventos, Conciertos y mucho m\u00e1s....\" \/>\n<meta property=\"og:description\" content=\"Quito, enero de 2024.- Barca Academy ha informado que, despu\u00e9s de un exhaustivo an\u00e1lisis con el FC Barcelona, se han visto obligados a tomar la decisi\u00f3n de reprogramar la fecha del campamento, con el objetivo primordial de garantizar la seguridad de los ni\u00f1os, ni\u00f1as y colaboradores. \u00a0La nueva fecha para el programa ser\u00e1 del 15 [&hellip;]\" \/>\n<meta property=\"og:url\" content=\"https:\/\/www.quebakan.com\/v15\/barca-academy-en-cuenca-se-llevara-a-cabo-en-julio-2024\/\" \/>\n<meta property=\"og:site_name\" content=\"QUEBAKAN.COM 2026: Noticias, Eventos, Conciertos y mucho m\u00e1s....\" \/>\n<meta property=\"article:publisher\" content=\"http:\/\/www.facebook.com\/quebakan\" \/>\n<meta property=\"article:published_time\" content=\"2024-01-30T01:37:25+00:00\" \/>\n<meta property=\"og:image\" content=\"https:\/\/www.quebakan.com\/v15\/wp-content\/uploads\/2024\/01\/VO230926A17709.jpg\" \/>\n\t<meta property=\"og:image:width\" content=\"700\" \/>\n\t<meta property=\"og:image:height\" content=\"467\" \/>\n\t<meta property=\"og:image:type\" content=\"image\/jpeg\" \/>\n<meta name=\"author\" content=\"Erick Villafuerte\" \/>\n<meta name=\"twitter:card\" content=\"summary_large_image\" \/>\n<meta name=\"twitter:creator\" content=\"@quebakanec\" \/>\n<meta name=\"twitter:site\" content=\"@quebakanec\" \/>\n<meta name=\"twitter:label1\" content=\"Escrito por\" \/>\n\t<meta name=\"twitter:data1\" content=\"Erick Villafuerte\" \/>\n\t<meta name=\"twitter:label2\" content=\"Tiempo de lectura\" \/>\n\t<meta name=\"twitter:data2\" content=\"2 minutos\" \/>\n<script type=\"application\/ld+json\" class=\"yoast-schema-graph\">{\"@context\":\"https:\\\/\\\/schema.org\",\"@graph\":[{\"@type\":\"Article\",\"@id\":\"https:\\\/\\\/www.quebakan.com\\\/v15\\\/barca-academy-en-cuenca-se-llevara-a-cabo-en-julio-2024\\\/#article\",\"isPartOf\":{\"@id\":\"https:\\\/\\\/www.quebakan.com\\\/v15\\\/barca-academy-en-cuenca-se-llevara-a-cabo-en-julio-2024\\\/\"},\"author\":{\"name\":\"Erick Villafuerte\",\"@id\":\"https:\\\/\\\/www.quebakan.com\\\/v15\\\/#\\\/schema\\\/person\\\/d90fa9f9cfa81eb8ace9811e5b7b9118\"},\"headline\":\"Bar\u00e7a Academy en Cuenca se llevar\u00e1 a cabo en julio 2024\",\"datePublished\":\"2024-01-30T01:37:25+00:00\",\"mainEntityOfPage\":{\"@id\":\"https:\\\/\\\/www.quebakan.com\\\/v15\\\/barca-academy-en-cuenca-se-llevara-a-cabo-en-julio-2024\\\/\"},\"wordCount\":292,\"commentCount\":0,\"publisher\":{\"@id\":\"https:\\\/\\\/www.quebakan.com\\\/v15\\\/#organization\"},\"image\":{\"@id\":\"https:\\\/\\\/www.quebakan.com\\\/v15\\\/barca-academy-en-cuenca-se-llevara-a-cabo-en-julio-2024\\\/#primaryimage\"},\"thumbnailUrl\":\"https:\\\/\\\/www.quebakan.com\\\/v15\\\/wp-content\\\/uploads\\\/2024\\\/01\\\/VO230926A17709.jpg\",\"articleSection\":[\"Noticias\"],\"inLanguage\":\"es\"},{\"@type\":\"WebPage\",\"@id\":\"https:\\\/\\\/www.quebakan.com\\\/v15\\\/barca-academy-en-cuenca-se-llevara-a-cabo-en-julio-2024\\\/\",\"url\":\"https:\\\/\\\/www.quebakan.com\\\/v15\\\/barca-academy-en-cuenca-se-llevara-a-cabo-en-julio-2024\\\/\",\"name\":\"Bar\u00e7a Academy en Cuenca se llevar\u00e1 a cabo en julio 2024 &#8211; QUEBAKAN.COM 2026: Noticias, Eventos, Conciertos y mucho m\u00e1s....\",\"isPartOf\":{\"@id\":\"https:\\\/\\\/www.quebakan.com\\\/v15\\\/#website\"},\"primaryImageOfPage\":{\"@id\":\"https:\\\/\\\/www.quebakan.com\\\/v15\\\/barca-academy-en-cuenca-se-llevara-a-cabo-en-julio-2024\\\/#primaryimage\"},\"image\":{\"@id\":\"https:\\\/\\\/www.quebakan.com\\\/v15\\\/barca-academy-en-cuenca-se-llevara-a-cabo-en-julio-2024\\\/#primaryimage\"},\"thumbnailUrl\":\"https:\\\/\\\/www.quebakan.com\\\/v15\\\/wp-content\\\/uploads\\\/2024\\\/01\\\/VO230926A17709.jpg\",\"datePublished\":\"2024-01-30T01:37:25+00:00\",\"breadcrumb\":{\"@id\":\"https:\\\/\\\/www.quebakan.com\\\/v15\\\/barca-academy-en-cuenca-se-llevara-a-cabo-en-julio-2024\\\/#breadcrumb\"},\"inLanguage\":\"es\",\"potentialAction\":[{\"@type\":\"ReadAction\",\"target\":[\"https:\\\/\\\/www.quebakan.com\\\/v15\\\/barca-academy-en-cuenca-se-llevara-a-cabo-en-julio-2024\\\/\"]}]},{\"@type\":\"ImageObject\",\"inLanguage\":\"es\",\"@id\":\"https:\\\/\\\/www.quebakan.com\\\/v15\\\/barca-academy-en-cuenca-se-llevara-a-cabo-en-julio-2024\\\/#primaryimage\",\"url\":\"https:\\\/\\\/www.quebakan.com\\\/v15\\\/wp-content\\\/uploads\\\/2024\\\/01\\\/VO230926A17709.jpg\",\"contentUrl\":\"https:\\\/\\\/www.quebakan.com\\\/v15\\\/wp-content\\\/uploads\\\/2024\\\/01\\\/VO230926A17709.jpg\",\"width\":700,\"height\":467},{\"@type\":\"BreadcrumbList\",\"@id\":\"https:\\\/\\\/www.quebakan.com\\\/v15\\\/barca-academy-en-cuenca-se-llevara-a-cabo-en-julio-2024\\\/#breadcrumb\",\"itemListElement\":[{\"@type\":\"ListItem\",\"position\":1,\"name\":\"Portada\",\"item\":\"https:\\\/\\\/www.quebakan.com\\\/v15\\\/\"},{\"@type\":\"ListItem\",\"position\":2,\"name\":\"Bar\u00e7a Academy en Cuenca se llevar\u00e1 a cabo en julio 2024\"}]},{\"@type\":\"WebSite\",\"@id\":\"https:\\\/\\\/www.quebakan.com\\\/v15\\\/#website\",\"url\":\"https:\\\/\\\/www.quebakan.com\\\/v15\\\/\",\"name\":\"QUEBAKAN\",\"description\":\"..\",\"publisher\":{\"@id\":\"https:\\\/\\\/www.quebakan.com\\\/v15\\\/#organization\"},\"potentialAction\":[{\"@type\":\"SearchAction\",\"target\":{\"@type\":\"EntryPoint\",\"urlTemplate\":\"https:\\\/\\\/www.quebakan.com\\\/v15\\\/?s={search_term_string}\"},\"query-input\":{\"@type\":\"PropertyValueSpecification\",\"valueRequired\":true,\"valueName\":\"search_term_string\"}}],\"inLanguage\":\"es\"},{\"@type\":\"Organization\",\"@id\":\"https:\\\/\\\/www.quebakan.com\\\/v15\\\/#organization\",\"name\":\"Quebakan.com\",\"url\":\"https:\\\/\\\/www.quebakan.com\\\/v15\\\/\",\"logo\":{\"@type\":\"ImageObject\",\"inLanguage\":\"es\",\"@id\":\"https:\\\/\\\/www.quebakan.com\\\/v15\\\/#\\\/schema\\\/logo\\\/image\\\/\",\"url\":\"https:\\\/\\\/www.quebakan.com\\\/v15\\\/wp-content\\\/uploads\\\/2023\\\/07\\\/logoquebakanenero2021.jpg\",\"contentUrl\":\"https:\\\/\\\/www.quebakan.com\\\/v15\\\/wp-content\\\/uploads\\\/2023\\\/07\\\/logoquebakanenero2021.jpg\",\"width\":1920,\"height\":1080,\"caption\":\"Quebakan.com\"},\"image\":{\"@id\":\"https:\\\/\\\/www.quebakan.com\\\/v15\\\/#\\\/schema\\\/logo\\\/image\\\/\"},\"sameAs\":[\"http:\\\/\\\/www.facebook.com\\\/quebakan\",\"https:\\\/\\\/x.com\\\/quebakanec\",\"http:\\\/\\\/www.instagram.com\\\/quebakan\",\"http:\\\/\\\/www.youtube.com\\\/quebakan1\"]},{\"@type\":\"Person\",\"@id\":\"https:\\\/\\\/www.quebakan.com\\\/v15\\\/#\\\/schema\\\/person\\\/d90fa9f9cfa81eb8ace9811e5b7b9118\",\"name\":\"Erick Villafuerte\",\"image\":{\"@type\":\"ImageObject\",\"inLanguage\":\"es\",\"@id\":\"https:\\\/\\\/www.quebakan.com\\\/v15\\\/wp-content\\\/uploads\\\/avatars\\\/4\\\/1731297654-bpfull.png\",\"url\":\"https:\\\/\\\/www.quebakan.com\\\/v15\\\/wp-content\\\/uploads\\\/avatars\\\/4\\\/1731297654-bpfull.png\",\"contentUrl\":\"https:\\\/\\\/www.quebakan.com\\\/v15\\\/wp-content\\\/uploads\\\/avatars\\\/4\\\/1731297654-bpfull.png\",\"caption\":\"Erick Villafuerte\"}}]}<\/script>\n<!-- \/ Yoast SEO plugin. -->","yoast_head_json":{"title":"Bar\u00e7a Academy en Cuenca se llevar\u00e1 a cabo en julio 2024 &#8211; QUEBAKAN.COM 2026: Noticias, Eventos, Conciertos y mucho m\u00e1s....","robots":{"index":"index","follow":"follow","max-snippet":"max-snippet:-1","max-image-preview":"max-image-preview:large","max-video-preview":"max-video-preview:-1"},"canonical":"https:\/\/www.quebakan.com\/v15\/barca-academy-en-cuenca-se-llevara-a-cabo-en-julio-2024\/","og_locale":"es_ES","og_type":"article","og_title":"Bar\u00e7a Academy en Cuenca se llevar\u00e1 a cabo en julio 2024 &#8211; QUEBAKAN.COM 2026: Noticias, Eventos, Conciertos y mucho m\u00e1s....","og_description":"Quito, enero de 2024.- Barca Academy ha informado que, despu\u00e9s de un exhaustivo an\u00e1lisis con el FC Barcelona, se han visto obligados a tomar la decisi\u00f3n de reprogramar la fecha del campamento, con el objetivo primordial de garantizar la seguridad de los ni\u00f1os, ni\u00f1as y colaboradores. \u00a0La nueva fecha para el programa ser\u00e1 del 15 [&hellip;]","og_url":"https:\/\/www.quebakan.com\/v15\/barca-academy-en-cuenca-se-llevara-a-cabo-en-julio-2024\/","og_site_name":"QUEBAKAN.COM 2026: Noticias, Eventos, Conciertos y mucho m\u00e1s....","article_publisher":"http:\/\/www.facebook.com\/quebakan","article_published_time":"2024-01-30T01:37:25+00:00","og_image":[{"width":700,"height":467,"url":"https:\/\/www.quebakan.com\/v15\/wp-content\/uploads\/2024\/01\/VO230926A17709.jpg","type":"image\/jpeg"}],"author":"Erick Villafuerte","twitter_card":"summary_large_image","twitter_creator":"@quebakanec","twitter_site":"@quebakanec","twitter_misc":{"Escrito por":"Erick Villafuerte","Tiempo de lectura":"2 minutos"},"schema":{"@context":"https:\/\/schema.org","@graph":[{"@type":"Article","@id":"https:\/\/www.quebakan.com\/v15\/barca-academy-en-cuenca-se-llevara-a-cabo-en-julio-2024\/#article","isPartOf":{"@id":"https:\/\/www.quebakan.com\/v15\/barca-academy-en-cuenca-se-llevara-a-cabo-en-julio-2024\/"},"author":{"name":"Erick Villafuerte","@id":"https:\/\/www.quebakan.com\/v15\/#\/schema\/person\/d90fa9f9cfa81eb8ace9811e5b7b9118"},"headline":"Bar\u00e7a Academy en Cuenca se llevar\u00e1 a cabo en julio 2024","datePublished":"2024-01-30T01:37:25+00:00","mainEntityOfPage":{"@id":"https:\/\/www.quebakan.com\/v15\/barca-academy-en-cuenca-se-llevara-a-cabo-en-julio-2024\/"},"wordCount":292,"commentCount":0,"publisher":{"@id":"https:\/\/www.quebakan.com\/v15\/#organization"},"image":{"@id":"https:\/\/www.quebakan.com\/v15\/barca-academy-en-cuenca-se-llevara-a-cabo-en-julio-2024\/#primaryimage"},"thumbnailUrl":"https:\/\/www.quebakan.com\/v15\/wp-content\/uploads\/2024\/01\/VO230926A17709.jpg","articleSection":["Noticias"],"inLanguage":"es"},{"@type":"WebPage","@id":"https:\/\/www.quebakan.com\/v15\/barca-academy-en-cuenca-se-llevara-a-cabo-en-julio-2024\/","url":"https:\/\/www.quebakan.com\/v15\/barca-academy-en-cuenca-se-llevara-a-cabo-en-julio-2024\/","name":"Bar\u00e7a Academy en Cuenca se llevar\u00e1 a cabo en julio 2024 &#8211; QUEBAKAN.COM 2026: Noticias, Eventos, Conciertos y mucho m\u00e1s....","isPartOf":{"@id":"https:\/\/www.quebakan.com\/v15\/#website"},"primaryImageOfPage":{"@id":"https:\/\/www.quebakan.com\/v15\/barca-academy-en-cuenca-se-llevara-a-cabo-en-julio-2024\/#primaryimage"},"image":{"@id":"https:\/\/www.quebakan.com\/v15\/barca-academy-en-cuenca-se-llevara-a-cabo-en-julio-2024\/#primaryimage"},"thumbnailUrl":"https:\/\/www.quebakan.com\/v15\/wp-content\/uploads\/2024\/01\/VO230926A17709.jpg","datePublished":"2024-01-30T01:37:25+00:00","breadcrumb":{"@id":"https:\/\/www.quebakan.com\/v15\/barca-academy-en-cuenca-se-llevara-a-cabo-en-julio-2024\/#breadcrumb"},"inLanguage":"es","potentialAction":[{"@type":"ReadAction","target":["https:\/\/www.quebakan.com\/v15\/barca-academy-en-cuenca-se-llevara-a-cabo-en-julio-2024\/"]}]},{"@type":"ImageObject","inLanguage":"es","@id":"https:\/\/www.quebakan.com\/v15\/barca-academy-en-cuenca-se-llevara-a-cabo-en-julio-2024\/#primaryimage","url":"https:\/\/www.quebakan.com\/v15\/wp-content\/uploads\/2024\/01\/VO230926A17709.jpg","contentUrl":"https:\/\/www.quebakan.com\/v15\/wp-content\/uploads\/2024\/01\/VO230926A17709.jpg","width":700,"height":467},{"@type":"BreadcrumbList","@id":"https:\/\/www.quebakan.com\/v15\/barca-academy-en-cuenca-se-llevara-a-cabo-en-julio-2024\/#breadcrumb","itemListElement":[{"@type":"ListItem","position":1,"name":"Portada","item":"https:\/\/www.quebakan.com\/v15\/"},{"@type":"ListItem","position":2,"name":"Bar\u00e7a Academy en Cuenca se llevar\u00e1 a cabo en julio 2024"}]},{"@type":"WebSite","@id":"https:\/\/www.quebakan.com\/v15\/#website","url":"https:\/\/www.quebakan.com\/v15\/","name":"QUEBAKAN","description":"..","publisher":{"@id":"https:\/\/www.quebakan.com\/v15\/#organization"},"potentialAction":[{"@type":"SearchAction","target":{"@type":"EntryPoint","urlTemplate":"https:\/\/www.quebakan.com\/v15\/?s={search_term_string}"},"query-input":{"@type":"PropertyValueSpecification","valueRequired":true,"valueName":"search_term_string"}}],"inLanguage":"es"},{"@type":"Organization","@id":"https:\/\/www.quebakan.com\/v15\/#organization","name":"Quebakan.com","url":"https:\/\/www.quebakan.com\/v15\/","logo":{"@type":"ImageObject","inLanguage":"es","@id":"https:\/\/www.quebakan.com\/v15\/#\/schema\/logo\/image\/","url":"https:\/\/www.quebakan.com\/v15\/wp-content\/uploads\/2023\/07\/logoquebakanenero2021.jpg","contentUrl":"https:\/\/www.quebakan.com\/v15\/wp-content\/uploads\/2023\/07\/logoquebakanenero2021.jpg","width":1920,"height":1080,"caption":"Quebakan.com"},"image":{"@id":"https:\/\/www.quebakan.com\/v15\/#\/schema\/logo\/image\/"},"sameAs":["http:\/\/www.facebook.com\/quebakan","https:\/\/x.com\/quebakanec","http:\/\/www.instagram.com\/quebakan","http:\/\/www.youtube.com\/quebakan1"]},{"@type":"Person","@id":"https:\/\/www.quebakan.com\/v15\/#\/schema\/person\/d90fa9f9cfa81eb8ace9811e5b7b9118","name":"Erick Villafuerte","image":{"@type":"ImageObject","inLanguage":"es","@id":"https:\/\/www.quebakan.com\/v15\/wp-content\/uploads\/avatars\/4\/1731297654-bpfull.png","url":"https:\/\/www.quebakan.com\/v15\/wp-content\/uploads\/avatars\/4\/1731297654-bpfull.png","contentUrl":"https:\/\/www.quebakan.com\/v15\/wp-content\/uploads\/avatars\/4\/1731297654-bpfull.png","caption":"Erick Villafuerte"}}]}},"_links":{"self":[{"href":"https:\/\/www.quebakan.com\/v15\/wp-json\/wp\/v2\/posts\/115789","targetHints":{"allow":["GET"]}}],"collection":[{"href":"https:\/\/www.quebakan.com\/v15\/wp-json\/wp\/v2\/posts"}],"about":[{"href":"https:\/\/www.quebakan.com\/v15\/wp-json\/wp\/v2\/types\/post"}],"author":[{"embeddable":true,"href":"https:\/\/www.quebakan.com\/v15\/wp-json\/wp\/v2\/users\/4"}],"replies":[{"embeddable":true,"href":"https:\/\/www.quebakan.com\/v15\/wp-json\/wp\/v2\/comments?post=115789"}],"version-history":[{"count":1,"href":"https:\/\/www.quebakan.com\/v15\/wp-json\/wp\/v2\/posts\/115789\/revisions"}],"predecessor-version":[{"id":115791,"href":"https:\/\/www.quebakan.com\/v15\/wp-json\/wp\/v2\/posts\/115789\/revisions\/115791"}],"wp:featuredmedia":[{"embeddable":true,"href":"https:\/\/www.quebakan.com\/v15\/wp-json\/wp\/v2\/media\/115790"}],"wp:attachment":[{"href":"https:\/\/www.quebakan.com\/v15\/wp-json\/wp\/v2\/media?parent=115789"}],"wp:term":[{"taxonomy":"category","embeddable":true,"href":"https:\/\/www.quebakan.com\/v15\/wp-json\/wp\/v2\/categories?post=115789"},{"taxonomy":"post_tag","embeddable":true,"href":"https:\/\/www.quebakan.com\/v15\/wp-json\/wp\/v2\/tags?post=115789"}],"curies":[{"name":"wp","href":"https:\/\/api.w.org\/{rel}","templated":true}]}}