{"id":115792,"date":"2024-01-29T21:07:34","date_gmt":"2024-01-30T02:07:34","guid":{"rendered":"https:\/\/www.quebakan.com\/v15\/?p=115792"},"modified":"2024-01-29T21:07:34","modified_gmt":"2024-01-30T02:07:34","slug":"almacenamiento-su-rol-protagonico-en-cine-y-produccion-audiovisual","status":"publish","type":"post","link":"https:\/\/www.quebakan.com\/v15\/almacenamiento-su-rol-protagonico-en-cine-y-produccion-audiovisual\/","title":{"rendered":"Almacenamiento: su rol protag\u00f3nico en cine y producci\u00f3n audiovisual"},"content":{"rendered":"<p><img fetchpriority=\"high\" decoding=\"async\" class=\"aligncenter size-full wp-image-115793\" src=\"https:\/\/www.quebakan.com\/v15\/wp-content\/uploads\/2024\/01\/XS2000-Lifestyle-Images.jpg\" alt=\"\" width=\"700\" height=\"467\" \/><\/p>\n<p style=\"text-align: justify;\"><span style=\"color: #000000;\"><strong>Ecuador, 29 de enero de 2024 \u2013<\/strong> Al momento de realizar una pel\u00edcula, un video para youtube o un programa de televisi\u00f3n, por lo general se toman en cuenta factores clave como el guion, los actores, la iluminaci\u00f3n, el vestuario, las locaciones, entre otros.\u00a0 De la misma manera, hoy m\u00e1s que nunca es indispensable considerar con la misma importancia el rol que juega la tecnolog\u00eda: desde los equipos especializados de grabaci\u00f3n hasta los programas de edici\u00f3n y las computadoras. \u00a0Dentro de ese rubro el almacenamiento tiene un rol central en la producci\u00f3n y distribuci\u00f3n de una producci\u00f3n audiovisual.<\/span><\/p>\n<p style=\"text-align: justify;\"><span style=\"color: #000000;\"><strong>Almacenamiento para el rodaje<\/strong><\/span><\/p>\n<p style=\"text-align: justify;\"><span style=\"color: #000000;\">Considerando que hoy en d\u00eda se graban videos en 4k y 8K, contar con dispositivos con una capacidad de almacenamiento suficiente para guardar y descargar el trabajo de forma segura se vuelve algo esencial para los cineastas. H\u00e9ctor Alfaro, productor de la pel\u00edcula costarricense <a style=\"color: #000000;\" href=\"https:\/\/www.youtube.com\/watch?v=oSNvOkdoURE\"><em>Prisionera Del Lente<\/em><\/a> que se estren\u00f3 recientemente en algunos pa\u00edses de Am\u00e9rica Latina comenta al respecto:<\/span><\/p>\n<p style=\"text-align: justify;\"><span style=\"color: #000000;\">\u201c<em>El proceso de rodaje es como estar en el estadio: no hay repetici\u00f3n. En nuestro caso, como productores, es tan caro producir un film que cuando tienes un material que hay que resguardar, es fundamental contar con un soporte seguro y confiable, por eso usamos dispositivos Kingston<\/em>\u201d, manifest\u00f3 Alfaro. \u201c<em>Kingston nos da la certeza de tener a la mano dispositivos confiables para transportar el material mientras se est\u00e1 rodando, sobre todo porque es material \u00fanico<\/em>\u201d.<\/span><\/p>\n<p style=\"text-align: justify;\"><span style=\"color: #000000;\">Durante la filmaci\u00f3n de Prisionera del lente, Kingston acompa\u00f1\u00f3 a H\u00e9ctor y su equipo con <a style=\"color: #000000;\" href=\"https:\/\/www.kingston.com\/latam\/ssd?form%20factor=external%20ssd\">unidades SSD externas<\/a> de alta capacidad que les permitieron hacer este respaldo de manera eficiente y asegurar la integridad de cada toma de lo que hoy conforma la edici\u00f3n final de la cinta protagonizada por H\u00e9ctor Sober\u00f3n y Gabriela Borges.<\/span><\/p>\n<p style=\"text-align: justify;\"><span style=\"color: #000000;\">Si bien el respaldo y almacenamiento del material de la pel\u00edcula pudiera parecer un aspecto menor en la producci\u00f3n, realmente se trata de un factor fundamental que puede significar la diferencia entre un rodaje lento y con muchas pausas a un rodaje eficiente y fluido. Al respecto H\u00e9ctor Alfaro coment\u00f3: \u201c<em>Los SSD se utilizaron todos los d\u00edas para respaldar las grabaciones y no era una sola vez, sino en forma constante. Como las velocidades de transferencia de archivos son muy r\u00e1pidas, nos ahorramos mucho tiempo. Con los discos duros ten\u00edamos que esperar a que terminara la transferencia para comenzar a rodar nuevamente<\/em>\u201d.<\/span><\/p>\n<p style=\"text-align: justify;\"><span style=\"color: #000000;\">As\u00ed mismo, de acuerdo con H\u00e9ctor Alfaro, detr\u00e1s de algunas de las c\u00e1maras que se utilizan hoy en d\u00eda para grabar a nivel de la industria tambi\u00e9n se encuentra la presencia de tecnolog\u00eda SSD: \u201c<em>Las c\u00e1maras de cine que utilizamos cuentan con un soporte de almacenamiento y lo que realmente contienen adentro es una unidad SSD de Kingston<\/em>\u201d.<\/span><\/p>\n<p style=\"text-align: justify;\"><span style=\"color: #000000;\">Gracias al uso de soluciones de almacenamiento de alta capacidad y velocidad que agilizaron la etapa de grabaci\u00f3n y post-producci\u00f3n, H\u00e9ctor Alfaro destac\u00f3 que la pel\u00edcula Prisionera Del Lente, que se comenz\u00f3 a grabar a finales de febrero de 2022 y termin\u00f3 de rodarse a finales de marzo del mismo a\u00f1o, pudo alcanzar a mostrar su primer corte en mayo en el Festival de Cine de Cannes.<\/span><\/p>\n<p style=\"text-align: justify;\"><span style=\"color: #000000;\"><strong>Almacenamiento para la post producci\u00f3n<\/strong><\/span><\/p>\n<p style=\"text-align: justify;\"><span style=\"color: #000000;\">Otra \u00e1rea de oportunidad en la que el almacenamiento puede jugar un rol clave es al hacer m\u00e1s eficientes los procesos de post-producci\u00f3n.<\/span><\/p>\n<p style=\"text-align: justify;\"><span style=\"color: #000000;\">Los gemelos James y Oliver Phelps, (los Gemelos Weasley en la saga Harry Potter), y estrellas del programa de viajes <a style=\"color: #000000;\" href=\"https:\/\/www.filmaffinity.com\/es\/film848014.html\">Fantastic Friends<\/a>, al rodar la primera temporada, se enfrentaron con un obst\u00e1culo de almacenamiento: las limitaciones f\u00edsicas de los discos duros giratorios requer\u00edan que el equipo realizara un turno nocturno para transferir y realizar copias de seguridad de los datos para continuar filmando al d\u00eda siguiente. La lenta velocidad de transferencia de datos de los HDDs provocaba retrasos en los procesos de edici\u00f3n, gradaci\u00f3n de color y efectos visuales, convirti\u00e9ndose en un cuello de botella para la postproducci\u00f3n.<\/span><\/p>\n<p style=\"text-align: justify;\"><span style=\"color: #000000;\">Para la segunda temporada, el equipo de producci\u00f3n, trabajando de la mano con Kingston implementaron una soluci\u00f3n para potenciar tanto sus procesos in situ como de postproducci\u00f3n con un almacenamiento r\u00e1pido con discos de estado s\u00f3lido (SSD) transformando as\u00ed su experiencia de post-producci\u00f3n en un proceso mucho m\u00e1s \u00e1gil.<\/span><\/p>\n<p style=\"text-align: justify;\"><span style=\"color: #000000;\"><strong>Almacenamiento en la distribuci\u00f3n <\/strong><\/span><\/p>\n<p style=\"text-align: justify;\"><span style=\"color: #000000;\">En la distribuci\u00f3n, los creadores de contenido y cineastas tambi\u00e9n requieren de almacenamiento en formato de unidades flash o bien de SSD externos los cuales son cada vez m\u00e1s seguros, durables y port\u00e1tiles. Volviendo al caso de H\u00e9ctor Alfaro y su pel\u00edcula Prisionera Del Lente, que ha dicho presente en importantes festivales de cine, el cineasta comparti\u00f3:<\/span><\/p>\n<p style=\"text-align: justify;\"><span style=\"color: #000000;\">\u201c<em>En la distribuci\u00f3n tambi\u00e9n es muy importante poder enviar el material de manera pr\u00e1ctica, por eso elegimos hacerlo a trav\u00e9s de <\/em><a style=\"color: #000000;\" href=\"https:\/\/www.kingston.com\/latam\/usb-flash-drives?capacity=1tb\"><em>USB de alta capacidad<\/em><\/a><em> y velocidad y que adem\u00e1s sean compatibles con los proyectores de cine m\u00e1s exigentes. Por ejemplo, cuando llevamos la pel\u00edcula a Cannes lo hicimos en una USB Kingston y algunos se sorprendieron con la practicidad de la unidad flash ya que estaban acostumbrados a recibir discos duros mucho m\u00e1s robustos<\/em>\u201d.<\/span><\/p>\n<p style=\"text-align: justify;\"><span style=\"color: #000000;\">En cualquiera de los casos ya sea al momento del rodaje, en la post-producci\u00f3n o en la distribuci\u00f3n est\u00e1 claro que el almacenamiento juega un papel clave que debe ser tomado en cuenta y para ello Kingston cuenta con una serie de productos que van desde unidades de estado s\u00f3lido SSD tanto internas como externas y unidades flash de altas capacidades. As\u00ed mismo Kingston cuenta con la <a style=\"color: #000000;\" href=\"https:\/\/www.kingston.com\/latam\/solutions\/data-security\">l\u00ednea IronKey para SSD y USB<\/a> la cual garantiza la seguridad de los contenidos a trav\u00e9s de la encriptaci\u00f3n por hardware.<\/span><\/p>\n","protected":false},"excerpt":{"rendered":"<p>Ecuador, 29 de enero de 2024 \u2013 Al momento de realizar una pel\u00edcula, un video para youtube o un programa de televisi\u00f3n, por lo general se toman en cuenta factores clave como el guion, los actores, la iluminaci\u00f3n, el vestuario, las locaciones, entre otros.\u00a0 De la misma manera, hoy m\u00e1s que nunca es indispensable considerar [&hellip;]<\/p>\n","protected":false},"author":4,"featured_media":115793,"comment_status":"open","ping_status":"open","sticky":false,"template":"","format":"standard","meta":{"_bbp_topic_count":0,"_bbp_reply_count":0,"_bbp_total_topic_count":0,"_bbp_total_reply_count":0,"_bbp_voice_count":0,"_bbp_anonymous_reply_count":0,"_bbp_topic_count_hidden":0,"_bbp_reply_count_hidden":0,"_bbp_forum_subforum_count":0,"buzzeditor_post_format":"","footnotes":""},"categories":[4],"tags":[],"class_list":["post-115792","post","type-post","status-publish","format-standard","has-post-thumbnail","hentry","category-tecnologia"],"yoast_head":"<!-- This site is optimized with the Yoast SEO plugin v27.5 - https:\/\/yoast.com\/product\/yoast-seo-wordpress\/ -->\n<title>Almacenamiento: su rol protag\u00f3nico en cine y producci\u00f3n audiovisual &#8211; QUEBAKAN.COM 2026: Noticias, Eventos, Conciertos y mucho m\u00e1s....<\/title>\n<meta name=\"robots\" content=\"index, follow, max-snippet:-1, max-image-preview:large, max-video-preview:-1\" \/>\n<link rel=\"canonical\" href=\"https:\/\/www.quebakan.com\/v15\/almacenamiento-su-rol-protagonico-en-cine-y-produccion-audiovisual\/\" \/>\n<meta property=\"og:locale\" content=\"es_ES\" \/>\n<meta property=\"og:type\" content=\"article\" \/>\n<meta property=\"og:title\" content=\"Almacenamiento: su rol protag\u00f3nico en cine y producci\u00f3n audiovisual &#8211; QUEBAKAN.COM 2026: Noticias, Eventos, Conciertos y mucho m\u00e1s....\" \/>\n<meta property=\"og:description\" content=\"Ecuador, 29 de enero de 2024 \u2013 Al momento de realizar una pel\u00edcula, un video para youtube o un programa de televisi\u00f3n, por lo general se toman en cuenta factores clave como el guion, los actores, la iluminaci\u00f3n, el vestuario, las locaciones, entre otros.\u00a0 De la misma manera, hoy m\u00e1s que nunca es indispensable considerar [&hellip;]\" \/>\n<meta property=\"og:url\" content=\"https:\/\/www.quebakan.com\/v15\/almacenamiento-su-rol-protagonico-en-cine-y-produccion-audiovisual\/\" \/>\n<meta property=\"og:site_name\" content=\"QUEBAKAN.COM 2026: Noticias, Eventos, Conciertos y mucho m\u00e1s....\" \/>\n<meta property=\"article:publisher\" content=\"http:\/\/www.facebook.com\/quebakan\" \/>\n<meta property=\"article:published_time\" content=\"2024-01-30T02:07:34+00:00\" \/>\n<meta property=\"og:image\" content=\"https:\/\/www.quebakan.com\/v15\/wp-content\/uploads\/2024\/01\/XS2000-Lifestyle-Images.jpg\" \/>\n\t<meta property=\"og:image:width\" content=\"700\" \/>\n\t<meta property=\"og:image:height\" content=\"467\" \/>\n\t<meta property=\"og:image:type\" content=\"image\/jpeg\" \/>\n<meta name=\"author\" content=\"Erick Villafuerte\" \/>\n<meta name=\"twitter:card\" content=\"summary_large_image\" \/>\n<meta name=\"twitter:creator\" content=\"@quebakanec\" \/>\n<meta name=\"twitter:site\" content=\"@quebakanec\" \/>\n<meta name=\"twitter:label1\" content=\"Escrito por\" \/>\n\t<meta name=\"twitter:data1\" content=\"Erick Villafuerte\" \/>\n\t<meta name=\"twitter:label2\" content=\"Tiempo de lectura\" \/>\n\t<meta name=\"twitter:data2\" content=\"5 minutos\" \/>\n<script type=\"application\/ld+json\" class=\"yoast-schema-graph\">{\"@context\":\"https:\\\/\\\/schema.org\",\"@graph\":[{\"@type\":\"Article\",\"@id\":\"https:\\\/\\\/www.quebakan.com\\\/v15\\\/almacenamiento-su-rol-protagonico-en-cine-y-produccion-audiovisual\\\/#article\",\"isPartOf\":{\"@id\":\"https:\\\/\\\/www.quebakan.com\\\/v15\\\/almacenamiento-su-rol-protagonico-en-cine-y-produccion-audiovisual\\\/\"},\"author\":{\"name\":\"Erick Villafuerte\",\"@id\":\"https:\\\/\\\/www.quebakan.com\\\/v15\\\/#\\\/schema\\\/person\\\/d90fa9f9cfa81eb8ace9811e5b7b9118\"},\"headline\":\"Almacenamiento: su rol protag\u00f3nico en cine y producci\u00f3n audiovisual\",\"datePublished\":\"2024-01-30T02:07:34+00:00\",\"mainEntityOfPage\":{\"@id\":\"https:\\\/\\\/www.quebakan.com\\\/v15\\\/almacenamiento-su-rol-protagonico-en-cine-y-produccion-audiovisual\\\/\"},\"wordCount\":1003,\"commentCount\":0,\"publisher\":{\"@id\":\"https:\\\/\\\/www.quebakan.com\\\/v15\\\/#organization\"},\"image\":{\"@id\":\"https:\\\/\\\/www.quebakan.com\\\/v15\\\/almacenamiento-su-rol-protagonico-en-cine-y-produccion-audiovisual\\\/#primaryimage\"},\"thumbnailUrl\":\"https:\\\/\\\/www.quebakan.com\\\/v15\\\/wp-content\\\/uploads\\\/2024\\\/01\\\/XS2000-Lifestyle-Images.jpg\",\"articleSection\":[\"Tecnolog\u00eda\"],\"inLanguage\":\"es\"},{\"@type\":\"WebPage\",\"@id\":\"https:\\\/\\\/www.quebakan.com\\\/v15\\\/almacenamiento-su-rol-protagonico-en-cine-y-produccion-audiovisual\\\/\",\"url\":\"https:\\\/\\\/www.quebakan.com\\\/v15\\\/almacenamiento-su-rol-protagonico-en-cine-y-produccion-audiovisual\\\/\",\"name\":\"Almacenamiento: su rol protag\u00f3nico en cine y producci\u00f3n audiovisual &#8211; QUEBAKAN.COM 2026: Noticias, Eventos, Conciertos y mucho m\u00e1s....\",\"isPartOf\":{\"@id\":\"https:\\\/\\\/www.quebakan.com\\\/v15\\\/#website\"},\"primaryImageOfPage\":{\"@id\":\"https:\\\/\\\/www.quebakan.com\\\/v15\\\/almacenamiento-su-rol-protagonico-en-cine-y-produccion-audiovisual\\\/#primaryimage\"},\"image\":{\"@id\":\"https:\\\/\\\/www.quebakan.com\\\/v15\\\/almacenamiento-su-rol-protagonico-en-cine-y-produccion-audiovisual\\\/#primaryimage\"},\"thumbnailUrl\":\"https:\\\/\\\/www.quebakan.com\\\/v15\\\/wp-content\\\/uploads\\\/2024\\\/01\\\/XS2000-Lifestyle-Images.jpg\",\"datePublished\":\"2024-01-30T02:07:34+00:00\",\"breadcrumb\":{\"@id\":\"https:\\\/\\\/www.quebakan.com\\\/v15\\\/almacenamiento-su-rol-protagonico-en-cine-y-produccion-audiovisual\\\/#breadcrumb\"},\"inLanguage\":\"es\",\"potentialAction\":[{\"@type\":\"ReadAction\",\"target\":[\"https:\\\/\\\/www.quebakan.com\\\/v15\\\/almacenamiento-su-rol-protagonico-en-cine-y-produccion-audiovisual\\\/\"]}]},{\"@type\":\"ImageObject\",\"inLanguage\":\"es\",\"@id\":\"https:\\\/\\\/www.quebakan.com\\\/v15\\\/almacenamiento-su-rol-protagonico-en-cine-y-produccion-audiovisual\\\/#primaryimage\",\"url\":\"https:\\\/\\\/www.quebakan.com\\\/v15\\\/wp-content\\\/uploads\\\/2024\\\/01\\\/XS2000-Lifestyle-Images.jpg\",\"contentUrl\":\"https:\\\/\\\/www.quebakan.com\\\/v15\\\/wp-content\\\/uploads\\\/2024\\\/01\\\/XS2000-Lifestyle-Images.jpg\",\"width\":700,\"height\":467},{\"@type\":\"BreadcrumbList\",\"@id\":\"https:\\\/\\\/www.quebakan.com\\\/v15\\\/almacenamiento-su-rol-protagonico-en-cine-y-produccion-audiovisual\\\/#breadcrumb\",\"itemListElement\":[{\"@type\":\"ListItem\",\"position\":1,\"name\":\"Portada\",\"item\":\"https:\\\/\\\/www.quebakan.com\\\/v15\\\/\"},{\"@type\":\"ListItem\",\"position\":2,\"name\":\"Almacenamiento: su rol protag\u00f3nico en cine y producci\u00f3n audiovisual\"}]},{\"@type\":\"WebSite\",\"@id\":\"https:\\\/\\\/www.quebakan.com\\\/v15\\\/#website\",\"url\":\"https:\\\/\\\/www.quebakan.com\\\/v15\\\/\",\"name\":\"QUEBAKAN\",\"description\":\"..\",\"publisher\":{\"@id\":\"https:\\\/\\\/www.quebakan.com\\\/v15\\\/#organization\"},\"potentialAction\":[{\"@type\":\"SearchAction\",\"target\":{\"@type\":\"EntryPoint\",\"urlTemplate\":\"https:\\\/\\\/www.quebakan.com\\\/v15\\\/?s={search_term_string}\"},\"query-input\":{\"@type\":\"PropertyValueSpecification\",\"valueRequired\":true,\"valueName\":\"search_term_string\"}}],\"inLanguage\":\"es\"},{\"@type\":\"Organization\",\"@id\":\"https:\\\/\\\/www.quebakan.com\\\/v15\\\/#organization\",\"name\":\"Quebakan.com\",\"url\":\"https:\\\/\\\/www.quebakan.com\\\/v15\\\/\",\"logo\":{\"@type\":\"ImageObject\",\"inLanguage\":\"es\",\"@id\":\"https:\\\/\\\/www.quebakan.com\\\/v15\\\/#\\\/schema\\\/logo\\\/image\\\/\",\"url\":\"https:\\\/\\\/www.quebakan.com\\\/v15\\\/wp-content\\\/uploads\\\/2023\\\/07\\\/logoquebakanenero2021.jpg\",\"contentUrl\":\"https:\\\/\\\/www.quebakan.com\\\/v15\\\/wp-content\\\/uploads\\\/2023\\\/07\\\/logoquebakanenero2021.jpg\",\"width\":1920,\"height\":1080,\"caption\":\"Quebakan.com\"},\"image\":{\"@id\":\"https:\\\/\\\/www.quebakan.com\\\/v15\\\/#\\\/schema\\\/logo\\\/image\\\/\"},\"sameAs\":[\"http:\\\/\\\/www.facebook.com\\\/quebakan\",\"https:\\\/\\\/x.com\\\/quebakanec\",\"http:\\\/\\\/www.instagram.com\\\/quebakan\",\"http:\\\/\\\/www.youtube.com\\\/quebakan1\"]},{\"@type\":\"Person\",\"@id\":\"https:\\\/\\\/www.quebakan.com\\\/v15\\\/#\\\/schema\\\/person\\\/d90fa9f9cfa81eb8ace9811e5b7b9118\",\"name\":\"Erick Villafuerte\",\"image\":{\"@type\":\"ImageObject\",\"inLanguage\":\"es\",\"@id\":\"https:\\\/\\\/www.quebakan.com\\\/v15\\\/wp-content\\\/uploads\\\/avatars\\\/4\\\/1731297654-bpfull.png\",\"url\":\"https:\\\/\\\/www.quebakan.com\\\/v15\\\/wp-content\\\/uploads\\\/avatars\\\/4\\\/1731297654-bpfull.png\",\"contentUrl\":\"https:\\\/\\\/www.quebakan.com\\\/v15\\\/wp-content\\\/uploads\\\/avatars\\\/4\\\/1731297654-bpfull.png\",\"caption\":\"Erick Villafuerte\"}}]}<\/script>\n<!-- \/ Yoast SEO plugin. -->","yoast_head_json":{"title":"Almacenamiento: su rol protag\u00f3nico en cine y producci\u00f3n audiovisual &#8211; QUEBAKAN.COM 2026: Noticias, Eventos, Conciertos y mucho m\u00e1s....","robots":{"index":"index","follow":"follow","max-snippet":"max-snippet:-1","max-image-preview":"max-image-preview:large","max-video-preview":"max-video-preview:-1"},"canonical":"https:\/\/www.quebakan.com\/v15\/almacenamiento-su-rol-protagonico-en-cine-y-produccion-audiovisual\/","og_locale":"es_ES","og_type":"article","og_title":"Almacenamiento: su rol protag\u00f3nico en cine y producci\u00f3n audiovisual &#8211; QUEBAKAN.COM 2026: Noticias, Eventos, Conciertos y mucho m\u00e1s....","og_description":"Ecuador, 29 de enero de 2024 \u2013 Al momento de realizar una pel\u00edcula, un video para youtube o un programa de televisi\u00f3n, por lo general se toman en cuenta factores clave como el guion, los actores, la iluminaci\u00f3n, el vestuario, las locaciones, entre otros.\u00a0 De la misma manera, hoy m\u00e1s que nunca es indispensable considerar [&hellip;]","og_url":"https:\/\/www.quebakan.com\/v15\/almacenamiento-su-rol-protagonico-en-cine-y-produccion-audiovisual\/","og_site_name":"QUEBAKAN.COM 2026: Noticias, Eventos, Conciertos y mucho m\u00e1s....","article_publisher":"http:\/\/www.facebook.com\/quebakan","article_published_time":"2024-01-30T02:07:34+00:00","og_image":[{"width":700,"height":467,"url":"https:\/\/www.quebakan.com\/v15\/wp-content\/uploads\/2024\/01\/XS2000-Lifestyle-Images.jpg","type":"image\/jpeg"}],"author":"Erick Villafuerte","twitter_card":"summary_large_image","twitter_creator":"@quebakanec","twitter_site":"@quebakanec","twitter_misc":{"Escrito por":"Erick Villafuerte","Tiempo de lectura":"5 minutos"},"schema":{"@context":"https:\/\/schema.org","@graph":[{"@type":"Article","@id":"https:\/\/www.quebakan.com\/v15\/almacenamiento-su-rol-protagonico-en-cine-y-produccion-audiovisual\/#article","isPartOf":{"@id":"https:\/\/www.quebakan.com\/v15\/almacenamiento-su-rol-protagonico-en-cine-y-produccion-audiovisual\/"},"author":{"name":"Erick Villafuerte","@id":"https:\/\/www.quebakan.com\/v15\/#\/schema\/person\/d90fa9f9cfa81eb8ace9811e5b7b9118"},"headline":"Almacenamiento: su rol protag\u00f3nico en cine y producci\u00f3n audiovisual","datePublished":"2024-01-30T02:07:34+00:00","mainEntityOfPage":{"@id":"https:\/\/www.quebakan.com\/v15\/almacenamiento-su-rol-protagonico-en-cine-y-produccion-audiovisual\/"},"wordCount":1003,"commentCount":0,"publisher":{"@id":"https:\/\/www.quebakan.com\/v15\/#organization"},"image":{"@id":"https:\/\/www.quebakan.com\/v15\/almacenamiento-su-rol-protagonico-en-cine-y-produccion-audiovisual\/#primaryimage"},"thumbnailUrl":"https:\/\/www.quebakan.com\/v15\/wp-content\/uploads\/2024\/01\/XS2000-Lifestyle-Images.jpg","articleSection":["Tecnolog\u00eda"],"inLanguage":"es"},{"@type":"WebPage","@id":"https:\/\/www.quebakan.com\/v15\/almacenamiento-su-rol-protagonico-en-cine-y-produccion-audiovisual\/","url":"https:\/\/www.quebakan.com\/v15\/almacenamiento-su-rol-protagonico-en-cine-y-produccion-audiovisual\/","name":"Almacenamiento: su rol protag\u00f3nico en cine y producci\u00f3n audiovisual &#8211; QUEBAKAN.COM 2026: Noticias, Eventos, Conciertos y mucho m\u00e1s....","isPartOf":{"@id":"https:\/\/www.quebakan.com\/v15\/#website"},"primaryImageOfPage":{"@id":"https:\/\/www.quebakan.com\/v15\/almacenamiento-su-rol-protagonico-en-cine-y-produccion-audiovisual\/#primaryimage"},"image":{"@id":"https:\/\/www.quebakan.com\/v15\/almacenamiento-su-rol-protagonico-en-cine-y-produccion-audiovisual\/#primaryimage"},"thumbnailUrl":"https:\/\/www.quebakan.com\/v15\/wp-content\/uploads\/2024\/01\/XS2000-Lifestyle-Images.jpg","datePublished":"2024-01-30T02:07:34+00:00","breadcrumb":{"@id":"https:\/\/www.quebakan.com\/v15\/almacenamiento-su-rol-protagonico-en-cine-y-produccion-audiovisual\/#breadcrumb"},"inLanguage":"es","potentialAction":[{"@type":"ReadAction","target":["https:\/\/www.quebakan.com\/v15\/almacenamiento-su-rol-protagonico-en-cine-y-produccion-audiovisual\/"]}]},{"@type":"ImageObject","inLanguage":"es","@id":"https:\/\/www.quebakan.com\/v15\/almacenamiento-su-rol-protagonico-en-cine-y-produccion-audiovisual\/#primaryimage","url":"https:\/\/www.quebakan.com\/v15\/wp-content\/uploads\/2024\/01\/XS2000-Lifestyle-Images.jpg","contentUrl":"https:\/\/www.quebakan.com\/v15\/wp-content\/uploads\/2024\/01\/XS2000-Lifestyle-Images.jpg","width":700,"height":467},{"@type":"BreadcrumbList","@id":"https:\/\/www.quebakan.com\/v15\/almacenamiento-su-rol-protagonico-en-cine-y-produccion-audiovisual\/#breadcrumb","itemListElement":[{"@type":"ListItem","position":1,"name":"Portada","item":"https:\/\/www.quebakan.com\/v15\/"},{"@type":"ListItem","position":2,"name":"Almacenamiento: su rol protag\u00f3nico en cine y producci\u00f3n audiovisual"}]},{"@type":"WebSite","@id":"https:\/\/www.quebakan.com\/v15\/#website","url":"https:\/\/www.quebakan.com\/v15\/","name":"QUEBAKAN","description":"..","publisher":{"@id":"https:\/\/www.quebakan.com\/v15\/#organization"},"potentialAction":[{"@type":"SearchAction","target":{"@type":"EntryPoint","urlTemplate":"https:\/\/www.quebakan.com\/v15\/?s={search_term_string}"},"query-input":{"@type":"PropertyValueSpecification","valueRequired":true,"valueName":"search_term_string"}}],"inLanguage":"es"},{"@type":"Organization","@id":"https:\/\/www.quebakan.com\/v15\/#organization","name":"Quebakan.com","url":"https:\/\/www.quebakan.com\/v15\/","logo":{"@type":"ImageObject","inLanguage":"es","@id":"https:\/\/www.quebakan.com\/v15\/#\/schema\/logo\/image\/","url":"https:\/\/www.quebakan.com\/v15\/wp-content\/uploads\/2023\/07\/logoquebakanenero2021.jpg","contentUrl":"https:\/\/www.quebakan.com\/v15\/wp-content\/uploads\/2023\/07\/logoquebakanenero2021.jpg","width":1920,"height":1080,"caption":"Quebakan.com"},"image":{"@id":"https:\/\/www.quebakan.com\/v15\/#\/schema\/logo\/image\/"},"sameAs":["http:\/\/www.facebook.com\/quebakan","https:\/\/x.com\/quebakanec","http:\/\/www.instagram.com\/quebakan","http:\/\/www.youtube.com\/quebakan1"]},{"@type":"Person","@id":"https:\/\/www.quebakan.com\/v15\/#\/schema\/person\/d90fa9f9cfa81eb8ace9811e5b7b9118","name":"Erick Villafuerte","image":{"@type":"ImageObject","inLanguage":"es","@id":"https:\/\/www.quebakan.com\/v15\/wp-content\/uploads\/avatars\/4\/1731297654-bpfull.png","url":"https:\/\/www.quebakan.com\/v15\/wp-content\/uploads\/avatars\/4\/1731297654-bpfull.png","contentUrl":"https:\/\/www.quebakan.com\/v15\/wp-content\/uploads\/avatars\/4\/1731297654-bpfull.png","caption":"Erick Villafuerte"}}]}},"_links":{"self":[{"href":"https:\/\/www.quebakan.com\/v15\/wp-json\/wp\/v2\/posts\/115792","targetHints":{"allow":["GET"]}}],"collection":[{"href":"https:\/\/www.quebakan.com\/v15\/wp-json\/wp\/v2\/posts"}],"about":[{"href":"https:\/\/www.quebakan.com\/v15\/wp-json\/wp\/v2\/types\/post"}],"author":[{"embeddable":true,"href":"https:\/\/www.quebakan.com\/v15\/wp-json\/wp\/v2\/users\/4"}],"replies":[{"embeddable":true,"href":"https:\/\/www.quebakan.com\/v15\/wp-json\/wp\/v2\/comments?post=115792"}],"version-history":[{"count":1,"href":"https:\/\/www.quebakan.com\/v15\/wp-json\/wp\/v2\/posts\/115792\/revisions"}],"predecessor-version":[{"id":115794,"href":"https:\/\/www.quebakan.com\/v15\/wp-json\/wp\/v2\/posts\/115792\/revisions\/115794"}],"wp:featuredmedia":[{"embeddable":true,"href":"https:\/\/www.quebakan.com\/v15\/wp-json\/wp\/v2\/media\/115793"}],"wp:attachment":[{"href":"https:\/\/www.quebakan.com\/v15\/wp-json\/wp\/v2\/media?parent=115792"}],"wp:term":[{"taxonomy":"category","embeddable":true,"href":"https:\/\/www.quebakan.com\/v15\/wp-json\/wp\/v2\/categories?post=115792"},{"taxonomy":"post_tag","embeddable":true,"href":"https:\/\/www.quebakan.com\/v15\/wp-json\/wp\/v2\/tags?post=115792"}],"curies":[{"name":"wp","href":"https:\/\/api.w.org\/{rel}","templated":true}]}}