{"id":116888,"date":"2024-03-11T01:12:21","date_gmt":"2024-03-11T06:12:21","guid":{"rendered":"https:\/\/www.quebakan.com\/v15\/?p=116888"},"modified":"2024-03-11T01:12:21","modified_gmt":"2024-03-11T06:12:21","slug":"patricia-gonzalez-manzanero-en-mi-corazon","status":"publish","type":"post","link":"https:\/\/www.quebakan.com\/v15\/patricia-gonzalez-manzanero-en-mi-corazon\/","title":{"rendered":"PATRICIA GONZ\u00c1LEZ: \u00abMANZANERO EN MI CORAZ\u00d3N\u00bb"},"content":{"rendered":"<p><img fetchpriority=\"high\" decoding=\"async\" class=\"aligncenter size-full wp-image-116889\" src=\"https:\/\/www.quebakan.com\/v15\/wp-content\/uploads\/2024\/03\/flyerpatricia.jpg\" alt=\"\" width=\"700\" height=\"700\" srcset=\"https:\/\/www.quebakan.com\/v15\/wp-content\/uploads\/2024\/03\/flyerpatricia.jpg 700w, https:\/\/www.quebakan.com\/v15\/wp-content\/uploads\/2024\/03\/flyerpatricia-300x300.jpg 300w, https:\/\/www.quebakan.com\/v15\/wp-content\/uploads\/2024\/03\/flyerpatricia-440x440.jpg 440w, https:\/\/www.quebakan.com\/v15\/wp-content\/uploads\/2024\/03\/flyerpatricia-150x150.jpg 150w\" sizes=\"(max-width: 700px) 100vw, 700px\" \/><\/p>\n<p style=\"text-align: justify;\"><span style=\"color: #000000;\"><strong>Guayaquil, 28 de febrero de 2024 \u2013<\/strong> Patricia Gonz\u00e1lez, nuestra primera dama de la canci\u00f3n ecuatoriana, iluminar\u00e1 el escenario en el evento \u00abManzanero En Mi Coraz\u00f3n\u00bb. La emotiva velada tendr\u00e1 lugar el jueves, 14 de marzo de 2024, a las 19:30 horas, en el Teatro S\u00e1nchez Aguilar.<\/span><\/p>\n<p style=\"text-align: justify;\"><span style=\"color: #000000;\">En este inolvidable tributo a su querido amigo Armando Manzanero, Patricia Gonz\u00e1lez compartir\u00e1 su excepcional voz, acompa\u00f1ada por Banda y piano en un concierto \u00fanico. El espect\u00e1culo, organizado por Premier Show, ser\u00e1 un aporte a la remodelaci\u00f3n de la catedral de Guayaquil, contribuyendo a la preservaci\u00f3n de este tesoro hist\u00f3rico, como icono tur\u00edstico y espiritual.<\/span><\/p>\n<p style=\"text-align: justify;\"><strong><span style=\"color: #000000;\">Localidades y Costos:<\/span><\/strong><br \/>\n<span style=\"color: #000000;\">&#8211; No S\u00e9 T\u00fa Box: $50.00 + IVA (Butacas Numeradas)<\/span><br \/>\n<span style=\"color: #000000;\">&#8211; Somos Novios Box: $70.00 + IVA (Butacas Numeradas)<\/span><br \/>\n<span style=\"color: #000000;\">&#8211; Manzanero Box: $90.00 + IVA (Butacas Numeradas)<\/span><\/p>\n<p style=\"text-align: justify;\"><span style=\"color: #000000;\">Esta es una oportunidad para disfrutar de la magia musical de Patricia Gonz\u00e1lez, quien, con su voz cautivadora rendir\u00e1 homenaje a la eterna obra de Armando Manzanero.<\/span><\/p>\n<p style=\"text-align: justify;\"><span style=\"color: #000000;\">Para m\u00e1s informaci\u00f3n y adquisici\u00f3n de boletos, visite ticketshow.<\/span><\/p>\n","protected":false},"excerpt":{"rendered":"<p>Guayaquil, 28 de febrero de 2024 \u2013 Patricia Gonz\u00e1lez, nuestra primera dama de la canci\u00f3n ecuatoriana, iluminar\u00e1 el escenario en el evento \u00abManzanero En Mi Coraz\u00f3n\u00bb. La emotiva velada tendr\u00e1 lugar el jueves, 14 de marzo de 2024, a las 19:30 horas, en el Teatro S\u00e1nchez Aguilar. En este inolvidable tributo a su querido amigo [&hellip;]<\/p>\n","protected":false},"author":4,"featured_media":116889,"comment_status":"open","ping_status":"open","sticky":false,"template":"","format":"standard","meta":{"_bbp_topic_count":0,"_bbp_reply_count":0,"_bbp_total_topic_count":0,"_bbp_total_reply_count":0,"_bbp_voice_count":0,"_bbp_anonymous_reply_count":0,"_bbp_topic_count_hidden":0,"_bbp_reply_count_hidden":0,"_bbp_forum_subforum_count":0,"buzzeditor_post_format":"","footnotes":""},"categories":[3],"tags":[],"class_list":["post-116888","post","type-post","status-publish","format-standard","has-post-thumbnail","hentry","category-eventos"],"yoast_head":"<!-- This site is optimized with the Yoast SEO plugin v27.5 - https:\/\/yoast.com\/product\/yoast-seo-wordpress\/ -->\n<title>PATRICIA GONZ\u00c1LEZ: &quot;MANZANERO EN MI CORAZ\u00d3N&quot; &#8211; QUEBAKAN.COM 2026: Noticias, Eventos, Conciertos y mucho m\u00e1s....<\/title>\n<meta name=\"robots\" content=\"index, follow, max-snippet:-1, max-image-preview:large, max-video-preview:-1\" \/>\n<link rel=\"canonical\" href=\"https:\/\/www.quebakan.com\/v15\/patricia-gonzalez-manzanero-en-mi-corazon\/\" \/>\n<meta property=\"og:locale\" content=\"es_ES\" \/>\n<meta property=\"og:type\" content=\"article\" \/>\n<meta property=\"og:title\" content=\"PATRICIA GONZ\u00c1LEZ: &quot;MANZANERO EN MI CORAZ\u00d3N&quot; &#8211; QUEBAKAN.COM 2026: Noticias, Eventos, Conciertos y mucho m\u00e1s....\" \/>\n<meta property=\"og:description\" content=\"Guayaquil, 28 de febrero de 2024 \u2013 Patricia Gonz\u00e1lez, nuestra primera dama de la canci\u00f3n ecuatoriana, iluminar\u00e1 el escenario en el evento \u00abManzanero En Mi Coraz\u00f3n\u00bb. La emotiva velada tendr\u00e1 lugar el jueves, 14 de marzo de 2024, a las 19:30 horas, en el Teatro S\u00e1nchez Aguilar. En este inolvidable tributo a su querido amigo [&hellip;]\" \/>\n<meta property=\"og:url\" content=\"https:\/\/www.quebakan.com\/v15\/patricia-gonzalez-manzanero-en-mi-corazon\/\" \/>\n<meta property=\"og:site_name\" content=\"QUEBAKAN.COM 2026: Noticias, Eventos, Conciertos y mucho m\u00e1s....\" \/>\n<meta property=\"article:publisher\" content=\"http:\/\/www.facebook.com\/quebakan\" \/>\n<meta property=\"article:published_time\" content=\"2024-03-11T06:12:21+00:00\" \/>\n<meta property=\"og:image\" content=\"https:\/\/www.quebakan.com\/v15\/wp-content\/uploads\/2024\/03\/flyerpatricia.jpg\" \/>\n\t<meta property=\"og:image:width\" content=\"700\" \/>\n\t<meta property=\"og:image:height\" content=\"700\" \/>\n\t<meta property=\"og:image:type\" content=\"image\/jpeg\" \/>\n<meta name=\"author\" content=\"Erick Villafuerte\" \/>\n<meta name=\"twitter:card\" content=\"summary_large_image\" \/>\n<meta name=\"twitter:creator\" content=\"@quebakanec\" \/>\n<meta name=\"twitter:site\" content=\"@quebakanec\" \/>\n<meta name=\"twitter:label1\" content=\"Escrito por\" \/>\n\t<meta name=\"twitter:data1\" content=\"Erick Villafuerte\" \/>\n\t<meta name=\"twitter:label2\" content=\"Tiempo de lectura\" \/>\n\t<meta name=\"twitter:data2\" content=\"2 minutos\" \/>\n<script type=\"application\/ld+json\" class=\"yoast-schema-graph\">{\"@context\":\"https:\\\/\\\/schema.org\",\"@graph\":[{\"@type\":\"Article\",\"@id\":\"https:\\\/\\\/www.quebakan.com\\\/v15\\\/patricia-gonzalez-manzanero-en-mi-corazon\\\/#article\",\"isPartOf\":{\"@id\":\"https:\\\/\\\/www.quebakan.com\\\/v15\\\/patricia-gonzalez-manzanero-en-mi-corazon\\\/\"},\"author\":{\"name\":\"Erick Villafuerte\",\"@id\":\"https:\\\/\\\/www.quebakan.com\\\/v15\\\/#\\\/schema\\\/person\\\/d90fa9f9cfa81eb8ace9811e5b7b9118\"},\"headline\":\"PATRICIA GONZ\u00c1LEZ: \u00abMANZANERO EN MI CORAZ\u00d3N\u00bb\",\"datePublished\":\"2024-03-11T06:12:21+00:00\",\"mainEntityOfPage\":{\"@id\":\"https:\\\/\\\/www.quebakan.com\\\/v15\\\/patricia-gonzalez-manzanero-en-mi-corazon\\\/\"},\"wordCount\":179,\"commentCount\":0,\"publisher\":{\"@id\":\"https:\\\/\\\/www.quebakan.com\\\/v15\\\/#organization\"},\"image\":{\"@id\":\"https:\\\/\\\/www.quebakan.com\\\/v15\\\/patricia-gonzalez-manzanero-en-mi-corazon\\\/#primaryimage\"},\"thumbnailUrl\":\"https:\\\/\\\/www.quebakan.com\\\/v15\\\/wp-content\\\/uploads\\\/2024\\\/03\\\/flyerpatricia.jpg\",\"articleSection\":[\"Eventos\"],\"inLanguage\":\"es\"},{\"@type\":\"WebPage\",\"@id\":\"https:\\\/\\\/www.quebakan.com\\\/v15\\\/patricia-gonzalez-manzanero-en-mi-corazon\\\/\",\"url\":\"https:\\\/\\\/www.quebakan.com\\\/v15\\\/patricia-gonzalez-manzanero-en-mi-corazon\\\/\",\"name\":\"PATRICIA GONZ\u00c1LEZ: \\\"MANZANERO EN MI CORAZ\u00d3N\\\" &#8211; QUEBAKAN.COM 2026: Noticias, Eventos, Conciertos y mucho m\u00e1s....\",\"isPartOf\":{\"@id\":\"https:\\\/\\\/www.quebakan.com\\\/v15\\\/#website\"},\"primaryImageOfPage\":{\"@id\":\"https:\\\/\\\/www.quebakan.com\\\/v15\\\/patricia-gonzalez-manzanero-en-mi-corazon\\\/#primaryimage\"},\"image\":{\"@id\":\"https:\\\/\\\/www.quebakan.com\\\/v15\\\/patricia-gonzalez-manzanero-en-mi-corazon\\\/#primaryimage\"},\"thumbnailUrl\":\"https:\\\/\\\/www.quebakan.com\\\/v15\\\/wp-content\\\/uploads\\\/2024\\\/03\\\/flyerpatricia.jpg\",\"datePublished\":\"2024-03-11T06:12:21+00:00\",\"breadcrumb\":{\"@id\":\"https:\\\/\\\/www.quebakan.com\\\/v15\\\/patricia-gonzalez-manzanero-en-mi-corazon\\\/#breadcrumb\"},\"inLanguage\":\"es\",\"potentialAction\":[{\"@type\":\"ReadAction\",\"target\":[\"https:\\\/\\\/www.quebakan.com\\\/v15\\\/patricia-gonzalez-manzanero-en-mi-corazon\\\/\"]}]},{\"@type\":\"ImageObject\",\"inLanguage\":\"es\",\"@id\":\"https:\\\/\\\/www.quebakan.com\\\/v15\\\/patricia-gonzalez-manzanero-en-mi-corazon\\\/#primaryimage\",\"url\":\"https:\\\/\\\/www.quebakan.com\\\/v15\\\/wp-content\\\/uploads\\\/2024\\\/03\\\/flyerpatricia.jpg\",\"contentUrl\":\"https:\\\/\\\/www.quebakan.com\\\/v15\\\/wp-content\\\/uploads\\\/2024\\\/03\\\/flyerpatricia.jpg\",\"width\":700,\"height\":700},{\"@type\":\"BreadcrumbList\",\"@id\":\"https:\\\/\\\/www.quebakan.com\\\/v15\\\/patricia-gonzalez-manzanero-en-mi-corazon\\\/#breadcrumb\",\"itemListElement\":[{\"@type\":\"ListItem\",\"position\":1,\"name\":\"Portada\",\"item\":\"https:\\\/\\\/www.quebakan.com\\\/v15\\\/\"},{\"@type\":\"ListItem\",\"position\":2,\"name\":\"PATRICIA GONZ\u00c1LEZ: \u00abMANZANERO EN MI CORAZ\u00d3N\u00bb\"}]},{\"@type\":\"WebSite\",\"@id\":\"https:\\\/\\\/www.quebakan.com\\\/v15\\\/#website\",\"url\":\"https:\\\/\\\/www.quebakan.com\\\/v15\\\/\",\"name\":\"QUEBAKAN\",\"description\":\"..\",\"publisher\":{\"@id\":\"https:\\\/\\\/www.quebakan.com\\\/v15\\\/#organization\"},\"potentialAction\":[{\"@type\":\"SearchAction\",\"target\":{\"@type\":\"EntryPoint\",\"urlTemplate\":\"https:\\\/\\\/www.quebakan.com\\\/v15\\\/?s={search_term_string}\"},\"query-input\":{\"@type\":\"PropertyValueSpecification\",\"valueRequired\":true,\"valueName\":\"search_term_string\"}}],\"inLanguage\":\"es\"},{\"@type\":\"Organization\",\"@id\":\"https:\\\/\\\/www.quebakan.com\\\/v15\\\/#organization\",\"name\":\"Quebakan.com\",\"url\":\"https:\\\/\\\/www.quebakan.com\\\/v15\\\/\",\"logo\":{\"@type\":\"ImageObject\",\"inLanguage\":\"es\",\"@id\":\"https:\\\/\\\/www.quebakan.com\\\/v15\\\/#\\\/schema\\\/logo\\\/image\\\/\",\"url\":\"https:\\\/\\\/www.quebakan.com\\\/v15\\\/wp-content\\\/uploads\\\/2023\\\/07\\\/logoquebakanenero2021.jpg\",\"contentUrl\":\"https:\\\/\\\/www.quebakan.com\\\/v15\\\/wp-content\\\/uploads\\\/2023\\\/07\\\/logoquebakanenero2021.jpg\",\"width\":1920,\"height\":1080,\"caption\":\"Quebakan.com\"},\"image\":{\"@id\":\"https:\\\/\\\/www.quebakan.com\\\/v15\\\/#\\\/schema\\\/logo\\\/image\\\/\"},\"sameAs\":[\"http:\\\/\\\/www.facebook.com\\\/quebakan\",\"https:\\\/\\\/x.com\\\/quebakanec\",\"http:\\\/\\\/www.instagram.com\\\/quebakan\",\"http:\\\/\\\/www.youtube.com\\\/quebakan1\"]},{\"@type\":\"Person\",\"@id\":\"https:\\\/\\\/www.quebakan.com\\\/v15\\\/#\\\/schema\\\/person\\\/d90fa9f9cfa81eb8ace9811e5b7b9118\",\"name\":\"Erick Villafuerte\",\"image\":{\"@type\":\"ImageObject\",\"inLanguage\":\"es\",\"@id\":\"https:\\\/\\\/www.quebakan.com\\\/v15\\\/wp-content\\\/uploads\\\/avatars\\\/4\\\/1731297654-bpfull.png\",\"url\":\"https:\\\/\\\/www.quebakan.com\\\/v15\\\/wp-content\\\/uploads\\\/avatars\\\/4\\\/1731297654-bpfull.png\",\"contentUrl\":\"https:\\\/\\\/www.quebakan.com\\\/v15\\\/wp-content\\\/uploads\\\/avatars\\\/4\\\/1731297654-bpfull.png\",\"caption\":\"Erick Villafuerte\"}}]}<\/script>\n<!-- \/ Yoast SEO plugin. -->","yoast_head_json":{"title":"PATRICIA GONZ\u00c1LEZ: \"MANZANERO EN MI CORAZ\u00d3N\" &#8211; QUEBAKAN.COM 2026: Noticias, Eventos, Conciertos y mucho m\u00e1s....","robots":{"index":"index","follow":"follow","max-snippet":"max-snippet:-1","max-image-preview":"max-image-preview:large","max-video-preview":"max-video-preview:-1"},"canonical":"https:\/\/www.quebakan.com\/v15\/patricia-gonzalez-manzanero-en-mi-corazon\/","og_locale":"es_ES","og_type":"article","og_title":"PATRICIA GONZ\u00c1LEZ: \"MANZANERO EN MI CORAZ\u00d3N\" &#8211; QUEBAKAN.COM 2026: Noticias, Eventos, Conciertos y mucho m\u00e1s....","og_description":"Guayaquil, 28 de febrero de 2024 \u2013 Patricia Gonz\u00e1lez, nuestra primera dama de la canci\u00f3n ecuatoriana, iluminar\u00e1 el escenario en el evento \u00abManzanero En Mi Coraz\u00f3n\u00bb. La emotiva velada tendr\u00e1 lugar el jueves, 14 de marzo de 2024, a las 19:30 horas, en el Teatro S\u00e1nchez Aguilar. En este inolvidable tributo a su querido amigo [&hellip;]","og_url":"https:\/\/www.quebakan.com\/v15\/patricia-gonzalez-manzanero-en-mi-corazon\/","og_site_name":"QUEBAKAN.COM 2026: Noticias, Eventos, Conciertos y mucho m\u00e1s....","article_publisher":"http:\/\/www.facebook.com\/quebakan","article_published_time":"2024-03-11T06:12:21+00:00","og_image":[{"width":700,"height":700,"url":"https:\/\/www.quebakan.com\/v15\/wp-content\/uploads\/2024\/03\/flyerpatricia.jpg","type":"image\/jpeg"}],"author":"Erick Villafuerte","twitter_card":"summary_large_image","twitter_creator":"@quebakanec","twitter_site":"@quebakanec","twitter_misc":{"Escrito por":"Erick Villafuerte","Tiempo de lectura":"2 minutos"},"schema":{"@context":"https:\/\/schema.org","@graph":[{"@type":"Article","@id":"https:\/\/www.quebakan.com\/v15\/patricia-gonzalez-manzanero-en-mi-corazon\/#article","isPartOf":{"@id":"https:\/\/www.quebakan.com\/v15\/patricia-gonzalez-manzanero-en-mi-corazon\/"},"author":{"name":"Erick Villafuerte","@id":"https:\/\/www.quebakan.com\/v15\/#\/schema\/person\/d90fa9f9cfa81eb8ace9811e5b7b9118"},"headline":"PATRICIA GONZ\u00c1LEZ: \u00abMANZANERO EN MI CORAZ\u00d3N\u00bb","datePublished":"2024-03-11T06:12:21+00:00","mainEntityOfPage":{"@id":"https:\/\/www.quebakan.com\/v15\/patricia-gonzalez-manzanero-en-mi-corazon\/"},"wordCount":179,"commentCount":0,"publisher":{"@id":"https:\/\/www.quebakan.com\/v15\/#organization"},"image":{"@id":"https:\/\/www.quebakan.com\/v15\/patricia-gonzalez-manzanero-en-mi-corazon\/#primaryimage"},"thumbnailUrl":"https:\/\/www.quebakan.com\/v15\/wp-content\/uploads\/2024\/03\/flyerpatricia.jpg","articleSection":["Eventos"],"inLanguage":"es"},{"@type":"WebPage","@id":"https:\/\/www.quebakan.com\/v15\/patricia-gonzalez-manzanero-en-mi-corazon\/","url":"https:\/\/www.quebakan.com\/v15\/patricia-gonzalez-manzanero-en-mi-corazon\/","name":"PATRICIA GONZ\u00c1LEZ: \"MANZANERO EN MI CORAZ\u00d3N\" &#8211; QUEBAKAN.COM 2026: Noticias, Eventos, Conciertos y mucho m\u00e1s....","isPartOf":{"@id":"https:\/\/www.quebakan.com\/v15\/#website"},"primaryImageOfPage":{"@id":"https:\/\/www.quebakan.com\/v15\/patricia-gonzalez-manzanero-en-mi-corazon\/#primaryimage"},"image":{"@id":"https:\/\/www.quebakan.com\/v15\/patricia-gonzalez-manzanero-en-mi-corazon\/#primaryimage"},"thumbnailUrl":"https:\/\/www.quebakan.com\/v15\/wp-content\/uploads\/2024\/03\/flyerpatricia.jpg","datePublished":"2024-03-11T06:12:21+00:00","breadcrumb":{"@id":"https:\/\/www.quebakan.com\/v15\/patricia-gonzalez-manzanero-en-mi-corazon\/#breadcrumb"},"inLanguage":"es","potentialAction":[{"@type":"ReadAction","target":["https:\/\/www.quebakan.com\/v15\/patricia-gonzalez-manzanero-en-mi-corazon\/"]}]},{"@type":"ImageObject","inLanguage":"es","@id":"https:\/\/www.quebakan.com\/v15\/patricia-gonzalez-manzanero-en-mi-corazon\/#primaryimage","url":"https:\/\/www.quebakan.com\/v15\/wp-content\/uploads\/2024\/03\/flyerpatricia.jpg","contentUrl":"https:\/\/www.quebakan.com\/v15\/wp-content\/uploads\/2024\/03\/flyerpatricia.jpg","width":700,"height":700},{"@type":"BreadcrumbList","@id":"https:\/\/www.quebakan.com\/v15\/patricia-gonzalez-manzanero-en-mi-corazon\/#breadcrumb","itemListElement":[{"@type":"ListItem","position":1,"name":"Portada","item":"https:\/\/www.quebakan.com\/v15\/"},{"@type":"ListItem","position":2,"name":"PATRICIA GONZ\u00c1LEZ: \u00abMANZANERO EN MI CORAZ\u00d3N\u00bb"}]},{"@type":"WebSite","@id":"https:\/\/www.quebakan.com\/v15\/#website","url":"https:\/\/www.quebakan.com\/v15\/","name":"QUEBAKAN","description":"..","publisher":{"@id":"https:\/\/www.quebakan.com\/v15\/#organization"},"potentialAction":[{"@type":"SearchAction","target":{"@type":"EntryPoint","urlTemplate":"https:\/\/www.quebakan.com\/v15\/?s={search_term_string}"},"query-input":{"@type":"PropertyValueSpecification","valueRequired":true,"valueName":"search_term_string"}}],"inLanguage":"es"},{"@type":"Organization","@id":"https:\/\/www.quebakan.com\/v15\/#organization","name":"Quebakan.com","url":"https:\/\/www.quebakan.com\/v15\/","logo":{"@type":"ImageObject","inLanguage":"es","@id":"https:\/\/www.quebakan.com\/v15\/#\/schema\/logo\/image\/","url":"https:\/\/www.quebakan.com\/v15\/wp-content\/uploads\/2023\/07\/logoquebakanenero2021.jpg","contentUrl":"https:\/\/www.quebakan.com\/v15\/wp-content\/uploads\/2023\/07\/logoquebakanenero2021.jpg","width":1920,"height":1080,"caption":"Quebakan.com"},"image":{"@id":"https:\/\/www.quebakan.com\/v15\/#\/schema\/logo\/image\/"},"sameAs":["http:\/\/www.facebook.com\/quebakan","https:\/\/x.com\/quebakanec","http:\/\/www.instagram.com\/quebakan","http:\/\/www.youtube.com\/quebakan1"]},{"@type":"Person","@id":"https:\/\/www.quebakan.com\/v15\/#\/schema\/person\/d90fa9f9cfa81eb8ace9811e5b7b9118","name":"Erick Villafuerte","image":{"@type":"ImageObject","inLanguage":"es","@id":"https:\/\/www.quebakan.com\/v15\/wp-content\/uploads\/avatars\/4\/1731297654-bpfull.png","url":"https:\/\/www.quebakan.com\/v15\/wp-content\/uploads\/avatars\/4\/1731297654-bpfull.png","contentUrl":"https:\/\/www.quebakan.com\/v15\/wp-content\/uploads\/avatars\/4\/1731297654-bpfull.png","caption":"Erick Villafuerte"}}]}},"_links":{"self":[{"href":"https:\/\/www.quebakan.com\/v15\/wp-json\/wp\/v2\/posts\/116888","targetHints":{"allow":["GET"]}}],"collection":[{"href":"https:\/\/www.quebakan.com\/v15\/wp-json\/wp\/v2\/posts"}],"about":[{"href":"https:\/\/www.quebakan.com\/v15\/wp-json\/wp\/v2\/types\/post"}],"author":[{"embeddable":true,"href":"https:\/\/www.quebakan.com\/v15\/wp-json\/wp\/v2\/users\/4"}],"replies":[{"embeddable":true,"href":"https:\/\/www.quebakan.com\/v15\/wp-json\/wp\/v2\/comments?post=116888"}],"version-history":[{"count":1,"href":"https:\/\/www.quebakan.com\/v15\/wp-json\/wp\/v2\/posts\/116888\/revisions"}],"predecessor-version":[{"id":116890,"href":"https:\/\/www.quebakan.com\/v15\/wp-json\/wp\/v2\/posts\/116888\/revisions\/116890"}],"wp:featuredmedia":[{"embeddable":true,"href":"https:\/\/www.quebakan.com\/v15\/wp-json\/wp\/v2\/media\/116889"}],"wp:attachment":[{"href":"https:\/\/www.quebakan.com\/v15\/wp-json\/wp\/v2\/media?parent=116888"}],"wp:term":[{"taxonomy":"category","embeddable":true,"href":"https:\/\/www.quebakan.com\/v15\/wp-json\/wp\/v2\/categories?post=116888"},{"taxonomy":"post_tag","embeddable":true,"href":"https:\/\/www.quebakan.com\/v15\/wp-json\/wp\/v2\/tags?post=116888"}],"curies":[{"name":"wp","href":"https:\/\/api.w.org\/{rel}","templated":true}]}}