{"id":116891,"date":"2024-03-11T01:17:16","date_gmt":"2024-03-11T06:17:16","guid":{"rendered":"https:\/\/www.quebakan.com\/v15\/?p=116891"},"modified":"2024-03-11T01:17:16","modified_gmt":"2024-03-11T06:17:16","slug":"apel-tres-anos-de-avances-sustanciales-en-la-gestion-ambiental","status":"publish","type":"post","link":"https:\/\/www.quebakan.com\/v15\/apel-tres-anos-de-avances-sustanciales-en-la-gestion-ambiental\/","title":{"rendered":"APEL: TRES A\u00d1OS DE AVANCES SUSTANCIALES EN LA GESTI\u00d3N AMBIENTAL"},"content":{"rendered":"<p><img fetchpriority=\"high\" decoding=\"async\" class=\"aligncenter size-full wp-image-116892\" src=\"https:\/\/www.quebakan.com\/v15\/wp-content\/uploads\/2024\/03\/apel1.jpg\" alt=\"\" width=\"700\" height=\"467\" \/><\/p>\n<p style=\"margin: 0cm; text-align: justify;\"><span style=\"font-size: 11.5pt; font-family: Lato, sans-serif; color: #000000;\">Desde el inicio de operaciones en el a\u00f1o 2021 la iniciativa de Econom\u00eda Circular RECOIL de la Asociaci\u00f3n Ecuatoriana de Lubricantes APEL, ha mostrado un crecimiento constante y significativo en la gesti\u00f3n de residuos de aceites lubricantes usados y sus envases en Ecuador. Se han superado las expectativas aumentando de manera considerable la cantidad de galones de aceites y envases usados gestionados a\u00f1o tras a\u00f1o, con un impresionante cumplimiento de metas que sobrepasa el 100%.<\/span><\/p>\n<p style=\"margin: 0cm; text-align: justify;\">\n<p style=\"margin: 0cm; text-align: justify;\"><span style=\"font-size: 11.5pt; font-family: Lato, sans-serif; color: #000000;\">En el 2021 se gestionaron 4.1 millones de galones de aceites usados, tendencia que se ha incrementado a\u00f1o a a\u00f1o, llegando al 2023 a m\u00e1s\u00a0<b>5.2 millones de galones gestionados<\/b>, una cantidad que podr\u00eda llenar aproximadamente 7.8 piscinas ol\u00edmpicas; en t\u00e9rminos de envases, APEL no se queda atr\u00e1s. Desde las 67,42 toneladas recicladas en 2021 hasta las\u00a0<b>587,02 toneladas en 2023<\/b>, hay una clara evoluci\u00f3n en la gesti\u00f3n de estos desechos peligrosos, protegiendo a\u00fan m\u00e1s el entorno natural.<\/span><\/p>\n<p style=\"margin: 0cm; text-align: justify;\">\n<p style=\"margin: 0cm; text-align: justify;\"><span style=\"color: #000000;\"><i><span style=\"font-size: 11.5pt; font-family: Lato, sans-serif;\">\u00abLa protecci\u00f3n de nuestro ecosistema es una tarea urgente y colectiva. En APEL, entendemos que los aceites lubricantes usados y sus envases representan una amenaza considerable si no se gestionan adecuadamente. Cada gal\u00f3n de aceite que reciclamos previene la contaminaci\u00f3n de millones de litros de agua, salvaguardando as\u00ed la biodiversidad de nuestro pa\u00eds y protegiendo la salud p\u00fablica. Nuestro compromiso es inquebrantable en la b\u00fasqueda de soluciones innovadoras para reciclar estos productos altamente t\u00f3xicos y convertirlos en recursos valiosos para nuestro futuro\u00bb<\/span><\/i><span style=\"font-size: 11.5pt; font-family: Lato, sans-serif;\">\u00a0afirma Valeria Naveda, Directora de APEL.<\/span><\/span><\/p>\n","protected":false},"excerpt":{"rendered":"<p>Desde el inicio de operaciones en el a\u00f1o 2021 la iniciativa de Econom\u00eda Circular RECOIL de la Asociaci\u00f3n Ecuatoriana de Lubricantes APEL, ha mostrado un crecimiento constante y significativo en la gesti\u00f3n de residuos de aceites lubricantes usados y sus envases en Ecuador. Se han superado las expectativas aumentando de manera considerable la cantidad de [&hellip;]<\/p>\n","protected":false},"author":4,"featured_media":116892,"comment_status":"open","ping_status":"open","sticky":false,"template":"","format":"standard","meta":{"_bbp_topic_count":0,"_bbp_reply_count":0,"_bbp_total_topic_count":0,"_bbp_total_reply_count":0,"_bbp_voice_count":0,"_bbp_anonymous_reply_count":0,"_bbp_topic_count_hidden":0,"_bbp_reply_count_hidden":0,"_bbp_forum_subforum_count":0,"buzzeditor_post_format":"","footnotes":""},"categories":[2],"tags":[],"class_list":["post-116891","post","type-post","status-publish","format-standard","has-post-thumbnail","hentry","category-noticias"],"yoast_head":"<!-- This site is optimized with the Yoast SEO plugin v27.5 - https:\/\/yoast.com\/product\/yoast-seo-wordpress\/ -->\n<title>APEL: TRES A\u00d1OS DE AVANCES SUSTANCIALES EN LA GESTI\u00d3N AMBIENTAL &#8211; QUEBAKAN.COM 2026: Noticias, Eventos, Conciertos y mucho m\u00e1s....<\/title>\n<meta name=\"robots\" content=\"index, follow, max-snippet:-1, max-image-preview:large, max-video-preview:-1\" \/>\n<link rel=\"canonical\" href=\"https:\/\/www.quebakan.com\/v15\/apel-tres-anos-de-avances-sustanciales-en-la-gestion-ambiental\/\" \/>\n<meta property=\"og:locale\" content=\"es_ES\" \/>\n<meta property=\"og:type\" content=\"article\" \/>\n<meta property=\"og:title\" content=\"APEL: TRES A\u00d1OS DE AVANCES SUSTANCIALES EN LA GESTI\u00d3N AMBIENTAL &#8211; QUEBAKAN.COM 2026: Noticias, Eventos, Conciertos y mucho m\u00e1s....\" \/>\n<meta property=\"og:description\" content=\"Desde el inicio de operaciones en el a\u00f1o 2021 la iniciativa de Econom\u00eda Circular RECOIL de la Asociaci\u00f3n Ecuatoriana de Lubricantes APEL, ha mostrado un crecimiento constante y significativo en la gesti\u00f3n de residuos de aceites lubricantes usados y sus envases en Ecuador. Se han superado las expectativas aumentando de manera considerable la cantidad de [&hellip;]\" \/>\n<meta property=\"og:url\" content=\"https:\/\/www.quebakan.com\/v15\/apel-tres-anos-de-avances-sustanciales-en-la-gestion-ambiental\/\" \/>\n<meta property=\"og:site_name\" content=\"QUEBAKAN.COM 2026: Noticias, Eventos, Conciertos y mucho m\u00e1s....\" \/>\n<meta property=\"article:publisher\" content=\"http:\/\/www.facebook.com\/quebakan\" \/>\n<meta property=\"article:published_time\" content=\"2024-03-11T06:17:16+00:00\" \/>\n<meta property=\"og:image\" content=\"https:\/\/www.quebakan.com\/v15\/wp-content\/uploads\/2024\/03\/apel1.jpg\" \/>\n\t<meta property=\"og:image:width\" content=\"700\" \/>\n\t<meta property=\"og:image:height\" content=\"467\" \/>\n\t<meta property=\"og:image:type\" content=\"image\/jpeg\" \/>\n<meta name=\"author\" content=\"Erick Villafuerte\" \/>\n<meta name=\"twitter:card\" content=\"summary_large_image\" \/>\n<meta name=\"twitter:creator\" content=\"@quebakanec\" \/>\n<meta name=\"twitter:site\" content=\"@quebakanec\" \/>\n<meta name=\"twitter:label1\" content=\"Escrito por\" \/>\n\t<meta name=\"twitter:data1\" content=\"Erick Villafuerte\" \/>\n\t<meta name=\"twitter:label2\" content=\"Tiempo de lectura\" \/>\n\t<meta name=\"twitter:data2\" content=\"2 minutos\" \/>\n<script type=\"application\/ld+json\" class=\"yoast-schema-graph\">{\"@context\":\"https:\\\/\\\/schema.org\",\"@graph\":[{\"@type\":\"Article\",\"@id\":\"https:\\\/\\\/www.quebakan.com\\\/v15\\\/apel-tres-anos-de-avances-sustanciales-en-la-gestion-ambiental\\\/#article\",\"isPartOf\":{\"@id\":\"https:\\\/\\\/www.quebakan.com\\\/v15\\\/apel-tres-anos-de-avances-sustanciales-en-la-gestion-ambiental\\\/\"},\"author\":{\"name\":\"Erick Villafuerte\",\"@id\":\"https:\\\/\\\/www.quebakan.com\\\/v15\\\/#\\\/schema\\\/person\\\/d90fa9f9cfa81eb8ace9811e5b7b9118\"},\"headline\":\"APEL: TRES A\u00d1OS DE AVANCES SUSTANCIALES EN LA GESTI\u00d3N AMBIENTAL\",\"datePublished\":\"2024-03-11T06:17:16+00:00\",\"mainEntityOfPage\":{\"@id\":\"https:\\\/\\\/www.quebakan.com\\\/v15\\\/apel-tres-anos-de-avances-sustanciales-en-la-gestion-ambiental\\\/\"},\"wordCount\":266,\"commentCount\":0,\"publisher\":{\"@id\":\"https:\\\/\\\/www.quebakan.com\\\/v15\\\/#organization\"},\"image\":{\"@id\":\"https:\\\/\\\/www.quebakan.com\\\/v15\\\/apel-tres-anos-de-avances-sustanciales-en-la-gestion-ambiental\\\/#primaryimage\"},\"thumbnailUrl\":\"https:\\\/\\\/www.quebakan.com\\\/v15\\\/wp-content\\\/uploads\\\/2024\\\/03\\\/apel1.jpg\",\"articleSection\":[\"Noticias\"],\"inLanguage\":\"es\"},{\"@type\":\"WebPage\",\"@id\":\"https:\\\/\\\/www.quebakan.com\\\/v15\\\/apel-tres-anos-de-avances-sustanciales-en-la-gestion-ambiental\\\/\",\"url\":\"https:\\\/\\\/www.quebakan.com\\\/v15\\\/apel-tres-anos-de-avances-sustanciales-en-la-gestion-ambiental\\\/\",\"name\":\"APEL: TRES A\u00d1OS DE AVANCES SUSTANCIALES EN LA GESTI\u00d3N AMBIENTAL &#8211; QUEBAKAN.COM 2026: Noticias, Eventos, Conciertos y mucho m\u00e1s....\",\"isPartOf\":{\"@id\":\"https:\\\/\\\/www.quebakan.com\\\/v15\\\/#website\"},\"primaryImageOfPage\":{\"@id\":\"https:\\\/\\\/www.quebakan.com\\\/v15\\\/apel-tres-anos-de-avances-sustanciales-en-la-gestion-ambiental\\\/#primaryimage\"},\"image\":{\"@id\":\"https:\\\/\\\/www.quebakan.com\\\/v15\\\/apel-tres-anos-de-avances-sustanciales-en-la-gestion-ambiental\\\/#primaryimage\"},\"thumbnailUrl\":\"https:\\\/\\\/www.quebakan.com\\\/v15\\\/wp-content\\\/uploads\\\/2024\\\/03\\\/apel1.jpg\",\"datePublished\":\"2024-03-11T06:17:16+00:00\",\"breadcrumb\":{\"@id\":\"https:\\\/\\\/www.quebakan.com\\\/v15\\\/apel-tres-anos-de-avances-sustanciales-en-la-gestion-ambiental\\\/#breadcrumb\"},\"inLanguage\":\"es\",\"potentialAction\":[{\"@type\":\"ReadAction\",\"target\":[\"https:\\\/\\\/www.quebakan.com\\\/v15\\\/apel-tres-anos-de-avances-sustanciales-en-la-gestion-ambiental\\\/\"]}]},{\"@type\":\"ImageObject\",\"inLanguage\":\"es\",\"@id\":\"https:\\\/\\\/www.quebakan.com\\\/v15\\\/apel-tres-anos-de-avances-sustanciales-en-la-gestion-ambiental\\\/#primaryimage\",\"url\":\"https:\\\/\\\/www.quebakan.com\\\/v15\\\/wp-content\\\/uploads\\\/2024\\\/03\\\/apel1.jpg\",\"contentUrl\":\"https:\\\/\\\/www.quebakan.com\\\/v15\\\/wp-content\\\/uploads\\\/2024\\\/03\\\/apel1.jpg\",\"width\":700,\"height\":467},{\"@type\":\"BreadcrumbList\",\"@id\":\"https:\\\/\\\/www.quebakan.com\\\/v15\\\/apel-tres-anos-de-avances-sustanciales-en-la-gestion-ambiental\\\/#breadcrumb\",\"itemListElement\":[{\"@type\":\"ListItem\",\"position\":1,\"name\":\"Portada\",\"item\":\"https:\\\/\\\/www.quebakan.com\\\/v15\\\/\"},{\"@type\":\"ListItem\",\"position\":2,\"name\":\"APEL: TRES A\u00d1OS DE AVANCES SUSTANCIALES EN LA GESTI\u00d3N AMBIENTAL\"}]},{\"@type\":\"WebSite\",\"@id\":\"https:\\\/\\\/www.quebakan.com\\\/v15\\\/#website\",\"url\":\"https:\\\/\\\/www.quebakan.com\\\/v15\\\/\",\"name\":\"QUEBAKAN\",\"description\":\"..\",\"publisher\":{\"@id\":\"https:\\\/\\\/www.quebakan.com\\\/v15\\\/#organization\"},\"potentialAction\":[{\"@type\":\"SearchAction\",\"target\":{\"@type\":\"EntryPoint\",\"urlTemplate\":\"https:\\\/\\\/www.quebakan.com\\\/v15\\\/?s={search_term_string}\"},\"query-input\":{\"@type\":\"PropertyValueSpecification\",\"valueRequired\":true,\"valueName\":\"search_term_string\"}}],\"inLanguage\":\"es\"},{\"@type\":\"Organization\",\"@id\":\"https:\\\/\\\/www.quebakan.com\\\/v15\\\/#organization\",\"name\":\"Quebakan.com\",\"url\":\"https:\\\/\\\/www.quebakan.com\\\/v15\\\/\",\"logo\":{\"@type\":\"ImageObject\",\"inLanguage\":\"es\",\"@id\":\"https:\\\/\\\/www.quebakan.com\\\/v15\\\/#\\\/schema\\\/logo\\\/image\\\/\",\"url\":\"https:\\\/\\\/www.quebakan.com\\\/v15\\\/wp-content\\\/uploads\\\/2023\\\/07\\\/logoquebakanenero2021.jpg\",\"contentUrl\":\"https:\\\/\\\/www.quebakan.com\\\/v15\\\/wp-content\\\/uploads\\\/2023\\\/07\\\/logoquebakanenero2021.jpg\",\"width\":1920,\"height\":1080,\"caption\":\"Quebakan.com\"},\"image\":{\"@id\":\"https:\\\/\\\/www.quebakan.com\\\/v15\\\/#\\\/schema\\\/logo\\\/image\\\/\"},\"sameAs\":[\"http:\\\/\\\/www.facebook.com\\\/quebakan\",\"https:\\\/\\\/x.com\\\/quebakanec\",\"http:\\\/\\\/www.instagram.com\\\/quebakan\",\"http:\\\/\\\/www.youtube.com\\\/quebakan1\"]},{\"@type\":\"Person\",\"@id\":\"https:\\\/\\\/www.quebakan.com\\\/v15\\\/#\\\/schema\\\/person\\\/d90fa9f9cfa81eb8ace9811e5b7b9118\",\"name\":\"Erick Villafuerte\",\"image\":{\"@type\":\"ImageObject\",\"inLanguage\":\"es\",\"@id\":\"https:\\\/\\\/www.quebakan.com\\\/v15\\\/wp-content\\\/uploads\\\/avatars\\\/4\\\/1731297654-bpfull.png\",\"url\":\"https:\\\/\\\/www.quebakan.com\\\/v15\\\/wp-content\\\/uploads\\\/avatars\\\/4\\\/1731297654-bpfull.png\",\"contentUrl\":\"https:\\\/\\\/www.quebakan.com\\\/v15\\\/wp-content\\\/uploads\\\/avatars\\\/4\\\/1731297654-bpfull.png\",\"caption\":\"Erick Villafuerte\"}}]}<\/script>\n<!-- \/ Yoast SEO plugin. -->","yoast_head_json":{"title":"APEL: TRES A\u00d1OS DE AVANCES SUSTANCIALES EN LA GESTI\u00d3N AMBIENTAL &#8211; QUEBAKAN.COM 2026: Noticias, Eventos, Conciertos y mucho m\u00e1s....","robots":{"index":"index","follow":"follow","max-snippet":"max-snippet:-1","max-image-preview":"max-image-preview:large","max-video-preview":"max-video-preview:-1"},"canonical":"https:\/\/www.quebakan.com\/v15\/apel-tres-anos-de-avances-sustanciales-en-la-gestion-ambiental\/","og_locale":"es_ES","og_type":"article","og_title":"APEL: TRES A\u00d1OS DE AVANCES SUSTANCIALES EN LA GESTI\u00d3N AMBIENTAL &#8211; QUEBAKAN.COM 2026: Noticias, Eventos, Conciertos y mucho m\u00e1s....","og_description":"Desde el inicio de operaciones en el a\u00f1o 2021 la iniciativa de Econom\u00eda Circular RECOIL de la Asociaci\u00f3n Ecuatoriana de Lubricantes APEL, ha mostrado un crecimiento constante y significativo en la gesti\u00f3n de residuos de aceites lubricantes usados y sus envases en Ecuador. Se han superado las expectativas aumentando de manera considerable la cantidad de [&hellip;]","og_url":"https:\/\/www.quebakan.com\/v15\/apel-tres-anos-de-avances-sustanciales-en-la-gestion-ambiental\/","og_site_name":"QUEBAKAN.COM 2026: Noticias, Eventos, Conciertos y mucho m\u00e1s....","article_publisher":"http:\/\/www.facebook.com\/quebakan","article_published_time":"2024-03-11T06:17:16+00:00","og_image":[{"width":700,"height":467,"url":"https:\/\/www.quebakan.com\/v15\/wp-content\/uploads\/2024\/03\/apel1.jpg","type":"image\/jpeg"}],"author":"Erick Villafuerte","twitter_card":"summary_large_image","twitter_creator":"@quebakanec","twitter_site":"@quebakanec","twitter_misc":{"Escrito por":"Erick Villafuerte","Tiempo de lectura":"2 minutos"},"schema":{"@context":"https:\/\/schema.org","@graph":[{"@type":"Article","@id":"https:\/\/www.quebakan.com\/v15\/apel-tres-anos-de-avances-sustanciales-en-la-gestion-ambiental\/#article","isPartOf":{"@id":"https:\/\/www.quebakan.com\/v15\/apel-tres-anos-de-avances-sustanciales-en-la-gestion-ambiental\/"},"author":{"name":"Erick Villafuerte","@id":"https:\/\/www.quebakan.com\/v15\/#\/schema\/person\/d90fa9f9cfa81eb8ace9811e5b7b9118"},"headline":"APEL: TRES A\u00d1OS DE AVANCES SUSTANCIALES EN LA GESTI\u00d3N AMBIENTAL","datePublished":"2024-03-11T06:17:16+00:00","mainEntityOfPage":{"@id":"https:\/\/www.quebakan.com\/v15\/apel-tres-anos-de-avances-sustanciales-en-la-gestion-ambiental\/"},"wordCount":266,"commentCount":0,"publisher":{"@id":"https:\/\/www.quebakan.com\/v15\/#organization"},"image":{"@id":"https:\/\/www.quebakan.com\/v15\/apel-tres-anos-de-avances-sustanciales-en-la-gestion-ambiental\/#primaryimage"},"thumbnailUrl":"https:\/\/www.quebakan.com\/v15\/wp-content\/uploads\/2024\/03\/apel1.jpg","articleSection":["Noticias"],"inLanguage":"es"},{"@type":"WebPage","@id":"https:\/\/www.quebakan.com\/v15\/apel-tres-anos-de-avances-sustanciales-en-la-gestion-ambiental\/","url":"https:\/\/www.quebakan.com\/v15\/apel-tres-anos-de-avances-sustanciales-en-la-gestion-ambiental\/","name":"APEL: TRES A\u00d1OS DE AVANCES SUSTANCIALES EN LA GESTI\u00d3N AMBIENTAL &#8211; QUEBAKAN.COM 2026: Noticias, Eventos, Conciertos y mucho m\u00e1s....","isPartOf":{"@id":"https:\/\/www.quebakan.com\/v15\/#website"},"primaryImageOfPage":{"@id":"https:\/\/www.quebakan.com\/v15\/apel-tres-anos-de-avances-sustanciales-en-la-gestion-ambiental\/#primaryimage"},"image":{"@id":"https:\/\/www.quebakan.com\/v15\/apel-tres-anos-de-avances-sustanciales-en-la-gestion-ambiental\/#primaryimage"},"thumbnailUrl":"https:\/\/www.quebakan.com\/v15\/wp-content\/uploads\/2024\/03\/apel1.jpg","datePublished":"2024-03-11T06:17:16+00:00","breadcrumb":{"@id":"https:\/\/www.quebakan.com\/v15\/apel-tres-anos-de-avances-sustanciales-en-la-gestion-ambiental\/#breadcrumb"},"inLanguage":"es","potentialAction":[{"@type":"ReadAction","target":["https:\/\/www.quebakan.com\/v15\/apel-tres-anos-de-avances-sustanciales-en-la-gestion-ambiental\/"]}]},{"@type":"ImageObject","inLanguage":"es","@id":"https:\/\/www.quebakan.com\/v15\/apel-tres-anos-de-avances-sustanciales-en-la-gestion-ambiental\/#primaryimage","url":"https:\/\/www.quebakan.com\/v15\/wp-content\/uploads\/2024\/03\/apel1.jpg","contentUrl":"https:\/\/www.quebakan.com\/v15\/wp-content\/uploads\/2024\/03\/apel1.jpg","width":700,"height":467},{"@type":"BreadcrumbList","@id":"https:\/\/www.quebakan.com\/v15\/apel-tres-anos-de-avances-sustanciales-en-la-gestion-ambiental\/#breadcrumb","itemListElement":[{"@type":"ListItem","position":1,"name":"Portada","item":"https:\/\/www.quebakan.com\/v15\/"},{"@type":"ListItem","position":2,"name":"APEL: TRES A\u00d1OS DE AVANCES SUSTANCIALES EN LA GESTI\u00d3N AMBIENTAL"}]},{"@type":"WebSite","@id":"https:\/\/www.quebakan.com\/v15\/#website","url":"https:\/\/www.quebakan.com\/v15\/","name":"QUEBAKAN","description":"..","publisher":{"@id":"https:\/\/www.quebakan.com\/v15\/#organization"},"potentialAction":[{"@type":"SearchAction","target":{"@type":"EntryPoint","urlTemplate":"https:\/\/www.quebakan.com\/v15\/?s={search_term_string}"},"query-input":{"@type":"PropertyValueSpecification","valueRequired":true,"valueName":"search_term_string"}}],"inLanguage":"es"},{"@type":"Organization","@id":"https:\/\/www.quebakan.com\/v15\/#organization","name":"Quebakan.com","url":"https:\/\/www.quebakan.com\/v15\/","logo":{"@type":"ImageObject","inLanguage":"es","@id":"https:\/\/www.quebakan.com\/v15\/#\/schema\/logo\/image\/","url":"https:\/\/www.quebakan.com\/v15\/wp-content\/uploads\/2023\/07\/logoquebakanenero2021.jpg","contentUrl":"https:\/\/www.quebakan.com\/v15\/wp-content\/uploads\/2023\/07\/logoquebakanenero2021.jpg","width":1920,"height":1080,"caption":"Quebakan.com"},"image":{"@id":"https:\/\/www.quebakan.com\/v15\/#\/schema\/logo\/image\/"},"sameAs":["http:\/\/www.facebook.com\/quebakan","https:\/\/x.com\/quebakanec","http:\/\/www.instagram.com\/quebakan","http:\/\/www.youtube.com\/quebakan1"]},{"@type":"Person","@id":"https:\/\/www.quebakan.com\/v15\/#\/schema\/person\/d90fa9f9cfa81eb8ace9811e5b7b9118","name":"Erick Villafuerte","image":{"@type":"ImageObject","inLanguage":"es","@id":"https:\/\/www.quebakan.com\/v15\/wp-content\/uploads\/avatars\/4\/1731297654-bpfull.png","url":"https:\/\/www.quebakan.com\/v15\/wp-content\/uploads\/avatars\/4\/1731297654-bpfull.png","contentUrl":"https:\/\/www.quebakan.com\/v15\/wp-content\/uploads\/avatars\/4\/1731297654-bpfull.png","caption":"Erick Villafuerte"}}]}},"_links":{"self":[{"href":"https:\/\/www.quebakan.com\/v15\/wp-json\/wp\/v2\/posts\/116891","targetHints":{"allow":["GET"]}}],"collection":[{"href":"https:\/\/www.quebakan.com\/v15\/wp-json\/wp\/v2\/posts"}],"about":[{"href":"https:\/\/www.quebakan.com\/v15\/wp-json\/wp\/v2\/types\/post"}],"author":[{"embeddable":true,"href":"https:\/\/www.quebakan.com\/v15\/wp-json\/wp\/v2\/users\/4"}],"replies":[{"embeddable":true,"href":"https:\/\/www.quebakan.com\/v15\/wp-json\/wp\/v2\/comments?post=116891"}],"version-history":[{"count":1,"href":"https:\/\/www.quebakan.com\/v15\/wp-json\/wp\/v2\/posts\/116891\/revisions"}],"predecessor-version":[{"id":116893,"href":"https:\/\/www.quebakan.com\/v15\/wp-json\/wp\/v2\/posts\/116891\/revisions\/116893"}],"wp:featuredmedia":[{"embeddable":true,"href":"https:\/\/www.quebakan.com\/v15\/wp-json\/wp\/v2\/media\/116892"}],"wp:attachment":[{"href":"https:\/\/www.quebakan.com\/v15\/wp-json\/wp\/v2\/media?parent=116891"}],"wp:term":[{"taxonomy":"category","embeddable":true,"href":"https:\/\/www.quebakan.com\/v15\/wp-json\/wp\/v2\/categories?post=116891"},{"taxonomy":"post_tag","embeddable":true,"href":"https:\/\/www.quebakan.com\/v15\/wp-json\/wp\/v2\/tags?post=116891"}],"curies":[{"name":"wp","href":"https:\/\/api.w.org\/{rel}","templated":true}]}}