{"id":117556,"date":"2024-03-28T18:42:39","date_gmt":"2024-03-28T23:42:39","guid":{"rendered":"https:\/\/www.quebakan.com\/v15\/?p=117556"},"modified":"2024-03-28T18:59:31","modified_gmt":"2024-03-28T23:59:31","slug":"convenio-de-colaboracion-mutua-entre-pronaca-y-fudela-beneficiara-a-la-comunidad-con-programas-de-cooperacion","status":"publish","type":"post","link":"https:\/\/www.quebakan.com\/v15\/convenio-de-colaboracion-mutua-entre-pronaca-y-fudela-beneficiara-a-la-comunidad-con-programas-de-cooperacion\/","title":{"rendered":"Convenio de colaboraci\u00f3n mutua entre Pronaca y FUDELA beneficiar\u00e1 a la comunidad con programas de cooperaci\u00f3n"},"content":{"rendered":"<p><img fetchpriority=\"high\" decoding=\"async\" class=\"aligncenter size-full wp-image-117557\" src=\"https:\/\/www.quebakan.com\/v15\/wp-content\/uploads\/2024\/03\/Pronaca-Fudela-feb.-14-2024_KF22496.jpg\" alt=\"\" width=\"700\" height=\"400\" \/><\/p>\n<p style=\"text-align: justify;\"><span style=\"color: #000000;\"><strong>Quito, marzo 2024<\/strong>&#8211; Con el objetivo de fortalecer proyectos, intercambiar conocimientos y establecer programas de cooperaci\u00f3n, Pronaca y FUDELA (Fundaci\u00f3n de las Am\u00e9ricas), suscribieron un convenio de colaboraci\u00f3n mutua. Este acuerdo que tendr\u00e1 una duraci\u00f3n de 3 a\u00f1os, plantea la participaci\u00f3n de Pronaca en el fortalecimiento de proyectos que la Fundaci\u00f3n ya ha puesto en marcha y contempla la colaboraci\u00f3n en futuras cooperaciones t\u00e9cnicas, que buscan maximizar los beneficios para la sociedad.<\/span><\/p>\n<p style=\"text-align: justify;\"><span style=\"color: #000000;\">Durante el evento de firma del convenio, Raquel Ord\u00f3nez, Gerente de Talento Humano de Pronaca, mencion\u00f3 la importancia de participar de estas iniciativas por el bien de la comunidad y resalt\u00f3 que a trav\u00e9s de ellas, la empresa contin\u00faa actuando para cumplir con su prop\u00f3sito de Alimentar Bien de manera eficiente, humana y sostenible.<\/span><\/p>\n<p style=\"text-align: justify;\"><span style=\"color: #000000;\">Por su parte, Santiago Andrade, Vicepresidente de FUDELA, agradeci\u00f3 a Pronaca y mencion\u00f3 que este tipo de alianzas ayudan a cumplir objetivos comunes, pero sobre todo que logran \u201ctocar corazones, mentes y vidas que se transforman gracias a estas oportunidades\u201d.<\/span><\/p>\n<p style=\"text-align: justify;\"><span style=\"color: #000000;\">Esta es una muestra de que tanto Pronaca como FUDELA, son entidades comprometidas con programas sustentables de desarrollo humano integral, con alto impacto, para mejorar la calidad de vida de sectores vulnerables y de la comunidad en general.<\/span><\/p>\n","protected":false},"excerpt":{"rendered":"<p>Quito, marzo 2024&#8211; Con el objetivo de fortalecer proyectos, intercambiar conocimientos y establecer programas de cooperaci\u00f3n, Pronaca y FUDELA (Fundaci\u00f3n de las Am\u00e9ricas), suscribieron un convenio de colaboraci\u00f3n mutua. Este acuerdo que tendr\u00e1 una duraci\u00f3n de 3 a\u00f1os, plantea la participaci\u00f3n de Pronaca en el fortalecimiento de proyectos que la Fundaci\u00f3n ya ha puesto en [&hellip;]<\/p>\n","protected":false},"author":4,"featured_media":117557,"comment_status":"open","ping_status":"open","sticky":false,"template":"","format":"standard","meta":{"_bbp_topic_count":0,"_bbp_reply_count":0,"_bbp_total_topic_count":0,"_bbp_total_reply_count":0,"_bbp_voice_count":0,"_bbp_anonymous_reply_count":0,"_bbp_topic_count_hidden":0,"_bbp_reply_count_hidden":0,"_bbp_forum_subforum_count":0,"buzzeditor_post_format":"","footnotes":""},"categories":[2],"tags":[],"class_list":["post-117556","post","type-post","status-publish","format-standard","has-post-thumbnail","hentry","category-noticias"],"yoast_head":"<!-- This site is optimized with the Yoast SEO plugin v27.4 - https:\/\/yoast.com\/product\/yoast-seo-wordpress\/ -->\n<title>Convenio de colaboraci\u00f3n mutua entre Pronaca y FUDELA beneficiar\u00e1 a la comunidad con programas de cooperaci\u00f3n &#8211; QUEBAKAN.COM 2026: Noticias, Eventos, Conciertos y mucho m\u00e1s....<\/title>\n<meta name=\"robots\" content=\"index, follow, max-snippet:-1, max-image-preview:large, max-video-preview:-1\" \/>\n<link rel=\"canonical\" href=\"https:\/\/www.quebakan.com\/v15\/convenio-de-colaboracion-mutua-entre-pronaca-y-fudela-beneficiara-a-la-comunidad-con-programas-de-cooperacion\/\" \/>\n<meta property=\"og:locale\" content=\"es_ES\" \/>\n<meta property=\"og:type\" content=\"article\" \/>\n<meta property=\"og:title\" content=\"Convenio de colaboraci\u00f3n mutua entre Pronaca y FUDELA beneficiar\u00e1 a la comunidad con programas de cooperaci\u00f3n &#8211; QUEBAKAN.COM 2026: Noticias, Eventos, Conciertos y mucho m\u00e1s....\" \/>\n<meta property=\"og:description\" content=\"Quito, marzo 2024&#8211; Con el objetivo de fortalecer proyectos, intercambiar conocimientos y establecer programas de cooperaci\u00f3n, Pronaca y FUDELA (Fundaci\u00f3n de las Am\u00e9ricas), suscribieron un convenio de colaboraci\u00f3n mutua. Este acuerdo que tendr\u00e1 una duraci\u00f3n de 3 a\u00f1os, plantea la participaci\u00f3n de Pronaca en el fortalecimiento de proyectos que la Fundaci\u00f3n ya ha puesto en [&hellip;]\" \/>\n<meta property=\"og:url\" content=\"https:\/\/www.quebakan.com\/v15\/convenio-de-colaboracion-mutua-entre-pronaca-y-fudela-beneficiara-a-la-comunidad-con-programas-de-cooperacion\/\" \/>\n<meta property=\"og:site_name\" content=\"QUEBAKAN.COM 2026: Noticias, Eventos, Conciertos y mucho m\u00e1s....\" \/>\n<meta property=\"article:publisher\" content=\"http:\/\/www.facebook.com\/quebakan\" \/>\n<meta property=\"article:published_time\" content=\"2024-03-28T23:42:39+00:00\" \/>\n<meta property=\"article:modified_time\" content=\"2024-03-28T23:59:31+00:00\" \/>\n<meta property=\"og:image\" content=\"https:\/\/www.quebakan.com\/v15\/wp-content\/uploads\/2024\/03\/Pronaca-Fudela-feb.-14-2024_KF22496.jpg\" \/>\n\t<meta property=\"og:image:width\" content=\"700\" \/>\n\t<meta property=\"og:image:height\" content=\"400\" \/>\n\t<meta property=\"og:image:type\" content=\"image\/jpeg\" \/>\n<meta name=\"author\" content=\"Erick Villafuerte\" \/>\n<meta name=\"twitter:card\" content=\"summary_large_image\" \/>\n<meta name=\"twitter:creator\" content=\"@quebakanec\" \/>\n<meta name=\"twitter:site\" content=\"@quebakanec\" \/>\n<meta name=\"twitter:label1\" content=\"Escrito por\" \/>\n\t<meta name=\"twitter:data1\" content=\"Erick Villafuerte\" \/>\n\t<meta name=\"twitter:label2\" content=\"Tiempo de lectura\" \/>\n\t<meta name=\"twitter:data2\" content=\"2 minutos\" \/>\n<script type=\"application\/ld+json\" class=\"yoast-schema-graph\">{\"@context\":\"https:\\\/\\\/schema.org\",\"@graph\":[{\"@type\":\"Article\",\"@id\":\"https:\\\/\\\/www.quebakan.com\\\/v15\\\/convenio-de-colaboracion-mutua-entre-pronaca-y-fudela-beneficiara-a-la-comunidad-con-programas-de-cooperacion\\\/#article\",\"isPartOf\":{\"@id\":\"https:\\\/\\\/www.quebakan.com\\\/v15\\\/convenio-de-colaboracion-mutua-entre-pronaca-y-fudela-beneficiara-a-la-comunidad-con-programas-de-cooperacion\\\/\"},\"author\":{\"name\":\"Erick Villafuerte\",\"@id\":\"https:\\\/\\\/www.quebakan.com\\\/v15\\\/#\\\/schema\\\/person\\\/d90fa9f9cfa81eb8ace9811e5b7b9118\"},\"headline\":\"Convenio de colaboraci\u00f3n mutua entre Pronaca y FUDELA beneficiar\u00e1 a la comunidad con programas de cooperaci\u00f3n\",\"datePublished\":\"2024-03-28T23:42:39+00:00\",\"dateModified\":\"2024-03-28T23:59:31+00:00\",\"mainEntityOfPage\":{\"@id\":\"https:\\\/\\\/www.quebakan.com\\\/v15\\\/convenio-de-colaboracion-mutua-entre-pronaca-y-fudela-beneficiara-a-la-comunidad-con-programas-de-cooperacion\\\/\"},\"wordCount\":235,\"commentCount\":0,\"publisher\":{\"@id\":\"https:\\\/\\\/www.quebakan.com\\\/v15\\\/#organization\"},\"image\":{\"@id\":\"https:\\\/\\\/www.quebakan.com\\\/v15\\\/convenio-de-colaboracion-mutua-entre-pronaca-y-fudela-beneficiara-a-la-comunidad-con-programas-de-cooperacion\\\/#primaryimage\"},\"thumbnailUrl\":\"https:\\\/\\\/www.quebakan.com\\\/v15\\\/wp-content\\\/uploads\\\/2024\\\/03\\\/Pronaca-Fudela-feb.-14-2024_KF22496.jpg\",\"articleSection\":[\"Noticias\"],\"inLanguage\":\"es\"},{\"@type\":\"WebPage\",\"@id\":\"https:\\\/\\\/www.quebakan.com\\\/v15\\\/convenio-de-colaboracion-mutua-entre-pronaca-y-fudela-beneficiara-a-la-comunidad-con-programas-de-cooperacion\\\/\",\"url\":\"https:\\\/\\\/www.quebakan.com\\\/v15\\\/convenio-de-colaboracion-mutua-entre-pronaca-y-fudela-beneficiara-a-la-comunidad-con-programas-de-cooperacion\\\/\",\"name\":\"Convenio de colaboraci\u00f3n mutua entre Pronaca y FUDELA beneficiar\u00e1 a la comunidad con programas de cooperaci\u00f3n &#8211; QUEBAKAN.COM 2026: Noticias, Eventos, Conciertos y mucho m\u00e1s....\",\"isPartOf\":{\"@id\":\"https:\\\/\\\/www.quebakan.com\\\/v15\\\/#website\"},\"primaryImageOfPage\":{\"@id\":\"https:\\\/\\\/www.quebakan.com\\\/v15\\\/convenio-de-colaboracion-mutua-entre-pronaca-y-fudela-beneficiara-a-la-comunidad-con-programas-de-cooperacion\\\/#primaryimage\"},\"image\":{\"@id\":\"https:\\\/\\\/www.quebakan.com\\\/v15\\\/convenio-de-colaboracion-mutua-entre-pronaca-y-fudela-beneficiara-a-la-comunidad-con-programas-de-cooperacion\\\/#primaryimage\"},\"thumbnailUrl\":\"https:\\\/\\\/www.quebakan.com\\\/v15\\\/wp-content\\\/uploads\\\/2024\\\/03\\\/Pronaca-Fudela-feb.-14-2024_KF22496.jpg\",\"datePublished\":\"2024-03-28T23:42:39+00:00\",\"dateModified\":\"2024-03-28T23:59:31+00:00\",\"breadcrumb\":{\"@id\":\"https:\\\/\\\/www.quebakan.com\\\/v15\\\/convenio-de-colaboracion-mutua-entre-pronaca-y-fudela-beneficiara-a-la-comunidad-con-programas-de-cooperacion\\\/#breadcrumb\"},\"inLanguage\":\"es\",\"potentialAction\":[{\"@type\":\"ReadAction\",\"target\":[\"https:\\\/\\\/www.quebakan.com\\\/v15\\\/convenio-de-colaboracion-mutua-entre-pronaca-y-fudela-beneficiara-a-la-comunidad-con-programas-de-cooperacion\\\/\"]}]},{\"@type\":\"ImageObject\",\"inLanguage\":\"es\",\"@id\":\"https:\\\/\\\/www.quebakan.com\\\/v15\\\/convenio-de-colaboracion-mutua-entre-pronaca-y-fudela-beneficiara-a-la-comunidad-con-programas-de-cooperacion\\\/#primaryimage\",\"url\":\"https:\\\/\\\/www.quebakan.com\\\/v15\\\/wp-content\\\/uploads\\\/2024\\\/03\\\/Pronaca-Fudela-feb.-14-2024_KF22496.jpg\",\"contentUrl\":\"https:\\\/\\\/www.quebakan.com\\\/v15\\\/wp-content\\\/uploads\\\/2024\\\/03\\\/Pronaca-Fudela-feb.-14-2024_KF22496.jpg\",\"width\":700,\"height\":400},{\"@type\":\"BreadcrumbList\",\"@id\":\"https:\\\/\\\/www.quebakan.com\\\/v15\\\/convenio-de-colaboracion-mutua-entre-pronaca-y-fudela-beneficiara-a-la-comunidad-con-programas-de-cooperacion\\\/#breadcrumb\",\"itemListElement\":[{\"@type\":\"ListItem\",\"position\":1,\"name\":\"Portada\",\"item\":\"https:\\\/\\\/www.quebakan.com\\\/v15\\\/\"},{\"@type\":\"ListItem\",\"position\":2,\"name\":\"Convenio de colaboraci\u00f3n mutua entre Pronaca y FUDELA beneficiar\u00e1 a la comunidad con programas de cooperaci\u00f3n\"}]},{\"@type\":\"WebSite\",\"@id\":\"https:\\\/\\\/www.quebakan.com\\\/v15\\\/#website\",\"url\":\"https:\\\/\\\/www.quebakan.com\\\/v15\\\/\",\"name\":\"QUEBAKAN\",\"description\":\"..\",\"publisher\":{\"@id\":\"https:\\\/\\\/www.quebakan.com\\\/v15\\\/#organization\"},\"potentialAction\":[{\"@type\":\"SearchAction\",\"target\":{\"@type\":\"EntryPoint\",\"urlTemplate\":\"https:\\\/\\\/www.quebakan.com\\\/v15\\\/?s={search_term_string}\"},\"query-input\":{\"@type\":\"PropertyValueSpecification\",\"valueRequired\":true,\"valueName\":\"search_term_string\"}}],\"inLanguage\":\"es\"},{\"@type\":\"Organization\",\"@id\":\"https:\\\/\\\/www.quebakan.com\\\/v15\\\/#organization\",\"name\":\"Quebakan.com\",\"url\":\"https:\\\/\\\/www.quebakan.com\\\/v15\\\/\",\"logo\":{\"@type\":\"ImageObject\",\"inLanguage\":\"es\",\"@id\":\"https:\\\/\\\/www.quebakan.com\\\/v15\\\/#\\\/schema\\\/logo\\\/image\\\/\",\"url\":\"https:\\\/\\\/www.quebakan.com\\\/v15\\\/wp-content\\\/uploads\\\/2023\\\/07\\\/logoquebakanenero2021.jpg\",\"contentUrl\":\"https:\\\/\\\/www.quebakan.com\\\/v15\\\/wp-content\\\/uploads\\\/2023\\\/07\\\/logoquebakanenero2021.jpg\",\"width\":1920,\"height\":1080,\"caption\":\"Quebakan.com\"},\"image\":{\"@id\":\"https:\\\/\\\/www.quebakan.com\\\/v15\\\/#\\\/schema\\\/logo\\\/image\\\/\"},\"sameAs\":[\"http:\\\/\\\/www.facebook.com\\\/quebakan\",\"https:\\\/\\\/x.com\\\/quebakanec\",\"http:\\\/\\\/www.instagram.com\\\/quebakan\",\"http:\\\/\\\/www.youtube.com\\\/quebakan1\"]},{\"@type\":\"Person\",\"@id\":\"https:\\\/\\\/www.quebakan.com\\\/v15\\\/#\\\/schema\\\/person\\\/d90fa9f9cfa81eb8ace9811e5b7b9118\",\"name\":\"Erick Villafuerte\",\"image\":{\"@type\":\"ImageObject\",\"inLanguage\":\"es\",\"@id\":\"https:\\\/\\\/www.quebakan.com\\\/v15\\\/wp-content\\\/uploads\\\/avatars\\\/4\\\/1731297654-bpfull.png\",\"url\":\"https:\\\/\\\/www.quebakan.com\\\/v15\\\/wp-content\\\/uploads\\\/avatars\\\/4\\\/1731297654-bpfull.png\",\"contentUrl\":\"https:\\\/\\\/www.quebakan.com\\\/v15\\\/wp-content\\\/uploads\\\/avatars\\\/4\\\/1731297654-bpfull.png\",\"caption\":\"Erick Villafuerte\"}}]}<\/script>\n<!-- \/ Yoast SEO plugin. -->","yoast_head_json":{"title":"Convenio de colaboraci\u00f3n mutua entre Pronaca y FUDELA beneficiar\u00e1 a la comunidad con programas de cooperaci\u00f3n &#8211; QUEBAKAN.COM 2026: Noticias, Eventos, Conciertos y mucho m\u00e1s....","robots":{"index":"index","follow":"follow","max-snippet":"max-snippet:-1","max-image-preview":"max-image-preview:large","max-video-preview":"max-video-preview:-1"},"canonical":"https:\/\/www.quebakan.com\/v15\/convenio-de-colaboracion-mutua-entre-pronaca-y-fudela-beneficiara-a-la-comunidad-con-programas-de-cooperacion\/","og_locale":"es_ES","og_type":"article","og_title":"Convenio de colaboraci\u00f3n mutua entre Pronaca y FUDELA beneficiar\u00e1 a la comunidad con programas de cooperaci\u00f3n &#8211; QUEBAKAN.COM 2026: Noticias, Eventos, Conciertos y mucho m\u00e1s....","og_description":"Quito, marzo 2024&#8211; Con el objetivo de fortalecer proyectos, intercambiar conocimientos y establecer programas de cooperaci\u00f3n, Pronaca y FUDELA (Fundaci\u00f3n de las Am\u00e9ricas), suscribieron un convenio de colaboraci\u00f3n mutua. Este acuerdo que tendr\u00e1 una duraci\u00f3n de 3 a\u00f1os, plantea la participaci\u00f3n de Pronaca en el fortalecimiento de proyectos que la Fundaci\u00f3n ya ha puesto en [&hellip;]","og_url":"https:\/\/www.quebakan.com\/v15\/convenio-de-colaboracion-mutua-entre-pronaca-y-fudela-beneficiara-a-la-comunidad-con-programas-de-cooperacion\/","og_site_name":"QUEBAKAN.COM 2026: Noticias, Eventos, Conciertos y mucho m\u00e1s....","article_publisher":"http:\/\/www.facebook.com\/quebakan","article_published_time":"2024-03-28T23:42:39+00:00","article_modified_time":"2024-03-28T23:59:31+00:00","og_image":[{"width":700,"height":400,"url":"https:\/\/www.quebakan.com\/v15\/wp-content\/uploads\/2024\/03\/Pronaca-Fudela-feb.-14-2024_KF22496.jpg","type":"image\/jpeg"}],"author":"Erick Villafuerte","twitter_card":"summary_large_image","twitter_creator":"@quebakanec","twitter_site":"@quebakanec","twitter_misc":{"Escrito por":"Erick Villafuerte","Tiempo de lectura":"2 minutos"},"schema":{"@context":"https:\/\/schema.org","@graph":[{"@type":"Article","@id":"https:\/\/www.quebakan.com\/v15\/convenio-de-colaboracion-mutua-entre-pronaca-y-fudela-beneficiara-a-la-comunidad-con-programas-de-cooperacion\/#article","isPartOf":{"@id":"https:\/\/www.quebakan.com\/v15\/convenio-de-colaboracion-mutua-entre-pronaca-y-fudela-beneficiara-a-la-comunidad-con-programas-de-cooperacion\/"},"author":{"name":"Erick Villafuerte","@id":"https:\/\/www.quebakan.com\/v15\/#\/schema\/person\/d90fa9f9cfa81eb8ace9811e5b7b9118"},"headline":"Convenio de colaboraci\u00f3n mutua entre Pronaca y FUDELA beneficiar\u00e1 a la comunidad con programas de cooperaci\u00f3n","datePublished":"2024-03-28T23:42:39+00:00","dateModified":"2024-03-28T23:59:31+00:00","mainEntityOfPage":{"@id":"https:\/\/www.quebakan.com\/v15\/convenio-de-colaboracion-mutua-entre-pronaca-y-fudela-beneficiara-a-la-comunidad-con-programas-de-cooperacion\/"},"wordCount":235,"commentCount":0,"publisher":{"@id":"https:\/\/www.quebakan.com\/v15\/#organization"},"image":{"@id":"https:\/\/www.quebakan.com\/v15\/convenio-de-colaboracion-mutua-entre-pronaca-y-fudela-beneficiara-a-la-comunidad-con-programas-de-cooperacion\/#primaryimage"},"thumbnailUrl":"https:\/\/www.quebakan.com\/v15\/wp-content\/uploads\/2024\/03\/Pronaca-Fudela-feb.-14-2024_KF22496.jpg","articleSection":["Noticias"],"inLanguage":"es"},{"@type":"WebPage","@id":"https:\/\/www.quebakan.com\/v15\/convenio-de-colaboracion-mutua-entre-pronaca-y-fudela-beneficiara-a-la-comunidad-con-programas-de-cooperacion\/","url":"https:\/\/www.quebakan.com\/v15\/convenio-de-colaboracion-mutua-entre-pronaca-y-fudela-beneficiara-a-la-comunidad-con-programas-de-cooperacion\/","name":"Convenio de colaboraci\u00f3n mutua entre Pronaca y FUDELA beneficiar\u00e1 a la comunidad con programas de cooperaci\u00f3n &#8211; QUEBAKAN.COM 2026: Noticias, Eventos, Conciertos y mucho m\u00e1s....","isPartOf":{"@id":"https:\/\/www.quebakan.com\/v15\/#website"},"primaryImageOfPage":{"@id":"https:\/\/www.quebakan.com\/v15\/convenio-de-colaboracion-mutua-entre-pronaca-y-fudela-beneficiara-a-la-comunidad-con-programas-de-cooperacion\/#primaryimage"},"image":{"@id":"https:\/\/www.quebakan.com\/v15\/convenio-de-colaboracion-mutua-entre-pronaca-y-fudela-beneficiara-a-la-comunidad-con-programas-de-cooperacion\/#primaryimage"},"thumbnailUrl":"https:\/\/www.quebakan.com\/v15\/wp-content\/uploads\/2024\/03\/Pronaca-Fudela-feb.-14-2024_KF22496.jpg","datePublished":"2024-03-28T23:42:39+00:00","dateModified":"2024-03-28T23:59:31+00:00","breadcrumb":{"@id":"https:\/\/www.quebakan.com\/v15\/convenio-de-colaboracion-mutua-entre-pronaca-y-fudela-beneficiara-a-la-comunidad-con-programas-de-cooperacion\/#breadcrumb"},"inLanguage":"es","potentialAction":[{"@type":"ReadAction","target":["https:\/\/www.quebakan.com\/v15\/convenio-de-colaboracion-mutua-entre-pronaca-y-fudela-beneficiara-a-la-comunidad-con-programas-de-cooperacion\/"]}]},{"@type":"ImageObject","inLanguage":"es","@id":"https:\/\/www.quebakan.com\/v15\/convenio-de-colaboracion-mutua-entre-pronaca-y-fudela-beneficiara-a-la-comunidad-con-programas-de-cooperacion\/#primaryimage","url":"https:\/\/www.quebakan.com\/v15\/wp-content\/uploads\/2024\/03\/Pronaca-Fudela-feb.-14-2024_KF22496.jpg","contentUrl":"https:\/\/www.quebakan.com\/v15\/wp-content\/uploads\/2024\/03\/Pronaca-Fudela-feb.-14-2024_KF22496.jpg","width":700,"height":400},{"@type":"BreadcrumbList","@id":"https:\/\/www.quebakan.com\/v15\/convenio-de-colaboracion-mutua-entre-pronaca-y-fudela-beneficiara-a-la-comunidad-con-programas-de-cooperacion\/#breadcrumb","itemListElement":[{"@type":"ListItem","position":1,"name":"Portada","item":"https:\/\/www.quebakan.com\/v15\/"},{"@type":"ListItem","position":2,"name":"Convenio de colaboraci\u00f3n mutua entre Pronaca y FUDELA beneficiar\u00e1 a la comunidad con programas de cooperaci\u00f3n"}]},{"@type":"WebSite","@id":"https:\/\/www.quebakan.com\/v15\/#website","url":"https:\/\/www.quebakan.com\/v15\/","name":"QUEBAKAN","description":"..","publisher":{"@id":"https:\/\/www.quebakan.com\/v15\/#organization"},"potentialAction":[{"@type":"SearchAction","target":{"@type":"EntryPoint","urlTemplate":"https:\/\/www.quebakan.com\/v15\/?s={search_term_string}"},"query-input":{"@type":"PropertyValueSpecification","valueRequired":true,"valueName":"search_term_string"}}],"inLanguage":"es"},{"@type":"Organization","@id":"https:\/\/www.quebakan.com\/v15\/#organization","name":"Quebakan.com","url":"https:\/\/www.quebakan.com\/v15\/","logo":{"@type":"ImageObject","inLanguage":"es","@id":"https:\/\/www.quebakan.com\/v15\/#\/schema\/logo\/image\/","url":"https:\/\/www.quebakan.com\/v15\/wp-content\/uploads\/2023\/07\/logoquebakanenero2021.jpg","contentUrl":"https:\/\/www.quebakan.com\/v15\/wp-content\/uploads\/2023\/07\/logoquebakanenero2021.jpg","width":1920,"height":1080,"caption":"Quebakan.com"},"image":{"@id":"https:\/\/www.quebakan.com\/v15\/#\/schema\/logo\/image\/"},"sameAs":["http:\/\/www.facebook.com\/quebakan","https:\/\/x.com\/quebakanec","http:\/\/www.instagram.com\/quebakan","http:\/\/www.youtube.com\/quebakan1"]},{"@type":"Person","@id":"https:\/\/www.quebakan.com\/v15\/#\/schema\/person\/d90fa9f9cfa81eb8ace9811e5b7b9118","name":"Erick Villafuerte","image":{"@type":"ImageObject","inLanguage":"es","@id":"https:\/\/www.quebakan.com\/v15\/wp-content\/uploads\/avatars\/4\/1731297654-bpfull.png","url":"https:\/\/www.quebakan.com\/v15\/wp-content\/uploads\/avatars\/4\/1731297654-bpfull.png","contentUrl":"https:\/\/www.quebakan.com\/v15\/wp-content\/uploads\/avatars\/4\/1731297654-bpfull.png","caption":"Erick Villafuerte"}}]}},"_links":{"self":[{"href":"https:\/\/www.quebakan.com\/v15\/wp-json\/wp\/v2\/posts\/117556","targetHints":{"allow":["GET"]}}],"collection":[{"href":"https:\/\/www.quebakan.com\/v15\/wp-json\/wp\/v2\/posts"}],"about":[{"href":"https:\/\/www.quebakan.com\/v15\/wp-json\/wp\/v2\/types\/post"}],"author":[{"embeddable":true,"href":"https:\/\/www.quebakan.com\/v15\/wp-json\/wp\/v2\/users\/4"}],"replies":[{"embeddable":true,"href":"https:\/\/www.quebakan.com\/v15\/wp-json\/wp\/v2\/comments?post=117556"}],"version-history":[{"count":2,"href":"https:\/\/www.quebakan.com\/v15\/wp-json\/wp\/v2\/posts\/117556\/revisions"}],"predecessor-version":[{"id":117560,"href":"https:\/\/www.quebakan.com\/v15\/wp-json\/wp\/v2\/posts\/117556\/revisions\/117560"}],"wp:featuredmedia":[{"embeddable":true,"href":"https:\/\/www.quebakan.com\/v15\/wp-json\/wp\/v2\/media\/117557"}],"wp:attachment":[{"href":"https:\/\/www.quebakan.com\/v15\/wp-json\/wp\/v2\/media?parent=117556"}],"wp:term":[{"taxonomy":"category","embeddable":true,"href":"https:\/\/www.quebakan.com\/v15\/wp-json\/wp\/v2\/categories?post=117556"},{"taxonomy":"post_tag","embeddable":true,"href":"https:\/\/www.quebakan.com\/v15\/wp-json\/wp\/v2\/tags?post=117556"}],"curies":[{"name":"wp","href":"https:\/\/api.w.org\/{rel}","templated":true}]}}