{"id":117698,"date":"2024-04-03T14:07:10","date_gmt":"2024-04-03T19:07:10","guid":{"rendered":"https:\/\/www.quebakan.com\/v15\/?p=117698"},"modified":"2024-04-03T14:07:10","modified_gmt":"2024-04-03T19:07:10","slug":"chilis-orellana-abre-sus-puertas-al-publico","status":"publish","type":"post","link":"https:\/\/www.quebakan.com\/v15\/chilis-orellana-abre-sus-puertas-al-publico\/","title":{"rendered":"Chili\u00b4s Orellana abre sus puertas al p\u00fablico."},"content":{"rendered":"<p><img fetchpriority=\"high\" decoding=\"async\" class=\"aligncenter size-full wp-image-117699\" src=\"https:\/\/www.quebakan.com\/v15\/wp-content\/uploads\/2024\/04\/Chilis-5.jpg\" alt=\"\" width=\"700\" height=\"467\" \/><\/p>\n<p style=\"text-align: justify;\"><span style=\"color: #000000;\"><em>Convirti\u00e9ndose en el doceavo restaurante de la cadena americana, a nivel nacional.<\/em><\/span><\/p>\n<p style=\"text-align: justify;\"><span style=\"color: #000000;\">Con un video de una lluvia de chilitos cayendo en la <strong>Avenida Francisco de Orellana en Guayaquil<\/strong> generado con tecnolog\u00eda CGI (Computer-Generated Imagery) o tambi\u00e9n conocido como im\u00e1genes generadas por un ordenador, usualmente en 3D para crear escenas o efectos especiales;<strong> Chili\u00b4s<\/strong>, la renombrada cadena de restaurantes de comida tex-mex, inaugur\u00f3 su nuevo local en el complejo de Supercines Orellana, marcando este como el d\u00e9cimo segundo establecimiento de la marca a nivel nacional. Con este nuevo local, <strong>Chili&#8217;s refuerza su presencia en la ciudad de Guayaquil<\/strong>, sum\u00e1ndose a los ya exitosos locales ubicados a lo largo de Ecuador.<\/span><\/p>\n<p style=\"text-align: justify;\"><span style=\"color: #000000;\">El nuevo Chili\u00b4s Orellana abre sus puertas en una ubicaci\u00f3n estrat\u00e9gica dentro de la ciudad para ofrecer a sus comensales una experiencia culinaria \u00fanica, desde las <strong>10:00 hasta las 23:00 todos los d\u00edas.<\/strong> Este horario extendido garantiza que los almuerzos, celebraciones, after office o salidas con amigos y familia tengan el ambiente acogedor y festivo de la marca, en cualquier momento.<\/span><\/p>\n<p style=\"text-align: justify;\"><span style=\"color: #000000;\">Respondiendo a los paladares exigentes de sus clientes, Chili\u00b4s introduce a su men\u00fa a nivel nacional, deliciosas guarniciones como el Mac &amp; Cheese (macarrones con queso), perfecta para acompa\u00f1ar los Crispy Crispers o Honey Chipotle, favoritos de muchos. Adem\u00e1s, presenta 3 opciones de Smash Burgers a $9.90, prometiendo opciones m\u00e1s amplias y variadas para los amantes de las hamburguesas. Con relaci\u00f3n a sus <strong>promociones<\/strong>, destacan su tradicional Happy Hour en margaritas, c\u00f3cteles, y cervezas de 16h00 a 20h00 de lunes a s\u00e1bado; un Lunch Menu de plato fuerte m\u00e1s bebida por $12,90; la conocida oferta de 25 alitas por $12,90 los mi\u00e9rcoles y 15 alitas m\u00e1s 2 cervezas Royal Dutch o Weidmann los jueves; adem\u00e1s de la margarita del mes por solo $6,00.<\/span><\/p>\n<p style=\"text-align: justify;\"><span style=\"color: #000000;\">Chili\u00b4s Orellana contar\u00e1 con capacidad para 139 personas y un equipo de 70 colaboradores dedicados a brindar un servicio excepcional, reafirmando su compromiso de ofrecer experiencias gastron\u00f3micas de calidad superior, en un ambiente divertido y acogedor.<\/span><\/p>\n<p><img decoding=\"async\" class=\"aligncenter size-full wp-image-117700\" src=\"https:\/\/www.quebakan.com\/v15\/wp-content\/uploads\/2024\/04\/Chilis-2.jpg\" alt=\"\" width=\"700\" height=\"467\" \/><\/p>\n","protected":false},"excerpt":{"rendered":"<p>Convirti\u00e9ndose en el doceavo restaurante de la cadena americana, a nivel nacional. Con un video de una lluvia de chilitos cayendo en la Avenida Francisco de Orellana en Guayaquil generado con tecnolog\u00eda CGI (Computer-Generated Imagery) o tambi\u00e9n conocido como im\u00e1genes generadas por un ordenador, usualmente en 3D para crear escenas o efectos especiales; Chili\u00b4s, la [&hellip;]<\/p>\n","protected":false},"author":4,"featured_media":117699,"comment_status":"open","ping_status":"open","sticky":false,"template":"","format":"standard","meta":{"_bbp_topic_count":0,"_bbp_reply_count":0,"_bbp_total_topic_count":0,"_bbp_total_reply_count":0,"_bbp_voice_count":0,"_bbp_anonymous_reply_count":0,"_bbp_topic_count_hidden":0,"_bbp_reply_count_hidden":0,"_bbp_forum_subforum_count":0,"buzzeditor_post_format":"","footnotes":""},"categories":[334],"tags":[],"class_list":["post-117698","post","type-post","status-publish","format-standard","has-post-thumbnail","hentry","category-empresarial"],"yoast_head":"<!-- This site is optimized with the Yoast SEO plugin v27.5 - https:\/\/yoast.com\/product\/yoast-seo-wordpress\/ -->\n<title>Chili\u00b4s Orellana abre sus puertas al p\u00fablico. &#8211; QUEBAKAN.COM 2026: Noticias, Eventos, Conciertos y mucho m\u00e1s....<\/title>\n<meta name=\"robots\" content=\"index, follow, max-snippet:-1, max-image-preview:large, max-video-preview:-1\" \/>\n<link rel=\"canonical\" href=\"https:\/\/www.quebakan.com\/v15\/chilis-orellana-abre-sus-puertas-al-publico\/\" \/>\n<meta property=\"og:locale\" content=\"es_ES\" \/>\n<meta property=\"og:type\" content=\"article\" \/>\n<meta property=\"og:title\" content=\"Chili\u00b4s Orellana abre sus puertas al p\u00fablico. &#8211; QUEBAKAN.COM 2026: Noticias, Eventos, Conciertos y mucho m\u00e1s....\" \/>\n<meta property=\"og:description\" content=\"Convirti\u00e9ndose en el doceavo restaurante de la cadena americana, a nivel nacional. Con un video de una lluvia de chilitos cayendo en la Avenida Francisco de Orellana en Guayaquil generado con tecnolog\u00eda CGI (Computer-Generated Imagery) o tambi\u00e9n conocido como im\u00e1genes generadas por un ordenador, usualmente en 3D para crear escenas o efectos especiales; Chili\u00b4s, la [&hellip;]\" \/>\n<meta property=\"og:url\" content=\"https:\/\/www.quebakan.com\/v15\/chilis-orellana-abre-sus-puertas-al-publico\/\" \/>\n<meta property=\"og:site_name\" content=\"QUEBAKAN.COM 2026: Noticias, Eventos, Conciertos y mucho m\u00e1s....\" \/>\n<meta property=\"article:publisher\" content=\"http:\/\/www.facebook.com\/quebakan\" \/>\n<meta property=\"article:published_time\" content=\"2024-04-03T19:07:10+00:00\" \/>\n<meta property=\"og:image\" content=\"https:\/\/www.quebakan.com\/v15\/wp-content\/uploads\/2024\/04\/Chilis-5.jpg\" \/>\n\t<meta property=\"og:image:width\" content=\"700\" \/>\n\t<meta property=\"og:image:height\" content=\"467\" \/>\n\t<meta property=\"og:image:type\" content=\"image\/jpeg\" \/>\n<meta name=\"author\" content=\"Erick Villafuerte\" \/>\n<meta name=\"twitter:card\" content=\"summary_large_image\" \/>\n<meta name=\"twitter:creator\" content=\"@quebakanec\" \/>\n<meta name=\"twitter:site\" content=\"@quebakanec\" \/>\n<meta name=\"twitter:label1\" content=\"Escrito por\" \/>\n\t<meta name=\"twitter:data1\" content=\"Erick Villafuerte\" \/>\n\t<meta name=\"twitter:label2\" content=\"Tiempo de lectura\" \/>\n\t<meta name=\"twitter:data2\" content=\"3 minutos\" \/>\n<script type=\"application\/ld+json\" class=\"yoast-schema-graph\">{\"@context\":\"https:\\\/\\\/schema.org\",\"@graph\":[{\"@type\":\"Article\",\"@id\":\"https:\\\/\\\/www.quebakan.com\\\/v15\\\/chilis-orellana-abre-sus-puertas-al-publico\\\/#article\",\"isPartOf\":{\"@id\":\"https:\\\/\\\/www.quebakan.com\\\/v15\\\/chilis-orellana-abre-sus-puertas-al-publico\\\/\"},\"author\":{\"name\":\"Erick Villafuerte\",\"@id\":\"https:\\\/\\\/www.quebakan.com\\\/v15\\\/#\\\/schema\\\/person\\\/d90fa9f9cfa81eb8ace9811e5b7b9118\"},\"headline\":\"Chili\u00b4s Orellana abre sus puertas al p\u00fablico.\",\"datePublished\":\"2024-04-03T19:07:10+00:00\",\"mainEntityOfPage\":{\"@id\":\"https:\\\/\\\/www.quebakan.com\\\/v15\\\/chilis-orellana-abre-sus-puertas-al-publico\\\/\"},\"wordCount\":352,\"commentCount\":0,\"publisher\":{\"@id\":\"https:\\\/\\\/www.quebakan.com\\\/v15\\\/#organization\"},\"image\":{\"@id\":\"https:\\\/\\\/www.quebakan.com\\\/v15\\\/chilis-orellana-abre-sus-puertas-al-publico\\\/#primaryimage\"},\"thumbnailUrl\":\"https:\\\/\\\/www.quebakan.com\\\/v15\\\/wp-content\\\/uploads\\\/2024\\\/04\\\/Chilis-5.jpg\",\"articleSection\":[\"Empresarial\"],\"inLanguage\":\"es\"},{\"@type\":\"WebPage\",\"@id\":\"https:\\\/\\\/www.quebakan.com\\\/v15\\\/chilis-orellana-abre-sus-puertas-al-publico\\\/\",\"url\":\"https:\\\/\\\/www.quebakan.com\\\/v15\\\/chilis-orellana-abre-sus-puertas-al-publico\\\/\",\"name\":\"Chili\u00b4s Orellana abre sus puertas al p\u00fablico. &#8211; QUEBAKAN.COM 2026: Noticias, Eventos, Conciertos y mucho m\u00e1s....\",\"isPartOf\":{\"@id\":\"https:\\\/\\\/www.quebakan.com\\\/v15\\\/#website\"},\"primaryImageOfPage\":{\"@id\":\"https:\\\/\\\/www.quebakan.com\\\/v15\\\/chilis-orellana-abre-sus-puertas-al-publico\\\/#primaryimage\"},\"image\":{\"@id\":\"https:\\\/\\\/www.quebakan.com\\\/v15\\\/chilis-orellana-abre-sus-puertas-al-publico\\\/#primaryimage\"},\"thumbnailUrl\":\"https:\\\/\\\/www.quebakan.com\\\/v15\\\/wp-content\\\/uploads\\\/2024\\\/04\\\/Chilis-5.jpg\",\"datePublished\":\"2024-04-03T19:07:10+00:00\",\"breadcrumb\":{\"@id\":\"https:\\\/\\\/www.quebakan.com\\\/v15\\\/chilis-orellana-abre-sus-puertas-al-publico\\\/#breadcrumb\"},\"inLanguage\":\"es\",\"potentialAction\":[{\"@type\":\"ReadAction\",\"target\":[\"https:\\\/\\\/www.quebakan.com\\\/v15\\\/chilis-orellana-abre-sus-puertas-al-publico\\\/\"]}]},{\"@type\":\"ImageObject\",\"inLanguage\":\"es\",\"@id\":\"https:\\\/\\\/www.quebakan.com\\\/v15\\\/chilis-orellana-abre-sus-puertas-al-publico\\\/#primaryimage\",\"url\":\"https:\\\/\\\/www.quebakan.com\\\/v15\\\/wp-content\\\/uploads\\\/2024\\\/04\\\/Chilis-5.jpg\",\"contentUrl\":\"https:\\\/\\\/www.quebakan.com\\\/v15\\\/wp-content\\\/uploads\\\/2024\\\/04\\\/Chilis-5.jpg\",\"width\":700,\"height\":467},{\"@type\":\"BreadcrumbList\",\"@id\":\"https:\\\/\\\/www.quebakan.com\\\/v15\\\/chilis-orellana-abre-sus-puertas-al-publico\\\/#breadcrumb\",\"itemListElement\":[{\"@type\":\"ListItem\",\"position\":1,\"name\":\"Portada\",\"item\":\"https:\\\/\\\/www.quebakan.com\\\/v15\\\/\"},{\"@type\":\"ListItem\",\"position\":2,\"name\":\"Chili\u00b4s Orellana abre sus puertas al p\u00fablico.\"}]},{\"@type\":\"WebSite\",\"@id\":\"https:\\\/\\\/www.quebakan.com\\\/v15\\\/#website\",\"url\":\"https:\\\/\\\/www.quebakan.com\\\/v15\\\/\",\"name\":\"QUEBAKAN\",\"description\":\"..\",\"publisher\":{\"@id\":\"https:\\\/\\\/www.quebakan.com\\\/v15\\\/#organization\"},\"potentialAction\":[{\"@type\":\"SearchAction\",\"target\":{\"@type\":\"EntryPoint\",\"urlTemplate\":\"https:\\\/\\\/www.quebakan.com\\\/v15\\\/?s={search_term_string}\"},\"query-input\":{\"@type\":\"PropertyValueSpecification\",\"valueRequired\":true,\"valueName\":\"search_term_string\"}}],\"inLanguage\":\"es\"},{\"@type\":\"Organization\",\"@id\":\"https:\\\/\\\/www.quebakan.com\\\/v15\\\/#organization\",\"name\":\"Quebakan.com\",\"url\":\"https:\\\/\\\/www.quebakan.com\\\/v15\\\/\",\"logo\":{\"@type\":\"ImageObject\",\"inLanguage\":\"es\",\"@id\":\"https:\\\/\\\/www.quebakan.com\\\/v15\\\/#\\\/schema\\\/logo\\\/image\\\/\",\"url\":\"https:\\\/\\\/www.quebakan.com\\\/v15\\\/wp-content\\\/uploads\\\/2023\\\/07\\\/logoquebakanenero2021.jpg\",\"contentUrl\":\"https:\\\/\\\/www.quebakan.com\\\/v15\\\/wp-content\\\/uploads\\\/2023\\\/07\\\/logoquebakanenero2021.jpg\",\"width\":1920,\"height\":1080,\"caption\":\"Quebakan.com\"},\"image\":{\"@id\":\"https:\\\/\\\/www.quebakan.com\\\/v15\\\/#\\\/schema\\\/logo\\\/image\\\/\"},\"sameAs\":[\"http:\\\/\\\/www.facebook.com\\\/quebakan\",\"https:\\\/\\\/x.com\\\/quebakanec\",\"http:\\\/\\\/www.instagram.com\\\/quebakan\",\"http:\\\/\\\/www.youtube.com\\\/quebakan1\"]},{\"@type\":\"Person\",\"@id\":\"https:\\\/\\\/www.quebakan.com\\\/v15\\\/#\\\/schema\\\/person\\\/d90fa9f9cfa81eb8ace9811e5b7b9118\",\"name\":\"Erick Villafuerte\",\"image\":{\"@type\":\"ImageObject\",\"inLanguage\":\"es\",\"@id\":\"https:\\\/\\\/www.quebakan.com\\\/v15\\\/wp-content\\\/uploads\\\/avatars\\\/4\\\/1731297654-bpfull.png\",\"url\":\"https:\\\/\\\/www.quebakan.com\\\/v15\\\/wp-content\\\/uploads\\\/avatars\\\/4\\\/1731297654-bpfull.png\",\"contentUrl\":\"https:\\\/\\\/www.quebakan.com\\\/v15\\\/wp-content\\\/uploads\\\/avatars\\\/4\\\/1731297654-bpfull.png\",\"caption\":\"Erick Villafuerte\"}}]}<\/script>\n<!-- \/ Yoast SEO plugin. -->","yoast_head_json":{"title":"Chili\u00b4s Orellana abre sus puertas al p\u00fablico. &#8211; QUEBAKAN.COM 2026: Noticias, Eventos, Conciertos y mucho m\u00e1s....","robots":{"index":"index","follow":"follow","max-snippet":"max-snippet:-1","max-image-preview":"max-image-preview:large","max-video-preview":"max-video-preview:-1"},"canonical":"https:\/\/www.quebakan.com\/v15\/chilis-orellana-abre-sus-puertas-al-publico\/","og_locale":"es_ES","og_type":"article","og_title":"Chili\u00b4s Orellana abre sus puertas al p\u00fablico. &#8211; QUEBAKAN.COM 2026: Noticias, Eventos, Conciertos y mucho m\u00e1s....","og_description":"Convirti\u00e9ndose en el doceavo restaurante de la cadena americana, a nivel nacional. Con un video de una lluvia de chilitos cayendo en la Avenida Francisco de Orellana en Guayaquil generado con tecnolog\u00eda CGI (Computer-Generated Imagery) o tambi\u00e9n conocido como im\u00e1genes generadas por un ordenador, usualmente en 3D para crear escenas o efectos especiales; Chili\u00b4s, la [&hellip;]","og_url":"https:\/\/www.quebakan.com\/v15\/chilis-orellana-abre-sus-puertas-al-publico\/","og_site_name":"QUEBAKAN.COM 2026: Noticias, Eventos, Conciertos y mucho m\u00e1s....","article_publisher":"http:\/\/www.facebook.com\/quebakan","article_published_time":"2024-04-03T19:07:10+00:00","og_image":[{"width":700,"height":467,"url":"https:\/\/www.quebakan.com\/v15\/wp-content\/uploads\/2024\/04\/Chilis-5.jpg","type":"image\/jpeg"}],"author":"Erick Villafuerte","twitter_card":"summary_large_image","twitter_creator":"@quebakanec","twitter_site":"@quebakanec","twitter_misc":{"Escrito por":"Erick Villafuerte","Tiempo de lectura":"3 minutos"},"schema":{"@context":"https:\/\/schema.org","@graph":[{"@type":"Article","@id":"https:\/\/www.quebakan.com\/v15\/chilis-orellana-abre-sus-puertas-al-publico\/#article","isPartOf":{"@id":"https:\/\/www.quebakan.com\/v15\/chilis-orellana-abre-sus-puertas-al-publico\/"},"author":{"name":"Erick Villafuerte","@id":"https:\/\/www.quebakan.com\/v15\/#\/schema\/person\/d90fa9f9cfa81eb8ace9811e5b7b9118"},"headline":"Chili\u00b4s Orellana abre sus puertas al p\u00fablico.","datePublished":"2024-04-03T19:07:10+00:00","mainEntityOfPage":{"@id":"https:\/\/www.quebakan.com\/v15\/chilis-orellana-abre-sus-puertas-al-publico\/"},"wordCount":352,"commentCount":0,"publisher":{"@id":"https:\/\/www.quebakan.com\/v15\/#organization"},"image":{"@id":"https:\/\/www.quebakan.com\/v15\/chilis-orellana-abre-sus-puertas-al-publico\/#primaryimage"},"thumbnailUrl":"https:\/\/www.quebakan.com\/v15\/wp-content\/uploads\/2024\/04\/Chilis-5.jpg","articleSection":["Empresarial"],"inLanguage":"es"},{"@type":"WebPage","@id":"https:\/\/www.quebakan.com\/v15\/chilis-orellana-abre-sus-puertas-al-publico\/","url":"https:\/\/www.quebakan.com\/v15\/chilis-orellana-abre-sus-puertas-al-publico\/","name":"Chili\u00b4s Orellana abre sus puertas al p\u00fablico. &#8211; QUEBAKAN.COM 2026: Noticias, Eventos, Conciertos y mucho m\u00e1s....","isPartOf":{"@id":"https:\/\/www.quebakan.com\/v15\/#website"},"primaryImageOfPage":{"@id":"https:\/\/www.quebakan.com\/v15\/chilis-orellana-abre-sus-puertas-al-publico\/#primaryimage"},"image":{"@id":"https:\/\/www.quebakan.com\/v15\/chilis-orellana-abre-sus-puertas-al-publico\/#primaryimage"},"thumbnailUrl":"https:\/\/www.quebakan.com\/v15\/wp-content\/uploads\/2024\/04\/Chilis-5.jpg","datePublished":"2024-04-03T19:07:10+00:00","breadcrumb":{"@id":"https:\/\/www.quebakan.com\/v15\/chilis-orellana-abre-sus-puertas-al-publico\/#breadcrumb"},"inLanguage":"es","potentialAction":[{"@type":"ReadAction","target":["https:\/\/www.quebakan.com\/v15\/chilis-orellana-abre-sus-puertas-al-publico\/"]}]},{"@type":"ImageObject","inLanguage":"es","@id":"https:\/\/www.quebakan.com\/v15\/chilis-orellana-abre-sus-puertas-al-publico\/#primaryimage","url":"https:\/\/www.quebakan.com\/v15\/wp-content\/uploads\/2024\/04\/Chilis-5.jpg","contentUrl":"https:\/\/www.quebakan.com\/v15\/wp-content\/uploads\/2024\/04\/Chilis-5.jpg","width":700,"height":467},{"@type":"BreadcrumbList","@id":"https:\/\/www.quebakan.com\/v15\/chilis-orellana-abre-sus-puertas-al-publico\/#breadcrumb","itemListElement":[{"@type":"ListItem","position":1,"name":"Portada","item":"https:\/\/www.quebakan.com\/v15\/"},{"@type":"ListItem","position":2,"name":"Chili\u00b4s Orellana abre sus puertas al p\u00fablico."}]},{"@type":"WebSite","@id":"https:\/\/www.quebakan.com\/v15\/#website","url":"https:\/\/www.quebakan.com\/v15\/","name":"QUEBAKAN","description":"..","publisher":{"@id":"https:\/\/www.quebakan.com\/v15\/#organization"},"potentialAction":[{"@type":"SearchAction","target":{"@type":"EntryPoint","urlTemplate":"https:\/\/www.quebakan.com\/v15\/?s={search_term_string}"},"query-input":{"@type":"PropertyValueSpecification","valueRequired":true,"valueName":"search_term_string"}}],"inLanguage":"es"},{"@type":"Organization","@id":"https:\/\/www.quebakan.com\/v15\/#organization","name":"Quebakan.com","url":"https:\/\/www.quebakan.com\/v15\/","logo":{"@type":"ImageObject","inLanguage":"es","@id":"https:\/\/www.quebakan.com\/v15\/#\/schema\/logo\/image\/","url":"https:\/\/www.quebakan.com\/v15\/wp-content\/uploads\/2023\/07\/logoquebakanenero2021.jpg","contentUrl":"https:\/\/www.quebakan.com\/v15\/wp-content\/uploads\/2023\/07\/logoquebakanenero2021.jpg","width":1920,"height":1080,"caption":"Quebakan.com"},"image":{"@id":"https:\/\/www.quebakan.com\/v15\/#\/schema\/logo\/image\/"},"sameAs":["http:\/\/www.facebook.com\/quebakan","https:\/\/x.com\/quebakanec","http:\/\/www.instagram.com\/quebakan","http:\/\/www.youtube.com\/quebakan1"]},{"@type":"Person","@id":"https:\/\/www.quebakan.com\/v15\/#\/schema\/person\/d90fa9f9cfa81eb8ace9811e5b7b9118","name":"Erick Villafuerte","image":{"@type":"ImageObject","inLanguage":"es","@id":"https:\/\/www.quebakan.com\/v15\/wp-content\/uploads\/avatars\/4\/1731297654-bpfull.png","url":"https:\/\/www.quebakan.com\/v15\/wp-content\/uploads\/avatars\/4\/1731297654-bpfull.png","contentUrl":"https:\/\/www.quebakan.com\/v15\/wp-content\/uploads\/avatars\/4\/1731297654-bpfull.png","caption":"Erick Villafuerte"}}]}},"_links":{"self":[{"href":"https:\/\/www.quebakan.com\/v15\/wp-json\/wp\/v2\/posts\/117698","targetHints":{"allow":["GET"]}}],"collection":[{"href":"https:\/\/www.quebakan.com\/v15\/wp-json\/wp\/v2\/posts"}],"about":[{"href":"https:\/\/www.quebakan.com\/v15\/wp-json\/wp\/v2\/types\/post"}],"author":[{"embeddable":true,"href":"https:\/\/www.quebakan.com\/v15\/wp-json\/wp\/v2\/users\/4"}],"replies":[{"embeddable":true,"href":"https:\/\/www.quebakan.com\/v15\/wp-json\/wp\/v2\/comments?post=117698"}],"version-history":[{"count":1,"href":"https:\/\/www.quebakan.com\/v15\/wp-json\/wp\/v2\/posts\/117698\/revisions"}],"predecessor-version":[{"id":117701,"href":"https:\/\/www.quebakan.com\/v15\/wp-json\/wp\/v2\/posts\/117698\/revisions\/117701"}],"wp:featuredmedia":[{"embeddable":true,"href":"https:\/\/www.quebakan.com\/v15\/wp-json\/wp\/v2\/media\/117699"}],"wp:attachment":[{"href":"https:\/\/www.quebakan.com\/v15\/wp-json\/wp\/v2\/media?parent=117698"}],"wp:term":[{"taxonomy":"category","embeddable":true,"href":"https:\/\/www.quebakan.com\/v15\/wp-json\/wp\/v2\/categories?post=117698"},{"taxonomy":"post_tag","embeddable":true,"href":"https:\/\/www.quebakan.com\/v15\/wp-json\/wp\/v2\/tags?post=117698"}],"curies":[{"name":"wp","href":"https:\/\/api.w.org\/{rel}","templated":true}]}}