{"id":118081,"date":"2024-04-18T22:42:02","date_gmt":"2024-04-19T03:42:02","guid":{"rendered":"https:\/\/www.quebakan.com\/v15\/?p=118081"},"modified":"2024-04-18T22:42:02","modified_gmt":"2024-04-19T03:42:02","slug":"plastigama-apoya-al-medioambiente-y-se-une-a-fundacion-la-iguana-para-aportar-en-reforestacion","status":"publish","type":"post","link":"https:\/\/www.quebakan.com\/v15\/plastigama-apoya-al-medioambiente-y-se-une-a-fundacion-la-iguana-para-aportar-en-reforestacion\/","title":{"rendered":"PLASTIGAMA APOYA AL MEDIOAMBIENTE Y SE UNE A FUNDACI\u00d3N \u201cLA IGUANA\u201d PARA APORTAR EN REFORESTACI\u00d3N"},"content":{"rendered":"<p><img fetchpriority=\"high\" decoding=\"async\" class=\"aligncenter size-full wp-image-118082\" src=\"https:\/\/www.quebakan.com\/v15\/wp-content\/uploads\/2024\/04\/240418_Foto_BPFundacionIguana-1.jpg\" alt=\"\" width=\"525\" height=\"700\" \/><\/p>\n<p style=\"text-align: justify;\"><span style=\"color: #000000;\"><strong>Pie de foto:<\/strong> Colaboradores de Plastigama Wavin colaborando en campa\u00f1as pasadas de contribuci\u00f3n al medioambiente.\u00a0<\/span><\/p>\n<p style=\"text-align: justify;\"><span style=\"color: #000000;\">Esta actividad se desarrollar\u00e1 con la participaci\u00f3n de colaboradores de Plastigama Wavin, en la campa\u00f1a \u201cSembrando una Ciudad &#8211; 2024\u201d cap\u00edtulo Guayaquil liderada por Fundaci\u00f3n \u201cLa Iguana\u201d.<\/span><\/p>\n<p style=\"text-align: justify;\"><span style=\"color: #000000;\"><strong>Ecuador, abril 2024<\/strong>. Ligado a su plan continuo de Responsabilidad Social, y con el objetivo de aportar positivamente al cuidado y preservaci\u00f3n del medioambiente, <strong>Plastigama Wavin<\/strong> se une a Fundaci\u00f3n \u201cLa Iguana\u201d, una instituci\u00f3n que por varios a\u00f1os se encuentra preservando la naturaleza en territorios urbanos, para ser parte de la jornada de reforestaci\u00f3n \u201cSEMBRANDO UNA CIUDAD\u201d.\u00a0<\/span><\/p>\n<p><img decoding=\"async\" class=\"aligncenter size-full wp-image-118083\" src=\"https:\/\/www.quebakan.com\/v15\/wp-content\/uploads\/2024\/04\/240418_Foto_BPFundacionIguana-2.jpg\" alt=\"\" width=\"525\" height=\"700\" \/><\/p>\n<p style=\"text-align: justify;\"><span style=\"color: #000000;\">En esta ocasi\u00f3n, Plastigama Wavin estar\u00e1 presente en la siembra e inauguraci\u00f3n de la campa\u00f1a \u201cSEMBRANDO UNA CIUDAD\u201d, que se llevar\u00e1 a cabo el lunes 22 de abril a las 10h30 AM en el redondel Dr. Antonio Parra Velasco en Sauces.\u00a0 En este encuentro se dar\u00e1 inicio a la importante gesti\u00f3n ambiental en la que se espera sumar al impacto total de \u201cSEMBRANDO UNA CIUDAD\u201d: la siembra de 10 mil plantas nativas, ente las que se encuentran ceibos y guayacanes.<\/span><\/p>\n<p style=\"text-align: justify;\"><span style=\"color: #000000;\">La zona seleccionada para reforestaci\u00f3n fue escogida tras un an\u00e1lisis en conjunto con el Municipio de Guayaquil, donde se determin\u00f3 que dicho territorio es propenso a altas temperaturas e inundaciones, mismas que se pueden mitigar con la existencia de m\u00e1s vegetaci\u00f3n y \u00e1rboles en la zona. \u00a0Posterior a la jornada de inauguraci\u00f3n y primera siembra, Plastigama Wavin tiene planificado adem\u00e1s contar con un equipo de voluntarios colaboradores de la empresa para que contin\u00faen la reforestaci\u00f3n de este lugar, quienes con la gu\u00eda t\u00e9cnica de Fundaci\u00f3n Iguana podr\u00e1n cumplir la labor y llegar al objetivo.<\/span><\/p>\n<p style=\"text-align: justify;\"><span style=\"color: #000000;\">Jos\u00e9 Luis Cevallos, Superintendente de Responsabilidad Social, ante esta participaci\u00f3n indica que, <em>\u201cComo Plastigama Wavin, nos sentimos motivados a trabajar en este tipo de iniciativas, pasar de ser observadores a agentes del cambio, esta iniciativa busca el equilibrio con la naturaleza, permite a nuestros colaboradores ser parte de este cambio e involucrarse con su ciudad, con su planeta\u201d.<\/em><\/span><\/p>\n<p style=\"text-align: justify;\"><span style=\"color: #000000;\">Plastigama Wavin realiza voluntariados con prop\u00f3sito, dentro de una iniciativa global denominada \u201cTime4Water\u201d, la cual busca crear concientizaci\u00f3n acerca de los desaf\u00edos que tenemos como sociedad para mantener el equilibrio en los ecosistemas, de esta forma, ratifica su compromiso con el ambiente, logrando ser parte de actividades verdes que refuerzan su reputaci\u00f3n, involucran a sus colaboradores y aportan al cuidado del planeta.<\/span><\/p>\n<p><img decoding=\"async\" class=\"aligncenter size-full wp-image-118084\" src=\"https:\/\/www.quebakan.com\/v15\/wp-content\/uploads\/2024\/04\/plastigama-wavin.jpg\" alt=\"\" width=\"700\" height=\"525\" \/><\/p>\n","protected":false},"excerpt":{"rendered":"<p>Pie de foto: Colaboradores de Plastigama Wavin colaborando en campa\u00f1as pasadas de contribuci\u00f3n al medioambiente.\u00a0 Esta actividad se desarrollar\u00e1 con la participaci\u00f3n de colaboradores de Plastigama Wavin, en la campa\u00f1a \u201cSembrando una Ciudad &#8211; 2024\u201d cap\u00edtulo Guayaquil liderada por Fundaci\u00f3n \u201cLa Iguana\u201d. Ecuador, abril 2024. Ligado a su plan continuo de Responsabilidad Social, y con [&hellip;]<\/p>\n","protected":false},"author":4,"featured_media":118083,"comment_status":"open","ping_status":"open","sticky":false,"template":"","format":"standard","meta":{"_bbp_topic_count":0,"_bbp_reply_count":0,"_bbp_total_topic_count":0,"_bbp_total_reply_count":0,"_bbp_voice_count":0,"_bbp_anonymous_reply_count":0,"_bbp_topic_count_hidden":0,"_bbp_reply_count_hidden":0,"_bbp_forum_subforum_count":0,"buzzeditor_post_format":"","footnotes":""},"categories":[2],"tags":[],"class_list":["post-118081","post","type-post","status-publish","format-standard","has-post-thumbnail","hentry","category-noticias"],"yoast_head":"<!-- This site is optimized with the Yoast SEO plugin v27.5 - https:\/\/yoast.com\/product\/yoast-seo-wordpress\/ -->\n<title>PLASTIGAMA APOYA AL MEDIOAMBIENTE Y SE UNE A FUNDACI\u00d3N \u201cLA IGUANA\u201d PARA APORTAR EN REFORESTACI\u00d3N &#8211; QUEBAKAN.COM 2026: Noticias, Eventos, Conciertos y mucho m\u00e1s....<\/title>\n<meta name=\"robots\" content=\"index, follow, max-snippet:-1, max-image-preview:large, max-video-preview:-1\" \/>\n<link rel=\"canonical\" href=\"https:\/\/www.quebakan.com\/v15\/plastigama-apoya-al-medioambiente-y-se-une-a-fundacion-la-iguana-para-aportar-en-reforestacion\/\" \/>\n<meta property=\"og:locale\" content=\"es_ES\" \/>\n<meta property=\"og:type\" content=\"article\" \/>\n<meta property=\"og:title\" content=\"PLASTIGAMA APOYA AL MEDIOAMBIENTE Y SE UNE A FUNDACI\u00d3N \u201cLA IGUANA\u201d PARA APORTAR EN REFORESTACI\u00d3N &#8211; QUEBAKAN.COM 2026: Noticias, Eventos, Conciertos y mucho m\u00e1s....\" \/>\n<meta property=\"og:description\" content=\"Pie de foto: Colaboradores de Plastigama Wavin colaborando en campa\u00f1as pasadas de contribuci\u00f3n al medioambiente.\u00a0 Esta actividad se desarrollar\u00e1 con la participaci\u00f3n de colaboradores de Plastigama Wavin, en la campa\u00f1a \u201cSembrando una Ciudad &#8211; 2024\u201d cap\u00edtulo Guayaquil liderada por Fundaci\u00f3n \u201cLa Iguana\u201d. Ecuador, abril 2024. Ligado a su plan continuo de Responsabilidad Social, y con [&hellip;]\" \/>\n<meta property=\"og:url\" content=\"https:\/\/www.quebakan.com\/v15\/plastigama-apoya-al-medioambiente-y-se-une-a-fundacion-la-iguana-para-aportar-en-reforestacion\/\" \/>\n<meta property=\"og:site_name\" content=\"QUEBAKAN.COM 2026: Noticias, Eventos, Conciertos y mucho m\u00e1s....\" \/>\n<meta property=\"article:publisher\" content=\"http:\/\/www.facebook.com\/quebakan\" \/>\n<meta property=\"article:published_time\" content=\"2024-04-19T03:42:02+00:00\" \/>\n<meta property=\"og:image\" content=\"https:\/\/www.quebakan.com\/v15\/wp-content\/uploads\/2024\/04\/240418_Foto_BPFundacionIguana-2.jpg\" \/>\n\t<meta property=\"og:image:width\" content=\"525\" \/>\n\t<meta property=\"og:image:height\" content=\"700\" \/>\n\t<meta property=\"og:image:type\" content=\"image\/jpeg\" \/>\n<meta name=\"author\" content=\"Erick Villafuerte\" \/>\n<meta name=\"twitter:card\" content=\"summary_large_image\" \/>\n<meta name=\"twitter:creator\" content=\"@quebakanec\" \/>\n<meta name=\"twitter:site\" content=\"@quebakanec\" \/>\n<meta name=\"twitter:label1\" content=\"Escrito por\" \/>\n\t<meta name=\"twitter:data1\" content=\"Erick Villafuerte\" \/>\n\t<meta name=\"twitter:label2\" content=\"Tiempo de lectura\" \/>\n\t<meta name=\"twitter:data2\" content=\"3 minutos\" \/>\n<script type=\"application\/ld+json\" class=\"yoast-schema-graph\">{\"@context\":\"https:\\\/\\\/schema.org\",\"@graph\":[{\"@type\":\"Article\",\"@id\":\"https:\\\/\\\/www.quebakan.com\\\/v15\\\/plastigama-apoya-al-medioambiente-y-se-une-a-fundacion-la-iguana-para-aportar-en-reforestacion\\\/#article\",\"isPartOf\":{\"@id\":\"https:\\\/\\\/www.quebakan.com\\\/v15\\\/plastigama-apoya-al-medioambiente-y-se-une-a-fundacion-la-iguana-para-aportar-en-reforestacion\\\/\"},\"author\":{\"name\":\"Erick Villafuerte\",\"@id\":\"https:\\\/\\\/www.quebakan.com\\\/v15\\\/#\\\/schema\\\/person\\\/d90fa9f9cfa81eb8ace9811e5b7b9118\"},\"headline\":\"PLASTIGAMA APOYA AL MEDIOAMBIENTE Y SE UNE A FUNDACI\u00d3N \u201cLA IGUANA\u201d PARA APORTAR EN REFORESTACI\u00d3N\",\"datePublished\":\"2024-04-19T03:42:02+00:00\",\"mainEntityOfPage\":{\"@id\":\"https:\\\/\\\/www.quebakan.com\\\/v15\\\/plastigama-apoya-al-medioambiente-y-se-une-a-fundacion-la-iguana-para-aportar-en-reforestacion\\\/\"},\"wordCount\":439,\"commentCount\":0,\"publisher\":{\"@id\":\"https:\\\/\\\/www.quebakan.com\\\/v15\\\/#organization\"},\"image\":{\"@id\":\"https:\\\/\\\/www.quebakan.com\\\/v15\\\/plastigama-apoya-al-medioambiente-y-se-une-a-fundacion-la-iguana-para-aportar-en-reforestacion\\\/#primaryimage\"},\"thumbnailUrl\":\"https:\\\/\\\/www.quebakan.com\\\/v15\\\/wp-content\\\/uploads\\\/2024\\\/04\\\/240418_Foto_BPFundacionIguana-2.jpg\",\"articleSection\":[\"Noticias\"],\"inLanguage\":\"es\"},{\"@type\":\"WebPage\",\"@id\":\"https:\\\/\\\/www.quebakan.com\\\/v15\\\/plastigama-apoya-al-medioambiente-y-se-une-a-fundacion-la-iguana-para-aportar-en-reforestacion\\\/\",\"url\":\"https:\\\/\\\/www.quebakan.com\\\/v15\\\/plastigama-apoya-al-medioambiente-y-se-une-a-fundacion-la-iguana-para-aportar-en-reforestacion\\\/\",\"name\":\"PLASTIGAMA APOYA AL MEDIOAMBIENTE Y SE UNE A FUNDACI\u00d3N \u201cLA IGUANA\u201d PARA APORTAR EN REFORESTACI\u00d3N &#8211; QUEBAKAN.COM 2026: Noticias, Eventos, Conciertos y mucho m\u00e1s....\",\"isPartOf\":{\"@id\":\"https:\\\/\\\/www.quebakan.com\\\/v15\\\/#website\"},\"primaryImageOfPage\":{\"@id\":\"https:\\\/\\\/www.quebakan.com\\\/v15\\\/plastigama-apoya-al-medioambiente-y-se-une-a-fundacion-la-iguana-para-aportar-en-reforestacion\\\/#primaryimage\"},\"image\":{\"@id\":\"https:\\\/\\\/www.quebakan.com\\\/v15\\\/plastigama-apoya-al-medioambiente-y-se-une-a-fundacion-la-iguana-para-aportar-en-reforestacion\\\/#primaryimage\"},\"thumbnailUrl\":\"https:\\\/\\\/www.quebakan.com\\\/v15\\\/wp-content\\\/uploads\\\/2024\\\/04\\\/240418_Foto_BPFundacionIguana-2.jpg\",\"datePublished\":\"2024-04-19T03:42:02+00:00\",\"breadcrumb\":{\"@id\":\"https:\\\/\\\/www.quebakan.com\\\/v15\\\/plastigama-apoya-al-medioambiente-y-se-une-a-fundacion-la-iguana-para-aportar-en-reforestacion\\\/#breadcrumb\"},\"inLanguage\":\"es\",\"potentialAction\":[{\"@type\":\"ReadAction\",\"target\":[\"https:\\\/\\\/www.quebakan.com\\\/v15\\\/plastigama-apoya-al-medioambiente-y-se-une-a-fundacion-la-iguana-para-aportar-en-reforestacion\\\/\"]}]},{\"@type\":\"ImageObject\",\"inLanguage\":\"es\",\"@id\":\"https:\\\/\\\/www.quebakan.com\\\/v15\\\/plastigama-apoya-al-medioambiente-y-se-une-a-fundacion-la-iguana-para-aportar-en-reforestacion\\\/#primaryimage\",\"url\":\"https:\\\/\\\/www.quebakan.com\\\/v15\\\/wp-content\\\/uploads\\\/2024\\\/04\\\/240418_Foto_BPFundacionIguana-2.jpg\",\"contentUrl\":\"https:\\\/\\\/www.quebakan.com\\\/v15\\\/wp-content\\\/uploads\\\/2024\\\/04\\\/240418_Foto_BPFundacionIguana-2.jpg\",\"width\":525,\"height\":700},{\"@type\":\"BreadcrumbList\",\"@id\":\"https:\\\/\\\/www.quebakan.com\\\/v15\\\/plastigama-apoya-al-medioambiente-y-se-une-a-fundacion-la-iguana-para-aportar-en-reforestacion\\\/#breadcrumb\",\"itemListElement\":[{\"@type\":\"ListItem\",\"position\":1,\"name\":\"Portada\",\"item\":\"https:\\\/\\\/www.quebakan.com\\\/v15\\\/\"},{\"@type\":\"ListItem\",\"position\":2,\"name\":\"PLASTIGAMA APOYA AL MEDIOAMBIENTE Y SE UNE A FUNDACI\u00d3N \u201cLA IGUANA\u201d PARA APORTAR EN REFORESTACI\u00d3N\"}]},{\"@type\":\"WebSite\",\"@id\":\"https:\\\/\\\/www.quebakan.com\\\/v15\\\/#website\",\"url\":\"https:\\\/\\\/www.quebakan.com\\\/v15\\\/\",\"name\":\"QUEBAKAN\",\"description\":\"..\",\"publisher\":{\"@id\":\"https:\\\/\\\/www.quebakan.com\\\/v15\\\/#organization\"},\"potentialAction\":[{\"@type\":\"SearchAction\",\"target\":{\"@type\":\"EntryPoint\",\"urlTemplate\":\"https:\\\/\\\/www.quebakan.com\\\/v15\\\/?s={search_term_string}\"},\"query-input\":{\"@type\":\"PropertyValueSpecification\",\"valueRequired\":true,\"valueName\":\"search_term_string\"}}],\"inLanguage\":\"es\"},{\"@type\":\"Organization\",\"@id\":\"https:\\\/\\\/www.quebakan.com\\\/v15\\\/#organization\",\"name\":\"Quebakan.com\",\"url\":\"https:\\\/\\\/www.quebakan.com\\\/v15\\\/\",\"logo\":{\"@type\":\"ImageObject\",\"inLanguage\":\"es\",\"@id\":\"https:\\\/\\\/www.quebakan.com\\\/v15\\\/#\\\/schema\\\/logo\\\/image\\\/\",\"url\":\"https:\\\/\\\/www.quebakan.com\\\/v15\\\/wp-content\\\/uploads\\\/2023\\\/07\\\/logoquebakanenero2021.jpg\",\"contentUrl\":\"https:\\\/\\\/www.quebakan.com\\\/v15\\\/wp-content\\\/uploads\\\/2023\\\/07\\\/logoquebakanenero2021.jpg\",\"width\":1920,\"height\":1080,\"caption\":\"Quebakan.com\"},\"image\":{\"@id\":\"https:\\\/\\\/www.quebakan.com\\\/v15\\\/#\\\/schema\\\/logo\\\/image\\\/\"},\"sameAs\":[\"http:\\\/\\\/www.facebook.com\\\/quebakan\",\"https:\\\/\\\/x.com\\\/quebakanec\",\"http:\\\/\\\/www.instagram.com\\\/quebakan\",\"http:\\\/\\\/www.youtube.com\\\/quebakan1\"]},{\"@type\":\"Person\",\"@id\":\"https:\\\/\\\/www.quebakan.com\\\/v15\\\/#\\\/schema\\\/person\\\/d90fa9f9cfa81eb8ace9811e5b7b9118\",\"name\":\"Erick Villafuerte\",\"image\":{\"@type\":\"ImageObject\",\"inLanguage\":\"es\",\"@id\":\"https:\\\/\\\/www.quebakan.com\\\/v15\\\/wp-content\\\/uploads\\\/avatars\\\/4\\\/1731297654-bpfull.png\",\"url\":\"https:\\\/\\\/www.quebakan.com\\\/v15\\\/wp-content\\\/uploads\\\/avatars\\\/4\\\/1731297654-bpfull.png\",\"contentUrl\":\"https:\\\/\\\/www.quebakan.com\\\/v15\\\/wp-content\\\/uploads\\\/avatars\\\/4\\\/1731297654-bpfull.png\",\"caption\":\"Erick Villafuerte\"}}]}<\/script>\n<!-- \/ Yoast SEO plugin. -->","yoast_head_json":{"title":"PLASTIGAMA APOYA AL MEDIOAMBIENTE Y SE UNE A FUNDACI\u00d3N \u201cLA IGUANA\u201d PARA APORTAR EN REFORESTACI\u00d3N &#8211; QUEBAKAN.COM 2026: Noticias, Eventos, Conciertos y mucho m\u00e1s....","robots":{"index":"index","follow":"follow","max-snippet":"max-snippet:-1","max-image-preview":"max-image-preview:large","max-video-preview":"max-video-preview:-1"},"canonical":"https:\/\/www.quebakan.com\/v15\/plastigama-apoya-al-medioambiente-y-se-une-a-fundacion-la-iguana-para-aportar-en-reforestacion\/","og_locale":"es_ES","og_type":"article","og_title":"PLASTIGAMA APOYA AL MEDIOAMBIENTE Y SE UNE A FUNDACI\u00d3N \u201cLA IGUANA\u201d PARA APORTAR EN REFORESTACI\u00d3N &#8211; QUEBAKAN.COM 2026: Noticias, Eventos, Conciertos y mucho m\u00e1s....","og_description":"Pie de foto: Colaboradores de Plastigama Wavin colaborando en campa\u00f1as pasadas de contribuci\u00f3n al medioambiente.\u00a0 Esta actividad se desarrollar\u00e1 con la participaci\u00f3n de colaboradores de Plastigama Wavin, en la campa\u00f1a \u201cSembrando una Ciudad &#8211; 2024\u201d cap\u00edtulo Guayaquil liderada por Fundaci\u00f3n \u201cLa Iguana\u201d. Ecuador, abril 2024. Ligado a su plan continuo de Responsabilidad Social, y con [&hellip;]","og_url":"https:\/\/www.quebakan.com\/v15\/plastigama-apoya-al-medioambiente-y-se-une-a-fundacion-la-iguana-para-aportar-en-reforestacion\/","og_site_name":"QUEBAKAN.COM 2026: Noticias, Eventos, Conciertos y mucho m\u00e1s....","article_publisher":"http:\/\/www.facebook.com\/quebakan","article_published_time":"2024-04-19T03:42:02+00:00","og_image":[{"width":525,"height":700,"url":"https:\/\/www.quebakan.com\/v15\/wp-content\/uploads\/2024\/04\/240418_Foto_BPFundacionIguana-2.jpg","type":"image\/jpeg"}],"author":"Erick Villafuerte","twitter_card":"summary_large_image","twitter_creator":"@quebakanec","twitter_site":"@quebakanec","twitter_misc":{"Escrito por":"Erick Villafuerte","Tiempo de lectura":"3 minutos"},"schema":{"@context":"https:\/\/schema.org","@graph":[{"@type":"Article","@id":"https:\/\/www.quebakan.com\/v15\/plastigama-apoya-al-medioambiente-y-se-une-a-fundacion-la-iguana-para-aportar-en-reforestacion\/#article","isPartOf":{"@id":"https:\/\/www.quebakan.com\/v15\/plastigama-apoya-al-medioambiente-y-se-une-a-fundacion-la-iguana-para-aportar-en-reforestacion\/"},"author":{"name":"Erick Villafuerte","@id":"https:\/\/www.quebakan.com\/v15\/#\/schema\/person\/d90fa9f9cfa81eb8ace9811e5b7b9118"},"headline":"PLASTIGAMA APOYA AL MEDIOAMBIENTE Y SE UNE A FUNDACI\u00d3N \u201cLA IGUANA\u201d PARA APORTAR EN REFORESTACI\u00d3N","datePublished":"2024-04-19T03:42:02+00:00","mainEntityOfPage":{"@id":"https:\/\/www.quebakan.com\/v15\/plastigama-apoya-al-medioambiente-y-se-une-a-fundacion-la-iguana-para-aportar-en-reforestacion\/"},"wordCount":439,"commentCount":0,"publisher":{"@id":"https:\/\/www.quebakan.com\/v15\/#organization"},"image":{"@id":"https:\/\/www.quebakan.com\/v15\/plastigama-apoya-al-medioambiente-y-se-une-a-fundacion-la-iguana-para-aportar-en-reforestacion\/#primaryimage"},"thumbnailUrl":"https:\/\/www.quebakan.com\/v15\/wp-content\/uploads\/2024\/04\/240418_Foto_BPFundacionIguana-2.jpg","articleSection":["Noticias"],"inLanguage":"es"},{"@type":"WebPage","@id":"https:\/\/www.quebakan.com\/v15\/plastigama-apoya-al-medioambiente-y-se-une-a-fundacion-la-iguana-para-aportar-en-reforestacion\/","url":"https:\/\/www.quebakan.com\/v15\/plastigama-apoya-al-medioambiente-y-se-une-a-fundacion-la-iguana-para-aportar-en-reforestacion\/","name":"PLASTIGAMA APOYA AL MEDIOAMBIENTE Y SE UNE A FUNDACI\u00d3N \u201cLA IGUANA\u201d PARA APORTAR EN REFORESTACI\u00d3N &#8211; QUEBAKAN.COM 2026: Noticias, Eventos, Conciertos y mucho m\u00e1s....","isPartOf":{"@id":"https:\/\/www.quebakan.com\/v15\/#website"},"primaryImageOfPage":{"@id":"https:\/\/www.quebakan.com\/v15\/plastigama-apoya-al-medioambiente-y-se-une-a-fundacion-la-iguana-para-aportar-en-reforestacion\/#primaryimage"},"image":{"@id":"https:\/\/www.quebakan.com\/v15\/plastigama-apoya-al-medioambiente-y-se-une-a-fundacion-la-iguana-para-aportar-en-reforestacion\/#primaryimage"},"thumbnailUrl":"https:\/\/www.quebakan.com\/v15\/wp-content\/uploads\/2024\/04\/240418_Foto_BPFundacionIguana-2.jpg","datePublished":"2024-04-19T03:42:02+00:00","breadcrumb":{"@id":"https:\/\/www.quebakan.com\/v15\/plastigama-apoya-al-medioambiente-y-se-une-a-fundacion-la-iguana-para-aportar-en-reforestacion\/#breadcrumb"},"inLanguage":"es","potentialAction":[{"@type":"ReadAction","target":["https:\/\/www.quebakan.com\/v15\/plastigama-apoya-al-medioambiente-y-se-une-a-fundacion-la-iguana-para-aportar-en-reforestacion\/"]}]},{"@type":"ImageObject","inLanguage":"es","@id":"https:\/\/www.quebakan.com\/v15\/plastigama-apoya-al-medioambiente-y-se-une-a-fundacion-la-iguana-para-aportar-en-reforestacion\/#primaryimage","url":"https:\/\/www.quebakan.com\/v15\/wp-content\/uploads\/2024\/04\/240418_Foto_BPFundacionIguana-2.jpg","contentUrl":"https:\/\/www.quebakan.com\/v15\/wp-content\/uploads\/2024\/04\/240418_Foto_BPFundacionIguana-2.jpg","width":525,"height":700},{"@type":"BreadcrumbList","@id":"https:\/\/www.quebakan.com\/v15\/plastigama-apoya-al-medioambiente-y-se-une-a-fundacion-la-iguana-para-aportar-en-reforestacion\/#breadcrumb","itemListElement":[{"@type":"ListItem","position":1,"name":"Portada","item":"https:\/\/www.quebakan.com\/v15\/"},{"@type":"ListItem","position":2,"name":"PLASTIGAMA APOYA AL MEDIOAMBIENTE Y SE UNE A FUNDACI\u00d3N \u201cLA IGUANA\u201d PARA APORTAR EN REFORESTACI\u00d3N"}]},{"@type":"WebSite","@id":"https:\/\/www.quebakan.com\/v15\/#website","url":"https:\/\/www.quebakan.com\/v15\/","name":"QUEBAKAN","description":"..","publisher":{"@id":"https:\/\/www.quebakan.com\/v15\/#organization"},"potentialAction":[{"@type":"SearchAction","target":{"@type":"EntryPoint","urlTemplate":"https:\/\/www.quebakan.com\/v15\/?s={search_term_string}"},"query-input":{"@type":"PropertyValueSpecification","valueRequired":true,"valueName":"search_term_string"}}],"inLanguage":"es"},{"@type":"Organization","@id":"https:\/\/www.quebakan.com\/v15\/#organization","name":"Quebakan.com","url":"https:\/\/www.quebakan.com\/v15\/","logo":{"@type":"ImageObject","inLanguage":"es","@id":"https:\/\/www.quebakan.com\/v15\/#\/schema\/logo\/image\/","url":"https:\/\/www.quebakan.com\/v15\/wp-content\/uploads\/2023\/07\/logoquebakanenero2021.jpg","contentUrl":"https:\/\/www.quebakan.com\/v15\/wp-content\/uploads\/2023\/07\/logoquebakanenero2021.jpg","width":1920,"height":1080,"caption":"Quebakan.com"},"image":{"@id":"https:\/\/www.quebakan.com\/v15\/#\/schema\/logo\/image\/"},"sameAs":["http:\/\/www.facebook.com\/quebakan","https:\/\/x.com\/quebakanec","http:\/\/www.instagram.com\/quebakan","http:\/\/www.youtube.com\/quebakan1"]},{"@type":"Person","@id":"https:\/\/www.quebakan.com\/v15\/#\/schema\/person\/d90fa9f9cfa81eb8ace9811e5b7b9118","name":"Erick Villafuerte","image":{"@type":"ImageObject","inLanguage":"es","@id":"https:\/\/www.quebakan.com\/v15\/wp-content\/uploads\/avatars\/4\/1731297654-bpfull.png","url":"https:\/\/www.quebakan.com\/v15\/wp-content\/uploads\/avatars\/4\/1731297654-bpfull.png","contentUrl":"https:\/\/www.quebakan.com\/v15\/wp-content\/uploads\/avatars\/4\/1731297654-bpfull.png","caption":"Erick Villafuerte"}}]}},"_links":{"self":[{"href":"https:\/\/www.quebakan.com\/v15\/wp-json\/wp\/v2\/posts\/118081","targetHints":{"allow":["GET"]}}],"collection":[{"href":"https:\/\/www.quebakan.com\/v15\/wp-json\/wp\/v2\/posts"}],"about":[{"href":"https:\/\/www.quebakan.com\/v15\/wp-json\/wp\/v2\/types\/post"}],"author":[{"embeddable":true,"href":"https:\/\/www.quebakan.com\/v15\/wp-json\/wp\/v2\/users\/4"}],"replies":[{"embeddable":true,"href":"https:\/\/www.quebakan.com\/v15\/wp-json\/wp\/v2\/comments?post=118081"}],"version-history":[{"count":1,"href":"https:\/\/www.quebakan.com\/v15\/wp-json\/wp\/v2\/posts\/118081\/revisions"}],"predecessor-version":[{"id":118085,"href":"https:\/\/www.quebakan.com\/v15\/wp-json\/wp\/v2\/posts\/118081\/revisions\/118085"}],"wp:featuredmedia":[{"embeddable":true,"href":"https:\/\/www.quebakan.com\/v15\/wp-json\/wp\/v2\/media\/118083"}],"wp:attachment":[{"href":"https:\/\/www.quebakan.com\/v15\/wp-json\/wp\/v2\/media?parent=118081"}],"wp:term":[{"taxonomy":"category","embeddable":true,"href":"https:\/\/www.quebakan.com\/v15\/wp-json\/wp\/v2\/categories?post=118081"},{"taxonomy":"post_tag","embeddable":true,"href":"https:\/\/www.quebakan.com\/v15\/wp-json\/wp\/v2\/tags?post=118081"}],"curies":[{"name":"wp","href":"https:\/\/api.w.org\/{rel}","templated":true}]}}