{"id":118708,"date":"2024-05-07T21:29:06","date_gmt":"2024-05-08T02:29:06","guid":{"rendered":"https:\/\/www.quebakan.com\/v15\/?p=118708"},"modified":"2024-05-07T21:29:06","modified_gmt":"2024-05-08T02:29:06","slug":"celebra-el-dia-de-la-madre-con-una-experiencia-gastronomica-inolvidable","status":"publish","type":"post","link":"https:\/\/www.quebakan.com\/v15\/celebra-el-dia-de-la-madre-con-una-experiencia-gastronomica-inolvidable\/","title":{"rendered":"CELEBRA EL D\u00cdA DE LA MADRE CON UNA EXPERIENCIA GASTRON\u00d3MICA INOLVIDABLE"},"content":{"rendered":"<p><img fetchpriority=\"high\" decoding=\"async\" class=\"aligncenter size-full wp-image-118709\" src=\"https:\/\/www.quebakan.com\/v15\/wp-content\/uploads\/2024\/05\/Foto-1-3.jpg\" alt=\"\" width=\"560\" height=\"700\" \/><\/p>\n<p style=\"text-align: justify;\"><span style=\"color: #000000;\"><strong>Ecuador, 07 de mayo de 2024.-<\/strong> El D\u00eda de la Madre es una festividad que trasciende fronteras y culturas. Esta fecha es el momento ideal para expresar cari\u00f1o y reconocimiento hacia aquellas mujeres que han desempe\u00f1ado un papel fundamental en la vida de cada ser humano.<\/span><\/p>\n<p style=\"text-align: justify;\"><span style=\"color: #000000;\">En esta ocasi\u00f3n especial, las familias se re\u00fanen para celebrar y homenajear a las madres, abuelas, t\u00edas y figuras maternas en general, reconociendo su labor y brind\u00e1ndoles muestras de afecto y gratitud. En Ecuador, tradicionalmente las familias se re\u00fanen para compartir una cena o almuerzo juntos y las ofertas gastron\u00f3micas est\u00e1n a la orden del d\u00eda para poder celebrar a nuestros seres queridos.<\/span><\/p>\n<p style=\"text-align: justify;\"><span style=\"color: #000000;\">\u201cEn Sociedad Gourmet estamos conscientes del significado de esta fecha y nos esforzamos por ofrecer experiencias \u00fanicas para el paladar. Para nosotros es importante contar con un ambiente acogedor en el que las familias disfruten de un momento emotivo. Cuidamos cada detalle, desde la preparaci\u00f3n hasta el emplatado para crear recuerdos en la memoria de todos nuestros clientes\u201d, mencion\u00f3 Oriana Camacho, Coordinadora de Marketing y Comunicaciones de Sociedad Gourmet.<\/span><\/p>\n<p style=\"text-align: justify;\"><span style=\"color: #000000;\">Este a\u00f1o, en Quito, Guayaquil y Cuenca, los restaurantes de la marca presentan algunas propuestas inspiradas en diferentes partes del mundo para llevar a mam\u00e1 por un viaje gastron\u00f3mico en Ecuador.<\/span><\/p>\n<p style=\"text-align: justify;\"><span style=\"color: #000000;\">Negroni, el restaurante de comida estilo Nikkei, ofrece un men\u00fa de 4 tiempos que incluye bienvenida, entrada, plato fuerte y postre. En esta ocasi\u00f3n la propuesta fusi\u00f3n de comida japonesa y peruana, presenta diversas opciones en las ciudades principales que van desde Otoshis, steaks trufados, salm\u00f3n hasta sopa de Vichyssois, filet mignon. Adem\u00e1s, podr\u00e1n disfrutar de una variedad de postres que destacan por su originalidad.\u00a0<\/span><\/p>\n<p style=\"text-align: justify;\"><span style=\"color: #000000;\">Si lo que busca mam\u00e1 es trasladarse a M\u00e9xico, Cantina La \u00danica pone a disposici\u00f3n de sus clientes dos men\u00fas diferenciados para Quito y Cuenca. En la ciudad capital el men\u00fa de 3 tiempos incluye incluye sopas de suadero o esquites como entrada; para el plato fuerte la selecci\u00f3n de mole poblano de pollo o langostinos a lo macho y como postre arroz con leche o churros.<\/span><\/p>\n<p style=\"text-align: justify;\"><span style=\"color: #000000;\">En Cuenca, La \u00danica presenta un buffet que tiene entradas de; totopos, esquites, cowboy salad, sopa de tortilla o mini ceviches de camar\u00f3n. Con un toque diferencial en su estaci\u00f3n de tacos podr\u00e1n degustar de trompos al pastor, carnitas michoacanas, medallones de pollo y tostadas mexicanas, acompa\u00f1adas por sus salsas y guarniciones. Para completar esta experiencia, los postres tradicionales marcan la diferencia; arroz con leche, cheescacke de guayaba, churros con chocolate o torta de zanahoria.<\/span><\/p>\n<p style=\"text-align: justify;\"><span style=\"color: #000000;\">Para quienes buscan lugares encantadores con un toque tradicional, Sociedad Gourmet cuenta en la ciudad de Cuenca con diferentes spots que te har\u00e1n llevar\u00e1n a un recorrido m\u00e1gico en este d\u00eda tan especial.<\/span><\/p>\n<p style=\"text-align: justify;\"><span style=\"color: #000000;\">La Creme, presenta un men\u00fa de 3 tiempos, como entrada; crema de tomate, coctel de camar\u00f3n y aguacate o ensalada C\u00e9sar. Como plato principal; salm\u00f3n meuniere, lomo a la pimienta y pollo con champi\u00f1ones, cada uno acompa\u00f1ado de dos guarniciones. Para el poste; cake de naranja, tartaleta de lim\u00f3n o capa de helado.<\/span><\/p>\n<p style=\"text-align: justify;\"><span style=\"color: #000000;\">Caf\u00e9 del museo por su parte, tiene dos opciones de men\u00fa cada uno de 3 tiempos. Entre los platos podr\u00e1n encontrar camarones crocantes, Filet mignon con salsa de oporto o corvina menier, acompa\u00f1ado de salsa de quinua y papas al horno. Cada uno de sus men\u00fas incluye guarniciones. Finalmente, para el postre se podr\u00e1 escoger entre: butterscotch sundae y chessecake de chirimolla.<\/span><\/p>\n<p style=\"text-align: justify;\"><span style=\"color: #000000;\">La Placita, con un men\u00fa que consta de entrada, plato fuerte y postre, invita a todos sus clientes a conectar con los sabores tradicionales. La propuesta de este restaurante va desde entradas hasta postre con las siguientes opciones; locro de papas o ceviche de camar\u00f3n; lomo a la diabla o salm\u00f3n a la holandesa, cada uno acompa\u00f1ado de dos guarniciones y para el postre triple torta mojada de chocolate o keyline de pie.<\/span><\/p>\n<p style=\"text-align: justify;\"><span style=\"color: #000000;\">Sin duda alguna, Cuenca destaca por su arquitectura. Por este motivo, Mansi\u00f3n Alc\u00e1zar y Hotel Boutique Santa Luc\u00eda, son los lugares ideales para crear memorias y tener un bello recuerdo de la ciudad. Cada uno de sus espacios ha preparado un men\u00fa con entradas, platos fuertes y postres.<\/span><\/p>\n<p style=\"text-align: justify;\"><span style=\"color: #000000;\">Mansi\u00f3n Alcaz\u00e1r presenta una variedad de comida inspirada en el mar, pone a su disposici\u00f3n como entrada; ensalada mediterr\u00e1nea de camar\u00f3n, tartar de at\u00fan o mini causa lime\u00f1a de pulpo. Para el plato fuerte; meloso frutti di mare con salsa huanca\u00edna, lomo fino de res en salsa de oporto o corvina en salsa de camarones y de postre panacota de frutos rojos, mousse de maracuy\u00e1 o pralin\u00e9 de frutos secos.<\/span><\/p>\n<p style=\"text-align: justify;\"><span style=\"color: #000000;\">Para cerrar esta experiencia culinaria, Hotel Boutique Santa Luc\u00eda a trav\u00e9s de su servicio de buffet cuenta con una selecci\u00f3n de platos que var\u00edan entre; crema de pimientos asados, ceviche de camar\u00f3n, antipastos fr\u00edos con champi\u00f1ones, charcuter\u00eda, quesos o panes. Adem\u00e1s, contar\u00e1 con una estaci\u00f3n de ensaladas y aderezos para acompa\u00f1ar.<\/span><\/p>\n<p style=\"text-align: justify;\"><span style=\"color: #000000;\">Compartir un d\u00eda lleno de amor y complicidad con mam\u00e1 en esta fecha crear\u00e1 recuerdos invaluables. Disfruta en compa\u00f1\u00eda de tus seres queridos la mejor comida de autor y tradicional disponible en Quito Guayaquil y Cuenca este domingo 12 de mayo.<\/span><\/p>\n<p><img decoding=\"async\" class=\"aligncenter size-full wp-image-118710\" src=\"https:\/\/www.quebakan.com\/v15\/wp-content\/uploads\/2024\/05\/Foto-4.jpg\" alt=\"\" width=\"560\" height=\"700\" \/><\/p>\n","protected":false},"excerpt":{"rendered":"<p>Ecuador, 07 de mayo de 2024.- El D\u00eda de la Madre es una festividad que trasciende fronteras y culturas. Esta fecha es el momento ideal para expresar cari\u00f1o y reconocimiento hacia aquellas mujeres que han desempe\u00f1ado un papel fundamental en la vida de cada ser humano. En esta ocasi\u00f3n especial, las familias se re\u00fanen para [&hellip;]<\/p>\n","protected":false},"author":4,"featured_media":118710,"comment_status":"open","ping_status":"open","sticky":false,"template":"","format":"standard","meta":{"_bbp_topic_count":0,"_bbp_reply_count":0,"_bbp_total_topic_count":0,"_bbp_total_reply_count":0,"_bbp_voice_count":0,"_bbp_anonymous_reply_count":0,"_bbp_topic_count_hidden":0,"_bbp_reply_count_hidden":0,"_bbp_forum_subforum_count":0,"buzzeditor_post_format":"","footnotes":""},"categories":[2],"tags":[],"class_list":["post-118708","post","type-post","status-publish","format-standard","has-post-thumbnail","hentry","category-noticias"],"yoast_head":"<!-- This site is optimized with the Yoast SEO plugin v27.5 - https:\/\/yoast.com\/product\/yoast-seo-wordpress\/ -->\n<title>CELEBRA EL D\u00cdA DE LA MADRE CON UNA EXPERIENCIA GASTRON\u00d3MICA INOLVIDABLE &#8211; QUEBAKAN.COM 2026: Noticias, Eventos, Conciertos y mucho m\u00e1s....<\/title>\n<meta name=\"robots\" content=\"index, follow, max-snippet:-1, max-image-preview:large, max-video-preview:-1\" \/>\n<link rel=\"canonical\" href=\"https:\/\/www.quebakan.com\/v15\/celebra-el-dia-de-la-madre-con-una-experiencia-gastronomica-inolvidable\/\" \/>\n<meta property=\"og:locale\" content=\"es_ES\" \/>\n<meta property=\"og:type\" content=\"article\" \/>\n<meta property=\"og:title\" content=\"CELEBRA EL D\u00cdA DE LA MADRE CON UNA EXPERIENCIA GASTRON\u00d3MICA INOLVIDABLE &#8211; QUEBAKAN.COM 2026: Noticias, Eventos, Conciertos y mucho m\u00e1s....\" \/>\n<meta property=\"og:description\" content=\"Ecuador, 07 de mayo de 2024.- El D\u00eda de la Madre es una festividad que trasciende fronteras y culturas. Esta fecha es el momento ideal para expresar cari\u00f1o y reconocimiento hacia aquellas mujeres que han desempe\u00f1ado un papel fundamental en la vida de cada ser humano. En esta ocasi\u00f3n especial, las familias se re\u00fanen para [&hellip;]\" \/>\n<meta property=\"og:url\" content=\"https:\/\/www.quebakan.com\/v15\/celebra-el-dia-de-la-madre-con-una-experiencia-gastronomica-inolvidable\/\" \/>\n<meta property=\"og:site_name\" content=\"QUEBAKAN.COM 2026: Noticias, Eventos, Conciertos y mucho m\u00e1s....\" \/>\n<meta property=\"article:publisher\" content=\"http:\/\/www.facebook.com\/quebakan\" \/>\n<meta property=\"article:published_time\" content=\"2024-05-08T02:29:06+00:00\" \/>\n<meta property=\"og:image\" content=\"https:\/\/www.quebakan.com\/v15\/wp-content\/uploads\/2024\/05\/Foto-4.jpg\" \/>\n\t<meta property=\"og:image:width\" content=\"560\" \/>\n\t<meta property=\"og:image:height\" content=\"700\" \/>\n\t<meta property=\"og:image:type\" content=\"image\/jpeg\" \/>\n<meta name=\"author\" content=\"Erick Villafuerte\" \/>\n<meta name=\"twitter:card\" content=\"summary_large_image\" \/>\n<meta name=\"twitter:creator\" content=\"@quebakanec\" \/>\n<meta name=\"twitter:site\" content=\"@quebakanec\" \/>\n<meta name=\"twitter:label1\" content=\"Escrito por\" \/>\n\t<meta name=\"twitter:data1\" content=\"Erick Villafuerte\" \/>\n\t<meta name=\"twitter:label2\" content=\"Tiempo de lectura\" \/>\n\t<meta name=\"twitter:data2\" content=\"5 minutos\" \/>\n<script type=\"application\/ld+json\" class=\"yoast-schema-graph\">{\"@context\":\"https:\\\/\\\/schema.org\",\"@graph\":[{\"@type\":\"Article\",\"@id\":\"https:\\\/\\\/www.quebakan.com\\\/v15\\\/celebra-el-dia-de-la-madre-con-una-experiencia-gastronomica-inolvidable\\\/#article\",\"isPartOf\":{\"@id\":\"https:\\\/\\\/www.quebakan.com\\\/v15\\\/celebra-el-dia-de-la-madre-con-una-experiencia-gastronomica-inolvidable\\\/\"},\"author\":{\"name\":\"Erick Villafuerte\",\"@id\":\"https:\\\/\\\/www.quebakan.com\\\/v15\\\/#\\\/schema\\\/person\\\/d90fa9f9cfa81eb8ace9811e5b7b9118\"},\"headline\":\"CELEBRA EL D\u00cdA DE LA MADRE CON UNA EXPERIENCIA GASTRON\u00d3MICA INOLVIDABLE\",\"datePublished\":\"2024-05-08T02:29:06+00:00\",\"mainEntityOfPage\":{\"@id\":\"https:\\\/\\\/www.quebakan.com\\\/v15\\\/celebra-el-dia-de-la-madre-con-una-experiencia-gastronomica-inolvidable\\\/\"},\"wordCount\":921,\"commentCount\":0,\"publisher\":{\"@id\":\"https:\\\/\\\/www.quebakan.com\\\/v15\\\/#organization\"},\"image\":{\"@id\":\"https:\\\/\\\/www.quebakan.com\\\/v15\\\/celebra-el-dia-de-la-madre-con-una-experiencia-gastronomica-inolvidable\\\/#primaryimage\"},\"thumbnailUrl\":\"https:\\\/\\\/www.quebakan.com\\\/v15\\\/wp-content\\\/uploads\\\/2024\\\/05\\\/Foto-4.jpg\",\"articleSection\":[\"Noticias\"],\"inLanguage\":\"es\"},{\"@type\":\"WebPage\",\"@id\":\"https:\\\/\\\/www.quebakan.com\\\/v15\\\/celebra-el-dia-de-la-madre-con-una-experiencia-gastronomica-inolvidable\\\/\",\"url\":\"https:\\\/\\\/www.quebakan.com\\\/v15\\\/celebra-el-dia-de-la-madre-con-una-experiencia-gastronomica-inolvidable\\\/\",\"name\":\"CELEBRA EL D\u00cdA DE LA MADRE CON UNA EXPERIENCIA GASTRON\u00d3MICA INOLVIDABLE &#8211; QUEBAKAN.COM 2026: Noticias, Eventos, Conciertos y mucho m\u00e1s....\",\"isPartOf\":{\"@id\":\"https:\\\/\\\/www.quebakan.com\\\/v15\\\/#website\"},\"primaryImageOfPage\":{\"@id\":\"https:\\\/\\\/www.quebakan.com\\\/v15\\\/celebra-el-dia-de-la-madre-con-una-experiencia-gastronomica-inolvidable\\\/#primaryimage\"},\"image\":{\"@id\":\"https:\\\/\\\/www.quebakan.com\\\/v15\\\/celebra-el-dia-de-la-madre-con-una-experiencia-gastronomica-inolvidable\\\/#primaryimage\"},\"thumbnailUrl\":\"https:\\\/\\\/www.quebakan.com\\\/v15\\\/wp-content\\\/uploads\\\/2024\\\/05\\\/Foto-4.jpg\",\"datePublished\":\"2024-05-08T02:29:06+00:00\",\"breadcrumb\":{\"@id\":\"https:\\\/\\\/www.quebakan.com\\\/v15\\\/celebra-el-dia-de-la-madre-con-una-experiencia-gastronomica-inolvidable\\\/#breadcrumb\"},\"inLanguage\":\"es\",\"potentialAction\":[{\"@type\":\"ReadAction\",\"target\":[\"https:\\\/\\\/www.quebakan.com\\\/v15\\\/celebra-el-dia-de-la-madre-con-una-experiencia-gastronomica-inolvidable\\\/\"]}]},{\"@type\":\"ImageObject\",\"inLanguage\":\"es\",\"@id\":\"https:\\\/\\\/www.quebakan.com\\\/v15\\\/celebra-el-dia-de-la-madre-con-una-experiencia-gastronomica-inolvidable\\\/#primaryimage\",\"url\":\"https:\\\/\\\/www.quebakan.com\\\/v15\\\/wp-content\\\/uploads\\\/2024\\\/05\\\/Foto-4.jpg\",\"contentUrl\":\"https:\\\/\\\/www.quebakan.com\\\/v15\\\/wp-content\\\/uploads\\\/2024\\\/05\\\/Foto-4.jpg\",\"width\":560,\"height\":700},{\"@type\":\"BreadcrumbList\",\"@id\":\"https:\\\/\\\/www.quebakan.com\\\/v15\\\/celebra-el-dia-de-la-madre-con-una-experiencia-gastronomica-inolvidable\\\/#breadcrumb\",\"itemListElement\":[{\"@type\":\"ListItem\",\"position\":1,\"name\":\"Portada\",\"item\":\"https:\\\/\\\/www.quebakan.com\\\/v15\\\/\"},{\"@type\":\"ListItem\",\"position\":2,\"name\":\"CELEBRA EL D\u00cdA DE LA MADRE CON UNA EXPERIENCIA GASTRON\u00d3MICA INOLVIDABLE\"}]},{\"@type\":\"WebSite\",\"@id\":\"https:\\\/\\\/www.quebakan.com\\\/v15\\\/#website\",\"url\":\"https:\\\/\\\/www.quebakan.com\\\/v15\\\/\",\"name\":\"QUEBAKAN\",\"description\":\"..\",\"publisher\":{\"@id\":\"https:\\\/\\\/www.quebakan.com\\\/v15\\\/#organization\"},\"potentialAction\":[{\"@type\":\"SearchAction\",\"target\":{\"@type\":\"EntryPoint\",\"urlTemplate\":\"https:\\\/\\\/www.quebakan.com\\\/v15\\\/?s={search_term_string}\"},\"query-input\":{\"@type\":\"PropertyValueSpecification\",\"valueRequired\":true,\"valueName\":\"search_term_string\"}}],\"inLanguage\":\"es\"},{\"@type\":\"Organization\",\"@id\":\"https:\\\/\\\/www.quebakan.com\\\/v15\\\/#organization\",\"name\":\"Quebakan.com\",\"url\":\"https:\\\/\\\/www.quebakan.com\\\/v15\\\/\",\"logo\":{\"@type\":\"ImageObject\",\"inLanguage\":\"es\",\"@id\":\"https:\\\/\\\/www.quebakan.com\\\/v15\\\/#\\\/schema\\\/logo\\\/image\\\/\",\"url\":\"https:\\\/\\\/www.quebakan.com\\\/v15\\\/wp-content\\\/uploads\\\/2023\\\/07\\\/logoquebakanenero2021.jpg\",\"contentUrl\":\"https:\\\/\\\/www.quebakan.com\\\/v15\\\/wp-content\\\/uploads\\\/2023\\\/07\\\/logoquebakanenero2021.jpg\",\"width\":1920,\"height\":1080,\"caption\":\"Quebakan.com\"},\"image\":{\"@id\":\"https:\\\/\\\/www.quebakan.com\\\/v15\\\/#\\\/schema\\\/logo\\\/image\\\/\"},\"sameAs\":[\"http:\\\/\\\/www.facebook.com\\\/quebakan\",\"https:\\\/\\\/x.com\\\/quebakanec\",\"http:\\\/\\\/www.instagram.com\\\/quebakan\",\"http:\\\/\\\/www.youtube.com\\\/quebakan1\"]},{\"@type\":\"Person\",\"@id\":\"https:\\\/\\\/www.quebakan.com\\\/v15\\\/#\\\/schema\\\/person\\\/d90fa9f9cfa81eb8ace9811e5b7b9118\",\"name\":\"Erick Villafuerte\",\"image\":{\"@type\":\"ImageObject\",\"inLanguage\":\"es\",\"@id\":\"https:\\\/\\\/www.quebakan.com\\\/v15\\\/wp-content\\\/uploads\\\/avatars\\\/4\\\/1731297654-bpfull.png\",\"url\":\"https:\\\/\\\/www.quebakan.com\\\/v15\\\/wp-content\\\/uploads\\\/avatars\\\/4\\\/1731297654-bpfull.png\",\"contentUrl\":\"https:\\\/\\\/www.quebakan.com\\\/v15\\\/wp-content\\\/uploads\\\/avatars\\\/4\\\/1731297654-bpfull.png\",\"caption\":\"Erick Villafuerte\"}}]}<\/script>\n<!-- \/ Yoast SEO plugin. -->","yoast_head_json":{"title":"CELEBRA EL D\u00cdA DE LA MADRE CON UNA EXPERIENCIA GASTRON\u00d3MICA INOLVIDABLE &#8211; QUEBAKAN.COM 2026: Noticias, Eventos, Conciertos y mucho m\u00e1s....","robots":{"index":"index","follow":"follow","max-snippet":"max-snippet:-1","max-image-preview":"max-image-preview:large","max-video-preview":"max-video-preview:-1"},"canonical":"https:\/\/www.quebakan.com\/v15\/celebra-el-dia-de-la-madre-con-una-experiencia-gastronomica-inolvidable\/","og_locale":"es_ES","og_type":"article","og_title":"CELEBRA EL D\u00cdA DE LA MADRE CON UNA EXPERIENCIA GASTRON\u00d3MICA INOLVIDABLE &#8211; QUEBAKAN.COM 2026: Noticias, Eventos, Conciertos y mucho m\u00e1s....","og_description":"Ecuador, 07 de mayo de 2024.- El D\u00eda de la Madre es una festividad que trasciende fronteras y culturas. Esta fecha es el momento ideal para expresar cari\u00f1o y reconocimiento hacia aquellas mujeres que han desempe\u00f1ado un papel fundamental en la vida de cada ser humano. En esta ocasi\u00f3n especial, las familias se re\u00fanen para [&hellip;]","og_url":"https:\/\/www.quebakan.com\/v15\/celebra-el-dia-de-la-madre-con-una-experiencia-gastronomica-inolvidable\/","og_site_name":"QUEBAKAN.COM 2026: Noticias, Eventos, Conciertos y mucho m\u00e1s....","article_publisher":"http:\/\/www.facebook.com\/quebakan","article_published_time":"2024-05-08T02:29:06+00:00","og_image":[{"width":560,"height":700,"url":"https:\/\/www.quebakan.com\/v15\/wp-content\/uploads\/2024\/05\/Foto-4.jpg","type":"image\/jpeg"}],"author":"Erick Villafuerte","twitter_card":"summary_large_image","twitter_creator":"@quebakanec","twitter_site":"@quebakanec","twitter_misc":{"Escrito por":"Erick Villafuerte","Tiempo de lectura":"5 minutos"},"schema":{"@context":"https:\/\/schema.org","@graph":[{"@type":"Article","@id":"https:\/\/www.quebakan.com\/v15\/celebra-el-dia-de-la-madre-con-una-experiencia-gastronomica-inolvidable\/#article","isPartOf":{"@id":"https:\/\/www.quebakan.com\/v15\/celebra-el-dia-de-la-madre-con-una-experiencia-gastronomica-inolvidable\/"},"author":{"name":"Erick Villafuerte","@id":"https:\/\/www.quebakan.com\/v15\/#\/schema\/person\/d90fa9f9cfa81eb8ace9811e5b7b9118"},"headline":"CELEBRA EL D\u00cdA DE LA MADRE CON UNA EXPERIENCIA GASTRON\u00d3MICA INOLVIDABLE","datePublished":"2024-05-08T02:29:06+00:00","mainEntityOfPage":{"@id":"https:\/\/www.quebakan.com\/v15\/celebra-el-dia-de-la-madre-con-una-experiencia-gastronomica-inolvidable\/"},"wordCount":921,"commentCount":0,"publisher":{"@id":"https:\/\/www.quebakan.com\/v15\/#organization"},"image":{"@id":"https:\/\/www.quebakan.com\/v15\/celebra-el-dia-de-la-madre-con-una-experiencia-gastronomica-inolvidable\/#primaryimage"},"thumbnailUrl":"https:\/\/www.quebakan.com\/v15\/wp-content\/uploads\/2024\/05\/Foto-4.jpg","articleSection":["Noticias"],"inLanguage":"es"},{"@type":"WebPage","@id":"https:\/\/www.quebakan.com\/v15\/celebra-el-dia-de-la-madre-con-una-experiencia-gastronomica-inolvidable\/","url":"https:\/\/www.quebakan.com\/v15\/celebra-el-dia-de-la-madre-con-una-experiencia-gastronomica-inolvidable\/","name":"CELEBRA EL D\u00cdA DE LA MADRE CON UNA EXPERIENCIA GASTRON\u00d3MICA INOLVIDABLE &#8211; QUEBAKAN.COM 2026: Noticias, Eventos, Conciertos y mucho m\u00e1s....","isPartOf":{"@id":"https:\/\/www.quebakan.com\/v15\/#website"},"primaryImageOfPage":{"@id":"https:\/\/www.quebakan.com\/v15\/celebra-el-dia-de-la-madre-con-una-experiencia-gastronomica-inolvidable\/#primaryimage"},"image":{"@id":"https:\/\/www.quebakan.com\/v15\/celebra-el-dia-de-la-madre-con-una-experiencia-gastronomica-inolvidable\/#primaryimage"},"thumbnailUrl":"https:\/\/www.quebakan.com\/v15\/wp-content\/uploads\/2024\/05\/Foto-4.jpg","datePublished":"2024-05-08T02:29:06+00:00","breadcrumb":{"@id":"https:\/\/www.quebakan.com\/v15\/celebra-el-dia-de-la-madre-con-una-experiencia-gastronomica-inolvidable\/#breadcrumb"},"inLanguage":"es","potentialAction":[{"@type":"ReadAction","target":["https:\/\/www.quebakan.com\/v15\/celebra-el-dia-de-la-madre-con-una-experiencia-gastronomica-inolvidable\/"]}]},{"@type":"ImageObject","inLanguage":"es","@id":"https:\/\/www.quebakan.com\/v15\/celebra-el-dia-de-la-madre-con-una-experiencia-gastronomica-inolvidable\/#primaryimage","url":"https:\/\/www.quebakan.com\/v15\/wp-content\/uploads\/2024\/05\/Foto-4.jpg","contentUrl":"https:\/\/www.quebakan.com\/v15\/wp-content\/uploads\/2024\/05\/Foto-4.jpg","width":560,"height":700},{"@type":"BreadcrumbList","@id":"https:\/\/www.quebakan.com\/v15\/celebra-el-dia-de-la-madre-con-una-experiencia-gastronomica-inolvidable\/#breadcrumb","itemListElement":[{"@type":"ListItem","position":1,"name":"Portada","item":"https:\/\/www.quebakan.com\/v15\/"},{"@type":"ListItem","position":2,"name":"CELEBRA EL D\u00cdA DE LA MADRE CON UNA EXPERIENCIA GASTRON\u00d3MICA INOLVIDABLE"}]},{"@type":"WebSite","@id":"https:\/\/www.quebakan.com\/v15\/#website","url":"https:\/\/www.quebakan.com\/v15\/","name":"QUEBAKAN","description":"..","publisher":{"@id":"https:\/\/www.quebakan.com\/v15\/#organization"},"potentialAction":[{"@type":"SearchAction","target":{"@type":"EntryPoint","urlTemplate":"https:\/\/www.quebakan.com\/v15\/?s={search_term_string}"},"query-input":{"@type":"PropertyValueSpecification","valueRequired":true,"valueName":"search_term_string"}}],"inLanguage":"es"},{"@type":"Organization","@id":"https:\/\/www.quebakan.com\/v15\/#organization","name":"Quebakan.com","url":"https:\/\/www.quebakan.com\/v15\/","logo":{"@type":"ImageObject","inLanguage":"es","@id":"https:\/\/www.quebakan.com\/v15\/#\/schema\/logo\/image\/","url":"https:\/\/www.quebakan.com\/v15\/wp-content\/uploads\/2023\/07\/logoquebakanenero2021.jpg","contentUrl":"https:\/\/www.quebakan.com\/v15\/wp-content\/uploads\/2023\/07\/logoquebakanenero2021.jpg","width":1920,"height":1080,"caption":"Quebakan.com"},"image":{"@id":"https:\/\/www.quebakan.com\/v15\/#\/schema\/logo\/image\/"},"sameAs":["http:\/\/www.facebook.com\/quebakan","https:\/\/x.com\/quebakanec","http:\/\/www.instagram.com\/quebakan","http:\/\/www.youtube.com\/quebakan1"]},{"@type":"Person","@id":"https:\/\/www.quebakan.com\/v15\/#\/schema\/person\/d90fa9f9cfa81eb8ace9811e5b7b9118","name":"Erick Villafuerte","image":{"@type":"ImageObject","inLanguage":"es","@id":"https:\/\/www.quebakan.com\/v15\/wp-content\/uploads\/avatars\/4\/1731297654-bpfull.png","url":"https:\/\/www.quebakan.com\/v15\/wp-content\/uploads\/avatars\/4\/1731297654-bpfull.png","contentUrl":"https:\/\/www.quebakan.com\/v15\/wp-content\/uploads\/avatars\/4\/1731297654-bpfull.png","caption":"Erick Villafuerte"}}]}},"_links":{"self":[{"href":"https:\/\/www.quebakan.com\/v15\/wp-json\/wp\/v2\/posts\/118708","targetHints":{"allow":["GET"]}}],"collection":[{"href":"https:\/\/www.quebakan.com\/v15\/wp-json\/wp\/v2\/posts"}],"about":[{"href":"https:\/\/www.quebakan.com\/v15\/wp-json\/wp\/v2\/types\/post"}],"author":[{"embeddable":true,"href":"https:\/\/www.quebakan.com\/v15\/wp-json\/wp\/v2\/users\/4"}],"replies":[{"embeddable":true,"href":"https:\/\/www.quebakan.com\/v15\/wp-json\/wp\/v2\/comments?post=118708"}],"version-history":[{"count":1,"href":"https:\/\/www.quebakan.com\/v15\/wp-json\/wp\/v2\/posts\/118708\/revisions"}],"predecessor-version":[{"id":118711,"href":"https:\/\/www.quebakan.com\/v15\/wp-json\/wp\/v2\/posts\/118708\/revisions\/118711"}],"wp:featuredmedia":[{"embeddable":true,"href":"https:\/\/www.quebakan.com\/v15\/wp-json\/wp\/v2\/media\/118710"}],"wp:attachment":[{"href":"https:\/\/www.quebakan.com\/v15\/wp-json\/wp\/v2\/media?parent=118708"}],"wp:term":[{"taxonomy":"category","embeddable":true,"href":"https:\/\/www.quebakan.com\/v15\/wp-json\/wp\/v2\/categories?post=118708"},{"taxonomy":"post_tag","embeddable":true,"href":"https:\/\/www.quebakan.com\/v15\/wp-json\/wp\/v2\/tags?post=118708"}],"curies":[{"name":"wp","href":"https:\/\/api.w.org\/{rel}","templated":true}]}}