{"id":118712,"date":"2024-05-07T21:48:31","date_gmt":"2024-05-08T02:48:31","guid":{"rendered":"https:\/\/www.quebakan.com\/v15\/?p=118712"},"modified":"2024-05-07T21:48:31","modified_gmt":"2024-05-08T02:48:31","slug":"mall-del-norte-celebra-el-dia-de-la-madre-con-oportunidad-para-capturar-recuerdos-inolvidables","status":"publish","type":"post","link":"https:\/\/www.quebakan.com\/v15\/mall-del-norte-celebra-el-dia-de-la-madre-con-oportunidad-para-capturar-recuerdos-inolvidables\/","title":{"rendered":"MALL DEL NORTE CELEBRA EL D\u00cdA DE LA MADRE CON OPORTUNIDAD PARA CAPTURAR RECUERDOS INOLVIDABLES"},"content":{"rendered":"<p><img fetchpriority=\"high\" decoding=\"async\" class=\"aligncenter size-full wp-image-118713\" src=\"https:\/\/www.quebakan.com\/v15\/wp-content\/uploads\/2024\/05\/ACTIVIDAD-DIA-DE-LA-MADRE-MALL-DEL-NORTE.jpg\" alt=\"\" width=\"500\" height=\"700\" \/><\/p>\n<p style=\"text-align: justify;\"><span style=\"color: #000000;\">Por el D\u00eda de la Madre, <strong>Mall del Norte<\/strong> se alista para celebrar a las mam\u00e1s de una manera especial, con una actividad exclusiva para crear recuerdos duraderos.<\/span><\/p>\n<p style=\"text-align: justify;\"><span style=\"color: #000000;\">Con la actividad denominada <em>\u201cMam\u00e1 t\u00f3mate la foto de tus sue\u00f1os\u201d, <\/em>los clientes podr\u00e1n participar de la oportunidad de llevarse una foto de estudio como un detalle memorable de este d\u00eda, en horarios de:<\/span><\/p>\n<ul style=\"text-align: justify;\">\n<li><span style=\"color: #000000;\">Viernes, 10 de mayo. Desde las 16h00 hasta las 21h00.<\/span><\/li>\n<li><span style=\"color: #000000;\">S\u00e1bado, 11 de mayo. Desde las 10h00 hasta las 21h00.<\/span><\/li>\n<\/ul>\n<p style=\"text-align: justify;\"><span style=\"color: #000000;\">Para ser acreedores de este fabuloso regalo, los clientes deber\u00e1n presentar una factura de compra desde $20 de cualquiera de las tiendas participantes del centro comercial.<\/span><\/p>\n<p style=\"text-align: justify;\"><span style=\"color: #000000;\">De esta manera, <strong>Mall del Norte<\/strong> invita a todos a unirse a esta celebraci\u00f3n para mam\u00e1, y a aprovechar esta oportunidad \u00fanica para capturar momentos de amor y alegr\u00eda en compa\u00f1\u00eda de sus seres queridos.<\/span><\/p>\n","protected":false},"excerpt":{"rendered":"<p>Por el D\u00eda de la Madre, Mall del Norte se alista para celebrar a las mam\u00e1s de una manera especial, con una actividad exclusiva para crear recuerdos duraderos. Con la actividad denominada \u201cMam\u00e1 t\u00f3mate la foto de tus sue\u00f1os\u201d, los clientes podr\u00e1n participar de la oportunidad de llevarse una foto de estudio como un detalle [&hellip;]<\/p>\n","protected":false},"author":4,"featured_media":118713,"comment_status":"open","ping_status":"open","sticky":false,"template":"","format":"standard","meta":{"_bbp_topic_count":0,"_bbp_reply_count":0,"_bbp_total_topic_count":0,"_bbp_total_reply_count":0,"_bbp_voice_count":0,"_bbp_anonymous_reply_count":0,"_bbp_topic_count_hidden":0,"_bbp_reply_count_hidden":0,"_bbp_forum_subforum_count":0,"buzzeditor_post_format":"","footnotes":""},"categories":[2],"tags":[],"class_list":["post-118712","post","type-post","status-publish","format-standard","has-post-thumbnail","hentry","category-noticias"],"yoast_head":"<!-- This site is optimized with the Yoast SEO plugin v27.5 - https:\/\/yoast.com\/product\/yoast-seo-wordpress\/ -->\n<title>MALL DEL NORTE CELEBRA EL D\u00cdA DE LA MADRE CON OPORTUNIDAD PARA CAPTURAR RECUERDOS INOLVIDABLES &#8211; QUEBAKAN.COM 2026: Noticias, Eventos, Conciertos y mucho m\u00e1s....<\/title>\n<meta name=\"robots\" content=\"index, follow, max-snippet:-1, max-image-preview:large, max-video-preview:-1\" \/>\n<link rel=\"canonical\" href=\"https:\/\/www.quebakan.com\/v15\/mall-del-norte-celebra-el-dia-de-la-madre-con-oportunidad-para-capturar-recuerdos-inolvidables\/\" \/>\n<meta property=\"og:locale\" content=\"es_ES\" \/>\n<meta property=\"og:type\" content=\"article\" \/>\n<meta property=\"og:title\" content=\"MALL DEL NORTE CELEBRA EL D\u00cdA DE LA MADRE CON OPORTUNIDAD PARA CAPTURAR RECUERDOS INOLVIDABLES &#8211; QUEBAKAN.COM 2026: Noticias, Eventos, Conciertos y mucho m\u00e1s....\" \/>\n<meta property=\"og:description\" content=\"Por el D\u00eda de la Madre, Mall del Norte se alista para celebrar a las mam\u00e1s de una manera especial, con una actividad exclusiva para crear recuerdos duraderos. Con la actividad denominada \u201cMam\u00e1 t\u00f3mate la foto de tus sue\u00f1os\u201d, los clientes podr\u00e1n participar de la oportunidad de llevarse una foto de estudio como un detalle [&hellip;]\" \/>\n<meta property=\"og:url\" content=\"https:\/\/www.quebakan.com\/v15\/mall-del-norte-celebra-el-dia-de-la-madre-con-oportunidad-para-capturar-recuerdos-inolvidables\/\" \/>\n<meta property=\"og:site_name\" content=\"QUEBAKAN.COM 2026: Noticias, Eventos, Conciertos y mucho m\u00e1s....\" \/>\n<meta property=\"article:publisher\" content=\"http:\/\/www.facebook.com\/quebakan\" \/>\n<meta property=\"article:published_time\" content=\"2024-05-08T02:48:31+00:00\" \/>\n<meta property=\"og:image\" content=\"https:\/\/www.quebakan.com\/v15\/wp-content\/uploads\/2024\/05\/ACTIVIDAD-DIA-DE-LA-MADRE-MALL-DEL-NORTE.jpg\" \/>\n\t<meta property=\"og:image:width\" content=\"500\" \/>\n\t<meta property=\"og:image:height\" content=\"700\" \/>\n\t<meta property=\"og:image:type\" content=\"image\/jpeg\" \/>\n<meta name=\"author\" content=\"Erick Villafuerte\" \/>\n<meta name=\"twitter:card\" content=\"summary_large_image\" \/>\n<meta name=\"twitter:creator\" content=\"@quebakanec\" \/>\n<meta name=\"twitter:site\" content=\"@quebakanec\" \/>\n<meta name=\"twitter:label1\" content=\"Escrito por\" \/>\n\t<meta name=\"twitter:data1\" content=\"Erick Villafuerte\" \/>\n\t<meta name=\"twitter:label2\" content=\"Tiempo de lectura\" \/>\n\t<meta name=\"twitter:data2\" content=\"2 minutos\" \/>\n<script type=\"application\/ld+json\" class=\"yoast-schema-graph\">{\"@context\":\"https:\\\/\\\/schema.org\",\"@graph\":[{\"@type\":\"Article\",\"@id\":\"https:\\\/\\\/www.quebakan.com\\\/v15\\\/mall-del-norte-celebra-el-dia-de-la-madre-con-oportunidad-para-capturar-recuerdos-inolvidables\\\/#article\",\"isPartOf\":{\"@id\":\"https:\\\/\\\/www.quebakan.com\\\/v15\\\/mall-del-norte-celebra-el-dia-de-la-madre-con-oportunidad-para-capturar-recuerdos-inolvidables\\\/\"},\"author\":{\"name\":\"Erick Villafuerte\",\"@id\":\"https:\\\/\\\/www.quebakan.com\\\/v15\\\/#\\\/schema\\\/person\\\/d90fa9f9cfa81eb8ace9811e5b7b9118\"},\"headline\":\"MALL DEL NORTE CELEBRA EL D\u00cdA DE LA MADRE CON OPORTUNIDAD PARA CAPTURAR RECUERDOS INOLVIDABLES\",\"datePublished\":\"2024-05-08T02:48:31+00:00\",\"mainEntityOfPage\":{\"@id\":\"https:\\\/\\\/www.quebakan.com\\\/v15\\\/mall-del-norte-celebra-el-dia-de-la-madre-con-oportunidad-para-capturar-recuerdos-inolvidables\\\/\"},\"wordCount\":167,\"commentCount\":0,\"publisher\":{\"@id\":\"https:\\\/\\\/www.quebakan.com\\\/v15\\\/#organization\"},\"image\":{\"@id\":\"https:\\\/\\\/www.quebakan.com\\\/v15\\\/mall-del-norte-celebra-el-dia-de-la-madre-con-oportunidad-para-capturar-recuerdos-inolvidables\\\/#primaryimage\"},\"thumbnailUrl\":\"https:\\\/\\\/www.quebakan.com\\\/v15\\\/wp-content\\\/uploads\\\/2024\\\/05\\\/ACTIVIDAD-DIA-DE-LA-MADRE-MALL-DEL-NORTE.jpg\",\"articleSection\":[\"Noticias\"],\"inLanguage\":\"es\"},{\"@type\":\"WebPage\",\"@id\":\"https:\\\/\\\/www.quebakan.com\\\/v15\\\/mall-del-norte-celebra-el-dia-de-la-madre-con-oportunidad-para-capturar-recuerdos-inolvidables\\\/\",\"url\":\"https:\\\/\\\/www.quebakan.com\\\/v15\\\/mall-del-norte-celebra-el-dia-de-la-madre-con-oportunidad-para-capturar-recuerdos-inolvidables\\\/\",\"name\":\"MALL DEL NORTE CELEBRA EL D\u00cdA DE LA MADRE CON OPORTUNIDAD PARA CAPTURAR RECUERDOS INOLVIDABLES &#8211; QUEBAKAN.COM 2026: Noticias, Eventos, Conciertos y mucho m\u00e1s....\",\"isPartOf\":{\"@id\":\"https:\\\/\\\/www.quebakan.com\\\/v15\\\/#website\"},\"primaryImageOfPage\":{\"@id\":\"https:\\\/\\\/www.quebakan.com\\\/v15\\\/mall-del-norte-celebra-el-dia-de-la-madre-con-oportunidad-para-capturar-recuerdos-inolvidables\\\/#primaryimage\"},\"image\":{\"@id\":\"https:\\\/\\\/www.quebakan.com\\\/v15\\\/mall-del-norte-celebra-el-dia-de-la-madre-con-oportunidad-para-capturar-recuerdos-inolvidables\\\/#primaryimage\"},\"thumbnailUrl\":\"https:\\\/\\\/www.quebakan.com\\\/v15\\\/wp-content\\\/uploads\\\/2024\\\/05\\\/ACTIVIDAD-DIA-DE-LA-MADRE-MALL-DEL-NORTE.jpg\",\"datePublished\":\"2024-05-08T02:48:31+00:00\",\"breadcrumb\":{\"@id\":\"https:\\\/\\\/www.quebakan.com\\\/v15\\\/mall-del-norte-celebra-el-dia-de-la-madre-con-oportunidad-para-capturar-recuerdos-inolvidables\\\/#breadcrumb\"},\"inLanguage\":\"es\",\"potentialAction\":[{\"@type\":\"ReadAction\",\"target\":[\"https:\\\/\\\/www.quebakan.com\\\/v15\\\/mall-del-norte-celebra-el-dia-de-la-madre-con-oportunidad-para-capturar-recuerdos-inolvidables\\\/\"]}]},{\"@type\":\"ImageObject\",\"inLanguage\":\"es\",\"@id\":\"https:\\\/\\\/www.quebakan.com\\\/v15\\\/mall-del-norte-celebra-el-dia-de-la-madre-con-oportunidad-para-capturar-recuerdos-inolvidables\\\/#primaryimage\",\"url\":\"https:\\\/\\\/www.quebakan.com\\\/v15\\\/wp-content\\\/uploads\\\/2024\\\/05\\\/ACTIVIDAD-DIA-DE-LA-MADRE-MALL-DEL-NORTE.jpg\",\"contentUrl\":\"https:\\\/\\\/www.quebakan.com\\\/v15\\\/wp-content\\\/uploads\\\/2024\\\/05\\\/ACTIVIDAD-DIA-DE-LA-MADRE-MALL-DEL-NORTE.jpg\",\"width\":500,\"height\":700},{\"@type\":\"BreadcrumbList\",\"@id\":\"https:\\\/\\\/www.quebakan.com\\\/v15\\\/mall-del-norte-celebra-el-dia-de-la-madre-con-oportunidad-para-capturar-recuerdos-inolvidables\\\/#breadcrumb\",\"itemListElement\":[{\"@type\":\"ListItem\",\"position\":1,\"name\":\"Portada\",\"item\":\"https:\\\/\\\/www.quebakan.com\\\/v15\\\/\"},{\"@type\":\"ListItem\",\"position\":2,\"name\":\"MALL DEL NORTE CELEBRA EL D\u00cdA DE LA MADRE CON OPORTUNIDAD PARA CAPTURAR RECUERDOS INOLVIDABLES\"}]},{\"@type\":\"WebSite\",\"@id\":\"https:\\\/\\\/www.quebakan.com\\\/v15\\\/#website\",\"url\":\"https:\\\/\\\/www.quebakan.com\\\/v15\\\/\",\"name\":\"QUEBAKAN\",\"description\":\"..\",\"publisher\":{\"@id\":\"https:\\\/\\\/www.quebakan.com\\\/v15\\\/#organization\"},\"potentialAction\":[{\"@type\":\"SearchAction\",\"target\":{\"@type\":\"EntryPoint\",\"urlTemplate\":\"https:\\\/\\\/www.quebakan.com\\\/v15\\\/?s={search_term_string}\"},\"query-input\":{\"@type\":\"PropertyValueSpecification\",\"valueRequired\":true,\"valueName\":\"search_term_string\"}}],\"inLanguage\":\"es\"},{\"@type\":\"Organization\",\"@id\":\"https:\\\/\\\/www.quebakan.com\\\/v15\\\/#organization\",\"name\":\"Quebakan.com\",\"url\":\"https:\\\/\\\/www.quebakan.com\\\/v15\\\/\",\"logo\":{\"@type\":\"ImageObject\",\"inLanguage\":\"es\",\"@id\":\"https:\\\/\\\/www.quebakan.com\\\/v15\\\/#\\\/schema\\\/logo\\\/image\\\/\",\"url\":\"https:\\\/\\\/www.quebakan.com\\\/v15\\\/wp-content\\\/uploads\\\/2023\\\/07\\\/logoquebakanenero2021.jpg\",\"contentUrl\":\"https:\\\/\\\/www.quebakan.com\\\/v15\\\/wp-content\\\/uploads\\\/2023\\\/07\\\/logoquebakanenero2021.jpg\",\"width\":1920,\"height\":1080,\"caption\":\"Quebakan.com\"},\"image\":{\"@id\":\"https:\\\/\\\/www.quebakan.com\\\/v15\\\/#\\\/schema\\\/logo\\\/image\\\/\"},\"sameAs\":[\"http:\\\/\\\/www.facebook.com\\\/quebakan\",\"https:\\\/\\\/x.com\\\/quebakanec\",\"http:\\\/\\\/www.instagram.com\\\/quebakan\",\"http:\\\/\\\/www.youtube.com\\\/quebakan1\"]},{\"@type\":\"Person\",\"@id\":\"https:\\\/\\\/www.quebakan.com\\\/v15\\\/#\\\/schema\\\/person\\\/d90fa9f9cfa81eb8ace9811e5b7b9118\",\"name\":\"Erick Villafuerte\",\"image\":{\"@type\":\"ImageObject\",\"inLanguage\":\"es\",\"@id\":\"https:\\\/\\\/www.quebakan.com\\\/v15\\\/wp-content\\\/uploads\\\/avatars\\\/4\\\/1731297654-bpfull.png\",\"url\":\"https:\\\/\\\/www.quebakan.com\\\/v15\\\/wp-content\\\/uploads\\\/avatars\\\/4\\\/1731297654-bpfull.png\",\"contentUrl\":\"https:\\\/\\\/www.quebakan.com\\\/v15\\\/wp-content\\\/uploads\\\/avatars\\\/4\\\/1731297654-bpfull.png\",\"caption\":\"Erick Villafuerte\"}}]}<\/script>\n<!-- \/ Yoast SEO plugin. -->","yoast_head_json":{"title":"MALL DEL NORTE CELEBRA EL D\u00cdA DE LA MADRE CON OPORTUNIDAD PARA CAPTURAR RECUERDOS INOLVIDABLES &#8211; QUEBAKAN.COM 2026: Noticias, Eventos, Conciertos y mucho m\u00e1s....","robots":{"index":"index","follow":"follow","max-snippet":"max-snippet:-1","max-image-preview":"max-image-preview:large","max-video-preview":"max-video-preview:-1"},"canonical":"https:\/\/www.quebakan.com\/v15\/mall-del-norte-celebra-el-dia-de-la-madre-con-oportunidad-para-capturar-recuerdos-inolvidables\/","og_locale":"es_ES","og_type":"article","og_title":"MALL DEL NORTE CELEBRA EL D\u00cdA DE LA MADRE CON OPORTUNIDAD PARA CAPTURAR RECUERDOS INOLVIDABLES &#8211; QUEBAKAN.COM 2026: Noticias, Eventos, Conciertos y mucho m\u00e1s....","og_description":"Por el D\u00eda de la Madre, Mall del Norte se alista para celebrar a las mam\u00e1s de una manera especial, con una actividad exclusiva para crear recuerdos duraderos. Con la actividad denominada \u201cMam\u00e1 t\u00f3mate la foto de tus sue\u00f1os\u201d, los clientes podr\u00e1n participar de la oportunidad de llevarse una foto de estudio como un detalle [&hellip;]","og_url":"https:\/\/www.quebakan.com\/v15\/mall-del-norte-celebra-el-dia-de-la-madre-con-oportunidad-para-capturar-recuerdos-inolvidables\/","og_site_name":"QUEBAKAN.COM 2026: Noticias, Eventos, Conciertos y mucho m\u00e1s....","article_publisher":"http:\/\/www.facebook.com\/quebakan","article_published_time":"2024-05-08T02:48:31+00:00","og_image":[{"width":500,"height":700,"url":"https:\/\/www.quebakan.com\/v15\/wp-content\/uploads\/2024\/05\/ACTIVIDAD-DIA-DE-LA-MADRE-MALL-DEL-NORTE.jpg","type":"image\/jpeg"}],"author":"Erick Villafuerte","twitter_card":"summary_large_image","twitter_creator":"@quebakanec","twitter_site":"@quebakanec","twitter_misc":{"Escrito por":"Erick Villafuerte","Tiempo de lectura":"2 minutos"},"schema":{"@context":"https:\/\/schema.org","@graph":[{"@type":"Article","@id":"https:\/\/www.quebakan.com\/v15\/mall-del-norte-celebra-el-dia-de-la-madre-con-oportunidad-para-capturar-recuerdos-inolvidables\/#article","isPartOf":{"@id":"https:\/\/www.quebakan.com\/v15\/mall-del-norte-celebra-el-dia-de-la-madre-con-oportunidad-para-capturar-recuerdos-inolvidables\/"},"author":{"name":"Erick Villafuerte","@id":"https:\/\/www.quebakan.com\/v15\/#\/schema\/person\/d90fa9f9cfa81eb8ace9811e5b7b9118"},"headline":"MALL DEL NORTE CELEBRA EL D\u00cdA DE LA MADRE CON OPORTUNIDAD PARA CAPTURAR RECUERDOS INOLVIDABLES","datePublished":"2024-05-08T02:48:31+00:00","mainEntityOfPage":{"@id":"https:\/\/www.quebakan.com\/v15\/mall-del-norte-celebra-el-dia-de-la-madre-con-oportunidad-para-capturar-recuerdos-inolvidables\/"},"wordCount":167,"commentCount":0,"publisher":{"@id":"https:\/\/www.quebakan.com\/v15\/#organization"},"image":{"@id":"https:\/\/www.quebakan.com\/v15\/mall-del-norte-celebra-el-dia-de-la-madre-con-oportunidad-para-capturar-recuerdos-inolvidables\/#primaryimage"},"thumbnailUrl":"https:\/\/www.quebakan.com\/v15\/wp-content\/uploads\/2024\/05\/ACTIVIDAD-DIA-DE-LA-MADRE-MALL-DEL-NORTE.jpg","articleSection":["Noticias"],"inLanguage":"es"},{"@type":"WebPage","@id":"https:\/\/www.quebakan.com\/v15\/mall-del-norte-celebra-el-dia-de-la-madre-con-oportunidad-para-capturar-recuerdos-inolvidables\/","url":"https:\/\/www.quebakan.com\/v15\/mall-del-norte-celebra-el-dia-de-la-madre-con-oportunidad-para-capturar-recuerdos-inolvidables\/","name":"MALL DEL NORTE CELEBRA EL D\u00cdA DE LA MADRE CON OPORTUNIDAD PARA CAPTURAR RECUERDOS INOLVIDABLES &#8211; QUEBAKAN.COM 2026: Noticias, Eventos, Conciertos y mucho m\u00e1s....","isPartOf":{"@id":"https:\/\/www.quebakan.com\/v15\/#website"},"primaryImageOfPage":{"@id":"https:\/\/www.quebakan.com\/v15\/mall-del-norte-celebra-el-dia-de-la-madre-con-oportunidad-para-capturar-recuerdos-inolvidables\/#primaryimage"},"image":{"@id":"https:\/\/www.quebakan.com\/v15\/mall-del-norte-celebra-el-dia-de-la-madre-con-oportunidad-para-capturar-recuerdos-inolvidables\/#primaryimage"},"thumbnailUrl":"https:\/\/www.quebakan.com\/v15\/wp-content\/uploads\/2024\/05\/ACTIVIDAD-DIA-DE-LA-MADRE-MALL-DEL-NORTE.jpg","datePublished":"2024-05-08T02:48:31+00:00","breadcrumb":{"@id":"https:\/\/www.quebakan.com\/v15\/mall-del-norte-celebra-el-dia-de-la-madre-con-oportunidad-para-capturar-recuerdos-inolvidables\/#breadcrumb"},"inLanguage":"es","potentialAction":[{"@type":"ReadAction","target":["https:\/\/www.quebakan.com\/v15\/mall-del-norte-celebra-el-dia-de-la-madre-con-oportunidad-para-capturar-recuerdos-inolvidables\/"]}]},{"@type":"ImageObject","inLanguage":"es","@id":"https:\/\/www.quebakan.com\/v15\/mall-del-norte-celebra-el-dia-de-la-madre-con-oportunidad-para-capturar-recuerdos-inolvidables\/#primaryimage","url":"https:\/\/www.quebakan.com\/v15\/wp-content\/uploads\/2024\/05\/ACTIVIDAD-DIA-DE-LA-MADRE-MALL-DEL-NORTE.jpg","contentUrl":"https:\/\/www.quebakan.com\/v15\/wp-content\/uploads\/2024\/05\/ACTIVIDAD-DIA-DE-LA-MADRE-MALL-DEL-NORTE.jpg","width":500,"height":700},{"@type":"BreadcrumbList","@id":"https:\/\/www.quebakan.com\/v15\/mall-del-norte-celebra-el-dia-de-la-madre-con-oportunidad-para-capturar-recuerdos-inolvidables\/#breadcrumb","itemListElement":[{"@type":"ListItem","position":1,"name":"Portada","item":"https:\/\/www.quebakan.com\/v15\/"},{"@type":"ListItem","position":2,"name":"MALL DEL NORTE CELEBRA EL D\u00cdA DE LA MADRE CON OPORTUNIDAD PARA CAPTURAR RECUERDOS INOLVIDABLES"}]},{"@type":"WebSite","@id":"https:\/\/www.quebakan.com\/v15\/#website","url":"https:\/\/www.quebakan.com\/v15\/","name":"QUEBAKAN","description":"..","publisher":{"@id":"https:\/\/www.quebakan.com\/v15\/#organization"},"potentialAction":[{"@type":"SearchAction","target":{"@type":"EntryPoint","urlTemplate":"https:\/\/www.quebakan.com\/v15\/?s={search_term_string}"},"query-input":{"@type":"PropertyValueSpecification","valueRequired":true,"valueName":"search_term_string"}}],"inLanguage":"es"},{"@type":"Organization","@id":"https:\/\/www.quebakan.com\/v15\/#organization","name":"Quebakan.com","url":"https:\/\/www.quebakan.com\/v15\/","logo":{"@type":"ImageObject","inLanguage":"es","@id":"https:\/\/www.quebakan.com\/v15\/#\/schema\/logo\/image\/","url":"https:\/\/www.quebakan.com\/v15\/wp-content\/uploads\/2023\/07\/logoquebakanenero2021.jpg","contentUrl":"https:\/\/www.quebakan.com\/v15\/wp-content\/uploads\/2023\/07\/logoquebakanenero2021.jpg","width":1920,"height":1080,"caption":"Quebakan.com"},"image":{"@id":"https:\/\/www.quebakan.com\/v15\/#\/schema\/logo\/image\/"},"sameAs":["http:\/\/www.facebook.com\/quebakan","https:\/\/x.com\/quebakanec","http:\/\/www.instagram.com\/quebakan","http:\/\/www.youtube.com\/quebakan1"]},{"@type":"Person","@id":"https:\/\/www.quebakan.com\/v15\/#\/schema\/person\/d90fa9f9cfa81eb8ace9811e5b7b9118","name":"Erick Villafuerte","image":{"@type":"ImageObject","inLanguage":"es","@id":"https:\/\/www.quebakan.com\/v15\/wp-content\/uploads\/avatars\/4\/1731297654-bpfull.png","url":"https:\/\/www.quebakan.com\/v15\/wp-content\/uploads\/avatars\/4\/1731297654-bpfull.png","contentUrl":"https:\/\/www.quebakan.com\/v15\/wp-content\/uploads\/avatars\/4\/1731297654-bpfull.png","caption":"Erick Villafuerte"}}]}},"_links":{"self":[{"href":"https:\/\/www.quebakan.com\/v15\/wp-json\/wp\/v2\/posts\/118712","targetHints":{"allow":["GET"]}}],"collection":[{"href":"https:\/\/www.quebakan.com\/v15\/wp-json\/wp\/v2\/posts"}],"about":[{"href":"https:\/\/www.quebakan.com\/v15\/wp-json\/wp\/v2\/types\/post"}],"author":[{"embeddable":true,"href":"https:\/\/www.quebakan.com\/v15\/wp-json\/wp\/v2\/users\/4"}],"replies":[{"embeddable":true,"href":"https:\/\/www.quebakan.com\/v15\/wp-json\/wp\/v2\/comments?post=118712"}],"version-history":[{"count":1,"href":"https:\/\/www.quebakan.com\/v15\/wp-json\/wp\/v2\/posts\/118712\/revisions"}],"predecessor-version":[{"id":118714,"href":"https:\/\/www.quebakan.com\/v15\/wp-json\/wp\/v2\/posts\/118712\/revisions\/118714"}],"wp:featuredmedia":[{"embeddable":true,"href":"https:\/\/www.quebakan.com\/v15\/wp-json\/wp\/v2\/media\/118713"}],"wp:attachment":[{"href":"https:\/\/www.quebakan.com\/v15\/wp-json\/wp\/v2\/media?parent=118712"}],"wp:term":[{"taxonomy":"category","embeddable":true,"href":"https:\/\/www.quebakan.com\/v15\/wp-json\/wp\/v2\/categories?post=118712"},{"taxonomy":"post_tag","embeddable":true,"href":"https:\/\/www.quebakan.com\/v15\/wp-json\/wp\/v2\/tags?post=118712"}],"curies":[{"name":"wp","href":"https:\/\/api.w.org\/{rel}","templated":true}]}}