{"id":118715,"date":"2024-05-07T21:58:05","date_gmt":"2024-05-08T02:58:05","guid":{"rendered":"https:\/\/www.quebakan.com\/v15\/?p=118715"},"modified":"2024-05-07T22:00:18","modified_gmt":"2024-05-08T03:00:18","slug":"citymall-enamora-a-mama-con-boleros-y-musica-del-recuerdo","status":"publish","type":"post","link":"https:\/\/www.quebakan.com\/v15\/citymall-enamora-a-mama-con-boleros-y-musica-del-recuerdo\/","title":{"rendered":"CITYMALL ENAMORA A MAM\u00c1  CON BOLEROS Y M\u00daSICA DEL RECUERDO"},"content":{"rendered":"<p><img fetchpriority=\"high\" decoding=\"async\" class=\"aligncenter size-full wp-image-118716\" src=\"https:\/\/www.quebakan.com\/v15\/wp-content\/uploads\/2024\/05\/Dia-de-la-madre-MUSICA-01.jpg\" alt=\"\" width=\"506\" height=\"715\" \/><\/p>\n<p style=\"text-align: justify;\"><span style=\"color: #000000;\"><strong>CityMall<\/strong> comparte la emoci\u00f3n de festejar junto a Mam\u00e1 en su d\u00eda y se complace en presentar un evento especial para celebrarla como ella lo merece, el espacio <strong>\u201cBoleros para Mam\u00e1\u201d,<\/strong> un show cargado de m\u00fasica y sentimientos junto al talentoso <strong>d\u00fao conformado por Francisco Echeverr\u00eda y Carlos Vera. <\/strong><\/span><\/p>\n<p style=\"text-align: justify;\"><span style=\"color: #000000;\">Una tarde de boleros y m\u00fasica del recuerdo podr\u00e1 ser disfrutada el pr\u00f3ximo domingo <strong>12 de mayo<\/strong> a partir de las <strong>13h00<\/strong>, en el escenario ubicado en el <strong>Patio de Comidas de CityMall,<\/strong> donde estos prodigiosos m\u00fasicos presentar\u00e1n un repertorio con una selecci\u00f3n de exquisitas melod\u00edas del ayer, para acompa\u00f1ar y abrigar el coraz\u00f3n y los recuerdos de mam\u00e1, junto a sus seres queridos.<\/span><\/p>\n<p style=\"text-align: justify;\"><span style=\"color: #000000;\">Temas como: <strong><em>Locos de Amor, Piel Canela, Si Nos Dejan, Algo Contigo, L\u00e1grimas Negras, Inolvidable,<\/em><\/strong> entre otros, sin duda ser\u00e1n entonados y acompa\u00f1ados por los asistentes a este espect\u00e1culo.<\/span><\/p>\n<p style=\"text-align: justify;\"><span style=\"color: #000000;\"><strong>CityMall<\/strong> invita a disfrutar de una tarde llena de m\u00fasica, amor y buenos momentos para festejar y enamorar a Mam\u00e1, quien en compa\u00f1\u00eda de su familia, ser\u00e1 la m\u00e1s importante asistente a este rom\u00e1ntico encuentro de artistas.<\/span><\/p>\n<p style=\"text-align: justify;\"><span style=\"color: #000000;\">Para conocer m\u00e1s detalles de este y otras actividades, visite las redes sociales: <strong>Facebook<\/strong> @citymall.ec\u00a0 <strong>Instagram<\/strong> @citymall_gye<\/span><\/p>\n<p><img decoding=\"async\" class=\"aligncenter size-full wp-image-118717\" src=\"https:\/\/www.quebakan.com\/v15\/wp-content\/uploads\/2024\/05\/3.jpg\" alt=\"\" width=\"700\" height=\"467\" \/><\/p>\n<p>&nbsp;<\/p>\n<p><img decoding=\"async\" class=\"aligncenter size-full wp-image-118718\" src=\"https:\/\/www.quebakan.com\/v15\/wp-content\/uploads\/2024\/05\/4.jpg\" alt=\"\" width=\"700\" height=\"467\" \/><\/p>\n","protected":false},"excerpt":{"rendered":"<p>CityMall comparte la emoci\u00f3n de festejar junto a Mam\u00e1 en su d\u00eda y se complace en presentar un evento especial para celebrarla como ella lo merece, el espacio \u201cBoleros para Mam\u00e1\u201d, un show cargado de m\u00fasica y sentimientos junto al talentoso d\u00fao conformado por Francisco Echeverr\u00eda y Carlos Vera. Una tarde de boleros y m\u00fasica [&hellip;]<\/p>\n","protected":false},"author":4,"featured_media":118716,"comment_status":"open","ping_status":"open","sticky":false,"template":"","format":"standard","meta":{"_bbp_topic_count":0,"_bbp_reply_count":0,"_bbp_total_topic_count":0,"_bbp_total_reply_count":0,"_bbp_voice_count":0,"_bbp_anonymous_reply_count":0,"_bbp_topic_count_hidden":0,"_bbp_reply_count_hidden":0,"_bbp_forum_subforum_count":0,"buzzeditor_post_format":"","footnotes":""},"categories":[2],"tags":[],"class_list":["post-118715","post","type-post","status-publish","format-standard","has-post-thumbnail","hentry","category-noticias"],"yoast_head":"<!-- This site is optimized with the Yoast SEO plugin v27.5 - https:\/\/yoast.com\/product\/yoast-seo-wordpress\/ -->\n<title>CITYMALL ENAMORA A MAM\u00c1 CON BOLEROS Y M\u00daSICA DEL RECUERDO &#8211; QUEBAKAN.COM 2026: Noticias, Eventos, Conciertos y mucho m\u00e1s....<\/title>\n<meta name=\"robots\" content=\"index, follow, max-snippet:-1, max-image-preview:large, max-video-preview:-1\" \/>\n<link rel=\"canonical\" href=\"https:\/\/www.quebakan.com\/v15\/citymall-enamora-a-mama-con-boleros-y-musica-del-recuerdo\/\" \/>\n<meta property=\"og:locale\" content=\"es_ES\" \/>\n<meta property=\"og:type\" content=\"article\" \/>\n<meta property=\"og:title\" content=\"CITYMALL ENAMORA A MAM\u00c1 CON BOLEROS Y M\u00daSICA DEL RECUERDO &#8211; QUEBAKAN.COM 2026: Noticias, Eventos, Conciertos y mucho m\u00e1s....\" \/>\n<meta property=\"og:description\" content=\"CityMall comparte la emoci\u00f3n de festejar junto a Mam\u00e1 en su d\u00eda y se complace en presentar un evento especial para celebrarla como ella lo merece, el espacio \u201cBoleros para Mam\u00e1\u201d, un show cargado de m\u00fasica y sentimientos junto al talentoso d\u00fao conformado por Francisco Echeverr\u00eda y Carlos Vera. Una tarde de boleros y m\u00fasica [&hellip;]\" \/>\n<meta property=\"og:url\" content=\"https:\/\/www.quebakan.com\/v15\/citymall-enamora-a-mama-con-boleros-y-musica-del-recuerdo\/\" \/>\n<meta property=\"og:site_name\" content=\"QUEBAKAN.COM 2026: Noticias, Eventos, Conciertos y mucho m\u00e1s....\" \/>\n<meta property=\"article:publisher\" content=\"http:\/\/www.facebook.com\/quebakan\" \/>\n<meta property=\"article:published_time\" content=\"2024-05-08T02:58:05+00:00\" \/>\n<meta property=\"article:modified_time\" content=\"2024-05-08T03:00:18+00:00\" \/>\n<meta property=\"og:image\" content=\"https:\/\/www.quebakan.com\/v15\/wp-content\/uploads\/2024\/05\/Dia-de-la-madre-MUSICA-01.jpg\" \/>\n\t<meta property=\"og:image:width\" content=\"506\" \/>\n\t<meta property=\"og:image:height\" content=\"715\" \/>\n\t<meta property=\"og:image:type\" content=\"image\/jpeg\" \/>\n<meta name=\"author\" content=\"Erick Villafuerte\" \/>\n<meta name=\"twitter:card\" content=\"summary_large_image\" \/>\n<meta name=\"twitter:creator\" content=\"@quebakanec\" \/>\n<meta name=\"twitter:site\" content=\"@quebakanec\" \/>\n<meta name=\"twitter:label1\" content=\"Escrito por\" \/>\n\t<meta name=\"twitter:data1\" content=\"Erick Villafuerte\" \/>\n\t<meta name=\"twitter:label2\" content=\"Tiempo de lectura\" \/>\n\t<meta name=\"twitter:data2\" content=\"2 minutos\" \/>\n<script type=\"application\/ld+json\" class=\"yoast-schema-graph\">{\"@context\":\"https:\\\/\\\/schema.org\",\"@graph\":[{\"@type\":\"Article\",\"@id\":\"https:\\\/\\\/www.quebakan.com\\\/v15\\\/citymall-enamora-a-mama-con-boleros-y-musica-del-recuerdo\\\/#article\",\"isPartOf\":{\"@id\":\"https:\\\/\\\/www.quebakan.com\\\/v15\\\/citymall-enamora-a-mama-con-boleros-y-musica-del-recuerdo\\\/\"},\"author\":{\"name\":\"Erick Villafuerte\",\"@id\":\"https:\\\/\\\/www.quebakan.com\\\/v15\\\/#\\\/schema\\\/person\\\/d90fa9f9cfa81eb8ace9811e5b7b9118\"},\"headline\":\"CITYMALL ENAMORA A MAM\u00c1 CON BOLEROS Y M\u00daSICA DEL RECUERDO\",\"datePublished\":\"2024-05-08T02:58:05+00:00\",\"dateModified\":\"2024-05-08T03:00:18+00:00\",\"mainEntityOfPage\":{\"@id\":\"https:\\\/\\\/www.quebakan.com\\\/v15\\\/citymall-enamora-a-mama-con-boleros-y-musica-del-recuerdo\\\/\"},\"wordCount\":231,\"commentCount\":0,\"publisher\":{\"@id\":\"https:\\\/\\\/www.quebakan.com\\\/v15\\\/#organization\"},\"image\":{\"@id\":\"https:\\\/\\\/www.quebakan.com\\\/v15\\\/citymall-enamora-a-mama-con-boleros-y-musica-del-recuerdo\\\/#primaryimage\"},\"thumbnailUrl\":\"https:\\\/\\\/www.quebakan.com\\\/v15\\\/wp-content\\\/uploads\\\/2024\\\/05\\\/Dia-de-la-madre-MUSICA-01.jpg\",\"articleSection\":[\"Noticias\"],\"inLanguage\":\"es\"},{\"@type\":\"WebPage\",\"@id\":\"https:\\\/\\\/www.quebakan.com\\\/v15\\\/citymall-enamora-a-mama-con-boleros-y-musica-del-recuerdo\\\/\",\"url\":\"https:\\\/\\\/www.quebakan.com\\\/v15\\\/citymall-enamora-a-mama-con-boleros-y-musica-del-recuerdo\\\/\",\"name\":\"CITYMALL ENAMORA A MAM\u00c1 CON BOLEROS Y M\u00daSICA DEL RECUERDO &#8211; QUEBAKAN.COM 2026: Noticias, Eventos, Conciertos y mucho m\u00e1s....\",\"isPartOf\":{\"@id\":\"https:\\\/\\\/www.quebakan.com\\\/v15\\\/#website\"},\"primaryImageOfPage\":{\"@id\":\"https:\\\/\\\/www.quebakan.com\\\/v15\\\/citymall-enamora-a-mama-con-boleros-y-musica-del-recuerdo\\\/#primaryimage\"},\"image\":{\"@id\":\"https:\\\/\\\/www.quebakan.com\\\/v15\\\/citymall-enamora-a-mama-con-boleros-y-musica-del-recuerdo\\\/#primaryimage\"},\"thumbnailUrl\":\"https:\\\/\\\/www.quebakan.com\\\/v15\\\/wp-content\\\/uploads\\\/2024\\\/05\\\/Dia-de-la-madre-MUSICA-01.jpg\",\"datePublished\":\"2024-05-08T02:58:05+00:00\",\"dateModified\":\"2024-05-08T03:00:18+00:00\",\"breadcrumb\":{\"@id\":\"https:\\\/\\\/www.quebakan.com\\\/v15\\\/citymall-enamora-a-mama-con-boleros-y-musica-del-recuerdo\\\/#breadcrumb\"},\"inLanguage\":\"es\",\"potentialAction\":[{\"@type\":\"ReadAction\",\"target\":[\"https:\\\/\\\/www.quebakan.com\\\/v15\\\/citymall-enamora-a-mama-con-boleros-y-musica-del-recuerdo\\\/\"]}]},{\"@type\":\"ImageObject\",\"inLanguage\":\"es\",\"@id\":\"https:\\\/\\\/www.quebakan.com\\\/v15\\\/citymall-enamora-a-mama-con-boleros-y-musica-del-recuerdo\\\/#primaryimage\",\"url\":\"https:\\\/\\\/www.quebakan.com\\\/v15\\\/wp-content\\\/uploads\\\/2024\\\/05\\\/Dia-de-la-madre-MUSICA-01.jpg\",\"contentUrl\":\"https:\\\/\\\/www.quebakan.com\\\/v15\\\/wp-content\\\/uploads\\\/2024\\\/05\\\/Dia-de-la-madre-MUSICA-01.jpg\",\"width\":506,\"height\":715},{\"@type\":\"BreadcrumbList\",\"@id\":\"https:\\\/\\\/www.quebakan.com\\\/v15\\\/citymall-enamora-a-mama-con-boleros-y-musica-del-recuerdo\\\/#breadcrumb\",\"itemListElement\":[{\"@type\":\"ListItem\",\"position\":1,\"name\":\"Portada\",\"item\":\"https:\\\/\\\/www.quebakan.com\\\/v15\\\/\"},{\"@type\":\"ListItem\",\"position\":2,\"name\":\"CITYMALL ENAMORA A MAM\u00c1 CON BOLEROS Y M\u00daSICA DEL RECUERDO\"}]},{\"@type\":\"WebSite\",\"@id\":\"https:\\\/\\\/www.quebakan.com\\\/v15\\\/#website\",\"url\":\"https:\\\/\\\/www.quebakan.com\\\/v15\\\/\",\"name\":\"QUEBAKAN\",\"description\":\"..\",\"publisher\":{\"@id\":\"https:\\\/\\\/www.quebakan.com\\\/v15\\\/#organization\"},\"potentialAction\":[{\"@type\":\"SearchAction\",\"target\":{\"@type\":\"EntryPoint\",\"urlTemplate\":\"https:\\\/\\\/www.quebakan.com\\\/v15\\\/?s={search_term_string}\"},\"query-input\":{\"@type\":\"PropertyValueSpecification\",\"valueRequired\":true,\"valueName\":\"search_term_string\"}}],\"inLanguage\":\"es\"},{\"@type\":\"Organization\",\"@id\":\"https:\\\/\\\/www.quebakan.com\\\/v15\\\/#organization\",\"name\":\"Quebakan.com\",\"url\":\"https:\\\/\\\/www.quebakan.com\\\/v15\\\/\",\"logo\":{\"@type\":\"ImageObject\",\"inLanguage\":\"es\",\"@id\":\"https:\\\/\\\/www.quebakan.com\\\/v15\\\/#\\\/schema\\\/logo\\\/image\\\/\",\"url\":\"https:\\\/\\\/www.quebakan.com\\\/v15\\\/wp-content\\\/uploads\\\/2023\\\/07\\\/logoquebakanenero2021.jpg\",\"contentUrl\":\"https:\\\/\\\/www.quebakan.com\\\/v15\\\/wp-content\\\/uploads\\\/2023\\\/07\\\/logoquebakanenero2021.jpg\",\"width\":1920,\"height\":1080,\"caption\":\"Quebakan.com\"},\"image\":{\"@id\":\"https:\\\/\\\/www.quebakan.com\\\/v15\\\/#\\\/schema\\\/logo\\\/image\\\/\"},\"sameAs\":[\"http:\\\/\\\/www.facebook.com\\\/quebakan\",\"https:\\\/\\\/x.com\\\/quebakanec\",\"http:\\\/\\\/www.instagram.com\\\/quebakan\",\"http:\\\/\\\/www.youtube.com\\\/quebakan1\"]},{\"@type\":\"Person\",\"@id\":\"https:\\\/\\\/www.quebakan.com\\\/v15\\\/#\\\/schema\\\/person\\\/d90fa9f9cfa81eb8ace9811e5b7b9118\",\"name\":\"Erick Villafuerte\",\"image\":{\"@type\":\"ImageObject\",\"inLanguage\":\"es\",\"@id\":\"https:\\\/\\\/www.quebakan.com\\\/v15\\\/wp-content\\\/uploads\\\/avatars\\\/4\\\/1731297654-bpfull.png\",\"url\":\"https:\\\/\\\/www.quebakan.com\\\/v15\\\/wp-content\\\/uploads\\\/avatars\\\/4\\\/1731297654-bpfull.png\",\"contentUrl\":\"https:\\\/\\\/www.quebakan.com\\\/v15\\\/wp-content\\\/uploads\\\/avatars\\\/4\\\/1731297654-bpfull.png\",\"caption\":\"Erick Villafuerte\"}}]}<\/script>\n<!-- \/ Yoast SEO plugin. -->","yoast_head_json":{"title":"CITYMALL ENAMORA A MAM\u00c1 CON BOLEROS Y M\u00daSICA DEL RECUERDO &#8211; QUEBAKAN.COM 2026: Noticias, Eventos, Conciertos y mucho m\u00e1s....","robots":{"index":"index","follow":"follow","max-snippet":"max-snippet:-1","max-image-preview":"max-image-preview:large","max-video-preview":"max-video-preview:-1"},"canonical":"https:\/\/www.quebakan.com\/v15\/citymall-enamora-a-mama-con-boleros-y-musica-del-recuerdo\/","og_locale":"es_ES","og_type":"article","og_title":"CITYMALL ENAMORA A MAM\u00c1 CON BOLEROS Y M\u00daSICA DEL RECUERDO &#8211; QUEBAKAN.COM 2026: Noticias, Eventos, Conciertos y mucho m\u00e1s....","og_description":"CityMall comparte la emoci\u00f3n de festejar junto a Mam\u00e1 en su d\u00eda y se complace en presentar un evento especial para celebrarla como ella lo merece, el espacio \u201cBoleros para Mam\u00e1\u201d, un show cargado de m\u00fasica y sentimientos junto al talentoso d\u00fao conformado por Francisco Echeverr\u00eda y Carlos Vera. Una tarde de boleros y m\u00fasica [&hellip;]","og_url":"https:\/\/www.quebakan.com\/v15\/citymall-enamora-a-mama-con-boleros-y-musica-del-recuerdo\/","og_site_name":"QUEBAKAN.COM 2026: Noticias, Eventos, Conciertos y mucho m\u00e1s....","article_publisher":"http:\/\/www.facebook.com\/quebakan","article_published_time":"2024-05-08T02:58:05+00:00","article_modified_time":"2024-05-08T03:00:18+00:00","og_image":[{"width":506,"height":715,"url":"https:\/\/www.quebakan.com\/v15\/wp-content\/uploads\/2024\/05\/Dia-de-la-madre-MUSICA-01.jpg","type":"image\/jpeg"}],"author":"Erick Villafuerte","twitter_card":"summary_large_image","twitter_creator":"@quebakanec","twitter_site":"@quebakanec","twitter_misc":{"Escrito por":"Erick Villafuerte","Tiempo de lectura":"2 minutos"},"schema":{"@context":"https:\/\/schema.org","@graph":[{"@type":"Article","@id":"https:\/\/www.quebakan.com\/v15\/citymall-enamora-a-mama-con-boleros-y-musica-del-recuerdo\/#article","isPartOf":{"@id":"https:\/\/www.quebakan.com\/v15\/citymall-enamora-a-mama-con-boleros-y-musica-del-recuerdo\/"},"author":{"name":"Erick Villafuerte","@id":"https:\/\/www.quebakan.com\/v15\/#\/schema\/person\/d90fa9f9cfa81eb8ace9811e5b7b9118"},"headline":"CITYMALL ENAMORA A MAM\u00c1 CON BOLEROS Y M\u00daSICA DEL RECUERDO","datePublished":"2024-05-08T02:58:05+00:00","dateModified":"2024-05-08T03:00:18+00:00","mainEntityOfPage":{"@id":"https:\/\/www.quebakan.com\/v15\/citymall-enamora-a-mama-con-boleros-y-musica-del-recuerdo\/"},"wordCount":231,"commentCount":0,"publisher":{"@id":"https:\/\/www.quebakan.com\/v15\/#organization"},"image":{"@id":"https:\/\/www.quebakan.com\/v15\/citymall-enamora-a-mama-con-boleros-y-musica-del-recuerdo\/#primaryimage"},"thumbnailUrl":"https:\/\/www.quebakan.com\/v15\/wp-content\/uploads\/2024\/05\/Dia-de-la-madre-MUSICA-01.jpg","articleSection":["Noticias"],"inLanguage":"es"},{"@type":"WebPage","@id":"https:\/\/www.quebakan.com\/v15\/citymall-enamora-a-mama-con-boleros-y-musica-del-recuerdo\/","url":"https:\/\/www.quebakan.com\/v15\/citymall-enamora-a-mama-con-boleros-y-musica-del-recuerdo\/","name":"CITYMALL ENAMORA A MAM\u00c1 CON BOLEROS Y M\u00daSICA DEL RECUERDO &#8211; QUEBAKAN.COM 2026: Noticias, Eventos, Conciertos y mucho m\u00e1s....","isPartOf":{"@id":"https:\/\/www.quebakan.com\/v15\/#website"},"primaryImageOfPage":{"@id":"https:\/\/www.quebakan.com\/v15\/citymall-enamora-a-mama-con-boleros-y-musica-del-recuerdo\/#primaryimage"},"image":{"@id":"https:\/\/www.quebakan.com\/v15\/citymall-enamora-a-mama-con-boleros-y-musica-del-recuerdo\/#primaryimage"},"thumbnailUrl":"https:\/\/www.quebakan.com\/v15\/wp-content\/uploads\/2024\/05\/Dia-de-la-madre-MUSICA-01.jpg","datePublished":"2024-05-08T02:58:05+00:00","dateModified":"2024-05-08T03:00:18+00:00","breadcrumb":{"@id":"https:\/\/www.quebakan.com\/v15\/citymall-enamora-a-mama-con-boleros-y-musica-del-recuerdo\/#breadcrumb"},"inLanguage":"es","potentialAction":[{"@type":"ReadAction","target":["https:\/\/www.quebakan.com\/v15\/citymall-enamora-a-mama-con-boleros-y-musica-del-recuerdo\/"]}]},{"@type":"ImageObject","inLanguage":"es","@id":"https:\/\/www.quebakan.com\/v15\/citymall-enamora-a-mama-con-boleros-y-musica-del-recuerdo\/#primaryimage","url":"https:\/\/www.quebakan.com\/v15\/wp-content\/uploads\/2024\/05\/Dia-de-la-madre-MUSICA-01.jpg","contentUrl":"https:\/\/www.quebakan.com\/v15\/wp-content\/uploads\/2024\/05\/Dia-de-la-madre-MUSICA-01.jpg","width":506,"height":715},{"@type":"BreadcrumbList","@id":"https:\/\/www.quebakan.com\/v15\/citymall-enamora-a-mama-con-boleros-y-musica-del-recuerdo\/#breadcrumb","itemListElement":[{"@type":"ListItem","position":1,"name":"Portada","item":"https:\/\/www.quebakan.com\/v15\/"},{"@type":"ListItem","position":2,"name":"CITYMALL ENAMORA A MAM\u00c1 CON BOLEROS Y M\u00daSICA DEL RECUERDO"}]},{"@type":"WebSite","@id":"https:\/\/www.quebakan.com\/v15\/#website","url":"https:\/\/www.quebakan.com\/v15\/","name":"QUEBAKAN","description":"..","publisher":{"@id":"https:\/\/www.quebakan.com\/v15\/#organization"},"potentialAction":[{"@type":"SearchAction","target":{"@type":"EntryPoint","urlTemplate":"https:\/\/www.quebakan.com\/v15\/?s={search_term_string}"},"query-input":{"@type":"PropertyValueSpecification","valueRequired":true,"valueName":"search_term_string"}}],"inLanguage":"es"},{"@type":"Organization","@id":"https:\/\/www.quebakan.com\/v15\/#organization","name":"Quebakan.com","url":"https:\/\/www.quebakan.com\/v15\/","logo":{"@type":"ImageObject","inLanguage":"es","@id":"https:\/\/www.quebakan.com\/v15\/#\/schema\/logo\/image\/","url":"https:\/\/www.quebakan.com\/v15\/wp-content\/uploads\/2023\/07\/logoquebakanenero2021.jpg","contentUrl":"https:\/\/www.quebakan.com\/v15\/wp-content\/uploads\/2023\/07\/logoquebakanenero2021.jpg","width":1920,"height":1080,"caption":"Quebakan.com"},"image":{"@id":"https:\/\/www.quebakan.com\/v15\/#\/schema\/logo\/image\/"},"sameAs":["http:\/\/www.facebook.com\/quebakan","https:\/\/x.com\/quebakanec","http:\/\/www.instagram.com\/quebakan","http:\/\/www.youtube.com\/quebakan1"]},{"@type":"Person","@id":"https:\/\/www.quebakan.com\/v15\/#\/schema\/person\/d90fa9f9cfa81eb8ace9811e5b7b9118","name":"Erick Villafuerte","image":{"@type":"ImageObject","inLanguage":"es","@id":"https:\/\/www.quebakan.com\/v15\/wp-content\/uploads\/avatars\/4\/1731297654-bpfull.png","url":"https:\/\/www.quebakan.com\/v15\/wp-content\/uploads\/avatars\/4\/1731297654-bpfull.png","contentUrl":"https:\/\/www.quebakan.com\/v15\/wp-content\/uploads\/avatars\/4\/1731297654-bpfull.png","caption":"Erick Villafuerte"}}]}},"_links":{"self":[{"href":"https:\/\/www.quebakan.com\/v15\/wp-json\/wp\/v2\/posts\/118715","targetHints":{"allow":["GET"]}}],"collection":[{"href":"https:\/\/www.quebakan.com\/v15\/wp-json\/wp\/v2\/posts"}],"about":[{"href":"https:\/\/www.quebakan.com\/v15\/wp-json\/wp\/v2\/types\/post"}],"author":[{"embeddable":true,"href":"https:\/\/www.quebakan.com\/v15\/wp-json\/wp\/v2\/users\/4"}],"replies":[{"embeddable":true,"href":"https:\/\/www.quebakan.com\/v15\/wp-json\/wp\/v2\/comments?post=118715"}],"version-history":[{"count":2,"href":"https:\/\/www.quebakan.com\/v15\/wp-json\/wp\/v2\/posts\/118715\/revisions"}],"predecessor-version":[{"id":118720,"href":"https:\/\/www.quebakan.com\/v15\/wp-json\/wp\/v2\/posts\/118715\/revisions\/118720"}],"wp:featuredmedia":[{"embeddable":true,"href":"https:\/\/www.quebakan.com\/v15\/wp-json\/wp\/v2\/media\/118716"}],"wp:attachment":[{"href":"https:\/\/www.quebakan.com\/v15\/wp-json\/wp\/v2\/media?parent=118715"}],"wp:term":[{"taxonomy":"category","embeddable":true,"href":"https:\/\/www.quebakan.com\/v15\/wp-json\/wp\/v2\/categories?post=118715"},{"taxonomy":"post_tag","embeddable":true,"href":"https:\/\/www.quebakan.com\/v15\/wp-json\/wp\/v2\/tags?post=118715"}],"curies":[{"name":"wp","href":"https:\/\/api.w.org\/{rel}","templated":true}]}}