{"id":118724,"date":"2024-05-07T22:53:39","date_gmt":"2024-05-08T03:53:39","guid":{"rendered":"https:\/\/www.quebakan.com\/v15\/?p=118724"},"modified":"2024-05-07T22:53:39","modified_gmt":"2024-05-08T03:53:39","slug":"el-40-de-los-estudiantes-entre-11-y-18-anos-se-sienten-seguros-en-su-entorno-educativo-en-ecuador","status":"publish","type":"post","link":"https:\/\/www.quebakan.com\/v15\/el-40-de-los-estudiantes-entre-11-y-18-anos-se-sienten-seguros-en-su-entorno-educativo-en-ecuador\/","title":{"rendered":"El 40% de los estudiantes entre 11 y 18 a\u00f1os se sienten seguros en su entorno educativo en Ecuador"},"content":{"rendered":"<p><img fetchpriority=\"high\" decoding=\"async\" class=\"aligncenter size-full wp-image-118725\" src=\"https:\/\/www.quebakan.com\/v15\/wp-content\/uploads\/2024\/05\/Nosotras.jpg\" alt=\"\" width=\"700\" height=\"525\" \/><\/p>\n<ul>\n<li style=\"text-align: justify;\"><span style=\"color: #000000;\">La Organizaci\u00f3n para la Cooperaci\u00f3n y Desarrollo Econ\u00f3mico- OCDE, encargada de velar por el desarrollo adecuado de los pa\u00edses, menciona la importancia del papel del testigo como eje fundamental para acabar con el acoso. Cuando una situaci\u00f3n de bullying ocurre, los espectadores est\u00e1n presentes el 80% del tiempo.<\/span><\/li>\n<li style=\"text-align: justify;\"><span style=\"color: #000000;\">Nosotras\u00ae, una marca de Essity, une fuerzas para alzar la voz sin miedo, bajo el lema <strong>\u00abNo estoy del lado del bullying y no necesito tu aprobaci\u00f3n\u201d<\/strong> y hacer un llamado a los testigos a actuar para cesar esta problem\u00e1tica.<\/span><\/li>\n<\/ul>\n<p style=\"text-align: justify;\"><span style=\"color: #000000;\"><strong>Quito, mayo 2024<\/strong> \u2013 Seg\u00fan un estudio de la ONG Internacional Bullying Sin Fronteras para Am\u00e9rica, Europa, Asia, Ocean\u00eda y \u00c1frica, realizado entre enero 2022 y abril de 2023, determin\u00f3 que 6 de cada 10 ni\u00f1os sufren todos los d\u00edas alg\u00fan de tipo de acoso y ciberacoso. En Ecuador, existen 24,200 casos registrados seg\u00fan la ONG.<\/span><\/p>\n<p style=\"text-align: justify;\"><span style=\"color: #000000;\">En el contexto del D\u00eda Mundial contra el Bullying, Nosotras\u00ae, una marca de Essity, contin\u00faa su compromiso activo en la lucha contra esta problem\u00e1tica que persiste en ausencia de acci\u00f3n. En el a\u00f1o 2024, lanzaremos la campa\u00f1a \u00abBullying por Loving\u00bb con el objetivo de destacar la importancia de que los testigos no permanezcan indiferentes ante estas situaciones.<\/span><\/p>\n<p style=\"text-align: justify;\"><span style=\"color: #000000;\">Cuando el bullying ocurre, los espectadores est\u00e1n presentes el 80% del tiempo y son quienes, de acuerdo con su proceder, pueden agravar o minimizar la situaci\u00f3n. Seg\u00fan la OCDE, el 84% de los casos de bullying termina cuando otras personas intervienen, por lo que el papel de los observadores es fundamental para acabar con esta problem\u00e1tica.<\/span><\/p>\n<p style=\"text-align: justify;\"><span style=\"color: #000000;\">Los observadores pueden ser:<\/span><\/p>\n<ul style=\"text-align: justify;\">\n<li><span style=\"color: #000000;\"><u>Pasivos:<\/u> sienten culpa por no defender al intimidado, pero al mismo tiempo, sienten miedo porque piensan que se van a convertir en el actor intimidado\u200b.<\/span><\/li>\n<li><span style=\"color: #000000;\"><u>Activos:<\/u> son quienes, sin agredir o atacar directamente al intimidado, ofrecen retroalimentaci\u00f3n positiva a quien est\u00e1 haciendo bullying.\u200b<\/span><\/li>\n<li><span style=\"color: #000000;\"><u>Proactivos:<\/u> piensan que si reportan la situaci\u00f3n de acoso va a parar y adem\u00e1s tienen empat\u00eda, pensamiento cr\u00edtico y se compadecen de los dem\u00e1s.<\/span><\/li>\n<\/ul>\n<p style=\"text-align: justify;\"><span style=\"color: #000000;\">\u201cEs el momento de recordar a la comunidad que defender a otros no es ser un \u2018sapo\u2019, sino ser valiente. La pubertad, con todas sus particularidades, es parte natural de la vida, y el bullying solo prospera cuando nadie act\u00faa\u201d, afirma Natalia C\u00e1rdenas, experta en prevenci\u00f3n de Bullying y Ciberacoso.<\/span><\/p>\n<p style=\"text-align: justify;\"><span style=\"color: #000000;\">Desde hace ocho a\u00f1os, Nosotras\u00ae ha impulsado la campa\u00f1a Bullying por Loving que invita a las personas a empoderarse, sentirse aut\u00e9nticas y amarse a trav\u00e9s de diversas estrategias, principalmente la comunicaci\u00f3n, para mantener la conciencia sobre la problem\u00e1tica. \u200bBullying por Loving ha llegado 250.000 en 200 instituciones educativas en Ecuador.<\/span><\/p>\n<p style=\"text-align: justify;\"><span style=\"color: #000000;\">\u201cPara Nosotras\u00ae, fomentar el amor propio y la seguridad de los ni\u00f1os y j\u00f3venes es responsabilidad de todos y por eso es clave propiciar campa\u00f1as que promuevan la salud emocional y el desarrollo de mensajes que mitiguen o atiendan de manera oportuna diversas problem\u00e1ticas. Para esta ocasi\u00f3n trabajamos sobre el rol del testigo, entendiendo su papel protag\u00f3nico dentro en los casos de bullying y su capacidad para detener estas situaciones. Ese es el llamado que pretendemos reforzar con la campa\u00f1a: alzar la voz y tomar acci\u00f3n sobre el bienestar y la salud de las personas\u201d, Paola Mena, Gerente de Marca Nosotras.<\/span><\/p>\n<p style=\"text-align: justify;\"><span style=\"color: #000000;\">Cabe resaltar que la campa\u00f1a <a style=\"color: #000000;\" href=\"https:\/\/www.nosotrasonline.com.ec\/magazin\/nuestro-mundo\/\">Bullying por Loving<\/a> cuenta con una variedad de recursos en su sitio web: art\u00edculos, infograf\u00edas y videos, para que ni\u00f1os, ni\u00f1as y adolescentes, junto con sus familias, puedan aprender m\u00e1s sobre el tema del acoso escolar. Adem\u00e1s, ofrece un consultorio virtual gratuito atendido por especialistas en salud, donde todos pueden resolver dudas relacionadas con esta problem\u00e1tica.<\/span><\/p>\n","protected":false},"excerpt":{"rendered":"<p>La Organizaci\u00f3n para la Cooperaci\u00f3n y Desarrollo Econ\u00f3mico- OCDE, encargada de velar por el desarrollo adecuado de los pa\u00edses, menciona la importancia del papel del testigo como eje fundamental para acabar con el acoso. Cuando una situaci\u00f3n de bullying ocurre, los espectadores est\u00e1n presentes el 80% del tiempo. Nosotras\u00ae, una marca de Essity, une fuerzas [&hellip;]<\/p>\n","protected":false},"author":4,"featured_media":118725,"comment_status":"open","ping_status":"open","sticky":false,"template":"","format":"standard","meta":{"_bbp_topic_count":0,"_bbp_reply_count":0,"_bbp_total_topic_count":0,"_bbp_total_reply_count":0,"_bbp_voice_count":0,"_bbp_anonymous_reply_count":0,"_bbp_topic_count_hidden":0,"_bbp_reply_count_hidden":0,"_bbp_forum_subforum_count":0,"buzzeditor_post_format":"","footnotes":""},"categories":[2],"tags":[],"class_list":["post-118724","post","type-post","status-publish","format-standard","has-post-thumbnail","hentry","category-noticias"],"yoast_head":"<!-- This site is optimized with the Yoast SEO plugin v27.5 - https:\/\/yoast.com\/product\/yoast-seo-wordpress\/ -->\n<title>El 40% de los estudiantes entre 11 y 18 a\u00f1os se sienten seguros en su entorno educativo en Ecuador &#8211; QUEBAKAN.COM 2026: Noticias, Eventos, Conciertos y mucho m\u00e1s....<\/title>\n<meta name=\"robots\" content=\"index, follow, max-snippet:-1, max-image-preview:large, max-video-preview:-1\" \/>\n<link rel=\"canonical\" href=\"https:\/\/www.quebakan.com\/v15\/el-40-de-los-estudiantes-entre-11-y-18-anos-se-sienten-seguros-en-su-entorno-educativo-en-ecuador\/\" \/>\n<meta property=\"og:locale\" content=\"es_ES\" \/>\n<meta property=\"og:type\" content=\"article\" \/>\n<meta property=\"og:title\" content=\"El 40% de los estudiantes entre 11 y 18 a\u00f1os se sienten seguros en su entorno educativo en Ecuador &#8211; QUEBAKAN.COM 2026: Noticias, Eventos, Conciertos y mucho m\u00e1s....\" \/>\n<meta property=\"og:description\" content=\"La Organizaci\u00f3n para la Cooperaci\u00f3n y Desarrollo Econ\u00f3mico- OCDE, encargada de velar por el desarrollo adecuado de los pa\u00edses, menciona la importancia del papel del testigo como eje fundamental para acabar con el acoso. Cuando una situaci\u00f3n de bullying ocurre, los espectadores est\u00e1n presentes el 80% del tiempo. Nosotras\u00ae, una marca de Essity, une fuerzas [&hellip;]\" \/>\n<meta property=\"og:url\" content=\"https:\/\/www.quebakan.com\/v15\/el-40-de-los-estudiantes-entre-11-y-18-anos-se-sienten-seguros-en-su-entorno-educativo-en-ecuador\/\" \/>\n<meta property=\"og:site_name\" content=\"QUEBAKAN.COM 2026: Noticias, Eventos, Conciertos y mucho m\u00e1s....\" \/>\n<meta property=\"article:publisher\" content=\"http:\/\/www.facebook.com\/quebakan\" \/>\n<meta property=\"article:published_time\" content=\"2024-05-08T03:53:39+00:00\" \/>\n<meta property=\"og:image\" content=\"https:\/\/www.quebakan.com\/v15\/wp-content\/uploads\/2024\/05\/Nosotras.jpg\" \/>\n\t<meta property=\"og:image:width\" content=\"700\" \/>\n\t<meta property=\"og:image:height\" content=\"525\" \/>\n\t<meta property=\"og:image:type\" content=\"image\/jpeg\" \/>\n<meta name=\"author\" content=\"Erick Villafuerte\" \/>\n<meta name=\"twitter:card\" content=\"summary_large_image\" \/>\n<meta name=\"twitter:creator\" content=\"@quebakanec\" \/>\n<meta name=\"twitter:site\" content=\"@quebakanec\" \/>\n<meta name=\"twitter:label1\" content=\"Escrito por\" \/>\n\t<meta name=\"twitter:data1\" content=\"Erick Villafuerte\" \/>\n\t<meta name=\"twitter:label2\" content=\"Tiempo de lectura\" \/>\n\t<meta name=\"twitter:data2\" content=\"4 minutos\" \/>\n<script type=\"application\/ld+json\" class=\"yoast-schema-graph\">{\"@context\":\"https:\\\/\\\/schema.org\",\"@graph\":[{\"@type\":\"Article\",\"@id\":\"https:\\\/\\\/www.quebakan.com\\\/v15\\\/el-40-de-los-estudiantes-entre-11-y-18-anos-se-sienten-seguros-en-su-entorno-educativo-en-ecuador\\\/#article\",\"isPartOf\":{\"@id\":\"https:\\\/\\\/www.quebakan.com\\\/v15\\\/el-40-de-los-estudiantes-entre-11-y-18-anos-se-sienten-seguros-en-su-entorno-educativo-en-ecuador\\\/\"},\"author\":{\"name\":\"Erick Villafuerte\",\"@id\":\"https:\\\/\\\/www.quebakan.com\\\/v15\\\/#\\\/schema\\\/person\\\/d90fa9f9cfa81eb8ace9811e5b7b9118\"},\"headline\":\"El 40% de los estudiantes entre 11 y 18 a\u00f1os se sienten seguros en su entorno educativo en Ecuador\",\"datePublished\":\"2024-05-08T03:53:39+00:00\",\"mainEntityOfPage\":{\"@id\":\"https:\\\/\\\/www.quebakan.com\\\/v15\\\/el-40-de-los-estudiantes-entre-11-y-18-anos-se-sienten-seguros-en-su-entorno-educativo-en-ecuador\\\/\"},\"wordCount\":650,\"commentCount\":0,\"publisher\":{\"@id\":\"https:\\\/\\\/www.quebakan.com\\\/v15\\\/#organization\"},\"image\":{\"@id\":\"https:\\\/\\\/www.quebakan.com\\\/v15\\\/el-40-de-los-estudiantes-entre-11-y-18-anos-se-sienten-seguros-en-su-entorno-educativo-en-ecuador\\\/#primaryimage\"},\"thumbnailUrl\":\"https:\\\/\\\/www.quebakan.com\\\/v15\\\/wp-content\\\/uploads\\\/2024\\\/05\\\/Nosotras.jpg\",\"articleSection\":[\"Noticias\"],\"inLanguage\":\"es\"},{\"@type\":\"WebPage\",\"@id\":\"https:\\\/\\\/www.quebakan.com\\\/v15\\\/el-40-de-los-estudiantes-entre-11-y-18-anos-se-sienten-seguros-en-su-entorno-educativo-en-ecuador\\\/\",\"url\":\"https:\\\/\\\/www.quebakan.com\\\/v15\\\/el-40-de-los-estudiantes-entre-11-y-18-anos-se-sienten-seguros-en-su-entorno-educativo-en-ecuador\\\/\",\"name\":\"El 40% de los estudiantes entre 11 y 18 a\u00f1os se sienten seguros en su entorno educativo en Ecuador &#8211; QUEBAKAN.COM 2026: Noticias, Eventos, Conciertos y mucho m\u00e1s....\",\"isPartOf\":{\"@id\":\"https:\\\/\\\/www.quebakan.com\\\/v15\\\/#website\"},\"primaryImageOfPage\":{\"@id\":\"https:\\\/\\\/www.quebakan.com\\\/v15\\\/el-40-de-los-estudiantes-entre-11-y-18-anos-se-sienten-seguros-en-su-entorno-educativo-en-ecuador\\\/#primaryimage\"},\"image\":{\"@id\":\"https:\\\/\\\/www.quebakan.com\\\/v15\\\/el-40-de-los-estudiantes-entre-11-y-18-anos-se-sienten-seguros-en-su-entorno-educativo-en-ecuador\\\/#primaryimage\"},\"thumbnailUrl\":\"https:\\\/\\\/www.quebakan.com\\\/v15\\\/wp-content\\\/uploads\\\/2024\\\/05\\\/Nosotras.jpg\",\"datePublished\":\"2024-05-08T03:53:39+00:00\",\"breadcrumb\":{\"@id\":\"https:\\\/\\\/www.quebakan.com\\\/v15\\\/el-40-de-los-estudiantes-entre-11-y-18-anos-se-sienten-seguros-en-su-entorno-educativo-en-ecuador\\\/#breadcrumb\"},\"inLanguage\":\"es\",\"potentialAction\":[{\"@type\":\"ReadAction\",\"target\":[\"https:\\\/\\\/www.quebakan.com\\\/v15\\\/el-40-de-los-estudiantes-entre-11-y-18-anos-se-sienten-seguros-en-su-entorno-educativo-en-ecuador\\\/\"]}]},{\"@type\":\"ImageObject\",\"inLanguage\":\"es\",\"@id\":\"https:\\\/\\\/www.quebakan.com\\\/v15\\\/el-40-de-los-estudiantes-entre-11-y-18-anos-se-sienten-seguros-en-su-entorno-educativo-en-ecuador\\\/#primaryimage\",\"url\":\"https:\\\/\\\/www.quebakan.com\\\/v15\\\/wp-content\\\/uploads\\\/2024\\\/05\\\/Nosotras.jpg\",\"contentUrl\":\"https:\\\/\\\/www.quebakan.com\\\/v15\\\/wp-content\\\/uploads\\\/2024\\\/05\\\/Nosotras.jpg\",\"width\":700,\"height\":525},{\"@type\":\"BreadcrumbList\",\"@id\":\"https:\\\/\\\/www.quebakan.com\\\/v15\\\/el-40-de-los-estudiantes-entre-11-y-18-anos-se-sienten-seguros-en-su-entorno-educativo-en-ecuador\\\/#breadcrumb\",\"itemListElement\":[{\"@type\":\"ListItem\",\"position\":1,\"name\":\"Portada\",\"item\":\"https:\\\/\\\/www.quebakan.com\\\/v15\\\/\"},{\"@type\":\"ListItem\",\"position\":2,\"name\":\"El 40% de los estudiantes entre 11 y 18 a\u00f1os se sienten seguros en su entorno educativo en Ecuador\"}]},{\"@type\":\"WebSite\",\"@id\":\"https:\\\/\\\/www.quebakan.com\\\/v15\\\/#website\",\"url\":\"https:\\\/\\\/www.quebakan.com\\\/v15\\\/\",\"name\":\"QUEBAKAN\",\"description\":\"..\",\"publisher\":{\"@id\":\"https:\\\/\\\/www.quebakan.com\\\/v15\\\/#organization\"},\"potentialAction\":[{\"@type\":\"SearchAction\",\"target\":{\"@type\":\"EntryPoint\",\"urlTemplate\":\"https:\\\/\\\/www.quebakan.com\\\/v15\\\/?s={search_term_string}\"},\"query-input\":{\"@type\":\"PropertyValueSpecification\",\"valueRequired\":true,\"valueName\":\"search_term_string\"}}],\"inLanguage\":\"es\"},{\"@type\":\"Organization\",\"@id\":\"https:\\\/\\\/www.quebakan.com\\\/v15\\\/#organization\",\"name\":\"Quebakan.com\",\"url\":\"https:\\\/\\\/www.quebakan.com\\\/v15\\\/\",\"logo\":{\"@type\":\"ImageObject\",\"inLanguage\":\"es\",\"@id\":\"https:\\\/\\\/www.quebakan.com\\\/v15\\\/#\\\/schema\\\/logo\\\/image\\\/\",\"url\":\"https:\\\/\\\/www.quebakan.com\\\/v15\\\/wp-content\\\/uploads\\\/2023\\\/07\\\/logoquebakanenero2021.jpg\",\"contentUrl\":\"https:\\\/\\\/www.quebakan.com\\\/v15\\\/wp-content\\\/uploads\\\/2023\\\/07\\\/logoquebakanenero2021.jpg\",\"width\":1920,\"height\":1080,\"caption\":\"Quebakan.com\"},\"image\":{\"@id\":\"https:\\\/\\\/www.quebakan.com\\\/v15\\\/#\\\/schema\\\/logo\\\/image\\\/\"},\"sameAs\":[\"http:\\\/\\\/www.facebook.com\\\/quebakan\",\"https:\\\/\\\/x.com\\\/quebakanec\",\"http:\\\/\\\/www.instagram.com\\\/quebakan\",\"http:\\\/\\\/www.youtube.com\\\/quebakan1\"]},{\"@type\":\"Person\",\"@id\":\"https:\\\/\\\/www.quebakan.com\\\/v15\\\/#\\\/schema\\\/person\\\/d90fa9f9cfa81eb8ace9811e5b7b9118\",\"name\":\"Erick Villafuerte\",\"image\":{\"@type\":\"ImageObject\",\"inLanguage\":\"es\",\"@id\":\"https:\\\/\\\/www.quebakan.com\\\/v15\\\/wp-content\\\/uploads\\\/avatars\\\/4\\\/1731297654-bpfull.png\",\"url\":\"https:\\\/\\\/www.quebakan.com\\\/v15\\\/wp-content\\\/uploads\\\/avatars\\\/4\\\/1731297654-bpfull.png\",\"contentUrl\":\"https:\\\/\\\/www.quebakan.com\\\/v15\\\/wp-content\\\/uploads\\\/avatars\\\/4\\\/1731297654-bpfull.png\",\"caption\":\"Erick Villafuerte\"}}]}<\/script>\n<!-- \/ Yoast SEO plugin. -->","yoast_head_json":{"title":"El 40% de los estudiantes entre 11 y 18 a\u00f1os se sienten seguros en su entorno educativo en Ecuador &#8211; QUEBAKAN.COM 2026: Noticias, Eventos, Conciertos y mucho m\u00e1s....","robots":{"index":"index","follow":"follow","max-snippet":"max-snippet:-1","max-image-preview":"max-image-preview:large","max-video-preview":"max-video-preview:-1"},"canonical":"https:\/\/www.quebakan.com\/v15\/el-40-de-los-estudiantes-entre-11-y-18-anos-se-sienten-seguros-en-su-entorno-educativo-en-ecuador\/","og_locale":"es_ES","og_type":"article","og_title":"El 40% de los estudiantes entre 11 y 18 a\u00f1os se sienten seguros en su entorno educativo en Ecuador &#8211; QUEBAKAN.COM 2026: Noticias, Eventos, Conciertos y mucho m\u00e1s....","og_description":"La Organizaci\u00f3n para la Cooperaci\u00f3n y Desarrollo Econ\u00f3mico- OCDE, encargada de velar por el desarrollo adecuado de los pa\u00edses, menciona la importancia del papel del testigo como eje fundamental para acabar con el acoso. Cuando una situaci\u00f3n de bullying ocurre, los espectadores est\u00e1n presentes el 80% del tiempo. Nosotras\u00ae, una marca de Essity, une fuerzas [&hellip;]","og_url":"https:\/\/www.quebakan.com\/v15\/el-40-de-los-estudiantes-entre-11-y-18-anos-se-sienten-seguros-en-su-entorno-educativo-en-ecuador\/","og_site_name":"QUEBAKAN.COM 2026: Noticias, Eventos, Conciertos y mucho m\u00e1s....","article_publisher":"http:\/\/www.facebook.com\/quebakan","article_published_time":"2024-05-08T03:53:39+00:00","og_image":[{"width":700,"height":525,"url":"https:\/\/www.quebakan.com\/v15\/wp-content\/uploads\/2024\/05\/Nosotras.jpg","type":"image\/jpeg"}],"author":"Erick Villafuerte","twitter_card":"summary_large_image","twitter_creator":"@quebakanec","twitter_site":"@quebakanec","twitter_misc":{"Escrito por":"Erick Villafuerte","Tiempo de lectura":"4 minutos"},"schema":{"@context":"https:\/\/schema.org","@graph":[{"@type":"Article","@id":"https:\/\/www.quebakan.com\/v15\/el-40-de-los-estudiantes-entre-11-y-18-anos-se-sienten-seguros-en-su-entorno-educativo-en-ecuador\/#article","isPartOf":{"@id":"https:\/\/www.quebakan.com\/v15\/el-40-de-los-estudiantes-entre-11-y-18-anos-se-sienten-seguros-en-su-entorno-educativo-en-ecuador\/"},"author":{"name":"Erick Villafuerte","@id":"https:\/\/www.quebakan.com\/v15\/#\/schema\/person\/d90fa9f9cfa81eb8ace9811e5b7b9118"},"headline":"El 40% de los estudiantes entre 11 y 18 a\u00f1os se sienten seguros en su entorno educativo en Ecuador","datePublished":"2024-05-08T03:53:39+00:00","mainEntityOfPage":{"@id":"https:\/\/www.quebakan.com\/v15\/el-40-de-los-estudiantes-entre-11-y-18-anos-se-sienten-seguros-en-su-entorno-educativo-en-ecuador\/"},"wordCount":650,"commentCount":0,"publisher":{"@id":"https:\/\/www.quebakan.com\/v15\/#organization"},"image":{"@id":"https:\/\/www.quebakan.com\/v15\/el-40-de-los-estudiantes-entre-11-y-18-anos-se-sienten-seguros-en-su-entorno-educativo-en-ecuador\/#primaryimage"},"thumbnailUrl":"https:\/\/www.quebakan.com\/v15\/wp-content\/uploads\/2024\/05\/Nosotras.jpg","articleSection":["Noticias"],"inLanguage":"es"},{"@type":"WebPage","@id":"https:\/\/www.quebakan.com\/v15\/el-40-de-los-estudiantes-entre-11-y-18-anos-se-sienten-seguros-en-su-entorno-educativo-en-ecuador\/","url":"https:\/\/www.quebakan.com\/v15\/el-40-de-los-estudiantes-entre-11-y-18-anos-se-sienten-seguros-en-su-entorno-educativo-en-ecuador\/","name":"El 40% de los estudiantes entre 11 y 18 a\u00f1os se sienten seguros en su entorno educativo en Ecuador &#8211; QUEBAKAN.COM 2026: Noticias, Eventos, Conciertos y mucho m\u00e1s....","isPartOf":{"@id":"https:\/\/www.quebakan.com\/v15\/#website"},"primaryImageOfPage":{"@id":"https:\/\/www.quebakan.com\/v15\/el-40-de-los-estudiantes-entre-11-y-18-anos-se-sienten-seguros-en-su-entorno-educativo-en-ecuador\/#primaryimage"},"image":{"@id":"https:\/\/www.quebakan.com\/v15\/el-40-de-los-estudiantes-entre-11-y-18-anos-se-sienten-seguros-en-su-entorno-educativo-en-ecuador\/#primaryimage"},"thumbnailUrl":"https:\/\/www.quebakan.com\/v15\/wp-content\/uploads\/2024\/05\/Nosotras.jpg","datePublished":"2024-05-08T03:53:39+00:00","breadcrumb":{"@id":"https:\/\/www.quebakan.com\/v15\/el-40-de-los-estudiantes-entre-11-y-18-anos-se-sienten-seguros-en-su-entorno-educativo-en-ecuador\/#breadcrumb"},"inLanguage":"es","potentialAction":[{"@type":"ReadAction","target":["https:\/\/www.quebakan.com\/v15\/el-40-de-los-estudiantes-entre-11-y-18-anos-se-sienten-seguros-en-su-entorno-educativo-en-ecuador\/"]}]},{"@type":"ImageObject","inLanguage":"es","@id":"https:\/\/www.quebakan.com\/v15\/el-40-de-los-estudiantes-entre-11-y-18-anos-se-sienten-seguros-en-su-entorno-educativo-en-ecuador\/#primaryimage","url":"https:\/\/www.quebakan.com\/v15\/wp-content\/uploads\/2024\/05\/Nosotras.jpg","contentUrl":"https:\/\/www.quebakan.com\/v15\/wp-content\/uploads\/2024\/05\/Nosotras.jpg","width":700,"height":525},{"@type":"BreadcrumbList","@id":"https:\/\/www.quebakan.com\/v15\/el-40-de-los-estudiantes-entre-11-y-18-anos-se-sienten-seguros-en-su-entorno-educativo-en-ecuador\/#breadcrumb","itemListElement":[{"@type":"ListItem","position":1,"name":"Portada","item":"https:\/\/www.quebakan.com\/v15\/"},{"@type":"ListItem","position":2,"name":"El 40% de los estudiantes entre 11 y 18 a\u00f1os se sienten seguros en su entorno educativo en Ecuador"}]},{"@type":"WebSite","@id":"https:\/\/www.quebakan.com\/v15\/#website","url":"https:\/\/www.quebakan.com\/v15\/","name":"QUEBAKAN","description":"..","publisher":{"@id":"https:\/\/www.quebakan.com\/v15\/#organization"},"potentialAction":[{"@type":"SearchAction","target":{"@type":"EntryPoint","urlTemplate":"https:\/\/www.quebakan.com\/v15\/?s={search_term_string}"},"query-input":{"@type":"PropertyValueSpecification","valueRequired":true,"valueName":"search_term_string"}}],"inLanguage":"es"},{"@type":"Organization","@id":"https:\/\/www.quebakan.com\/v15\/#organization","name":"Quebakan.com","url":"https:\/\/www.quebakan.com\/v15\/","logo":{"@type":"ImageObject","inLanguage":"es","@id":"https:\/\/www.quebakan.com\/v15\/#\/schema\/logo\/image\/","url":"https:\/\/www.quebakan.com\/v15\/wp-content\/uploads\/2023\/07\/logoquebakanenero2021.jpg","contentUrl":"https:\/\/www.quebakan.com\/v15\/wp-content\/uploads\/2023\/07\/logoquebakanenero2021.jpg","width":1920,"height":1080,"caption":"Quebakan.com"},"image":{"@id":"https:\/\/www.quebakan.com\/v15\/#\/schema\/logo\/image\/"},"sameAs":["http:\/\/www.facebook.com\/quebakan","https:\/\/x.com\/quebakanec","http:\/\/www.instagram.com\/quebakan","http:\/\/www.youtube.com\/quebakan1"]},{"@type":"Person","@id":"https:\/\/www.quebakan.com\/v15\/#\/schema\/person\/d90fa9f9cfa81eb8ace9811e5b7b9118","name":"Erick Villafuerte","image":{"@type":"ImageObject","inLanguage":"es","@id":"https:\/\/www.quebakan.com\/v15\/wp-content\/uploads\/avatars\/4\/1731297654-bpfull.png","url":"https:\/\/www.quebakan.com\/v15\/wp-content\/uploads\/avatars\/4\/1731297654-bpfull.png","contentUrl":"https:\/\/www.quebakan.com\/v15\/wp-content\/uploads\/avatars\/4\/1731297654-bpfull.png","caption":"Erick Villafuerte"}}]}},"_links":{"self":[{"href":"https:\/\/www.quebakan.com\/v15\/wp-json\/wp\/v2\/posts\/118724","targetHints":{"allow":["GET"]}}],"collection":[{"href":"https:\/\/www.quebakan.com\/v15\/wp-json\/wp\/v2\/posts"}],"about":[{"href":"https:\/\/www.quebakan.com\/v15\/wp-json\/wp\/v2\/types\/post"}],"author":[{"embeddable":true,"href":"https:\/\/www.quebakan.com\/v15\/wp-json\/wp\/v2\/users\/4"}],"replies":[{"embeddable":true,"href":"https:\/\/www.quebakan.com\/v15\/wp-json\/wp\/v2\/comments?post=118724"}],"version-history":[{"count":1,"href":"https:\/\/www.quebakan.com\/v15\/wp-json\/wp\/v2\/posts\/118724\/revisions"}],"predecessor-version":[{"id":118726,"href":"https:\/\/www.quebakan.com\/v15\/wp-json\/wp\/v2\/posts\/118724\/revisions\/118726"}],"wp:featuredmedia":[{"embeddable":true,"href":"https:\/\/www.quebakan.com\/v15\/wp-json\/wp\/v2\/media\/118725"}],"wp:attachment":[{"href":"https:\/\/www.quebakan.com\/v15\/wp-json\/wp\/v2\/media?parent=118724"}],"wp:term":[{"taxonomy":"category","embeddable":true,"href":"https:\/\/www.quebakan.com\/v15\/wp-json\/wp\/v2\/categories?post=118724"},{"taxonomy":"post_tag","embeddable":true,"href":"https:\/\/www.quebakan.com\/v15\/wp-json\/wp\/v2\/tags?post=118724"}],"curies":[{"name":"wp","href":"https:\/\/api.w.org\/{rel}","templated":true}]}}