{"id":118735,"date":"2024-05-08T01:39:33","date_gmt":"2024-05-08T06:39:33","guid":{"rendered":"https:\/\/www.quebakan.com\/v15\/?p=118735"},"modified":"2024-05-08T01:39:33","modified_gmt":"2024-05-08T06:39:33","slug":"mall-el-fortin-celebra-a-mama-y-papa-con-el-sorteo-de-2-autos-citroen-c3-y-eventos-especiales","status":"publish","type":"post","link":"https:\/\/www.quebakan.com\/v15\/mall-el-fortin-celebra-a-mama-y-papa-con-el-sorteo-de-2-autos-citroen-c3-y-eventos-especiales\/","title":{"rendered":"MALL EL FORT\u00cdN CELEBRA A MAM\u00c1 Y PAP\u00c1 CON EL  SORTEO DE 2 AUTOS CITROEN C3  Y EVENTOS ESPECIALES"},"content":{"rendered":"<p dir=\"ltr\"><img fetchpriority=\"high\" decoding=\"async\" class=\"aligncenter size-full wp-image-118736\" src=\"https:\/\/www.quebakan.com\/v15\/wp-content\/uploads\/2024\/05\/MAMA-Y-PAPA-MALL-EL-FORTIN.jpg\" alt=\"\" width=\"700\" height=\"525\" \/><\/p>\n<p dir=\"ltr\" style=\"text-align: justify;\"><strong><span style=\"color: #000000;\">MARIACHIS, TALLERES DE MAQUILLAJE, CHARLAS DE EMPODERAMIENTO, STAND UP, PHOTOBOOTH Y SHOW MUSICALES SON LAS ACTIVIDADES DEL CENTRO COMERCIAL<\/span><\/strong><\/p>\n<p dir=\"ltr\" style=\"text-align: justify;\"><span style=\"color: #000000;\">Mall El Fort\u00edn se une a la celebraci\u00f3n del D\u00eda de las Madres y el D\u00eda del Padre con premios y actividades especiales para honrar a esos seres queridos que tanto significan en nuestras vidas.<\/span><\/p>\n<p dir=\"ltr\" style=\"text-align: justify;\"><span style=\"color: #000000;\">Bajo el lema\u00a0\u00abMam\u00e1 y Pap\u00e1 necesitan una nave de verdad\u00bb\u00a0se estrena la campa\u00f1a promocional para sus visitantes desde el 3 de mayo hasta el 23 de junio, por cada $15USD de compra, los clientes tendr\u00e1n la oportunidad de participar en el sorteo de 2 autos Citro\u00ebn C3 2024. Adem\u00e1s, el centro comercial realizar\u00e1 activaciones por los pasillos buscando a madres y padres para premiarlos instant\u00e1neamente.\u00a0<\/span><\/p>\n<p dir=\"ltr\" style=\"text-align: justify;\"><span style=\"color: #000000;\">El sorteo de estos autom\u00f3viles se llevar\u00e1 a cabo el lunes 24 de junio, ofreciendo a los participantes la posibilidad de ganar un veh\u00edculo que seguramente har\u00e1 m\u00e1s especial su d\u00eda. Dentro del periodo de campa\u00f1a habr\u00e1n d\u00edas en el que se entreguen doble cup\u00f3n para duplicar la oportunidad de ganar.\u00a0<\/span><\/p>\n<p dir=\"ltr\" style=\"text-align: justify;\"><span style=\"color: #000000;\">Mall El Fort\u00edn ha preparado una serie de eventos para celebrar a mam\u00e1 y pap\u00e1 en grande. El d\u00eda de la madre, el domingo 12 de mayo, el patio de comidas y los pasillos del centro comercial ser\u00e1n el escenario de varias actividades como show musical,\u00a0mariachis, talleres de maquillaje para consentir a las madres, charlas de empoderamiento y la oportunidad de capturar momentos especiales en un photobooth, adem\u00e1s de recibir detalles como muestra de aprecio y reconocimiento por su hermosa labor.<\/span><\/p>\n<p dir=\"ltr\" style=\"text-align: justify;\"><span style=\"color: #000000;\">Asimismo, el d\u00eda del padre, el domingo 16 de junio, el patio de comidas ser\u00e1 el lugar para disfrutar de un show musical y un espect\u00e1culo de stand up c\u00f3mico que seguramente arrancar\u00e1 risas y har\u00e1 de este d\u00eda una experiencia inolvidable para todos los padres presentes.<\/span><\/p>\n<p dir=\"ltr\" style=\"text-align: justify;\"><span style=\"color: #000000;\">\u00abEs nuestra misi\u00f3n celebrar y reconocer la importancia de la familia, y qu\u00e9 mejor manera de hacerlo ofreciendo premios y eventos especiales para mam\u00e1 y pap\u00e1\u00bb\u00a0mencion\u00f3 Daniel Galvez, Jefe de marketing.<\/span><\/p>\n<p dir=\"ltr\" style=\"text-align: justify;\"><span style=\"color: #000000;\">Con esta campa\u00f1a, Mall El Fort\u00edn no solo busca premiar la fidelidad de sus clientes, sino tambi\u00e9n generar una experiencia \u00fanica para todas las familias que elijan celebrar estas fechas tan especiales en sus instalaciones.<\/span><\/p>\n<p dir=\"ltr\"><img decoding=\"async\" class=\"aligncenter size-full wp-image-118737\" src=\"https:\/\/www.quebakan.com\/v15\/wp-content\/uploads\/2024\/05\/MAMA-Y-PAPA-MALL-EL-FORTIN-PRESS-2.jpg\" alt=\"\" width=\"700\" height=\"525\" \/><\/p>\n<p dir=\"ltr\">\n<p dir=\"ltr\"><img decoding=\"async\" class=\"aligncenter size-full wp-image-118738\" src=\"https:\/\/www.quebakan.com\/v15\/wp-content\/uploads\/2024\/05\/MAMA-Y-PAPA-MALL-EL-FORTIN-PRESS-3.jpg\" alt=\"\" width=\"700\" height=\"525\" \/><\/p>\n","protected":false},"excerpt":{"rendered":"<p>MARIACHIS, TALLERES DE MAQUILLAJE, CHARLAS DE EMPODERAMIENTO, STAND UP, PHOTOBOOTH Y SHOW MUSICALES SON LAS ACTIVIDADES DEL CENTRO COMERCIAL Mall El Fort\u00edn se une a la celebraci\u00f3n del D\u00eda de las Madres y el D\u00eda del Padre con premios y actividades especiales para honrar a esos seres queridos que tanto significan en nuestras vidas. Bajo [&hellip;]<\/p>\n","protected":false},"author":4,"featured_media":118738,"comment_status":"open","ping_status":"open","sticky":false,"template":"","format":"standard","meta":{"_bbp_topic_count":0,"_bbp_reply_count":0,"_bbp_total_topic_count":0,"_bbp_total_reply_count":0,"_bbp_voice_count":0,"_bbp_anonymous_reply_count":0,"_bbp_topic_count_hidden":0,"_bbp_reply_count_hidden":0,"_bbp_forum_subforum_count":0,"buzzeditor_post_format":"","footnotes":""},"categories":[2],"tags":[],"class_list":["post-118735","post","type-post","status-publish","format-standard","has-post-thumbnail","hentry","category-noticias"],"yoast_head":"<!-- This site is optimized with the Yoast SEO plugin v27.5 - https:\/\/yoast.com\/product\/yoast-seo-wordpress\/ -->\n<title>MALL EL FORT\u00cdN CELEBRA A MAM\u00c1 Y PAP\u00c1 CON EL SORTEO DE 2 AUTOS CITROEN C3 Y EVENTOS ESPECIALES &#8211; QUEBAKAN.COM 2026: Noticias, Eventos, Conciertos y mucho m\u00e1s....<\/title>\n<meta name=\"robots\" content=\"index, follow, max-snippet:-1, max-image-preview:large, max-video-preview:-1\" \/>\n<link rel=\"canonical\" href=\"https:\/\/www.quebakan.com\/v15\/mall-el-fortin-celebra-a-mama-y-papa-con-el-sorteo-de-2-autos-citroen-c3-y-eventos-especiales\/\" \/>\n<meta property=\"og:locale\" content=\"es_ES\" \/>\n<meta property=\"og:type\" content=\"article\" \/>\n<meta property=\"og:title\" content=\"MALL EL FORT\u00cdN CELEBRA A MAM\u00c1 Y PAP\u00c1 CON EL SORTEO DE 2 AUTOS CITROEN C3 Y EVENTOS ESPECIALES &#8211; QUEBAKAN.COM 2026: Noticias, Eventos, Conciertos y mucho m\u00e1s....\" \/>\n<meta property=\"og:description\" content=\"MARIACHIS, TALLERES DE MAQUILLAJE, CHARLAS DE EMPODERAMIENTO, STAND UP, PHOTOBOOTH Y SHOW MUSICALES SON LAS ACTIVIDADES DEL CENTRO COMERCIAL Mall El Fort\u00edn se une a la celebraci\u00f3n del D\u00eda de las Madres y el D\u00eda del Padre con premios y actividades especiales para honrar a esos seres queridos que tanto significan en nuestras vidas. Bajo [&hellip;]\" \/>\n<meta property=\"og:url\" content=\"https:\/\/www.quebakan.com\/v15\/mall-el-fortin-celebra-a-mama-y-papa-con-el-sorteo-de-2-autos-citroen-c3-y-eventos-especiales\/\" \/>\n<meta property=\"og:site_name\" content=\"QUEBAKAN.COM 2026: Noticias, Eventos, Conciertos y mucho m\u00e1s....\" \/>\n<meta property=\"article:publisher\" content=\"http:\/\/www.facebook.com\/quebakan\" \/>\n<meta property=\"article:published_time\" content=\"2024-05-08T06:39:33+00:00\" \/>\n<meta property=\"og:image\" content=\"https:\/\/www.quebakan.com\/v15\/wp-content\/uploads\/2024\/05\/MAMA-Y-PAPA-MALL-EL-FORTIN-PRESS-3.jpg\" \/>\n\t<meta property=\"og:image:width\" content=\"700\" \/>\n\t<meta property=\"og:image:height\" content=\"525\" \/>\n\t<meta property=\"og:image:type\" content=\"image\/jpeg\" \/>\n<meta name=\"author\" content=\"Erick Villafuerte\" \/>\n<meta name=\"twitter:card\" content=\"summary_large_image\" \/>\n<meta name=\"twitter:creator\" content=\"@quebakanec\" \/>\n<meta name=\"twitter:site\" content=\"@quebakanec\" \/>\n<meta name=\"twitter:label1\" content=\"Escrito por\" \/>\n\t<meta name=\"twitter:data1\" content=\"Erick Villafuerte\" \/>\n\t<meta name=\"twitter:label2\" content=\"Tiempo de lectura\" \/>\n\t<meta name=\"twitter:data2\" content=\"3 minutos\" \/>\n<script type=\"application\/ld+json\" class=\"yoast-schema-graph\">{\"@context\":\"https:\\\/\\\/schema.org\",\"@graph\":[{\"@type\":\"Article\",\"@id\":\"https:\\\/\\\/www.quebakan.com\\\/v15\\\/mall-el-fortin-celebra-a-mama-y-papa-con-el-sorteo-de-2-autos-citroen-c3-y-eventos-especiales\\\/#article\",\"isPartOf\":{\"@id\":\"https:\\\/\\\/www.quebakan.com\\\/v15\\\/mall-el-fortin-celebra-a-mama-y-papa-con-el-sorteo-de-2-autos-citroen-c3-y-eventos-especiales\\\/\"},\"author\":{\"name\":\"Erick Villafuerte\",\"@id\":\"https:\\\/\\\/www.quebakan.com\\\/v15\\\/#\\\/schema\\\/person\\\/d90fa9f9cfa81eb8ace9811e5b7b9118\"},\"headline\":\"MALL EL FORT\u00cdN CELEBRA A MAM\u00c1 Y PAP\u00c1 CON EL SORTEO DE 2 AUTOS CITROEN C3 Y EVENTOS ESPECIALES\",\"datePublished\":\"2024-05-08T06:39:33+00:00\",\"mainEntityOfPage\":{\"@id\":\"https:\\\/\\\/www.quebakan.com\\\/v15\\\/mall-el-fortin-celebra-a-mama-y-papa-con-el-sorteo-de-2-autos-citroen-c3-y-eventos-especiales\\\/\"},\"wordCount\":409,\"commentCount\":0,\"publisher\":{\"@id\":\"https:\\\/\\\/www.quebakan.com\\\/v15\\\/#organization\"},\"image\":{\"@id\":\"https:\\\/\\\/www.quebakan.com\\\/v15\\\/mall-el-fortin-celebra-a-mama-y-papa-con-el-sorteo-de-2-autos-citroen-c3-y-eventos-especiales\\\/#primaryimage\"},\"thumbnailUrl\":\"https:\\\/\\\/www.quebakan.com\\\/v15\\\/wp-content\\\/uploads\\\/2024\\\/05\\\/MAMA-Y-PAPA-MALL-EL-FORTIN-PRESS-3.jpg\",\"articleSection\":[\"Noticias\"],\"inLanguage\":\"es\"},{\"@type\":\"WebPage\",\"@id\":\"https:\\\/\\\/www.quebakan.com\\\/v15\\\/mall-el-fortin-celebra-a-mama-y-papa-con-el-sorteo-de-2-autos-citroen-c3-y-eventos-especiales\\\/\",\"url\":\"https:\\\/\\\/www.quebakan.com\\\/v15\\\/mall-el-fortin-celebra-a-mama-y-papa-con-el-sorteo-de-2-autos-citroen-c3-y-eventos-especiales\\\/\",\"name\":\"MALL EL FORT\u00cdN CELEBRA A MAM\u00c1 Y PAP\u00c1 CON EL SORTEO DE 2 AUTOS CITROEN C3 Y EVENTOS ESPECIALES &#8211; QUEBAKAN.COM 2026: Noticias, Eventos, Conciertos y mucho m\u00e1s....\",\"isPartOf\":{\"@id\":\"https:\\\/\\\/www.quebakan.com\\\/v15\\\/#website\"},\"primaryImageOfPage\":{\"@id\":\"https:\\\/\\\/www.quebakan.com\\\/v15\\\/mall-el-fortin-celebra-a-mama-y-papa-con-el-sorteo-de-2-autos-citroen-c3-y-eventos-especiales\\\/#primaryimage\"},\"image\":{\"@id\":\"https:\\\/\\\/www.quebakan.com\\\/v15\\\/mall-el-fortin-celebra-a-mama-y-papa-con-el-sorteo-de-2-autos-citroen-c3-y-eventos-especiales\\\/#primaryimage\"},\"thumbnailUrl\":\"https:\\\/\\\/www.quebakan.com\\\/v15\\\/wp-content\\\/uploads\\\/2024\\\/05\\\/MAMA-Y-PAPA-MALL-EL-FORTIN-PRESS-3.jpg\",\"datePublished\":\"2024-05-08T06:39:33+00:00\",\"breadcrumb\":{\"@id\":\"https:\\\/\\\/www.quebakan.com\\\/v15\\\/mall-el-fortin-celebra-a-mama-y-papa-con-el-sorteo-de-2-autos-citroen-c3-y-eventos-especiales\\\/#breadcrumb\"},\"inLanguage\":\"es\",\"potentialAction\":[{\"@type\":\"ReadAction\",\"target\":[\"https:\\\/\\\/www.quebakan.com\\\/v15\\\/mall-el-fortin-celebra-a-mama-y-papa-con-el-sorteo-de-2-autos-citroen-c3-y-eventos-especiales\\\/\"]}]},{\"@type\":\"ImageObject\",\"inLanguage\":\"es\",\"@id\":\"https:\\\/\\\/www.quebakan.com\\\/v15\\\/mall-el-fortin-celebra-a-mama-y-papa-con-el-sorteo-de-2-autos-citroen-c3-y-eventos-especiales\\\/#primaryimage\",\"url\":\"https:\\\/\\\/www.quebakan.com\\\/v15\\\/wp-content\\\/uploads\\\/2024\\\/05\\\/MAMA-Y-PAPA-MALL-EL-FORTIN-PRESS-3.jpg\",\"contentUrl\":\"https:\\\/\\\/www.quebakan.com\\\/v15\\\/wp-content\\\/uploads\\\/2024\\\/05\\\/MAMA-Y-PAPA-MALL-EL-FORTIN-PRESS-3.jpg\",\"width\":700,\"height\":525},{\"@type\":\"BreadcrumbList\",\"@id\":\"https:\\\/\\\/www.quebakan.com\\\/v15\\\/mall-el-fortin-celebra-a-mama-y-papa-con-el-sorteo-de-2-autos-citroen-c3-y-eventos-especiales\\\/#breadcrumb\",\"itemListElement\":[{\"@type\":\"ListItem\",\"position\":1,\"name\":\"Portada\",\"item\":\"https:\\\/\\\/www.quebakan.com\\\/v15\\\/\"},{\"@type\":\"ListItem\",\"position\":2,\"name\":\"MALL EL FORT\u00cdN CELEBRA A MAM\u00c1 Y PAP\u00c1 CON EL SORTEO DE 2 AUTOS CITROEN C3 Y EVENTOS ESPECIALES\"}]},{\"@type\":\"WebSite\",\"@id\":\"https:\\\/\\\/www.quebakan.com\\\/v15\\\/#website\",\"url\":\"https:\\\/\\\/www.quebakan.com\\\/v15\\\/\",\"name\":\"QUEBAKAN\",\"description\":\"..\",\"publisher\":{\"@id\":\"https:\\\/\\\/www.quebakan.com\\\/v15\\\/#organization\"},\"potentialAction\":[{\"@type\":\"SearchAction\",\"target\":{\"@type\":\"EntryPoint\",\"urlTemplate\":\"https:\\\/\\\/www.quebakan.com\\\/v15\\\/?s={search_term_string}\"},\"query-input\":{\"@type\":\"PropertyValueSpecification\",\"valueRequired\":true,\"valueName\":\"search_term_string\"}}],\"inLanguage\":\"es\"},{\"@type\":\"Organization\",\"@id\":\"https:\\\/\\\/www.quebakan.com\\\/v15\\\/#organization\",\"name\":\"Quebakan.com\",\"url\":\"https:\\\/\\\/www.quebakan.com\\\/v15\\\/\",\"logo\":{\"@type\":\"ImageObject\",\"inLanguage\":\"es\",\"@id\":\"https:\\\/\\\/www.quebakan.com\\\/v15\\\/#\\\/schema\\\/logo\\\/image\\\/\",\"url\":\"https:\\\/\\\/www.quebakan.com\\\/v15\\\/wp-content\\\/uploads\\\/2023\\\/07\\\/logoquebakanenero2021.jpg\",\"contentUrl\":\"https:\\\/\\\/www.quebakan.com\\\/v15\\\/wp-content\\\/uploads\\\/2023\\\/07\\\/logoquebakanenero2021.jpg\",\"width\":1920,\"height\":1080,\"caption\":\"Quebakan.com\"},\"image\":{\"@id\":\"https:\\\/\\\/www.quebakan.com\\\/v15\\\/#\\\/schema\\\/logo\\\/image\\\/\"},\"sameAs\":[\"http:\\\/\\\/www.facebook.com\\\/quebakan\",\"https:\\\/\\\/x.com\\\/quebakanec\",\"http:\\\/\\\/www.instagram.com\\\/quebakan\",\"http:\\\/\\\/www.youtube.com\\\/quebakan1\"]},{\"@type\":\"Person\",\"@id\":\"https:\\\/\\\/www.quebakan.com\\\/v15\\\/#\\\/schema\\\/person\\\/d90fa9f9cfa81eb8ace9811e5b7b9118\",\"name\":\"Erick Villafuerte\",\"image\":{\"@type\":\"ImageObject\",\"inLanguage\":\"es\",\"@id\":\"https:\\\/\\\/www.quebakan.com\\\/v15\\\/wp-content\\\/uploads\\\/avatars\\\/4\\\/1731297654-bpfull.png\",\"url\":\"https:\\\/\\\/www.quebakan.com\\\/v15\\\/wp-content\\\/uploads\\\/avatars\\\/4\\\/1731297654-bpfull.png\",\"contentUrl\":\"https:\\\/\\\/www.quebakan.com\\\/v15\\\/wp-content\\\/uploads\\\/avatars\\\/4\\\/1731297654-bpfull.png\",\"caption\":\"Erick Villafuerte\"}}]}<\/script>\n<!-- \/ Yoast SEO plugin. -->","yoast_head_json":{"title":"MALL EL FORT\u00cdN CELEBRA A MAM\u00c1 Y PAP\u00c1 CON EL SORTEO DE 2 AUTOS CITROEN C3 Y EVENTOS ESPECIALES &#8211; QUEBAKAN.COM 2026: Noticias, Eventos, Conciertos y mucho m\u00e1s....","robots":{"index":"index","follow":"follow","max-snippet":"max-snippet:-1","max-image-preview":"max-image-preview:large","max-video-preview":"max-video-preview:-1"},"canonical":"https:\/\/www.quebakan.com\/v15\/mall-el-fortin-celebra-a-mama-y-papa-con-el-sorteo-de-2-autos-citroen-c3-y-eventos-especiales\/","og_locale":"es_ES","og_type":"article","og_title":"MALL EL FORT\u00cdN CELEBRA A MAM\u00c1 Y PAP\u00c1 CON EL SORTEO DE 2 AUTOS CITROEN C3 Y EVENTOS ESPECIALES &#8211; QUEBAKAN.COM 2026: Noticias, Eventos, Conciertos y mucho m\u00e1s....","og_description":"MARIACHIS, TALLERES DE MAQUILLAJE, CHARLAS DE EMPODERAMIENTO, STAND UP, PHOTOBOOTH Y SHOW MUSICALES SON LAS ACTIVIDADES DEL CENTRO COMERCIAL Mall El Fort\u00edn se une a la celebraci\u00f3n del D\u00eda de las Madres y el D\u00eda del Padre con premios y actividades especiales para honrar a esos seres queridos que tanto significan en nuestras vidas. Bajo [&hellip;]","og_url":"https:\/\/www.quebakan.com\/v15\/mall-el-fortin-celebra-a-mama-y-papa-con-el-sorteo-de-2-autos-citroen-c3-y-eventos-especiales\/","og_site_name":"QUEBAKAN.COM 2026: Noticias, Eventos, Conciertos y mucho m\u00e1s....","article_publisher":"http:\/\/www.facebook.com\/quebakan","article_published_time":"2024-05-08T06:39:33+00:00","og_image":[{"width":700,"height":525,"url":"https:\/\/www.quebakan.com\/v15\/wp-content\/uploads\/2024\/05\/MAMA-Y-PAPA-MALL-EL-FORTIN-PRESS-3.jpg","type":"image\/jpeg"}],"author":"Erick Villafuerte","twitter_card":"summary_large_image","twitter_creator":"@quebakanec","twitter_site":"@quebakanec","twitter_misc":{"Escrito por":"Erick Villafuerte","Tiempo de lectura":"3 minutos"},"schema":{"@context":"https:\/\/schema.org","@graph":[{"@type":"Article","@id":"https:\/\/www.quebakan.com\/v15\/mall-el-fortin-celebra-a-mama-y-papa-con-el-sorteo-de-2-autos-citroen-c3-y-eventos-especiales\/#article","isPartOf":{"@id":"https:\/\/www.quebakan.com\/v15\/mall-el-fortin-celebra-a-mama-y-papa-con-el-sorteo-de-2-autos-citroen-c3-y-eventos-especiales\/"},"author":{"name":"Erick Villafuerte","@id":"https:\/\/www.quebakan.com\/v15\/#\/schema\/person\/d90fa9f9cfa81eb8ace9811e5b7b9118"},"headline":"MALL EL FORT\u00cdN CELEBRA A MAM\u00c1 Y PAP\u00c1 CON EL SORTEO DE 2 AUTOS CITROEN C3 Y EVENTOS ESPECIALES","datePublished":"2024-05-08T06:39:33+00:00","mainEntityOfPage":{"@id":"https:\/\/www.quebakan.com\/v15\/mall-el-fortin-celebra-a-mama-y-papa-con-el-sorteo-de-2-autos-citroen-c3-y-eventos-especiales\/"},"wordCount":409,"commentCount":0,"publisher":{"@id":"https:\/\/www.quebakan.com\/v15\/#organization"},"image":{"@id":"https:\/\/www.quebakan.com\/v15\/mall-el-fortin-celebra-a-mama-y-papa-con-el-sorteo-de-2-autos-citroen-c3-y-eventos-especiales\/#primaryimage"},"thumbnailUrl":"https:\/\/www.quebakan.com\/v15\/wp-content\/uploads\/2024\/05\/MAMA-Y-PAPA-MALL-EL-FORTIN-PRESS-3.jpg","articleSection":["Noticias"],"inLanguage":"es"},{"@type":"WebPage","@id":"https:\/\/www.quebakan.com\/v15\/mall-el-fortin-celebra-a-mama-y-papa-con-el-sorteo-de-2-autos-citroen-c3-y-eventos-especiales\/","url":"https:\/\/www.quebakan.com\/v15\/mall-el-fortin-celebra-a-mama-y-papa-con-el-sorteo-de-2-autos-citroen-c3-y-eventos-especiales\/","name":"MALL EL FORT\u00cdN CELEBRA A MAM\u00c1 Y PAP\u00c1 CON EL SORTEO DE 2 AUTOS CITROEN C3 Y EVENTOS ESPECIALES &#8211; QUEBAKAN.COM 2026: Noticias, Eventos, Conciertos y mucho m\u00e1s....","isPartOf":{"@id":"https:\/\/www.quebakan.com\/v15\/#website"},"primaryImageOfPage":{"@id":"https:\/\/www.quebakan.com\/v15\/mall-el-fortin-celebra-a-mama-y-papa-con-el-sorteo-de-2-autos-citroen-c3-y-eventos-especiales\/#primaryimage"},"image":{"@id":"https:\/\/www.quebakan.com\/v15\/mall-el-fortin-celebra-a-mama-y-papa-con-el-sorteo-de-2-autos-citroen-c3-y-eventos-especiales\/#primaryimage"},"thumbnailUrl":"https:\/\/www.quebakan.com\/v15\/wp-content\/uploads\/2024\/05\/MAMA-Y-PAPA-MALL-EL-FORTIN-PRESS-3.jpg","datePublished":"2024-05-08T06:39:33+00:00","breadcrumb":{"@id":"https:\/\/www.quebakan.com\/v15\/mall-el-fortin-celebra-a-mama-y-papa-con-el-sorteo-de-2-autos-citroen-c3-y-eventos-especiales\/#breadcrumb"},"inLanguage":"es","potentialAction":[{"@type":"ReadAction","target":["https:\/\/www.quebakan.com\/v15\/mall-el-fortin-celebra-a-mama-y-papa-con-el-sorteo-de-2-autos-citroen-c3-y-eventos-especiales\/"]}]},{"@type":"ImageObject","inLanguage":"es","@id":"https:\/\/www.quebakan.com\/v15\/mall-el-fortin-celebra-a-mama-y-papa-con-el-sorteo-de-2-autos-citroen-c3-y-eventos-especiales\/#primaryimage","url":"https:\/\/www.quebakan.com\/v15\/wp-content\/uploads\/2024\/05\/MAMA-Y-PAPA-MALL-EL-FORTIN-PRESS-3.jpg","contentUrl":"https:\/\/www.quebakan.com\/v15\/wp-content\/uploads\/2024\/05\/MAMA-Y-PAPA-MALL-EL-FORTIN-PRESS-3.jpg","width":700,"height":525},{"@type":"BreadcrumbList","@id":"https:\/\/www.quebakan.com\/v15\/mall-el-fortin-celebra-a-mama-y-papa-con-el-sorteo-de-2-autos-citroen-c3-y-eventos-especiales\/#breadcrumb","itemListElement":[{"@type":"ListItem","position":1,"name":"Portada","item":"https:\/\/www.quebakan.com\/v15\/"},{"@type":"ListItem","position":2,"name":"MALL EL FORT\u00cdN CELEBRA A MAM\u00c1 Y PAP\u00c1 CON EL SORTEO DE 2 AUTOS CITROEN C3 Y EVENTOS ESPECIALES"}]},{"@type":"WebSite","@id":"https:\/\/www.quebakan.com\/v15\/#website","url":"https:\/\/www.quebakan.com\/v15\/","name":"QUEBAKAN","description":"..","publisher":{"@id":"https:\/\/www.quebakan.com\/v15\/#organization"},"potentialAction":[{"@type":"SearchAction","target":{"@type":"EntryPoint","urlTemplate":"https:\/\/www.quebakan.com\/v15\/?s={search_term_string}"},"query-input":{"@type":"PropertyValueSpecification","valueRequired":true,"valueName":"search_term_string"}}],"inLanguage":"es"},{"@type":"Organization","@id":"https:\/\/www.quebakan.com\/v15\/#organization","name":"Quebakan.com","url":"https:\/\/www.quebakan.com\/v15\/","logo":{"@type":"ImageObject","inLanguage":"es","@id":"https:\/\/www.quebakan.com\/v15\/#\/schema\/logo\/image\/","url":"https:\/\/www.quebakan.com\/v15\/wp-content\/uploads\/2023\/07\/logoquebakanenero2021.jpg","contentUrl":"https:\/\/www.quebakan.com\/v15\/wp-content\/uploads\/2023\/07\/logoquebakanenero2021.jpg","width":1920,"height":1080,"caption":"Quebakan.com"},"image":{"@id":"https:\/\/www.quebakan.com\/v15\/#\/schema\/logo\/image\/"},"sameAs":["http:\/\/www.facebook.com\/quebakan","https:\/\/x.com\/quebakanec","http:\/\/www.instagram.com\/quebakan","http:\/\/www.youtube.com\/quebakan1"]},{"@type":"Person","@id":"https:\/\/www.quebakan.com\/v15\/#\/schema\/person\/d90fa9f9cfa81eb8ace9811e5b7b9118","name":"Erick Villafuerte","image":{"@type":"ImageObject","inLanguage":"es","@id":"https:\/\/www.quebakan.com\/v15\/wp-content\/uploads\/avatars\/4\/1731297654-bpfull.png","url":"https:\/\/www.quebakan.com\/v15\/wp-content\/uploads\/avatars\/4\/1731297654-bpfull.png","contentUrl":"https:\/\/www.quebakan.com\/v15\/wp-content\/uploads\/avatars\/4\/1731297654-bpfull.png","caption":"Erick Villafuerte"}}]}},"_links":{"self":[{"href":"https:\/\/www.quebakan.com\/v15\/wp-json\/wp\/v2\/posts\/118735","targetHints":{"allow":["GET"]}}],"collection":[{"href":"https:\/\/www.quebakan.com\/v15\/wp-json\/wp\/v2\/posts"}],"about":[{"href":"https:\/\/www.quebakan.com\/v15\/wp-json\/wp\/v2\/types\/post"}],"author":[{"embeddable":true,"href":"https:\/\/www.quebakan.com\/v15\/wp-json\/wp\/v2\/users\/4"}],"replies":[{"embeddable":true,"href":"https:\/\/www.quebakan.com\/v15\/wp-json\/wp\/v2\/comments?post=118735"}],"version-history":[{"count":1,"href":"https:\/\/www.quebakan.com\/v15\/wp-json\/wp\/v2\/posts\/118735\/revisions"}],"predecessor-version":[{"id":118739,"href":"https:\/\/www.quebakan.com\/v15\/wp-json\/wp\/v2\/posts\/118735\/revisions\/118739"}],"wp:featuredmedia":[{"embeddable":true,"href":"https:\/\/www.quebakan.com\/v15\/wp-json\/wp\/v2\/media\/118738"}],"wp:attachment":[{"href":"https:\/\/www.quebakan.com\/v15\/wp-json\/wp\/v2\/media?parent=118735"}],"wp:term":[{"taxonomy":"category","embeddable":true,"href":"https:\/\/www.quebakan.com\/v15\/wp-json\/wp\/v2\/categories?post=118735"},{"taxonomy":"post_tag","embeddable":true,"href":"https:\/\/www.quebakan.com\/v15\/wp-json\/wp\/v2\/tags?post=118735"}],"curies":[{"name":"wp","href":"https:\/\/api.w.org\/{rel}","templated":true}]}}