{"id":118774,"date":"2024-05-09T13:17:04","date_gmt":"2024-05-09T18:17:04","guid":{"rendered":"https:\/\/www.quebakan.com\/v15\/?p=118774"},"modified":"2024-05-09T13:17:04","modified_gmt":"2024-05-09T18:17:04","slug":"estreno-de-documental-explorando-galapagos-en-ee-uu-celebra-la-conservacion-y-las-maravillas-naturales","status":"publish","type":"post","link":"https:\/\/www.quebakan.com\/v15\/estreno-de-documental-explorando-galapagos-en-ee-uu-celebra-la-conservacion-y-las-maravillas-naturales\/","title":{"rendered":"Estreno de Documental \u00abExplorando Gal\u00e1pagos\u00bb en EE.UU. Celebra la Conservaci\u00f3n y las Maravillas Naturales"},"content":{"rendered":"<p><img fetchpriority=\"high\" decoding=\"async\" class=\"aligncenter size-full wp-image-118775\" src=\"https:\/\/www.quebakan.com\/v15\/wp-content\/uploads\/2024\/05\/DSC_1910.jpg\" alt=\"\" width=\"553\" height=\"700\" \/><\/p>\n<p style=\"text-align: justify;\"><span style=\"color: #000000;\">En el marco del D\u00eda Internacional de la Tierra, se estren\u00f3 en Estados Unidos el documental \u00abExplorando Gal\u00e1pagos: Un Viaje de Conservaci\u00f3n y Maravillas\u00bb, dirigido y producido por la cineasta ecuatoriana Karla Navarrete. <\/span><\/p>\n<p style=\"text-align: justify;\"><span style=\"color: #000000;\">El estreno, que tuvo lugar en la ciudad de Nueva York, reuni\u00f3 a un p\u00fablico entusiasta que busca conocer y comprender mejor las maravillas naturales de las Islas Gal\u00e1pagos, as\u00ed como los esfuerzos de conservaci\u00f3n que se llevan a cabo en este para\u00edso ecuatoriano.<\/span><\/p>\n<p style=\"text-align: justify;\"><span style=\"color: #000000;\">El documental es un viaje inmersivo a trav\u00e9s de uno de los ecosistemas m\u00e1s singulares del planeta. Navarrete y su equipo de producci\u00f3n pasaron varios meses en el archipi\u00e9lago, capturando im\u00e1genes asombrosas de su fauna, flora y paisajes, mientras exploraban los desaf\u00edos y \u00e9xitos relacionados con la conservaci\u00f3n.<\/span><\/p>\n<p style=\"text-align: justify;\"><span style=\"color: #000000;\">En una entrevista previa al estreno, Navarrete expres\u00f3 su pasi\u00f3n por el proyecto y destac\u00f3 la importancia de difundir el mensaje de conservaci\u00f3n y sostenibilidad.<\/span><\/p>\n<p style=\"text-align: justify;\"><span style=\"color: #000000;\">\u00abGal\u00e1pagos es un tesoro mundial, y es crucial que todos tomemos conciencia de la necesidad de protegerlo. Este documental busca inspirar a las personas a cuidar nuestro planeta y a apoyar los esfuerzos de conservaci\u00f3n en todas partes\u00bb, coment\u00f3.<\/span><\/p>\n<p style=\"text-align: justify;\"><span style=\"color: #000000;\">El documental presenta im\u00e1genes impactantes de especies ic\u00f3nicas, como las tortugas gigantes y los piqueros de patas azules, y destaca el trabajo de los cient\u00edficos y conservacionistas que luchan por preservar este fr\u00e1gil ecosistema. A trav\u00e9s de entrevistas con expertos y activistas locales, \u00abExplorando Gal\u00e1pagos\u00bb aborda temas como el cambio clim\u00e1tico, la invasi\u00f3n de especies no nativas y la importancia de la educaci\u00f3n ambiental para las generaciones futuras.<\/span><\/p>\n<p style=\"text-align: justify;\"><span style=\"color: #000000;\">Tras la proyecci\u00f3n, el p\u00fablico tuvo la oportunidad de participar en una sesi\u00f3n de preguntas y respuestas con Navarrete y otros miembros del equipo de producci\u00f3n. Las preguntas giraron en torno a los retos log\u00edsticos de filmar en un entorno tan remoto, as\u00ed como a las lecciones aprendidas durante el proceso.<\/span><\/p>\n<p style=\"text-align: justify;\"><span style=\"color: #000000;\">El estreno del documental llega en un momento cr\u00edtico para el planeta, donde el cambio clim\u00e1tico y la p\u00e9rdida de biodiversidad son preocupaciones globales.<\/span><\/p>\n<p style=\"text-align: justify;\"><span style=\"color: #000000;\">\u00abExplorando Gal\u00e1pagos: Un Viaje de Conservaci\u00f3n y Maravillas\u00bb se presenta como un recordatorio de la belleza y la fragilidad de nuestro mundo natural, y una llamada a la acci\u00f3n para protegerlo. Con una emotiva combinaci\u00f3n de im\u00e1genes impresionantes y mensajes inspiradores, este documental promete dejar una huella duradera en todos los que lo vean.<\/span><\/p>\n<p><img decoding=\"async\" class=\"aligncenter size-full wp-image-118776\" src=\"https:\/\/www.quebakan.com\/v15\/wp-content\/uploads\/2024\/05\/k1.jpg\" alt=\"\" width=\"715\" height=\"537\" \/><\/p>\n<p>&nbsp;<\/p>\n<p><img decoding=\"async\" class=\"aligncenter size-full wp-image-118777\" src=\"https:\/\/www.quebakan.com\/v15\/wp-content\/uploads\/2024\/05\/k2.jpg\" alt=\"\" width=\"529\" height=\"715\" \/><\/p>\n","protected":false},"excerpt":{"rendered":"<p>En el marco del D\u00eda Internacional de la Tierra, se estren\u00f3 en Estados Unidos el documental \u00abExplorando Gal\u00e1pagos: Un Viaje de Conservaci\u00f3n y Maravillas\u00bb, dirigido y producido por la cineasta ecuatoriana Karla Navarrete. El estreno, que tuvo lugar en la ciudad de Nueva York, reuni\u00f3 a un p\u00fablico entusiasta que busca conocer y comprender mejor [&hellip;]<\/p>\n","protected":false},"author":4,"featured_media":118775,"comment_status":"open","ping_status":"open","sticky":false,"template":"","format":"standard","meta":{"_bbp_topic_count":0,"_bbp_reply_count":0,"_bbp_total_topic_count":0,"_bbp_total_reply_count":0,"_bbp_voice_count":0,"_bbp_anonymous_reply_count":0,"_bbp_topic_count_hidden":0,"_bbp_reply_count_hidden":0,"_bbp_forum_subforum_count":0,"buzzeditor_post_format":"","footnotes":""},"categories":[2],"tags":[],"class_list":["post-118774","post","type-post","status-publish","format-standard","has-post-thumbnail","hentry","category-noticias"],"yoast_head":"<!-- This site is optimized with the Yoast SEO plugin v27.5 - https:\/\/yoast.com\/product\/yoast-seo-wordpress\/ -->\n<title>Estreno de Documental &quot;Explorando Gal\u00e1pagos&quot; en EE.UU. Celebra la Conservaci\u00f3n y las Maravillas Naturales &#8211; QUEBAKAN.COM 2026: Noticias, Eventos, Conciertos y mucho m\u00e1s....<\/title>\n<meta name=\"robots\" content=\"index, follow, max-snippet:-1, max-image-preview:large, max-video-preview:-1\" \/>\n<link rel=\"canonical\" href=\"https:\/\/www.quebakan.com\/v15\/estreno-de-documental-explorando-galapagos-en-ee-uu-celebra-la-conservacion-y-las-maravillas-naturales\/\" \/>\n<meta property=\"og:locale\" content=\"es_ES\" \/>\n<meta property=\"og:type\" content=\"article\" \/>\n<meta property=\"og:title\" content=\"Estreno de Documental &quot;Explorando Gal\u00e1pagos&quot; en EE.UU. Celebra la Conservaci\u00f3n y las Maravillas Naturales &#8211; QUEBAKAN.COM 2026: Noticias, Eventos, Conciertos y mucho m\u00e1s....\" \/>\n<meta property=\"og:description\" content=\"En el marco del D\u00eda Internacional de la Tierra, se estren\u00f3 en Estados Unidos el documental \u00abExplorando Gal\u00e1pagos: Un Viaje de Conservaci\u00f3n y Maravillas\u00bb, dirigido y producido por la cineasta ecuatoriana Karla Navarrete. El estreno, que tuvo lugar en la ciudad de Nueva York, reuni\u00f3 a un p\u00fablico entusiasta que busca conocer y comprender mejor [&hellip;]\" \/>\n<meta property=\"og:url\" content=\"https:\/\/www.quebakan.com\/v15\/estreno-de-documental-explorando-galapagos-en-ee-uu-celebra-la-conservacion-y-las-maravillas-naturales\/\" \/>\n<meta property=\"og:site_name\" content=\"QUEBAKAN.COM 2026: Noticias, Eventos, Conciertos y mucho m\u00e1s....\" \/>\n<meta property=\"article:publisher\" content=\"http:\/\/www.facebook.com\/quebakan\" \/>\n<meta property=\"article:published_time\" content=\"2024-05-09T18:17:04+00:00\" \/>\n<meta property=\"og:image\" content=\"https:\/\/www.quebakan.com\/v15\/wp-content\/uploads\/2024\/05\/DSC_1910.jpg\" \/>\n\t<meta property=\"og:image:width\" content=\"553\" \/>\n\t<meta property=\"og:image:height\" content=\"700\" \/>\n\t<meta property=\"og:image:type\" content=\"image\/jpeg\" \/>\n<meta name=\"author\" content=\"Erick Villafuerte\" \/>\n<meta name=\"twitter:card\" content=\"summary_large_image\" \/>\n<meta name=\"twitter:creator\" content=\"@quebakanec\" \/>\n<meta name=\"twitter:site\" content=\"@quebakanec\" \/>\n<meta name=\"twitter:label1\" content=\"Escrito por\" \/>\n\t<meta name=\"twitter:data1\" content=\"Erick Villafuerte\" \/>\n\t<meta name=\"twitter:label2\" content=\"Tiempo de lectura\" \/>\n\t<meta name=\"twitter:data2\" content=\"3 minutos\" \/>\n<script type=\"application\/ld+json\" class=\"yoast-schema-graph\">{\"@context\":\"https:\\\/\\\/schema.org\",\"@graph\":[{\"@type\":\"Article\",\"@id\":\"https:\\\/\\\/www.quebakan.com\\\/v15\\\/estreno-de-documental-explorando-galapagos-en-ee-uu-celebra-la-conservacion-y-las-maravillas-naturales\\\/#article\",\"isPartOf\":{\"@id\":\"https:\\\/\\\/www.quebakan.com\\\/v15\\\/estreno-de-documental-explorando-galapagos-en-ee-uu-celebra-la-conservacion-y-las-maravillas-naturales\\\/\"},\"author\":{\"name\":\"Erick Villafuerte\",\"@id\":\"https:\\\/\\\/www.quebakan.com\\\/v15\\\/#\\\/schema\\\/person\\\/d90fa9f9cfa81eb8ace9811e5b7b9118\"},\"headline\":\"Estreno de Documental \u00abExplorando Gal\u00e1pagos\u00bb en EE.UU. Celebra la Conservaci\u00f3n y las Maravillas Naturales\",\"datePublished\":\"2024-05-09T18:17:04+00:00\",\"mainEntityOfPage\":{\"@id\":\"https:\\\/\\\/www.quebakan.com\\\/v15\\\/estreno-de-documental-explorando-galapagos-en-ee-uu-celebra-la-conservacion-y-las-maravillas-naturales\\\/\"},\"wordCount\":444,\"commentCount\":0,\"publisher\":{\"@id\":\"https:\\\/\\\/www.quebakan.com\\\/v15\\\/#organization\"},\"image\":{\"@id\":\"https:\\\/\\\/www.quebakan.com\\\/v15\\\/estreno-de-documental-explorando-galapagos-en-ee-uu-celebra-la-conservacion-y-las-maravillas-naturales\\\/#primaryimage\"},\"thumbnailUrl\":\"https:\\\/\\\/www.quebakan.com\\\/v15\\\/wp-content\\\/uploads\\\/2024\\\/05\\\/DSC_1910.jpg\",\"articleSection\":[\"Noticias\"],\"inLanguage\":\"es\"},{\"@type\":\"WebPage\",\"@id\":\"https:\\\/\\\/www.quebakan.com\\\/v15\\\/estreno-de-documental-explorando-galapagos-en-ee-uu-celebra-la-conservacion-y-las-maravillas-naturales\\\/\",\"url\":\"https:\\\/\\\/www.quebakan.com\\\/v15\\\/estreno-de-documental-explorando-galapagos-en-ee-uu-celebra-la-conservacion-y-las-maravillas-naturales\\\/\",\"name\":\"Estreno de Documental \\\"Explorando Gal\u00e1pagos\\\" en EE.UU. Celebra la Conservaci\u00f3n y las Maravillas Naturales &#8211; QUEBAKAN.COM 2026: Noticias, Eventos, Conciertos y mucho m\u00e1s....\",\"isPartOf\":{\"@id\":\"https:\\\/\\\/www.quebakan.com\\\/v15\\\/#website\"},\"primaryImageOfPage\":{\"@id\":\"https:\\\/\\\/www.quebakan.com\\\/v15\\\/estreno-de-documental-explorando-galapagos-en-ee-uu-celebra-la-conservacion-y-las-maravillas-naturales\\\/#primaryimage\"},\"image\":{\"@id\":\"https:\\\/\\\/www.quebakan.com\\\/v15\\\/estreno-de-documental-explorando-galapagos-en-ee-uu-celebra-la-conservacion-y-las-maravillas-naturales\\\/#primaryimage\"},\"thumbnailUrl\":\"https:\\\/\\\/www.quebakan.com\\\/v15\\\/wp-content\\\/uploads\\\/2024\\\/05\\\/DSC_1910.jpg\",\"datePublished\":\"2024-05-09T18:17:04+00:00\",\"breadcrumb\":{\"@id\":\"https:\\\/\\\/www.quebakan.com\\\/v15\\\/estreno-de-documental-explorando-galapagos-en-ee-uu-celebra-la-conservacion-y-las-maravillas-naturales\\\/#breadcrumb\"},\"inLanguage\":\"es\",\"potentialAction\":[{\"@type\":\"ReadAction\",\"target\":[\"https:\\\/\\\/www.quebakan.com\\\/v15\\\/estreno-de-documental-explorando-galapagos-en-ee-uu-celebra-la-conservacion-y-las-maravillas-naturales\\\/\"]}]},{\"@type\":\"ImageObject\",\"inLanguage\":\"es\",\"@id\":\"https:\\\/\\\/www.quebakan.com\\\/v15\\\/estreno-de-documental-explorando-galapagos-en-ee-uu-celebra-la-conservacion-y-las-maravillas-naturales\\\/#primaryimage\",\"url\":\"https:\\\/\\\/www.quebakan.com\\\/v15\\\/wp-content\\\/uploads\\\/2024\\\/05\\\/DSC_1910.jpg\",\"contentUrl\":\"https:\\\/\\\/www.quebakan.com\\\/v15\\\/wp-content\\\/uploads\\\/2024\\\/05\\\/DSC_1910.jpg\",\"width\":553,\"height\":700},{\"@type\":\"BreadcrumbList\",\"@id\":\"https:\\\/\\\/www.quebakan.com\\\/v15\\\/estreno-de-documental-explorando-galapagos-en-ee-uu-celebra-la-conservacion-y-las-maravillas-naturales\\\/#breadcrumb\",\"itemListElement\":[{\"@type\":\"ListItem\",\"position\":1,\"name\":\"Portada\",\"item\":\"https:\\\/\\\/www.quebakan.com\\\/v15\\\/\"},{\"@type\":\"ListItem\",\"position\":2,\"name\":\"Estreno de Documental \u00abExplorando Gal\u00e1pagos\u00bb en EE.UU. Celebra la Conservaci\u00f3n y las Maravillas Naturales\"}]},{\"@type\":\"WebSite\",\"@id\":\"https:\\\/\\\/www.quebakan.com\\\/v15\\\/#website\",\"url\":\"https:\\\/\\\/www.quebakan.com\\\/v15\\\/\",\"name\":\"QUEBAKAN\",\"description\":\"..\",\"publisher\":{\"@id\":\"https:\\\/\\\/www.quebakan.com\\\/v15\\\/#organization\"},\"potentialAction\":[{\"@type\":\"SearchAction\",\"target\":{\"@type\":\"EntryPoint\",\"urlTemplate\":\"https:\\\/\\\/www.quebakan.com\\\/v15\\\/?s={search_term_string}\"},\"query-input\":{\"@type\":\"PropertyValueSpecification\",\"valueRequired\":true,\"valueName\":\"search_term_string\"}}],\"inLanguage\":\"es\"},{\"@type\":\"Organization\",\"@id\":\"https:\\\/\\\/www.quebakan.com\\\/v15\\\/#organization\",\"name\":\"Quebakan.com\",\"url\":\"https:\\\/\\\/www.quebakan.com\\\/v15\\\/\",\"logo\":{\"@type\":\"ImageObject\",\"inLanguage\":\"es\",\"@id\":\"https:\\\/\\\/www.quebakan.com\\\/v15\\\/#\\\/schema\\\/logo\\\/image\\\/\",\"url\":\"https:\\\/\\\/www.quebakan.com\\\/v15\\\/wp-content\\\/uploads\\\/2023\\\/07\\\/logoquebakanenero2021.jpg\",\"contentUrl\":\"https:\\\/\\\/www.quebakan.com\\\/v15\\\/wp-content\\\/uploads\\\/2023\\\/07\\\/logoquebakanenero2021.jpg\",\"width\":1920,\"height\":1080,\"caption\":\"Quebakan.com\"},\"image\":{\"@id\":\"https:\\\/\\\/www.quebakan.com\\\/v15\\\/#\\\/schema\\\/logo\\\/image\\\/\"},\"sameAs\":[\"http:\\\/\\\/www.facebook.com\\\/quebakan\",\"https:\\\/\\\/x.com\\\/quebakanec\",\"http:\\\/\\\/www.instagram.com\\\/quebakan\",\"http:\\\/\\\/www.youtube.com\\\/quebakan1\"]},{\"@type\":\"Person\",\"@id\":\"https:\\\/\\\/www.quebakan.com\\\/v15\\\/#\\\/schema\\\/person\\\/d90fa9f9cfa81eb8ace9811e5b7b9118\",\"name\":\"Erick Villafuerte\",\"image\":{\"@type\":\"ImageObject\",\"inLanguage\":\"es\",\"@id\":\"https:\\\/\\\/www.quebakan.com\\\/v15\\\/wp-content\\\/uploads\\\/avatars\\\/4\\\/1731297654-bpfull.png\",\"url\":\"https:\\\/\\\/www.quebakan.com\\\/v15\\\/wp-content\\\/uploads\\\/avatars\\\/4\\\/1731297654-bpfull.png\",\"contentUrl\":\"https:\\\/\\\/www.quebakan.com\\\/v15\\\/wp-content\\\/uploads\\\/avatars\\\/4\\\/1731297654-bpfull.png\",\"caption\":\"Erick Villafuerte\"}}]}<\/script>\n<!-- \/ Yoast SEO plugin. -->","yoast_head_json":{"title":"Estreno de Documental \"Explorando Gal\u00e1pagos\" en EE.UU. Celebra la Conservaci\u00f3n y las Maravillas Naturales &#8211; QUEBAKAN.COM 2026: Noticias, Eventos, Conciertos y mucho m\u00e1s....","robots":{"index":"index","follow":"follow","max-snippet":"max-snippet:-1","max-image-preview":"max-image-preview:large","max-video-preview":"max-video-preview:-1"},"canonical":"https:\/\/www.quebakan.com\/v15\/estreno-de-documental-explorando-galapagos-en-ee-uu-celebra-la-conservacion-y-las-maravillas-naturales\/","og_locale":"es_ES","og_type":"article","og_title":"Estreno de Documental \"Explorando Gal\u00e1pagos\" en EE.UU. Celebra la Conservaci\u00f3n y las Maravillas Naturales &#8211; QUEBAKAN.COM 2026: Noticias, Eventos, Conciertos y mucho m\u00e1s....","og_description":"En el marco del D\u00eda Internacional de la Tierra, se estren\u00f3 en Estados Unidos el documental \u00abExplorando Gal\u00e1pagos: Un Viaje de Conservaci\u00f3n y Maravillas\u00bb, dirigido y producido por la cineasta ecuatoriana Karla Navarrete. El estreno, que tuvo lugar en la ciudad de Nueva York, reuni\u00f3 a un p\u00fablico entusiasta que busca conocer y comprender mejor [&hellip;]","og_url":"https:\/\/www.quebakan.com\/v15\/estreno-de-documental-explorando-galapagos-en-ee-uu-celebra-la-conservacion-y-las-maravillas-naturales\/","og_site_name":"QUEBAKAN.COM 2026: Noticias, Eventos, Conciertos y mucho m\u00e1s....","article_publisher":"http:\/\/www.facebook.com\/quebakan","article_published_time":"2024-05-09T18:17:04+00:00","og_image":[{"width":553,"height":700,"url":"https:\/\/www.quebakan.com\/v15\/wp-content\/uploads\/2024\/05\/DSC_1910.jpg","type":"image\/jpeg"}],"author":"Erick Villafuerte","twitter_card":"summary_large_image","twitter_creator":"@quebakanec","twitter_site":"@quebakanec","twitter_misc":{"Escrito por":"Erick Villafuerte","Tiempo de lectura":"3 minutos"},"schema":{"@context":"https:\/\/schema.org","@graph":[{"@type":"Article","@id":"https:\/\/www.quebakan.com\/v15\/estreno-de-documental-explorando-galapagos-en-ee-uu-celebra-la-conservacion-y-las-maravillas-naturales\/#article","isPartOf":{"@id":"https:\/\/www.quebakan.com\/v15\/estreno-de-documental-explorando-galapagos-en-ee-uu-celebra-la-conservacion-y-las-maravillas-naturales\/"},"author":{"name":"Erick Villafuerte","@id":"https:\/\/www.quebakan.com\/v15\/#\/schema\/person\/d90fa9f9cfa81eb8ace9811e5b7b9118"},"headline":"Estreno de Documental \u00abExplorando Gal\u00e1pagos\u00bb en EE.UU. Celebra la Conservaci\u00f3n y las Maravillas Naturales","datePublished":"2024-05-09T18:17:04+00:00","mainEntityOfPage":{"@id":"https:\/\/www.quebakan.com\/v15\/estreno-de-documental-explorando-galapagos-en-ee-uu-celebra-la-conservacion-y-las-maravillas-naturales\/"},"wordCount":444,"commentCount":0,"publisher":{"@id":"https:\/\/www.quebakan.com\/v15\/#organization"},"image":{"@id":"https:\/\/www.quebakan.com\/v15\/estreno-de-documental-explorando-galapagos-en-ee-uu-celebra-la-conservacion-y-las-maravillas-naturales\/#primaryimage"},"thumbnailUrl":"https:\/\/www.quebakan.com\/v15\/wp-content\/uploads\/2024\/05\/DSC_1910.jpg","articleSection":["Noticias"],"inLanguage":"es"},{"@type":"WebPage","@id":"https:\/\/www.quebakan.com\/v15\/estreno-de-documental-explorando-galapagos-en-ee-uu-celebra-la-conservacion-y-las-maravillas-naturales\/","url":"https:\/\/www.quebakan.com\/v15\/estreno-de-documental-explorando-galapagos-en-ee-uu-celebra-la-conservacion-y-las-maravillas-naturales\/","name":"Estreno de Documental \"Explorando Gal\u00e1pagos\" en EE.UU. Celebra la Conservaci\u00f3n y las Maravillas Naturales &#8211; QUEBAKAN.COM 2026: Noticias, Eventos, Conciertos y mucho m\u00e1s....","isPartOf":{"@id":"https:\/\/www.quebakan.com\/v15\/#website"},"primaryImageOfPage":{"@id":"https:\/\/www.quebakan.com\/v15\/estreno-de-documental-explorando-galapagos-en-ee-uu-celebra-la-conservacion-y-las-maravillas-naturales\/#primaryimage"},"image":{"@id":"https:\/\/www.quebakan.com\/v15\/estreno-de-documental-explorando-galapagos-en-ee-uu-celebra-la-conservacion-y-las-maravillas-naturales\/#primaryimage"},"thumbnailUrl":"https:\/\/www.quebakan.com\/v15\/wp-content\/uploads\/2024\/05\/DSC_1910.jpg","datePublished":"2024-05-09T18:17:04+00:00","breadcrumb":{"@id":"https:\/\/www.quebakan.com\/v15\/estreno-de-documental-explorando-galapagos-en-ee-uu-celebra-la-conservacion-y-las-maravillas-naturales\/#breadcrumb"},"inLanguage":"es","potentialAction":[{"@type":"ReadAction","target":["https:\/\/www.quebakan.com\/v15\/estreno-de-documental-explorando-galapagos-en-ee-uu-celebra-la-conservacion-y-las-maravillas-naturales\/"]}]},{"@type":"ImageObject","inLanguage":"es","@id":"https:\/\/www.quebakan.com\/v15\/estreno-de-documental-explorando-galapagos-en-ee-uu-celebra-la-conservacion-y-las-maravillas-naturales\/#primaryimage","url":"https:\/\/www.quebakan.com\/v15\/wp-content\/uploads\/2024\/05\/DSC_1910.jpg","contentUrl":"https:\/\/www.quebakan.com\/v15\/wp-content\/uploads\/2024\/05\/DSC_1910.jpg","width":553,"height":700},{"@type":"BreadcrumbList","@id":"https:\/\/www.quebakan.com\/v15\/estreno-de-documental-explorando-galapagos-en-ee-uu-celebra-la-conservacion-y-las-maravillas-naturales\/#breadcrumb","itemListElement":[{"@type":"ListItem","position":1,"name":"Portada","item":"https:\/\/www.quebakan.com\/v15\/"},{"@type":"ListItem","position":2,"name":"Estreno de Documental \u00abExplorando Gal\u00e1pagos\u00bb en EE.UU. Celebra la Conservaci\u00f3n y las Maravillas Naturales"}]},{"@type":"WebSite","@id":"https:\/\/www.quebakan.com\/v15\/#website","url":"https:\/\/www.quebakan.com\/v15\/","name":"QUEBAKAN","description":"..","publisher":{"@id":"https:\/\/www.quebakan.com\/v15\/#organization"},"potentialAction":[{"@type":"SearchAction","target":{"@type":"EntryPoint","urlTemplate":"https:\/\/www.quebakan.com\/v15\/?s={search_term_string}"},"query-input":{"@type":"PropertyValueSpecification","valueRequired":true,"valueName":"search_term_string"}}],"inLanguage":"es"},{"@type":"Organization","@id":"https:\/\/www.quebakan.com\/v15\/#organization","name":"Quebakan.com","url":"https:\/\/www.quebakan.com\/v15\/","logo":{"@type":"ImageObject","inLanguage":"es","@id":"https:\/\/www.quebakan.com\/v15\/#\/schema\/logo\/image\/","url":"https:\/\/www.quebakan.com\/v15\/wp-content\/uploads\/2023\/07\/logoquebakanenero2021.jpg","contentUrl":"https:\/\/www.quebakan.com\/v15\/wp-content\/uploads\/2023\/07\/logoquebakanenero2021.jpg","width":1920,"height":1080,"caption":"Quebakan.com"},"image":{"@id":"https:\/\/www.quebakan.com\/v15\/#\/schema\/logo\/image\/"},"sameAs":["http:\/\/www.facebook.com\/quebakan","https:\/\/x.com\/quebakanec","http:\/\/www.instagram.com\/quebakan","http:\/\/www.youtube.com\/quebakan1"]},{"@type":"Person","@id":"https:\/\/www.quebakan.com\/v15\/#\/schema\/person\/d90fa9f9cfa81eb8ace9811e5b7b9118","name":"Erick Villafuerte","image":{"@type":"ImageObject","inLanguage":"es","@id":"https:\/\/www.quebakan.com\/v15\/wp-content\/uploads\/avatars\/4\/1731297654-bpfull.png","url":"https:\/\/www.quebakan.com\/v15\/wp-content\/uploads\/avatars\/4\/1731297654-bpfull.png","contentUrl":"https:\/\/www.quebakan.com\/v15\/wp-content\/uploads\/avatars\/4\/1731297654-bpfull.png","caption":"Erick Villafuerte"}}]}},"_links":{"self":[{"href":"https:\/\/www.quebakan.com\/v15\/wp-json\/wp\/v2\/posts\/118774","targetHints":{"allow":["GET"]}}],"collection":[{"href":"https:\/\/www.quebakan.com\/v15\/wp-json\/wp\/v2\/posts"}],"about":[{"href":"https:\/\/www.quebakan.com\/v15\/wp-json\/wp\/v2\/types\/post"}],"author":[{"embeddable":true,"href":"https:\/\/www.quebakan.com\/v15\/wp-json\/wp\/v2\/users\/4"}],"replies":[{"embeddable":true,"href":"https:\/\/www.quebakan.com\/v15\/wp-json\/wp\/v2\/comments?post=118774"}],"version-history":[{"count":1,"href":"https:\/\/www.quebakan.com\/v15\/wp-json\/wp\/v2\/posts\/118774\/revisions"}],"predecessor-version":[{"id":118778,"href":"https:\/\/www.quebakan.com\/v15\/wp-json\/wp\/v2\/posts\/118774\/revisions\/118778"}],"wp:featuredmedia":[{"embeddable":true,"href":"https:\/\/www.quebakan.com\/v15\/wp-json\/wp\/v2\/media\/118775"}],"wp:attachment":[{"href":"https:\/\/www.quebakan.com\/v15\/wp-json\/wp\/v2\/media?parent=118774"}],"wp:term":[{"taxonomy":"category","embeddable":true,"href":"https:\/\/www.quebakan.com\/v15\/wp-json\/wp\/v2\/categories?post=118774"},{"taxonomy":"post_tag","embeddable":true,"href":"https:\/\/www.quebakan.com\/v15\/wp-json\/wp\/v2\/tags?post=118774"}],"curies":[{"name":"wp","href":"https:\/\/api.w.org\/{rel}","templated":true}]}}