{"id":118779,"date":"2024-05-09T13:47:15","date_gmt":"2024-05-09T18:47:15","guid":{"rendered":"https:\/\/www.quebakan.com\/v15\/?p=118779"},"modified":"2024-05-09T13:47:15","modified_gmt":"2024-05-09T18:47:15","slug":"destacados-talentos-ecuatorianos-nominados-en-los-premios-icono-5ta-edicion","status":"publish","type":"post","link":"https:\/\/www.quebakan.com\/v15\/destacados-talentos-ecuatorianos-nominados-en-los-premios-icono-5ta-edicion\/","title":{"rendered":"Destacados Talentos Ecuatorianos Nominados en los Premios \u00cdcono 5ta Edici\u00f3n"},"content":{"rendered":"<p><img fetchpriority=\"high\" decoding=\"async\" class=\"aligncenter size-full wp-image-118781\" src=\"https:\/\/www.quebakan.com\/v15\/wp-content\/uploads\/2024\/05\/IMG_3496.jpg\" alt=\"\" width=\"560\" height=\"700\" \/><\/p>\n<p style=\"text-align: justify;\"><span style=\"color: #000000;\">Este a\u00f1o, el talento ecuatoriano se encuentra en el centro de atenci\u00f3n con m\u00faltiples nominaciones en la prestigiosa ceremonia de los Premios Internacionales Icono, que celebran la excelencia en diversas \u00e1reas del entretenimiento y la influencia digital. Entre los destacados nominados se encuentran Valentina Abreu, Yilda Banch\u00f3n, Emma Guerrero, Fernanda Gallardo y Ely Bells, quienes representan lo mejor de la creatividad y el carisma en la escena nacional e internacional.<\/span><\/p>\n<p style=\"text-align: justify;\"><span style=\"color: #000000;\">Valentina Abreu ha sido nominada en la categor\u00eda de \u00abActor o Actriz Influencer\u00bb, destac\u00e1ndose por su versatilidad y autenticidad en las plataformas digitales. Por otro lado, Yilda Banch\u00f3n ha capturado la atenci\u00f3n del p\u00fablico en la categor\u00eda de \u00abMejor Artista Influencer\u00bb, mostrando un talento excepcional en su arte y una conexi\u00f3n \u00fanica con sus seguidores.<\/span><\/p>\n<p style=\"text-align: justify;\"><span style=\"color: #000000;\">Emma Guerrero brilla en la categor\u00eda de \u00abCarisma Digital\u00bb, demostrando una habilidad innata para cautivar a la audiencia con su encanto y personalidad. Asimismo, Fernanda Gallardo ha sido reconocida en la categor\u00eda de \u00abPresentador Influencer\u00bb, destac\u00e1ndose por su profesionalismo y carisma en la conducci\u00f3n de diversos eventos y programas.<\/span><\/p>\n<p style=\"text-align: justify;\"><span style=\"color: #000000;\">Finalmente, Ely Bells ha sido nominado en la categor\u00eda de \u00abTiktoker Revelaci\u00f3n\u00bb, donde su creatividad y originalidad lo han posicionado como una figura destacada en la plataforma.<\/span><\/p>\n<p style=\"text-align: justify;\"><span style=\"color: #000000;\">Los Premios Internacionales Icono, que se llevar\u00e1n a cabo en la ciudad de Medell\u00edn, Colombia, los d\u00edas 19 y 20 de junio del 2024, prometen ser una celebraci\u00f3n emocionante de la diversidad y el talento en la industria del entretenimiento. Estamos seguros de que nuestros talentosos representantes ecuatorianos dejar\u00e1n una impresi\u00f3n duradera en estos prestigiosos premios \u00cdcono.<\/span><\/p>\n<p><img decoding=\"async\" class=\"aligncenter size-full wp-image-118780\" src=\"https:\/\/www.quebakan.com\/v15\/wp-content\/uploads\/2024\/05\/5fc4f2fa68d0e.r_d.jpg\" alt=\"\" width=\"700\" height=\"421\" srcset=\"https:\/\/www.quebakan.com\/v15\/wp-content\/uploads\/2024\/05\/5fc4f2fa68d0e.r_d.jpg 700w, https:\/\/www.quebakan.com\/v15\/wp-content\/uploads\/2024\/05\/5fc4f2fa68d0e.r_d-627x376.jpg 627w, https:\/\/www.quebakan.com\/v15\/wp-content\/uploads\/2024\/05\/5fc4f2fa68d0e.r_d-440x264.jpg 440w\" sizes=\"(max-width: 700px) 100vw, 700px\" \/><\/p>\n<p><img decoding=\"async\" class=\"aligncenter size-full wp-image-118782\" src=\"https:\/\/www.quebakan.com\/v15\/wp-content\/uploads\/2024\/05\/WhatsApp-Image-2023-01-13-at-17.29.jpg\" alt=\"\" width=\"560\" height=\"700\" \/><\/p>\n<p>&nbsp;<\/p>\n<p><img loading=\"lazy\" decoding=\"async\" class=\"aligncenter size-full wp-image-118783\" src=\"https:\/\/www.quebakan.com\/v15\/wp-content\/uploads\/2024\/05\/IMG_2864.jpg\" alt=\"\" width=\"700\" height=\"467\" \/><\/p>\n","protected":false},"excerpt":{"rendered":"<p>Este a\u00f1o, el talento ecuatoriano se encuentra en el centro de atenci\u00f3n con m\u00faltiples nominaciones en la prestigiosa ceremonia de los Premios Internacionales Icono, que celebran la excelencia en diversas \u00e1reas del entretenimiento y la influencia digital. Entre los destacados nominados se encuentran Valentina Abreu, Yilda Banch\u00f3n, Emma Guerrero, Fernanda Gallardo y Ely Bells, quienes [&hellip;]<\/p>\n","protected":false},"author":4,"featured_media":118781,"comment_status":"open","ping_status":"open","sticky":false,"template":"","format":"standard","meta":{"_bbp_topic_count":0,"_bbp_reply_count":0,"_bbp_total_topic_count":0,"_bbp_total_reply_count":0,"_bbp_voice_count":0,"_bbp_anonymous_reply_count":0,"_bbp_topic_count_hidden":0,"_bbp_reply_count_hidden":0,"_bbp_forum_subforum_count":0,"buzzeditor_post_format":"","footnotes":""},"categories":[2],"tags":[],"class_list":["post-118779","post","type-post","status-publish","format-standard","has-post-thumbnail","hentry","category-noticias"],"yoast_head":"<!-- This site is optimized with the Yoast SEO plugin v27.5 - https:\/\/yoast.com\/product\/yoast-seo-wordpress\/ -->\n<title>Destacados Talentos Ecuatorianos Nominados en los Premios \u00cdcono 5ta Edici\u00f3n &#8211; QUEBAKAN.COM 2026: Noticias, Eventos, Conciertos y mucho m\u00e1s....<\/title>\n<meta name=\"robots\" content=\"index, follow, max-snippet:-1, max-image-preview:large, max-video-preview:-1\" \/>\n<link rel=\"canonical\" href=\"https:\/\/www.quebakan.com\/v15\/destacados-talentos-ecuatorianos-nominados-en-los-premios-icono-5ta-edicion\/\" \/>\n<meta property=\"og:locale\" content=\"es_ES\" \/>\n<meta property=\"og:type\" content=\"article\" \/>\n<meta property=\"og:title\" content=\"Destacados Talentos Ecuatorianos Nominados en los Premios \u00cdcono 5ta Edici\u00f3n &#8211; QUEBAKAN.COM 2026: Noticias, Eventos, Conciertos y mucho m\u00e1s....\" \/>\n<meta property=\"og:description\" content=\"Este a\u00f1o, el talento ecuatoriano se encuentra en el centro de atenci\u00f3n con m\u00faltiples nominaciones en la prestigiosa ceremonia de los Premios Internacionales Icono, que celebran la excelencia en diversas \u00e1reas del entretenimiento y la influencia digital. Entre los destacados nominados se encuentran Valentina Abreu, Yilda Banch\u00f3n, Emma Guerrero, Fernanda Gallardo y Ely Bells, quienes [&hellip;]\" \/>\n<meta property=\"og:url\" content=\"https:\/\/www.quebakan.com\/v15\/destacados-talentos-ecuatorianos-nominados-en-los-premios-icono-5ta-edicion\/\" \/>\n<meta property=\"og:site_name\" content=\"QUEBAKAN.COM 2026: Noticias, Eventos, Conciertos y mucho m\u00e1s....\" \/>\n<meta property=\"article:publisher\" content=\"http:\/\/www.facebook.com\/quebakan\" \/>\n<meta property=\"article:published_time\" content=\"2024-05-09T18:47:15+00:00\" \/>\n<meta property=\"og:image\" content=\"https:\/\/www.quebakan.com\/v15\/wp-content\/uploads\/2024\/05\/IMG_3496.jpg\" \/>\n\t<meta property=\"og:image:width\" content=\"560\" \/>\n\t<meta property=\"og:image:height\" content=\"700\" \/>\n\t<meta property=\"og:image:type\" content=\"image\/jpeg\" \/>\n<meta name=\"author\" content=\"Erick Villafuerte\" \/>\n<meta name=\"twitter:card\" content=\"summary_large_image\" \/>\n<meta name=\"twitter:creator\" content=\"@quebakanec\" \/>\n<meta name=\"twitter:site\" content=\"@quebakanec\" \/>\n<meta name=\"twitter:label1\" content=\"Escrito por\" \/>\n\t<meta name=\"twitter:data1\" content=\"Erick Villafuerte\" \/>\n\t<meta name=\"twitter:label2\" content=\"Tiempo de lectura\" \/>\n\t<meta name=\"twitter:data2\" content=\"3 minutos\" \/>\n<script type=\"application\/ld+json\" class=\"yoast-schema-graph\">{\"@context\":\"https:\\\/\\\/schema.org\",\"@graph\":[{\"@type\":\"Article\",\"@id\":\"https:\\\/\\\/www.quebakan.com\\\/v15\\\/destacados-talentos-ecuatorianos-nominados-en-los-premios-icono-5ta-edicion\\\/#article\",\"isPartOf\":{\"@id\":\"https:\\\/\\\/www.quebakan.com\\\/v15\\\/destacados-talentos-ecuatorianos-nominados-en-los-premios-icono-5ta-edicion\\\/\"},\"author\":{\"name\":\"Erick Villafuerte\",\"@id\":\"https:\\\/\\\/www.quebakan.com\\\/v15\\\/#\\\/schema\\\/person\\\/d90fa9f9cfa81eb8ace9811e5b7b9118\"},\"headline\":\"Destacados Talentos Ecuatorianos Nominados en los Premios \u00cdcono 5ta Edici\u00f3n\",\"datePublished\":\"2024-05-09T18:47:15+00:00\",\"mainEntityOfPage\":{\"@id\":\"https:\\\/\\\/www.quebakan.com\\\/v15\\\/destacados-talentos-ecuatorianos-nominados-en-los-premios-icono-5ta-edicion\\\/\"},\"wordCount\":290,\"commentCount\":0,\"publisher\":{\"@id\":\"https:\\\/\\\/www.quebakan.com\\\/v15\\\/#organization\"},\"image\":{\"@id\":\"https:\\\/\\\/www.quebakan.com\\\/v15\\\/destacados-talentos-ecuatorianos-nominados-en-los-premios-icono-5ta-edicion\\\/#primaryimage\"},\"thumbnailUrl\":\"https:\\\/\\\/www.quebakan.com\\\/v15\\\/wp-content\\\/uploads\\\/2024\\\/05\\\/IMG_3496.jpg\",\"articleSection\":[\"Noticias\"],\"inLanguage\":\"es\"},{\"@type\":\"WebPage\",\"@id\":\"https:\\\/\\\/www.quebakan.com\\\/v15\\\/destacados-talentos-ecuatorianos-nominados-en-los-premios-icono-5ta-edicion\\\/\",\"url\":\"https:\\\/\\\/www.quebakan.com\\\/v15\\\/destacados-talentos-ecuatorianos-nominados-en-los-premios-icono-5ta-edicion\\\/\",\"name\":\"Destacados Talentos Ecuatorianos Nominados en los Premios \u00cdcono 5ta Edici\u00f3n &#8211; QUEBAKAN.COM 2026: Noticias, Eventos, Conciertos y mucho m\u00e1s....\",\"isPartOf\":{\"@id\":\"https:\\\/\\\/www.quebakan.com\\\/v15\\\/#website\"},\"primaryImageOfPage\":{\"@id\":\"https:\\\/\\\/www.quebakan.com\\\/v15\\\/destacados-talentos-ecuatorianos-nominados-en-los-premios-icono-5ta-edicion\\\/#primaryimage\"},\"image\":{\"@id\":\"https:\\\/\\\/www.quebakan.com\\\/v15\\\/destacados-talentos-ecuatorianos-nominados-en-los-premios-icono-5ta-edicion\\\/#primaryimage\"},\"thumbnailUrl\":\"https:\\\/\\\/www.quebakan.com\\\/v15\\\/wp-content\\\/uploads\\\/2024\\\/05\\\/IMG_3496.jpg\",\"datePublished\":\"2024-05-09T18:47:15+00:00\",\"breadcrumb\":{\"@id\":\"https:\\\/\\\/www.quebakan.com\\\/v15\\\/destacados-talentos-ecuatorianos-nominados-en-los-premios-icono-5ta-edicion\\\/#breadcrumb\"},\"inLanguage\":\"es\",\"potentialAction\":[{\"@type\":\"ReadAction\",\"target\":[\"https:\\\/\\\/www.quebakan.com\\\/v15\\\/destacados-talentos-ecuatorianos-nominados-en-los-premios-icono-5ta-edicion\\\/\"]}]},{\"@type\":\"ImageObject\",\"inLanguage\":\"es\",\"@id\":\"https:\\\/\\\/www.quebakan.com\\\/v15\\\/destacados-talentos-ecuatorianos-nominados-en-los-premios-icono-5ta-edicion\\\/#primaryimage\",\"url\":\"https:\\\/\\\/www.quebakan.com\\\/v15\\\/wp-content\\\/uploads\\\/2024\\\/05\\\/IMG_3496.jpg\",\"contentUrl\":\"https:\\\/\\\/www.quebakan.com\\\/v15\\\/wp-content\\\/uploads\\\/2024\\\/05\\\/IMG_3496.jpg\",\"width\":560,\"height\":700},{\"@type\":\"BreadcrumbList\",\"@id\":\"https:\\\/\\\/www.quebakan.com\\\/v15\\\/destacados-talentos-ecuatorianos-nominados-en-los-premios-icono-5ta-edicion\\\/#breadcrumb\",\"itemListElement\":[{\"@type\":\"ListItem\",\"position\":1,\"name\":\"Portada\",\"item\":\"https:\\\/\\\/www.quebakan.com\\\/v15\\\/\"},{\"@type\":\"ListItem\",\"position\":2,\"name\":\"Destacados Talentos Ecuatorianos Nominados en los Premios \u00cdcono 5ta Edici\u00f3n\"}]},{\"@type\":\"WebSite\",\"@id\":\"https:\\\/\\\/www.quebakan.com\\\/v15\\\/#website\",\"url\":\"https:\\\/\\\/www.quebakan.com\\\/v15\\\/\",\"name\":\"QUEBAKAN\",\"description\":\"..\",\"publisher\":{\"@id\":\"https:\\\/\\\/www.quebakan.com\\\/v15\\\/#organization\"},\"potentialAction\":[{\"@type\":\"SearchAction\",\"target\":{\"@type\":\"EntryPoint\",\"urlTemplate\":\"https:\\\/\\\/www.quebakan.com\\\/v15\\\/?s={search_term_string}\"},\"query-input\":{\"@type\":\"PropertyValueSpecification\",\"valueRequired\":true,\"valueName\":\"search_term_string\"}}],\"inLanguage\":\"es\"},{\"@type\":\"Organization\",\"@id\":\"https:\\\/\\\/www.quebakan.com\\\/v15\\\/#organization\",\"name\":\"Quebakan.com\",\"url\":\"https:\\\/\\\/www.quebakan.com\\\/v15\\\/\",\"logo\":{\"@type\":\"ImageObject\",\"inLanguage\":\"es\",\"@id\":\"https:\\\/\\\/www.quebakan.com\\\/v15\\\/#\\\/schema\\\/logo\\\/image\\\/\",\"url\":\"https:\\\/\\\/www.quebakan.com\\\/v15\\\/wp-content\\\/uploads\\\/2023\\\/07\\\/logoquebakanenero2021.jpg\",\"contentUrl\":\"https:\\\/\\\/www.quebakan.com\\\/v15\\\/wp-content\\\/uploads\\\/2023\\\/07\\\/logoquebakanenero2021.jpg\",\"width\":1920,\"height\":1080,\"caption\":\"Quebakan.com\"},\"image\":{\"@id\":\"https:\\\/\\\/www.quebakan.com\\\/v15\\\/#\\\/schema\\\/logo\\\/image\\\/\"},\"sameAs\":[\"http:\\\/\\\/www.facebook.com\\\/quebakan\",\"https:\\\/\\\/x.com\\\/quebakanec\",\"http:\\\/\\\/www.instagram.com\\\/quebakan\",\"http:\\\/\\\/www.youtube.com\\\/quebakan1\"]},{\"@type\":\"Person\",\"@id\":\"https:\\\/\\\/www.quebakan.com\\\/v15\\\/#\\\/schema\\\/person\\\/d90fa9f9cfa81eb8ace9811e5b7b9118\",\"name\":\"Erick Villafuerte\",\"image\":{\"@type\":\"ImageObject\",\"inLanguage\":\"es\",\"@id\":\"https:\\\/\\\/www.quebakan.com\\\/v15\\\/wp-content\\\/uploads\\\/avatars\\\/4\\\/1731297654-bpfull.png\",\"url\":\"https:\\\/\\\/www.quebakan.com\\\/v15\\\/wp-content\\\/uploads\\\/avatars\\\/4\\\/1731297654-bpfull.png\",\"contentUrl\":\"https:\\\/\\\/www.quebakan.com\\\/v15\\\/wp-content\\\/uploads\\\/avatars\\\/4\\\/1731297654-bpfull.png\",\"caption\":\"Erick Villafuerte\"}}]}<\/script>\n<!-- \/ Yoast SEO plugin. -->","yoast_head_json":{"title":"Destacados Talentos Ecuatorianos Nominados en los Premios \u00cdcono 5ta Edici\u00f3n &#8211; QUEBAKAN.COM 2026: Noticias, Eventos, Conciertos y mucho m\u00e1s....","robots":{"index":"index","follow":"follow","max-snippet":"max-snippet:-1","max-image-preview":"max-image-preview:large","max-video-preview":"max-video-preview:-1"},"canonical":"https:\/\/www.quebakan.com\/v15\/destacados-talentos-ecuatorianos-nominados-en-los-premios-icono-5ta-edicion\/","og_locale":"es_ES","og_type":"article","og_title":"Destacados Talentos Ecuatorianos Nominados en los Premios \u00cdcono 5ta Edici\u00f3n &#8211; QUEBAKAN.COM 2026: Noticias, Eventos, Conciertos y mucho m\u00e1s....","og_description":"Este a\u00f1o, el talento ecuatoriano se encuentra en el centro de atenci\u00f3n con m\u00faltiples nominaciones en la prestigiosa ceremonia de los Premios Internacionales Icono, que celebran la excelencia en diversas \u00e1reas del entretenimiento y la influencia digital. Entre los destacados nominados se encuentran Valentina Abreu, Yilda Banch\u00f3n, Emma Guerrero, Fernanda Gallardo y Ely Bells, quienes [&hellip;]","og_url":"https:\/\/www.quebakan.com\/v15\/destacados-talentos-ecuatorianos-nominados-en-los-premios-icono-5ta-edicion\/","og_site_name":"QUEBAKAN.COM 2026: Noticias, Eventos, Conciertos y mucho m\u00e1s....","article_publisher":"http:\/\/www.facebook.com\/quebakan","article_published_time":"2024-05-09T18:47:15+00:00","og_image":[{"width":560,"height":700,"url":"https:\/\/www.quebakan.com\/v15\/wp-content\/uploads\/2024\/05\/IMG_3496.jpg","type":"image\/jpeg"}],"author":"Erick Villafuerte","twitter_card":"summary_large_image","twitter_creator":"@quebakanec","twitter_site":"@quebakanec","twitter_misc":{"Escrito por":"Erick Villafuerte","Tiempo de lectura":"3 minutos"},"schema":{"@context":"https:\/\/schema.org","@graph":[{"@type":"Article","@id":"https:\/\/www.quebakan.com\/v15\/destacados-talentos-ecuatorianos-nominados-en-los-premios-icono-5ta-edicion\/#article","isPartOf":{"@id":"https:\/\/www.quebakan.com\/v15\/destacados-talentos-ecuatorianos-nominados-en-los-premios-icono-5ta-edicion\/"},"author":{"name":"Erick Villafuerte","@id":"https:\/\/www.quebakan.com\/v15\/#\/schema\/person\/d90fa9f9cfa81eb8ace9811e5b7b9118"},"headline":"Destacados Talentos Ecuatorianos Nominados en los Premios \u00cdcono 5ta Edici\u00f3n","datePublished":"2024-05-09T18:47:15+00:00","mainEntityOfPage":{"@id":"https:\/\/www.quebakan.com\/v15\/destacados-talentos-ecuatorianos-nominados-en-los-premios-icono-5ta-edicion\/"},"wordCount":290,"commentCount":0,"publisher":{"@id":"https:\/\/www.quebakan.com\/v15\/#organization"},"image":{"@id":"https:\/\/www.quebakan.com\/v15\/destacados-talentos-ecuatorianos-nominados-en-los-premios-icono-5ta-edicion\/#primaryimage"},"thumbnailUrl":"https:\/\/www.quebakan.com\/v15\/wp-content\/uploads\/2024\/05\/IMG_3496.jpg","articleSection":["Noticias"],"inLanguage":"es"},{"@type":"WebPage","@id":"https:\/\/www.quebakan.com\/v15\/destacados-talentos-ecuatorianos-nominados-en-los-premios-icono-5ta-edicion\/","url":"https:\/\/www.quebakan.com\/v15\/destacados-talentos-ecuatorianos-nominados-en-los-premios-icono-5ta-edicion\/","name":"Destacados Talentos Ecuatorianos Nominados en los Premios \u00cdcono 5ta Edici\u00f3n &#8211; QUEBAKAN.COM 2026: Noticias, Eventos, Conciertos y mucho m\u00e1s....","isPartOf":{"@id":"https:\/\/www.quebakan.com\/v15\/#website"},"primaryImageOfPage":{"@id":"https:\/\/www.quebakan.com\/v15\/destacados-talentos-ecuatorianos-nominados-en-los-premios-icono-5ta-edicion\/#primaryimage"},"image":{"@id":"https:\/\/www.quebakan.com\/v15\/destacados-talentos-ecuatorianos-nominados-en-los-premios-icono-5ta-edicion\/#primaryimage"},"thumbnailUrl":"https:\/\/www.quebakan.com\/v15\/wp-content\/uploads\/2024\/05\/IMG_3496.jpg","datePublished":"2024-05-09T18:47:15+00:00","breadcrumb":{"@id":"https:\/\/www.quebakan.com\/v15\/destacados-talentos-ecuatorianos-nominados-en-los-premios-icono-5ta-edicion\/#breadcrumb"},"inLanguage":"es","potentialAction":[{"@type":"ReadAction","target":["https:\/\/www.quebakan.com\/v15\/destacados-talentos-ecuatorianos-nominados-en-los-premios-icono-5ta-edicion\/"]}]},{"@type":"ImageObject","inLanguage":"es","@id":"https:\/\/www.quebakan.com\/v15\/destacados-talentos-ecuatorianos-nominados-en-los-premios-icono-5ta-edicion\/#primaryimage","url":"https:\/\/www.quebakan.com\/v15\/wp-content\/uploads\/2024\/05\/IMG_3496.jpg","contentUrl":"https:\/\/www.quebakan.com\/v15\/wp-content\/uploads\/2024\/05\/IMG_3496.jpg","width":560,"height":700},{"@type":"BreadcrumbList","@id":"https:\/\/www.quebakan.com\/v15\/destacados-talentos-ecuatorianos-nominados-en-los-premios-icono-5ta-edicion\/#breadcrumb","itemListElement":[{"@type":"ListItem","position":1,"name":"Portada","item":"https:\/\/www.quebakan.com\/v15\/"},{"@type":"ListItem","position":2,"name":"Destacados Talentos Ecuatorianos Nominados en los Premios \u00cdcono 5ta Edici\u00f3n"}]},{"@type":"WebSite","@id":"https:\/\/www.quebakan.com\/v15\/#website","url":"https:\/\/www.quebakan.com\/v15\/","name":"QUEBAKAN","description":"..","publisher":{"@id":"https:\/\/www.quebakan.com\/v15\/#organization"},"potentialAction":[{"@type":"SearchAction","target":{"@type":"EntryPoint","urlTemplate":"https:\/\/www.quebakan.com\/v15\/?s={search_term_string}"},"query-input":{"@type":"PropertyValueSpecification","valueRequired":true,"valueName":"search_term_string"}}],"inLanguage":"es"},{"@type":"Organization","@id":"https:\/\/www.quebakan.com\/v15\/#organization","name":"Quebakan.com","url":"https:\/\/www.quebakan.com\/v15\/","logo":{"@type":"ImageObject","inLanguage":"es","@id":"https:\/\/www.quebakan.com\/v15\/#\/schema\/logo\/image\/","url":"https:\/\/www.quebakan.com\/v15\/wp-content\/uploads\/2023\/07\/logoquebakanenero2021.jpg","contentUrl":"https:\/\/www.quebakan.com\/v15\/wp-content\/uploads\/2023\/07\/logoquebakanenero2021.jpg","width":1920,"height":1080,"caption":"Quebakan.com"},"image":{"@id":"https:\/\/www.quebakan.com\/v15\/#\/schema\/logo\/image\/"},"sameAs":["http:\/\/www.facebook.com\/quebakan","https:\/\/x.com\/quebakanec","http:\/\/www.instagram.com\/quebakan","http:\/\/www.youtube.com\/quebakan1"]},{"@type":"Person","@id":"https:\/\/www.quebakan.com\/v15\/#\/schema\/person\/d90fa9f9cfa81eb8ace9811e5b7b9118","name":"Erick Villafuerte","image":{"@type":"ImageObject","inLanguage":"es","@id":"https:\/\/www.quebakan.com\/v15\/wp-content\/uploads\/avatars\/4\/1731297654-bpfull.png","url":"https:\/\/www.quebakan.com\/v15\/wp-content\/uploads\/avatars\/4\/1731297654-bpfull.png","contentUrl":"https:\/\/www.quebakan.com\/v15\/wp-content\/uploads\/avatars\/4\/1731297654-bpfull.png","caption":"Erick Villafuerte"}}]}},"_links":{"self":[{"href":"https:\/\/www.quebakan.com\/v15\/wp-json\/wp\/v2\/posts\/118779","targetHints":{"allow":["GET"]}}],"collection":[{"href":"https:\/\/www.quebakan.com\/v15\/wp-json\/wp\/v2\/posts"}],"about":[{"href":"https:\/\/www.quebakan.com\/v15\/wp-json\/wp\/v2\/types\/post"}],"author":[{"embeddable":true,"href":"https:\/\/www.quebakan.com\/v15\/wp-json\/wp\/v2\/users\/4"}],"replies":[{"embeddable":true,"href":"https:\/\/www.quebakan.com\/v15\/wp-json\/wp\/v2\/comments?post=118779"}],"version-history":[{"count":1,"href":"https:\/\/www.quebakan.com\/v15\/wp-json\/wp\/v2\/posts\/118779\/revisions"}],"predecessor-version":[{"id":118784,"href":"https:\/\/www.quebakan.com\/v15\/wp-json\/wp\/v2\/posts\/118779\/revisions\/118784"}],"wp:featuredmedia":[{"embeddable":true,"href":"https:\/\/www.quebakan.com\/v15\/wp-json\/wp\/v2\/media\/118781"}],"wp:attachment":[{"href":"https:\/\/www.quebakan.com\/v15\/wp-json\/wp\/v2\/media?parent=118779"}],"wp:term":[{"taxonomy":"category","embeddable":true,"href":"https:\/\/www.quebakan.com\/v15\/wp-json\/wp\/v2\/categories?post=118779"},{"taxonomy":"post_tag","embeddable":true,"href":"https:\/\/www.quebakan.com\/v15\/wp-json\/wp\/v2\/tags?post=118779"}],"curies":[{"name":"wp","href":"https:\/\/api.w.org\/{rel}","templated":true}]}}