{"id":118785,"date":"2024-05-09T13:52:14","date_gmt":"2024-05-09T18:52:14","guid":{"rendered":"https:\/\/www.quebakan.com\/v15\/?p=118785"},"modified":"2024-05-09T13:52:14","modified_gmt":"2024-05-09T18:52:14","slug":"tia-brindo-asistencia-medica-gratuita-a-la-comunidad-quitena","status":"publish","type":"post","link":"https:\/\/www.quebakan.com\/v15\/tia-brindo-asistencia-medica-gratuita-a-la-comunidad-quitena\/","title":{"rendered":"T\u00eda brind\u00f3 asistencia m\u00e9dica gratuita a la comunidad quite\u00f1a"},"content":{"rendered":"<p><img fetchpriority=\"high\" decoding=\"async\" class=\"aligncenter size-full wp-image-118786\" src=\"https:\/\/www.quebakan.com\/v15\/wp-content\/uploads\/2024\/05\/FOTO-3-1.jpg\" alt=\"\" width=\"700\" height=\"525\" \/><\/p>\n<p style=\"text-align: justify;\"><span style=\"color: #000000;\"><em>La brigada m\u00e9dica se realiz\u00f3 en la Plaza de San Francisco y cont\u00f3 con el respaldo del Club Rotario Guayaquil Moderno y el Club Rotario de Quito, lo que permiti\u00f3 atender m\u00e1s de 350 consultas de forma gratuita.<\/em><\/span><\/p>\n<p style=\"text-align: justify;\"><span style=\"color: #000000;\"><strong>Quito, 29 abril de 2024<\/strong> \u2013 T\u00eda, la cadena de tiendas y supermercados con mayor presencia en Ecuador, desarroll\u00f3 una brigada m\u00e9dica gratuita en beneficio de la comunidad quite\u00f1a. La jornada se efectu\u00f3 el s\u00e1bado 27 de abril de 2024 en la Plaza de San Francisco, en horario de 10h00 a 17h00, con el apoyo del Club Rotario Guayaquil Moderno y el Club Rotario de Quito.<\/span><\/p>\n<p style=\"text-align: justify;\"><span style=\"color: #000000;\">Durante esta actividad, la comunidad cercana tuvo la oportunidad de acceder a revisiones m\u00e9dicas sin costo en diferentes especialidades, como Medicina General, Pediatr\u00eda, Geriatr\u00eda y Cardiolog\u00eda. Adem\u00e1s, se entregaron medicamentos de forma gratuita a qui\u00e9nes se realizaron los chequeos de salud.<\/span><\/p>\n<p style=\"text-align: justify;\"><span style=\"color: #000000;\">Isabel Correa, Jefe de Asuntos Corporativos y Sostenibilidad de T\u00eda, destac\u00f3 que esta jornada permiti\u00f3 atender m\u00e1s de 350 ciudadanos y moradores del sector. En esta l\u00ednea, tambi\u00e9n coment\u00f3 que esta iniciativa forma parte de un plan social que la empresa promueve en la zona desde hace varios meses, previo a la apertura de su local T\u00eda San Francisco, que tuvo lugar en diciembre de 2023.<\/span><\/p>\n<p style=\"text-align: justify;\"><span style=\"color: #000000;\">La filosof\u00eda de T\u00eda se centra en mantenerse como una empresa cercana. Por este motivo, previo a la apertura de cada local, se efect\u00faan diferentes proyectos para contribuir al desarrollo del sector, como ferias de emprendimientos y alianzas con fundaciones locales. Adem\u00e1s, constantemente, ejecutamos actividades enfocadas en brindar bienestar a la comunidad.<\/span><\/p>\n<p style=\"text-align: justify;\"><span style=\"color: #000000;\">Con este tipo de iniciativas, T\u00eda ratifica su compromiso con la generaci\u00f3n de valor y oportunidades de crecimiento para sus diferentes comunidades, a trav\u00e9s de su ambiciosa estrategia de sostenibilidad denominada \u201cEl Efecto T\u00eda\u201d.<\/span><\/p>\n<p><img decoding=\"async\" class=\"aligncenter size-full wp-image-118787\" src=\"https:\/\/www.quebakan.com\/v15\/wp-content\/uploads\/2024\/05\/FOTO-1-5.jpg\" alt=\"\" width=\"700\" height=\"525\" \/><\/p>\n<p>&nbsp;<\/p>\n<p><img decoding=\"async\" class=\"aligncenter size-full wp-image-118788\" src=\"https:\/\/www.quebakan.com\/v15\/wp-content\/uploads\/2024\/05\/FOTO-2-4.jpg\" alt=\"\" width=\"700\" height=\"525\" \/><\/p>\n","protected":false},"excerpt":{"rendered":"<p>La brigada m\u00e9dica se realiz\u00f3 en la Plaza de San Francisco y cont\u00f3 con el respaldo del Club Rotario Guayaquil Moderno y el Club Rotario de Quito, lo que permiti\u00f3 atender m\u00e1s de 350 consultas de forma gratuita. Quito, 29 abril de 2024 \u2013 T\u00eda, la cadena de tiendas y supermercados con mayor presencia en [&hellip;]<\/p>\n","protected":false},"author":4,"featured_media":118786,"comment_status":"open","ping_status":"open","sticky":false,"template":"","format":"standard","meta":{"_bbp_topic_count":0,"_bbp_reply_count":0,"_bbp_total_topic_count":0,"_bbp_total_reply_count":0,"_bbp_voice_count":0,"_bbp_anonymous_reply_count":0,"_bbp_topic_count_hidden":0,"_bbp_reply_count_hidden":0,"_bbp_forum_subforum_count":0,"buzzeditor_post_format":"","footnotes":""},"categories":[2],"tags":[],"class_list":["post-118785","post","type-post","status-publish","format-standard","has-post-thumbnail","hentry","category-noticias"],"yoast_head":"<!-- This site is optimized with the Yoast SEO plugin v27.5 - https:\/\/yoast.com\/product\/yoast-seo-wordpress\/ -->\n<title>T\u00eda brind\u00f3 asistencia m\u00e9dica gratuita a la comunidad quite\u00f1a &#8211; QUEBAKAN.COM 2026: Noticias, Eventos, Conciertos y mucho m\u00e1s....<\/title>\n<meta name=\"robots\" content=\"index, follow, max-snippet:-1, max-image-preview:large, max-video-preview:-1\" \/>\n<link rel=\"canonical\" href=\"https:\/\/www.quebakan.com\/v15\/tia-brindo-asistencia-medica-gratuita-a-la-comunidad-quitena\/\" \/>\n<meta property=\"og:locale\" content=\"es_ES\" \/>\n<meta property=\"og:type\" content=\"article\" \/>\n<meta property=\"og:title\" content=\"T\u00eda brind\u00f3 asistencia m\u00e9dica gratuita a la comunidad quite\u00f1a &#8211; QUEBAKAN.COM 2026: Noticias, Eventos, Conciertos y mucho m\u00e1s....\" \/>\n<meta property=\"og:description\" content=\"La brigada m\u00e9dica se realiz\u00f3 en la Plaza de San Francisco y cont\u00f3 con el respaldo del Club Rotario Guayaquil Moderno y el Club Rotario de Quito, lo que permiti\u00f3 atender m\u00e1s de 350 consultas de forma gratuita. Quito, 29 abril de 2024 \u2013 T\u00eda, la cadena de tiendas y supermercados con mayor presencia en [&hellip;]\" \/>\n<meta property=\"og:url\" content=\"https:\/\/www.quebakan.com\/v15\/tia-brindo-asistencia-medica-gratuita-a-la-comunidad-quitena\/\" \/>\n<meta property=\"og:site_name\" content=\"QUEBAKAN.COM 2026: Noticias, Eventos, Conciertos y mucho m\u00e1s....\" \/>\n<meta property=\"article:publisher\" content=\"http:\/\/www.facebook.com\/quebakan\" \/>\n<meta property=\"article:published_time\" content=\"2024-05-09T18:52:14+00:00\" \/>\n<meta property=\"og:image\" content=\"https:\/\/www.quebakan.com\/v15\/wp-content\/uploads\/2024\/05\/FOTO-3-1.jpg\" \/>\n\t<meta property=\"og:image:width\" content=\"700\" \/>\n\t<meta property=\"og:image:height\" content=\"525\" \/>\n\t<meta property=\"og:image:type\" content=\"image\/jpeg\" \/>\n<meta name=\"author\" content=\"Erick Villafuerte\" \/>\n<meta name=\"twitter:card\" content=\"summary_large_image\" \/>\n<meta name=\"twitter:creator\" content=\"@quebakanec\" \/>\n<meta name=\"twitter:site\" content=\"@quebakanec\" \/>\n<meta name=\"twitter:label1\" content=\"Escrito por\" \/>\n\t<meta name=\"twitter:data1\" content=\"Erick Villafuerte\" \/>\n\t<meta name=\"twitter:label2\" content=\"Tiempo de lectura\" \/>\n\t<meta name=\"twitter:data2\" content=\"3 minutos\" \/>\n<script type=\"application\/ld+json\" class=\"yoast-schema-graph\">{\"@context\":\"https:\\\/\\\/schema.org\",\"@graph\":[{\"@type\":\"Article\",\"@id\":\"https:\\\/\\\/www.quebakan.com\\\/v15\\\/tia-brindo-asistencia-medica-gratuita-a-la-comunidad-quitena\\\/#article\",\"isPartOf\":{\"@id\":\"https:\\\/\\\/www.quebakan.com\\\/v15\\\/tia-brindo-asistencia-medica-gratuita-a-la-comunidad-quitena\\\/\"},\"author\":{\"name\":\"Erick Villafuerte\",\"@id\":\"https:\\\/\\\/www.quebakan.com\\\/v15\\\/#\\\/schema\\\/person\\\/d90fa9f9cfa81eb8ace9811e5b7b9118\"},\"headline\":\"T\u00eda brind\u00f3 asistencia m\u00e9dica gratuita a la comunidad quite\u00f1a\",\"datePublished\":\"2024-05-09T18:52:14+00:00\",\"mainEntityOfPage\":{\"@id\":\"https:\\\/\\\/www.quebakan.com\\\/v15\\\/tia-brindo-asistencia-medica-gratuita-a-la-comunidad-quitena\\\/\"},\"wordCount\":327,\"commentCount\":0,\"publisher\":{\"@id\":\"https:\\\/\\\/www.quebakan.com\\\/v15\\\/#organization\"},\"image\":{\"@id\":\"https:\\\/\\\/www.quebakan.com\\\/v15\\\/tia-brindo-asistencia-medica-gratuita-a-la-comunidad-quitena\\\/#primaryimage\"},\"thumbnailUrl\":\"https:\\\/\\\/www.quebakan.com\\\/v15\\\/wp-content\\\/uploads\\\/2024\\\/05\\\/FOTO-3-1.jpg\",\"articleSection\":[\"Noticias\"],\"inLanguage\":\"es\"},{\"@type\":\"WebPage\",\"@id\":\"https:\\\/\\\/www.quebakan.com\\\/v15\\\/tia-brindo-asistencia-medica-gratuita-a-la-comunidad-quitena\\\/\",\"url\":\"https:\\\/\\\/www.quebakan.com\\\/v15\\\/tia-brindo-asistencia-medica-gratuita-a-la-comunidad-quitena\\\/\",\"name\":\"T\u00eda brind\u00f3 asistencia m\u00e9dica gratuita a la comunidad quite\u00f1a &#8211; QUEBAKAN.COM 2026: Noticias, Eventos, Conciertos y mucho m\u00e1s....\",\"isPartOf\":{\"@id\":\"https:\\\/\\\/www.quebakan.com\\\/v15\\\/#website\"},\"primaryImageOfPage\":{\"@id\":\"https:\\\/\\\/www.quebakan.com\\\/v15\\\/tia-brindo-asistencia-medica-gratuita-a-la-comunidad-quitena\\\/#primaryimage\"},\"image\":{\"@id\":\"https:\\\/\\\/www.quebakan.com\\\/v15\\\/tia-brindo-asistencia-medica-gratuita-a-la-comunidad-quitena\\\/#primaryimage\"},\"thumbnailUrl\":\"https:\\\/\\\/www.quebakan.com\\\/v15\\\/wp-content\\\/uploads\\\/2024\\\/05\\\/FOTO-3-1.jpg\",\"datePublished\":\"2024-05-09T18:52:14+00:00\",\"breadcrumb\":{\"@id\":\"https:\\\/\\\/www.quebakan.com\\\/v15\\\/tia-brindo-asistencia-medica-gratuita-a-la-comunidad-quitena\\\/#breadcrumb\"},\"inLanguage\":\"es\",\"potentialAction\":[{\"@type\":\"ReadAction\",\"target\":[\"https:\\\/\\\/www.quebakan.com\\\/v15\\\/tia-brindo-asistencia-medica-gratuita-a-la-comunidad-quitena\\\/\"]}]},{\"@type\":\"ImageObject\",\"inLanguage\":\"es\",\"@id\":\"https:\\\/\\\/www.quebakan.com\\\/v15\\\/tia-brindo-asistencia-medica-gratuita-a-la-comunidad-quitena\\\/#primaryimage\",\"url\":\"https:\\\/\\\/www.quebakan.com\\\/v15\\\/wp-content\\\/uploads\\\/2024\\\/05\\\/FOTO-3-1.jpg\",\"contentUrl\":\"https:\\\/\\\/www.quebakan.com\\\/v15\\\/wp-content\\\/uploads\\\/2024\\\/05\\\/FOTO-3-1.jpg\",\"width\":700,\"height\":525},{\"@type\":\"BreadcrumbList\",\"@id\":\"https:\\\/\\\/www.quebakan.com\\\/v15\\\/tia-brindo-asistencia-medica-gratuita-a-la-comunidad-quitena\\\/#breadcrumb\",\"itemListElement\":[{\"@type\":\"ListItem\",\"position\":1,\"name\":\"Portada\",\"item\":\"https:\\\/\\\/www.quebakan.com\\\/v15\\\/\"},{\"@type\":\"ListItem\",\"position\":2,\"name\":\"T\u00eda brind\u00f3 asistencia m\u00e9dica gratuita a la comunidad quite\u00f1a\"}]},{\"@type\":\"WebSite\",\"@id\":\"https:\\\/\\\/www.quebakan.com\\\/v15\\\/#website\",\"url\":\"https:\\\/\\\/www.quebakan.com\\\/v15\\\/\",\"name\":\"QUEBAKAN\",\"description\":\"..\",\"publisher\":{\"@id\":\"https:\\\/\\\/www.quebakan.com\\\/v15\\\/#organization\"},\"potentialAction\":[{\"@type\":\"SearchAction\",\"target\":{\"@type\":\"EntryPoint\",\"urlTemplate\":\"https:\\\/\\\/www.quebakan.com\\\/v15\\\/?s={search_term_string}\"},\"query-input\":{\"@type\":\"PropertyValueSpecification\",\"valueRequired\":true,\"valueName\":\"search_term_string\"}}],\"inLanguage\":\"es\"},{\"@type\":\"Organization\",\"@id\":\"https:\\\/\\\/www.quebakan.com\\\/v15\\\/#organization\",\"name\":\"Quebakan.com\",\"url\":\"https:\\\/\\\/www.quebakan.com\\\/v15\\\/\",\"logo\":{\"@type\":\"ImageObject\",\"inLanguage\":\"es\",\"@id\":\"https:\\\/\\\/www.quebakan.com\\\/v15\\\/#\\\/schema\\\/logo\\\/image\\\/\",\"url\":\"https:\\\/\\\/www.quebakan.com\\\/v15\\\/wp-content\\\/uploads\\\/2023\\\/07\\\/logoquebakanenero2021.jpg\",\"contentUrl\":\"https:\\\/\\\/www.quebakan.com\\\/v15\\\/wp-content\\\/uploads\\\/2023\\\/07\\\/logoquebakanenero2021.jpg\",\"width\":1920,\"height\":1080,\"caption\":\"Quebakan.com\"},\"image\":{\"@id\":\"https:\\\/\\\/www.quebakan.com\\\/v15\\\/#\\\/schema\\\/logo\\\/image\\\/\"},\"sameAs\":[\"http:\\\/\\\/www.facebook.com\\\/quebakan\",\"https:\\\/\\\/x.com\\\/quebakanec\",\"http:\\\/\\\/www.instagram.com\\\/quebakan\",\"http:\\\/\\\/www.youtube.com\\\/quebakan1\"]},{\"@type\":\"Person\",\"@id\":\"https:\\\/\\\/www.quebakan.com\\\/v15\\\/#\\\/schema\\\/person\\\/d90fa9f9cfa81eb8ace9811e5b7b9118\",\"name\":\"Erick Villafuerte\",\"image\":{\"@type\":\"ImageObject\",\"inLanguage\":\"es\",\"@id\":\"https:\\\/\\\/www.quebakan.com\\\/v15\\\/wp-content\\\/uploads\\\/avatars\\\/4\\\/1731297654-bpfull.png\",\"url\":\"https:\\\/\\\/www.quebakan.com\\\/v15\\\/wp-content\\\/uploads\\\/avatars\\\/4\\\/1731297654-bpfull.png\",\"contentUrl\":\"https:\\\/\\\/www.quebakan.com\\\/v15\\\/wp-content\\\/uploads\\\/avatars\\\/4\\\/1731297654-bpfull.png\",\"caption\":\"Erick Villafuerte\"}}]}<\/script>\n<!-- \/ Yoast SEO plugin. -->","yoast_head_json":{"title":"T\u00eda brind\u00f3 asistencia m\u00e9dica gratuita a la comunidad quite\u00f1a &#8211; QUEBAKAN.COM 2026: Noticias, Eventos, Conciertos y mucho m\u00e1s....","robots":{"index":"index","follow":"follow","max-snippet":"max-snippet:-1","max-image-preview":"max-image-preview:large","max-video-preview":"max-video-preview:-1"},"canonical":"https:\/\/www.quebakan.com\/v15\/tia-brindo-asistencia-medica-gratuita-a-la-comunidad-quitena\/","og_locale":"es_ES","og_type":"article","og_title":"T\u00eda brind\u00f3 asistencia m\u00e9dica gratuita a la comunidad quite\u00f1a &#8211; QUEBAKAN.COM 2026: Noticias, Eventos, Conciertos y mucho m\u00e1s....","og_description":"La brigada m\u00e9dica se realiz\u00f3 en la Plaza de San Francisco y cont\u00f3 con el respaldo del Club Rotario Guayaquil Moderno y el Club Rotario de Quito, lo que permiti\u00f3 atender m\u00e1s de 350 consultas de forma gratuita. Quito, 29 abril de 2024 \u2013 T\u00eda, la cadena de tiendas y supermercados con mayor presencia en [&hellip;]","og_url":"https:\/\/www.quebakan.com\/v15\/tia-brindo-asistencia-medica-gratuita-a-la-comunidad-quitena\/","og_site_name":"QUEBAKAN.COM 2026: Noticias, Eventos, Conciertos y mucho m\u00e1s....","article_publisher":"http:\/\/www.facebook.com\/quebakan","article_published_time":"2024-05-09T18:52:14+00:00","og_image":[{"width":700,"height":525,"url":"https:\/\/www.quebakan.com\/v15\/wp-content\/uploads\/2024\/05\/FOTO-3-1.jpg","type":"image\/jpeg"}],"author":"Erick Villafuerte","twitter_card":"summary_large_image","twitter_creator":"@quebakanec","twitter_site":"@quebakanec","twitter_misc":{"Escrito por":"Erick Villafuerte","Tiempo de lectura":"3 minutos"},"schema":{"@context":"https:\/\/schema.org","@graph":[{"@type":"Article","@id":"https:\/\/www.quebakan.com\/v15\/tia-brindo-asistencia-medica-gratuita-a-la-comunidad-quitena\/#article","isPartOf":{"@id":"https:\/\/www.quebakan.com\/v15\/tia-brindo-asistencia-medica-gratuita-a-la-comunidad-quitena\/"},"author":{"name":"Erick Villafuerte","@id":"https:\/\/www.quebakan.com\/v15\/#\/schema\/person\/d90fa9f9cfa81eb8ace9811e5b7b9118"},"headline":"T\u00eda brind\u00f3 asistencia m\u00e9dica gratuita a la comunidad quite\u00f1a","datePublished":"2024-05-09T18:52:14+00:00","mainEntityOfPage":{"@id":"https:\/\/www.quebakan.com\/v15\/tia-brindo-asistencia-medica-gratuita-a-la-comunidad-quitena\/"},"wordCount":327,"commentCount":0,"publisher":{"@id":"https:\/\/www.quebakan.com\/v15\/#organization"},"image":{"@id":"https:\/\/www.quebakan.com\/v15\/tia-brindo-asistencia-medica-gratuita-a-la-comunidad-quitena\/#primaryimage"},"thumbnailUrl":"https:\/\/www.quebakan.com\/v15\/wp-content\/uploads\/2024\/05\/FOTO-3-1.jpg","articleSection":["Noticias"],"inLanguage":"es"},{"@type":"WebPage","@id":"https:\/\/www.quebakan.com\/v15\/tia-brindo-asistencia-medica-gratuita-a-la-comunidad-quitena\/","url":"https:\/\/www.quebakan.com\/v15\/tia-brindo-asistencia-medica-gratuita-a-la-comunidad-quitena\/","name":"T\u00eda brind\u00f3 asistencia m\u00e9dica gratuita a la comunidad quite\u00f1a &#8211; QUEBAKAN.COM 2026: Noticias, Eventos, Conciertos y mucho m\u00e1s....","isPartOf":{"@id":"https:\/\/www.quebakan.com\/v15\/#website"},"primaryImageOfPage":{"@id":"https:\/\/www.quebakan.com\/v15\/tia-brindo-asistencia-medica-gratuita-a-la-comunidad-quitena\/#primaryimage"},"image":{"@id":"https:\/\/www.quebakan.com\/v15\/tia-brindo-asistencia-medica-gratuita-a-la-comunidad-quitena\/#primaryimage"},"thumbnailUrl":"https:\/\/www.quebakan.com\/v15\/wp-content\/uploads\/2024\/05\/FOTO-3-1.jpg","datePublished":"2024-05-09T18:52:14+00:00","breadcrumb":{"@id":"https:\/\/www.quebakan.com\/v15\/tia-brindo-asistencia-medica-gratuita-a-la-comunidad-quitena\/#breadcrumb"},"inLanguage":"es","potentialAction":[{"@type":"ReadAction","target":["https:\/\/www.quebakan.com\/v15\/tia-brindo-asistencia-medica-gratuita-a-la-comunidad-quitena\/"]}]},{"@type":"ImageObject","inLanguage":"es","@id":"https:\/\/www.quebakan.com\/v15\/tia-brindo-asistencia-medica-gratuita-a-la-comunidad-quitena\/#primaryimage","url":"https:\/\/www.quebakan.com\/v15\/wp-content\/uploads\/2024\/05\/FOTO-3-1.jpg","contentUrl":"https:\/\/www.quebakan.com\/v15\/wp-content\/uploads\/2024\/05\/FOTO-3-1.jpg","width":700,"height":525},{"@type":"BreadcrumbList","@id":"https:\/\/www.quebakan.com\/v15\/tia-brindo-asistencia-medica-gratuita-a-la-comunidad-quitena\/#breadcrumb","itemListElement":[{"@type":"ListItem","position":1,"name":"Portada","item":"https:\/\/www.quebakan.com\/v15\/"},{"@type":"ListItem","position":2,"name":"T\u00eda brind\u00f3 asistencia m\u00e9dica gratuita a la comunidad quite\u00f1a"}]},{"@type":"WebSite","@id":"https:\/\/www.quebakan.com\/v15\/#website","url":"https:\/\/www.quebakan.com\/v15\/","name":"QUEBAKAN","description":"..","publisher":{"@id":"https:\/\/www.quebakan.com\/v15\/#organization"},"potentialAction":[{"@type":"SearchAction","target":{"@type":"EntryPoint","urlTemplate":"https:\/\/www.quebakan.com\/v15\/?s={search_term_string}"},"query-input":{"@type":"PropertyValueSpecification","valueRequired":true,"valueName":"search_term_string"}}],"inLanguage":"es"},{"@type":"Organization","@id":"https:\/\/www.quebakan.com\/v15\/#organization","name":"Quebakan.com","url":"https:\/\/www.quebakan.com\/v15\/","logo":{"@type":"ImageObject","inLanguage":"es","@id":"https:\/\/www.quebakan.com\/v15\/#\/schema\/logo\/image\/","url":"https:\/\/www.quebakan.com\/v15\/wp-content\/uploads\/2023\/07\/logoquebakanenero2021.jpg","contentUrl":"https:\/\/www.quebakan.com\/v15\/wp-content\/uploads\/2023\/07\/logoquebakanenero2021.jpg","width":1920,"height":1080,"caption":"Quebakan.com"},"image":{"@id":"https:\/\/www.quebakan.com\/v15\/#\/schema\/logo\/image\/"},"sameAs":["http:\/\/www.facebook.com\/quebakan","https:\/\/x.com\/quebakanec","http:\/\/www.instagram.com\/quebakan","http:\/\/www.youtube.com\/quebakan1"]},{"@type":"Person","@id":"https:\/\/www.quebakan.com\/v15\/#\/schema\/person\/d90fa9f9cfa81eb8ace9811e5b7b9118","name":"Erick Villafuerte","image":{"@type":"ImageObject","inLanguage":"es","@id":"https:\/\/www.quebakan.com\/v15\/wp-content\/uploads\/avatars\/4\/1731297654-bpfull.png","url":"https:\/\/www.quebakan.com\/v15\/wp-content\/uploads\/avatars\/4\/1731297654-bpfull.png","contentUrl":"https:\/\/www.quebakan.com\/v15\/wp-content\/uploads\/avatars\/4\/1731297654-bpfull.png","caption":"Erick Villafuerte"}}]}},"_links":{"self":[{"href":"https:\/\/www.quebakan.com\/v15\/wp-json\/wp\/v2\/posts\/118785","targetHints":{"allow":["GET"]}}],"collection":[{"href":"https:\/\/www.quebakan.com\/v15\/wp-json\/wp\/v2\/posts"}],"about":[{"href":"https:\/\/www.quebakan.com\/v15\/wp-json\/wp\/v2\/types\/post"}],"author":[{"embeddable":true,"href":"https:\/\/www.quebakan.com\/v15\/wp-json\/wp\/v2\/users\/4"}],"replies":[{"embeddable":true,"href":"https:\/\/www.quebakan.com\/v15\/wp-json\/wp\/v2\/comments?post=118785"}],"version-history":[{"count":1,"href":"https:\/\/www.quebakan.com\/v15\/wp-json\/wp\/v2\/posts\/118785\/revisions"}],"predecessor-version":[{"id":118789,"href":"https:\/\/www.quebakan.com\/v15\/wp-json\/wp\/v2\/posts\/118785\/revisions\/118789"}],"wp:featuredmedia":[{"embeddable":true,"href":"https:\/\/www.quebakan.com\/v15\/wp-json\/wp\/v2\/media\/118786"}],"wp:attachment":[{"href":"https:\/\/www.quebakan.com\/v15\/wp-json\/wp\/v2\/media?parent=118785"}],"wp:term":[{"taxonomy":"category","embeddable":true,"href":"https:\/\/www.quebakan.com\/v15\/wp-json\/wp\/v2\/categories?post=118785"},{"taxonomy":"post_tag","embeddable":true,"href":"https:\/\/www.quebakan.com\/v15\/wp-json\/wp\/v2\/tags?post=118785"}],"curies":[{"name":"wp","href":"https:\/\/api.w.org\/{rel}","templated":true}]}}