{"id":119175,"date":"2024-07-19T13:14:28","date_gmt":"2024-07-19T18:14:28","guid":{"rendered":"https:\/\/www.quebakan.com\/v15\/?p=119175"},"modified":"2024-09-07T15:08:58","modified_gmt":"2024-09-07T20:08:58","slug":"quiet-quitting-2-de-cada-3-empleados-no-estan-comprometidos-con-su-lugar-de-trabajo","status":"publish","type":"post","link":"https:\/\/www.quebakan.com\/v15\/quiet-quitting-2-de-cada-3-empleados-no-estan-comprometidos-con-su-lugar-de-trabajo\/","title":{"rendered":"\u201cQuiet Quitting\u201d: 2 de cada 3 empleados no est\u00e1n comprometidos con su lugar de trabajo"},"content":{"rendered":"<p><img fetchpriority=\"high\" decoding=\"async\" class=\"aligncenter size-full wp-image-119176\" src=\"https:\/\/www.quebakan.com\/v15\/wp-content\/uploads\/2024\/05\/Foto-Renuncia-silenciosa-3.jpg\" alt=\"\" width=\"700\" height=\"467\" \/><\/p>\n<ul>\n<li style=\"text-align: justify;\"><span style=\"color: #000000;\"><em>Este descontento general es parte de la problem\u00e1tica de que un 83% de la fuerza laboral sufre de estr\u00e9s. Un estudio de Betterfly revela que el dinero no es el \u00fanico motivador para el compromiso. \u00abLos incentivos no monetarios, como una buena cultura organizacional, un ambiente de trabajo positivo y un sentido de prop\u00f3sito, est\u00e1n siendo cada vez m\u00e1s importantes para mantener a los empleados comprometidos,\u00bb se\u00f1ala.<\/em><\/span><\/li>\n<\/ul>\n<p style=\"text-align: justify;\"><span style=\"color: #000000;\"><em>Mayo, 2024 .-\u00a0 <\/em>El mundo laboral sigue experimentando cambios r\u00e1pidos y significativos. Para las empresas, el compromiso de los empleados es m\u00e1s valioso que nunca, especialmente en un contexto donde la crisis de salud y bienestar ha desencadenado una ola de renuncias sin precedentes. Las empresas se enfrentan al desaf\u00edo de mantener a sus empleados motivados y conectados, mientras navegan por un entorno laboral en constante cambio.<\/span><\/p>\n<p style=\"text-align: justify;\"><span style=\"color: #000000;\">La falta de motivaci\u00f3n entre los empleados es hoy un desaf\u00edo significativo para los equipos de Recursos Humanos y la plataforma de protecci\u00f3n personalizada con beneficios e impacto social, Betterfly, ha estudiado algunos factores que inciden en esto: <strong>cuando los trabajadores carecen de un prop\u00f3sito claro, de reconocimiento y de un entorno estimulante, su rendimiento disminuye <\/strong>dr\u00e1sticamente al igual que su compromiso con la empresa, llevando a resultados de desempe\u00f1o m\u00e1s bajos y a un clima laboral que incluso afecta el retorno econ\u00f3mico de las compa\u00f1\u00edas.<\/span><\/p>\n<p style=\"text-align: justify;\"><span style=\"color: #000000;\">Un ejemplo claro del fen\u00f3meno es el \u201cquiet quitting\u201d: los empleados, desencantados con sus tareas, en su mayor\u00eda con estr\u00e9s laboral &#8211; un 83% se\u00f1ala padecerlo- mantienen el empleo pero renuncian a su compromiso con el trabajo. Seg\u00fan datos de la agencia Workplace Intelligence <strong>2 de cada 3 empleados no est\u00e1n comprometidos y \u00abrenuncian silenciosamente\u00bb<\/strong>. Algunos indicadores que evidencian esta conducta incluyen, entre otros, la falta de participaci\u00f3n, de entusiasmo, de ideas, y la desconexi\u00f3n con la cultura corporativa.<\/span><\/p>\n<p style=\"text-align: justify;\"><span style=\"color: #000000;\">Algunas empresas intentan revertir esta tendencia con programas de bienestar, actividades de team building y otras iniciativas, pero el panorama poco a cambiado. \u00bfen qu\u00e9 fallan?\u00a0 Uno de los errores m\u00e1s comunes es aplicar soluciones uniformes para una fuerza laboral cada vez m\u00e1s diversa en t\u00e9rminos de necesidades, motivaciones, intereses y aspiraciones. Eso reduce el impacto de cualquier acci\u00f3n, y aumenta la frustraci\u00f3n de los equipos de Recursos Humanos al no obtener retorno de su inversi\u00f3n y esfuerzos.<\/span><\/p>\n<p style=\"text-align: justify;\"><span style=\"color: #000000;\">En este contexto resulta esencial <strong>reconocer la importancia de ofrecer beneficios personalizados y soluciones adaptadas a cada persona<\/strong>; y tambi\u00e9n reconocer la necesidad de mirar el compromiso laboral desde distintos \u00e1ngulos, como los vinculados al crecimiento personal de las personas, el balance en su vida y su bienestar.<\/span><\/p>\n<p style=\"text-align: justify;\"><span style=\"color: #000000;\">Como una respuesta a este panorama naci\u00f3 <strong>Betterfly, una plataforma que combina una amplia oferta de seguros con beneficios corporativos <\/strong>adaptadas a los intereses y necesidades de cada miembro a trav\u00e9s de un viaje gamificado en el que acceden a servicios, contenidos y recomendaciones basadas en sus necesidades espec\u00edficas, lo que se traduce en un mayor compromiso.<\/span><\/p>\n<p style=\"text-align: justify;\"><span style=\"color: #000000;\"><em>\u201cLas dimensiones organizacionales contribuyen de manera muy distinta al compromiso laboral: <\/em><em>La compensaci\u00f3n no monetariaos<\/em><em> como los beneficios, as\u00ed como la cultura, el clima y el prop\u00f3sito son determinantes\u201d, <\/em>explica M\u00f3nica Franco de Betterfly. <em>\u201cNos llena de orgullo haber consolidado una plataforma \u00fanica en su tipo, que nos permite brindar una oferta personalizada para cada individuo, y producir un cambio significativo dentro del mundo empresarial y la industria de los seguros\u00bb<\/em>, concluye.<\/span><\/p>\n<p style=\"text-align: justify;\"><span style=\"color: #000000;\">Est\u00e1 en las organizaciones ocuparse de mantener la fidelidad y la motivaci\u00f3n de los empleados. Esto requiere un enfoque proactivo y personalizado para construir entornos laborales m\u00e1s saludables y productivos: una f\u00f3rmula en la que ganan los empleados y los empleadores. La \u00fanica ecuaci\u00f3n posible. <em>\u201cLas empresas tienen una oportunidad enorme de contribuir a mejorar el bienestar f\u00edsico y mental de las personas\u201d concluye <\/em><em>Franco.<\/em><\/span><\/p>\n<p><img decoding=\"async\" class=\"aligncenter size-full wp-image-121714\" src=\"https:\/\/www.quebakan.com\/v15\/wp-content\/uploads\/2024\/05\/r1.jpg\" alt=\"\" width=\"700\" height=\"466\" \/><\/p>\n<p>&nbsp;<\/p>\n<p><img decoding=\"async\" class=\"aligncenter size-full wp-image-121715\" src=\"https:\/\/www.quebakan.com\/v15\/wp-content\/uploads\/2024\/05\/r3.jpg\" alt=\"\" width=\"700\" height=\"495\" srcset=\"https:\/\/www.quebakan.com\/v15\/wp-content\/uploads\/2024\/05\/r3.jpg 700w, https:\/\/www.quebakan.com\/v15\/wp-content\/uploads\/2024\/05\/r3-400x284.jpg 400w\" sizes=\"(max-width: 700px) 100vw, 700px\" \/><\/p>\n","protected":false},"excerpt":{"rendered":"<p>Este descontento general es parte de la problem\u00e1tica de que un 83% de la fuerza laboral sufre de estr\u00e9s. Un estudio de Betterfly revela que el dinero no es el \u00fanico motivador para el compromiso. \u00abLos incentivos no monetarios, como una buena cultura organizacional, un ambiente de trabajo positivo y un sentido de prop\u00f3sito, est\u00e1n [&hellip;]<\/p>\n","protected":false},"author":4,"featured_media":119176,"comment_status":"closed","ping_status":"open","sticky":false,"template":"","format":"standard","meta":{"_bbp_topic_count":0,"_bbp_reply_count":0,"_bbp_total_topic_count":0,"_bbp_total_reply_count":0,"_bbp_voice_count":0,"_bbp_anonymous_reply_count":0,"_bbp_topic_count_hidden":0,"_bbp_reply_count_hidden":0,"_bbp_forum_subforum_count":0,"buzzeditor_post_format":"","footnotes":""},"categories":[2],"tags":[],"class_list":["post-119175","post","type-post","status-publish","format-standard","has-post-thumbnail","hentry","category-noticias"],"yoast_head":"<!-- This site is optimized with the Yoast SEO plugin v27.5 - https:\/\/yoast.com\/product\/yoast-seo-wordpress\/ -->\n<title>\u201cQuiet Quitting\u201d: 2 de cada 3 empleados no est\u00e1n comprometidos con su lugar de trabajo &#8211; QUEBAKAN.COM 2026: Noticias, Eventos, Conciertos y mucho m\u00e1s....<\/title>\n<meta name=\"robots\" content=\"index, follow, max-snippet:-1, max-image-preview:large, max-video-preview:-1\" \/>\n<link rel=\"canonical\" href=\"https:\/\/www.quebakan.com\/v15\/quiet-quitting-2-de-cada-3-empleados-no-estan-comprometidos-con-su-lugar-de-trabajo\/\" \/>\n<meta property=\"og:locale\" content=\"es_ES\" \/>\n<meta property=\"og:type\" content=\"article\" \/>\n<meta property=\"og:title\" content=\"\u201cQuiet Quitting\u201d: 2 de cada 3 empleados no est\u00e1n comprometidos con su lugar de trabajo &#8211; QUEBAKAN.COM 2026: Noticias, Eventos, Conciertos y mucho m\u00e1s....\" \/>\n<meta property=\"og:description\" content=\"Este descontento general es parte de la problem\u00e1tica de que un 83% de la fuerza laboral sufre de estr\u00e9s. Un estudio de Betterfly revela que el dinero no es el \u00fanico motivador para el compromiso. \u00abLos incentivos no monetarios, como una buena cultura organizacional, un ambiente de trabajo positivo y un sentido de prop\u00f3sito, est\u00e1n [&hellip;]\" \/>\n<meta property=\"og:url\" content=\"https:\/\/www.quebakan.com\/v15\/quiet-quitting-2-de-cada-3-empleados-no-estan-comprometidos-con-su-lugar-de-trabajo\/\" \/>\n<meta property=\"og:site_name\" content=\"QUEBAKAN.COM 2026: Noticias, Eventos, Conciertos y mucho m\u00e1s....\" \/>\n<meta property=\"article:publisher\" content=\"http:\/\/www.facebook.com\/quebakan\" \/>\n<meta property=\"article:published_time\" content=\"2024-07-19T18:14:28+00:00\" \/>\n<meta property=\"article:modified_time\" content=\"2024-09-07T20:08:58+00:00\" \/>\n<meta property=\"og:image\" content=\"https:\/\/www.quebakan.com\/v15\/wp-content\/uploads\/2024\/05\/Foto-Renuncia-silenciosa-3.jpg\" \/>\n\t<meta property=\"og:image:width\" content=\"700\" \/>\n\t<meta property=\"og:image:height\" content=\"467\" \/>\n\t<meta property=\"og:image:type\" content=\"image\/jpeg\" \/>\n<meta name=\"author\" content=\"Erick Villafuerte\" \/>\n<meta name=\"twitter:card\" content=\"summary_large_image\" \/>\n<meta name=\"twitter:creator\" content=\"@quebakanec\" \/>\n<meta name=\"twitter:site\" content=\"@quebakanec\" \/>\n<meta name=\"twitter:label1\" content=\"Escrito por\" \/>\n\t<meta name=\"twitter:data1\" content=\"Erick Villafuerte\" \/>\n\t<meta name=\"twitter:label2\" content=\"Tiempo de lectura\" \/>\n\t<meta name=\"twitter:data2\" content=\"4 minutos\" \/>\n<script type=\"application\/ld+json\" class=\"yoast-schema-graph\">{\"@context\":\"https:\\\/\\\/schema.org\",\"@graph\":[{\"@type\":\"Article\",\"@id\":\"https:\\\/\\\/www.quebakan.com\\\/v15\\\/quiet-quitting-2-de-cada-3-empleados-no-estan-comprometidos-con-su-lugar-de-trabajo\\\/#article\",\"isPartOf\":{\"@id\":\"https:\\\/\\\/www.quebakan.com\\\/v15\\\/quiet-quitting-2-de-cada-3-empleados-no-estan-comprometidos-con-su-lugar-de-trabajo\\\/\"},\"author\":{\"name\":\"Erick Villafuerte\",\"@id\":\"https:\\\/\\\/www.quebakan.com\\\/v15\\\/#\\\/schema\\\/person\\\/d90fa9f9cfa81eb8ace9811e5b7b9118\"},\"headline\":\"\u201cQuiet Quitting\u201d: 2 de cada 3 empleados no est\u00e1n comprometidos con su lugar de trabajo\",\"datePublished\":\"2024-07-19T18:14:28+00:00\",\"dateModified\":\"2024-09-07T20:08:58+00:00\",\"mainEntityOfPage\":{\"@id\":\"https:\\\/\\\/www.quebakan.com\\\/v15\\\/quiet-quitting-2-de-cada-3-empleados-no-estan-comprometidos-con-su-lugar-de-trabajo\\\/\"},\"wordCount\":672,\"publisher\":{\"@id\":\"https:\\\/\\\/www.quebakan.com\\\/v15\\\/#organization\"},\"image\":{\"@id\":\"https:\\\/\\\/www.quebakan.com\\\/v15\\\/quiet-quitting-2-de-cada-3-empleados-no-estan-comprometidos-con-su-lugar-de-trabajo\\\/#primaryimage\"},\"thumbnailUrl\":\"https:\\\/\\\/www.quebakan.com\\\/v15\\\/wp-content\\\/uploads\\\/2024\\\/05\\\/Foto-Renuncia-silenciosa-3.jpg\",\"articleSection\":[\"Noticias\"],\"inLanguage\":\"es\"},{\"@type\":\"WebPage\",\"@id\":\"https:\\\/\\\/www.quebakan.com\\\/v15\\\/quiet-quitting-2-de-cada-3-empleados-no-estan-comprometidos-con-su-lugar-de-trabajo\\\/\",\"url\":\"https:\\\/\\\/www.quebakan.com\\\/v15\\\/quiet-quitting-2-de-cada-3-empleados-no-estan-comprometidos-con-su-lugar-de-trabajo\\\/\",\"name\":\"\u201cQuiet Quitting\u201d: 2 de cada 3 empleados no est\u00e1n comprometidos con su lugar de trabajo &#8211; QUEBAKAN.COM 2026: Noticias, Eventos, Conciertos y mucho m\u00e1s....\",\"isPartOf\":{\"@id\":\"https:\\\/\\\/www.quebakan.com\\\/v15\\\/#website\"},\"primaryImageOfPage\":{\"@id\":\"https:\\\/\\\/www.quebakan.com\\\/v15\\\/quiet-quitting-2-de-cada-3-empleados-no-estan-comprometidos-con-su-lugar-de-trabajo\\\/#primaryimage\"},\"image\":{\"@id\":\"https:\\\/\\\/www.quebakan.com\\\/v15\\\/quiet-quitting-2-de-cada-3-empleados-no-estan-comprometidos-con-su-lugar-de-trabajo\\\/#primaryimage\"},\"thumbnailUrl\":\"https:\\\/\\\/www.quebakan.com\\\/v15\\\/wp-content\\\/uploads\\\/2024\\\/05\\\/Foto-Renuncia-silenciosa-3.jpg\",\"datePublished\":\"2024-07-19T18:14:28+00:00\",\"dateModified\":\"2024-09-07T20:08:58+00:00\",\"breadcrumb\":{\"@id\":\"https:\\\/\\\/www.quebakan.com\\\/v15\\\/quiet-quitting-2-de-cada-3-empleados-no-estan-comprometidos-con-su-lugar-de-trabajo\\\/#breadcrumb\"},\"inLanguage\":\"es\",\"potentialAction\":[{\"@type\":\"ReadAction\",\"target\":[\"https:\\\/\\\/www.quebakan.com\\\/v15\\\/quiet-quitting-2-de-cada-3-empleados-no-estan-comprometidos-con-su-lugar-de-trabajo\\\/\"]}]},{\"@type\":\"ImageObject\",\"inLanguage\":\"es\",\"@id\":\"https:\\\/\\\/www.quebakan.com\\\/v15\\\/quiet-quitting-2-de-cada-3-empleados-no-estan-comprometidos-con-su-lugar-de-trabajo\\\/#primaryimage\",\"url\":\"https:\\\/\\\/www.quebakan.com\\\/v15\\\/wp-content\\\/uploads\\\/2024\\\/05\\\/Foto-Renuncia-silenciosa-3.jpg\",\"contentUrl\":\"https:\\\/\\\/www.quebakan.com\\\/v15\\\/wp-content\\\/uploads\\\/2024\\\/05\\\/Foto-Renuncia-silenciosa-3.jpg\",\"width\":700,\"height\":467},{\"@type\":\"BreadcrumbList\",\"@id\":\"https:\\\/\\\/www.quebakan.com\\\/v15\\\/quiet-quitting-2-de-cada-3-empleados-no-estan-comprometidos-con-su-lugar-de-trabajo\\\/#breadcrumb\",\"itemListElement\":[{\"@type\":\"ListItem\",\"position\":1,\"name\":\"Portada\",\"item\":\"https:\\\/\\\/www.quebakan.com\\\/v15\\\/\"},{\"@type\":\"ListItem\",\"position\":2,\"name\":\"\u201cQuiet Quitting\u201d: 2 de cada 3 empleados no est\u00e1n comprometidos con su lugar de trabajo\"}]},{\"@type\":\"WebSite\",\"@id\":\"https:\\\/\\\/www.quebakan.com\\\/v15\\\/#website\",\"url\":\"https:\\\/\\\/www.quebakan.com\\\/v15\\\/\",\"name\":\"QUEBAKAN\",\"description\":\"..\",\"publisher\":{\"@id\":\"https:\\\/\\\/www.quebakan.com\\\/v15\\\/#organization\"},\"potentialAction\":[{\"@type\":\"SearchAction\",\"target\":{\"@type\":\"EntryPoint\",\"urlTemplate\":\"https:\\\/\\\/www.quebakan.com\\\/v15\\\/?s={search_term_string}\"},\"query-input\":{\"@type\":\"PropertyValueSpecification\",\"valueRequired\":true,\"valueName\":\"search_term_string\"}}],\"inLanguage\":\"es\"},{\"@type\":\"Organization\",\"@id\":\"https:\\\/\\\/www.quebakan.com\\\/v15\\\/#organization\",\"name\":\"Quebakan.com\",\"url\":\"https:\\\/\\\/www.quebakan.com\\\/v15\\\/\",\"logo\":{\"@type\":\"ImageObject\",\"inLanguage\":\"es\",\"@id\":\"https:\\\/\\\/www.quebakan.com\\\/v15\\\/#\\\/schema\\\/logo\\\/image\\\/\",\"url\":\"https:\\\/\\\/www.quebakan.com\\\/v15\\\/wp-content\\\/uploads\\\/2023\\\/07\\\/logoquebakanenero2021.jpg\",\"contentUrl\":\"https:\\\/\\\/www.quebakan.com\\\/v15\\\/wp-content\\\/uploads\\\/2023\\\/07\\\/logoquebakanenero2021.jpg\",\"width\":1920,\"height\":1080,\"caption\":\"Quebakan.com\"},\"image\":{\"@id\":\"https:\\\/\\\/www.quebakan.com\\\/v15\\\/#\\\/schema\\\/logo\\\/image\\\/\"},\"sameAs\":[\"http:\\\/\\\/www.facebook.com\\\/quebakan\",\"https:\\\/\\\/x.com\\\/quebakanec\",\"http:\\\/\\\/www.instagram.com\\\/quebakan\",\"http:\\\/\\\/www.youtube.com\\\/quebakan1\"]},{\"@type\":\"Person\",\"@id\":\"https:\\\/\\\/www.quebakan.com\\\/v15\\\/#\\\/schema\\\/person\\\/d90fa9f9cfa81eb8ace9811e5b7b9118\",\"name\":\"Erick Villafuerte\",\"image\":{\"@type\":\"ImageObject\",\"inLanguage\":\"es\",\"@id\":\"https:\\\/\\\/www.quebakan.com\\\/v15\\\/wp-content\\\/uploads\\\/avatars\\\/4\\\/1731297654-bpfull.png\",\"url\":\"https:\\\/\\\/www.quebakan.com\\\/v15\\\/wp-content\\\/uploads\\\/avatars\\\/4\\\/1731297654-bpfull.png\",\"contentUrl\":\"https:\\\/\\\/www.quebakan.com\\\/v15\\\/wp-content\\\/uploads\\\/avatars\\\/4\\\/1731297654-bpfull.png\",\"caption\":\"Erick Villafuerte\"}}]}<\/script>\n<!-- \/ Yoast SEO plugin. -->","yoast_head_json":{"title":"\u201cQuiet Quitting\u201d: 2 de cada 3 empleados no est\u00e1n comprometidos con su lugar de trabajo &#8211; QUEBAKAN.COM 2026: Noticias, Eventos, Conciertos y mucho m\u00e1s....","robots":{"index":"index","follow":"follow","max-snippet":"max-snippet:-1","max-image-preview":"max-image-preview:large","max-video-preview":"max-video-preview:-1"},"canonical":"https:\/\/www.quebakan.com\/v15\/quiet-quitting-2-de-cada-3-empleados-no-estan-comprometidos-con-su-lugar-de-trabajo\/","og_locale":"es_ES","og_type":"article","og_title":"\u201cQuiet Quitting\u201d: 2 de cada 3 empleados no est\u00e1n comprometidos con su lugar de trabajo &#8211; QUEBAKAN.COM 2026: Noticias, Eventos, Conciertos y mucho m\u00e1s....","og_description":"Este descontento general es parte de la problem\u00e1tica de que un 83% de la fuerza laboral sufre de estr\u00e9s. Un estudio de Betterfly revela que el dinero no es el \u00fanico motivador para el compromiso. \u00abLos incentivos no monetarios, como una buena cultura organizacional, un ambiente de trabajo positivo y un sentido de prop\u00f3sito, est\u00e1n [&hellip;]","og_url":"https:\/\/www.quebakan.com\/v15\/quiet-quitting-2-de-cada-3-empleados-no-estan-comprometidos-con-su-lugar-de-trabajo\/","og_site_name":"QUEBAKAN.COM 2026: Noticias, Eventos, Conciertos y mucho m\u00e1s....","article_publisher":"http:\/\/www.facebook.com\/quebakan","article_published_time":"2024-07-19T18:14:28+00:00","article_modified_time":"2024-09-07T20:08:58+00:00","og_image":[{"width":700,"height":467,"url":"https:\/\/www.quebakan.com\/v15\/wp-content\/uploads\/2024\/05\/Foto-Renuncia-silenciosa-3.jpg","type":"image\/jpeg"}],"author":"Erick Villafuerte","twitter_card":"summary_large_image","twitter_creator":"@quebakanec","twitter_site":"@quebakanec","twitter_misc":{"Escrito por":"Erick Villafuerte","Tiempo de lectura":"4 minutos"},"schema":{"@context":"https:\/\/schema.org","@graph":[{"@type":"Article","@id":"https:\/\/www.quebakan.com\/v15\/quiet-quitting-2-de-cada-3-empleados-no-estan-comprometidos-con-su-lugar-de-trabajo\/#article","isPartOf":{"@id":"https:\/\/www.quebakan.com\/v15\/quiet-quitting-2-de-cada-3-empleados-no-estan-comprometidos-con-su-lugar-de-trabajo\/"},"author":{"name":"Erick Villafuerte","@id":"https:\/\/www.quebakan.com\/v15\/#\/schema\/person\/d90fa9f9cfa81eb8ace9811e5b7b9118"},"headline":"\u201cQuiet Quitting\u201d: 2 de cada 3 empleados no est\u00e1n comprometidos con su lugar de trabajo","datePublished":"2024-07-19T18:14:28+00:00","dateModified":"2024-09-07T20:08:58+00:00","mainEntityOfPage":{"@id":"https:\/\/www.quebakan.com\/v15\/quiet-quitting-2-de-cada-3-empleados-no-estan-comprometidos-con-su-lugar-de-trabajo\/"},"wordCount":672,"publisher":{"@id":"https:\/\/www.quebakan.com\/v15\/#organization"},"image":{"@id":"https:\/\/www.quebakan.com\/v15\/quiet-quitting-2-de-cada-3-empleados-no-estan-comprometidos-con-su-lugar-de-trabajo\/#primaryimage"},"thumbnailUrl":"https:\/\/www.quebakan.com\/v15\/wp-content\/uploads\/2024\/05\/Foto-Renuncia-silenciosa-3.jpg","articleSection":["Noticias"],"inLanguage":"es"},{"@type":"WebPage","@id":"https:\/\/www.quebakan.com\/v15\/quiet-quitting-2-de-cada-3-empleados-no-estan-comprometidos-con-su-lugar-de-trabajo\/","url":"https:\/\/www.quebakan.com\/v15\/quiet-quitting-2-de-cada-3-empleados-no-estan-comprometidos-con-su-lugar-de-trabajo\/","name":"\u201cQuiet Quitting\u201d: 2 de cada 3 empleados no est\u00e1n comprometidos con su lugar de trabajo &#8211; QUEBAKAN.COM 2026: Noticias, Eventos, Conciertos y mucho m\u00e1s....","isPartOf":{"@id":"https:\/\/www.quebakan.com\/v15\/#website"},"primaryImageOfPage":{"@id":"https:\/\/www.quebakan.com\/v15\/quiet-quitting-2-de-cada-3-empleados-no-estan-comprometidos-con-su-lugar-de-trabajo\/#primaryimage"},"image":{"@id":"https:\/\/www.quebakan.com\/v15\/quiet-quitting-2-de-cada-3-empleados-no-estan-comprometidos-con-su-lugar-de-trabajo\/#primaryimage"},"thumbnailUrl":"https:\/\/www.quebakan.com\/v15\/wp-content\/uploads\/2024\/05\/Foto-Renuncia-silenciosa-3.jpg","datePublished":"2024-07-19T18:14:28+00:00","dateModified":"2024-09-07T20:08:58+00:00","breadcrumb":{"@id":"https:\/\/www.quebakan.com\/v15\/quiet-quitting-2-de-cada-3-empleados-no-estan-comprometidos-con-su-lugar-de-trabajo\/#breadcrumb"},"inLanguage":"es","potentialAction":[{"@type":"ReadAction","target":["https:\/\/www.quebakan.com\/v15\/quiet-quitting-2-de-cada-3-empleados-no-estan-comprometidos-con-su-lugar-de-trabajo\/"]}]},{"@type":"ImageObject","inLanguage":"es","@id":"https:\/\/www.quebakan.com\/v15\/quiet-quitting-2-de-cada-3-empleados-no-estan-comprometidos-con-su-lugar-de-trabajo\/#primaryimage","url":"https:\/\/www.quebakan.com\/v15\/wp-content\/uploads\/2024\/05\/Foto-Renuncia-silenciosa-3.jpg","contentUrl":"https:\/\/www.quebakan.com\/v15\/wp-content\/uploads\/2024\/05\/Foto-Renuncia-silenciosa-3.jpg","width":700,"height":467},{"@type":"BreadcrumbList","@id":"https:\/\/www.quebakan.com\/v15\/quiet-quitting-2-de-cada-3-empleados-no-estan-comprometidos-con-su-lugar-de-trabajo\/#breadcrumb","itemListElement":[{"@type":"ListItem","position":1,"name":"Portada","item":"https:\/\/www.quebakan.com\/v15\/"},{"@type":"ListItem","position":2,"name":"\u201cQuiet Quitting\u201d: 2 de cada 3 empleados no est\u00e1n comprometidos con su lugar de trabajo"}]},{"@type":"WebSite","@id":"https:\/\/www.quebakan.com\/v15\/#website","url":"https:\/\/www.quebakan.com\/v15\/","name":"QUEBAKAN","description":"..","publisher":{"@id":"https:\/\/www.quebakan.com\/v15\/#organization"},"potentialAction":[{"@type":"SearchAction","target":{"@type":"EntryPoint","urlTemplate":"https:\/\/www.quebakan.com\/v15\/?s={search_term_string}"},"query-input":{"@type":"PropertyValueSpecification","valueRequired":true,"valueName":"search_term_string"}}],"inLanguage":"es"},{"@type":"Organization","@id":"https:\/\/www.quebakan.com\/v15\/#organization","name":"Quebakan.com","url":"https:\/\/www.quebakan.com\/v15\/","logo":{"@type":"ImageObject","inLanguage":"es","@id":"https:\/\/www.quebakan.com\/v15\/#\/schema\/logo\/image\/","url":"https:\/\/www.quebakan.com\/v15\/wp-content\/uploads\/2023\/07\/logoquebakanenero2021.jpg","contentUrl":"https:\/\/www.quebakan.com\/v15\/wp-content\/uploads\/2023\/07\/logoquebakanenero2021.jpg","width":1920,"height":1080,"caption":"Quebakan.com"},"image":{"@id":"https:\/\/www.quebakan.com\/v15\/#\/schema\/logo\/image\/"},"sameAs":["http:\/\/www.facebook.com\/quebakan","https:\/\/x.com\/quebakanec","http:\/\/www.instagram.com\/quebakan","http:\/\/www.youtube.com\/quebakan1"]},{"@type":"Person","@id":"https:\/\/www.quebakan.com\/v15\/#\/schema\/person\/d90fa9f9cfa81eb8ace9811e5b7b9118","name":"Erick Villafuerte","image":{"@type":"ImageObject","inLanguage":"es","@id":"https:\/\/www.quebakan.com\/v15\/wp-content\/uploads\/avatars\/4\/1731297654-bpfull.png","url":"https:\/\/www.quebakan.com\/v15\/wp-content\/uploads\/avatars\/4\/1731297654-bpfull.png","contentUrl":"https:\/\/www.quebakan.com\/v15\/wp-content\/uploads\/avatars\/4\/1731297654-bpfull.png","caption":"Erick Villafuerte"}}]}},"_links":{"self":[{"href":"https:\/\/www.quebakan.com\/v15\/wp-json\/wp\/v2\/posts\/119175","targetHints":{"allow":["GET"]}}],"collection":[{"href":"https:\/\/www.quebakan.com\/v15\/wp-json\/wp\/v2\/posts"}],"about":[{"href":"https:\/\/www.quebakan.com\/v15\/wp-json\/wp\/v2\/types\/post"}],"author":[{"embeddable":true,"href":"https:\/\/www.quebakan.com\/v15\/wp-json\/wp\/v2\/users\/4"}],"replies":[{"embeddable":true,"href":"https:\/\/www.quebakan.com\/v15\/wp-json\/wp\/v2\/comments?post=119175"}],"version-history":[{"count":2,"href":"https:\/\/www.quebakan.com\/v15\/wp-json\/wp\/v2\/posts\/119175\/revisions"}],"predecessor-version":[{"id":121716,"href":"https:\/\/www.quebakan.com\/v15\/wp-json\/wp\/v2\/posts\/119175\/revisions\/121716"}],"wp:featuredmedia":[{"embeddable":true,"href":"https:\/\/www.quebakan.com\/v15\/wp-json\/wp\/v2\/media\/119176"}],"wp:attachment":[{"href":"https:\/\/www.quebakan.com\/v15\/wp-json\/wp\/v2\/media?parent=119175"}],"wp:term":[{"taxonomy":"category","embeddable":true,"href":"https:\/\/www.quebakan.com\/v15\/wp-json\/wp\/v2\/categories?post=119175"},{"taxonomy":"post_tag","embeddable":true,"href":"https:\/\/www.quebakan.com\/v15\/wp-json\/wp\/v2\/tags?post=119175"}],"curies":[{"name":"wp","href":"https:\/\/api.w.org\/{rel}","templated":true}]}}