{"id":119243,"date":"2024-05-20T00:58:31","date_gmt":"2024-05-20T05:58:31","guid":{"rendered":"https:\/\/www.quebakan.com\/v15\/?p=119243"},"modified":"2024-05-20T00:58:31","modified_gmt":"2024-05-20T05:58:31","slug":"inchcape-expande-su-presencia-en-ecuador-con-la-apertura-de-3-nuevas-sucursales-en-cuenca","status":"publish","type":"post","link":"https:\/\/www.quebakan.com\/v15\/inchcape-expande-su-presencia-en-ecuador-con-la-apertura-de-3-nuevas-sucursales-en-cuenca\/","title":{"rendered":"Inchcape expande su presencia en Ecuador con la apertura de 3 nuevas sucursales en Cuenca"},"content":{"rendered":"<p><img fetchpriority=\"high\" decoding=\"async\" class=\"aligncenter size-full wp-image-119244\" src=\"https:\/\/www.quebakan.com\/v15\/wp-content\/uploads\/2024\/05\/Inchcape-Autoridades.jpg\" alt=\"\" width=\"700\" height=\"494\" \/><\/p>\n<p><span style=\"color: #000000;\">En la foto de autoridades, son los siguientes nombres:<\/span><br \/>\n<span style=\"color: #000000;\">&#8211; Pamela C\u00f3rdova &#8211; Gerente de Talento Humano Inchcape<\/span><br \/>\n<span style=\"color: #000000;\">&#8211; Pablo Burbano &#8211; Subaru Manager Ecuador<\/span><br \/>\n<span style=\"color: #000000;\">&#8211; Felipe Ter\u00e1n &#8211; Director Comercial Mercedes Benz Camiones<\/span><br \/>\n<span style=\"color: #000000;\">&#8211; Mgtr. Gabriela Brito &#8211; Concejala del cant\u00f3n Cuenca<\/span><br \/>\n<span style=\"color: #000000;\">&#8211; Juan Francisco Buccelli &#8211; Gerente General Inchcape<\/span><br \/>\n<span style=\"color: #000000;\">&#8211; Fabricio Galeas &#8211; Gerente de Postventa Inchcape<\/span><br \/>\n<span style=\"color: #000000;\">* Andr\u00e9s Cordero &#8211; Gerente Marketing Inchcape<\/span><\/p>\n<p style=\"text-align: justify;\"><span style=\"color: #000000;\">Inchcape, la distribuidora independiente de veh\u00edculos m\u00e1s grande del mundo, se complace en anunciar la apertura de sus nuevas sucursales de las marcas Mercedes-Benz, Subaru y Geely en la ciudad de Cuenca. Esta inauguraci\u00f3n es la muestra del compromiso de Inchcape con el mercado ecuatoriano y su inter\u00e9s en fortalecer su presencia en el pa\u00eds.<\/span><\/p>\n<p style=\"text-align: justify;\"><span style=\"color: #000000;\">La llegada de Inchcape a Cuenca no es solo una expansi\u00f3n geogr\u00e1fica, sino tambi\u00e9n una demostraci\u00f3n del modelo de negocio automotriz m\u00e1s exitoso en Latinoam\u00e9rica, el cual trae consigo una oferta integral en un solo lugar, garantizando el mejor respaldo en postventa, repuestos y servicios complementarios. Los clientes cuencanos podr\u00e1n conocer la gama de veh\u00edculos m\u00e1s completa del mercado, con m\u00e1s de 28 modelos disponibles gracias a las marcas que Inchcape trae a la ciudad.<\/span><\/p>\n<p style=\"text-align: justify;\"><span style=\"color: #000000;\"><strong><u>Mercedes-Benz<\/u><\/strong>: Los amantes del lujo, la innovaci\u00f3n y el alto rendimiento encontrar\u00e1n en Mercedes-Benz la experiencia de conducci\u00f3n excepcional que buscan. L\u00edder por tercer a\u00f1o consecutivo en ventas del segmento premium, Mercedes-Benz ofrece veh\u00edculos que combinan dise\u00f1o vanguardista con tecnolog\u00eda de punta, convirtiendo cada viaje en una experiencia memorable.<\/span><\/p>\n<p style=\"text-align: justify;\"><span style=\"color: #000000;\"><strong><u>Subaru<\/u><\/strong>: Con el lanzamiento de veh\u00edculos m\u00e1s grande del pa\u00eds, con m\u00e1s de 1500 asistentes, la marca japonesa reconocida por su seguridad, confiabilidad y tecnolog\u00eda de vanguardia, brinda veh\u00edculos ideales para familias y entusiastas de las actividades al aire libre ofreciendo as\u00ed, productos que brindan protecci\u00f3n y confort en cada aventura.<\/span><\/p>\n<p style=\"text-align: justify;\"><span style=\"color: #000000;\"><strong><u>Geely<\/u><\/strong>: La marca due\u00f1a a nivel mundial de marcas como Volvo y Lotus, con crecimiento en el mercado ecuatoriano del 70%, ofrece veh\u00edculos modernos, eficientes y con una excelente relaci\u00f3n calidad-precio. Geely se ha convertido en la opci\u00f3n predilecta para quienes buscan un veh\u00edculo confiable, asequible y con un dise\u00f1o atractivo.<\/span><\/p>\n<p style=\"text-align: justify;\"><span style=\"color: #000000;\">En conclusi\u00f3n, la llegada de Inchcape a Cuenca marca un hito importante en el desarrollo automotriz de la regi\u00f3n Austral, ofreciendo a los clientes una experiencia de compra integral y de alta calidad. Con la apertura de estas nuevas sucursales, Inchcape reafirma su compromiso con el mercado ecuatoriano y su visi\u00f3n de brindar a los conductores el veh\u00edculo perfecto para cada necesidad y estilo de vida.<\/span><\/p>\n","protected":false},"excerpt":{"rendered":"<p>En la foto de autoridades, son los siguientes nombres: &#8211; Pamela C\u00f3rdova &#8211; Gerente de Talento Humano Inchcape &#8211; Pablo Burbano &#8211; Subaru Manager Ecuador &#8211; Felipe Ter\u00e1n &#8211; Director Comercial Mercedes Benz Camiones &#8211; Mgtr. Gabriela Brito &#8211; Concejala del cant\u00f3n Cuenca &#8211; Juan Francisco Buccelli &#8211; Gerente General Inchcape &#8211; Fabricio Galeas &#8211; [&hellip;]<\/p>\n","protected":false},"author":4,"featured_media":119244,"comment_status":"open","ping_status":"open","sticky":false,"template":"","format":"standard","meta":{"_bbp_topic_count":0,"_bbp_reply_count":0,"_bbp_total_topic_count":0,"_bbp_total_reply_count":0,"_bbp_voice_count":0,"_bbp_anonymous_reply_count":0,"_bbp_topic_count_hidden":0,"_bbp_reply_count_hidden":0,"_bbp_forum_subforum_count":0,"buzzeditor_post_format":"","footnotes":""},"categories":[334],"tags":[],"class_list":["post-119243","post","type-post","status-publish","format-standard","has-post-thumbnail","hentry","category-empresarial"],"yoast_head":"<!-- This site is optimized with the Yoast SEO plugin v27.5 - https:\/\/yoast.com\/product\/yoast-seo-wordpress\/ -->\n<title>Inchcape expande su presencia en Ecuador con la apertura de 3 nuevas sucursales en Cuenca &#8211; QUEBAKAN.COM 2026: Noticias, Eventos, Conciertos y mucho m\u00e1s....<\/title>\n<meta name=\"robots\" content=\"index, follow, max-snippet:-1, max-image-preview:large, max-video-preview:-1\" \/>\n<link rel=\"canonical\" href=\"https:\/\/www.quebakan.com\/v15\/inchcape-expande-su-presencia-en-ecuador-con-la-apertura-de-3-nuevas-sucursales-en-cuenca\/\" \/>\n<meta property=\"og:locale\" content=\"es_ES\" \/>\n<meta property=\"og:type\" content=\"article\" \/>\n<meta property=\"og:title\" content=\"Inchcape expande su presencia en Ecuador con la apertura de 3 nuevas sucursales en Cuenca &#8211; QUEBAKAN.COM 2026: Noticias, Eventos, Conciertos y mucho m\u00e1s....\" \/>\n<meta property=\"og:description\" content=\"En la foto de autoridades, son los siguientes nombres: &#8211; Pamela C\u00f3rdova &#8211; Gerente de Talento Humano Inchcape &#8211; Pablo Burbano &#8211; Subaru Manager Ecuador &#8211; Felipe Ter\u00e1n &#8211; Director Comercial Mercedes Benz Camiones &#8211; Mgtr. Gabriela Brito &#8211; Concejala del cant\u00f3n Cuenca &#8211; Juan Francisco Buccelli &#8211; Gerente General Inchcape &#8211; Fabricio Galeas &#8211; [&hellip;]\" \/>\n<meta property=\"og:url\" content=\"https:\/\/www.quebakan.com\/v15\/inchcape-expande-su-presencia-en-ecuador-con-la-apertura-de-3-nuevas-sucursales-en-cuenca\/\" \/>\n<meta property=\"og:site_name\" content=\"QUEBAKAN.COM 2026: Noticias, Eventos, Conciertos y mucho m\u00e1s....\" \/>\n<meta property=\"article:publisher\" content=\"http:\/\/www.facebook.com\/quebakan\" \/>\n<meta property=\"article:published_time\" content=\"2024-05-20T05:58:31+00:00\" \/>\n<meta property=\"og:image\" content=\"https:\/\/www.quebakan.com\/v15\/wp-content\/uploads\/2024\/05\/Inchcape-Autoridades.jpg\" \/>\n\t<meta property=\"og:image:width\" content=\"700\" \/>\n\t<meta property=\"og:image:height\" content=\"494\" \/>\n\t<meta property=\"og:image:type\" content=\"image\/jpeg\" \/>\n<meta name=\"author\" content=\"Erick Villafuerte\" \/>\n<meta name=\"twitter:card\" content=\"summary_large_image\" \/>\n<meta name=\"twitter:creator\" content=\"@quebakanec\" \/>\n<meta name=\"twitter:site\" content=\"@quebakanec\" \/>\n<meta name=\"twitter:label1\" content=\"Escrito por\" \/>\n\t<meta name=\"twitter:data1\" content=\"Erick Villafuerte\" \/>\n\t<meta name=\"twitter:label2\" content=\"Tiempo de lectura\" \/>\n\t<meta name=\"twitter:data2\" content=\"3 minutos\" \/>\n<script type=\"application\/ld+json\" class=\"yoast-schema-graph\">{\"@context\":\"https:\\\/\\\/schema.org\",\"@graph\":[{\"@type\":\"Article\",\"@id\":\"https:\\\/\\\/www.quebakan.com\\\/v15\\\/inchcape-expande-su-presencia-en-ecuador-con-la-apertura-de-3-nuevas-sucursales-en-cuenca\\\/#article\",\"isPartOf\":{\"@id\":\"https:\\\/\\\/www.quebakan.com\\\/v15\\\/inchcape-expande-su-presencia-en-ecuador-con-la-apertura-de-3-nuevas-sucursales-en-cuenca\\\/\"},\"author\":{\"name\":\"Erick Villafuerte\",\"@id\":\"https:\\\/\\\/www.quebakan.com\\\/v15\\\/#\\\/schema\\\/person\\\/d90fa9f9cfa81eb8ace9811e5b7b9118\"},\"headline\":\"Inchcape expande su presencia en Ecuador con la apertura de 3 nuevas sucursales en Cuenca\",\"datePublished\":\"2024-05-20T05:58:31+00:00\",\"mainEntityOfPage\":{\"@id\":\"https:\\\/\\\/www.quebakan.com\\\/v15\\\/inchcape-expande-su-presencia-en-ecuador-con-la-apertura-de-3-nuevas-sucursales-en-cuenca\\\/\"},\"wordCount\":467,\"commentCount\":0,\"publisher\":{\"@id\":\"https:\\\/\\\/www.quebakan.com\\\/v15\\\/#organization\"},\"image\":{\"@id\":\"https:\\\/\\\/www.quebakan.com\\\/v15\\\/inchcape-expande-su-presencia-en-ecuador-con-la-apertura-de-3-nuevas-sucursales-en-cuenca\\\/#primaryimage\"},\"thumbnailUrl\":\"https:\\\/\\\/www.quebakan.com\\\/v15\\\/wp-content\\\/uploads\\\/2024\\\/05\\\/Inchcape-Autoridades.jpg\",\"articleSection\":[\"Empresarial\"],\"inLanguage\":\"es\"},{\"@type\":\"WebPage\",\"@id\":\"https:\\\/\\\/www.quebakan.com\\\/v15\\\/inchcape-expande-su-presencia-en-ecuador-con-la-apertura-de-3-nuevas-sucursales-en-cuenca\\\/\",\"url\":\"https:\\\/\\\/www.quebakan.com\\\/v15\\\/inchcape-expande-su-presencia-en-ecuador-con-la-apertura-de-3-nuevas-sucursales-en-cuenca\\\/\",\"name\":\"Inchcape expande su presencia en Ecuador con la apertura de 3 nuevas sucursales en Cuenca &#8211; QUEBAKAN.COM 2026: Noticias, Eventos, Conciertos y mucho m\u00e1s....\",\"isPartOf\":{\"@id\":\"https:\\\/\\\/www.quebakan.com\\\/v15\\\/#website\"},\"primaryImageOfPage\":{\"@id\":\"https:\\\/\\\/www.quebakan.com\\\/v15\\\/inchcape-expande-su-presencia-en-ecuador-con-la-apertura-de-3-nuevas-sucursales-en-cuenca\\\/#primaryimage\"},\"image\":{\"@id\":\"https:\\\/\\\/www.quebakan.com\\\/v15\\\/inchcape-expande-su-presencia-en-ecuador-con-la-apertura-de-3-nuevas-sucursales-en-cuenca\\\/#primaryimage\"},\"thumbnailUrl\":\"https:\\\/\\\/www.quebakan.com\\\/v15\\\/wp-content\\\/uploads\\\/2024\\\/05\\\/Inchcape-Autoridades.jpg\",\"datePublished\":\"2024-05-20T05:58:31+00:00\",\"breadcrumb\":{\"@id\":\"https:\\\/\\\/www.quebakan.com\\\/v15\\\/inchcape-expande-su-presencia-en-ecuador-con-la-apertura-de-3-nuevas-sucursales-en-cuenca\\\/#breadcrumb\"},\"inLanguage\":\"es\",\"potentialAction\":[{\"@type\":\"ReadAction\",\"target\":[\"https:\\\/\\\/www.quebakan.com\\\/v15\\\/inchcape-expande-su-presencia-en-ecuador-con-la-apertura-de-3-nuevas-sucursales-en-cuenca\\\/\"]}]},{\"@type\":\"ImageObject\",\"inLanguage\":\"es\",\"@id\":\"https:\\\/\\\/www.quebakan.com\\\/v15\\\/inchcape-expande-su-presencia-en-ecuador-con-la-apertura-de-3-nuevas-sucursales-en-cuenca\\\/#primaryimage\",\"url\":\"https:\\\/\\\/www.quebakan.com\\\/v15\\\/wp-content\\\/uploads\\\/2024\\\/05\\\/Inchcape-Autoridades.jpg\",\"contentUrl\":\"https:\\\/\\\/www.quebakan.com\\\/v15\\\/wp-content\\\/uploads\\\/2024\\\/05\\\/Inchcape-Autoridades.jpg\",\"width\":700,\"height\":494},{\"@type\":\"BreadcrumbList\",\"@id\":\"https:\\\/\\\/www.quebakan.com\\\/v15\\\/inchcape-expande-su-presencia-en-ecuador-con-la-apertura-de-3-nuevas-sucursales-en-cuenca\\\/#breadcrumb\",\"itemListElement\":[{\"@type\":\"ListItem\",\"position\":1,\"name\":\"Portada\",\"item\":\"https:\\\/\\\/www.quebakan.com\\\/v15\\\/\"},{\"@type\":\"ListItem\",\"position\":2,\"name\":\"Inchcape expande su presencia en Ecuador con la apertura de 3 nuevas sucursales en Cuenca\"}]},{\"@type\":\"WebSite\",\"@id\":\"https:\\\/\\\/www.quebakan.com\\\/v15\\\/#website\",\"url\":\"https:\\\/\\\/www.quebakan.com\\\/v15\\\/\",\"name\":\"QUEBAKAN\",\"description\":\"..\",\"publisher\":{\"@id\":\"https:\\\/\\\/www.quebakan.com\\\/v15\\\/#organization\"},\"potentialAction\":[{\"@type\":\"SearchAction\",\"target\":{\"@type\":\"EntryPoint\",\"urlTemplate\":\"https:\\\/\\\/www.quebakan.com\\\/v15\\\/?s={search_term_string}\"},\"query-input\":{\"@type\":\"PropertyValueSpecification\",\"valueRequired\":true,\"valueName\":\"search_term_string\"}}],\"inLanguage\":\"es\"},{\"@type\":\"Organization\",\"@id\":\"https:\\\/\\\/www.quebakan.com\\\/v15\\\/#organization\",\"name\":\"Quebakan.com\",\"url\":\"https:\\\/\\\/www.quebakan.com\\\/v15\\\/\",\"logo\":{\"@type\":\"ImageObject\",\"inLanguage\":\"es\",\"@id\":\"https:\\\/\\\/www.quebakan.com\\\/v15\\\/#\\\/schema\\\/logo\\\/image\\\/\",\"url\":\"https:\\\/\\\/www.quebakan.com\\\/v15\\\/wp-content\\\/uploads\\\/2023\\\/07\\\/logoquebakanenero2021.jpg\",\"contentUrl\":\"https:\\\/\\\/www.quebakan.com\\\/v15\\\/wp-content\\\/uploads\\\/2023\\\/07\\\/logoquebakanenero2021.jpg\",\"width\":1920,\"height\":1080,\"caption\":\"Quebakan.com\"},\"image\":{\"@id\":\"https:\\\/\\\/www.quebakan.com\\\/v15\\\/#\\\/schema\\\/logo\\\/image\\\/\"},\"sameAs\":[\"http:\\\/\\\/www.facebook.com\\\/quebakan\",\"https:\\\/\\\/x.com\\\/quebakanec\",\"http:\\\/\\\/www.instagram.com\\\/quebakan\",\"http:\\\/\\\/www.youtube.com\\\/quebakan1\"]},{\"@type\":\"Person\",\"@id\":\"https:\\\/\\\/www.quebakan.com\\\/v15\\\/#\\\/schema\\\/person\\\/d90fa9f9cfa81eb8ace9811e5b7b9118\",\"name\":\"Erick Villafuerte\",\"image\":{\"@type\":\"ImageObject\",\"inLanguage\":\"es\",\"@id\":\"https:\\\/\\\/www.quebakan.com\\\/v15\\\/wp-content\\\/uploads\\\/avatars\\\/4\\\/1731297654-bpfull.png\",\"url\":\"https:\\\/\\\/www.quebakan.com\\\/v15\\\/wp-content\\\/uploads\\\/avatars\\\/4\\\/1731297654-bpfull.png\",\"contentUrl\":\"https:\\\/\\\/www.quebakan.com\\\/v15\\\/wp-content\\\/uploads\\\/avatars\\\/4\\\/1731297654-bpfull.png\",\"caption\":\"Erick Villafuerte\"}}]}<\/script>\n<!-- \/ Yoast SEO plugin. -->","yoast_head_json":{"title":"Inchcape expande su presencia en Ecuador con la apertura de 3 nuevas sucursales en Cuenca &#8211; QUEBAKAN.COM 2026: Noticias, Eventos, Conciertos y mucho m\u00e1s....","robots":{"index":"index","follow":"follow","max-snippet":"max-snippet:-1","max-image-preview":"max-image-preview:large","max-video-preview":"max-video-preview:-1"},"canonical":"https:\/\/www.quebakan.com\/v15\/inchcape-expande-su-presencia-en-ecuador-con-la-apertura-de-3-nuevas-sucursales-en-cuenca\/","og_locale":"es_ES","og_type":"article","og_title":"Inchcape expande su presencia en Ecuador con la apertura de 3 nuevas sucursales en Cuenca &#8211; QUEBAKAN.COM 2026: Noticias, Eventos, Conciertos y mucho m\u00e1s....","og_description":"En la foto de autoridades, son los siguientes nombres: &#8211; Pamela C\u00f3rdova &#8211; Gerente de Talento Humano Inchcape &#8211; Pablo Burbano &#8211; Subaru Manager Ecuador &#8211; Felipe Ter\u00e1n &#8211; Director Comercial Mercedes Benz Camiones &#8211; Mgtr. Gabriela Brito &#8211; Concejala del cant\u00f3n Cuenca &#8211; Juan Francisco Buccelli &#8211; Gerente General Inchcape &#8211; Fabricio Galeas &#8211; [&hellip;]","og_url":"https:\/\/www.quebakan.com\/v15\/inchcape-expande-su-presencia-en-ecuador-con-la-apertura-de-3-nuevas-sucursales-en-cuenca\/","og_site_name":"QUEBAKAN.COM 2026: Noticias, Eventos, Conciertos y mucho m\u00e1s....","article_publisher":"http:\/\/www.facebook.com\/quebakan","article_published_time":"2024-05-20T05:58:31+00:00","og_image":[{"width":700,"height":494,"url":"https:\/\/www.quebakan.com\/v15\/wp-content\/uploads\/2024\/05\/Inchcape-Autoridades.jpg","type":"image\/jpeg"}],"author":"Erick Villafuerte","twitter_card":"summary_large_image","twitter_creator":"@quebakanec","twitter_site":"@quebakanec","twitter_misc":{"Escrito por":"Erick Villafuerte","Tiempo de lectura":"3 minutos"},"schema":{"@context":"https:\/\/schema.org","@graph":[{"@type":"Article","@id":"https:\/\/www.quebakan.com\/v15\/inchcape-expande-su-presencia-en-ecuador-con-la-apertura-de-3-nuevas-sucursales-en-cuenca\/#article","isPartOf":{"@id":"https:\/\/www.quebakan.com\/v15\/inchcape-expande-su-presencia-en-ecuador-con-la-apertura-de-3-nuevas-sucursales-en-cuenca\/"},"author":{"name":"Erick Villafuerte","@id":"https:\/\/www.quebakan.com\/v15\/#\/schema\/person\/d90fa9f9cfa81eb8ace9811e5b7b9118"},"headline":"Inchcape expande su presencia en Ecuador con la apertura de 3 nuevas sucursales en Cuenca","datePublished":"2024-05-20T05:58:31+00:00","mainEntityOfPage":{"@id":"https:\/\/www.quebakan.com\/v15\/inchcape-expande-su-presencia-en-ecuador-con-la-apertura-de-3-nuevas-sucursales-en-cuenca\/"},"wordCount":467,"commentCount":0,"publisher":{"@id":"https:\/\/www.quebakan.com\/v15\/#organization"},"image":{"@id":"https:\/\/www.quebakan.com\/v15\/inchcape-expande-su-presencia-en-ecuador-con-la-apertura-de-3-nuevas-sucursales-en-cuenca\/#primaryimage"},"thumbnailUrl":"https:\/\/www.quebakan.com\/v15\/wp-content\/uploads\/2024\/05\/Inchcape-Autoridades.jpg","articleSection":["Empresarial"],"inLanguage":"es"},{"@type":"WebPage","@id":"https:\/\/www.quebakan.com\/v15\/inchcape-expande-su-presencia-en-ecuador-con-la-apertura-de-3-nuevas-sucursales-en-cuenca\/","url":"https:\/\/www.quebakan.com\/v15\/inchcape-expande-su-presencia-en-ecuador-con-la-apertura-de-3-nuevas-sucursales-en-cuenca\/","name":"Inchcape expande su presencia en Ecuador con la apertura de 3 nuevas sucursales en Cuenca &#8211; QUEBAKAN.COM 2026: Noticias, Eventos, Conciertos y mucho m\u00e1s....","isPartOf":{"@id":"https:\/\/www.quebakan.com\/v15\/#website"},"primaryImageOfPage":{"@id":"https:\/\/www.quebakan.com\/v15\/inchcape-expande-su-presencia-en-ecuador-con-la-apertura-de-3-nuevas-sucursales-en-cuenca\/#primaryimage"},"image":{"@id":"https:\/\/www.quebakan.com\/v15\/inchcape-expande-su-presencia-en-ecuador-con-la-apertura-de-3-nuevas-sucursales-en-cuenca\/#primaryimage"},"thumbnailUrl":"https:\/\/www.quebakan.com\/v15\/wp-content\/uploads\/2024\/05\/Inchcape-Autoridades.jpg","datePublished":"2024-05-20T05:58:31+00:00","breadcrumb":{"@id":"https:\/\/www.quebakan.com\/v15\/inchcape-expande-su-presencia-en-ecuador-con-la-apertura-de-3-nuevas-sucursales-en-cuenca\/#breadcrumb"},"inLanguage":"es","potentialAction":[{"@type":"ReadAction","target":["https:\/\/www.quebakan.com\/v15\/inchcape-expande-su-presencia-en-ecuador-con-la-apertura-de-3-nuevas-sucursales-en-cuenca\/"]}]},{"@type":"ImageObject","inLanguage":"es","@id":"https:\/\/www.quebakan.com\/v15\/inchcape-expande-su-presencia-en-ecuador-con-la-apertura-de-3-nuevas-sucursales-en-cuenca\/#primaryimage","url":"https:\/\/www.quebakan.com\/v15\/wp-content\/uploads\/2024\/05\/Inchcape-Autoridades.jpg","contentUrl":"https:\/\/www.quebakan.com\/v15\/wp-content\/uploads\/2024\/05\/Inchcape-Autoridades.jpg","width":700,"height":494},{"@type":"BreadcrumbList","@id":"https:\/\/www.quebakan.com\/v15\/inchcape-expande-su-presencia-en-ecuador-con-la-apertura-de-3-nuevas-sucursales-en-cuenca\/#breadcrumb","itemListElement":[{"@type":"ListItem","position":1,"name":"Portada","item":"https:\/\/www.quebakan.com\/v15\/"},{"@type":"ListItem","position":2,"name":"Inchcape expande su presencia en Ecuador con la apertura de 3 nuevas sucursales en Cuenca"}]},{"@type":"WebSite","@id":"https:\/\/www.quebakan.com\/v15\/#website","url":"https:\/\/www.quebakan.com\/v15\/","name":"QUEBAKAN","description":"..","publisher":{"@id":"https:\/\/www.quebakan.com\/v15\/#organization"},"potentialAction":[{"@type":"SearchAction","target":{"@type":"EntryPoint","urlTemplate":"https:\/\/www.quebakan.com\/v15\/?s={search_term_string}"},"query-input":{"@type":"PropertyValueSpecification","valueRequired":true,"valueName":"search_term_string"}}],"inLanguage":"es"},{"@type":"Organization","@id":"https:\/\/www.quebakan.com\/v15\/#organization","name":"Quebakan.com","url":"https:\/\/www.quebakan.com\/v15\/","logo":{"@type":"ImageObject","inLanguage":"es","@id":"https:\/\/www.quebakan.com\/v15\/#\/schema\/logo\/image\/","url":"https:\/\/www.quebakan.com\/v15\/wp-content\/uploads\/2023\/07\/logoquebakanenero2021.jpg","contentUrl":"https:\/\/www.quebakan.com\/v15\/wp-content\/uploads\/2023\/07\/logoquebakanenero2021.jpg","width":1920,"height":1080,"caption":"Quebakan.com"},"image":{"@id":"https:\/\/www.quebakan.com\/v15\/#\/schema\/logo\/image\/"},"sameAs":["http:\/\/www.facebook.com\/quebakan","https:\/\/x.com\/quebakanec","http:\/\/www.instagram.com\/quebakan","http:\/\/www.youtube.com\/quebakan1"]},{"@type":"Person","@id":"https:\/\/www.quebakan.com\/v15\/#\/schema\/person\/d90fa9f9cfa81eb8ace9811e5b7b9118","name":"Erick Villafuerte","image":{"@type":"ImageObject","inLanguage":"es","@id":"https:\/\/www.quebakan.com\/v15\/wp-content\/uploads\/avatars\/4\/1731297654-bpfull.png","url":"https:\/\/www.quebakan.com\/v15\/wp-content\/uploads\/avatars\/4\/1731297654-bpfull.png","contentUrl":"https:\/\/www.quebakan.com\/v15\/wp-content\/uploads\/avatars\/4\/1731297654-bpfull.png","caption":"Erick Villafuerte"}}]}},"_links":{"self":[{"href":"https:\/\/www.quebakan.com\/v15\/wp-json\/wp\/v2\/posts\/119243","targetHints":{"allow":["GET"]}}],"collection":[{"href":"https:\/\/www.quebakan.com\/v15\/wp-json\/wp\/v2\/posts"}],"about":[{"href":"https:\/\/www.quebakan.com\/v15\/wp-json\/wp\/v2\/types\/post"}],"author":[{"embeddable":true,"href":"https:\/\/www.quebakan.com\/v15\/wp-json\/wp\/v2\/users\/4"}],"replies":[{"embeddable":true,"href":"https:\/\/www.quebakan.com\/v15\/wp-json\/wp\/v2\/comments?post=119243"}],"version-history":[{"count":1,"href":"https:\/\/www.quebakan.com\/v15\/wp-json\/wp\/v2\/posts\/119243\/revisions"}],"predecessor-version":[{"id":119245,"href":"https:\/\/www.quebakan.com\/v15\/wp-json\/wp\/v2\/posts\/119243\/revisions\/119245"}],"wp:featuredmedia":[{"embeddable":true,"href":"https:\/\/www.quebakan.com\/v15\/wp-json\/wp\/v2\/media\/119244"}],"wp:attachment":[{"href":"https:\/\/www.quebakan.com\/v15\/wp-json\/wp\/v2\/media?parent=119243"}],"wp:term":[{"taxonomy":"category","embeddable":true,"href":"https:\/\/www.quebakan.com\/v15\/wp-json\/wp\/v2\/categories?post=119243"},{"taxonomy":"post_tag","embeddable":true,"href":"https:\/\/www.quebakan.com\/v15\/wp-json\/wp\/v2\/tags?post=119243"}],"curies":[{"name":"wp","href":"https:\/\/api.w.org\/{rel}","templated":true}]}}