{"id":119834,"date":"2024-06-07T15:57:32","date_gmt":"2024-06-07T20:57:32","guid":{"rendered":"https:\/\/www.quebakan.com\/v15\/?p=119834"},"modified":"2024-06-07T15:57:32","modified_gmt":"2024-06-07T20:57:32","slug":"sony-abre-las-puertas-de-su-nueva-tienda-en-quito","status":"publish","type":"post","link":"https:\/\/www.quebakan.com\/v15\/sony-abre-las-puertas-de-su-nueva-tienda-en-quito\/","title":{"rendered":"Sony abre las puertas de su nueva tienda en Quito"},"content":{"rendered":"<p><img fetchpriority=\"high\" decoding=\"async\" class=\"aligncenter size-full wp-image-119835\" src=\"https:\/\/www.quebakan.com\/v15\/wp-content\/uploads\/2024\/06\/Foto-1_Kaymara-Rodriguez-Subgerente-de-Ventas-Sony-Ecuador-Carlos-Zavala-Gerente-General-Sony-Ronald-Mosquera-Subgerente-de-ventas-Sony-Ecuador.jpg\" alt=\"\" width=\"700\" height=\"451\" \/><\/p>\n<p style=\"text-align: justify;\"><span style=\"color: #000000;\">Kaymara Rodriguez, Subgerente de Ventas Sony Ecuador; Carlos Zavala, Gerente General Sony; Ronald Mosquera, Subgerente de ventas Sony Ecuador.<\/span><\/p>\n<ul>\n<li style=\"text-align: justify;\"><span style=\"color: #000000;\">Sony Store, ubicada en Scala Shopping Mall, es la tercera tienda en el pa\u00eds, con la que Sony busca que las personas vivan la experiencia para elegir el producto que se ajuste a su estilo de vida.<\/span><\/li>\n<\/ul>\n<p style=\"text-align: justify;\"><span style=\"color: #000000;\"><strong>Ecuador-junio, 2024 &#8211;<\/strong> Sony anuncia la apertura de su nueva tienda en Scala Shopping Mall, ubicada en Cumbay\u00e1, Quito, la tercera tienda en el pa\u00eds pensada en las necesidades del consumidor actual, de tal modo que pueda apreciar los productos y tecnolog\u00eda que ofrece la marca para conectar de forma directa.<\/span><\/p>\n<p style=\"text-align: justify;\"><span style=\"color: #000000;\">En la tienda, los especialistas de producto brindan una asesor\u00eda personalizada al consumidor, donde puede probar los equipos y sus funciones, para hacer una compra inteligente con base a las diversas necesidades y estilo de vida. Los visitantes podr\u00e1n vivir la mejor experiencia de los parlantes inal\u00e1mbricos, aud\u00edfonos, sistemas de audio, barras de sonido, car audio, TV y teatro en casa, c\u00e1maras, lentes, videoc\u00e1maras, Playstation y mucho m\u00e1s.<\/span><\/p>\n<p style=\"text-align: justify;\"><span style=\"color: #000000;\"><em>\u201cComo parte de los objetivos de Sony Ecuador es otorgar una experiencia de compra de primer nivel a nuestros consumidores, por ello a trav\u00e9s de las Sony Store queremos que pasen un momento agradable en un espacio pensado y habilitado para ellos, donde tengan la libertad de interactuar con los productos. Con la apertura de la tienda en Scala Shopping Mall, buscamos ampliar las opciones de compra para nuestros clientes en Quito.\u201d <\/em>coment\u00f3 Carlos Zavala, Country Manager en Sony Electronics Ecuador.<\/span><\/p>\n<p style=\"text-align: justify;\"><span style=\"color: #000000;\">La variedad de modelos, la opci\u00f3n de probarlos y ver las demostraciones de cada uno con la mejor atenci\u00f3n es la propuesta de valor que proporciona Sony, logrando as\u00ed conectar con sus usuarios y que estas experiencias sean clave para poder tomar una mejor decisi\u00f3n en su compra.<\/span><\/p>\n<p style=\"text-align: justify;\"><span style=\"color: #000000;\"><em>\u201cComo compa\u00f1\u00eda aspiramos a ofrecer una experiencia clave para que nuestros clientes tomen una mejor decisi\u00f3n de compra, con atenci\u00f3n especializada y garant\u00eda directa con Sony, para asegurar la preferencia de nuestros productos en el mercado nacional\u201d, <\/em>indic\u00f3 Carlos Zavala.<\/span><\/p>\n<p style=\"text-align: justify;\"><span style=\"color: #000000;\">Adem\u00e1s de contar con los m\u00e1s recientes lanzamientos de Sony, al comprar online y elegir retiro en la nueva Sony Store Scala Shopping en Quito, los clientes obtendr\u00e1n 5% de descuento adicional en cualquier categor\u00eda Sony.<\/span><\/p>\n<p style=\"text-align: justify;\"><span style=\"color: #000000;\">Sony extiende una invitaci\u00f3n a todos los amantes de audio, video, fotograf\u00eda, entretenimiento en gran pantalla, que est\u00e1n en b\u00fasqueda de nuevas experiencias interactivas al momento de realizar compras efectivas y a todos los consumidores que buscan estar a la vanguardia de la mejor tecnolog\u00eda; para deportistas, estudiantes, amas de casa, empresarios, fot\u00f3grafos, viajeros. En la nueva tienda Sony Store Scala Shopping, donde podr\u00e1n vivir la tecnolog\u00eda de manera cautivadora, innovadora y sensorial.<\/span><\/p>\n<p style=\"text-align: justify;\"><span style=\"color: #000000;\">Para m\u00e1s informaci\u00f3n acerca de nuestras innovaciones y productos visite:\u00a0<a style=\"color: #000000;\" href=\"https:\/\/store.sony.com.ec\/\">https:\/\/store.sony.com.ec\/<\/a><\/span><\/p>\n<p><img decoding=\"async\" class=\"aligncenter size-full wp-image-119836\" src=\"https:\/\/www.quebakan.com\/v15\/wp-content\/uploads\/2024\/06\/Foto-2_Maria-Sol-Gabela-Gerente-de-Producto-Scala-Shopping-Carlos-Zavala-Gerente-General-Sony.jpg\" alt=\"\" width=\"700\" height=\"513\" \/><\/p>\n<p style=\"text-align: center;\"><span style=\"color: #000000;\">Mar\u00eda Sol Gabela, Gerente de Producto Scala Shopping; Carlos Zavala, Gerente General Sony.<\/span><\/p>\n<p><img decoding=\"async\" class=\"aligncenter size-full wp-image-119837\" src=\"https:\/\/www.quebakan.com\/v15\/wp-content\/uploads\/2024\/06\/DSC09762.jpg\" alt=\"\" width=\"700\" height=\"467\" \/><\/p>\n<p>&nbsp;<\/p>\n<p><img loading=\"lazy\" decoding=\"async\" class=\"aligncenter size-full wp-image-119838\" src=\"https:\/\/www.quebakan.com\/v15\/wp-content\/uploads\/2024\/06\/DSC09945.jpg\" alt=\"\" width=\"700\" height=\"480\" \/><\/p>\n<p>&nbsp;<\/p>\n<p><img loading=\"lazy\" decoding=\"async\" class=\"aligncenter size-full wp-image-119839\" src=\"https:\/\/www.quebakan.com\/v15\/wp-content\/uploads\/2024\/06\/DSC09808.jpg\" alt=\"\" width=\"700\" height=\"406\" \/><\/p>\n<p>&nbsp;<\/p>\n<p><img loading=\"lazy\" decoding=\"async\" class=\"aligncenter size-full wp-image-119840\" src=\"https:\/\/www.quebakan.com\/v15\/wp-content\/uploads\/2024\/06\/DSC09843.jpg\" alt=\"\" width=\"700\" height=\"397\" \/><\/p>\n<p>&nbsp;<\/p>\n<p><img loading=\"lazy\" decoding=\"async\" class=\"aligncenter size-full wp-image-119841\" src=\"https:\/\/www.quebakan.com\/v15\/wp-content\/uploads\/2024\/06\/DSC09937.jpg\" alt=\"\" width=\"700\" height=\"338\" \/><\/p>\n","protected":false},"excerpt":{"rendered":"<p>Kaymara Rodriguez, Subgerente de Ventas Sony Ecuador; Carlos Zavala, Gerente General Sony; Ronald Mosquera, Subgerente de ventas Sony Ecuador. Sony Store, ubicada en Scala Shopping Mall, es la tercera tienda en el pa\u00eds, con la que Sony busca que las personas vivan la experiencia para elegir el producto que se ajuste a su estilo de [&hellip;]<\/p>\n","protected":false},"author":4,"featured_media":119835,"comment_status":"open","ping_status":"open","sticky":false,"template":"","format":"standard","meta":{"_bbp_topic_count":0,"_bbp_reply_count":0,"_bbp_total_topic_count":0,"_bbp_total_reply_count":0,"_bbp_voice_count":0,"_bbp_anonymous_reply_count":0,"_bbp_topic_count_hidden":0,"_bbp_reply_count_hidden":0,"_bbp_forum_subforum_count":0,"buzzeditor_post_format":"","footnotes":""},"categories":[2],"tags":[],"class_list":["post-119834","post","type-post","status-publish","format-standard","has-post-thumbnail","hentry","category-noticias"],"yoast_head":"<!-- This site is optimized with the Yoast SEO plugin v27.4 - https:\/\/yoast.com\/product\/yoast-seo-wordpress\/ -->\n<title>Sony abre las puertas de su nueva tienda en Quito &#8211; QUEBAKAN.COM 2026: Noticias, Eventos, Conciertos y mucho m\u00e1s....<\/title>\n<meta name=\"robots\" content=\"index, follow, max-snippet:-1, max-image-preview:large, max-video-preview:-1\" \/>\n<link rel=\"canonical\" href=\"https:\/\/www.quebakan.com\/v15\/sony-abre-las-puertas-de-su-nueva-tienda-en-quito\/\" \/>\n<meta property=\"og:locale\" content=\"es_ES\" \/>\n<meta property=\"og:type\" content=\"article\" \/>\n<meta property=\"og:title\" content=\"Sony abre las puertas de su nueva tienda en Quito &#8211; QUEBAKAN.COM 2026: Noticias, Eventos, Conciertos y mucho m\u00e1s....\" \/>\n<meta property=\"og:description\" content=\"Kaymara Rodriguez, Subgerente de Ventas Sony Ecuador; Carlos Zavala, Gerente General Sony; Ronald Mosquera, Subgerente de ventas Sony Ecuador. Sony Store, ubicada en Scala Shopping Mall, es la tercera tienda en el pa\u00eds, con la que Sony busca que las personas vivan la experiencia para elegir el producto que se ajuste a su estilo de [&hellip;]\" \/>\n<meta property=\"og:url\" content=\"https:\/\/www.quebakan.com\/v15\/sony-abre-las-puertas-de-su-nueva-tienda-en-quito\/\" \/>\n<meta property=\"og:site_name\" content=\"QUEBAKAN.COM 2026: Noticias, Eventos, Conciertos y mucho m\u00e1s....\" \/>\n<meta property=\"article:publisher\" content=\"http:\/\/www.facebook.com\/quebakan\" \/>\n<meta property=\"article:published_time\" content=\"2024-06-07T20:57:32+00:00\" \/>\n<meta property=\"og:image\" content=\"https:\/\/www.quebakan.com\/v15\/wp-content\/uploads\/2024\/06\/Foto-1_Kaymara-Rodriguez-Subgerente-de-Ventas-Sony-Ecuador-Carlos-Zavala-Gerente-General-Sony-Ronald-Mosquera-Subgerente-de-ventas-Sony-Ecuador.jpg\" \/>\n\t<meta property=\"og:image:width\" content=\"700\" \/>\n\t<meta property=\"og:image:height\" content=\"451\" \/>\n\t<meta property=\"og:image:type\" content=\"image\/jpeg\" \/>\n<meta name=\"author\" content=\"Erick Villafuerte\" \/>\n<meta name=\"twitter:card\" content=\"summary_large_image\" \/>\n<meta name=\"twitter:creator\" content=\"@quebakanec\" \/>\n<meta name=\"twitter:site\" content=\"@quebakanec\" \/>\n<meta name=\"twitter:label1\" content=\"Escrito por\" \/>\n\t<meta name=\"twitter:data1\" content=\"Erick Villafuerte\" \/>\n\t<meta name=\"twitter:label2\" content=\"Tiempo de lectura\" \/>\n\t<meta name=\"twitter:data2\" content=\"4 minutos\" \/>\n<script type=\"application\/ld+json\" class=\"yoast-schema-graph\">{\"@context\":\"https:\\\/\\\/schema.org\",\"@graph\":[{\"@type\":\"Article\",\"@id\":\"https:\\\/\\\/www.quebakan.com\\\/v15\\\/sony-abre-las-puertas-de-su-nueva-tienda-en-quito\\\/#article\",\"isPartOf\":{\"@id\":\"https:\\\/\\\/www.quebakan.com\\\/v15\\\/sony-abre-las-puertas-de-su-nueva-tienda-en-quito\\\/\"},\"author\":{\"name\":\"Erick Villafuerte\",\"@id\":\"https:\\\/\\\/www.quebakan.com\\\/v15\\\/#\\\/schema\\\/person\\\/d90fa9f9cfa81eb8ace9811e5b7b9118\"},\"headline\":\"Sony abre las puertas de su nueva tienda en Quito\",\"datePublished\":\"2024-06-07T20:57:32+00:00\",\"mainEntityOfPage\":{\"@id\":\"https:\\\/\\\/www.quebakan.com\\\/v15\\\/sony-abre-las-puertas-de-su-nueva-tienda-en-quito\\\/\"},\"wordCount\":526,\"commentCount\":0,\"publisher\":{\"@id\":\"https:\\\/\\\/www.quebakan.com\\\/v15\\\/#organization\"},\"image\":{\"@id\":\"https:\\\/\\\/www.quebakan.com\\\/v15\\\/sony-abre-las-puertas-de-su-nueva-tienda-en-quito\\\/#primaryimage\"},\"thumbnailUrl\":\"https:\\\/\\\/www.quebakan.com\\\/v15\\\/wp-content\\\/uploads\\\/2024\\\/06\\\/Foto-1_Kaymara-Rodriguez-Subgerente-de-Ventas-Sony-Ecuador-Carlos-Zavala-Gerente-General-Sony-Ronald-Mosquera-Subgerente-de-ventas-Sony-Ecuador.jpg\",\"articleSection\":[\"Noticias\"],\"inLanguage\":\"es\"},{\"@type\":\"WebPage\",\"@id\":\"https:\\\/\\\/www.quebakan.com\\\/v15\\\/sony-abre-las-puertas-de-su-nueva-tienda-en-quito\\\/\",\"url\":\"https:\\\/\\\/www.quebakan.com\\\/v15\\\/sony-abre-las-puertas-de-su-nueva-tienda-en-quito\\\/\",\"name\":\"Sony abre las puertas de su nueva tienda en Quito &#8211; QUEBAKAN.COM 2026: Noticias, Eventos, Conciertos y mucho m\u00e1s....\",\"isPartOf\":{\"@id\":\"https:\\\/\\\/www.quebakan.com\\\/v15\\\/#website\"},\"primaryImageOfPage\":{\"@id\":\"https:\\\/\\\/www.quebakan.com\\\/v15\\\/sony-abre-las-puertas-de-su-nueva-tienda-en-quito\\\/#primaryimage\"},\"image\":{\"@id\":\"https:\\\/\\\/www.quebakan.com\\\/v15\\\/sony-abre-las-puertas-de-su-nueva-tienda-en-quito\\\/#primaryimage\"},\"thumbnailUrl\":\"https:\\\/\\\/www.quebakan.com\\\/v15\\\/wp-content\\\/uploads\\\/2024\\\/06\\\/Foto-1_Kaymara-Rodriguez-Subgerente-de-Ventas-Sony-Ecuador-Carlos-Zavala-Gerente-General-Sony-Ronald-Mosquera-Subgerente-de-ventas-Sony-Ecuador.jpg\",\"datePublished\":\"2024-06-07T20:57:32+00:00\",\"breadcrumb\":{\"@id\":\"https:\\\/\\\/www.quebakan.com\\\/v15\\\/sony-abre-las-puertas-de-su-nueva-tienda-en-quito\\\/#breadcrumb\"},\"inLanguage\":\"es\",\"potentialAction\":[{\"@type\":\"ReadAction\",\"target\":[\"https:\\\/\\\/www.quebakan.com\\\/v15\\\/sony-abre-las-puertas-de-su-nueva-tienda-en-quito\\\/\"]}]},{\"@type\":\"ImageObject\",\"inLanguage\":\"es\",\"@id\":\"https:\\\/\\\/www.quebakan.com\\\/v15\\\/sony-abre-las-puertas-de-su-nueva-tienda-en-quito\\\/#primaryimage\",\"url\":\"https:\\\/\\\/www.quebakan.com\\\/v15\\\/wp-content\\\/uploads\\\/2024\\\/06\\\/Foto-1_Kaymara-Rodriguez-Subgerente-de-Ventas-Sony-Ecuador-Carlos-Zavala-Gerente-General-Sony-Ronald-Mosquera-Subgerente-de-ventas-Sony-Ecuador.jpg\",\"contentUrl\":\"https:\\\/\\\/www.quebakan.com\\\/v15\\\/wp-content\\\/uploads\\\/2024\\\/06\\\/Foto-1_Kaymara-Rodriguez-Subgerente-de-Ventas-Sony-Ecuador-Carlos-Zavala-Gerente-General-Sony-Ronald-Mosquera-Subgerente-de-ventas-Sony-Ecuador.jpg\",\"width\":700,\"height\":451},{\"@type\":\"BreadcrumbList\",\"@id\":\"https:\\\/\\\/www.quebakan.com\\\/v15\\\/sony-abre-las-puertas-de-su-nueva-tienda-en-quito\\\/#breadcrumb\",\"itemListElement\":[{\"@type\":\"ListItem\",\"position\":1,\"name\":\"Portada\",\"item\":\"https:\\\/\\\/www.quebakan.com\\\/v15\\\/\"},{\"@type\":\"ListItem\",\"position\":2,\"name\":\"Sony abre las puertas de su nueva tienda en Quito\"}]},{\"@type\":\"WebSite\",\"@id\":\"https:\\\/\\\/www.quebakan.com\\\/v15\\\/#website\",\"url\":\"https:\\\/\\\/www.quebakan.com\\\/v15\\\/\",\"name\":\"QUEBAKAN\",\"description\":\"..\",\"publisher\":{\"@id\":\"https:\\\/\\\/www.quebakan.com\\\/v15\\\/#organization\"},\"potentialAction\":[{\"@type\":\"SearchAction\",\"target\":{\"@type\":\"EntryPoint\",\"urlTemplate\":\"https:\\\/\\\/www.quebakan.com\\\/v15\\\/?s={search_term_string}\"},\"query-input\":{\"@type\":\"PropertyValueSpecification\",\"valueRequired\":true,\"valueName\":\"search_term_string\"}}],\"inLanguage\":\"es\"},{\"@type\":\"Organization\",\"@id\":\"https:\\\/\\\/www.quebakan.com\\\/v15\\\/#organization\",\"name\":\"Quebakan.com\",\"url\":\"https:\\\/\\\/www.quebakan.com\\\/v15\\\/\",\"logo\":{\"@type\":\"ImageObject\",\"inLanguage\":\"es\",\"@id\":\"https:\\\/\\\/www.quebakan.com\\\/v15\\\/#\\\/schema\\\/logo\\\/image\\\/\",\"url\":\"https:\\\/\\\/www.quebakan.com\\\/v15\\\/wp-content\\\/uploads\\\/2023\\\/07\\\/logoquebakanenero2021.jpg\",\"contentUrl\":\"https:\\\/\\\/www.quebakan.com\\\/v15\\\/wp-content\\\/uploads\\\/2023\\\/07\\\/logoquebakanenero2021.jpg\",\"width\":1920,\"height\":1080,\"caption\":\"Quebakan.com\"},\"image\":{\"@id\":\"https:\\\/\\\/www.quebakan.com\\\/v15\\\/#\\\/schema\\\/logo\\\/image\\\/\"},\"sameAs\":[\"http:\\\/\\\/www.facebook.com\\\/quebakan\",\"https:\\\/\\\/x.com\\\/quebakanec\",\"http:\\\/\\\/www.instagram.com\\\/quebakan\",\"http:\\\/\\\/www.youtube.com\\\/quebakan1\"]},{\"@type\":\"Person\",\"@id\":\"https:\\\/\\\/www.quebakan.com\\\/v15\\\/#\\\/schema\\\/person\\\/d90fa9f9cfa81eb8ace9811e5b7b9118\",\"name\":\"Erick Villafuerte\",\"image\":{\"@type\":\"ImageObject\",\"inLanguage\":\"es\",\"@id\":\"https:\\\/\\\/www.quebakan.com\\\/v15\\\/wp-content\\\/uploads\\\/avatars\\\/4\\\/1731297654-bpfull.png\",\"url\":\"https:\\\/\\\/www.quebakan.com\\\/v15\\\/wp-content\\\/uploads\\\/avatars\\\/4\\\/1731297654-bpfull.png\",\"contentUrl\":\"https:\\\/\\\/www.quebakan.com\\\/v15\\\/wp-content\\\/uploads\\\/avatars\\\/4\\\/1731297654-bpfull.png\",\"caption\":\"Erick Villafuerte\"}}]}<\/script>\n<!-- \/ Yoast SEO plugin. -->","yoast_head_json":{"title":"Sony abre las puertas de su nueva tienda en Quito &#8211; QUEBAKAN.COM 2026: Noticias, Eventos, Conciertos y mucho m\u00e1s....","robots":{"index":"index","follow":"follow","max-snippet":"max-snippet:-1","max-image-preview":"max-image-preview:large","max-video-preview":"max-video-preview:-1"},"canonical":"https:\/\/www.quebakan.com\/v15\/sony-abre-las-puertas-de-su-nueva-tienda-en-quito\/","og_locale":"es_ES","og_type":"article","og_title":"Sony abre las puertas de su nueva tienda en Quito &#8211; QUEBAKAN.COM 2026: Noticias, Eventos, Conciertos y mucho m\u00e1s....","og_description":"Kaymara Rodriguez, Subgerente de Ventas Sony Ecuador; Carlos Zavala, Gerente General Sony; Ronald Mosquera, Subgerente de ventas Sony Ecuador. Sony Store, ubicada en Scala Shopping Mall, es la tercera tienda en el pa\u00eds, con la que Sony busca que las personas vivan la experiencia para elegir el producto que se ajuste a su estilo de [&hellip;]","og_url":"https:\/\/www.quebakan.com\/v15\/sony-abre-las-puertas-de-su-nueva-tienda-en-quito\/","og_site_name":"QUEBAKAN.COM 2026: Noticias, Eventos, Conciertos y mucho m\u00e1s....","article_publisher":"http:\/\/www.facebook.com\/quebakan","article_published_time":"2024-06-07T20:57:32+00:00","og_image":[{"width":700,"height":451,"url":"https:\/\/www.quebakan.com\/v15\/wp-content\/uploads\/2024\/06\/Foto-1_Kaymara-Rodriguez-Subgerente-de-Ventas-Sony-Ecuador-Carlos-Zavala-Gerente-General-Sony-Ronald-Mosquera-Subgerente-de-ventas-Sony-Ecuador.jpg","type":"image\/jpeg"}],"author":"Erick Villafuerte","twitter_card":"summary_large_image","twitter_creator":"@quebakanec","twitter_site":"@quebakanec","twitter_misc":{"Escrito por":"Erick Villafuerte","Tiempo de lectura":"4 minutos"},"schema":{"@context":"https:\/\/schema.org","@graph":[{"@type":"Article","@id":"https:\/\/www.quebakan.com\/v15\/sony-abre-las-puertas-de-su-nueva-tienda-en-quito\/#article","isPartOf":{"@id":"https:\/\/www.quebakan.com\/v15\/sony-abre-las-puertas-de-su-nueva-tienda-en-quito\/"},"author":{"name":"Erick Villafuerte","@id":"https:\/\/www.quebakan.com\/v15\/#\/schema\/person\/d90fa9f9cfa81eb8ace9811e5b7b9118"},"headline":"Sony abre las puertas de su nueva tienda en Quito","datePublished":"2024-06-07T20:57:32+00:00","mainEntityOfPage":{"@id":"https:\/\/www.quebakan.com\/v15\/sony-abre-las-puertas-de-su-nueva-tienda-en-quito\/"},"wordCount":526,"commentCount":0,"publisher":{"@id":"https:\/\/www.quebakan.com\/v15\/#organization"},"image":{"@id":"https:\/\/www.quebakan.com\/v15\/sony-abre-las-puertas-de-su-nueva-tienda-en-quito\/#primaryimage"},"thumbnailUrl":"https:\/\/www.quebakan.com\/v15\/wp-content\/uploads\/2024\/06\/Foto-1_Kaymara-Rodriguez-Subgerente-de-Ventas-Sony-Ecuador-Carlos-Zavala-Gerente-General-Sony-Ronald-Mosquera-Subgerente-de-ventas-Sony-Ecuador.jpg","articleSection":["Noticias"],"inLanguage":"es"},{"@type":"WebPage","@id":"https:\/\/www.quebakan.com\/v15\/sony-abre-las-puertas-de-su-nueva-tienda-en-quito\/","url":"https:\/\/www.quebakan.com\/v15\/sony-abre-las-puertas-de-su-nueva-tienda-en-quito\/","name":"Sony abre las puertas de su nueva tienda en Quito &#8211; QUEBAKAN.COM 2026: Noticias, Eventos, Conciertos y mucho m\u00e1s....","isPartOf":{"@id":"https:\/\/www.quebakan.com\/v15\/#website"},"primaryImageOfPage":{"@id":"https:\/\/www.quebakan.com\/v15\/sony-abre-las-puertas-de-su-nueva-tienda-en-quito\/#primaryimage"},"image":{"@id":"https:\/\/www.quebakan.com\/v15\/sony-abre-las-puertas-de-su-nueva-tienda-en-quito\/#primaryimage"},"thumbnailUrl":"https:\/\/www.quebakan.com\/v15\/wp-content\/uploads\/2024\/06\/Foto-1_Kaymara-Rodriguez-Subgerente-de-Ventas-Sony-Ecuador-Carlos-Zavala-Gerente-General-Sony-Ronald-Mosquera-Subgerente-de-ventas-Sony-Ecuador.jpg","datePublished":"2024-06-07T20:57:32+00:00","breadcrumb":{"@id":"https:\/\/www.quebakan.com\/v15\/sony-abre-las-puertas-de-su-nueva-tienda-en-quito\/#breadcrumb"},"inLanguage":"es","potentialAction":[{"@type":"ReadAction","target":["https:\/\/www.quebakan.com\/v15\/sony-abre-las-puertas-de-su-nueva-tienda-en-quito\/"]}]},{"@type":"ImageObject","inLanguage":"es","@id":"https:\/\/www.quebakan.com\/v15\/sony-abre-las-puertas-de-su-nueva-tienda-en-quito\/#primaryimage","url":"https:\/\/www.quebakan.com\/v15\/wp-content\/uploads\/2024\/06\/Foto-1_Kaymara-Rodriguez-Subgerente-de-Ventas-Sony-Ecuador-Carlos-Zavala-Gerente-General-Sony-Ronald-Mosquera-Subgerente-de-ventas-Sony-Ecuador.jpg","contentUrl":"https:\/\/www.quebakan.com\/v15\/wp-content\/uploads\/2024\/06\/Foto-1_Kaymara-Rodriguez-Subgerente-de-Ventas-Sony-Ecuador-Carlos-Zavala-Gerente-General-Sony-Ronald-Mosquera-Subgerente-de-ventas-Sony-Ecuador.jpg","width":700,"height":451},{"@type":"BreadcrumbList","@id":"https:\/\/www.quebakan.com\/v15\/sony-abre-las-puertas-de-su-nueva-tienda-en-quito\/#breadcrumb","itemListElement":[{"@type":"ListItem","position":1,"name":"Portada","item":"https:\/\/www.quebakan.com\/v15\/"},{"@type":"ListItem","position":2,"name":"Sony abre las puertas de su nueva tienda en Quito"}]},{"@type":"WebSite","@id":"https:\/\/www.quebakan.com\/v15\/#website","url":"https:\/\/www.quebakan.com\/v15\/","name":"QUEBAKAN","description":"..","publisher":{"@id":"https:\/\/www.quebakan.com\/v15\/#organization"},"potentialAction":[{"@type":"SearchAction","target":{"@type":"EntryPoint","urlTemplate":"https:\/\/www.quebakan.com\/v15\/?s={search_term_string}"},"query-input":{"@type":"PropertyValueSpecification","valueRequired":true,"valueName":"search_term_string"}}],"inLanguage":"es"},{"@type":"Organization","@id":"https:\/\/www.quebakan.com\/v15\/#organization","name":"Quebakan.com","url":"https:\/\/www.quebakan.com\/v15\/","logo":{"@type":"ImageObject","inLanguage":"es","@id":"https:\/\/www.quebakan.com\/v15\/#\/schema\/logo\/image\/","url":"https:\/\/www.quebakan.com\/v15\/wp-content\/uploads\/2023\/07\/logoquebakanenero2021.jpg","contentUrl":"https:\/\/www.quebakan.com\/v15\/wp-content\/uploads\/2023\/07\/logoquebakanenero2021.jpg","width":1920,"height":1080,"caption":"Quebakan.com"},"image":{"@id":"https:\/\/www.quebakan.com\/v15\/#\/schema\/logo\/image\/"},"sameAs":["http:\/\/www.facebook.com\/quebakan","https:\/\/x.com\/quebakanec","http:\/\/www.instagram.com\/quebakan","http:\/\/www.youtube.com\/quebakan1"]},{"@type":"Person","@id":"https:\/\/www.quebakan.com\/v15\/#\/schema\/person\/d90fa9f9cfa81eb8ace9811e5b7b9118","name":"Erick Villafuerte","image":{"@type":"ImageObject","inLanguage":"es","@id":"https:\/\/www.quebakan.com\/v15\/wp-content\/uploads\/avatars\/4\/1731297654-bpfull.png","url":"https:\/\/www.quebakan.com\/v15\/wp-content\/uploads\/avatars\/4\/1731297654-bpfull.png","contentUrl":"https:\/\/www.quebakan.com\/v15\/wp-content\/uploads\/avatars\/4\/1731297654-bpfull.png","caption":"Erick Villafuerte"}}]}},"_links":{"self":[{"href":"https:\/\/www.quebakan.com\/v15\/wp-json\/wp\/v2\/posts\/119834","targetHints":{"allow":["GET"]}}],"collection":[{"href":"https:\/\/www.quebakan.com\/v15\/wp-json\/wp\/v2\/posts"}],"about":[{"href":"https:\/\/www.quebakan.com\/v15\/wp-json\/wp\/v2\/types\/post"}],"author":[{"embeddable":true,"href":"https:\/\/www.quebakan.com\/v15\/wp-json\/wp\/v2\/users\/4"}],"replies":[{"embeddable":true,"href":"https:\/\/www.quebakan.com\/v15\/wp-json\/wp\/v2\/comments?post=119834"}],"version-history":[{"count":1,"href":"https:\/\/www.quebakan.com\/v15\/wp-json\/wp\/v2\/posts\/119834\/revisions"}],"predecessor-version":[{"id":119842,"href":"https:\/\/www.quebakan.com\/v15\/wp-json\/wp\/v2\/posts\/119834\/revisions\/119842"}],"wp:featuredmedia":[{"embeddable":true,"href":"https:\/\/www.quebakan.com\/v15\/wp-json\/wp\/v2\/media\/119835"}],"wp:attachment":[{"href":"https:\/\/www.quebakan.com\/v15\/wp-json\/wp\/v2\/media?parent=119834"}],"wp:term":[{"taxonomy":"category","embeddable":true,"href":"https:\/\/www.quebakan.com\/v15\/wp-json\/wp\/v2\/categories?post=119834"},{"taxonomy":"post_tag","embeddable":true,"href":"https:\/\/www.quebakan.com\/v15\/wp-json\/wp\/v2\/tags?post=119834"}],"curies":[{"name":"wp","href":"https:\/\/api.w.org\/{rel}","templated":true}]}}