{"id":120681,"date":"2024-06-29T02:17:44","date_gmt":"2024-06-29T07:17:44","guid":{"rendered":"https:\/\/www.quebakan.com\/v15\/?p=120681"},"modified":"2024-09-07T15:15:37","modified_gmt":"2024-09-07T20:15:37","slug":"toni-reconocida-como-una-de-las-marcas-mas-influyentes-y-recordadas-en-el-ecuador","status":"publish","type":"post","link":"https:\/\/www.quebakan.com\/v15\/toni-reconocida-como-una-de-las-marcas-mas-influyentes-y-recordadas-en-el-ecuador\/","title":{"rendered":"TONI RECONOCIDA COMO UNA DE LAS MARCAS M\u00c1S INFLUYENTES Y RECORDADAS EN EL ECUADOR"},"content":{"rendered":"<p><img fetchpriority=\"high\" decoding=\"async\" class=\"aligncenter size-full wp-image-120682\" src=\"https:\/\/www.quebakan.com\/v15\/wp-content\/uploads\/2024\/06\/FOTO-RECONOCIMIENTO.jpg\" alt=\"\" width=\"700\" height=\"394\" \/><\/p>\n<p style=\"text-align: justify;\"><span style=\"color: #000000;\"><strong>Pie de foto de izquierda a derecha:\u00a0 <\/strong>Jorge Cavagnaro, Editor General de Am\u00e9rica Econom\u00eda, Rosa de la Paz, Gerente de Marketing de Tonicorp, Sofia Sierra, Jefe de Comunicaci\u00f3n Corporativa de Arca Continental junto a Cristina P\u00e1ez, CEO Ipsos Ecuador<\/span><\/p>\n<p style=\"text-align: justify;\"><span style=\"color: #000000;\"><strong>Quito, 27 de junio 2024.- <\/strong>Tonicorp una empresa de Arca Continental y The Coca-Cola Company bajo su marca TONI tiene el prop\u00f3sito de \u201cAlimentar tus ganas de crecer siempre\u201d por lo que ofrece un portafolio robusto para cada tipo de consumidor, lo que la ha convertido en una marca premiada, amada y recordada en las diferentes categor\u00edas de l\u00e1cteos y alimentos donde participa.<\/span><\/p>\n<p style=\"text-align: justify;\"><span style=\"color: #000000;\">En este sentido recibi\u00f3 distintos reconocimientos que avalan su compromiso con la confianza del consumidor, posicion\u00e1ndose en el top 5 de alimentos y bebidas seg\u00fan un estudio realizado por Ipsos Ecuador. Mientras que en el Top Of Mind se ubica en el top 10 dentro de la categor\u00eda de \u201cProductos Alimenticios\u201d seg\u00fan el an\u00e1lisis realizado por Advance Consultora.<\/span><\/p>\n<p style=\"text-align: justify;\"><span style=\"color: #000000;\">TONI trabaja hace m\u00e1s de 45 a\u00f1os bajo procesos de mejora continua, eficiencia y materia prima de excelente calidad, que proviene de una ganader\u00eda sostenible que impulsa la competitividad de toda la cadena l\u00e1ctea, trato \u00e9tico al ganado y cuidado del medio ambiente. Sus altos est\u00e1ndares de calidad a lo largo de su trayectoria le permiten desarrollar productos de alto valor agregado, escuchando las necesidades de sus consumidores y cultivando una relaci\u00f3n cercana con cada uno de ellos. Con la finalidad de entregar un portafolio que satisfaga sus demandas con relaci\u00f3n a la naturalidad, funcionalidad y bienestar.<\/span><\/p>\n<p style=\"text-align: justify;\"><span style=\"color: #000000;\">Bajo este contexto la marca impulsa acciones para seguir construyendo su prop\u00f3sito bajo tres pilares: 1) diversidad, equidad e inclusi\u00f3n, 2) cuidado medio ambiental, 3) tecnolog\u00eda e innovaci\u00f3n; lo que le permite conocer las necesidades del mercado y ofrecer nuevas alternativas para posicionarse como una marca preferida en el mercado.<\/span><\/p>\n<p style=\"text-align: justify;\"><span style=\"color: #000000;\"><em>\u201cEste reconocimiento evidencia nuestra cercan\u00eda con el consumidor y es por esto por lo que buscamos sobrepasar sus expectativas; brind\u00e1ndoles distintas alternativas al momento de elegir TONI, en la actualidad contamos con un portafolio con m\u00e1s de 300 productos como: yogurt, leche saborizada, bebida de almendra, avena, queso, helados, gelatina, caf\u00e9 listo para beber, leche, alimento l\u00e1cteo infantil, entre otros. Estamos muy contentos de ser parte de estos rankings que nos impulsan a continuar innovando, ofreciendo productos de alto valor agregado, a trav\u00e9s de colocar al consumidor en el centro\u201d. <\/em>Fueron las palabras de Alfredo Rodr\u00edguez, Director de Estrategia Comercial y Marketing de Tonicorp.<\/span><\/p>\n<p style=\"text-align: justify;\"><span style=\"color: #000000;\">La marca reitera su compromiso con las familias ecuatorianas en seguir desarrollando innovaciones que ampl\u00eden el portafolio de TONI con combinaciones de ingredientes funcionales que se adapten a los gustos cambiantes de los consumidores.\u00a0<\/span><\/p>\n","protected":false},"excerpt":{"rendered":"<p>Pie de foto de izquierda a derecha:\u00a0 Jorge Cavagnaro, Editor General de Am\u00e9rica Econom\u00eda, Rosa de la Paz, Gerente de Marketing de Tonicorp, Sofia Sierra, Jefe de Comunicaci\u00f3n Corporativa de Arca Continental junto a Cristina P\u00e1ez, CEO Ipsos Ecuador Quito, 27 de junio 2024.- Tonicorp una empresa de Arca Continental y The Coca-Cola Company bajo [&hellip;]<\/p>\n","protected":false},"author":4,"featured_media":0,"comment_status":"closed","ping_status":"open","sticky":false,"template":"","format":"standard","meta":{"_bbp_topic_count":0,"_bbp_reply_count":0,"_bbp_total_topic_count":0,"_bbp_total_reply_count":0,"_bbp_voice_count":0,"_bbp_anonymous_reply_count":0,"_bbp_topic_count_hidden":0,"_bbp_reply_count_hidden":0,"_bbp_forum_subforum_count":0,"buzzeditor_post_format":"","footnotes":""},"categories":[2],"tags":[],"class_list":["post-120681","post","type-post","status-publish","format-standard","hentry","category-noticias"],"yoast_head":"<!-- This site is optimized with the Yoast SEO plugin v27.5 - https:\/\/yoast.com\/product\/yoast-seo-wordpress\/ -->\n<title>TONI RECONOCIDA COMO UNA DE LAS MARCAS M\u00c1S INFLUYENTES Y RECORDADAS EN EL ECUADOR &#8211; QUEBAKAN.COM 2026: Noticias, Eventos, Conciertos y mucho m\u00e1s....<\/title>\n<meta name=\"robots\" content=\"index, follow, max-snippet:-1, max-image-preview:large, max-video-preview:-1\" \/>\n<link rel=\"canonical\" href=\"https:\/\/www.quebakan.com\/v15\/toni-reconocida-como-una-de-las-marcas-mas-influyentes-y-recordadas-en-el-ecuador\/\" \/>\n<meta property=\"og:locale\" content=\"es_ES\" \/>\n<meta property=\"og:type\" content=\"article\" \/>\n<meta property=\"og:title\" content=\"TONI RECONOCIDA COMO UNA DE LAS MARCAS M\u00c1S INFLUYENTES Y RECORDADAS EN EL ECUADOR &#8211; QUEBAKAN.COM 2026: Noticias, Eventos, Conciertos y mucho m\u00e1s....\" \/>\n<meta property=\"og:description\" content=\"Pie de foto de izquierda a derecha:\u00a0 Jorge Cavagnaro, Editor General de Am\u00e9rica Econom\u00eda, Rosa de la Paz, Gerente de Marketing de Tonicorp, Sofia Sierra, Jefe de Comunicaci\u00f3n Corporativa de Arca Continental junto a Cristina P\u00e1ez, CEO Ipsos Ecuador Quito, 27 de junio 2024.- Tonicorp una empresa de Arca Continental y The Coca-Cola Company bajo [&hellip;]\" \/>\n<meta property=\"og:url\" content=\"https:\/\/www.quebakan.com\/v15\/toni-reconocida-como-una-de-las-marcas-mas-influyentes-y-recordadas-en-el-ecuador\/\" \/>\n<meta property=\"og:site_name\" content=\"QUEBAKAN.COM 2026: Noticias, Eventos, Conciertos y mucho m\u00e1s....\" \/>\n<meta property=\"article:publisher\" content=\"http:\/\/www.facebook.com\/quebakan\" \/>\n<meta property=\"article:published_time\" content=\"2024-06-29T07:17:44+00:00\" \/>\n<meta property=\"article:modified_time\" content=\"2024-09-07T20:15:37+00:00\" \/>\n<meta property=\"og:image\" content=\"https:\/\/www.quebakan.com\/v15\/wp-content\/uploads\/2024\/06\/FOTO-RECONOCIMIENTO.jpg\" \/>\n<meta name=\"author\" content=\"Erick Villafuerte\" \/>\n<meta name=\"twitter:card\" content=\"summary_large_image\" \/>\n<meta name=\"twitter:creator\" content=\"@quebakanec\" \/>\n<meta name=\"twitter:site\" content=\"@quebakanec\" \/>\n<meta name=\"twitter:label1\" content=\"Escrito por\" \/>\n\t<meta name=\"twitter:data1\" content=\"Erick Villafuerte\" \/>\n\t<meta name=\"twitter:label2\" content=\"Tiempo de lectura\" \/>\n\t<meta name=\"twitter:data2\" content=\"3 minutos\" \/>\n<script type=\"application\/ld+json\" class=\"yoast-schema-graph\">{\"@context\":\"https:\\\/\\\/schema.org\",\"@graph\":[{\"@type\":\"Article\",\"@id\":\"https:\\\/\\\/www.quebakan.com\\\/v15\\\/toni-reconocida-como-una-de-las-marcas-mas-influyentes-y-recordadas-en-el-ecuador\\\/#article\",\"isPartOf\":{\"@id\":\"https:\\\/\\\/www.quebakan.com\\\/v15\\\/toni-reconocida-como-una-de-las-marcas-mas-influyentes-y-recordadas-en-el-ecuador\\\/\"},\"author\":{\"name\":\"Erick Villafuerte\",\"@id\":\"https:\\\/\\\/www.quebakan.com\\\/v15\\\/#\\\/schema\\\/person\\\/d90fa9f9cfa81eb8ace9811e5b7b9118\"},\"headline\":\"TONI RECONOCIDA COMO UNA DE LAS MARCAS M\u00c1S INFLUYENTES Y RECORDADAS EN EL ECUADOR\",\"datePublished\":\"2024-06-29T07:17:44+00:00\",\"dateModified\":\"2024-09-07T20:15:37+00:00\",\"mainEntityOfPage\":{\"@id\":\"https:\\\/\\\/www.quebakan.com\\\/v15\\\/toni-reconocida-como-una-de-las-marcas-mas-influyentes-y-recordadas-en-el-ecuador\\\/\"},\"wordCount\":482,\"publisher\":{\"@id\":\"https:\\\/\\\/www.quebakan.com\\\/v15\\\/#organization\"},\"image\":{\"@id\":\"https:\\\/\\\/www.quebakan.com\\\/v15\\\/toni-reconocida-como-una-de-las-marcas-mas-influyentes-y-recordadas-en-el-ecuador\\\/#primaryimage\"},\"thumbnailUrl\":\"https:\\\/\\\/www.quebakan.com\\\/v15\\\/wp-content\\\/uploads\\\/2024\\\/06\\\/FOTO-RECONOCIMIENTO.jpg\",\"articleSection\":[\"Noticias\"],\"inLanguage\":\"es\"},{\"@type\":\"WebPage\",\"@id\":\"https:\\\/\\\/www.quebakan.com\\\/v15\\\/toni-reconocida-como-una-de-las-marcas-mas-influyentes-y-recordadas-en-el-ecuador\\\/\",\"url\":\"https:\\\/\\\/www.quebakan.com\\\/v15\\\/toni-reconocida-como-una-de-las-marcas-mas-influyentes-y-recordadas-en-el-ecuador\\\/\",\"name\":\"TONI RECONOCIDA COMO UNA DE LAS MARCAS M\u00c1S INFLUYENTES Y RECORDADAS EN EL ECUADOR &#8211; QUEBAKAN.COM 2026: Noticias, Eventos, Conciertos y mucho m\u00e1s....\",\"isPartOf\":{\"@id\":\"https:\\\/\\\/www.quebakan.com\\\/v15\\\/#website\"},\"primaryImageOfPage\":{\"@id\":\"https:\\\/\\\/www.quebakan.com\\\/v15\\\/toni-reconocida-como-una-de-las-marcas-mas-influyentes-y-recordadas-en-el-ecuador\\\/#primaryimage\"},\"image\":{\"@id\":\"https:\\\/\\\/www.quebakan.com\\\/v15\\\/toni-reconocida-como-una-de-las-marcas-mas-influyentes-y-recordadas-en-el-ecuador\\\/#primaryimage\"},\"thumbnailUrl\":\"https:\\\/\\\/www.quebakan.com\\\/v15\\\/wp-content\\\/uploads\\\/2024\\\/06\\\/FOTO-RECONOCIMIENTO.jpg\",\"datePublished\":\"2024-06-29T07:17:44+00:00\",\"dateModified\":\"2024-09-07T20:15:37+00:00\",\"breadcrumb\":{\"@id\":\"https:\\\/\\\/www.quebakan.com\\\/v15\\\/toni-reconocida-como-una-de-las-marcas-mas-influyentes-y-recordadas-en-el-ecuador\\\/#breadcrumb\"},\"inLanguage\":\"es\",\"potentialAction\":[{\"@type\":\"ReadAction\",\"target\":[\"https:\\\/\\\/www.quebakan.com\\\/v15\\\/toni-reconocida-como-una-de-las-marcas-mas-influyentes-y-recordadas-en-el-ecuador\\\/\"]}]},{\"@type\":\"ImageObject\",\"inLanguage\":\"es\",\"@id\":\"https:\\\/\\\/www.quebakan.com\\\/v15\\\/toni-reconocida-como-una-de-las-marcas-mas-influyentes-y-recordadas-en-el-ecuador\\\/#primaryimage\",\"url\":\"https:\\\/\\\/www.quebakan.com\\\/v15\\\/wp-content\\\/uploads\\\/2024\\\/06\\\/FOTO-RECONOCIMIENTO.jpg\",\"contentUrl\":\"https:\\\/\\\/www.quebakan.com\\\/v15\\\/wp-content\\\/uploads\\\/2024\\\/06\\\/FOTO-RECONOCIMIENTO.jpg\",\"width\":700,\"height\":394},{\"@type\":\"BreadcrumbList\",\"@id\":\"https:\\\/\\\/www.quebakan.com\\\/v15\\\/toni-reconocida-como-una-de-las-marcas-mas-influyentes-y-recordadas-en-el-ecuador\\\/#breadcrumb\",\"itemListElement\":[{\"@type\":\"ListItem\",\"position\":1,\"name\":\"Portada\",\"item\":\"https:\\\/\\\/www.quebakan.com\\\/v15\\\/\"},{\"@type\":\"ListItem\",\"position\":2,\"name\":\"TONI RECONOCIDA COMO UNA DE LAS MARCAS M\u00c1S INFLUYENTES Y RECORDADAS EN EL ECUADOR\"}]},{\"@type\":\"WebSite\",\"@id\":\"https:\\\/\\\/www.quebakan.com\\\/v15\\\/#website\",\"url\":\"https:\\\/\\\/www.quebakan.com\\\/v15\\\/\",\"name\":\"QUEBAKAN\",\"description\":\"..\",\"publisher\":{\"@id\":\"https:\\\/\\\/www.quebakan.com\\\/v15\\\/#organization\"},\"potentialAction\":[{\"@type\":\"SearchAction\",\"target\":{\"@type\":\"EntryPoint\",\"urlTemplate\":\"https:\\\/\\\/www.quebakan.com\\\/v15\\\/?s={search_term_string}\"},\"query-input\":{\"@type\":\"PropertyValueSpecification\",\"valueRequired\":true,\"valueName\":\"search_term_string\"}}],\"inLanguage\":\"es\"},{\"@type\":\"Organization\",\"@id\":\"https:\\\/\\\/www.quebakan.com\\\/v15\\\/#organization\",\"name\":\"Quebakan.com\",\"url\":\"https:\\\/\\\/www.quebakan.com\\\/v15\\\/\",\"logo\":{\"@type\":\"ImageObject\",\"inLanguage\":\"es\",\"@id\":\"https:\\\/\\\/www.quebakan.com\\\/v15\\\/#\\\/schema\\\/logo\\\/image\\\/\",\"url\":\"https:\\\/\\\/www.quebakan.com\\\/v15\\\/wp-content\\\/uploads\\\/2023\\\/07\\\/logoquebakanenero2021.jpg\",\"contentUrl\":\"https:\\\/\\\/www.quebakan.com\\\/v15\\\/wp-content\\\/uploads\\\/2023\\\/07\\\/logoquebakanenero2021.jpg\",\"width\":1920,\"height\":1080,\"caption\":\"Quebakan.com\"},\"image\":{\"@id\":\"https:\\\/\\\/www.quebakan.com\\\/v15\\\/#\\\/schema\\\/logo\\\/image\\\/\"},\"sameAs\":[\"http:\\\/\\\/www.facebook.com\\\/quebakan\",\"https:\\\/\\\/x.com\\\/quebakanec\",\"http:\\\/\\\/www.instagram.com\\\/quebakan\",\"http:\\\/\\\/www.youtube.com\\\/quebakan1\"]},{\"@type\":\"Person\",\"@id\":\"https:\\\/\\\/www.quebakan.com\\\/v15\\\/#\\\/schema\\\/person\\\/d90fa9f9cfa81eb8ace9811e5b7b9118\",\"name\":\"Erick Villafuerte\",\"image\":{\"@type\":\"ImageObject\",\"inLanguage\":\"es\",\"@id\":\"https:\\\/\\\/www.quebakan.com\\\/v15\\\/wp-content\\\/uploads\\\/avatars\\\/4\\\/1731297654-bpfull.png\",\"url\":\"https:\\\/\\\/www.quebakan.com\\\/v15\\\/wp-content\\\/uploads\\\/avatars\\\/4\\\/1731297654-bpfull.png\",\"contentUrl\":\"https:\\\/\\\/www.quebakan.com\\\/v15\\\/wp-content\\\/uploads\\\/avatars\\\/4\\\/1731297654-bpfull.png\",\"caption\":\"Erick Villafuerte\"}}]}<\/script>\n<!-- \/ Yoast SEO plugin. -->","yoast_head_json":{"title":"TONI RECONOCIDA COMO UNA DE LAS MARCAS M\u00c1S INFLUYENTES Y RECORDADAS EN EL ECUADOR &#8211; QUEBAKAN.COM 2026: Noticias, Eventos, Conciertos y mucho m\u00e1s....","robots":{"index":"index","follow":"follow","max-snippet":"max-snippet:-1","max-image-preview":"max-image-preview:large","max-video-preview":"max-video-preview:-1"},"canonical":"https:\/\/www.quebakan.com\/v15\/toni-reconocida-como-una-de-las-marcas-mas-influyentes-y-recordadas-en-el-ecuador\/","og_locale":"es_ES","og_type":"article","og_title":"TONI RECONOCIDA COMO UNA DE LAS MARCAS M\u00c1S INFLUYENTES Y RECORDADAS EN EL ECUADOR &#8211; QUEBAKAN.COM 2026: Noticias, Eventos, Conciertos y mucho m\u00e1s....","og_description":"Pie de foto de izquierda a derecha:\u00a0 Jorge Cavagnaro, Editor General de Am\u00e9rica Econom\u00eda, Rosa de la Paz, Gerente de Marketing de Tonicorp, Sofia Sierra, Jefe de Comunicaci\u00f3n Corporativa de Arca Continental junto a Cristina P\u00e1ez, CEO Ipsos Ecuador Quito, 27 de junio 2024.- Tonicorp una empresa de Arca Continental y The Coca-Cola Company bajo [&hellip;]","og_url":"https:\/\/www.quebakan.com\/v15\/toni-reconocida-como-una-de-las-marcas-mas-influyentes-y-recordadas-en-el-ecuador\/","og_site_name":"QUEBAKAN.COM 2026: Noticias, Eventos, Conciertos y mucho m\u00e1s....","article_publisher":"http:\/\/www.facebook.com\/quebakan","article_published_time":"2024-06-29T07:17:44+00:00","article_modified_time":"2024-09-07T20:15:37+00:00","og_image":[{"url":"https:\/\/www.quebakan.com\/v15\/wp-content\/uploads\/2024\/06\/FOTO-RECONOCIMIENTO.jpg","type":"","width":"","height":""}],"author":"Erick Villafuerte","twitter_card":"summary_large_image","twitter_creator":"@quebakanec","twitter_site":"@quebakanec","twitter_misc":{"Escrito por":"Erick Villafuerte","Tiempo de lectura":"3 minutos"},"schema":{"@context":"https:\/\/schema.org","@graph":[{"@type":"Article","@id":"https:\/\/www.quebakan.com\/v15\/toni-reconocida-como-una-de-las-marcas-mas-influyentes-y-recordadas-en-el-ecuador\/#article","isPartOf":{"@id":"https:\/\/www.quebakan.com\/v15\/toni-reconocida-como-una-de-las-marcas-mas-influyentes-y-recordadas-en-el-ecuador\/"},"author":{"name":"Erick Villafuerte","@id":"https:\/\/www.quebakan.com\/v15\/#\/schema\/person\/d90fa9f9cfa81eb8ace9811e5b7b9118"},"headline":"TONI RECONOCIDA COMO UNA DE LAS MARCAS M\u00c1S INFLUYENTES Y RECORDADAS EN EL ECUADOR","datePublished":"2024-06-29T07:17:44+00:00","dateModified":"2024-09-07T20:15:37+00:00","mainEntityOfPage":{"@id":"https:\/\/www.quebakan.com\/v15\/toni-reconocida-como-una-de-las-marcas-mas-influyentes-y-recordadas-en-el-ecuador\/"},"wordCount":482,"publisher":{"@id":"https:\/\/www.quebakan.com\/v15\/#organization"},"image":{"@id":"https:\/\/www.quebakan.com\/v15\/toni-reconocida-como-una-de-las-marcas-mas-influyentes-y-recordadas-en-el-ecuador\/#primaryimage"},"thumbnailUrl":"https:\/\/www.quebakan.com\/v15\/wp-content\/uploads\/2024\/06\/FOTO-RECONOCIMIENTO.jpg","articleSection":["Noticias"],"inLanguage":"es"},{"@type":"WebPage","@id":"https:\/\/www.quebakan.com\/v15\/toni-reconocida-como-una-de-las-marcas-mas-influyentes-y-recordadas-en-el-ecuador\/","url":"https:\/\/www.quebakan.com\/v15\/toni-reconocida-como-una-de-las-marcas-mas-influyentes-y-recordadas-en-el-ecuador\/","name":"TONI RECONOCIDA COMO UNA DE LAS MARCAS M\u00c1S INFLUYENTES Y RECORDADAS EN EL ECUADOR &#8211; QUEBAKAN.COM 2026: Noticias, Eventos, Conciertos y mucho m\u00e1s....","isPartOf":{"@id":"https:\/\/www.quebakan.com\/v15\/#website"},"primaryImageOfPage":{"@id":"https:\/\/www.quebakan.com\/v15\/toni-reconocida-como-una-de-las-marcas-mas-influyentes-y-recordadas-en-el-ecuador\/#primaryimage"},"image":{"@id":"https:\/\/www.quebakan.com\/v15\/toni-reconocida-como-una-de-las-marcas-mas-influyentes-y-recordadas-en-el-ecuador\/#primaryimage"},"thumbnailUrl":"https:\/\/www.quebakan.com\/v15\/wp-content\/uploads\/2024\/06\/FOTO-RECONOCIMIENTO.jpg","datePublished":"2024-06-29T07:17:44+00:00","dateModified":"2024-09-07T20:15:37+00:00","breadcrumb":{"@id":"https:\/\/www.quebakan.com\/v15\/toni-reconocida-como-una-de-las-marcas-mas-influyentes-y-recordadas-en-el-ecuador\/#breadcrumb"},"inLanguage":"es","potentialAction":[{"@type":"ReadAction","target":["https:\/\/www.quebakan.com\/v15\/toni-reconocida-como-una-de-las-marcas-mas-influyentes-y-recordadas-en-el-ecuador\/"]}]},{"@type":"ImageObject","inLanguage":"es","@id":"https:\/\/www.quebakan.com\/v15\/toni-reconocida-como-una-de-las-marcas-mas-influyentes-y-recordadas-en-el-ecuador\/#primaryimage","url":"https:\/\/www.quebakan.com\/v15\/wp-content\/uploads\/2024\/06\/FOTO-RECONOCIMIENTO.jpg","contentUrl":"https:\/\/www.quebakan.com\/v15\/wp-content\/uploads\/2024\/06\/FOTO-RECONOCIMIENTO.jpg","width":700,"height":394},{"@type":"BreadcrumbList","@id":"https:\/\/www.quebakan.com\/v15\/toni-reconocida-como-una-de-las-marcas-mas-influyentes-y-recordadas-en-el-ecuador\/#breadcrumb","itemListElement":[{"@type":"ListItem","position":1,"name":"Portada","item":"https:\/\/www.quebakan.com\/v15\/"},{"@type":"ListItem","position":2,"name":"TONI RECONOCIDA COMO UNA DE LAS MARCAS M\u00c1S INFLUYENTES Y RECORDADAS EN EL ECUADOR"}]},{"@type":"WebSite","@id":"https:\/\/www.quebakan.com\/v15\/#website","url":"https:\/\/www.quebakan.com\/v15\/","name":"QUEBAKAN","description":"..","publisher":{"@id":"https:\/\/www.quebakan.com\/v15\/#organization"},"potentialAction":[{"@type":"SearchAction","target":{"@type":"EntryPoint","urlTemplate":"https:\/\/www.quebakan.com\/v15\/?s={search_term_string}"},"query-input":{"@type":"PropertyValueSpecification","valueRequired":true,"valueName":"search_term_string"}}],"inLanguage":"es"},{"@type":"Organization","@id":"https:\/\/www.quebakan.com\/v15\/#organization","name":"Quebakan.com","url":"https:\/\/www.quebakan.com\/v15\/","logo":{"@type":"ImageObject","inLanguage":"es","@id":"https:\/\/www.quebakan.com\/v15\/#\/schema\/logo\/image\/","url":"https:\/\/www.quebakan.com\/v15\/wp-content\/uploads\/2023\/07\/logoquebakanenero2021.jpg","contentUrl":"https:\/\/www.quebakan.com\/v15\/wp-content\/uploads\/2023\/07\/logoquebakanenero2021.jpg","width":1920,"height":1080,"caption":"Quebakan.com"},"image":{"@id":"https:\/\/www.quebakan.com\/v15\/#\/schema\/logo\/image\/"},"sameAs":["http:\/\/www.facebook.com\/quebakan","https:\/\/x.com\/quebakanec","http:\/\/www.instagram.com\/quebakan","http:\/\/www.youtube.com\/quebakan1"]},{"@type":"Person","@id":"https:\/\/www.quebakan.com\/v15\/#\/schema\/person\/d90fa9f9cfa81eb8ace9811e5b7b9118","name":"Erick Villafuerte","image":{"@type":"ImageObject","inLanguage":"es","@id":"https:\/\/www.quebakan.com\/v15\/wp-content\/uploads\/avatars\/4\/1731297654-bpfull.png","url":"https:\/\/www.quebakan.com\/v15\/wp-content\/uploads\/avatars\/4\/1731297654-bpfull.png","contentUrl":"https:\/\/www.quebakan.com\/v15\/wp-content\/uploads\/avatars\/4\/1731297654-bpfull.png","caption":"Erick Villafuerte"}}]}},"_links":{"self":[{"href":"https:\/\/www.quebakan.com\/v15\/wp-json\/wp\/v2\/posts\/120681","targetHints":{"allow":["GET"]}}],"collection":[{"href":"https:\/\/www.quebakan.com\/v15\/wp-json\/wp\/v2\/posts"}],"about":[{"href":"https:\/\/www.quebakan.com\/v15\/wp-json\/wp\/v2\/types\/post"}],"author":[{"embeddable":true,"href":"https:\/\/www.quebakan.com\/v15\/wp-json\/wp\/v2\/users\/4"}],"replies":[{"embeddable":true,"href":"https:\/\/www.quebakan.com\/v15\/wp-json\/wp\/v2\/comments?post=120681"}],"version-history":[{"count":1,"href":"https:\/\/www.quebakan.com\/v15\/wp-json\/wp\/v2\/posts\/120681\/revisions"}],"predecessor-version":[{"id":120683,"href":"https:\/\/www.quebakan.com\/v15\/wp-json\/wp\/v2\/posts\/120681\/revisions\/120683"}],"wp:attachment":[{"href":"https:\/\/www.quebakan.com\/v15\/wp-json\/wp\/v2\/media?parent=120681"}],"wp:term":[{"taxonomy":"category","embeddable":true,"href":"https:\/\/www.quebakan.com\/v15\/wp-json\/wp\/v2\/categories?post=120681"},{"taxonomy":"post_tag","embeddable":true,"href":"https:\/\/www.quebakan.com\/v15\/wp-json\/wp\/v2\/tags?post=120681"}],"curies":[{"name":"wp","href":"https:\/\/api.w.org\/{rel}","templated":true}]}}