{"id":120690,"date":"2024-06-29T18:08:45","date_gmt":"2024-06-29T23:08:45","guid":{"rendered":"https:\/\/www.quebakan.com\/v15\/?p=120690"},"modified":"2024-09-07T15:15:36","modified_gmt":"2024-09-07T20:15:36","slug":"devolucion-del-iva-pagado-en-proyectos-inmobiliarios","status":"publish","type":"post","link":"https:\/\/www.quebakan.com\/v15\/devolucion-del-iva-pagado-en-proyectos-inmobiliarios\/","title":{"rendered":"DEVOLUCI\u00d3N DEL IVA PAGADO EN PROYECTOS INMOBILIARIOS"},"content":{"rendered":"<p><img fetchpriority=\"high\" decoding=\"async\" class=\"aligncenter size-full wp-image-120691\" src=\"https:\/\/www.quebakan.com\/v15\/wp-content\/uploads\/2024\/06\/img940.jpg\" alt=\"\" width=\"700\" height=\"467\" \/><\/p>\n<p style=\"text-align: justify;\"><span style=\"color: #000000;\"><strong>Ecuador, junio de 2024.- <\/strong>En Ecuador ya se puede solicitar la devoluci\u00f3n del IVA por la construcci\u00f3n o la compra de una vivienda nueva. Para ello, se deben cumplir ciertos requisitos y seguir los pasos establecidos por el Servicio de Rentas Internas (SRI).<\/span><\/p>\n<p style=\"text-align: justify;\"><span style=\"color: #000000;\">Para solicitar la devoluci\u00f3n del IVA, primero se debe llenar el requisito de prevalidaci\u00f3n y posterior presentar una solicitud ante el SRI, adjuntando la documentaci\u00f3n requerida, como la escritura de propiedad, facturas de construcci\u00f3n o compra, entre otros.<\/span><\/p>\n<p style=\"text-align: justify;\"><span style=\"color: #000000;\">En proyectos inmobiliarios de constructoras el l\u00edmite de devoluci\u00f3n es del 6,5% del costo del proyecto y en el caso de vivienda propia el l\u00edmite de devoluci\u00f3n es del 7% del costo final del bien inmueble. En este \u00faltimo, el costo de la vivienda no debe superar los USD 105,340 el equivalente a 229 salarios b\u00e1sicos.<\/span><\/p>\n<p style=\"text-align: justify;\"><span style=\"color: #000000;\">Ricardo Vallejo, gerente comercial de iConta resal<em>ta, \u201ces importante tener en cuenta que el proceso de devoluci\u00f3n del IVA puede llevar tiempo y es recomendable buscar asesor\u00eda profesional para realizar la solicitud de manera adecuada\u201d.<\/em><\/span><\/p>\n<p style=\"text-align: justify;\"><span style=\"color: #000000;\">Para acceder a este beneficio primero los solicitantes deber\u00e1n realizar el proceso de prevalidaci\u00f3n (en la p\u00e1gina web, o ventanilla del SRI). Luego, podr\u00e1 hacer su solicitud en la que se adjuntar\u00e1:<\/span><\/p>\n<ul style=\"text-align: justify;\">\n<li><span style=\"color: #000000;\">Constancia del registro del proyecto inmobiliario.<\/span><\/li>\n<li><span style=\"color: #000000;\">Copia del t\u00edtulo habilitante para la construcci\u00f3n, otorgado por el GAD Municipal.<\/span><\/li>\n<li><span style=\"color: #000000;\">Reporte de prevalidaci\u00f3n de los comprobantes de venta.<\/span><\/li>\n<li><span style=\"color: #000000;\">Listado en el formato publicado en el portal web del SRI, con los comprobantes de venta que soportan el valor total del IVA declarado por concepto de importaci\u00f3n de bienes y demanda de servicios para la construcci\u00f3n de proyecto inmobiliario.<\/span><\/li>\n<\/ul>\n<p style=\"text-align: justify;\"><span style=\"color: #000000;\">Es importante considerar que <em>\u201cla informaci\u00f3n declarada en las solicitudes y sus documentos anexos ser\u00e1n de exclusiva responsabilidad del solicitante. Existir\u00e1n consecuencias administrativas, civiles y\/o penales, por proporcionar informaci\u00f3n inexacta o falsa, que cause perjuicio o induzca a error o enga\u00f1o a la administraci\u00f3n\u201d,<\/em> afirma Vallejo.<\/span><\/p>\n","protected":false},"excerpt":{"rendered":"<p>Ecuador, junio de 2024.- En Ecuador ya se puede solicitar la devoluci\u00f3n del IVA por la construcci\u00f3n o la compra de una vivienda nueva. Para ello, se deben cumplir ciertos requisitos y seguir los pasos establecidos por el Servicio de Rentas Internas (SRI). Para solicitar la devoluci\u00f3n del IVA, primero se debe llenar el requisito [&hellip;]<\/p>\n","protected":false},"author":4,"featured_media":120691,"comment_status":"closed","ping_status":"open","sticky":false,"template":"","format":"standard","meta":{"_bbp_topic_count":0,"_bbp_reply_count":0,"_bbp_total_topic_count":0,"_bbp_total_reply_count":0,"_bbp_voice_count":0,"_bbp_anonymous_reply_count":0,"_bbp_topic_count_hidden":0,"_bbp_reply_count_hidden":0,"_bbp_forum_subforum_count":0,"buzzeditor_post_format":"","footnotes":""},"categories":[2],"tags":[],"class_list":["post-120690","post","type-post","status-publish","format-standard","has-post-thumbnail","hentry","category-noticias"],"yoast_head":"<!-- This site is optimized with the Yoast SEO plugin v27.5 - https:\/\/yoast.com\/product\/yoast-seo-wordpress\/ -->\n<title>DEVOLUCI\u00d3N DEL IVA PAGADO EN PROYECTOS INMOBILIARIOS &#8211; QUEBAKAN.COM 2026: Noticias, Eventos, Conciertos y mucho m\u00e1s....<\/title>\n<meta name=\"robots\" content=\"index, follow, max-snippet:-1, max-image-preview:large, max-video-preview:-1\" \/>\n<link rel=\"canonical\" href=\"https:\/\/www.quebakan.com\/v15\/devolucion-del-iva-pagado-en-proyectos-inmobiliarios\/\" \/>\n<meta property=\"og:locale\" content=\"es_ES\" \/>\n<meta property=\"og:type\" content=\"article\" \/>\n<meta property=\"og:title\" content=\"DEVOLUCI\u00d3N DEL IVA PAGADO EN PROYECTOS INMOBILIARIOS &#8211; QUEBAKAN.COM 2026: Noticias, Eventos, Conciertos y mucho m\u00e1s....\" \/>\n<meta property=\"og:description\" content=\"Ecuador, junio de 2024.- En Ecuador ya se puede solicitar la devoluci\u00f3n del IVA por la construcci\u00f3n o la compra de una vivienda nueva. Para ello, se deben cumplir ciertos requisitos y seguir los pasos establecidos por el Servicio de Rentas Internas (SRI). Para solicitar la devoluci\u00f3n del IVA, primero se debe llenar el requisito [&hellip;]\" \/>\n<meta property=\"og:url\" content=\"https:\/\/www.quebakan.com\/v15\/devolucion-del-iva-pagado-en-proyectos-inmobiliarios\/\" \/>\n<meta property=\"og:site_name\" content=\"QUEBAKAN.COM 2026: Noticias, Eventos, Conciertos y mucho m\u00e1s....\" \/>\n<meta property=\"article:publisher\" content=\"http:\/\/www.facebook.com\/quebakan\" \/>\n<meta property=\"article:published_time\" content=\"2024-06-29T23:08:45+00:00\" \/>\n<meta property=\"article:modified_time\" content=\"2024-09-07T20:15:36+00:00\" \/>\n<meta property=\"og:image\" content=\"https:\/\/www.quebakan.com\/v15\/wp-content\/uploads\/2024\/06\/img940.jpg\" \/>\n\t<meta property=\"og:image:width\" content=\"700\" \/>\n\t<meta property=\"og:image:height\" content=\"467\" \/>\n\t<meta property=\"og:image:type\" content=\"image\/jpeg\" \/>\n<meta name=\"author\" content=\"Erick Villafuerte\" \/>\n<meta name=\"twitter:card\" content=\"summary_large_image\" \/>\n<meta name=\"twitter:creator\" content=\"@quebakanec\" \/>\n<meta name=\"twitter:site\" content=\"@quebakanec\" \/>\n<meta name=\"twitter:label1\" content=\"Escrito por\" \/>\n\t<meta name=\"twitter:data1\" content=\"Erick Villafuerte\" \/>\n\t<meta name=\"twitter:label2\" content=\"Tiempo de lectura\" \/>\n\t<meta name=\"twitter:data2\" content=\"2 minutos\" \/>\n<script type=\"application\/ld+json\" class=\"yoast-schema-graph\">{\"@context\":\"https:\\\/\\\/schema.org\",\"@graph\":[{\"@type\":\"Article\",\"@id\":\"https:\\\/\\\/www.quebakan.com\\\/v15\\\/devolucion-del-iva-pagado-en-proyectos-inmobiliarios\\\/#article\",\"isPartOf\":{\"@id\":\"https:\\\/\\\/www.quebakan.com\\\/v15\\\/devolucion-del-iva-pagado-en-proyectos-inmobiliarios\\\/\"},\"author\":{\"name\":\"Erick Villafuerte\",\"@id\":\"https:\\\/\\\/www.quebakan.com\\\/v15\\\/#\\\/schema\\\/person\\\/d90fa9f9cfa81eb8ace9811e5b7b9118\"},\"headline\":\"DEVOLUCI\u00d3N DEL IVA PAGADO EN PROYECTOS INMOBILIARIOS\",\"datePublished\":\"2024-06-29T23:08:45+00:00\",\"dateModified\":\"2024-09-07T20:15:36+00:00\",\"mainEntityOfPage\":{\"@id\":\"https:\\\/\\\/www.quebakan.com\\\/v15\\\/devolucion-del-iva-pagado-en-proyectos-inmobiliarios\\\/\"},\"wordCount\":348,\"publisher\":{\"@id\":\"https:\\\/\\\/www.quebakan.com\\\/v15\\\/#organization\"},\"image\":{\"@id\":\"https:\\\/\\\/www.quebakan.com\\\/v15\\\/devolucion-del-iva-pagado-en-proyectos-inmobiliarios\\\/#primaryimage\"},\"thumbnailUrl\":\"https:\\\/\\\/www.quebakan.com\\\/v15\\\/wp-content\\\/uploads\\\/2024\\\/06\\\/img940.jpg\",\"articleSection\":[\"Noticias\"],\"inLanguage\":\"es\"},{\"@type\":\"WebPage\",\"@id\":\"https:\\\/\\\/www.quebakan.com\\\/v15\\\/devolucion-del-iva-pagado-en-proyectos-inmobiliarios\\\/\",\"url\":\"https:\\\/\\\/www.quebakan.com\\\/v15\\\/devolucion-del-iva-pagado-en-proyectos-inmobiliarios\\\/\",\"name\":\"DEVOLUCI\u00d3N DEL IVA PAGADO EN PROYECTOS INMOBILIARIOS &#8211; QUEBAKAN.COM 2026: Noticias, Eventos, Conciertos y mucho m\u00e1s....\",\"isPartOf\":{\"@id\":\"https:\\\/\\\/www.quebakan.com\\\/v15\\\/#website\"},\"primaryImageOfPage\":{\"@id\":\"https:\\\/\\\/www.quebakan.com\\\/v15\\\/devolucion-del-iva-pagado-en-proyectos-inmobiliarios\\\/#primaryimage\"},\"image\":{\"@id\":\"https:\\\/\\\/www.quebakan.com\\\/v15\\\/devolucion-del-iva-pagado-en-proyectos-inmobiliarios\\\/#primaryimage\"},\"thumbnailUrl\":\"https:\\\/\\\/www.quebakan.com\\\/v15\\\/wp-content\\\/uploads\\\/2024\\\/06\\\/img940.jpg\",\"datePublished\":\"2024-06-29T23:08:45+00:00\",\"dateModified\":\"2024-09-07T20:15:36+00:00\",\"breadcrumb\":{\"@id\":\"https:\\\/\\\/www.quebakan.com\\\/v15\\\/devolucion-del-iva-pagado-en-proyectos-inmobiliarios\\\/#breadcrumb\"},\"inLanguage\":\"es\",\"potentialAction\":[{\"@type\":\"ReadAction\",\"target\":[\"https:\\\/\\\/www.quebakan.com\\\/v15\\\/devolucion-del-iva-pagado-en-proyectos-inmobiliarios\\\/\"]}]},{\"@type\":\"ImageObject\",\"inLanguage\":\"es\",\"@id\":\"https:\\\/\\\/www.quebakan.com\\\/v15\\\/devolucion-del-iva-pagado-en-proyectos-inmobiliarios\\\/#primaryimage\",\"url\":\"https:\\\/\\\/www.quebakan.com\\\/v15\\\/wp-content\\\/uploads\\\/2024\\\/06\\\/img940.jpg\",\"contentUrl\":\"https:\\\/\\\/www.quebakan.com\\\/v15\\\/wp-content\\\/uploads\\\/2024\\\/06\\\/img940.jpg\",\"width\":700,\"height\":467},{\"@type\":\"BreadcrumbList\",\"@id\":\"https:\\\/\\\/www.quebakan.com\\\/v15\\\/devolucion-del-iva-pagado-en-proyectos-inmobiliarios\\\/#breadcrumb\",\"itemListElement\":[{\"@type\":\"ListItem\",\"position\":1,\"name\":\"Portada\",\"item\":\"https:\\\/\\\/www.quebakan.com\\\/v15\\\/\"},{\"@type\":\"ListItem\",\"position\":2,\"name\":\"DEVOLUCI\u00d3N DEL IVA PAGADO EN PROYECTOS INMOBILIARIOS\"}]},{\"@type\":\"WebSite\",\"@id\":\"https:\\\/\\\/www.quebakan.com\\\/v15\\\/#website\",\"url\":\"https:\\\/\\\/www.quebakan.com\\\/v15\\\/\",\"name\":\"QUEBAKAN\",\"description\":\"..\",\"publisher\":{\"@id\":\"https:\\\/\\\/www.quebakan.com\\\/v15\\\/#organization\"},\"potentialAction\":[{\"@type\":\"SearchAction\",\"target\":{\"@type\":\"EntryPoint\",\"urlTemplate\":\"https:\\\/\\\/www.quebakan.com\\\/v15\\\/?s={search_term_string}\"},\"query-input\":{\"@type\":\"PropertyValueSpecification\",\"valueRequired\":true,\"valueName\":\"search_term_string\"}}],\"inLanguage\":\"es\"},{\"@type\":\"Organization\",\"@id\":\"https:\\\/\\\/www.quebakan.com\\\/v15\\\/#organization\",\"name\":\"Quebakan.com\",\"url\":\"https:\\\/\\\/www.quebakan.com\\\/v15\\\/\",\"logo\":{\"@type\":\"ImageObject\",\"inLanguage\":\"es\",\"@id\":\"https:\\\/\\\/www.quebakan.com\\\/v15\\\/#\\\/schema\\\/logo\\\/image\\\/\",\"url\":\"https:\\\/\\\/www.quebakan.com\\\/v15\\\/wp-content\\\/uploads\\\/2023\\\/07\\\/logoquebakanenero2021.jpg\",\"contentUrl\":\"https:\\\/\\\/www.quebakan.com\\\/v15\\\/wp-content\\\/uploads\\\/2023\\\/07\\\/logoquebakanenero2021.jpg\",\"width\":1920,\"height\":1080,\"caption\":\"Quebakan.com\"},\"image\":{\"@id\":\"https:\\\/\\\/www.quebakan.com\\\/v15\\\/#\\\/schema\\\/logo\\\/image\\\/\"},\"sameAs\":[\"http:\\\/\\\/www.facebook.com\\\/quebakan\",\"https:\\\/\\\/x.com\\\/quebakanec\",\"http:\\\/\\\/www.instagram.com\\\/quebakan\",\"http:\\\/\\\/www.youtube.com\\\/quebakan1\"]},{\"@type\":\"Person\",\"@id\":\"https:\\\/\\\/www.quebakan.com\\\/v15\\\/#\\\/schema\\\/person\\\/d90fa9f9cfa81eb8ace9811e5b7b9118\",\"name\":\"Erick Villafuerte\",\"image\":{\"@type\":\"ImageObject\",\"inLanguage\":\"es\",\"@id\":\"https:\\\/\\\/www.quebakan.com\\\/v15\\\/wp-content\\\/uploads\\\/avatars\\\/4\\\/1731297654-bpfull.png\",\"url\":\"https:\\\/\\\/www.quebakan.com\\\/v15\\\/wp-content\\\/uploads\\\/avatars\\\/4\\\/1731297654-bpfull.png\",\"contentUrl\":\"https:\\\/\\\/www.quebakan.com\\\/v15\\\/wp-content\\\/uploads\\\/avatars\\\/4\\\/1731297654-bpfull.png\",\"caption\":\"Erick Villafuerte\"}}]}<\/script>\n<!-- \/ Yoast SEO plugin. -->","yoast_head_json":{"title":"DEVOLUCI\u00d3N DEL IVA PAGADO EN PROYECTOS INMOBILIARIOS &#8211; QUEBAKAN.COM 2026: Noticias, Eventos, Conciertos y mucho m\u00e1s....","robots":{"index":"index","follow":"follow","max-snippet":"max-snippet:-1","max-image-preview":"max-image-preview:large","max-video-preview":"max-video-preview:-1"},"canonical":"https:\/\/www.quebakan.com\/v15\/devolucion-del-iva-pagado-en-proyectos-inmobiliarios\/","og_locale":"es_ES","og_type":"article","og_title":"DEVOLUCI\u00d3N DEL IVA PAGADO EN PROYECTOS INMOBILIARIOS &#8211; QUEBAKAN.COM 2026: Noticias, Eventos, Conciertos y mucho m\u00e1s....","og_description":"Ecuador, junio de 2024.- En Ecuador ya se puede solicitar la devoluci\u00f3n del IVA por la construcci\u00f3n o la compra de una vivienda nueva. Para ello, se deben cumplir ciertos requisitos y seguir los pasos establecidos por el Servicio de Rentas Internas (SRI). Para solicitar la devoluci\u00f3n del IVA, primero se debe llenar el requisito [&hellip;]","og_url":"https:\/\/www.quebakan.com\/v15\/devolucion-del-iva-pagado-en-proyectos-inmobiliarios\/","og_site_name":"QUEBAKAN.COM 2026: Noticias, Eventos, Conciertos y mucho m\u00e1s....","article_publisher":"http:\/\/www.facebook.com\/quebakan","article_published_time":"2024-06-29T23:08:45+00:00","article_modified_time":"2024-09-07T20:15:36+00:00","og_image":[{"width":700,"height":467,"url":"https:\/\/www.quebakan.com\/v15\/wp-content\/uploads\/2024\/06\/img940.jpg","type":"image\/jpeg"}],"author":"Erick Villafuerte","twitter_card":"summary_large_image","twitter_creator":"@quebakanec","twitter_site":"@quebakanec","twitter_misc":{"Escrito por":"Erick Villafuerte","Tiempo de lectura":"2 minutos"},"schema":{"@context":"https:\/\/schema.org","@graph":[{"@type":"Article","@id":"https:\/\/www.quebakan.com\/v15\/devolucion-del-iva-pagado-en-proyectos-inmobiliarios\/#article","isPartOf":{"@id":"https:\/\/www.quebakan.com\/v15\/devolucion-del-iva-pagado-en-proyectos-inmobiliarios\/"},"author":{"name":"Erick Villafuerte","@id":"https:\/\/www.quebakan.com\/v15\/#\/schema\/person\/d90fa9f9cfa81eb8ace9811e5b7b9118"},"headline":"DEVOLUCI\u00d3N DEL IVA PAGADO EN PROYECTOS INMOBILIARIOS","datePublished":"2024-06-29T23:08:45+00:00","dateModified":"2024-09-07T20:15:36+00:00","mainEntityOfPage":{"@id":"https:\/\/www.quebakan.com\/v15\/devolucion-del-iva-pagado-en-proyectos-inmobiliarios\/"},"wordCount":348,"publisher":{"@id":"https:\/\/www.quebakan.com\/v15\/#organization"},"image":{"@id":"https:\/\/www.quebakan.com\/v15\/devolucion-del-iva-pagado-en-proyectos-inmobiliarios\/#primaryimage"},"thumbnailUrl":"https:\/\/www.quebakan.com\/v15\/wp-content\/uploads\/2024\/06\/img940.jpg","articleSection":["Noticias"],"inLanguage":"es"},{"@type":"WebPage","@id":"https:\/\/www.quebakan.com\/v15\/devolucion-del-iva-pagado-en-proyectos-inmobiliarios\/","url":"https:\/\/www.quebakan.com\/v15\/devolucion-del-iva-pagado-en-proyectos-inmobiliarios\/","name":"DEVOLUCI\u00d3N DEL IVA PAGADO EN PROYECTOS INMOBILIARIOS &#8211; QUEBAKAN.COM 2026: Noticias, Eventos, Conciertos y mucho m\u00e1s....","isPartOf":{"@id":"https:\/\/www.quebakan.com\/v15\/#website"},"primaryImageOfPage":{"@id":"https:\/\/www.quebakan.com\/v15\/devolucion-del-iva-pagado-en-proyectos-inmobiliarios\/#primaryimage"},"image":{"@id":"https:\/\/www.quebakan.com\/v15\/devolucion-del-iva-pagado-en-proyectos-inmobiliarios\/#primaryimage"},"thumbnailUrl":"https:\/\/www.quebakan.com\/v15\/wp-content\/uploads\/2024\/06\/img940.jpg","datePublished":"2024-06-29T23:08:45+00:00","dateModified":"2024-09-07T20:15:36+00:00","breadcrumb":{"@id":"https:\/\/www.quebakan.com\/v15\/devolucion-del-iva-pagado-en-proyectos-inmobiliarios\/#breadcrumb"},"inLanguage":"es","potentialAction":[{"@type":"ReadAction","target":["https:\/\/www.quebakan.com\/v15\/devolucion-del-iva-pagado-en-proyectos-inmobiliarios\/"]}]},{"@type":"ImageObject","inLanguage":"es","@id":"https:\/\/www.quebakan.com\/v15\/devolucion-del-iva-pagado-en-proyectos-inmobiliarios\/#primaryimage","url":"https:\/\/www.quebakan.com\/v15\/wp-content\/uploads\/2024\/06\/img940.jpg","contentUrl":"https:\/\/www.quebakan.com\/v15\/wp-content\/uploads\/2024\/06\/img940.jpg","width":700,"height":467},{"@type":"BreadcrumbList","@id":"https:\/\/www.quebakan.com\/v15\/devolucion-del-iva-pagado-en-proyectos-inmobiliarios\/#breadcrumb","itemListElement":[{"@type":"ListItem","position":1,"name":"Portada","item":"https:\/\/www.quebakan.com\/v15\/"},{"@type":"ListItem","position":2,"name":"DEVOLUCI\u00d3N DEL IVA PAGADO EN PROYECTOS INMOBILIARIOS"}]},{"@type":"WebSite","@id":"https:\/\/www.quebakan.com\/v15\/#website","url":"https:\/\/www.quebakan.com\/v15\/","name":"QUEBAKAN","description":"..","publisher":{"@id":"https:\/\/www.quebakan.com\/v15\/#organization"},"potentialAction":[{"@type":"SearchAction","target":{"@type":"EntryPoint","urlTemplate":"https:\/\/www.quebakan.com\/v15\/?s={search_term_string}"},"query-input":{"@type":"PropertyValueSpecification","valueRequired":true,"valueName":"search_term_string"}}],"inLanguage":"es"},{"@type":"Organization","@id":"https:\/\/www.quebakan.com\/v15\/#organization","name":"Quebakan.com","url":"https:\/\/www.quebakan.com\/v15\/","logo":{"@type":"ImageObject","inLanguage":"es","@id":"https:\/\/www.quebakan.com\/v15\/#\/schema\/logo\/image\/","url":"https:\/\/www.quebakan.com\/v15\/wp-content\/uploads\/2023\/07\/logoquebakanenero2021.jpg","contentUrl":"https:\/\/www.quebakan.com\/v15\/wp-content\/uploads\/2023\/07\/logoquebakanenero2021.jpg","width":1920,"height":1080,"caption":"Quebakan.com"},"image":{"@id":"https:\/\/www.quebakan.com\/v15\/#\/schema\/logo\/image\/"},"sameAs":["http:\/\/www.facebook.com\/quebakan","https:\/\/x.com\/quebakanec","http:\/\/www.instagram.com\/quebakan","http:\/\/www.youtube.com\/quebakan1"]},{"@type":"Person","@id":"https:\/\/www.quebakan.com\/v15\/#\/schema\/person\/d90fa9f9cfa81eb8ace9811e5b7b9118","name":"Erick Villafuerte","image":{"@type":"ImageObject","inLanguage":"es","@id":"https:\/\/www.quebakan.com\/v15\/wp-content\/uploads\/avatars\/4\/1731297654-bpfull.png","url":"https:\/\/www.quebakan.com\/v15\/wp-content\/uploads\/avatars\/4\/1731297654-bpfull.png","contentUrl":"https:\/\/www.quebakan.com\/v15\/wp-content\/uploads\/avatars\/4\/1731297654-bpfull.png","caption":"Erick Villafuerte"}}]}},"_links":{"self":[{"href":"https:\/\/www.quebakan.com\/v15\/wp-json\/wp\/v2\/posts\/120690","targetHints":{"allow":["GET"]}}],"collection":[{"href":"https:\/\/www.quebakan.com\/v15\/wp-json\/wp\/v2\/posts"}],"about":[{"href":"https:\/\/www.quebakan.com\/v15\/wp-json\/wp\/v2\/types\/post"}],"author":[{"embeddable":true,"href":"https:\/\/www.quebakan.com\/v15\/wp-json\/wp\/v2\/users\/4"}],"replies":[{"embeddable":true,"href":"https:\/\/www.quebakan.com\/v15\/wp-json\/wp\/v2\/comments?post=120690"}],"version-history":[{"count":1,"href":"https:\/\/www.quebakan.com\/v15\/wp-json\/wp\/v2\/posts\/120690\/revisions"}],"predecessor-version":[{"id":120692,"href":"https:\/\/www.quebakan.com\/v15\/wp-json\/wp\/v2\/posts\/120690\/revisions\/120692"}],"wp:featuredmedia":[{"embeddable":true,"href":"https:\/\/www.quebakan.com\/v15\/wp-json\/wp\/v2\/media\/120691"}],"wp:attachment":[{"href":"https:\/\/www.quebakan.com\/v15\/wp-json\/wp\/v2\/media?parent=120690"}],"wp:term":[{"taxonomy":"category","embeddable":true,"href":"https:\/\/www.quebakan.com\/v15\/wp-json\/wp\/v2\/categories?post=120690"},{"taxonomy":"post_tag","embeddable":true,"href":"https:\/\/www.quebakan.com\/v15\/wp-json\/wp\/v2\/tags?post=120690"}],"curies":[{"name":"wp","href":"https:\/\/api.w.org\/{rel}","templated":true}]}}