{"id":120693,"date":"2024-06-29T18:45:47","date_gmt":"2024-06-29T23:45:47","guid":{"rendered":"https:\/\/www.quebakan.com\/v15\/?p=120693"},"modified":"2024-09-07T15:15:35","modified_gmt":"2024-09-07T20:15:35","slug":"el-nuevo-ingrediente-de-la-receta-secreta-es-el-sol","status":"publish","type":"post","link":"https:\/\/www.quebakan.com\/v15\/el-nuevo-ingrediente-de-la-receta-secreta-es-el-sol\/","title":{"rendered":"El nuevo ingrediente de la receta secreta es EL SOL"},"content":{"rendered":"<p><img fetchpriority=\"high\" decoding=\"async\" class=\"aligncenter size-full wp-image-120694\" src=\"https:\/\/www.quebakan.com\/v15\/wp-content\/uploads\/2024\/06\/Datos-3.jpg\" alt=\"\" width=\"700\" height=\"394\" \/><\/p>\n<p style=\"text-align: justify;\"><span style=\"color: #000000;\"><strong><em>La marca KFC en Ecuador anunci\u00f3 la segunda etapa de su proyecto global de energ\u00eda limpia.<\/em><\/strong><\/span><\/p>\n<p style=\"text-align: justify;\"><span style=\"color: #000000;\">Marcando un hito hist\u00f3rico en su compromiso con la sostenibilidad y la responsabilidad ambiental, KFC Ecuador presenta la segunda fase de su planta fotovoltaica, el proyecto de autoabastecimiento comercial m\u00e1s grande del pa\u00eds, y el primero en tener una generaci\u00f3n en una ubicaci\u00f3n diferente a su demanda. Con una inversi\u00f3n mayor de USD 2 millones, KFC apuesta a la energ\u00eda fotovoltaica, que es la que transforma de manera limpia y directa la luz solar en electricidad.<\/span><\/p>\n<p style=\"text-align: justify;\"><span style=\"color: #000000;\">Conscientes de la necesidad de reducir la contaminaci\u00f3n y aprovechando las bondades clim\u00e1ticas del pa\u00eds, el Grupo KFC dise\u00f1\u00f3 junto a Solar Team en el 2022 su mayor proyecto de generaci\u00f3n de energ\u00eda solar para autoconsumo, con la implementaci\u00f3n de una central fotovoltaica situada en el Inga Alto; la que desde el 2023 suministra energ\u00eda renovable a la Empresa El\u00e9ctrica Quito, en compensaci\u00f3n y en tiempo real por el consumo de los 13 restaurantes de KFC en la capital, entre ellos: El Inca, Michelena, Cumbay\u00e1, Patria, Carcel\u00e9n, Cotocollao, entre otros.<\/span><\/p>\n<p style=\"text-align: justify;\"><span style=\"color: #000000;\">En la primera fase del proyecto, el impacto en las operaciones diarias se vio reflejado en la reducci\u00f3n de 690 toneladas de CO2 en el primer a\u00f1o, equivalente a plantar 1620 \u00e1rboles; la producci\u00f3n total de las dos plantas fotovoltaicas de 2.79 GWh de energ\u00eda renovable.<\/span><\/p>\n<p style=\"text-align: justify;\"><span style=\"color: #000000;\">Con esta segunda fase, se beneficiar\u00e1n 13 restaurantes adicionales de la cadena, sumando un total de 26 locales, que se van a autoabastecer con la energ\u00eda que se genera a trav\u00e9s de paneles solares, la cual es inagotable y no contamina. Estos locales est\u00e1n ubicados en: Recreo, CCI, San Luis, Quicentro, Santa Mar\u00eda Tumbaco, San Luis PB, Carapungo, El Bosque, Sangolqu\u00ed, Villaflora Santa Mar\u00eda, Super Aki Labrador, San Antonio de Pichincha.<\/span><\/p>\n<p style=\"text-align: justify;\"><span style=\"color: #000000;\">La capacidad instalada adicional de esta segunda etapa de la planta fotovoltaica es de 1.1 MW, sumando un total de 2.5 MW en ambas fases, con 2720 paneles solares adicionales, lo que representa una las acciones sostenibles m\u00e1s importantes que el Grupo KFC Ecuador ha implementado en los \u00faltimos a\u00f1os en sus restaurantes y plantas de producci\u00f3n.\u00a0<\/span><\/p>\n<p style=\"text-align: justify;\"><span style=\"color: #000000;\">Luego de la implementaci\u00f3n total de la segunda fase y evaluaci\u00f3n de su impacto, el Grupo KFC Ecuador tiene a la vista la posibilidad de una tercera fase en la regi\u00f3n de la Costa, expandiendo los beneficios a m\u00e1s establecimientos y contribuyendo a la sostenibilidad y eficiencia energ\u00e9tica a nivel nacional.<\/span><\/p>\n<p style=\"text-align: justify;\"><span style=\"color: #000000;\">Este proyecto va alineado al objetivo de mantener la implementaci\u00f3n de pr\u00e1cticas sostenibles en los pr\u00f3ximos restaurantes que construya KFC Ecuador. Su local emblema, ubicado en el coraz\u00f3n Centro Hist\u00f3rico de Quito, la Plaza de San Francisco, se convirti\u00f3 en el pionero de los restaurantes sostenibles. dise\u00f1ado para aprovechar la energ\u00eda el\u00e9ctrica y reducir el consumo de agua en sus procesos, invirtiendo en equipos de ventilaci\u00f3n mec\u00e1nica no invasiva, iluminaci\u00f3n LED con sensores de movimiento, pantallas de men\u00fa digital de bajo consumo y llaves de agua con control de caudal que reducen el consumo en las operaciones diarias y otras muchas m\u00e1s.<\/span><\/p>\n<p style=\"text-align: justify;\"><span style=\"color: #000000;\">KFC Ecuador asume con \u00e9nfasis su compromiso social y ambiental como una manera de concienciar y fidelizar a su p\u00fablico objetivo de que es posible un mundo m\u00e1s sostenible, manteniendo la esencia e identidad de la marca.<\/span><\/p>\n<p><img decoding=\"async\" class=\"aligncenter size-full wp-image-120695\" src=\"https:\/\/www.quebakan.com\/v15\/wp-content\/uploads\/2024\/06\/BG000009.jpg\" alt=\"\" width=\"700\" height=\"467\" \/><\/p>\n<p>&nbsp;<\/p>\n<p><img decoding=\"async\" class=\"aligncenter size-full wp-image-120696\" src=\"https:\/\/www.quebakan.com\/v15\/wp-content\/uploads\/2024\/06\/Grupo-KFC-KFC.jpg\" alt=\"\" width=\"700\" height=\"467\" \/><\/p>\n","protected":false},"excerpt":{"rendered":"<p>La marca KFC en Ecuador anunci\u00f3 la segunda etapa de su proyecto global de energ\u00eda limpia. Marcando un hito hist\u00f3rico en su compromiso con la sostenibilidad y la responsabilidad ambiental, KFC Ecuador presenta la segunda fase de su planta fotovoltaica, el proyecto de autoabastecimiento comercial m\u00e1s grande del pa\u00eds, y el primero en tener una [&hellip;]<\/p>\n","protected":false},"author":4,"featured_media":120694,"comment_status":"closed","ping_status":"open","sticky":false,"template":"","format":"standard","meta":{"_bbp_topic_count":0,"_bbp_reply_count":0,"_bbp_total_topic_count":0,"_bbp_total_reply_count":0,"_bbp_voice_count":0,"_bbp_anonymous_reply_count":0,"_bbp_topic_count_hidden":0,"_bbp_reply_count_hidden":0,"_bbp_forum_subforum_count":0,"buzzeditor_post_format":"","footnotes":""},"categories":[2],"tags":[],"class_list":["post-120693","post","type-post","status-publish","format-standard","has-post-thumbnail","hentry","category-noticias"],"yoast_head":"<!-- This site is optimized with the Yoast SEO plugin v27.5 - https:\/\/yoast.com\/product\/yoast-seo-wordpress\/ -->\n<title>El nuevo ingrediente de la receta secreta es EL SOL &#8211; QUEBAKAN.COM 2026: Noticias, Eventos, Conciertos y mucho m\u00e1s....<\/title>\n<meta name=\"robots\" content=\"index, follow, max-snippet:-1, max-image-preview:large, max-video-preview:-1\" \/>\n<link rel=\"canonical\" href=\"https:\/\/www.quebakan.com\/v15\/el-nuevo-ingrediente-de-la-receta-secreta-es-el-sol\/\" \/>\n<meta property=\"og:locale\" content=\"es_ES\" \/>\n<meta property=\"og:type\" content=\"article\" \/>\n<meta property=\"og:title\" content=\"El nuevo ingrediente de la receta secreta es EL SOL &#8211; QUEBAKAN.COM 2026: Noticias, Eventos, Conciertos y mucho m\u00e1s....\" \/>\n<meta property=\"og:description\" content=\"La marca KFC en Ecuador anunci\u00f3 la segunda etapa de su proyecto global de energ\u00eda limpia. Marcando un hito hist\u00f3rico en su compromiso con la sostenibilidad y la responsabilidad ambiental, KFC Ecuador presenta la segunda fase de su planta fotovoltaica, el proyecto de autoabastecimiento comercial m\u00e1s grande del pa\u00eds, y el primero en tener una [&hellip;]\" \/>\n<meta property=\"og:url\" content=\"https:\/\/www.quebakan.com\/v15\/el-nuevo-ingrediente-de-la-receta-secreta-es-el-sol\/\" \/>\n<meta property=\"og:site_name\" content=\"QUEBAKAN.COM 2026: Noticias, Eventos, Conciertos y mucho m\u00e1s....\" \/>\n<meta property=\"article:publisher\" content=\"http:\/\/www.facebook.com\/quebakan\" \/>\n<meta property=\"article:published_time\" content=\"2024-06-29T23:45:47+00:00\" \/>\n<meta property=\"article:modified_time\" content=\"2024-09-07T20:15:35+00:00\" \/>\n<meta property=\"og:image\" content=\"https:\/\/www.quebakan.com\/v15\/wp-content\/uploads\/2024\/06\/Datos-3.jpg\" \/>\n\t<meta property=\"og:image:width\" content=\"700\" \/>\n\t<meta property=\"og:image:height\" content=\"394\" \/>\n\t<meta property=\"og:image:type\" content=\"image\/jpeg\" \/>\n<meta name=\"author\" content=\"Erick Villafuerte\" \/>\n<meta name=\"twitter:card\" content=\"summary_large_image\" \/>\n<meta name=\"twitter:creator\" content=\"@quebakanec\" \/>\n<meta name=\"twitter:site\" content=\"@quebakanec\" \/>\n<meta name=\"twitter:label1\" content=\"Escrito por\" \/>\n\t<meta name=\"twitter:data1\" content=\"Erick Villafuerte\" \/>\n\t<meta name=\"twitter:label2\" content=\"Tiempo de lectura\" \/>\n\t<meta name=\"twitter:data2\" content=\"4 minutos\" \/>\n<script type=\"application\/ld+json\" class=\"yoast-schema-graph\">{\"@context\":\"https:\\\/\\\/schema.org\",\"@graph\":[{\"@type\":\"Article\",\"@id\":\"https:\\\/\\\/www.quebakan.com\\\/v15\\\/el-nuevo-ingrediente-de-la-receta-secreta-es-el-sol\\\/#article\",\"isPartOf\":{\"@id\":\"https:\\\/\\\/www.quebakan.com\\\/v15\\\/el-nuevo-ingrediente-de-la-receta-secreta-es-el-sol\\\/\"},\"author\":{\"name\":\"Erick Villafuerte\",\"@id\":\"https:\\\/\\\/www.quebakan.com\\\/v15\\\/#\\\/schema\\\/person\\\/d90fa9f9cfa81eb8ace9811e5b7b9118\"},\"headline\":\"El nuevo ingrediente de la receta secreta es EL SOL\",\"datePublished\":\"2024-06-29T23:45:47+00:00\",\"dateModified\":\"2024-09-07T20:15:35+00:00\",\"mainEntityOfPage\":{\"@id\":\"https:\\\/\\\/www.quebakan.com\\\/v15\\\/el-nuevo-ingrediente-de-la-receta-secreta-es-el-sol\\\/\"},\"wordCount\":595,\"publisher\":{\"@id\":\"https:\\\/\\\/www.quebakan.com\\\/v15\\\/#organization\"},\"image\":{\"@id\":\"https:\\\/\\\/www.quebakan.com\\\/v15\\\/el-nuevo-ingrediente-de-la-receta-secreta-es-el-sol\\\/#primaryimage\"},\"thumbnailUrl\":\"https:\\\/\\\/www.quebakan.com\\\/v15\\\/wp-content\\\/uploads\\\/2024\\\/06\\\/Datos-3.jpg\",\"articleSection\":[\"Noticias\"],\"inLanguage\":\"es\"},{\"@type\":\"WebPage\",\"@id\":\"https:\\\/\\\/www.quebakan.com\\\/v15\\\/el-nuevo-ingrediente-de-la-receta-secreta-es-el-sol\\\/\",\"url\":\"https:\\\/\\\/www.quebakan.com\\\/v15\\\/el-nuevo-ingrediente-de-la-receta-secreta-es-el-sol\\\/\",\"name\":\"El nuevo ingrediente de la receta secreta es EL SOL &#8211; QUEBAKAN.COM 2026: Noticias, Eventos, Conciertos y mucho m\u00e1s....\",\"isPartOf\":{\"@id\":\"https:\\\/\\\/www.quebakan.com\\\/v15\\\/#website\"},\"primaryImageOfPage\":{\"@id\":\"https:\\\/\\\/www.quebakan.com\\\/v15\\\/el-nuevo-ingrediente-de-la-receta-secreta-es-el-sol\\\/#primaryimage\"},\"image\":{\"@id\":\"https:\\\/\\\/www.quebakan.com\\\/v15\\\/el-nuevo-ingrediente-de-la-receta-secreta-es-el-sol\\\/#primaryimage\"},\"thumbnailUrl\":\"https:\\\/\\\/www.quebakan.com\\\/v15\\\/wp-content\\\/uploads\\\/2024\\\/06\\\/Datos-3.jpg\",\"datePublished\":\"2024-06-29T23:45:47+00:00\",\"dateModified\":\"2024-09-07T20:15:35+00:00\",\"breadcrumb\":{\"@id\":\"https:\\\/\\\/www.quebakan.com\\\/v15\\\/el-nuevo-ingrediente-de-la-receta-secreta-es-el-sol\\\/#breadcrumb\"},\"inLanguage\":\"es\",\"potentialAction\":[{\"@type\":\"ReadAction\",\"target\":[\"https:\\\/\\\/www.quebakan.com\\\/v15\\\/el-nuevo-ingrediente-de-la-receta-secreta-es-el-sol\\\/\"]}]},{\"@type\":\"ImageObject\",\"inLanguage\":\"es\",\"@id\":\"https:\\\/\\\/www.quebakan.com\\\/v15\\\/el-nuevo-ingrediente-de-la-receta-secreta-es-el-sol\\\/#primaryimage\",\"url\":\"https:\\\/\\\/www.quebakan.com\\\/v15\\\/wp-content\\\/uploads\\\/2024\\\/06\\\/Datos-3.jpg\",\"contentUrl\":\"https:\\\/\\\/www.quebakan.com\\\/v15\\\/wp-content\\\/uploads\\\/2024\\\/06\\\/Datos-3.jpg\",\"width\":700,\"height\":394},{\"@type\":\"BreadcrumbList\",\"@id\":\"https:\\\/\\\/www.quebakan.com\\\/v15\\\/el-nuevo-ingrediente-de-la-receta-secreta-es-el-sol\\\/#breadcrumb\",\"itemListElement\":[{\"@type\":\"ListItem\",\"position\":1,\"name\":\"Portada\",\"item\":\"https:\\\/\\\/www.quebakan.com\\\/v15\\\/\"},{\"@type\":\"ListItem\",\"position\":2,\"name\":\"El nuevo ingrediente de la receta secreta es EL SOL\"}]},{\"@type\":\"WebSite\",\"@id\":\"https:\\\/\\\/www.quebakan.com\\\/v15\\\/#website\",\"url\":\"https:\\\/\\\/www.quebakan.com\\\/v15\\\/\",\"name\":\"QUEBAKAN\",\"description\":\"..\",\"publisher\":{\"@id\":\"https:\\\/\\\/www.quebakan.com\\\/v15\\\/#organization\"},\"potentialAction\":[{\"@type\":\"SearchAction\",\"target\":{\"@type\":\"EntryPoint\",\"urlTemplate\":\"https:\\\/\\\/www.quebakan.com\\\/v15\\\/?s={search_term_string}\"},\"query-input\":{\"@type\":\"PropertyValueSpecification\",\"valueRequired\":true,\"valueName\":\"search_term_string\"}}],\"inLanguage\":\"es\"},{\"@type\":\"Organization\",\"@id\":\"https:\\\/\\\/www.quebakan.com\\\/v15\\\/#organization\",\"name\":\"Quebakan.com\",\"url\":\"https:\\\/\\\/www.quebakan.com\\\/v15\\\/\",\"logo\":{\"@type\":\"ImageObject\",\"inLanguage\":\"es\",\"@id\":\"https:\\\/\\\/www.quebakan.com\\\/v15\\\/#\\\/schema\\\/logo\\\/image\\\/\",\"url\":\"https:\\\/\\\/www.quebakan.com\\\/v15\\\/wp-content\\\/uploads\\\/2023\\\/07\\\/logoquebakanenero2021.jpg\",\"contentUrl\":\"https:\\\/\\\/www.quebakan.com\\\/v15\\\/wp-content\\\/uploads\\\/2023\\\/07\\\/logoquebakanenero2021.jpg\",\"width\":1920,\"height\":1080,\"caption\":\"Quebakan.com\"},\"image\":{\"@id\":\"https:\\\/\\\/www.quebakan.com\\\/v15\\\/#\\\/schema\\\/logo\\\/image\\\/\"},\"sameAs\":[\"http:\\\/\\\/www.facebook.com\\\/quebakan\",\"https:\\\/\\\/x.com\\\/quebakanec\",\"http:\\\/\\\/www.instagram.com\\\/quebakan\",\"http:\\\/\\\/www.youtube.com\\\/quebakan1\"]},{\"@type\":\"Person\",\"@id\":\"https:\\\/\\\/www.quebakan.com\\\/v15\\\/#\\\/schema\\\/person\\\/d90fa9f9cfa81eb8ace9811e5b7b9118\",\"name\":\"Erick Villafuerte\",\"image\":{\"@type\":\"ImageObject\",\"inLanguage\":\"es\",\"@id\":\"https:\\\/\\\/www.quebakan.com\\\/v15\\\/wp-content\\\/uploads\\\/avatars\\\/4\\\/1731297654-bpfull.png\",\"url\":\"https:\\\/\\\/www.quebakan.com\\\/v15\\\/wp-content\\\/uploads\\\/avatars\\\/4\\\/1731297654-bpfull.png\",\"contentUrl\":\"https:\\\/\\\/www.quebakan.com\\\/v15\\\/wp-content\\\/uploads\\\/avatars\\\/4\\\/1731297654-bpfull.png\",\"caption\":\"Erick Villafuerte\"}}]}<\/script>\n<!-- \/ Yoast SEO plugin. -->","yoast_head_json":{"title":"El nuevo ingrediente de la receta secreta es EL SOL &#8211; QUEBAKAN.COM 2026: Noticias, Eventos, Conciertos y mucho m\u00e1s....","robots":{"index":"index","follow":"follow","max-snippet":"max-snippet:-1","max-image-preview":"max-image-preview:large","max-video-preview":"max-video-preview:-1"},"canonical":"https:\/\/www.quebakan.com\/v15\/el-nuevo-ingrediente-de-la-receta-secreta-es-el-sol\/","og_locale":"es_ES","og_type":"article","og_title":"El nuevo ingrediente de la receta secreta es EL SOL &#8211; QUEBAKAN.COM 2026: Noticias, Eventos, Conciertos y mucho m\u00e1s....","og_description":"La marca KFC en Ecuador anunci\u00f3 la segunda etapa de su proyecto global de energ\u00eda limpia. Marcando un hito hist\u00f3rico en su compromiso con la sostenibilidad y la responsabilidad ambiental, KFC Ecuador presenta la segunda fase de su planta fotovoltaica, el proyecto de autoabastecimiento comercial m\u00e1s grande del pa\u00eds, y el primero en tener una [&hellip;]","og_url":"https:\/\/www.quebakan.com\/v15\/el-nuevo-ingrediente-de-la-receta-secreta-es-el-sol\/","og_site_name":"QUEBAKAN.COM 2026: Noticias, Eventos, Conciertos y mucho m\u00e1s....","article_publisher":"http:\/\/www.facebook.com\/quebakan","article_published_time":"2024-06-29T23:45:47+00:00","article_modified_time":"2024-09-07T20:15:35+00:00","og_image":[{"width":700,"height":394,"url":"https:\/\/www.quebakan.com\/v15\/wp-content\/uploads\/2024\/06\/Datos-3.jpg","type":"image\/jpeg"}],"author":"Erick Villafuerte","twitter_card":"summary_large_image","twitter_creator":"@quebakanec","twitter_site":"@quebakanec","twitter_misc":{"Escrito por":"Erick Villafuerte","Tiempo de lectura":"4 minutos"},"schema":{"@context":"https:\/\/schema.org","@graph":[{"@type":"Article","@id":"https:\/\/www.quebakan.com\/v15\/el-nuevo-ingrediente-de-la-receta-secreta-es-el-sol\/#article","isPartOf":{"@id":"https:\/\/www.quebakan.com\/v15\/el-nuevo-ingrediente-de-la-receta-secreta-es-el-sol\/"},"author":{"name":"Erick Villafuerte","@id":"https:\/\/www.quebakan.com\/v15\/#\/schema\/person\/d90fa9f9cfa81eb8ace9811e5b7b9118"},"headline":"El nuevo ingrediente de la receta secreta es EL SOL","datePublished":"2024-06-29T23:45:47+00:00","dateModified":"2024-09-07T20:15:35+00:00","mainEntityOfPage":{"@id":"https:\/\/www.quebakan.com\/v15\/el-nuevo-ingrediente-de-la-receta-secreta-es-el-sol\/"},"wordCount":595,"publisher":{"@id":"https:\/\/www.quebakan.com\/v15\/#organization"},"image":{"@id":"https:\/\/www.quebakan.com\/v15\/el-nuevo-ingrediente-de-la-receta-secreta-es-el-sol\/#primaryimage"},"thumbnailUrl":"https:\/\/www.quebakan.com\/v15\/wp-content\/uploads\/2024\/06\/Datos-3.jpg","articleSection":["Noticias"],"inLanguage":"es"},{"@type":"WebPage","@id":"https:\/\/www.quebakan.com\/v15\/el-nuevo-ingrediente-de-la-receta-secreta-es-el-sol\/","url":"https:\/\/www.quebakan.com\/v15\/el-nuevo-ingrediente-de-la-receta-secreta-es-el-sol\/","name":"El nuevo ingrediente de la receta secreta es EL SOL &#8211; QUEBAKAN.COM 2026: Noticias, Eventos, Conciertos y mucho m\u00e1s....","isPartOf":{"@id":"https:\/\/www.quebakan.com\/v15\/#website"},"primaryImageOfPage":{"@id":"https:\/\/www.quebakan.com\/v15\/el-nuevo-ingrediente-de-la-receta-secreta-es-el-sol\/#primaryimage"},"image":{"@id":"https:\/\/www.quebakan.com\/v15\/el-nuevo-ingrediente-de-la-receta-secreta-es-el-sol\/#primaryimage"},"thumbnailUrl":"https:\/\/www.quebakan.com\/v15\/wp-content\/uploads\/2024\/06\/Datos-3.jpg","datePublished":"2024-06-29T23:45:47+00:00","dateModified":"2024-09-07T20:15:35+00:00","breadcrumb":{"@id":"https:\/\/www.quebakan.com\/v15\/el-nuevo-ingrediente-de-la-receta-secreta-es-el-sol\/#breadcrumb"},"inLanguage":"es","potentialAction":[{"@type":"ReadAction","target":["https:\/\/www.quebakan.com\/v15\/el-nuevo-ingrediente-de-la-receta-secreta-es-el-sol\/"]}]},{"@type":"ImageObject","inLanguage":"es","@id":"https:\/\/www.quebakan.com\/v15\/el-nuevo-ingrediente-de-la-receta-secreta-es-el-sol\/#primaryimage","url":"https:\/\/www.quebakan.com\/v15\/wp-content\/uploads\/2024\/06\/Datos-3.jpg","contentUrl":"https:\/\/www.quebakan.com\/v15\/wp-content\/uploads\/2024\/06\/Datos-3.jpg","width":700,"height":394},{"@type":"BreadcrumbList","@id":"https:\/\/www.quebakan.com\/v15\/el-nuevo-ingrediente-de-la-receta-secreta-es-el-sol\/#breadcrumb","itemListElement":[{"@type":"ListItem","position":1,"name":"Portada","item":"https:\/\/www.quebakan.com\/v15\/"},{"@type":"ListItem","position":2,"name":"El nuevo ingrediente de la receta secreta es EL SOL"}]},{"@type":"WebSite","@id":"https:\/\/www.quebakan.com\/v15\/#website","url":"https:\/\/www.quebakan.com\/v15\/","name":"QUEBAKAN","description":"..","publisher":{"@id":"https:\/\/www.quebakan.com\/v15\/#organization"},"potentialAction":[{"@type":"SearchAction","target":{"@type":"EntryPoint","urlTemplate":"https:\/\/www.quebakan.com\/v15\/?s={search_term_string}"},"query-input":{"@type":"PropertyValueSpecification","valueRequired":true,"valueName":"search_term_string"}}],"inLanguage":"es"},{"@type":"Organization","@id":"https:\/\/www.quebakan.com\/v15\/#organization","name":"Quebakan.com","url":"https:\/\/www.quebakan.com\/v15\/","logo":{"@type":"ImageObject","inLanguage":"es","@id":"https:\/\/www.quebakan.com\/v15\/#\/schema\/logo\/image\/","url":"https:\/\/www.quebakan.com\/v15\/wp-content\/uploads\/2023\/07\/logoquebakanenero2021.jpg","contentUrl":"https:\/\/www.quebakan.com\/v15\/wp-content\/uploads\/2023\/07\/logoquebakanenero2021.jpg","width":1920,"height":1080,"caption":"Quebakan.com"},"image":{"@id":"https:\/\/www.quebakan.com\/v15\/#\/schema\/logo\/image\/"},"sameAs":["http:\/\/www.facebook.com\/quebakan","https:\/\/x.com\/quebakanec","http:\/\/www.instagram.com\/quebakan","http:\/\/www.youtube.com\/quebakan1"]},{"@type":"Person","@id":"https:\/\/www.quebakan.com\/v15\/#\/schema\/person\/d90fa9f9cfa81eb8ace9811e5b7b9118","name":"Erick Villafuerte","image":{"@type":"ImageObject","inLanguage":"es","@id":"https:\/\/www.quebakan.com\/v15\/wp-content\/uploads\/avatars\/4\/1731297654-bpfull.png","url":"https:\/\/www.quebakan.com\/v15\/wp-content\/uploads\/avatars\/4\/1731297654-bpfull.png","contentUrl":"https:\/\/www.quebakan.com\/v15\/wp-content\/uploads\/avatars\/4\/1731297654-bpfull.png","caption":"Erick Villafuerte"}}]}},"_links":{"self":[{"href":"https:\/\/www.quebakan.com\/v15\/wp-json\/wp\/v2\/posts\/120693","targetHints":{"allow":["GET"]}}],"collection":[{"href":"https:\/\/www.quebakan.com\/v15\/wp-json\/wp\/v2\/posts"}],"about":[{"href":"https:\/\/www.quebakan.com\/v15\/wp-json\/wp\/v2\/types\/post"}],"author":[{"embeddable":true,"href":"https:\/\/www.quebakan.com\/v15\/wp-json\/wp\/v2\/users\/4"}],"replies":[{"embeddable":true,"href":"https:\/\/www.quebakan.com\/v15\/wp-json\/wp\/v2\/comments?post=120693"}],"version-history":[{"count":1,"href":"https:\/\/www.quebakan.com\/v15\/wp-json\/wp\/v2\/posts\/120693\/revisions"}],"predecessor-version":[{"id":120697,"href":"https:\/\/www.quebakan.com\/v15\/wp-json\/wp\/v2\/posts\/120693\/revisions\/120697"}],"wp:featuredmedia":[{"embeddable":true,"href":"https:\/\/www.quebakan.com\/v15\/wp-json\/wp\/v2\/media\/120694"}],"wp:attachment":[{"href":"https:\/\/www.quebakan.com\/v15\/wp-json\/wp\/v2\/media?parent=120693"}],"wp:term":[{"taxonomy":"category","embeddable":true,"href":"https:\/\/www.quebakan.com\/v15\/wp-json\/wp\/v2\/categories?post=120693"},{"taxonomy":"post_tag","embeddable":true,"href":"https:\/\/www.quebakan.com\/v15\/wp-json\/wp\/v2\/tags?post=120693"}],"curies":[{"name":"wp","href":"https:\/\/api.w.org\/{rel}","templated":true}]}}