{"id":120699,"date":"2024-06-29T21:50:10","date_gmt":"2024-06-30T02:50:10","guid":{"rendered":"https:\/\/www.quebakan.com\/v15\/?p=120699"},"modified":"2024-09-07T15:15:35","modified_gmt":"2024-09-07T20:15:35","slug":"bakels-ecuador-renueva-su-certificacion-fssc-22000-y-recibe-reconocimientos-por-sus-practicas-sostenibles","status":"publish","type":"post","link":"https:\/\/www.quebakan.com\/v15\/bakels-ecuador-renueva-su-certificacion-fssc-22000-y-recibe-reconocimientos-por-sus-practicas-sostenibles\/","title":{"rendered":"BAKELS ECUADOR RENUEVA SU CERTIFICACI\u00d3N FSSC 22000 Y RECIBE RECONOCIMIENTOS POR SUS PR\u00c1CTICAS SOSTENIBLES"},"content":{"rendered":"<p><img fetchpriority=\"high\" decoding=\"async\" class=\"aligncenter size-full wp-image-120700\" src=\"https:\/\/www.quebakan.com\/v15\/wp-content\/uploads\/2024\/06\/FOTO-OFICIAL-BAKELS.jpg\" alt=\"\" width=\"700\" height=\"448\" \/><\/p>\n<p style=\"text-align: justify;\"><span style=\"color: #000000;\"><strong>Quito, junio de 2024 <\/strong>&#8211; Bakels, empresa l\u00edder en la industria alimentaria ecuatoriana con 120 a\u00f1os de trayectoria en la producci\u00f3n y comercializaci\u00f3n de insumos para panader\u00eda y pasteler\u00eda, renueva su certificaci\u00f3n FSSC 22000. Adem\u00e1s, ha obtenido la certificaci\u00f3n SMETA y ha sido galardonada con el Incentivo Honor\u00edfico \u201cDistintivo Iniciativa Verde para Actividades que Apoyan a la Gesti\u00f3n Ambiental\u201d por su proyecto innovador \u201cReciSacos por el Ministerio del Ambiente, Agua y Transici\u00f3n Ecol\u00f3gica.<\/span><\/p>\n<p style=\"text-align: justify;\"><span style=\"color: #000000;\">La certificaci\u00f3n FSSC 22000, desarrollada por la Foundation for Food Safety Certification y reconocida por la Iniciativa Global de Seguridad Alimentaria (GFSI), asegura el control riguroso de los riesgos de seguridad alimentaria, facilitando un sistema que identifica, controla y minimiza dichos riesgos, garantizando as\u00ed la producci\u00f3n de productos seguros, solo 114 empresas en Ecuador han sido certificadas con FSSC 22000 se destaca como una de las pocas organizaciones en el pa\u00eds que cumplen con este riguroso est\u00e1ndar.<\/span><\/p>\n<p style=\"text-align: justify;\"><span style=\"color: #000000;\">Asimismo, obtuvo SMETA, auditor\u00eda realizada por compa\u00f1\u00edas de auditores aprobadas por SEDEX, permite comprender y mejorar los est\u00e1ndares de trabajo, salud y seguridad, desempe\u00f1o ambiental y \u00e9tica dentro de sus operaciones. Esta auditor\u00eda est\u00e1 dise\u00f1ada para proteger a los trabajadores de condiciones inseguras, exceso de trabajo, discriminaci\u00f3n, bajos salarios y trabajo forzoso.<\/span><\/p>\n<p style=\"text-align: justify;\"><span style=\"color: #000000;\"><em>\u00abEstamos muy orgullosos de contar con estas certificaciones y reconocimientos los cuales son testimonios del arduo trabajo y dedicaci\u00f3n de todo nuestro equipo para garantizar la calidad, inocuidad y seguridad de nuestros productos, as\u00ed como nuestro compromiso con los consumidores a trav\u00e9s de la implementaci\u00f3n de buenas pr\u00e1cticas sostenibles que protegen el medio ambiente\u00bb, <\/em>afirmo Cristina Caicedo, Gerente General de Bakels en Ecuador,<\/span><\/p>\n<p style=\"text-align: justify;\"><span style=\"color: #000000;\">Por otro lado, ha sido galardonada por el Ministerio del Ambiente, Agua y Transici\u00f3n Ecol\u00f3gica con el Incentivo Honor\u00edfico \u201cDistintivo Iniciativa Verde para Actividades que Apoyan a la Gesti\u00f3n Ambiental\u201d por su proyecto \u201cReciSacos \u2013 Reduciendo la huella de polipropileno\u201d. Este proyecto ha alcanzado un hito significativo al reducir en un 88.88% el uso de fundas pl\u00e1sticas en el \u00e1rea de producci\u00f3n desde el a\u00f1o 2020, lo que equivale a una reducci\u00f3n de 4,000 unidades de fundas pl\u00e1sticas. Estas acciones reflejan el firme compromiso con la sostenibilidad y la protecci\u00f3n del medio ambiente.<\/span><\/p>\n<p style=\"text-align: justify;\"><span style=\"color: #000000;\">Con estos importantes logros, Bakels contin\u00faa liderando el camino en la industria alimentaria ecuatoriana, reafirmando su compromiso con la excelencia, la seguridad alimentaria y la sostenibilidad.<\/span><\/p>\n","protected":false},"excerpt":{"rendered":"<p>Quito, junio de 2024 &#8211; Bakels, empresa l\u00edder en la industria alimentaria ecuatoriana con 120 a\u00f1os de trayectoria en la producci\u00f3n y comercializaci\u00f3n de insumos para panader\u00eda y pasteler\u00eda, renueva su certificaci\u00f3n FSSC 22000. Adem\u00e1s, ha obtenido la certificaci\u00f3n SMETA y ha sido galardonada con el Incentivo Honor\u00edfico \u201cDistintivo Iniciativa Verde para Actividades que Apoyan [&hellip;]<\/p>\n","protected":false},"author":4,"featured_media":120700,"comment_status":"closed","ping_status":"open","sticky":false,"template":"","format":"standard","meta":{"_bbp_topic_count":0,"_bbp_reply_count":0,"_bbp_total_topic_count":0,"_bbp_total_reply_count":0,"_bbp_voice_count":0,"_bbp_anonymous_reply_count":0,"_bbp_topic_count_hidden":0,"_bbp_reply_count_hidden":0,"_bbp_forum_subforum_count":0,"buzzeditor_post_format":"","footnotes":""},"categories":[2],"tags":[],"class_list":["post-120699","post","type-post","status-publish","format-standard","has-post-thumbnail","hentry","category-noticias"],"yoast_head":"<!-- This site is optimized with the Yoast SEO plugin v27.5 - https:\/\/yoast.com\/product\/yoast-seo-wordpress\/ -->\n<title>BAKELS ECUADOR RENUEVA SU CERTIFICACI\u00d3N FSSC 22000 Y RECIBE RECONOCIMIENTOS POR SUS PR\u00c1CTICAS SOSTENIBLES &#8211; QUEBAKAN.COM 2026: Noticias, Eventos, Conciertos y mucho m\u00e1s....<\/title>\n<meta name=\"robots\" content=\"index, follow, max-snippet:-1, max-image-preview:large, max-video-preview:-1\" \/>\n<link rel=\"canonical\" href=\"https:\/\/www.quebakan.com\/v15\/bakels-ecuador-renueva-su-certificacion-fssc-22000-y-recibe-reconocimientos-por-sus-practicas-sostenibles\/\" \/>\n<meta property=\"og:locale\" content=\"es_ES\" \/>\n<meta property=\"og:type\" content=\"article\" \/>\n<meta property=\"og:title\" content=\"BAKELS ECUADOR RENUEVA SU CERTIFICACI\u00d3N FSSC 22000 Y RECIBE RECONOCIMIENTOS POR SUS PR\u00c1CTICAS SOSTENIBLES &#8211; QUEBAKAN.COM 2026: Noticias, Eventos, Conciertos y mucho m\u00e1s....\" \/>\n<meta property=\"og:description\" content=\"Quito, junio de 2024 &#8211; Bakels, empresa l\u00edder en la industria alimentaria ecuatoriana con 120 a\u00f1os de trayectoria en la producci\u00f3n y comercializaci\u00f3n de insumos para panader\u00eda y pasteler\u00eda, renueva su certificaci\u00f3n FSSC 22000. Adem\u00e1s, ha obtenido la certificaci\u00f3n SMETA y ha sido galardonada con el Incentivo Honor\u00edfico \u201cDistintivo Iniciativa Verde para Actividades que Apoyan [&hellip;]\" \/>\n<meta property=\"og:url\" content=\"https:\/\/www.quebakan.com\/v15\/bakels-ecuador-renueva-su-certificacion-fssc-22000-y-recibe-reconocimientos-por-sus-practicas-sostenibles\/\" \/>\n<meta property=\"og:site_name\" content=\"QUEBAKAN.COM 2026: Noticias, Eventos, Conciertos y mucho m\u00e1s....\" \/>\n<meta property=\"article:publisher\" content=\"http:\/\/www.facebook.com\/quebakan\" \/>\n<meta property=\"article:published_time\" content=\"2024-06-30T02:50:10+00:00\" \/>\n<meta property=\"article:modified_time\" content=\"2024-09-07T20:15:35+00:00\" \/>\n<meta property=\"og:image\" content=\"https:\/\/www.quebakan.com\/v15\/wp-content\/uploads\/2024\/06\/FOTO-OFICIAL-BAKELS.jpg\" \/>\n\t<meta property=\"og:image:width\" content=\"700\" \/>\n\t<meta property=\"og:image:height\" content=\"448\" \/>\n\t<meta property=\"og:image:type\" content=\"image\/jpeg\" \/>\n<meta name=\"author\" content=\"Erick Villafuerte\" \/>\n<meta name=\"twitter:card\" content=\"summary_large_image\" \/>\n<meta name=\"twitter:creator\" content=\"@quebakanec\" \/>\n<meta name=\"twitter:site\" content=\"@quebakanec\" \/>\n<meta name=\"twitter:label1\" content=\"Escrito por\" \/>\n\t<meta name=\"twitter:data1\" content=\"Erick Villafuerte\" \/>\n\t<meta name=\"twitter:label2\" content=\"Tiempo de lectura\" \/>\n\t<meta name=\"twitter:data2\" content=\"3 minutos\" \/>\n<script type=\"application\/ld+json\" class=\"yoast-schema-graph\">{\"@context\":\"https:\\\/\\\/schema.org\",\"@graph\":[{\"@type\":\"Article\",\"@id\":\"https:\\\/\\\/www.quebakan.com\\\/v15\\\/bakels-ecuador-renueva-su-certificacion-fssc-22000-y-recibe-reconocimientos-por-sus-practicas-sostenibles\\\/#article\",\"isPartOf\":{\"@id\":\"https:\\\/\\\/www.quebakan.com\\\/v15\\\/bakels-ecuador-renueva-su-certificacion-fssc-22000-y-recibe-reconocimientos-por-sus-practicas-sostenibles\\\/\"},\"author\":{\"name\":\"Erick Villafuerte\",\"@id\":\"https:\\\/\\\/www.quebakan.com\\\/v15\\\/#\\\/schema\\\/person\\\/d90fa9f9cfa81eb8ace9811e5b7b9118\"},\"headline\":\"BAKELS ECUADOR RENUEVA SU CERTIFICACI\u00d3N FSSC 22000 Y RECIBE RECONOCIMIENTOS POR SUS PR\u00c1CTICAS SOSTENIBLES\",\"datePublished\":\"2024-06-30T02:50:10+00:00\",\"dateModified\":\"2024-09-07T20:15:35+00:00\",\"mainEntityOfPage\":{\"@id\":\"https:\\\/\\\/www.quebakan.com\\\/v15\\\/bakels-ecuador-renueva-su-certificacion-fssc-22000-y-recibe-reconocimientos-por-sus-practicas-sostenibles\\\/\"},\"wordCount\":428,\"publisher\":{\"@id\":\"https:\\\/\\\/www.quebakan.com\\\/v15\\\/#organization\"},\"image\":{\"@id\":\"https:\\\/\\\/www.quebakan.com\\\/v15\\\/bakels-ecuador-renueva-su-certificacion-fssc-22000-y-recibe-reconocimientos-por-sus-practicas-sostenibles\\\/#primaryimage\"},\"thumbnailUrl\":\"https:\\\/\\\/www.quebakan.com\\\/v15\\\/wp-content\\\/uploads\\\/2024\\\/06\\\/FOTO-OFICIAL-BAKELS.jpg\",\"articleSection\":[\"Noticias\"],\"inLanguage\":\"es\"},{\"@type\":\"WebPage\",\"@id\":\"https:\\\/\\\/www.quebakan.com\\\/v15\\\/bakels-ecuador-renueva-su-certificacion-fssc-22000-y-recibe-reconocimientos-por-sus-practicas-sostenibles\\\/\",\"url\":\"https:\\\/\\\/www.quebakan.com\\\/v15\\\/bakels-ecuador-renueva-su-certificacion-fssc-22000-y-recibe-reconocimientos-por-sus-practicas-sostenibles\\\/\",\"name\":\"BAKELS ECUADOR RENUEVA SU CERTIFICACI\u00d3N FSSC 22000 Y RECIBE RECONOCIMIENTOS POR SUS PR\u00c1CTICAS SOSTENIBLES &#8211; QUEBAKAN.COM 2026: Noticias, Eventos, Conciertos y mucho m\u00e1s....\",\"isPartOf\":{\"@id\":\"https:\\\/\\\/www.quebakan.com\\\/v15\\\/#website\"},\"primaryImageOfPage\":{\"@id\":\"https:\\\/\\\/www.quebakan.com\\\/v15\\\/bakels-ecuador-renueva-su-certificacion-fssc-22000-y-recibe-reconocimientos-por-sus-practicas-sostenibles\\\/#primaryimage\"},\"image\":{\"@id\":\"https:\\\/\\\/www.quebakan.com\\\/v15\\\/bakels-ecuador-renueva-su-certificacion-fssc-22000-y-recibe-reconocimientos-por-sus-practicas-sostenibles\\\/#primaryimage\"},\"thumbnailUrl\":\"https:\\\/\\\/www.quebakan.com\\\/v15\\\/wp-content\\\/uploads\\\/2024\\\/06\\\/FOTO-OFICIAL-BAKELS.jpg\",\"datePublished\":\"2024-06-30T02:50:10+00:00\",\"dateModified\":\"2024-09-07T20:15:35+00:00\",\"breadcrumb\":{\"@id\":\"https:\\\/\\\/www.quebakan.com\\\/v15\\\/bakels-ecuador-renueva-su-certificacion-fssc-22000-y-recibe-reconocimientos-por-sus-practicas-sostenibles\\\/#breadcrumb\"},\"inLanguage\":\"es\",\"potentialAction\":[{\"@type\":\"ReadAction\",\"target\":[\"https:\\\/\\\/www.quebakan.com\\\/v15\\\/bakels-ecuador-renueva-su-certificacion-fssc-22000-y-recibe-reconocimientos-por-sus-practicas-sostenibles\\\/\"]}]},{\"@type\":\"ImageObject\",\"inLanguage\":\"es\",\"@id\":\"https:\\\/\\\/www.quebakan.com\\\/v15\\\/bakels-ecuador-renueva-su-certificacion-fssc-22000-y-recibe-reconocimientos-por-sus-practicas-sostenibles\\\/#primaryimage\",\"url\":\"https:\\\/\\\/www.quebakan.com\\\/v15\\\/wp-content\\\/uploads\\\/2024\\\/06\\\/FOTO-OFICIAL-BAKELS.jpg\",\"contentUrl\":\"https:\\\/\\\/www.quebakan.com\\\/v15\\\/wp-content\\\/uploads\\\/2024\\\/06\\\/FOTO-OFICIAL-BAKELS.jpg\",\"width\":700,\"height\":448},{\"@type\":\"BreadcrumbList\",\"@id\":\"https:\\\/\\\/www.quebakan.com\\\/v15\\\/bakels-ecuador-renueva-su-certificacion-fssc-22000-y-recibe-reconocimientos-por-sus-practicas-sostenibles\\\/#breadcrumb\",\"itemListElement\":[{\"@type\":\"ListItem\",\"position\":1,\"name\":\"Portada\",\"item\":\"https:\\\/\\\/www.quebakan.com\\\/v15\\\/\"},{\"@type\":\"ListItem\",\"position\":2,\"name\":\"BAKELS ECUADOR RENUEVA SU CERTIFICACI\u00d3N FSSC 22000 Y RECIBE RECONOCIMIENTOS POR SUS PR\u00c1CTICAS SOSTENIBLES\"}]},{\"@type\":\"WebSite\",\"@id\":\"https:\\\/\\\/www.quebakan.com\\\/v15\\\/#website\",\"url\":\"https:\\\/\\\/www.quebakan.com\\\/v15\\\/\",\"name\":\"QUEBAKAN\",\"description\":\"..\",\"publisher\":{\"@id\":\"https:\\\/\\\/www.quebakan.com\\\/v15\\\/#organization\"},\"potentialAction\":[{\"@type\":\"SearchAction\",\"target\":{\"@type\":\"EntryPoint\",\"urlTemplate\":\"https:\\\/\\\/www.quebakan.com\\\/v15\\\/?s={search_term_string}\"},\"query-input\":{\"@type\":\"PropertyValueSpecification\",\"valueRequired\":true,\"valueName\":\"search_term_string\"}}],\"inLanguage\":\"es\"},{\"@type\":\"Organization\",\"@id\":\"https:\\\/\\\/www.quebakan.com\\\/v15\\\/#organization\",\"name\":\"Quebakan.com\",\"url\":\"https:\\\/\\\/www.quebakan.com\\\/v15\\\/\",\"logo\":{\"@type\":\"ImageObject\",\"inLanguage\":\"es\",\"@id\":\"https:\\\/\\\/www.quebakan.com\\\/v15\\\/#\\\/schema\\\/logo\\\/image\\\/\",\"url\":\"https:\\\/\\\/www.quebakan.com\\\/v15\\\/wp-content\\\/uploads\\\/2023\\\/07\\\/logoquebakanenero2021.jpg\",\"contentUrl\":\"https:\\\/\\\/www.quebakan.com\\\/v15\\\/wp-content\\\/uploads\\\/2023\\\/07\\\/logoquebakanenero2021.jpg\",\"width\":1920,\"height\":1080,\"caption\":\"Quebakan.com\"},\"image\":{\"@id\":\"https:\\\/\\\/www.quebakan.com\\\/v15\\\/#\\\/schema\\\/logo\\\/image\\\/\"},\"sameAs\":[\"http:\\\/\\\/www.facebook.com\\\/quebakan\",\"https:\\\/\\\/x.com\\\/quebakanec\",\"http:\\\/\\\/www.instagram.com\\\/quebakan\",\"http:\\\/\\\/www.youtube.com\\\/quebakan1\"]},{\"@type\":\"Person\",\"@id\":\"https:\\\/\\\/www.quebakan.com\\\/v15\\\/#\\\/schema\\\/person\\\/d90fa9f9cfa81eb8ace9811e5b7b9118\",\"name\":\"Erick Villafuerte\",\"image\":{\"@type\":\"ImageObject\",\"inLanguage\":\"es\",\"@id\":\"https:\\\/\\\/www.quebakan.com\\\/v15\\\/wp-content\\\/uploads\\\/avatars\\\/4\\\/1731297654-bpfull.png\",\"url\":\"https:\\\/\\\/www.quebakan.com\\\/v15\\\/wp-content\\\/uploads\\\/avatars\\\/4\\\/1731297654-bpfull.png\",\"contentUrl\":\"https:\\\/\\\/www.quebakan.com\\\/v15\\\/wp-content\\\/uploads\\\/avatars\\\/4\\\/1731297654-bpfull.png\",\"caption\":\"Erick Villafuerte\"}}]}<\/script>\n<!-- \/ Yoast SEO plugin. -->","yoast_head_json":{"title":"BAKELS ECUADOR RENUEVA SU CERTIFICACI\u00d3N FSSC 22000 Y RECIBE RECONOCIMIENTOS POR SUS PR\u00c1CTICAS SOSTENIBLES &#8211; QUEBAKAN.COM 2026: Noticias, Eventos, Conciertos y mucho m\u00e1s....","robots":{"index":"index","follow":"follow","max-snippet":"max-snippet:-1","max-image-preview":"max-image-preview:large","max-video-preview":"max-video-preview:-1"},"canonical":"https:\/\/www.quebakan.com\/v15\/bakels-ecuador-renueva-su-certificacion-fssc-22000-y-recibe-reconocimientos-por-sus-practicas-sostenibles\/","og_locale":"es_ES","og_type":"article","og_title":"BAKELS ECUADOR RENUEVA SU CERTIFICACI\u00d3N FSSC 22000 Y RECIBE RECONOCIMIENTOS POR SUS PR\u00c1CTICAS SOSTENIBLES &#8211; QUEBAKAN.COM 2026: Noticias, Eventos, Conciertos y mucho m\u00e1s....","og_description":"Quito, junio de 2024 &#8211; Bakels, empresa l\u00edder en la industria alimentaria ecuatoriana con 120 a\u00f1os de trayectoria en la producci\u00f3n y comercializaci\u00f3n de insumos para panader\u00eda y pasteler\u00eda, renueva su certificaci\u00f3n FSSC 22000. Adem\u00e1s, ha obtenido la certificaci\u00f3n SMETA y ha sido galardonada con el Incentivo Honor\u00edfico \u201cDistintivo Iniciativa Verde para Actividades que Apoyan [&hellip;]","og_url":"https:\/\/www.quebakan.com\/v15\/bakels-ecuador-renueva-su-certificacion-fssc-22000-y-recibe-reconocimientos-por-sus-practicas-sostenibles\/","og_site_name":"QUEBAKAN.COM 2026: Noticias, Eventos, Conciertos y mucho m\u00e1s....","article_publisher":"http:\/\/www.facebook.com\/quebakan","article_published_time":"2024-06-30T02:50:10+00:00","article_modified_time":"2024-09-07T20:15:35+00:00","og_image":[{"width":700,"height":448,"url":"https:\/\/www.quebakan.com\/v15\/wp-content\/uploads\/2024\/06\/FOTO-OFICIAL-BAKELS.jpg","type":"image\/jpeg"}],"author":"Erick Villafuerte","twitter_card":"summary_large_image","twitter_creator":"@quebakanec","twitter_site":"@quebakanec","twitter_misc":{"Escrito por":"Erick Villafuerte","Tiempo de lectura":"3 minutos"},"schema":{"@context":"https:\/\/schema.org","@graph":[{"@type":"Article","@id":"https:\/\/www.quebakan.com\/v15\/bakels-ecuador-renueva-su-certificacion-fssc-22000-y-recibe-reconocimientos-por-sus-practicas-sostenibles\/#article","isPartOf":{"@id":"https:\/\/www.quebakan.com\/v15\/bakels-ecuador-renueva-su-certificacion-fssc-22000-y-recibe-reconocimientos-por-sus-practicas-sostenibles\/"},"author":{"name":"Erick Villafuerte","@id":"https:\/\/www.quebakan.com\/v15\/#\/schema\/person\/d90fa9f9cfa81eb8ace9811e5b7b9118"},"headline":"BAKELS ECUADOR RENUEVA SU CERTIFICACI\u00d3N FSSC 22000 Y RECIBE RECONOCIMIENTOS POR SUS PR\u00c1CTICAS SOSTENIBLES","datePublished":"2024-06-30T02:50:10+00:00","dateModified":"2024-09-07T20:15:35+00:00","mainEntityOfPage":{"@id":"https:\/\/www.quebakan.com\/v15\/bakels-ecuador-renueva-su-certificacion-fssc-22000-y-recibe-reconocimientos-por-sus-practicas-sostenibles\/"},"wordCount":428,"publisher":{"@id":"https:\/\/www.quebakan.com\/v15\/#organization"},"image":{"@id":"https:\/\/www.quebakan.com\/v15\/bakels-ecuador-renueva-su-certificacion-fssc-22000-y-recibe-reconocimientos-por-sus-practicas-sostenibles\/#primaryimage"},"thumbnailUrl":"https:\/\/www.quebakan.com\/v15\/wp-content\/uploads\/2024\/06\/FOTO-OFICIAL-BAKELS.jpg","articleSection":["Noticias"],"inLanguage":"es"},{"@type":"WebPage","@id":"https:\/\/www.quebakan.com\/v15\/bakels-ecuador-renueva-su-certificacion-fssc-22000-y-recibe-reconocimientos-por-sus-practicas-sostenibles\/","url":"https:\/\/www.quebakan.com\/v15\/bakels-ecuador-renueva-su-certificacion-fssc-22000-y-recibe-reconocimientos-por-sus-practicas-sostenibles\/","name":"BAKELS ECUADOR RENUEVA SU CERTIFICACI\u00d3N FSSC 22000 Y RECIBE RECONOCIMIENTOS POR SUS PR\u00c1CTICAS SOSTENIBLES &#8211; QUEBAKAN.COM 2026: Noticias, Eventos, Conciertos y mucho m\u00e1s....","isPartOf":{"@id":"https:\/\/www.quebakan.com\/v15\/#website"},"primaryImageOfPage":{"@id":"https:\/\/www.quebakan.com\/v15\/bakels-ecuador-renueva-su-certificacion-fssc-22000-y-recibe-reconocimientos-por-sus-practicas-sostenibles\/#primaryimage"},"image":{"@id":"https:\/\/www.quebakan.com\/v15\/bakels-ecuador-renueva-su-certificacion-fssc-22000-y-recibe-reconocimientos-por-sus-practicas-sostenibles\/#primaryimage"},"thumbnailUrl":"https:\/\/www.quebakan.com\/v15\/wp-content\/uploads\/2024\/06\/FOTO-OFICIAL-BAKELS.jpg","datePublished":"2024-06-30T02:50:10+00:00","dateModified":"2024-09-07T20:15:35+00:00","breadcrumb":{"@id":"https:\/\/www.quebakan.com\/v15\/bakels-ecuador-renueva-su-certificacion-fssc-22000-y-recibe-reconocimientos-por-sus-practicas-sostenibles\/#breadcrumb"},"inLanguage":"es","potentialAction":[{"@type":"ReadAction","target":["https:\/\/www.quebakan.com\/v15\/bakels-ecuador-renueva-su-certificacion-fssc-22000-y-recibe-reconocimientos-por-sus-practicas-sostenibles\/"]}]},{"@type":"ImageObject","inLanguage":"es","@id":"https:\/\/www.quebakan.com\/v15\/bakels-ecuador-renueva-su-certificacion-fssc-22000-y-recibe-reconocimientos-por-sus-practicas-sostenibles\/#primaryimage","url":"https:\/\/www.quebakan.com\/v15\/wp-content\/uploads\/2024\/06\/FOTO-OFICIAL-BAKELS.jpg","contentUrl":"https:\/\/www.quebakan.com\/v15\/wp-content\/uploads\/2024\/06\/FOTO-OFICIAL-BAKELS.jpg","width":700,"height":448},{"@type":"BreadcrumbList","@id":"https:\/\/www.quebakan.com\/v15\/bakels-ecuador-renueva-su-certificacion-fssc-22000-y-recibe-reconocimientos-por-sus-practicas-sostenibles\/#breadcrumb","itemListElement":[{"@type":"ListItem","position":1,"name":"Portada","item":"https:\/\/www.quebakan.com\/v15\/"},{"@type":"ListItem","position":2,"name":"BAKELS ECUADOR RENUEVA SU CERTIFICACI\u00d3N FSSC 22000 Y RECIBE RECONOCIMIENTOS POR SUS PR\u00c1CTICAS SOSTENIBLES"}]},{"@type":"WebSite","@id":"https:\/\/www.quebakan.com\/v15\/#website","url":"https:\/\/www.quebakan.com\/v15\/","name":"QUEBAKAN","description":"..","publisher":{"@id":"https:\/\/www.quebakan.com\/v15\/#organization"},"potentialAction":[{"@type":"SearchAction","target":{"@type":"EntryPoint","urlTemplate":"https:\/\/www.quebakan.com\/v15\/?s={search_term_string}"},"query-input":{"@type":"PropertyValueSpecification","valueRequired":true,"valueName":"search_term_string"}}],"inLanguage":"es"},{"@type":"Organization","@id":"https:\/\/www.quebakan.com\/v15\/#organization","name":"Quebakan.com","url":"https:\/\/www.quebakan.com\/v15\/","logo":{"@type":"ImageObject","inLanguage":"es","@id":"https:\/\/www.quebakan.com\/v15\/#\/schema\/logo\/image\/","url":"https:\/\/www.quebakan.com\/v15\/wp-content\/uploads\/2023\/07\/logoquebakanenero2021.jpg","contentUrl":"https:\/\/www.quebakan.com\/v15\/wp-content\/uploads\/2023\/07\/logoquebakanenero2021.jpg","width":1920,"height":1080,"caption":"Quebakan.com"},"image":{"@id":"https:\/\/www.quebakan.com\/v15\/#\/schema\/logo\/image\/"},"sameAs":["http:\/\/www.facebook.com\/quebakan","https:\/\/x.com\/quebakanec","http:\/\/www.instagram.com\/quebakan","http:\/\/www.youtube.com\/quebakan1"]},{"@type":"Person","@id":"https:\/\/www.quebakan.com\/v15\/#\/schema\/person\/d90fa9f9cfa81eb8ace9811e5b7b9118","name":"Erick Villafuerte","image":{"@type":"ImageObject","inLanguage":"es","@id":"https:\/\/www.quebakan.com\/v15\/wp-content\/uploads\/avatars\/4\/1731297654-bpfull.png","url":"https:\/\/www.quebakan.com\/v15\/wp-content\/uploads\/avatars\/4\/1731297654-bpfull.png","contentUrl":"https:\/\/www.quebakan.com\/v15\/wp-content\/uploads\/avatars\/4\/1731297654-bpfull.png","caption":"Erick Villafuerte"}}]}},"_links":{"self":[{"href":"https:\/\/www.quebakan.com\/v15\/wp-json\/wp\/v2\/posts\/120699","targetHints":{"allow":["GET"]}}],"collection":[{"href":"https:\/\/www.quebakan.com\/v15\/wp-json\/wp\/v2\/posts"}],"about":[{"href":"https:\/\/www.quebakan.com\/v15\/wp-json\/wp\/v2\/types\/post"}],"author":[{"embeddable":true,"href":"https:\/\/www.quebakan.com\/v15\/wp-json\/wp\/v2\/users\/4"}],"replies":[{"embeddable":true,"href":"https:\/\/www.quebakan.com\/v15\/wp-json\/wp\/v2\/comments?post=120699"}],"version-history":[{"count":1,"href":"https:\/\/www.quebakan.com\/v15\/wp-json\/wp\/v2\/posts\/120699\/revisions"}],"predecessor-version":[{"id":120701,"href":"https:\/\/www.quebakan.com\/v15\/wp-json\/wp\/v2\/posts\/120699\/revisions\/120701"}],"wp:featuredmedia":[{"embeddable":true,"href":"https:\/\/www.quebakan.com\/v15\/wp-json\/wp\/v2\/media\/120700"}],"wp:attachment":[{"href":"https:\/\/www.quebakan.com\/v15\/wp-json\/wp\/v2\/media?parent=120699"}],"wp:term":[{"taxonomy":"category","embeddable":true,"href":"https:\/\/www.quebakan.com\/v15\/wp-json\/wp\/v2\/categories?post=120699"},{"taxonomy":"post_tag","embeddable":true,"href":"https:\/\/www.quebakan.com\/v15\/wp-json\/wp\/v2\/tags?post=120699"}],"curies":[{"name":"wp","href":"https:\/\/api.w.org\/{rel}","templated":true}]}}