{"id":120705,"date":"2024-06-29T22:37:33","date_gmt":"2024-06-30T03:37:33","guid":{"rendered":"https:\/\/www.quebakan.com\/v15\/?p=120705"},"modified":"2024-09-07T15:15:34","modified_gmt":"2024-09-07T20:15:34","slug":"la-academia-hvac-de-lg-continua-desarrollando-expertos-tecnico-para-fortalecer-el-negocio-b2b-de-la-empresa","status":"publish","type":"post","link":"https:\/\/www.quebakan.com\/v15\/la-academia-hvac-de-lg-continua-desarrollando-expertos-tecnico-para-fortalecer-el-negocio-b2b-de-la-empresa\/","title":{"rendered":"LA ACADEMIA HVAC DE LG CONTIN\u00daA DESARROLLANDO EXPERTOS T\u00c9CNICO PARA FORTALECER EL NEGOCIO B2B DE LA EMPRESA"},"content":{"rendered":"<p><img fetchpriority=\"high\" decoding=\"async\" class=\"aligncenter size-full wp-image-120706\" src=\"https:\/\/www.quebakan.com\/v15\/wp-content\/uploads\/2024\/06\/LGE_HVAC-academy-2-1.jpg\" alt=\"\" width=\"700\" height=\"466\" \/><\/p>\n<p style=\"text-align: justify;\"><span style=\"color: #000000;\"><em>Los programas avanzados de capacitaci\u00f3n y la participaci\u00f3n de los clientes est\u00e1n impulsando la expansi\u00f3n y el s\u00f3lido desempe\u00f1o de LG en el mercado global de HVAC.<\/em><\/span><\/p>\n<p style=\"text-align: justify;\"><span style=\"color: #000000;\"><strong>Ecuador, 25 de junio de 2024 <\/strong>\u2014 La Academia de Calefacci\u00f3n, Ventilaci\u00f3n y Aire Acondicionado (HVAC) de LG Electronics est\u00e1 fortaleciendo la infraestructura de recursos humanos de la empresa al capacitar a m\u00e1s de 30,000 profesionales de HVAC anualmente. Al construir una red de ingenieros de instalaci\u00f3n y servicio cualificados, la academia est\u00e1 desempe\u00f1ando un papel importante en el respaldo a la estrategia de expansi\u00f3n global B2B de la compa\u00f1\u00eda.<\/span><\/p>\n<p style=\"text-align: justify;\"><span style=\"color: #000000;\">Operando en 62 ubicaciones en todo el mundo, la Academia de HVAC de LG ofrece una formaci\u00f3n integral sobre la instalaci\u00f3n y mantenimiento de los sistemas de HVAC residenciales y comerciales de LG, incluidos sus enfriadores de alta eficiencia. La academia mejora las habilidades y los conocimientos de los t\u00e9cnicos locales, equip\u00e1ndolos con la capacidad de garantizar la configuraci\u00f3n y el rendimiento \u00f3ptimo de las soluciones HVAC avanzadas de la empresa, lo que es crucial para brindar las experiencias diferenciadas al cliente por las que se conoce a LG.<\/span><\/p>\n<p style=\"text-align: justify;\"><span style=\"color: #000000;\">La Academia de HVAC de LG estima que proporcionar\u00e1 capacitaci\u00f3n a aproximadamente 37,000 personas este a\u00f1o. Cada sucursal de la academia cuenta con salas de exhibici\u00f3n integradas y salas de entrenamiento donde los asistentes pueden obtener experiencia pr\u00e1ctica con los productos B2C y B2B de la empresa. Adem\u00e1s de la capacitaci\u00f3n en instalaci\u00f3n y mantenimiento de productos, la academia de LG presenta las nuevas soluciones de HVAC de la empresa y ofrece programas de capacitaci\u00f3n regionales especializados, foros t\u00e9cnicos y clases personalizadas en las oficinas de los clientes.<\/span><\/p>\n<p style=\"text-align: justify;\"><span style=\"color: #000000;\">En abril pasado, la Academia de HVAC de LG organiz\u00f3 el programa de cinco d\u00edas &#8216;Entrenar al Entrenador (TTT)&#8217; en la sede de LG en Se\u00fal, Corea del Sur. El programa fue dise\u00f1ado para mejorar las capacidades de los entrenadores de HVAC, brind\u00e1ndoles las herramientas para adaptarse a los cambios en la participaci\u00f3n del cliente, as\u00ed como la valiosa oportunidad de intercambiar ideas y experiencias con sus colegas de diferentes regiones y subsidiarias.<\/span><\/p>\n<p style=\"text-align: justify;\"><span style=\"color: #000000;\">LG tambi\u00e9n est\u00e1 expandiendo sus programas espec\u00edficos para regiones con eventos como la Cumbre de L\u00edderes Consultores de HVAC de LG del mes pasado (Se\u00fal) para consultores t\u00e9cnicos de toda Asia. Adem\u00e1s, la empresa contin\u00faa agregando a su infraestructura existente la Academia de HVAC y tiene previsto abrir una nueva sucursal en Lyon (Francia) para finales de este a\u00f1o. Las incorporaciones recientes destacadas a la red incluyen sitios en Boston (EE. UU.), Taipei (Taiw\u00e1n), Chennai (India) y Kolkata (India).<\/span><\/p>\n<p style=\"text-align: justify;\"><span style=\"color: #000000;\">Con el aumento de la inteligencia artificial, hay una creciente necesidad de sistemas de enfriamiento de alta eficiencia y alto rendimiento, especialmente en centros de datos y plantas de semiconductores donde la gesti\u00f3n efectiva del calor es esencial para mantener la eficiencia del servidor. LG tiene como objetivo continuar su crecimiento en el mercado global de HVAC, que tuvo un valor estimado de aproximadamente USD 58.4 mil millones en 2023*, con sus sistemas HVAC de bomba de calor de alta eficiencia, dise\u00f1ados teniendo en cuenta las \u00faltimas tendencias de electrificaci\u00f3n y medio ambiente. Adem\u00e1s, la empresa tiene como objetivo m\u00e1s que duplicar los ingresos generados por su negocio de HVAC residencial y comercial para 2030 y reforzar su posici\u00f3n como l\u00edder mundial en aire acondicionado.<\/span><\/p>\n<p style=\"text-align: justify;\"><span style=\"color: #000000;\">\u00abLa Academia de HVAC de LG desempe\u00f1a un papel clave en mejorar las capacidades de los ingenieros en cada regi\u00f3n\u00bb, dijo James Lee, jefe de la Unidad de Negocio de Soluciones de Aire en LG Electronics Home Appliance &amp; Air Solution Company. \u00abContinuaremos aumentando la participaci\u00f3n del cliente para ofrecer m\u00e1s valor e impulsar hacia adelante nuestro negocio global de HVAC\u00bb.<\/span><\/p>\n<p style=\"text-align: justify;\"><span style=\"color: #000000;\"><em><sup>*<\/sup><\/em><em>Seg\u00fan la empresa de investigaci\u00f3n de mercado IBIS World, el valor estimado del mercado global de HVAC hasta 2023 fue de aproximadamente USD 58.4 mil millones.<\/em><\/span><\/p>\n<p><img decoding=\"async\" class=\"aligncenter size-full wp-image-120707\" src=\"https:\/\/www.quebakan.com\/v15\/wp-content\/uploads\/2024\/06\/LGE_HVAC-academy-1-1.jpg\" alt=\"\" width=\"700\" height=\"450\" \/><\/p>\n","protected":false},"excerpt":{"rendered":"<p>Los programas avanzados de capacitaci\u00f3n y la participaci\u00f3n de los clientes est\u00e1n impulsando la expansi\u00f3n y el s\u00f3lido desempe\u00f1o de LG en el mercado global de HVAC. Ecuador, 25 de junio de 2024 \u2014 La Academia de Calefacci\u00f3n, Ventilaci\u00f3n y Aire Acondicionado (HVAC) de LG Electronics est\u00e1 fortaleciendo la infraestructura de recursos humanos de la [&hellip;]<\/p>\n","protected":false},"author":4,"featured_media":120706,"comment_status":"closed","ping_status":"open","sticky":false,"template":"","format":"standard","meta":{"_bbp_topic_count":0,"_bbp_reply_count":0,"_bbp_total_topic_count":0,"_bbp_total_reply_count":0,"_bbp_voice_count":0,"_bbp_anonymous_reply_count":0,"_bbp_topic_count_hidden":0,"_bbp_reply_count_hidden":0,"_bbp_forum_subforum_count":0,"buzzeditor_post_format":"","footnotes":""},"categories":[2],"tags":[],"class_list":["post-120705","post","type-post","status-publish","format-standard","has-post-thumbnail","hentry","category-noticias"],"yoast_head":"<!-- This site is optimized with the Yoast SEO plugin v27.5 - https:\/\/yoast.com\/product\/yoast-seo-wordpress\/ -->\n<title>LA ACADEMIA HVAC DE LG CONTIN\u00daA DESARROLLANDO EXPERTOS T\u00c9CNICO PARA FORTALECER EL NEGOCIO B2B DE LA EMPRESA &#8211; QUEBAKAN.COM 2026: Noticias, Eventos, Conciertos y mucho m\u00e1s....<\/title>\n<meta name=\"robots\" content=\"index, follow, max-snippet:-1, max-image-preview:large, max-video-preview:-1\" \/>\n<link rel=\"canonical\" href=\"https:\/\/www.quebakan.com\/v15\/la-academia-hvac-de-lg-continua-desarrollando-expertos-tecnico-para-fortalecer-el-negocio-b2b-de-la-empresa\/\" \/>\n<meta property=\"og:locale\" content=\"es_ES\" \/>\n<meta property=\"og:type\" content=\"article\" \/>\n<meta property=\"og:title\" content=\"LA ACADEMIA HVAC DE LG CONTIN\u00daA DESARROLLANDO EXPERTOS T\u00c9CNICO PARA FORTALECER EL NEGOCIO B2B DE LA EMPRESA &#8211; QUEBAKAN.COM 2026: Noticias, Eventos, Conciertos y mucho m\u00e1s....\" \/>\n<meta property=\"og:description\" content=\"Los programas avanzados de capacitaci\u00f3n y la participaci\u00f3n de los clientes est\u00e1n impulsando la expansi\u00f3n y el s\u00f3lido desempe\u00f1o de LG en el mercado global de HVAC. Ecuador, 25 de junio de 2024 \u2014 La Academia de Calefacci\u00f3n, Ventilaci\u00f3n y Aire Acondicionado (HVAC) de LG Electronics est\u00e1 fortaleciendo la infraestructura de recursos humanos de la [&hellip;]\" \/>\n<meta property=\"og:url\" content=\"https:\/\/www.quebakan.com\/v15\/la-academia-hvac-de-lg-continua-desarrollando-expertos-tecnico-para-fortalecer-el-negocio-b2b-de-la-empresa\/\" \/>\n<meta property=\"og:site_name\" content=\"QUEBAKAN.COM 2026: Noticias, Eventos, Conciertos y mucho m\u00e1s....\" \/>\n<meta property=\"article:publisher\" content=\"http:\/\/www.facebook.com\/quebakan\" \/>\n<meta property=\"article:published_time\" content=\"2024-06-30T03:37:33+00:00\" \/>\n<meta property=\"article:modified_time\" content=\"2024-09-07T20:15:34+00:00\" \/>\n<meta property=\"og:image\" content=\"https:\/\/www.quebakan.com\/v15\/wp-content\/uploads\/2024\/06\/LGE_HVAC-academy-2-1.jpg\" \/>\n\t<meta property=\"og:image:width\" content=\"700\" \/>\n\t<meta property=\"og:image:height\" content=\"466\" \/>\n\t<meta property=\"og:image:type\" content=\"image\/jpeg\" \/>\n<meta name=\"author\" content=\"Erick Villafuerte\" \/>\n<meta name=\"twitter:card\" content=\"summary_large_image\" \/>\n<meta name=\"twitter:creator\" content=\"@quebakanec\" \/>\n<meta name=\"twitter:site\" content=\"@quebakanec\" \/>\n<meta name=\"twitter:label1\" content=\"Escrito por\" \/>\n\t<meta name=\"twitter:data1\" content=\"Erick Villafuerte\" \/>\n\t<meta name=\"twitter:label2\" content=\"Tiempo de lectura\" \/>\n\t<meta name=\"twitter:data2\" content=\"4 minutos\" \/>\n<script type=\"application\/ld+json\" class=\"yoast-schema-graph\">{\"@context\":\"https:\\\/\\\/schema.org\",\"@graph\":[{\"@type\":\"Article\",\"@id\":\"https:\\\/\\\/www.quebakan.com\\\/v15\\\/la-academia-hvac-de-lg-continua-desarrollando-expertos-tecnico-para-fortalecer-el-negocio-b2b-de-la-empresa\\\/#article\",\"isPartOf\":{\"@id\":\"https:\\\/\\\/www.quebakan.com\\\/v15\\\/la-academia-hvac-de-lg-continua-desarrollando-expertos-tecnico-para-fortalecer-el-negocio-b2b-de-la-empresa\\\/\"},\"author\":{\"name\":\"Erick Villafuerte\",\"@id\":\"https:\\\/\\\/www.quebakan.com\\\/v15\\\/#\\\/schema\\\/person\\\/d90fa9f9cfa81eb8ace9811e5b7b9118\"},\"headline\":\"LA ACADEMIA HVAC DE LG CONTIN\u00daA DESARROLLANDO EXPERTOS T\u00c9CNICO PARA FORTALECER EL NEGOCIO B2B DE LA EMPRESA\",\"datePublished\":\"2024-06-30T03:37:33+00:00\",\"dateModified\":\"2024-09-07T20:15:34+00:00\",\"mainEntityOfPage\":{\"@id\":\"https:\\\/\\\/www.quebakan.com\\\/v15\\\/la-academia-hvac-de-lg-continua-desarrollando-expertos-tecnico-para-fortalecer-el-negocio-b2b-de-la-empresa\\\/\"},\"wordCount\":704,\"publisher\":{\"@id\":\"https:\\\/\\\/www.quebakan.com\\\/v15\\\/#organization\"},\"image\":{\"@id\":\"https:\\\/\\\/www.quebakan.com\\\/v15\\\/la-academia-hvac-de-lg-continua-desarrollando-expertos-tecnico-para-fortalecer-el-negocio-b2b-de-la-empresa\\\/#primaryimage\"},\"thumbnailUrl\":\"https:\\\/\\\/www.quebakan.com\\\/v15\\\/wp-content\\\/uploads\\\/2024\\\/06\\\/LGE_HVAC-academy-2-1.jpg\",\"articleSection\":[\"Noticias\"],\"inLanguage\":\"es\"},{\"@type\":\"WebPage\",\"@id\":\"https:\\\/\\\/www.quebakan.com\\\/v15\\\/la-academia-hvac-de-lg-continua-desarrollando-expertos-tecnico-para-fortalecer-el-negocio-b2b-de-la-empresa\\\/\",\"url\":\"https:\\\/\\\/www.quebakan.com\\\/v15\\\/la-academia-hvac-de-lg-continua-desarrollando-expertos-tecnico-para-fortalecer-el-negocio-b2b-de-la-empresa\\\/\",\"name\":\"LA ACADEMIA HVAC DE LG CONTIN\u00daA DESARROLLANDO EXPERTOS T\u00c9CNICO PARA FORTALECER EL NEGOCIO B2B DE LA EMPRESA &#8211; QUEBAKAN.COM 2026: Noticias, Eventos, Conciertos y mucho m\u00e1s....\",\"isPartOf\":{\"@id\":\"https:\\\/\\\/www.quebakan.com\\\/v15\\\/#website\"},\"primaryImageOfPage\":{\"@id\":\"https:\\\/\\\/www.quebakan.com\\\/v15\\\/la-academia-hvac-de-lg-continua-desarrollando-expertos-tecnico-para-fortalecer-el-negocio-b2b-de-la-empresa\\\/#primaryimage\"},\"image\":{\"@id\":\"https:\\\/\\\/www.quebakan.com\\\/v15\\\/la-academia-hvac-de-lg-continua-desarrollando-expertos-tecnico-para-fortalecer-el-negocio-b2b-de-la-empresa\\\/#primaryimage\"},\"thumbnailUrl\":\"https:\\\/\\\/www.quebakan.com\\\/v15\\\/wp-content\\\/uploads\\\/2024\\\/06\\\/LGE_HVAC-academy-2-1.jpg\",\"datePublished\":\"2024-06-30T03:37:33+00:00\",\"dateModified\":\"2024-09-07T20:15:34+00:00\",\"breadcrumb\":{\"@id\":\"https:\\\/\\\/www.quebakan.com\\\/v15\\\/la-academia-hvac-de-lg-continua-desarrollando-expertos-tecnico-para-fortalecer-el-negocio-b2b-de-la-empresa\\\/#breadcrumb\"},\"inLanguage\":\"es\",\"potentialAction\":[{\"@type\":\"ReadAction\",\"target\":[\"https:\\\/\\\/www.quebakan.com\\\/v15\\\/la-academia-hvac-de-lg-continua-desarrollando-expertos-tecnico-para-fortalecer-el-negocio-b2b-de-la-empresa\\\/\"]}]},{\"@type\":\"ImageObject\",\"inLanguage\":\"es\",\"@id\":\"https:\\\/\\\/www.quebakan.com\\\/v15\\\/la-academia-hvac-de-lg-continua-desarrollando-expertos-tecnico-para-fortalecer-el-negocio-b2b-de-la-empresa\\\/#primaryimage\",\"url\":\"https:\\\/\\\/www.quebakan.com\\\/v15\\\/wp-content\\\/uploads\\\/2024\\\/06\\\/LGE_HVAC-academy-2-1.jpg\",\"contentUrl\":\"https:\\\/\\\/www.quebakan.com\\\/v15\\\/wp-content\\\/uploads\\\/2024\\\/06\\\/LGE_HVAC-academy-2-1.jpg\",\"width\":700,\"height\":466},{\"@type\":\"BreadcrumbList\",\"@id\":\"https:\\\/\\\/www.quebakan.com\\\/v15\\\/la-academia-hvac-de-lg-continua-desarrollando-expertos-tecnico-para-fortalecer-el-negocio-b2b-de-la-empresa\\\/#breadcrumb\",\"itemListElement\":[{\"@type\":\"ListItem\",\"position\":1,\"name\":\"Portada\",\"item\":\"https:\\\/\\\/www.quebakan.com\\\/v15\\\/\"},{\"@type\":\"ListItem\",\"position\":2,\"name\":\"LA ACADEMIA HVAC DE LG CONTIN\u00daA DESARROLLANDO EXPERTOS T\u00c9CNICO PARA FORTALECER EL NEGOCIO B2B DE LA EMPRESA\"}]},{\"@type\":\"WebSite\",\"@id\":\"https:\\\/\\\/www.quebakan.com\\\/v15\\\/#website\",\"url\":\"https:\\\/\\\/www.quebakan.com\\\/v15\\\/\",\"name\":\"QUEBAKAN\",\"description\":\"..\",\"publisher\":{\"@id\":\"https:\\\/\\\/www.quebakan.com\\\/v15\\\/#organization\"},\"potentialAction\":[{\"@type\":\"SearchAction\",\"target\":{\"@type\":\"EntryPoint\",\"urlTemplate\":\"https:\\\/\\\/www.quebakan.com\\\/v15\\\/?s={search_term_string}\"},\"query-input\":{\"@type\":\"PropertyValueSpecification\",\"valueRequired\":true,\"valueName\":\"search_term_string\"}}],\"inLanguage\":\"es\"},{\"@type\":\"Organization\",\"@id\":\"https:\\\/\\\/www.quebakan.com\\\/v15\\\/#organization\",\"name\":\"Quebakan.com\",\"url\":\"https:\\\/\\\/www.quebakan.com\\\/v15\\\/\",\"logo\":{\"@type\":\"ImageObject\",\"inLanguage\":\"es\",\"@id\":\"https:\\\/\\\/www.quebakan.com\\\/v15\\\/#\\\/schema\\\/logo\\\/image\\\/\",\"url\":\"https:\\\/\\\/www.quebakan.com\\\/v15\\\/wp-content\\\/uploads\\\/2023\\\/07\\\/logoquebakanenero2021.jpg\",\"contentUrl\":\"https:\\\/\\\/www.quebakan.com\\\/v15\\\/wp-content\\\/uploads\\\/2023\\\/07\\\/logoquebakanenero2021.jpg\",\"width\":1920,\"height\":1080,\"caption\":\"Quebakan.com\"},\"image\":{\"@id\":\"https:\\\/\\\/www.quebakan.com\\\/v15\\\/#\\\/schema\\\/logo\\\/image\\\/\"},\"sameAs\":[\"http:\\\/\\\/www.facebook.com\\\/quebakan\",\"https:\\\/\\\/x.com\\\/quebakanec\",\"http:\\\/\\\/www.instagram.com\\\/quebakan\",\"http:\\\/\\\/www.youtube.com\\\/quebakan1\"]},{\"@type\":\"Person\",\"@id\":\"https:\\\/\\\/www.quebakan.com\\\/v15\\\/#\\\/schema\\\/person\\\/d90fa9f9cfa81eb8ace9811e5b7b9118\",\"name\":\"Erick Villafuerte\",\"image\":{\"@type\":\"ImageObject\",\"inLanguage\":\"es\",\"@id\":\"https:\\\/\\\/www.quebakan.com\\\/v15\\\/wp-content\\\/uploads\\\/avatars\\\/4\\\/1731297654-bpfull.png\",\"url\":\"https:\\\/\\\/www.quebakan.com\\\/v15\\\/wp-content\\\/uploads\\\/avatars\\\/4\\\/1731297654-bpfull.png\",\"contentUrl\":\"https:\\\/\\\/www.quebakan.com\\\/v15\\\/wp-content\\\/uploads\\\/avatars\\\/4\\\/1731297654-bpfull.png\",\"caption\":\"Erick Villafuerte\"}}]}<\/script>\n<!-- \/ Yoast SEO plugin. -->","yoast_head_json":{"title":"LA ACADEMIA HVAC DE LG CONTIN\u00daA DESARROLLANDO EXPERTOS T\u00c9CNICO PARA FORTALECER EL NEGOCIO B2B DE LA EMPRESA &#8211; QUEBAKAN.COM 2026: Noticias, Eventos, Conciertos y mucho m\u00e1s....","robots":{"index":"index","follow":"follow","max-snippet":"max-snippet:-1","max-image-preview":"max-image-preview:large","max-video-preview":"max-video-preview:-1"},"canonical":"https:\/\/www.quebakan.com\/v15\/la-academia-hvac-de-lg-continua-desarrollando-expertos-tecnico-para-fortalecer-el-negocio-b2b-de-la-empresa\/","og_locale":"es_ES","og_type":"article","og_title":"LA ACADEMIA HVAC DE LG CONTIN\u00daA DESARROLLANDO EXPERTOS T\u00c9CNICO PARA FORTALECER EL NEGOCIO B2B DE LA EMPRESA &#8211; QUEBAKAN.COM 2026: Noticias, Eventos, Conciertos y mucho m\u00e1s....","og_description":"Los programas avanzados de capacitaci\u00f3n y la participaci\u00f3n de los clientes est\u00e1n impulsando la expansi\u00f3n y el s\u00f3lido desempe\u00f1o de LG en el mercado global de HVAC. Ecuador, 25 de junio de 2024 \u2014 La Academia de Calefacci\u00f3n, Ventilaci\u00f3n y Aire Acondicionado (HVAC) de LG Electronics est\u00e1 fortaleciendo la infraestructura de recursos humanos de la [&hellip;]","og_url":"https:\/\/www.quebakan.com\/v15\/la-academia-hvac-de-lg-continua-desarrollando-expertos-tecnico-para-fortalecer-el-negocio-b2b-de-la-empresa\/","og_site_name":"QUEBAKAN.COM 2026: Noticias, Eventos, Conciertos y mucho m\u00e1s....","article_publisher":"http:\/\/www.facebook.com\/quebakan","article_published_time":"2024-06-30T03:37:33+00:00","article_modified_time":"2024-09-07T20:15:34+00:00","og_image":[{"width":700,"height":466,"url":"https:\/\/www.quebakan.com\/v15\/wp-content\/uploads\/2024\/06\/LGE_HVAC-academy-2-1.jpg","type":"image\/jpeg"}],"author":"Erick Villafuerte","twitter_card":"summary_large_image","twitter_creator":"@quebakanec","twitter_site":"@quebakanec","twitter_misc":{"Escrito por":"Erick Villafuerte","Tiempo de lectura":"4 minutos"},"schema":{"@context":"https:\/\/schema.org","@graph":[{"@type":"Article","@id":"https:\/\/www.quebakan.com\/v15\/la-academia-hvac-de-lg-continua-desarrollando-expertos-tecnico-para-fortalecer-el-negocio-b2b-de-la-empresa\/#article","isPartOf":{"@id":"https:\/\/www.quebakan.com\/v15\/la-academia-hvac-de-lg-continua-desarrollando-expertos-tecnico-para-fortalecer-el-negocio-b2b-de-la-empresa\/"},"author":{"name":"Erick Villafuerte","@id":"https:\/\/www.quebakan.com\/v15\/#\/schema\/person\/d90fa9f9cfa81eb8ace9811e5b7b9118"},"headline":"LA ACADEMIA HVAC DE LG CONTIN\u00daA DESARROLLANDO EXPERTOS T\u00c9CNICO PARA FORTALECER EL NEGOCIO B2B DE LA EMPRESA","datePublished":"2024-06-30T03:37:33+00:00","dateModified":"2024-09-07T20:15:34+00:00","mainEntityOfPage":{"@id":"https:\/\/www.quebakan.com\/v15\/la-academia-hvac-de-lg-continua-desarrollando-expertos-tecnico-para-fortalecer-el-negocio-b2b-de-la-empresa\/"},"wordCount":704,"publisher":{"@id":"https:\/\/www.quebakan.com\/v15\/#organization"},"image":{"@id":"https:\/\/www.quebakan.com\/v15\/la-academia-hvac-de-lg-continua-desarrollando-expertos-tecnico-para-fortalecer-el-negocio-b2b-de-la-empresa\/#primaryimage"},"thumbnailUrl":"https:\/\/www.quebakan.com\/v15\/wp-content\/uploads\/2024\/06\/LGE_HVAC-academy-2-1.jpg","articleSection":["Noticias"],"inLanguage":"es"},{"@type":"WebPage","@id":"https:\/\/www.quebakan.com\/v15\/la-academia-hvac-de-lg-continua-desarrollando-expertos-tecnico-para-fortalecer-el-negocio-b2b-de-la-empresa\/","url":"https:\/\/www.quebakan.com\/v15\/la-academia-hvac-de-lg-continua-desarrollando-expertos-tecnico-para-fortalecer-el-negocio-b2b-de-la-empresa\/","name":"LA ACADEMIA HVAC DE LG CONTIN\u00daA DESARROLLANDO EXPERTOS T\u00c9CNICO PARA FORTALECER EL NEGOCIO B2B DE LA EMPRESA &#8211; QUEBAKAN.COM 2026: Noticias, Eventos, Conciertos y mucho m\u00e1s....","isPartOf":{"@id":"https:\/\/www.quebakan.com\/v15\/#website"},"primaryImageOfPage":{"@id":"https:\/\/www.quebakan.com\/v15\/la-academia-hvac-de-lg-continua-desarrollando-expertos-tecnico-para-fortalecer-el-negocio-b2b-de-la-empresa\/#primaryimage"},"image":{"@id":"https:\/\/www.quebakan.com\/v15\/la-academia-hvac-de-lg-continua-desarrollando-expertos-tecnico-para-fortalecer-el-negocio-b2b-de-la-empresa\/#primaryimage"},"thumbnailUrl":"https:\/\/www.quebakan.com\/v15\/wp-content\/uploads\/2024\/06\/LGE_HVAC-academy-2-1.jpg","datePublished":"2024-06-30T03:37:33+00:00","dateModified":"2024-09-07T20:15:34+00:00","breadcrumb":{"@id":"https:\/\/www.quebakan.com\/v15\/la-academia-hvac-de-lg-continua-desarrollando-expertos-tecnico-para-fortalecer-el-negocio-b2b-de-la-empresa\/#breadcrumb"},"inLanguage":"es","potentialAction":[{"@type":"ReadAction","target":["https:\/\/www.quebakan.com\/v15\/la-academia-hvac-de-lg-continua-desarrollando-expertos-tecnico-para-fortalecer-el-negocio-b2b-de-la-empresa\/"]}]},{"@type":"ImageObject","inLanguage":"es","@id":"https:\/\/www.quebakan.com\/v15\/la-academia-hvac-de-lg-continua-desarrollando-expertos-tecnico-para-fortalecer-el-negocio-b2b-de-la-empresa\/#primaryimage","url":"https:\/\/www.quebakan.com\/v15\/wp-content\/uploads\/2024\/06\/LGE_HVAC-academy-2-1.jpg","contentUrl":"https:\/\/www.quebakan.com\/v15\/wp-content\/uploads\/2024\/06\/LGE_HVAC-academy-2-1.jpg","width":700,"height":466},{"@type":"BreadcrumbList","@id":"https:\/\/www.quebakan.com\/v15\/la-academia-hvac-de-lg-continua-desarrollando-expertos-tecnico-para-fortalecer-el-negocio-b2b-de-la-empresa\/#breadcrumb","itemListElement":[{"@type":"ListItem","position":1,"name":"Portada","item":"https:\/\/www.quebakan.com\/v15\/"},{"@type":"ListItem","position":2,"name":"LA ACADEMIA HVAC DE LG CONTIN\u00daA DESARROLLANDO EXPERTOS T\u00c9CNICO PARA FORTALECER EL NEGOCIO B2B DE LA EMPRESA"}]},{"@type":"WebSite","@id":"https:\/\/www.quebakan.com\/v15\/#website","url":"https:\/\/www.quebakan.com\/v15\/","name":"QUEBAKAN","description":"..","publisher":{"@id":"https:\/\/www.quebakan.com\/v15\/#organization"},"potentialAction":[{"@type":"SearchAction","target":{"@type":"EntryPoint","urlTemplate":"https:\/\/www.quebakan.com\/v15\/?s={search_term_string}"},"query-input":{"@type":"PropertyValueSpecification","valueRequired":true,"valueName":"search_term_string"}}],"inLanguage":"es"},{"@type":"Organization","@id":"https:\/\/www.quebakan.com\/v15\/#organization","name":"Quebakan.com","url":"https:\/\/www.quebakan.com\/v15\/","logo":{"@type":"ImageObject","inLanguage":"es","@id":"https:\/\/www.quebakan.com\/v15\/#\/schema\/logo\/image\/","url":"https:\/\/www.quebakan.com\/v15\/wp-content\/uploads\/2023\/07\/logoquebakanenero2021.jpg","contentUrl":"https:\/\/www.quebakan.com\/v15\/wp-content\/uploads\/2023\/07\/logoquebakanenero2021.jpg","width":1920,"height":1080,"caption":"Quebakan.com"},"image":{"@id":"https:\/\/www.quebakan.com\/v15\/#\/schema\/logo\/image\/"},"sameAs":["http:\/\/www.facebook.com\/quebakan","https:\/\/x.com\/quebakanec","http:\/\/www.instagram.com\/quebakan","http:\/\/www.youtube.com\/quebakan1"]},{"@type":"Person","@id":"https:\/\/www.quebakan.com\/v15\/#\/schema\/person\/d90fa9f9cfa81eb8ace9811e5b7b9118","name":"Erick Villafuerte","image":{"@type":"ImageObject","inLanguage":"es","@id":"https:\/\/www.quebakan.com\/v15\/wp-content\/uploads\/avatars\/4\/1731297654-bpfull.png","url":"https:\/\/www.quebakan.com\/v15\/wp-content\/uploads\/avatars\/4\/1731297654-bpfull.png","contentUrl":"https:\/\/www.quebakan.com\/v15\/wp-content\/uploads\/avatars\/4\/1731297654-bpfull.png","caption":"Erick Villafuerte"}}]}},"_links":{"self":[{"href":"https:\/\/www.quebakan.com\/v15\/wp-json\/wp\/v2\/posts\/120705","targetHints":{"allow":["GET"]}}],"collection":[{"href":"https:\/\/www.quebakan.com\/v15\/wp-json\/wp\/v2\/posts"}],"about":[{"href":"https:\/\/www.quebakan.com\/v15\/wp-json\/wp\/v2\/types\/post"}],"author":[{"embeddable":true,"href":"https:\/\/www.quebakan.com\/v15\/wp-json\/wp\/v2\/users\/4"}],"replies":[{"embeddable":true,"href":"https:\/\/www.quebakan.com\/v15\/wp-json\/wp\/v2\/comments?post=120705"}],"version-history":[{"count":1,"href":"https:\/\/www.quebakan.com\/v15\/wp-json\/wp\/v2\/posts\/120705\/revisions"}],"predecessor-version":[{"id":120708,"href":"https:\/\/www.quebakan.com\/v15\/wp-json\/wp\/v2\/posts\/120705\/revisions\/120708"}],"wp:featuredmedia":[{"embeddable":true,"href":"https:\/\/www.quebakan.com\/v15\/wp-json\/wp\/v2\/media\/120706"}],"wp:attachment":[{"href":"https:\/\/www.quebakan.com\/v15\/wp-json\/wp\/v2\/media?parent=120705"}],"wp:term":[{"taxonomy":"category","embeddable":true,"href":"https:\/\/www.quebakan.com\/v15\/wp-json\/wp\/v2\/categories?post=120705"},{"taxonomy":"post_tag","embeddable":true,"href":"https:\/\/www.quebakan.com\/v15\/wp-json\/wp\/v2\/tags?post=120705"}],"curies":[{"name":"wp","href":"https:\/\/api.w.org\/{rel}","templated":true}]}}