{"id":120709,"date":"2024-06-29T23:07:09","date_gmt":"2024-06-30T04:07:09","guid":{"rendered":"https:\/\/www.quebakan.com\/v15\/?p=120709"},"modified":"2024-09-07T15:15:33","modified_gmt":"2024-09-07T20:15:33","slug":"banco-bolivariano-y-fundacion-redni-comprometidos-en-combatir-la-desnutricion-infantil-en-el-pais","status":"publish","type":"post","link":"https:\/\/www.quebakan.com\/v15\/banco-bolivariano-y-fundacion-redni-comprometidos-en-combatir-la-desnutricion-infantil-en-el-pais\/","title":{"rendered":"BANCO BOLIVARIANO Y FUNDACI\u00d3N REDNI COMPROMETIDOS EN COMBATIR LA DESNUTRICI\u00d3N INFANTIL EN EL PA\u00cdS"},"content":{"rendered":"<p><img fetchpriority=\"high\" decoding=\"async\" class=\"aligncenter size-full wp-image-120710\" src=\"https:\/\/www.quebakan.com\/v15\/wp-content\/uploads\/2024\/06\/REDNI-INFORME.jpg\" alt=\"\" width=\"700\" height=\"366\" \/><\/p>\n<p style=\"text-align: justify;\"><span style=\"color: #000000;\"><strong>Guayaquil, junio del 2024.- <\/strong>Banco Bolivariano contin\u00faa demostrando su compromiso con la responsabilidad social. La instituci\u00f3n se enorgullece en anunciar la publicaci\u00f3n del Informe de Gesti\u00f3n 2023 de Fundaci\u00f3n REDNI, organizaci\u00f3n dedicada a combatir la desnutrici\u00f3n infantil en el pa\u00eds, con la cual el Banco ha colaborado estrechamente aportando y participando en diversas iniciativas para mejorar la calidad de vida de miles de ni\u00f1os.<\/span><\/p>\n<p style=\"text-align: justify;\"><span style=\"color: #000000;\">El Informe de Gesti\u00f3n 2023 de Fundaci\u00f3n REDNI destaca avances significativos en la lucha contra la desnutrici\u00f3n infantil, gracias a programas de alimentaci\u00f3n, educaci\u00f3n nutricional y atenci\u00f3n m\u00e9dica. Los logros presentados en este informe son un testimonio del esfuerzo continuo de todas las partes involucradas y renueva el compromiso del Banco de seguir trabajando en equipo para erradicar la desnutrici\u00f3n infantil.<\/span><\/p>\n<p style=\"text-align: justify;\"><span style=\"color: #000000;\">Banco Bolivariano invita a todos a conocer en detalle los resultados y el impacto de las iniciativas conjuntas revisando el Informe de Gesti\u00f3n 2023 de Fundaci\u00f3n REDNI en su p\u00e1gina web (https:\/\/www.redni.org\/). La instituci\u00f3n se compromete en continuar luchando por un futuro m\u00e1s saludable y prometedor para todos los ni\u00f1os del pa\u00eds.<\/span><\/p>\n","protected":false},"excerpt":{"rendered":"<p>Guayaquil, junio del 2024.- Banco Bolivariano contin\u00faa demostrando su compromiso con la responsabilidad social. La instituci\u00f3n se enorgullece en anunciar la publicaci\u00f3n del Informe de Gesti\u00f3n 2023 de Fundaci\u00f3n REDNI, organizaci\u00f3n dedicada a combatir la desnutrici\u00f3n infantil en el pa\u00eds, con la cual el Banco ha colaborado estrechamente aportando y participando en diversas iniciativas para [&hellip;]<\/p>\n","protected":false},"author":4,"featured_media":120710,"comment_status":"closed","ping_status":"open","sticky":false,"template":"","format":"standard","meta":{"_bbp_topic_count":0,"_bbp_reply_count":0,"_bbp_total_topic_count":0,"_bbp_total_reply_count":0,"_bbp_voice_count":0,"_bbp_anonymous_reply_count":0,"_bbp_topic_count_hidden":0,"_bbp_reply_count_hidden":0,"_bbp_forum_subforum_count":0,"buzzeditor_post_format":"","footnotes":""},"categories":[2],"tags":[],"class_list":["post-120709","post","type-post","status-publish","format-standard","has-post-thumbnail","hentry","category-noticias"],"yoast_head":"<!-- This site is optimized with the Yoast SEO plugin v27.5 - https:\/\/yoast.com\/product\/yoast-seo-wordpress\/ -->\n<title>BANCO BOLIVARIANO Y FUNDACI\u00d3N REDNI COMPROMETIDOS EN COMBATIR LA DESNUTRICI\u00d3N INFANTIL EN EL PA\u00cdS &#8211; QUEBAKAN.COM 2026: Noticias, Eventos, Conciertos y mucho m\u00e1s....<\/title>\n<meta name=\"robots\" content=\"index, follow, max-snippet:-1, max-image-preview:large, max-video-preview:-1\" \/>\n<link rel=\"canonical\" href=\"https:\/\/www.quebakan.com\/v15\/banco-bolivariano-y-fundacion-redni-comprometidos-en-combatir-la-desnutricion-infantil-en-el-pais\/\" \/>\n<meta property=\"og:locale\" content=\"es_ES\" \/>\n<meta property=\"og:type\" content=\"article\" \/>\n<meta property=\"og:title\" content=\"BANCO BOLIVARIANO Y FUNDACI\u00d3N REDNI COMPROMETIDOS EN COMBATIR LA DESNUTRICI\u00d3N INFANTIL EN EL PA\u00cdS &#8211; QUEBAKAN.COM 2026: Noticias, Eventos, Conciertos y mucho m\u00e1s....\" \/>\n<meta property=\"og:description\" content=\"Guayaquil, junio del 2024.- Banco Bolivariano contin\u00faa demostrando su compromiso con la responsabilidad social. La instituci\u00f3n se enorgullece en anunciar la publicaci\u00f3n del Informe de Gesti\u00f3n 2023 de Fundaci\u00f3n REDNI, organizaci\u00f3n dedicada a combatir la desnutrici\u00f3n infantil en el pa\u00eds, con la cual el Banco ha colaborado estrechamente aportando y participando en diversas iniciativas para [&hellip;]\" \/>\n<meta property=\"og:url\" content=\"https:\/\/www.quebakan.com\/v15\/banco-bolivariano-y-fundacion-redni-comprometidos-en-combatir-la-desnutricion-infantil-en-el-pais\/\" \/>\n<meta property=\"og:site_name\" content=\"QUEBAKAN.COM 2026: Noticias, Eventos, Conciertos y mucho m\u00e1s....\" \/>\n<meta property=\"article:publisher\" content=\"http:\/\/www.facebook.com\/quebakan\" \/>\n<meta property=\"article:published_time\" content=\"2024-06-30T04:07:09+00:00\" \/>\n<meta property=\"article:modified_time\" content=\"2024-09-07T20:15:33+00:00\" \/>\n<meta property=\"og:image\" content=\"https:\/\/www.quebakan.com\/v15\/wp-content\/uploads\/2024\/06\/REDNI-INFORME.jpg\" \/>\n\t<meta property=\"og:image:width\" content=\"700\" \/>\n\t<meta property=\"og:image:height\" content=\"366\" \/>\n\t<meta property=\"og:image:type\" content=\"image\/jpeg\" \/>\n<meta name=\"author\" content=\"Erick Villafuerte\" \/>\n<meta name=\"twitter:card\" content=\"summary_large_image\" \/>\n<meta name=\"twitter:creator\" content=\"@quebakanec\" \/>\n<meta name=\"twitter:site\" content=\"@quebakanec\" \/>\n<meta name=\"twitter:label1\" content=\"Escrito por\" \/>\n\t<meta name=\"twitter:data1\" content=\"Erick Villafuerte\" \/>\n\t<meta name=\"twitter:label2\" content=\"Tiempo de lectura\" \/>\n\t<meta name=\"twitter:data2\" content=\"2 minutos\" \/>\n<script type=\"application\/ld+json\" class=\"yoast-schema-graph\">{\"@context\":\"https:\\\/\\\/schema.org\",\"@graph\":[{\"@type\":\"Article\",\"@id\":\"https:\\\/\\\/www.quebakan.com\\\/v15\\\/banco-bolivariano-y-fundacion-redni-comprometidos-en-combatir-la-desnutricion-infantil-en-el-pais\\\/#article\",\"isPartOf\":{\"@id\":\"https:\\\/\\\/www.quebakan.com\\\/v15\\\/banco-bolivariano-y-fundacion-redni-comprometidos-en-combatir-la-desnutricion-infantil-en-el-pais\\\/\"},\"author\":{\"name\":\"Erick Villafuerte\",\"@id\":\"https:\\\/\\\/www.quebakan.com\\\/v15\\\/#\\\/schema\\\/person\\\/d90fa9f9cfa81eb8ace9811e5b7b9118\"},\"headline\":\"BANCO BOLIVARIANO Y FUNDACI\u00d3N REDNI COMPROMETIDOS EN COMBATIR LA DESNUTRICI\u00d3N INFANTIL EN EL PA\u00cdS\",\"datePublished\":\"2024-06-30T04:07:09+00:00\",\"dateModified\":\"2024-09-07T20:15:33+00:00\",\"mainEntityOfPage\":{\"@id\":\"https:\\\/\\\/www.quebakan.com\\\/v15\\\/banco-bolivariano-y-fundacion-redni-comprometidos-en-combatir-la-desnutricion-infantil-en-el-pais\\\/\"},\"wordCount\":218,\"publisher\":{\"@id\":\"https:\\\/\\\/www.quebakan.com\\\/v15\\\/#organization\"},\"image\":{\"@id\":\"https:\\\/\\\/www.quebakan.com\\\/v15\\\/banco-bolivariano-y-fundacion-redni-comprometidos-en-combatir-la-desnutricion-infantil-en-el-pais\\\/#primaryimage\"},\"thumbnailUrl\":\"https:\\\/\\\/www.quebakan.com\\\/v15\\\/wp-content\\\/uploads\\\/2024\\\/06\\\/REDNI-INFORME.jpg\",\"articleSection\":[\"Noticias\"],\"inLanguage\":\"es\"},{\"@type\":\"WebPage\",\"@id\":\"https:\\\/\\\/www.quebakan.com\\\/v15\\\/banco-bolivariano-y-fundacion-redni-comprometidos-en-combatir-la-desnutricion-infantil-en-el-pais\\\/\",\"url\":\"https:\\\/\\\/www.quebakan.com\\\/v15\\\/banco-bolivariano-y-fundacion-redni-comprometidos-en-combatir-la-desnutricion-infantil-en-el-pais\\\/\",\"name\":\"BANCO BOLIVARIANO Y FUNDACI\u00d3N REDNI COMPROMETIDOS EN COMBATIR LA DESNUTRICI\u00d3N INFANTIL EN EL PA\u00cdS &#8211; QUEBAKAN.COM 2026: Noticias, Eventos, Conciertos y mucho m\u00e1s....\",\"isPartOf\":{\"@id\":\"https:\\\/\\\/www.quebakan.com\\\/v15\\\/#website\"},\"primaryImageOfPage\":{\"@id\":\"https:\\\/\\\/www.quebakan.com\\\/v15\\\/banco-bolivariano-y-fundacion-redni-comprometidos-en-combatir-la-desnutricion-infantil-en-el-pais\\\/#primaryimage\"},\"image\":{\"@id\":\"https:\\\/\\\/www.quebakan.com\\\/v15\\\/banco-bolivariano-y-fundacion-redni-comprometidos-en-combatir-la-desnutricion-infantil-en-el-pais\\\/#primaryimage\"},\"thumbnailUrl\":\"https:\\\/\\\/www.quebakan.com\\\/v15\\\/wp-content\\\/uploads\\\/2024\\\/06\\\/REDNI-INFORME.jpg\",\"datePublished\":\"2024-06-30T04:07:09+00:00\",\"dateModified\":\"2024-09-07T20:15:33+00:00\",\"breadcrumb\":{\"@id\":\"https:\\\/\\\/www.quebakan.com\\\/v15\\\/banco-bolivariano-y-fundacion-redni-comprometidos-en-combatir-la-desnutricion-infantil-en-el-pais\\\/#breadcrumb\"},\"inLanguage\":\"es\",\"potentialAction\":[{\"@type\":\"ReadAction\",\"target\":[\"https:\\\/\\\/www.quebakan.com\\\/v15\\\/banco-bolivariano-y-fundacion-redni-comprometidos-en-combatir-la-desnutricion-infantil-en-el-pais\\\/\"]}]},{\"@type\":\"ImageObject\",\"inLanguage\":\"es\",\"@id\":\"https:\\\/\\\/www.quebakan.com\\\/v15\\\/banco-bolivariano-y-fundacion-redni-comprometidos-en-combatir-la-desnutricion-infantil-en-el-pais\\\/#primaryimage\",\"url\":\"https:\\\/\\\/www.quebakan.com\\\/v15\\\/wp-content\\\/uploads\\\/2024\\\/06\\\/REDNI-INFORME.jpg\",\"contentUrl\":\"https:\\\/\\\/www.quebakan.com\\\/v15\\\/wp-content\\\/uploads\\\/2024\\\/06\\\/REDNI-INFORME.jpg\",\"width\":700,\"height\":366},{\"@type\":\"BreadcrumbList\",\"@id\":\"https:\\\/\\\/www.quebakan.com\\\/v15\\\/banco-bolivariano-y-fundacion-redni-comprometidos-en-combatir-la-desnutricion-infantil-en-el-pais\\\/#breadcrumb\",\"itemListElement\":[{\"@type\":\"ListItem\",\"position\":1,\"name\":\"Portada\",\"item\":\"https:\\\/\\\/www.quebakan.com\\\/v15\\\/\"},{\"@type\":\"ListItem\",\"position\":2,\"name\":\"BANCO BOLIVARIANO Y FUNDACI\u00d3N REDNI COMPROMETIDOS EN COMBATIR LA DESNUTRICI\u00d3N INFANTIL EN EL PA\u00cdS\"}]},{\"@type\":\"WebSite\",\"@id\":\"https:\\\/\\\/www.quebakan.com\\\/v15\\\/#website\",\"url\":\"https:\\\/\\\/www.quebakan.com\\\/v15\\\/\",\"name\":\"QUEBAKAN\",\"description\":\"..\",\"publisher\":{\"@id\":\"https:\\\/\\\/www.quebakan.com\\\/v15\\\/#organization\"},\"potentialAction\":[{\"@type\":\"SearchAction\",\"target\":{\"@type\":\"EntryPoint\",\"urlTemplate\":\"https:\\\/\\\/www.quebakan.com\\\/v15\\\/?s={search_term_string}\"},\"query-input\":{\"@type\":\"PropertyValueSpecification\",\"valueRequired\":true,\"valueName\":\"search_term_string\"}}],\"inLanguage\":\"es\"},{\"@type\":\"Organization\",\"@id\":\"https:\\\/\\\/www.quebakan.com\\\/v15\\\/#organization\",\"name\":\"Quebakan.com\",\"url\":\"https:\\\/\\\/www.quebakan.com\\\/v15\\\/\",\"logo\":{\"@type\":\"ImageObject\",\"inLanguage\":\"es\",\"@id\":\"https:\\\/\\\/www.quebakan.com\\\/v15\\\/#\\\/schema\\\/logo\\\/image\\\/\",\"url\":\"https:\\\/\\\/www.quebakan.com\\\/v15\\\/wp-content\\\/uploads\\\/2023\\\/07\\\/logoquebakanenero2021.jpg\",\"contentUrl\":\"https:\\\/\\\/www.quebakan.com\\\/v15\\\/wp-content\\\/uploads\\\/2023\\\/07\\\/logoquebakanenero2021.jpg\",\"width\":1920,\"height\":1080,\"caption\":\"Quebakan.com\"},\"image\":{\"@id\":\"https:\\\/\\\/www.quebakan.com\\\/v15\\\/#\\\/schema\\\/logo\\\/image\\\/\"},\"sameAs\":[\"http:\\\/\\\/www.facebook.com\\\/quebakan\",\"https:\\\/\\\/x.com\\\/quebakanec\",\"http:\\\/\\\/www.instagram.com\\\/quebakan\",\"http:\\\/\\\/www.youtube.com\\\/quebakan1\"]},{\"@type\":\"Person\",\"@id\":\"https:\\\/\\\/www.quebakan.com\\\/v15\\\/#\\\/schema\\\/person\\\/d90fa9f9cfa81eb8ace9811e5b7b9118\",\"name\":\"Erick Villafuerte\",\"image\":{\"@type\":\"ImageObject\",\"inLanguage\":\"es\",\"@id\":\"https:\\\/\\\/www.quebakan.com\\\/v15\\\/wp-content\\\/uploads\\\/avatars\\\/4\\\/1731297654-bpfull.png\",\"url\":\"https:\\\/\\\/www.quebakan.com\\\/v15\\\/wp-content\\\/uploads\\\/avatars\\\/4\\\/1731297654-bpfull.png\",\"contentUrl\":\"https:\\\/\\\/www.quebakan.com\\\/v15\\\/wp-content\\\/uploads\\\/avatars\\\/4\\\/1731297654-bpfull.png\",\"caption\":\"Erick Villafuerte\"}}]}<\/script>\n<!-- \/ Yoast SEO plugin. -->","yoast_head_json":{"title":"BANCO BOLIVARIANO Y FUNDACI\u00d3N REDNI COMPROMETIDOS EN COMBATIR LA DESNUTRICI\u00d3N INFANTIL EN EL PA\u00cdS &#8211; QUEBAKAN.COM 2026: Noticias, Eventos, Conciertos y mucho m\u00e1s....","robots":{"index":"index","follow":"follow","max-snippet":"max-snippet:-1","max-image-preview":"max-image-preview:large","max-video-preview":"max-video-preview:-1"},"canonical":"https:\/\/www.quebakan.com\/v15\/banco-bolivariano-y-fundacion-redni-comprometidos-en-combatir-la-desnutricion-infantil-en-el-pais\/","og_locale":"es_ES","og_type":"article","og_title":"BANCO BOLIVARIANO Y FUNDACI\u00d3N REDNI COMPROMETIDOS EN COMBATIR LA DESNUTRICI\u00d3N INFANTIL EN EL PA\u00cdS &#8211; QUEBAKAN.COM 2026: Noticias, Eventos, Conciertos y mucho m\u00e1s....","og_description":"Guayaquil, junio del 2024.- Banco Bolivariano contin\u00faa demostrando su compromiso con la responsabilidad social. La instituci\u00f3n se enorgullece en anunciar la publicaci\u00f3n del Informe de Gesti\u00f3n 2023 de Fundaci\u00f3n REDNI, organizaci\u00f3n dedicada a combatir la desnutrici\u00f3n infantil en el pa\u00eds, con la cual el Banco ha colaborado estrechamente aportando y participando en diversas iniciativas para [&hellip;]","og_url":"https:\/\/www.quebakan.com\/v15\/banco-bolivariano-y-fundacion-redni-comprometidos-en-combatir-la-desnutricion-infantil-en-el-pais\/","og_site_name":"QUEBAKAN.COM 2026: Noticias, Eventos, Conciertos y mucho m\u00e1s....","article_publisher":"http:\/\/www.facebook.com\/quebakan","article_published_time":"2024-06-30T04:07:09+00:00","article_modified_time":"2024-09-07T20:15:33+00:00","og_image":[{"width":700,"height":366,"url":"https:\/\/www.quebakan.com\/v15\/wp-content\/uploads\/2024\/06\/REDNI-INFORME.jpg","type":"image\/jpeg"}],"author":"Erick Villafuerte","twitter_card":"summary_large_image","twitter_creator":"@quebakanec","twitter_site":"@quebakanec","twitter_misc":{"Escrito por":"Erick Villafuerte","Tiempo de lectura":"2 minutos"},"schema":{"@context":"https:\/\/schema.org","@graph":[{"@type":"Article","@id":"https:\/\/www.quebakan.com\/v15\/banco-bolivariano-y-fundacion-redni-comprometidos-en-combatir-la-desnutricion-infantil-en-el-pais\/#article","isPartOf":{"@id":"https:\/\/www.quebakan.com\/v15\/banco-bolivariano-y-fundacion-redni-comprometidos-en-combatir-la-desnutricion-infantil-en-el-pais\/"},"author":{"name":"Erick Villafuerte","@id":"https:\/\/www.quebakan.com\/v15\/#\/schema\/person\/d90fa9f9cfa81eb8ace9811e5b7b9118"},"headline":"BANCO BOLIVARIANO Y FUNDACI\u00d3N REDNI COMPROMETIDOS EN COMBATIR LA DESNUTRICI\u00d3N INFANTIL EN EL PA\u00cdS","datePublished":"2024-06-30T04:07:09+00:00","dateModified":"2024-09-07T20:15:33+00:00","mainEntityOfPage":{"@id":"https:\/\/www.quebakan.com\/v15\/banco-bolivariano-y-fundacion-redni-comprometidos-en-combatir-la-desnutricion-infantil-en-el-pais\/"},"wordCount":218,"publisher":{"@id":"https:\/\/www.quebakan.com\/v15\/#organization"},"image":{"@id":"https:\/\/www.quebakan.com\/v15\/banco-bolivariano-y-fundacion-redni-comprometidos-en-combatir-la-desnutricion-infantil-en-el-pais\/#primaryimage"},"thumbnailUrl":"https:\/\/www.quebakan.com\/v15\/wp-content\/uploads\/2024\/06\/REDNI-INFORME.jpg","articleSection":["Noticias"],"inLanguage":"es"},{"@type":"WebPage","@id":"https:\/\/www.quebakan.com\/v15\/banco-bolivariano-y-fundacion-redni-comprometidos-en-combatir-la-desnutricion-infantil-en-el-pais\/","url":"https:\/\/www.quebakan.com\/v15\/banco-bolivariano-y-fundacion-redni-comprometidos-en-combatir-la-desnutricion-infantil-en-el-pais\/","name":"BANCO BOLIVARIANO Y FUNDACI\u00d3N REDNI COMPROMETIDOS EN COMBATIR LA DESNUTRICI\u00d3N INFANTIL EN EL PA\u00cdS &#8211; QUEBAKAN.COM 2026: Noticias, Eventos, Conciertos y mucho m\u00e1s....","isPartOf":{"@id":"https:\/\/www.quebakan.com\/v15\/#website"},"primaryImageOfPage":{"@id":"https:\/\/www.quebakan.com\/v15\/banco-bolivariano-y-fundacion-redni-comprometidos-en-combatir-la-desnutricion-infantil-en-el-pais\/#primaryimage"},"image":{"@id":"https:\/\/www.quebakan.com\/v15\/banco-bolivariano-y-fundacion-redni-comprometidos-en-combatir-la-desnutricion-infantil-en-el-pais\/#primaryimage"},"thumbnailUrl":"https:\/\/www.quebakan.com\/v15\/wp-content\/uploads\/2024\/06\/REDNI-INFORME.jpg","datePublished":"2024-06-30T04:07:09+00:00","dateModified":"2024-09-07T20:15:33+00:00","breadcrumb":{"@id":"https:\/\/www.quebakan.com\/v15\/banco-bolivariano-y-fundacion-redni-comprometidos-en-combatir-la-desnutricion-infantil-en-el-pais\/#breadcrumb"},"inLanguage":"es","potentialAction":[{"@type":"ReadAction","target":["https:\/\/www.quebakan.com\/v15\/banco-bolivariano-y-fundacion-redni-comprometidos-en-combatir-la-desnutricion-infantil-en-el-pais\/"]}]},{"@type":"ImageObject","inLanguage":"es","@id":"https:\/\/www.quebakan.com\/v15\/banco-bolivariano-y-fundacion-redni-comprometidos-en-combatir-la-desnutricion-infantil-en-el-pais\/#primaryimage","url":"https:\/\/www.quebakan.com\/v15\/wp-content\/uploads\/2024\/06\/REDNI-INFORME.jpg","contentUrl":"https:\/\/www.quebakan.com\/v15\/wp-content\/uploads\/2024\/06\/REDNI-INFORME.jpg","width":700,"height":366},{"@type":"BreadcrumbList","@id":"https:\/\/www.quebakan.com\/v15\/banco-bolivariano-y-fundacion-redni-comprometidos-en-combatir-la-desnutricion-infantil-en-el-pais\/#breadcrumb","itemListElement":[{"@type":"ListItem","position":1,"name":"Portada","item":"https:\/\/www.quebakan.com\/v15\/"},{"@type":"ListItem","position":2,"name":"BANCO BOLIVARIANO Y FUNDACI\u00d3N REDNI COMPROMETIDOS EN COMBATIR LA DESNUTRICI\u00d3N INFANTIL EN EL PA\u00cdS"}]},{"@type":"WebSite","@id":"https:\/\/www.quebakan.com\/v15\/#website","url":"https:\/\/www.quebakan.com\/v15\/","name":"QUEBAKAN","description":"..","publisher":{"@id":"https:\/\/www.quebakan.com\/v15\/#organization"},"potentialAction":[{"@type":"SearchAction","target":{"@type":"EntryPoint","urlTemplate":"https:\/\/www.quebakan.com\/v15\/?s={search_term_string}"},"query-input":{"@type":"PropertyValueSpecification","valueRequired":true,"valueName":"search_term_string"}}],"inLanguage":"es"},{"@type":"Organization","@id":"https:\/\/www.quebakan.com\/v15\/#organization","name":"Quebakan.com","url":"https:\/\/www.quebakan.com\/v15\/","logo":{"@type":"ImageObject","inLanguage":"es","@id":"https:\/\/www.quebakan.com\/v15\/#\/schema\/logo\/image\/","url":"https:\/\/www.quebakan.com\/v15\/wp-content\/uploads\/2023\/07\/logoquebakanenero2021.jpg","contentUrl":"https:\/\/www.quebakan.com\/v15\/wp-content\/uploads\/2023\/07\/logoquebakanenero2021.jpg","width":1920,"height":1080,"caption":"Quebakan.com"},"image":{"@id":"https:\/\/www.quebakan.com\/v15\/#\/schema\/logo\/image\/"},"sameAs":["http:\/\/www.facebook.com\/quebakan","https:\/\/x.com\/quebakanec","http:\/\/www.instagram.com\/quebakan","http:\/\/www.youtube.com\/quebakan1"]},{"@type":"Person","@id":"https:\/\/www.quebakan.com\/v15\/#\/schema\/person\/d90fa9f9cfa81eb8ace9811e5b7b9118","name":"Erick Villafuerte","image":{"@type":"ImageObject","inLanguage":"es","@id":"https:\/\/www.quebakan.com\/v15\/wp-content\/uploads\/avatars\/4\/1731297654-bpfull.png","url":"https:\/\/www.quebakan.com\/v15\/wp-content\/uploads\/avatars\/4\/1731297654-bpfull.png","contentUrl":"https:\/\/www.quebakan.com\/v15\/wp-content\/uploads\/avatars\/4\/1731297654-bpfull.png","caption":"Erick Villafuerte"}}]}},"_links":{"self":[{"href":"https:\/\/www.quebakan.com\/v15\/wp-json\/wp\/v2\/posts\/120709","targetHints":{"allow":["GET"]}}],"collection":[{"href":"https:\/\/www.quebakan.com\/v15\/wp-json\/wp\/v2\/posts"}],"about":[{"href":"https:\/\/www.quebakan.com\/v15\/wp-json\/wp\/v2\/types\/post"}],"author":[{"embeddable":true,"href":"https:\/\/www.quebakan.com\/v15\/wp-json\/wp\/v2\/users\/4"}],"replies":[{"embeddable":true,"href":"https:\/\/www.quebakan.com\/v15\/wp-json\/wp\/v2\/comments?post=120709"}],"version-history":[{"count":1,"href":"https:\/\/www.quebakan.com\/v15\/wp-json\/wp\/v2\/posts\/120709\/revisions"}],"predecessor-version":[{"id":120711,"href":"https:\/\/www.quebakan.com\/v15\/wp-json\/wp\/v2\/posts\/120709\/revisions\/120711"}],"wp:featuredmedia":[{"embeddable":true,"href":"https:\/\/www.quebakan.com\/v15\/wp-json\/wp\/v2\/media\/120710"}],"wp:attachment":[{"href":"https:\/\/www.quebakan.com\/v15\/wp-json\/wp\/v2\/media?parent=120709"}],"wp:term":[{"taxonomy":"category","embeddable":true,"href":"https:\/\/www.quebakan.com\/v15\/wp-json\/wp\/v2\/categories?post=120709"},{"taxonomy":"post_tag","embeddable":true,"href":"https:\/\/www.quebakan.com\/v15\/wp-json\/wp\/v2\/tags?post=120709"}],"curies":[{"name":"wp","href":"https:\/\/api.w.org\/{rel}","templated":true}]}}